{"id":53973,"date":"2022-08-12T19:22:12","date_gmt":"2022-08-12T17:22:12","guid":{"rendered":"https:\/\/www.mes-allocs.fr\/guides\/?p=53973"},"modified":"2026-01-30T18:15:38","modified_gmt":"2026-01-30T17:15:38","slug":"caisse-de-retraite-complementaire","status":"publish","type":"post","link":"https:\/\/www.mes-allocs.fr\/guides\/retraite\/retraite-complementaire\/caisse-de-retraite-complementaire\/","title":{"rendered":"Quelles sont les caisses de retraite compl\u00e9mentaire en 2026 ?"},"content":{"rendered":"<p><img loading=\"lazy\" decoding=\"async\" class=\"wp-image-53990 aligncenter\" title=\"caisse de retraite compl\u00e9mentaire\" src=\"https:\/\/www.mes-allocs.fr\/guides\/wp-content\/uploads\/2022\/07\/wesley-tingey-snNHKZ-mGfE-unsplash-e1658156845750-300x86.jpg\" alt=\"caisse de retraite compl\u00e9mentaire\" width=\"830\" height=\"238\" srcset=\"https:\/\/www.mes-allocs.fr\/guides\/wp-content\/uploads\/2022\/07\/wesley-tingey-snNHKZ-mGfE-unsplash-e1658156845750-300x86.jpg 300w, https:\/\/www.mes-allocs.fr\/guides\/wp-content\/uploads\/2022\/07\/wesley-tingey-snNHKZ-mGfE-unsplash-e1658156845750-1024x294.jpg 1024w, https:\/\/www.mes-allocs.fr\/guides\/wp-content\/uploads\/2022\/07\/wesley-tingey-snNHKZ-mGfE-unsplash-e1658156845750-768x221.jpg 768w, https:\/\/www.mes-allocs.fr\/guides\/wp-content\/uploads\/2022\/07\/wesley-tingey-snNHKZ-mGfE-unsplash-e1658156845750-1536x442.jpg 1536w, https:\/\/www.mes-allocs.fr\/guides\/wp-content\/uploads\/2022\/07\/wesley-tingey-snNHKZ-mGfE-unsplash-e1658156845750-600x173.jpg 600w, https:\/\/www.mes-allocs.fr\/guides\/wp-content\/uploads\/2022\/07\/wesley-tingey-snNHKZ-mGfE-unsplash-e1658156845750.jpg 1920w\" sizes=\"auto, (max-width: 830px) 100vw, 830px\" \/><\/p>\n<p style=\"text-align: justify;\"><span style=\"color: #000000;\">[Mis \u00e0 jour le 30\/01\/2026] En plus de la retraite de base, vous cotisez obligatoirement \u00e0 un r\u00e9gime de <a href=\"https:\/\/www.mes-allocs.fr\/guides\/retraite\/retraite-complementaire\/\">retraite compl\u00e9mentaire<\/a>. Ces cotisations vous permettent de b\u00e9n\u00e9ficier, au moment de votre retraite, d&rsquo;une pension compl\u00e9mentaire \u00e0 votre retraite de base de la S\u00e9curit\u00e9 sociale. Mais il existe diff\u00e9rentes <strong>caisses de retraite compl\u00e9mentaire<\/strong>, en fonction de votre activit\u00e9 professionnelle, Alors, comment savoir \u00e0 laquelle vous \u00eates rattach\u00e9(e) ? On vous explique.<\/span><\/p>\n<div class='cta-block'><div class='text'>Simulez votre retraite en 2 min.<\/div><a href='https:\/\/www.mes-allocs.fr\/formulaire\/retraite?utm_source=seo&origin=guides\/wp-json\/wp\/v2\/posts\/53973' class='app-button fit'>Simulation gratuite<\/a><\/div>\n<h1>Quelles sont les caisses de\u00a0 retraite compl\u00e9mentaire ?<\/h1>\n<p><span style=\"font-weight: 400;\">La retraite compl\u00e9mentaire est g\u00e9r\u00e9e par diff\u00e9rentes caisses, selon votre statut professionnel. Les salari\u00e9s du priv\u00e9 cotisent aupr\u00e8s du r\u00e9gime unifi\u00e9 <\/span><b>Agirc-Arrco<\/b><span style=\"font-weight: 400;\">, tandis que les agents publics non titulaires d\u00e9pendent de <\/span><b>l\u2019Ircantec<\/b><span style=\"font-weight: 400;\">. Les ind\u00e9pendants, artisans et commer\u00e7ants cotisent \u00e0 la <\/span><b>SSI<\/b><span style=\"font-weight: 400;\">, et les exploitants agricoles \u00e0 la <\/span><b>MSA<\/b><span style=\"font-weight: 400;\">. Les professions lib\u00e9rales sont affili\u00e9es \u00e0 l\u2019une des dix caisses f\u00e9d\u00e9r\u00e9es par la <\/span><b>CNAVPL<\/b><span style=\"font-weight: 400;\"> ou \u00e0 la <\/span><b>CNBF<\/b><span style=\"font-weight: 400;\"> pour les avocats. Les fonctionnaires cotisent au <\/span><b>RAFP<\/b><span style=\"font-weight: 400;\">, et les ouvriers de l\u2019\u00c9tat au <\/span><b>FSPOEIE<\/b><span style=\"font-weight: 400;\">. D\u2019autres r\u00e9gimes sp\u00e9ciaux couvrent les artistes, marins, cheminots ou encore les salari\u00e9s d&rsquo;entreprises publiques.<\/span><\/p>\n<h1>La caisse de retraite compl\u00e9mentaire Agirc-Arrco, pour les salari\u00e9s du secteur priv\u00e9<\/h1>\n<h2>Qu\u2019est ce que le r\u00e9gime Agirc-Arrco ?<\/h2>\n<p><span style=\"font-weight: 400;\">L\u2019<\/span><span style=\"font-weight: 400;\">Agirc-Arrco<\/span><span style=\"font-weight: 400;\"> est un r\u00e9gime de retraite compl\u00e9mentaire. Ce r\u00e9gime compl\u00e9mentaire est celui auquel tous les<strong> salari\u00e9s du secteur priv\u00e9 cotisent obligatoirement<\/strong>. L\u2019Agirc-Arrco est un r\u00e9gime de retraite avec un <strong>s<\/strong><\/span><strong>yst\u00e8me par points.<\/strong> Cela signifie que vos cotisations sont converties en points.<\/p>\n<p><span style=\"font-weight: 400;\">Lors de votre d\u00e9part en retraite, vos points sont alors reconvertis en <strong>pension<\/strong>.<\/span><\/p>\n<p><span style=\"font-weight: 400;\">Lorsque vous partez en retraite, votre pension de l\u2019<strong>Agirc-Arrco<\/strong> s\u2019ajoute \u00e0 votre pension de retraite de base. Cette pension de retraite de base est vers\u00e9e chaque mois par l\u2019Assurance Vieillesse de la S\u00e9curit\u00e9 Sociale. Le <a href=\"https:\/\/www.mes-allocs.fr\/guides\/retraite\/retraite-complementaire\/retraite-complementaire-arrco-paiement\/\">paiement de la retraite compl\u00e9mentaire Agirc-Arrco<\/a>, lui, intervient chaque mois, trimestre, ann\u00e9e ou en un versement unique.\u00a0\u00a0<\/span><\/p>\n<p><span style=\"font-weight: 400;\">L\u2019Agirc-Arrco est issu de la fusion au 1er janvier 2019 entre l<\/span><b>\u2018<\/b><span style=\"font-weight: 400;\">Association pour le R\u00e9gime de Retraite Compl\u00e9mentaire des Salari\u00e9s (ARRCO) et l\u2019Association G\u00e9n\u00e9rale des Institutions de Retraites des Cadres (AGIRC). Cette fusion est intervenue \u00e0 la suite des accords interprofessionnels du 30 octobre 2015 et du 17 novembre 2017.<\/span><\/p>\n<p><iframe loading=\"lazy\" src=\"\/\/www.youtube.com\/embed\/nZ79Bmawt_M\" width=\"560\" height=\"314\" allowfullscreen=\"allowfullscreen\"><\/iframe><\/p>\n<div id=\"quest-ce-que-larrco-et-lagirc\" class=\"ce_text block\">\n<h2>Le fonctionnement de l\u2019Agirc-Arrco<\/h2>\n<p><span style=\"font-weight: 400;\">Un salari\u00e9 cotise chaque mois pour sa retraite compl\u00e9mentaire.<\/span><\/p>\n<p><span style=\"font-weight: 400;\">L\u2019employeur pr\u00e9l\u00e8ve et d\u00e9clare les <\/span><span style=\"font-weight: 400;\">cotisations<\/span><span style=\"font-weight: 400;\"> aupr\u00e8s des caisses de retraites compl\u00e9mentaires.<\/span><\/p>\n<p><span style=\"font-weight: 400;\">Ces retraites compl\u00e9mentaires sont oblig\u00e9es de :<\/span><\/p>\n<ul>\n<li style=\"font-weight: 400;\" aria-level=\"1\"><span style=\"font-weight: 400;\">transformer les cotisations en points retraite chaque ann\u00e9e<\/span><\/li>\n<li style=\"font-weight: 400;\" aria-level=\"1\"><span style=\"font-weight: 400;\">informer les salari\u00e9s sur leurs droits<\/span><\/li>\n<li style=\"font-weight: 400;\" aria-level=\"1\"><span style=\"font-weight: 400;\">calculer la retraite compl\u00e9mentaires des salari\u00e9s<\/span><\/li>\n<\/ul>\n<h2>Les secteurs concern\u00e9s par cette caisse de retraite compl\u00e9mentaire<\/h2>\n<ul>\n<li style=\"font-weight: 400;\" aria-level=\"1\"><span style=\"font-weight: 400;\">les salari\u00e9s de l\u2019industrie, du commerce et des services<\/span><\/li>\n<li style=\"font-weight: 400;\" aria-level=\"1\"><span style=\"font-weight: 400;\">les salari\u00e9s agricoles<\/span><\/li>\n<li style=\"font-weight: 400;\" aria-level=\"1\"><span style=\"font-weight: 400;\">les membres du culte<\/span><\/li>\n<\/ul>\n<h1>La caisse de retraite compl\u00e9mentaire RAFP, pour les fonctionnaires<\/h1>\n<p class=\"\" data-start=\"198\" data-end=\"403\">La <strong data-start=\"201\" data-end=\"209\">RAFP<\/strong> (Retraite Additionnelle de la Fonction Publique) permet aux <strong data-start=\"270\" data-end=\"288\">fonctionnaires<\/strong> de b\u00e9n\u00e9ficier d\u2019un <strong data-start=\"308\" data-end=\"333\">compl\u00e9ment de pension<\/strong> en plus des r\u00e9gimes de base (vers\u00e9s par la <strong data-start=\"377\" data-end=\"387\">CNRACL<\/strong> ou le <strong data-start=\"394\" data-end=\"401\">SRE<\/strong>).<\/p>\n<p class=\"\" data-start=\"405\" data-end=\"583\">Ce r\u00e9gime fonctionne en <strong data-start=\"429\" data-end=\"447\">capitalisation<\/strong> : chaque agent dispose d\u2019un <strong data-start=\"476\" data-end=\"502\">compte individuel RAFP<\/strong>, accessible via son <strong data-start=\"523\" data-end=\"543\">espace personnel<\/strong>, pour consulter ses <strong data-start=\"564\" data-end=\"582\">points cumul\u00e9s<\/strong>.<\/p>\n<p class=\"\" data-start=\"585\" data-end=\"853\">Les <strong data-start=\"589\" data-end=\"604\">cotisations<\/strong>, d\u00e9clar\u00e9es chaque ann\u00e9e par l\u2019employeur, sont r\u00e9parties \u00e0 parts \u00e9gales entre l\u2019<strong data-start=\"684\" data-end=\"693\">agent<\/strong> et son <strong data-start=\"701\" data-end=\"714\">employeur<\/strong> (soit 5 % au total). Elles sont calcul\u00e9es sur les <strong data-start=\"765\" data-end=\"794\">r\u00e9mun\u00e9rations accessoires<\/strong>, dans la limite de <strong data-start=\"814\" data-end=\"852\">20 % du traitement indiciaire brut<\/strong>.<\/p>\n<p class=\"\" data-start=\"855\" data-end=\"1035\">Les cotisations sont ensuite converties en <strong data-start=\"898\" data-end=\"913\">points RAFP<\/strong>. Le <strong data-start=\"918\" data-end=\"959\">montant de la retraite compl\u00e9mentaire<\/strong> est obtenu en multipliant ces points par la <strong data-start=\"1004\" data-end=\"1034\">valeur de service du point<\/strong>.<\/p>\n<p class=\"\" data-start=\"1037\" data-end=\"1201\">La <strong data-start=\"1040\" data-end=\"1061\">gestion du r\u00e9gime<\/strong> est assur\u00e9e par le <strong data-start=\"1081\" data-end=\"1120\">conseil d\u2019administration de l\u2019ERAFP<\/strong>, qui d\u00e9finit les <strong data-start=\"1138\" data-end=\"1163\">param\u00e8tres techniques<\/strong> et les <strong data-start=\"1171\" data-end=\"1200\">orientations de placement<\/strong>.<\/p>\n<p data-start=\"1037\" data-end=\"1201\"><div class='cta-block'><div class='text'>Simulez votre retraite en 2 min.<\/div><a href='https:\/\/www.mes-allocs.fr\/formulaire\/retraite?utm_source=seo&origin=guides\/wp-json\/wp\/v2\/posts\/53973' class='app-button fit'>Simulation gratuite<\/a><\/div><\/p>\n<h1>La caisse de retraite compl\u00e9mentaire IRCANTEC, pour les fonctionnaires<\/h1>\n<h2>Qui est concern\u00e9 par la caisse de retraite compl\u00e9mentaire IRCANTEC ?<\/h2>\n<p><span style=\"font-weight: 400;\">L\u2019IRCANTEC s\u2019adresse \u00e0 trois grands types de profils :<\/span><\/p>\n<ul>\n<li style=\"font-weight: 400;\" aria-level=\"1\"><b>Les agents contractuels de droit public<\/b><span style=\"font-weight: 400;\"> (fonction publique d\u2019\u00c9tat, territoriale ou hospitali\u00e8re),<\/span><\/li>\n<li style=\"font-weight: 400;\" aria-level=\"1\"><b>Les praticiens hospitaliers<\/b><span style=\"font-weight: 400;\">, salari\u00e9s dans les \u00e9tablissements de sant\u00e9,<\/span><\/li>\n<li style=\"font-weight: 400;\" aria-level=\"1\"><b>Les \u00e9lus locaux<\/b><span style=\"font-weight: 400;\"> percevant des indemnit\u00e9s de fonction soumises \u00e0 cotisations IRCANTEC..<\/span><\/li>\n<\/ul>\n<h2>Comment faire la demande de retraite Ircantec ?<\/h2>\n<h3>Pour les salari\u00e9s de droit public<\/h3>\n<p><span style=\"font-weight: 400;\">Les agents contractuels peuvent :<\/span><\/p>\n<ul>\n<li style=\"font-weight: 400;\" aria-level=\"1\"><b>Faire leur demande en ligne<\/b><span style=\"font-weight: 400;\"> via leur espace personnel<\/span> <span style=\"font-weight: 400;\">Ma retraite publique<\/span><span style=\"font-weight: 400;\">, en se connectant avec France Connect.<\/span><\/li>\n<li style=\"font-weight: 400;\" aria-level=\"1\"><b>Contacter l\u2019Agirc-Arrco<\/b><span style=\"font-weight: 400;\"> au 0 970 660 660 (appel non surtax\u00e9) pour initier la demande. Un rendez-vous peut \u00eatre propos\u00e9.<\/span><\/li>\n<li style=\"font-weight: 400;\" aria-level=\"1\"><b>Remplir un formulaire de contact<\/b><span style=\"font-weight: 400;\"> dans leur espace personnel pour recevoir un dossier personnalis\u00e9, \u00e0 retourner une fois compl\u00e9t\u00e9, sign\u00e9 et accompagn\u00e9 des justificatifs n\u00e9cessaires.<\/span><\/li>\n<\/ul>\n<h3>Pour les praticiens hospitaliers<\/h3>\n<p class=\"\" data-start=\"1800\" data-end=\"1848\">En tant que praticien hospitalier, vous pouvez :<\/p>\n<ul data-start=\"1849\" data-end=\"2143\">\n<li class=\"\" data-start=\"1849\" data-end=\"1934\">\n<p class=\"\" data-start=\"1851\" data-end=\"1934\"><strong data-start=\"1851\" data-end=\"1887\">Effectuer votre demande en ligne<\/strong>, via Ma retraite publique avec France Connect.<\/p>\n<\/li>\n<li class=\"\" data-start=\"1935\" data-end=\"1995\">\n<p class=\"\" data-start=\"1937\" data-end=\"1995\"><strong data-start=\"1937\" data-end=\"1967\">Demander un dossier papier<\/strong> via le formulaire courriel.<\/p>\n<\/li>\n<li class=\"\" data-start=\"1996\" data-end=\"2094\">\n<p class=\"\" data-start=\"1998\" data-end=\"2094\"><strong data-start=\"1998\" data-end=\"2021\">\u00c9crire \u00e0 l&rsquo;Ircantec<\/strong> :<br data-start=\"2023\" data-end=\"2026\" \/><em data-start=\"2028\" data-end=\"2092\">Ircantec \u2013 24 rue Louis Gain \u2013 BP 80726 \u2013 49939 ANGERS CEDEX 9<\/em><\/p>\n<\/li>\n<li class=\"\" data-start=\"2095\" data-end=\"2143\">\n<p class=\"\" data-start=\"2097\" data-end=\"2143\"><strong data-start=\"2097\" data-end=\"2127\">Contacter un conseiller au<\/strong> 02 41 05 25 26.<\/p>\n<\/li>\n<\/ul>\n<h3>Pour les \u00e9lus locaux<\/h3>\n<p class=\"\" data-start=\"2177\" data-end=\"2527\">Pour b\u00e9n\u00e9ficier de la retraite IRCANTEC en tant qu\u2019\u00e9lu local, vous devez avoir cess\u00e9 toutes les fonctions \u00e9lectives indemnis\u00e9es d\u2019une m\u00eame <strong data-start=\"2316\" data-end=\"2339\">cat\u00e9gorie de mandat<\/strong> (communal, d\u00e9partemental, r\u00e9gional, etc.). Il est possible de cumuler une pension pour un mandat termin\u00e9 et continuer \u00e0 cotiser pour un mandat en cours, s\u2019il rel\u00e8ve d\u2019une autre cat\u00e9gorie.<\/p>\n<ul>\n<li data-start=\"2560\" data-end=\"2630\">Faire la demande en ligne via Ma retraite publique (France Connect),<\/li>\n<li data-start=\"2635\" data-end=\"2778\">Ou demander un dossier via le formulaire de contact \u00e0 compl\u00e9ter et envoyer \u00e0 :<br data-start=\"2713\" data-end=\"2716\" \/><em data-start=\"2720\" data-end=\"2778\">Ircantec \u2013 Unit\u00e9 \u00c9lus \u2013 BP 80726 \u2013 49939 ANGERS CEDEX 9.<\/em><\/li>\n<\/ul>\n<h1>La caisse de retraite compl\u00e9mentaire du personnel navigant professionnel de l\u2019a\u00e9ronautique civile (CRPN)<strong><br \/>\n<\/strong><\/h1>\n<p class=\"\" data-start=\"190\" data-end=\"395\">La <strong data-start=\"193\" data-end=\"201\">CRPN<\/strong> (Caisse de Retraite du Personnel Navigant) g\u00e8re un <strong data-start=\"253\" data-end=\"278\">r\u00e9gime compl\u00e9mentaire<\/strong> aux r\u00e9gimes de base, de nature <strong data-start=\"310\" data-end=\"325\">obligatoire<\/strong>, <strong data-start=\"327\" data-end=\"344\">r\u00e9glementaire<\/strong> et <strong data-start=\"348\" data-end=\"360\">autonome<\/strong>, fonctionnant par <strong data-start=\"379\" data-end=\"394\">r\u00e9partition<\/strong>.<\/p>\n<p class=\"\" data-start=\"397\" data-end=\"441\">Elle administre <strong data-start=\"413\" data-end=\"439\">quatre fonds distincts<\/strong> :<\/p>\n<ul data-start=\"443\" data-end=\"952\">\n<li class=\"\" data-start=\"443\" data-end=\"573\">\n<p class=\"\" data-start=\"445\" data-end=\"573\">Le <strong data-start=\"448\" data-end=\"469\">fonds de retraite<\/strong>, qui verse des <strong data-start=\"485\" data-end=\"497\">pensions<\/strong> et <strong data-start=\"501\" data-end=\"518\">bonifications<\/strong> aux anciens <strong data-start=\"531\" data-end=\"544\">navigants<\/strong> et \u00e0 leurs <strong data-start=\"556\" data-end=\"572\">ayants droit<\/strong>.<\/p>\n<\/li>\n<li class=\"\" data-start=\"443\" data-end=\"573\">\n<p class=\"\" data-start=\"445\" data-end=\"573\">Le <strong data-start=\"579\" data-end=\"602\">fonds de majoration<\/strong>, qui attribue des <strong data-start=\"621\" data-end=\"648\">majorations temporaires<\/strong>.<\/p>\n<\/li>\n<li class=\"\" data-start=\"650\" data-end=\"847\">\n<p class=\"\" data-start=\"652\" data-end=\"847\">Le <strong data-start=\"655\" data-end=\"676\">fonds d\u2019assurance<\/strong>, qui accorde des <strong data-start=\"694\" data-end=\"719\">indemnit\u00e9s en capital<\/strong> en cas de <strong data-start=\"730\" data-end=\"758\">d\u00e9c\u00e8s en accident a\u00e9rien<\/strong>, d\u2019<strong data-start=\"762\" data-end=\"787\">inaptitude d\u00e9finitive<\/strong> ou de cessation d\u2019activit\u00e9 imputable au <strong data-start=\"828\" data-end=\"846\">service a\u00e9rien<\/strong>.<\/p>\n<\/li>\n<li class=\"\" data-start=\"848\" data-end=\"952\">\n<p class=\"\" data-start=\"850\" data-end=\"952\">Le <strong data-start=\"853\" data-end=\"869\">fonds social<\/strong>, qui peut octroyer des <strong data-start=\"893\" data-end=\"918\">secours exceptionnels<\/strong>, apr\u00e8s avis d\u2019une <strong data-start=\"937\" data-end=\"951\">commission<\/strong>.<\/p>\n<\/li>\n<\/ul>\n<h1>La caisse de retraite compl\u00e9mentaire des artistes-auteurs (IRCEC)<\/h1>\n<p class=\"\" data-start=\"1022\" data-end=\"1178\">L\u2019<strong data-start=\"1024\" data-end=\"1033\">IRCEC<\/strong> g\u00e8re les <strong data-start=\"1043\" data-end=\"1081\">r\u00e9gimes de retraite compl\u00e9mentaire<\/strong> des <strong data-start=\"1086\" data-end=\"1106\">artistes-auteurs<\/strong>, relevant de l\u2019article <strong data-start=\"1130\" data-end=\"1142\">L 382-12<\/strong> du <strong data-start=\"1146\" data-end=\"1177\">Code de la S\u00e9curit\u00e9 sociale<\/strong>.<\/p>\n<p class=\"\" data-start=\"1180\" data-end=\"1223\">Elle administre trois r\u00e9gimes sp\u00e9cifiques :<\/p>\n<ul data-start=\"1225\" data-end=\"1266\">\n<li class=\"\" data-start=\"1225\" data-end=\"1238\">\n<p class=\"\" data-start=\"1227\" data-end=\"1238\">Le <strong data-start=\"1230\" data-end=\"1238\">RAAP<\/strong><\/p>\n<\/li>\n<li class=\"\" data-start=\"1239\" data-end=\"1252\">\n<p class=\"\" data-start=\"1241\" data-end=\"1252\">Le <strong data-start=\"1244\" data-end=\"1252\">RACD<\/strong><\/p>\n<\/li>\n<li class=\"\" data-start=\"1253\" data-end=\"1266\">\n<p class=\"\" data-start=\"1255\" data-end=\"1266\">Le <strong data-start=\"1258\" data-end=\"1266\">RACL<\/strong><\/p>\n<\/li>\n<\/ul>\n<p class=\"\" data-start=\"1268\" data-end=\"1422\">Ces r\u00e9gimes sont fix\u00e9s par <strong data-start=\"1295\" data-end=\"1305\">d\u00e9cret<\/strong> et <strong data-start=\"1309\" data-end=\"1319\">arr\u00eat\u00e9<\/strong>, et leur <strong data-start=\"1329\" data-end=\"1369\">gestion administrative et financi\u00e8re<\/strong> est encadr\u00e9e par le <strong data-start=\"1390\" data-end=\"1421\">Code de la S\u00e9curit\u00e9 sociale<\/strong>.<\/p>\n<p class=\"\" data-start=\"1424\" data-end=\"1636\">L\u2019IRCEC dispose de <strong data-start=\"1443\" data-end=\"1481\">pr\u00e9rogatives de puissance publique<\/strong>, permettant notamment \u00e0 son directeur d\u2019\u00e9mettre des <strong data-start=\"1534\" data-end=\"1558\">contraintes directes<\/strong>. Les <strong data-start=\"1564\" data-end=\"1579\">cotisations<\/strong> sont <strong data-start=\"1585\" data-end=\"1601\">obligatoires<\/strong> pour les professionnels concern\u00e9s.<\/p>\n<div class='cta-block'><div class='text'>Simulez votre retraite en 2 min.<\/div><a href='https:\/\/www.mes-allocs.fr\/formulaire\/retraite?utm_source=seo&origin=guides\/wp-json\/wp\/v2\/posts\/53973' class='app-button fit'>Simulation gratuite<\/a><\/div>\n<\/div>\n","protected":false},"excerpt":{"rendered":"<p>[Mis \u00e0 jour le 30\/01\/2026] En plus de la retraite de base, vous cotisez obligatoirement \u00e0 un r\u00e9gime de retraite compl\u00e9mentaire. Ces cotisations vous permettent de b\u00e9n\u00e9ficier, au moment de votre retraite, d&rsquo;une pension compl\u00e9mentaire \u00e0 votre retraite de base de la S\u00e9curit\u00e9 sociale. Mais il existe diff\u00e9rentes caisses de retraite compl\u00e9mentaire, en fonction de [&hellip;]<\/p>\n","protected":false},"author":13,"featured_media":53990,"comment_status":"closed","ping_status":"open","sticky":false,"template":"","format":"standard","meta":{"amp_status":"","footnotes":""},"categories":[19177,21810],"tags":[],"class_list":["post-53973","post","type-post","status-publish","format-standard","has-post-thumbnail","hentry","category-retraite","category-retraite-complementaire"],"yoast_head":"<!-- This site is optimized with the Yoast SEO plugin v14.9 - https:\/\/yoast.com\/wordpress\/plugins\/seo\/ -->\n<title>Quelles sont les caisses de retraite compl\u00e9mentaire en 2026 ?<\/title>\n<meta name=\"description\" content=\"Vous souhaitez percevoir une pension de retraite compl\u00e9mentaire ? Mes Allocs vous explique les caisses de retraite existantes en 2026.\" \/>\n<meta name=\"robots\" content=\"index, follow, max-snippet:-1, max-image-preview:large, max-video-preview:-1\" \/>\n<link rel=\"canonical\" href=\"https:\/\/www.mes-allocs.fr\/guides\/retraite\/retraite-complementaire\/caisse-de-retraite-complementaire\/\" \/>\n<meta property=\"og:locale\" content=\"fr_FR\" \/>\n<meta property=\"og:type\" content=\"article\" \/>\n<meta property=\"og:title\" content=\"Quelles sont les caisses de retraite compl\u00e9mentaire en 2026 ?\" \/>\n<meta property=\"og:description\" content=\"Vous souhaitez percevoir une pension de retraite compl\u00e9mentaire ? Mes Allocs vous explique les caisses de retraite existantes en 2026.\" \/>\n<meta property=\"og:url\" content=\"https:\/\/www.mes-allocs.fr\/guides\/retraite\/retraite-complementaire\/caisse-de-retraite-complementaire\/\" \/>\n<meta property=\"og:site_name\" content=\"Mes-Allocs.fr\" \/>\n<meta property=\"article:published_time\" content=\"2022-08-12T17:22:12+00:00\" \/>\n<meta property=\"article:modified_time\" content=\"2026-01-30T17:15:38+00:00\" \/>\n<meta property=\"og:image\" content=\"https:\/\/www.mes-allocs.fr\/guides\/wp-content\/uploads\/2022\/07\/wesley-tingey-snNHKZ-mGfE-unsplash-e1658156845750.jpg?wsr\" \/>\n\t<meta property=\"og:image:width\" content=\"1920\" \/>\n\t<meta property=\"og:image:height\" content=\"552\" \/>\n<meta name=\"twitter:card\" content=\"summary_large_image\" \/>\n<script type=\"application\/ld+json\" class=\"yoast-schema-graph\">{\"@context\":\"https:\/\/schema.org\",\"@graph\":[{\"@type\":\"WebSite\",\"@id\":\"https:\/\/www.mes-allocs.fr\/guides\/#website\",\"url\":\"https:\/\/www.mes-allocs.fr\/guides\/\",\"name\":\"Mes-Allocs.fr\",\"description\":\"\",\"potentialAction\":[{\"@type\":\"SearchAction\",\"target\":\"https:\/\/www.mes-allocs.fr\/guides\/?s={search_term_string}\",\"query-input\":\"required name=search_term_string\"}],\"inLanguage\":\"fr-FR\"},{\"@type\":\"ImageObject\",\"@id\":\"https:\/\/www.mes-allocs.fr\/guides\/retraite\/retraite-complementaire\/caisse-de-retraite-complementaire\/#primaryimage\",\"inLanguage\":\"fr-FR\",\"url\":\"https:\/\/www.mes-allocs.fr\/guides\/wp-content\/uploads\/2022\/07\/wesley-tingey-snNHKZ-mGfE-unsplash-e1658156845750.jpg?wsr\",\"width\":1920,\"height\":552,\"caption\":\"caisse de retraite compl\\u00e9mentaire\"},{\"@type\":\"WebPage\",\"@id\":\"https:\/\/www.mes-allocs.fr\/guides\/retraite\/retraite-complementaire\/caisse-de-retraite-complementaire\/#webpage\",\"url\":\"https:\/\/www.mes-allocs.fr\/guides\/retraite\/retraite-complementaire\/caisse-de-retraite-complementaire\/\",\"name\":\"Quelles sont les caisses de retraite compl\\u00e9mentaire en 2026 ?\",\"isPartOf\":{\"@id\":\"https:\/\/www.mes-allocs.fr\/guides\/#website\"},\"primaryImageOfPage\":{\"@id\":\"https:\/\/www.mes-allocs.fr\/guides\/retraite\/retraite-complementaire\/caisse-de-retraite-complementaire\/#primaryimage\"},\"datePublished\":\"2022-08-12T17:22:12+00:00\",\"dateModified\":\"2026-01-30T17:15:38+00:00\",\"author\":{\"@id\":\"https:\/\/www.mes-allocs.fr\/guides\/#\/schema\/person\/c22c1269332026958a3b5505f80b5404\"},\"description\":\"Vous souhaitez percevoir une pension de retraite compl\\u00e9mentaire ? Mes Allocs vous explique les caisses de retraite existantes en 2026.\",\"inLanguage\":\"fr-FR\"},{\"@type\":\"Person\",\"@id\":\"https:\/\/www.mes-allocs.fr\/guides\/#\/schema\/person\/c22c1269332026958a3b5505f80b5404\",\"name\":\"Flavien Fritz\",\"image\":{\"@type\":\"ImageObject\",\"@id\":\"https:\/\/www.mes-allocs.fr\/guides\/#personlogo\",\"inLanguage\":\"fr-FR\",\"url\":\"https:\/\/www.mes-allocs.fr\/guides\/wp-content\/uploads\/2021\/11\/Flavien-1-150x150.png\",\"caption\":\"Flavien Fritz\"},\"description\":\"Flavien est r\\u00e9dacteur au sein de l'\\u00e9quipe Mes Allocs, sp\\u00e9cialis\\u00e9 en droit priv\\u00e9. Dipl\\u00f4m\\u00e9 de l'Institut Catholique de Vend\\u00e9e, il rejoint Mes Allocs apr\\u00e8s une premi\\u00e8re exp\\u00e9rience entrepreneuriale.\",\"sameAs\":[\"https:\/\/fr.linkedin.com\/in\/flavienfritz\"]}]}<\/script>\n<!-- \/ Yoast SEO plugin. -->","amp_validity":null,"acf":{"faq":{"1":{"question":"Comment fonctionne la retraite compl\u00e9mentaire ?","answer":"La retraite compl\u00e9mentaire se calcule en points. Selon les cotisations vers\u00e9es, un certain nombre de points sont acquis.\r\n"},"2":{"question":"Qu'est-ce que la RAFP ?","answer":"La RAFP permet aux fonctionnaires de disposer d\u2019un compl\u00e9ment \u00e0 la pension vers\u00e9e par les r\u00e9gimes de base de la fonction publique.\r\n\r\n"},"3":{"question":"Qu'est-ce que la CRPN ?","answer":"La CRPN g\u00e8re le r\u00e9gime de retraite, compl\u00e9mentaire aux r\u00e9gimes de base des salari\u00e9s, de nature r\u00e9glementaire, obligatoire et autonome, qui fonctionne par r\u00e9partition.\r\n\r\n"},"4":{"question":"","answer":""},"5":{"question":"","answer":""},"6":{"question":"","answer":""},"7":{"question":"","answer":""},"8":{"question":"","answer":""},"9":{"question":"","answer":""},"10":{"question":"","answer":""},"11":{"question":"","answer":""},"12":{"question":"","answer":""},"13":{"question":"","answer":""},"14":{"question":"","answer":""},"15":{"question":"","answer":""},"16":{"question":"","answer":""}}},"_links":{"self":[{"href":"https:\/\/www.mes-allocs.fr\/guides\/wp-json\/wp\/v2\/posts\/53973","targetHints":{"allow":["GET"]}}],"collection":[{"href":"https:\/\/www.mes-allocs.fr\/guides\/wp-json\/wp\/v2\/posts"}],"about":[{"href":"https:\/\/www.mes-allocs.fr\/guides\/wp-json\/wp\/v2\/types\/post"}],"author":[{"embeddable":true,"href":"https:\/\/www.mes-allocs.fr\/guides\/wp-json\/wp\/v2\/users\/13"}],"replies":[{"embeddable":true,"href":"https:\/\/www.mes-allocs.fr\/guides\/wp-json\/wp\/v2\/comments?post=53973"}],"version-history":[{"count":19,"href":"https:\/\/www.mes-allocs.fr\/guides\/wp-json\/wp\/v2\/posts\/53973\/revisions"}],"predecessor-version":[{"id":108812,"href":"https:\/\/www.mes-allocs.fr\/guides\/wp-json\/wp\/v2\/posts\/53973\/revisions\/108812"}],"wp:featuredmedia":[{"embeddable":true,"href":"https:\/\/www.mes-allocs.fr\/guides\/wp-json\/wp\/v2\/media\/53990"}],"wp:attachment":[{"href":"https:\/\/www.mes-allocs.fr\/guides\/wp-json\/wp\/v2\/media?parent=53973"}],"wp:term":[{"taxonomy":"category","embeddable":true,"href":"https:\/\/www.mes-allocs.fr\/guides\/wp-json\/wp\/v2\/categories?post=53973"},{"taxonomy":"post_tag","embeddable":true,"href":"https:\/\/www.mes-allocs.fr\/guides\/wp-json\/wp\/v2\/tags?post=53973"}],"curies":[{"name":"wp","href":"https:\/\/api.w.org\/{rel}","templated":true}]}}