{"id":53945,"date":"2022-10-27T14:10:23","date_gmt":"2022-10-27T12:10:23","guid":{"rendered":"https:\/\/www.mes-allocs.fr\/guides\/?p=53945"},"modified":"2025-06-05T08:58:02","modified_gmt":"2025-06-05T06:58:02","slug":"actualisation-pole-emploi-et-conges-payes","status":"publish","type":"post","link":"https:\/\/www.mes-allocs.fr\/guides\/chomage\/pole-emploi-actualisation\/actualisation-pole-emploi-et-conges-payes\/","title":{"rendered":"Actualisation France Travail et cong\u00e9s pay\u00e9s"},"content":{"rendered":"<p style=\"text-align: justify;\"><img loading=\"lazy\" decoding=\"async\" class=\"alignnone wp-image-53954 size-full\" title=\"Actualisation Pole Emploi et conges payes\" src=\"https:\/\/www.mes-allocs.fr\/guides\/wp-content\/uploads\/2022\/07\/Actualisation-Pole-Emploi-et-conges-payes-3-scaled-e1657898961177.jpg\" alt=\"Actualisation Pole Emploi et conges payes\" width=\"2560\" height=\"486\" srcset=\"https:\/\/www.mes-allocs.fr\/guides\/wp-content\/uploads\/2022\/07\/Actualisation-Pole-Emploi-et-conges-payes-3-scaled-e1657898961177.jpg 2560w, https:\/\/www.mes-allocs.fr\/guides\/wp-content\/uploads\/2022\/07\/Actualisation-Pole-Emploi-et-conges-payes-3-scaled-e1657898961177-300x57.jpg 300w, https:\/\/www.mes-allocs.fr\/guides\/wp-content\/uploads\/2022\/07\/Actualisation-Pole-Emploi-et-conges-payes-3-scaled-e1657898961177-1024x194.jpg 1024w, https:\/\/www.mes-allocs.fr\/guides\/wp-content\/uploads\/2022\/07\/Actualisation-Pole-Emploi-et-conges-payes-3-scaled-e1657898961177-768x146.jpg 768w, https:\/\/www.mes-allocs.fr\/guides\/wp-content\/uploads\/2022\/07\/Actualisation-Pole-Emploi-et-conges-payes-3-scaled-e1657898961177-1536x292.jpg 1536w, https:\/\/www.mes-allocs.fr\/guides\/wp-content\/uploads\/2022\/07\/Actualisation-Pole-Emploi-et-conges-payes-3-scaled-e1657898961177-2048x389.jpg 2048w, https:\/\/www.mes-allocs.fr\/guides\/wp-content\/uploads\/2022\/07\/Actualisation-Pole-Emploi-et-conges-payes-3-scaled-e1657898961177-600x114.jpg 600w\" sizes=\"auto, (max-width: 2560px) 100vw, 2560px\" \/><\/p>\n<p>M\u00eame en tant que demandeur d\u2019emploi, vous avez droit \u00e0 des cong\u00e9s. Et ce, sans perdre votre allocation <a href=\"https:\/\/www.mes-allocs.fr\/guides\/chomage\/\">ch\u00f4mage<\/a>. Pour que cette p\u00e9riode de vacance ne devienne pas un motif de sanction, certaines r\u00e8gles doivent \u00eatre respect\u00e9es. Dans cet article, d\u00e9couvrez comment d\u00e9clarer vos <b>cong\u00e9s pay\u00e9s lors de votre actualisation France Travail<\/b> et l\u2019impact sur vos droits.<\/p>\n<div class='cta-block'><div class='text'>Simulez toutes vos aides en 2 min.<\/div><a href='https:\/\/www.mes-allocs.fr\/ab-app?origin=guides\/wp-json\/wp\/v2\/posts\/53945' class='app-button fit'>Simulation gratuite<\/a><\/div>\n<h1>Ch\u00f4mage et droit aux vacances : ce qu\u2019il faut savoir<\/h1>\n<p>En tant que demandeur d\u2019emploi indemnis\u00e9 par France Travail (anciennement P\u00f4le Emploi), vous pouvez b\u00e9n\u00e9ficier d\u2019un<b> droit aux vacances<\/b>, comme un salari\u00e9, soit 35 jours par an. Ce droit est le m\u00eame pour tous les demandeurs d\u2019emploi indemnis\u00e9s, sans condition d\u2019anciennet\u00e9 d\u2019inscription. Durant cette p\u00e9riode, vous continuez \u00e0 percevoir vos allocations ch\u00f4mage mais il est <b>obligatoire d\u2019en informer France Travail<\/b> \u00e0 partir du moment o\u00f9 vous \u00eates absent de votre lieu de r\u00e9sidence.<\/p>\n<h1>Pourquoi est-il obligatoire de d\u00e9clarer ses cong\u00e9s ?<\/h1>\n<p>Il est obligatoire de d\u00e9clarer vos cong\u00e9s car :<\/p>\n<ul>\n<li aria-level=\"1\">Vous <b>restez en r\u00e8gle<\/b> avec vos obligations de demandeur d\u2019emploi.<\/li>\n<li aria-level=\"1\">France Travail doit s\u2019assurer que vous<b> restez disponible <\/b>pour occuper un emploi.<\/li>\n<li aria-level=\"1\">La d\u00e9claration permet aussi d<b>\u2019\u00e9viter de manquer des opportunit\u00e9s professionnelles ou des rendez-vous importants<\/b>.<\/li>\n<\/ul>\n<h1>Comment d\u00e9clarer des cong\u00e9s pay\u00e9s lors de l\u2019actualisation France Travail ?<\/h1>\n<h2>Qu\u2019est-ce qu\u2019un cong\u00e9 pay\u00e9 pour un demandeur d\u2019emploi ?<\/h2>\n<h3>Quelle diff\u00e9rence entre cong\u00e9 pay\u00e9, absence et indisponibilit\u00e9 ?<\/h3>\n<p>Le<b> cong\u00e9 pay\u00e9 <\/b>est une absence d\u00e9clar\u00e9e \u00e0 France Travail, limit\u00e9e \u00e0 <b>35 jours par an<\/b>, pendant laquelle vous continuez \u00e0 percevoir vos allocations ch\u00f4mage. L\u2019<b>absence<\/b> repr\u00e9sente toutes les p\u00e9riodes o\u00f9 vous quittez votre r\u00e9sidence habituelle, peu importe le motif. Si cette absence d\u00e9passe <b>7 jours <\/b>alors elle doit \u00eatre d\u00e9clar\u00e9e comme un cong\u00e9. En ce qui concerne <b>l\u2019indisponibilit\u00e9<\/b>, il s\u2019agit d\u2019une situation o\u00f9 v<b>ous ne pouvez plus \u00eatre consid\u00e9r\u00e9 comme disponible<\/b> pour occuper un emploi.<\/p>\n<h3>Combien de jours de cong\u00e9s pouvez-vous prendre en tant que demandeur d\u2019emploi ?<\/h3>\n<p>Comme mentionn\u00e9 pr\u00e9c\u00e9demment, vous pouvez prendre jusqu\u2019\u00e0 35 jours calendaires de cong\u00e9s par an, donc <b>5 semaines du 1er janvier au 31 d\u00e9cembre<\/b>, tout en continuant de recevoir vos allocations ch\u00f4mage.<\/p>\n<h3>Quelles cons\u00e9quences si vous d\u00e9clarez plus de 35 jours de cong\u00e9s par an ?<\/h3>\n<p>Ainsi, si vous d\u00e9clarez plus 35 jours d\u2019absence sur une ann\u00e9e, France Travail consid\u00e8re que vous n\u2019\u00eates plus disponible pour rechercher un emploi. \u00c9tant donn\u00e9 que <b>vous \u00eates consid\u00e9r\u00e9 comme indisponible<\/b> alors cela entra\u00eene la modification de votre cat\u00e9gorie d\u2019inscription et l\u2019interruption du versement de votre indemnisation ch\u00f4mage. Vous risquez aussi une <b>suspension<\/b> de vos droits ou une <b>radiation<\/b>.<\/p>\n<h3>Les cong\u00e9s pay\u00e9s sont-ils pris en compte dans le calcul de l\u2019allocation ch\u00f4mage ?<\/h3>\n<p>Les cong\u00e9s pay\u00e9s pris pendant votre inscription \u00e0 France Travail ne sont <b>pas pris en compte dans le calcul du montant de votre allocation ch\u00f4mage<\/b>. Vous continuez \u00e0 percevoir vos droits normalement pendant ces p\u00e9riodes, tant que vous respectez le plafond de jours autoris\u00e9.<\/p>\n<h2>Comment d\u00e9clarer une p\u00e9riode de cong\u00e9s pay\u00e9s \u00e0 France Travail ?<\/h2>\n<p>D\u00e9clarer une p\u00e9riode de cong\u00e9s pay\u00e9s \u00e0 France Travail peut se faire :<\/p>\n<ul>\n<li aria-level=\"1\">Sur votre <b>espace personnel<\/b> sur le site de France Travail. \u00c0 partir de la rubrique \u201cJe d\u00e9clare un changement de situation\u2009\u201d.<\/li>\n<li aria-level=\"1\">Par <b>t\u00e9l\u00e9phone<\/b> en suivant les instructions pour acc\u00e9der \u00e0 votre dossier et en signalant un changement de situation.<\/li>\n<li aria-level=\"1\">Par <b>email<\/b> \u00e0 votre conseiller France Travail et en pr\u00e9cisant, la date de d\u00e9but, la dur\u00e9e et la date de fin de votre absence.<\/li>\n<li aria-level=\"1\">En <b>agence<\/b> en d\u00e9clarant vos cong\u00e9s au guichet ou \u00e0 partir d\u2019une borne.<\/li>\n<li aria-level=\"1\">Par <b>courrier<\/b> si vous n\u2019avez pas la possibilit\u00e9 de le faire par un autre moyen.<\/li>\n<\/ul>\n<h1>Quels impacts ont les cong\u00e9s pay\u00e9s sur vos droits au ch\u00f4mage ?<\/h1>\n<p>Les cong\u00e9s pay\u00e9s que vous avez d\u00e9clar\u00e9s \u00e0 France Travail n\u2019ont<b> pas d\u2019impact n\u00e9gatif<\/b> sur vos droits au ch\u00f4mage tant que vous respectez la limite de 35 jours d\u2019absence par an. Pendant cette p\u00e9riode, vous continuez \u00e0 percevoir votre allocation ch\u00f4mage normalement et vous n\u2019\u00eates pas convoqu\u00e9 \u00e0 des rendez-vous ou \u00e0 des ateliers. Votre inscription reste active et votre conseiller est au courant de votre absence, ce qui \u00e9vite toute interruption ou sanction li\u00e9e \u00e0 une absence injustifi\u00e9e.<\/p>\n<p>En revanche, si vous d\u00e9passez les 35 jours d\u2019absence, votre inscription comme demandeur d\u2019emploi est suspendue et le versement de votre indemnisation s\u2019arr\u00eate. Vous devrez alors vous r\u00e9inscrire \u00e0 votre retour pour retrouver vos droits.<\/p>\n<p><iframe loading=\"lazy\" title=\"Tout savoir sur le ch\u00f4mage en France !\" width=\"500\" height=\"281\" src=\"https:\/\/www.youtube.com\/embed\/jgv9qS4jh7k?feature=oembed\" frameborder=\"0\" allow=\"accelerometer; autoplay; clipboard-write; encrypted-media; gyroscope; picture-in-picture; web-share\" referrerpolicy=\"strict-origin-when-cross-origin\" allowfullscreen><\/iframe><\/p>\n<div class='cta-block'><div class='text'>Simulez toutes vos aides en 2 min.<\/div><a href='https:\/\/www.mes-allocs.fr\/ab-app?origin=guides\/wp-json\/wp\/v2\/posts\/53945' class='app-button fit'>Simulation gratuite<\/a><\/div>\n<h1>Quelles cons\u00e9quences en cas d&rsquo;oubli de d\u00e9claration des cong\u00e9s pay\u00e9s ?<\/h1>\n<p>Si vous oubliez de d\u00e9clarer vos cong\u00e9s pay\u00e9s \u00e0 France Travail, vous risquez de<b> manquer des convocations ou des opportunit\u00e9s d&#8217;emploi <\/b>car votre conseiller ne sera pas inform\u00e9 de votre absence. De plus, \u00e9tant donn\u00e9 que la d\u00e9claration d&rsquo;absence est une obligation vous pouvez donc \u00eatre expos\u00e9 \u00e0 des <b>sanctions<\/b>.<\/p>\n<h1>Fin de contrat et cong\u00e9s pay\u00e9s : l&rsquo;indemnit\u00e9 compensatrice de cong\u00e9s pay\u00e9s d\u00e9cale le d\u00e9but de versement des allocations ch\u00f4mage<\/h1>\n<h2>Pourquoi cette indemnit\u00e9 retarde-t-elle le d\u00e9but de versement des allocations ch\u00f4mage ?<\/h2>\n<p>Quand votre contrat de travail se termine et que vous n\u2019avez pas pris tous vos cong\u00e9s pay\u00e9s, votre employeur vous verse une <b>indemnit\u00e9 compensatrice de cong\u00e9s pay\u00e9s<\/b> (ICCP). Cette indemnit\u00e9 est consid\u00e9r\u00e9e comme un <b>revenu de remplacement <\/b>des jours de cong\u00e9s que vous n\u2019avez pas pris. Par cons\u00e9quent, France Travail applique un diff\u00e9r\u00e9 d\u2019indemnisation. Le versement de vos allocations ch\u00f4mage ne commence qu\u2019apr\u00e8s un nombre de jours correspondant \u00e0 la valeur de cette indemnit\u00e9, car ces jours sont consid\u00e9r\u00e9s comme \u201cr\u00e9mun\u00e9r\u00e9s\u201d.<\/p>\n<h2>Quel est le calcul du diff\u00e9r\u00e9 d\u2019indemnisation cong\u00e9s pay\u00e9s ?<\/h2>\n<p>Le diff\u00e9r\u00e9 d\u2019indemnisation de cong\u00e9s pay\u00e9s se calcule en divisant le montant total des indemnit\u00e9s compensatrices de cong\u00e9s pay\u00e9s que vous avez eu lors des fins de contrat intervenues dans les 182 derniers jours par votre salaire journalier de r\u00e9f\u00e9rence (SJR). La formule est la suivante :<\/p>\n<p><b>Diff\u00e9r\u00e9 cong\u00e9s pay\u00e9s (en jours) = ICCP\/SJR<\/b><\/p>\n<p>Ce diff\u00e9r\u00e9 ne peut jamais d\u00e9passer 30 jours, quel que soit le montant de l\u2019indemnit\u00e9 que vous avez re\u00e7ue.<\/p>\n<div class='shortcode summary'><div class='title'>En r\u00e9sum\u00e9 :<\/div><div class='content'><ul><li>Vous avez droit \u00e0 35 jours de cong\u00e9s par an, pendant lesquels vous continuez \u00e0 toucher vos allocations ch\u00f4mage.<\/li><li>Toutes vos absences doivent \u00eatre d\u00e9clar\u00e9es \u00e0 France Travail.<\/li><li>La d\u00e9claration de vos jours de cong\u00e9s peut se faire en ligne, par t\u00e9l\u00e9phone, par email, en agence ou par courrier.<\/li><li>Oublier de d\u00e9clarer vos cong\u00e9s vous expose \u00e0 des sanctions et \u00e0 une mauvaise gestion de votre dossier.<\/li><\/ul><\/div><\/div>\n<p style=\"text-align: justify;\"><div class='cta-block'><div class='text'>Simulez toutes vos aides en 2 min.<\/div><a href='https:\/\/www.mes-allocs.fr\/ab-app?origin=guides\/wp-json\/wp\/v2\/posts\/53945' class='app-button fit'>Simulation gratuite<\/a><\/div><\/p>\n","protected":false},"excerpt":{"rendered":"<p>M\u00eame en tant que demandeur d\u2019emploi, vous avez droit \u00e0 des cong\u00e9s. Et ce, sans perdre votre allocation ch\u00f4mage. Pour que cette p\u00e9riode de vacance ne devienne pas un motif de sanction, certaines r\u00e8gles doivent \u00eatre respect\u00e9es. Dans cet article, d\u00e9couvrez comment d\u00e9clarer vos cong\u00e9s pay\u00e9s lors de votre actualisation France Travail et l\u2019impact sur [&hellip;]<\/p>\n","protected":false},"author":14,"featured_media":53953,"comment_status":"closed","ping_status":"open","sticky":false,"template":"","format":"standard","meta":{"amp_status":"","footnotes":""},"categories":[2989,3007],"tags":[],"class_list":["post-53945","post","type-post","status-publish","format-standard","has-post-thumbnail","hentry","category-chomage","category-pole-emploi-actualisation"],"yoast_head":"<!-- This site is optimized with the Yoast SEO plugin v14.9 - https:\/\/yoast.com\/wordpress\/plugins\/seo\/ -->\n<title>Actualisation France Travail et cong\u00e9s pay\u00e9s | Mes-Allocs.fr<\/title>\n<meta name=\"description\" content=\"M\u00eame en tant que demandeur d\u2019emploi, vous pouvez prendre des cong\u00e9s pay\u00e9s. D\u00e9couvrez comment les d\u00e9clarer aupr\u00e8s de France Travail.\" \/>\n<meta name=\"robots\" content=\"index, follow, max-snippet:-1, max-image-preview:large, max-video-preview:-1\" \/>\n<link rel=\"canonical\" href=\"https:\/\/www.mes-allocs.fr\/guides\/chomage\/pole-emploi-actualisation\/actualisation-pole-emploi-et-conges-payes\/\" \/>\n<meta property=\"og:locale\" content=\"fr_FR\" \/>\n<meta property=\"og:type\" content=\"article\" \/>\n<meta property=\"og:title\" content=\"Actualisation France Travail et cong\u00e9s pay\u00e9s | Mes-Allocs.fr\" \/>\n<meta property=\"og:description\" content=\"M\u00eame en tant que demandeur d\u2019emploi, vous pouvez prendre des cong\u00e9s pay\u00e9s. D\u00e9couvrez comment les d\u00e9clarer aupr\u00e8s de France Travail.\" \/>\n<meta property=\"og:url\" content=\"https:\/\/www.mes-allocs.fr\/guides\/chomage\/pole-emploi-actualisation\/actualisation-pole-emploi-et-conges-payes\/\" \/>\n<meta property=\"og:site_name\" content=\"Mes-Allocs.fr\" \/>\n<meta property=\"article:published_time\" content=\"2022-10-27T12:10:23+00:00\" \/>\n<meta property=\"article:modified_time\" content=\"2025-06-05T06:58:02+00:00\" \/>\n<meta property=\"og:image\" content=\"https:\/\/www.mes-allocs.fr\/guides\/wp-content\/uploads\/2022\/07\/Actualisation-Pole-Emploi-et-conges-payes-2-scaled.jpg?wsr\" \/>\n\t<meta property=\"og:image:width\" content=\"2560\" \/>\n\t<meta property=\"og:image:height\" content=\"1707\" \/>\n<meta name=\"twitter:card\" content=\"summary_large_image\" \/>\n<script type=\"application\/ld+json\" class=\"yoast-schema-graph\">{\"@context\":\"https:\/\/schema.org\",\"@graph\":[{\"@type\":\"WebSite\",\"@id\":\"https:\/\/www.mes-allocs.fr\/guides\/#website\",\"url\":\"https:\/\/www.mes-allocs.fr\/guides\/\",\"name\":\"Mes-Allocs.fr\",\"description\":\"\",\"potentialAction\":[{\"@type\":\"SearchAction\",\"target\":\"https:\/\/www.mes-allocs.fr\/guides\/?s={search_term_string}\",\"query-input\":\"required name=search_term_string\"}],\"inLanguage\":\"fr-FR\"},{\"@type\":\"ImageObject\",\"@id\":\"https:\/\/www.mes-allocs.fr\/guides\/chomage\/pole-emploi-actualisation\/actualisation-pole-emploi-et-conges-payes\/#primaryimage\",\"inLanguage\":\"fr-FR\",\"url\":\"https:\/\/www.mes-allocs.fr\/guides\/wp-content\/uploads\/2022\/07\/Actualisation-Pole-Emploi-et-conges-payes-2-scaled.jpg?wsr\",\"width\":2560,\"height\":1707,\"caption\":\"Actualisation Pole Emploi et conges payes\"},{\"@type\":\"WebPage\",\"@id\":\"https:\/\/www.mes-allocs.fr\/guides\/chomage\/pole-emploi-actualisation\/actualisation-pole-emploi-et-conges-payes\/#webpage\",\"url\":\"https:\/\/www.mes-allocs.fr\/guides\/chomage\/pole-emploi-actualisation\/actualisation-pole-emploi-et-conges-payes\/\",\"name\":\"Actualisation France Travail et cong\\u00e9s pay\\u00e9s | Mes-Allocs.fr\",\"isPartOf\":{\"@id\":\"https:\/\/www.mes-allocs.fr\/guides\/#website\"},\"primaryImageOfPage\":{\"@id\":\"https:\/\/www.mes-allocs.fr\/guides\/chomage\/pole-emploi-actualisation\/actualisation-pole-emploi-et-conges-payes\/#primaryimage\"},\"datePublished\":\"2022-10-27T12:10:23+00:00\",\"dateModified\":\"2025-06-05T06:58:02+00:00\",\"author\":{\"@id\":\"https:\/\/www.mes-allocs.fr\/guides\/#\/schema\/person\/a3de97298fd0ffc005ebdd5628b03ca8\"},\"description\":\"M\\u00eame en tant que demandeur d\\u2019emploi, vous pouvez prendre des cong\\u00e9s pay\\u00e9s. D\\u00e9couvrez comment les d\\u00e9clarer aupr\\u00e8s de France Travail.\",\"inLanguage\":\"fr-FR\"},{\"@type\":\"Person\",\"@id\":\"https:\/\/www.mes-allocs.fr\/guides\/#\/schema\/person\/a3de97298fd0ffc005ebdd5628b03ca8\",\"name\":\"Marina Ada Ondo\",\"image\":{\"@type\":\"ImageObject\",\"@id\":\"https:\/\/www.mes-allocs.fr\/guides\/#personlogo\",\"inLanguage\":\"fr-FR\",\"url\":\"https:\/\/www.mes-allocs.fr\/guides\/wp-content\/uploads\/2022\/02\/Photo-de-profil-150x150.png\",\"caption\":\"Marina Ada Ondo\"},\"description\":\"Marina est r\\u00e9dactrice au sein de l'\\u00e9quipe Mes Allocs, sp\\u00e9cialis\\u00e9e sur les aides aux jeunes. Dipl\\u00f4m\\u00e9e de l'ISFJ, elle rejoint Mes Allocs apr\\u00e8s une premi\\u00e8re exp\\u00e9rience en communication chez Little Africa, une agence de communication \\u00e0 Paris. Sur son temps libre, Marina lit beaucoup et passe ses dimanches au mus\\u00e9e.\",\"sameAs\":[\"https:\/\/www.linkedin.com\/in\/marinaadaondo\/\"]}]}<\/script>\n<!-- \/ Yoast SEO plugin. -->","amp_validity":null,"acf":{"faq":{"1":{"question":"Est-ce que je dois d\u00e9clarer mes cong\u00e9s pay\u00e9s \u00e0 France Travail ?","answer":"Lors de l'actualisation, vous devez d\u00e9clarer diff\u00e9rentes informations. Parmi ces derni\u00e8res, en fin d'int\u00e9rim, de Contrat \u00e0 Dur\u00e9e D\u00e9termin\u00e9 CDD) ou de Contrat \u00e0 Dur\u00e9e Ind\u00e9termin\u00e9 (CDI) dans le mois, il faut \u00e9galement inclure les cong\u00e9s pay\u00e9s qui vous seraient vers\u00e9es en plus des indemnit\u00e9s de fin de contrat ou de fin de mission."},"2":{"question":"Comment d\u00e9clarer les cong\u00e9s pay\u00e9s \u00e0 France Travail ?","answer":"Vous pouvez vous actualiser de diff\u00e9rentes mani\u00e8res :\r\n\r\nSur Internet : vous pouvez vous actualiser sur le site de France Travail. Vous \u00eates inform\u00e9 de la prise en compte de celle-ci dans votre espace personnel dans les 24 heures.\r\nSur l'application mobile \u00ab Mon espace \u00bb, depuis votre compte personnel\r\nPar t\u00e9l\u00e9phone en contactant le 39 49 (service gratuit + prix d\u2019un appel t\u00e9l\u00e9phonique)\r\nSur une borne tactile Unidialog en agence directement"},"3":{"question":"Puis-je partir en vacances pendant que je suis au ch\u00f4mage ?","answer":"Les personnes au ch\u00f4mage ont tout \u00e0 fait le droit de partir en vacances. Si cela est votre cas, vous b\u00e9n\u00e9ficiez en effet de 5 semaines, soit 35 jours du 1er janvier au 31 d\u00e9cembre, durant lesquelles vous pr\u00e9servez votre indemnisation."},"4":{"question":"Quand pr\u00e9venir France Travail pour vacances ?","answer":"Vous avez l'obligation de d\u00e9clarer \u00e0 France Travail, dans un d\u00e9lai de 72 heures, toute absence de votre r\u00e9sidence habituelle d'une dur\u00e9e sup\u00e9rieure \u00e0 7 jours."},"5":{"question":"Est-ce que France Travail compl\u00e8te le salaire en CDI ?","answer":"Toute personne qui reprend une activit\u00e9 salari\u00e9e peut cumuler une partie de son allocation d'aide au retour \u00e0 l'emploi (ARE) avec sa r\u00e9mun\u00e9ration. Et ce, qu'il s'agisse d'un contrat \u00e0 dur\u00e9e d\u00e9termin\u00e9e ou ind\u00e9termin\u00e9e et quel que soit le nombre d'heures travaill\u00e9es. \u00c0 condition de rester inscrit \u00e0 France Travail."},"6":{"question":"Puis-je toucher le ch\u00f4mage si je pars \u00e0 l'\u00e9tranger ?","answer":"Seuls les r\u00e8glements europ\u00e9ens permettent \u00e0 une personne qui part chercher un emploi \u00e0 l'\u00e9tranger de conserver temporairement son droit aux prestations de ch\u00f4mage pendant son s\u00e9jour \u00e0 l'\u00e9tranger."},"7":{"question":"","answer":""},"8":{"question":"","answer":""},"9":{"question":"","answer":""},"10":{"question":"","answer":""},"11":{"question":"","answer":""},"12":{"question":"","answer":""},"13":{"question":"","answer":""},"14":{"question":"","answer":""},"15":{"question":"","answer":""},"16":{"question":"","answer":""}}},"_links":{"self":[{"href":"https:\/\/www.mes-allocs.fr\/guides\/wp-json\/wp\/v2\/posts\/53945","targetHints":{"allow":["GET"]}}],"collection":[{"href":"https:\/\/www.mes-allocs.fr\/guides\/wp-json\/wp\/v2\/posts"}],"about":[{"href":"https:\/\/www.mes-allocs.fr\/guides\/wp-json\/wp\/v2\/types\/post"}],"author":[{"embeddable":true,"href":"https:\/\/www.mes-allocs.fr\/guides\/wp-json\/wp\/v2\/users\/14"}],"replies":[{"embeddable":true,"href":"https:\/\/www.mes-allocs.fr\/guides\/wp-json\/wp\/v2\/comments?post=53945"}],"version-history":[{"count":17,"href":"https:\/\/www.mes-allocs.fr\/guides\/wp-json\/wp\/v2\/posts\/53945\/revisions"}],"predecessor-version":[{"id":99908,"href":"https:\/\/www.mes-allocs.fr\/guides\/wp-json\/wp\/v2\/posts\/53945\/revisions\/99908"}],"wp:featuredmedia":[{"embeddable":true,"href":"https:\/\/www.mes-allocs.fr\/guides\/wp-json\/wp\/v2\/media\/53953"}],"wp:attachment":[{"href":"https:\/\/www.mes-allocs.fr\/guides\/wp-json\/wp\/v2\/media?parent=53945"}],"wp:term":[{"taxonomy":"category","embeddable":true,"href":"https:\/\/www.mes-allocs.fr\/guides\/wp-json\/wp\/v2\/categories?post=53945"},{"taxonomy":"post_tag","embeddable":true,"href":"https:\/\/www.mes-allocs.fr\/guides\/wp-json\/wp\/v2\/tags?post=53945"}],"curies":[{"name":"wp","href":"https:\/\/api.w.org\/{rel}","templated":true}]}}