{"id":53790,"date":"2022-08-12T10:38:35","date_gmt":"2022-08-12T08:38:35","guid":{"rendered":"https:\/\/www.mes-allocs.fr\/guides\/?p=53790"},"modified":"2026-03-12T17:48:08","modified_gmt":"2026-03-12T16:48:08","slug":"retraite-brut-net","status":"publish","type":"post","link":"https:\/\/www.mes-allocs.fr\/guides\/retraite\/calcul-retraite\/retraite-brut-net\/","title":{"rendered":"Comment calculer votre retraite du brut au net ?"},"content":{"rendered":"<p><img loading=\"lazy\" decoding=\"async\" class=\"alignnone wp-image-53815\" title=\"retraite brut net\" src=\"https:\/\/www.mes-allocs.fr\/guides\/wp-content\/uploads\/2022\/07\/aaron-lefler-Vs6ip7fsld8-unsplash-e1657561561220-300x81.jpg\" alt=\"retraite brut net\" width=\"819\" height=\"221\" \/><\/p>\n<p style=\"text-align: justify;\"><span style=\"color: #000000;\">[Mis \u00e0 jour le 12\/03\/2026] <\/span><strong><span style=\"color: #000000;\">Pour conna\u00eetre le montant de votre <a href=\"https:\/\/www.mes-allocs.fr\/guides\/retraite\/\" target=\"_blank\" rel=\"noopener\">retraite<\/a>, de nombreux calculs sont effectu\u00e9s. De nombreux d\u00e9tails sont n\u00e9cessaires afin d&rsquo;obtenir le montant exact de votre retraite. Parmi ces calculs, il y a celui de la transition entre le brut et le net. <\/span><\/strong><strong>Mes Allocs vous explique ici comment proc\u00e9der.\u00a0<\/strong><\/p>\n<div class='cta-block'><div class='text'>Simulez votre retraite en 2 min.<\/div><a href='https:\/\/www.mes-allocs.fr\/formulaire\/retraite?utm_source=seo&origin=guides\/wp-json\/wp\/v2\/posts\/53790' class='app-button fit'>Simulation gratuite<\/a><\/div>\n<h1><strong>Calculez votre retraite du brut au net<\/strong><\/h1>\n<h2><strong>Quelle diff\u00e9rence entre la retraite brute et nette ?<\/strong><\/h2>\n<p><span style=\"font-weight: 400;\">Lorsqu&rsquo;il s&rsquo;agit de planifier sa retraite, il est essentiel de comprendre la diff\u00e9rence entre la retraite brute et nette. La pension de retraite brute correspond au montant total avant toute d\u00e9duction, tandis que la pension nette est celle que vous percevez effectivement, apr\u00e8s pr\u00e9l\u00e8vements sociaux et fiscaux. Comprendre ces diff\u00e9rences permet d&rsquo;anticiper son pouvoir d&rsquo;achat une fois \u00e0 la retraite.<\/span><\/p>\n<h2><strong>Retraite du brut au net : comprendre le calcul de la pension<\/strong><\/h2>\n<p><span style=\"font-weight: 400;\">Le montant de votre pension de retraite est calcul\u00e9 selon plusieurs param\u00e8tres. Il repose principalement sur trois \u00e9l\u00e9ments : votre revenu annuel moyen, le taux appliqu\u00e9 \u00e0 ce revenu et votre dur\u00e9e d&rsquo;assurance.<\/span><\/p>\n<h3><strong>Quel est le revenu annuel moyen ?<\/strong><\/h3>\n<p><span style=\"font-weight: 400;\">Le revenu annuel moyen correspond \u00e0 la moyenne de vos 25 meilleures ann\u00e9es de revenus d&rsquo;activit\u00e9 salari\u00e9e. Ces ann\u00e9es sont revaloris\u00e9es selon des coefficients d\u00e9finis par l&rsquo;Assurance retraite. Si vous avez cotis\u00e9 \u00e0 plusieurs r\u00e9gimes, les meilleures ann\u00e9es sont r\u00e9parties au prorata de la dur\u00e9e d&rsquo;assurance dans chaque r\u00e9gime.<\/span><\/p>\n<p><span style=\"font-weight: 400;\">Certaines p\u00e9riodes ne sont pas prises en compte dans le calcul du revenu annuel moyen, comme les ann\u00e9es o\u00f9 vous n&rsquo;avez pas valid\u00e9 de trimestres ou l&rsquo;ann\u00e9e de votre d\u00e9part \u00e0 la retraite.<\/span><\/p>\n<h3><strong>Quel est le taux appliqu\u00e9 au revenu annuel moyen ?<\/strong><\/h3>\n<p><span style=\"font-weight: 400;\">Le taux de liquidation de votre retraite est d\u00e9termin\u00e9 en fonction de votre nombre de trimestres acquis et de votre \u00e2ge. Le taux maximal, appel\u00e9 \u00ab\u00a0taux plein\u00a0\u00bb, est fix\u00e9 \u00e0 50 % du revenu annuel moyen. Pour en b\u00e9n\u00e9ficier, vous devez avoir valid\u00e9 un nombre de trimestres suffisant. Si ce n&rsquo;est pas le cas, vous pouvez soit prolonger votre activit\u00e9, soit accepter une minoration de votre pension.<\/span><\/p>\n<h3><strong>Quelle est la dur\u00e9e d\u2019assurance ?<\/strong><\/h3>\n<p><span style=\"font-weight: 400;\">La dur\u00e9e d\u2019assurance est exprim\u00e9e en trimestres. Elle comprend les p\u00e9riodes d\u2019activit\u00e9 salari\u00e9e ou assimil\u00e9e (arr\u00eats maladie, cong\u00e9s maternit\u00e9, etc.). Pour obtenir une retraite \u00e0 taux plein, vous devez avoir valid\u00e9 entre 150 et 172 trimestres, selon votre ann\u00e9e de naissance.<\/span><\/p>\n<p><iframe loading=\"lazy\" title=\"Comment bien pr\u00e9parer sa retraite ?\" width=\"500\" height=\"281\" src=\"https:\/\/www.youtube.com\/embed\/nZ79Bmawt_M?feature=oembed\" frameborder=\"0\" allow=\"accelerometer; autoplay; clipboard-write; encrypted-media; gyroscope; picture-in-picture; web-share\" referrerpolicy=\"strict-origin-when-cross-origin\" allowfullscreen><\/iframe><\/p>\n<h1><strong>Comment passer du brut au net pour la retraite de base ?<\/strong><\/h1>\n<p><span style=\"font-weight: 400;\">La retraite de base est soumise \u00e0 plusieurs pr\u00e9l\u00e8vements sociaux, qui r\u00e9duisent le montant per\u00e7u par le retrait\u00e9.<\/span><\/p>\n<h2><strong>Quels sont les pr\u00e9l\u00e8vements sociaux appliqu\u00e9s sur la retraite de base ?<\/strong><\/h2>\n<p><span style=\"font-weight: 400;\">Les pr\u00e9l\u00e8vements sociaux incluent :<\/span><\/p>\n<ul>\n<li style=\"font-weight: 400;\" aria-level=\"1\"><b>CSG (Contribution Sociale G\u00e9n\u00e9ralis\u00e9e)<\/b><span style=\"font-weight: 400;\"> : taux variable entre 0 % et 8,3% selon le revenu fiscal de r\u00e9f\u00e9rence.<\/span><\/li>\n<li style=\"font-weight: 400;\" aria-level=\"1\"><b>CRDS (Contribution pour le Remboursement de la Dette Sociale)<\/b><span style=\"font-weight: 400;\"> : taux fixe de 0,5 %.<\/span><\/li>\n<li style=\"font-weight: 400;\" aria-level=\"1\"><b>CASA (Contribution Additionnelle de Solidarit\u00e9 pour l\u2019Autonomie)<\/b><span style=\"font-weight: 400;\"> : taux fixe de 0,3 %.<\/span><\/li>\n<\/ul>\n<h2><strong>Comment est d\u00e9termin\u00e9 le taux de CSG pr\u00e9lev\u00e9 sur la pension de retraite ?<\/strong><\/h2>\n<p><span style=\"font-weight: 400;\">Le taux de CSG appliqu\u00e9 d\u00e9pend du revenu fiscal de r\u00e9f\u00e9rence de l&rsquo;ann\u00e9e N-2, du nombre de parts fiscales et du lieu de r\u00e9sidence (m\u00e9tropole ou DOM, hors Mayotte). Il existe quatre taux : 8,3 %, 6,6 %, 3,8 % et 0 % en cas d\u2019exon\u00e9ration.<\/span><\/p>\n<h2><strong>Exemple de calcul de la retraite du brut au net : cas concret<\/strong><\/h2>\n<p><span style=\"font-weight: 400;\">Prenons l&rsquo;exemple d&rsquo;un retrait\u00e9 dont la pension brute mensuelle est de 2 000 \u20ac et qui est soumis au taux plein de pr\u00e9l\u00e8vements (9,1 % au total) :<\/span><\/p>\n<ul>\n<li style=\"font-weight: 400;\" aria-level=\"1\"><span style=\"font-weight: 400;\">Montant brut : 2 000 \u20ac<\/span><\/li>\n<li style=\"font-weight: 400;\" aria-level=\"1\"><span style=\"font-weight: 400;\">Pr\u00e9l\u00e8vements (9,1 %) : 182 \u20ac<\/span><\/li>\n<li style=\"font-weight: 400;\" aria-level=\"1\"><span style=\"font-weight: 400;\">Montant net per\u00e7u : 1 818 \u20ac<\/span><\/li>\n<\/ul>\n<h1><strong>Retraite brute et nette : comment est calcul\u00e9e la retraite compl\u00e9mentaire ?<\/strong><\/h1>\n<h2><strong>Fonctionnement des caisses de retraite compl\u00e9mentaire<\/strong><\/h2>\n<p><span style=\"font-weight: 400;\">Les salari\u00e9s cotisent \u00e0 des r\u00e9gimes compl\u00e9mentaires comme l\u2019Agirc-Arrco pour les cadres et non-cadres. Ces caisses attribuent des points en fonction des cotisations vers\u00e9es tout au long de la carri\u00e8re. Le montant de la retraite compl\u00e9mentaire est obtenu en multipliant le nombre de points acquis par la valeur du point en vigueur.<\/span><\/p>\n<h2><strong>Quels sont les pr\u00e9l\u00e8vements appliqu\u00e9s sur la retraite compl\u00e9mentaire ?<\/strong><\/h2>\n<p><span style=\"font-weight: 400;\">Les pensions de retraite compl\u00e9mentaire sont soumises aux m\u00eames pr\u00e9l\u00e8vements sociaux que la retraite de base, avec une cotisation maladie suppl\u00e9mentaire de 1 % pour les affili\u00e9s en m\u00e9tropole et 1,5 % en Alsace-Moselle. Ainsi, le taux total de pr\u00e9l\u00e8vements peut atteindre 10,1 % (11,6 % en Alsace-Moselle).<\/span><\/p>\n<h2><strong>Cas pratiques de conversion retraite compl\u00e9mentaire du brut au net<\/strong><\/h2>\n<p><span style=\"font-weight: 400;\">Exemple :<\/span><\/p>\n<ul>\n<li style=\"font-weight: 400;\" aria-level=\"1\"><span style=\"font-weight: 400;\">Pension brute Agirc-Arrco : 1 500 \u20ac<\/span><\/li>\n<li style=\"font-weight: 400;\" aria-level=\"1\"><span style=\"font-weight: 400;\">Pr\u00e9l\u00e8vements sociaux (10,1 %) : 151,5 \u20ac<\/span><\/li>\n<li style=\"font-weight: 400;\" aria-level=\"1\"><span style=\"font-weight: 400;\">Pension nette per\u00e7ue : 1 348,5 \u20ac<\/span><\/li>\n<\/ul>\n<h1><strong>Exon\u00e9ration des pr\u00e9l\u00e8vements sociaux sur la retraite : qui est concern\u00e9 ?<\/strong><\/h1>\n<p><span style=\"font-weight: 400;\">Certains retrait\u00e9s peuvent b\u00e9n\u00e9ficier d\u2019une exon\u00e9ration partielle ou totale des pr\u00e9l\u00e8vements sociaux en fonction de leur revenu fiscal de r\u00e9f\u00e9rence. Ceux dont les revenus sont en dessous d\u2019un seuil fix\u00e9 chaque ann\u00e9e peuvent \u00eatre totalement exon\u00e9r\u00e9s de CSG, CRDS et CASA.<\/span><\/p>\n<p><span style=\"font-weight: 400;\">De plus, la pension de retraite est soumise \u00e0 l\u2019imp\u00f4t sur le revenu. Toutefois, une d\u00e9duction forfaitaire de 10 % est appliqu\u00e9e sur le montant imposable, dans la limite d\u2019un plafond fix\u00e9 chaque ann\u00e9e.<\/span><\/p>\n<div class='cta-block'><div class='text'>Simulez votre retraite en 2 min.<\/div><a href='https:\/\/www.mes-allocs.fr\/formulaire\/retraite?utm_source=seo&origin=guides\/wp-json\/wp\/v2\/posts\/53790' class='app-button fit'>Simulation gratuite<\/a><\/div>\n","protected":false},"excerpt":{"rendered":"<p>[Mis \u00e0 jour le 12\/03\/2026] Pour conna\u00eetre le montant de votre retraite, de nombreux calculs sont effectu\u00e9s. De nombreux d\u00e9tails sont n\u00e9cessaires afin d&rsquo;obtenir le montant exact de votre retraite. Parmi ces calculs, il y a celui de la transition entre le brut et le net. Mes Allocs vous explique ici comment proc\u00e9der.\u00a0 Calculez votre [&hellip;]<\/p>\n","protected":false},"author":13,"featured_media":53815,"comment_status":"closed","ping_status":"open","sticky":false,"template":"","format":"standard","meta":{"amp_status":"","footnotes":""},"categories":[21738,19177],"tags":[],"class_list":["post-53790","post","type-post","status-publish","format-standard","has-post-thumbnail","hentry","category-calcul-retraite","category-retraite"],"yoast_head":"<!-- This site is optimized with the Yoast SEO plugin v14.9 - https:\/\/yoast.com\/wordpress\/plugins\/seo\/ -->\n<title>Comment calculer votre retraite du brut au net ? | Mes-Allocs.fr<\/title>\n<meta name=\"description\" content=\"Votre retraite repose sur plusieurs calculs dont celui de la retraite brut au net. Mes Allocs vous explique.\" \/>\n<meta name=\"robots\" content=\"index, follow, max-snippet:-1, max-image-preview:large, max-video-preview:-1\" \/>\n<link rel=\"canonical\" href=\"https:\/\/www.mes-allocs.fr\/guides\/retraite\/calcul-retraite\/retraite-brut-net\/\" \/>\n<meta property=\"og:locale\" content=\"fr_FR\" \/>\n<meta property=\"og:type\" content=\"article\" \/>\n<meta property=\"og:title\" content=\"Comment calculer votre retraite du brut au net ? | Mes-Allocs.fr\" \/>\n<meta property=\"og:description\" content=\"Votre retraite repose sur plusieurs calculs dont celui de la retraite brut au net. Mes Allocs vous explique.\" \/>\n<meta property=\"og:url\" content=\"https:\/\/www.mes-allocs.fr\/guides\/retraite\/calcul-retraite\/retraite-brut-net\/\" \/>\n<meta property=\"og:site_name\" content=\"Mes-Allocs.fr\" \/>\n<meta property=\"article:published_time\" content=\"2022-08-12T08:38:35+00:00\" \/>\n<meta property=\"article:modified_time\" content=\"2026-03-12T16:48:08+00:00\" \/>\n<meta property=\"og:image\" content=\"https:\/\/www.mes-allocs.fr\/guides\/wp-content\/uploads\/2022\/07\/aaron-lefler-Vs6ip7fsld8-unsplash.jpg?wsr\" \/>\n\t<meta property=\"og:image:width\" content=\"1920\" \/>\n\t<meta property=\"og:image:height\" content=\"1280\" \/>\n<meta name=\"twitter:card\" content=\"summary_large_image\" \/>\n<script type=\"application\/ld+json\" class=\"yoast-schema-graph\">{\"@context\":\"https:\/\/schema.org\",\"@graph\":[{\"@type\":\"WebSite\",\"@id\":\"https:\/\/www.mes-allocs.fr\/guides\/#website\",\"url\":\"https:\/\/www.mes-allocs.fr\/guides\/\",\"name\":\"Mes-Allocs.fr\",\"description\":\"\",\"potentialAction\":[{\"@type\":\"SearchAction\",\"target\":\"https:\/\/www.mes-allocs.fr\/guides\/?s={search_term_string}\",\"query-input\":\"required name=search_term_string\"}],\"inLanguage\":\"fr-FR\"},{\"@type\":\"ImageObject\",\"@id\":\"https:\/\/www.mes-allocs.fr\/guides\/retraite\/calcul-retraite\/retraite-brut-net\/#primaryimage\",\"inLanguage\":\"fr-FR\",\"url\":\"https:\/\/www.mes-allocs.fr\/guides\/wp-content\/uploads\/2022\/07\/aaron-lefler-Vs6ip7fsld8-unsplash.jpg?wsr\",\"width\":1920,\"height\":1280,\"caption\":\"retraite brut net\"},{\"@type\":\"WebPage\",\"@id\":\"https:\/\/www.mes-allocs.fr\/guides\/retraite\/calcul-retraite\/retraite-brut-net\/#webpage\",\"url\":\"https:\/\/www.mes-allocs.fr\/guides\/retraite\/calcul-retraite\/retraite-brut-net\/\",\"name\":\"Comment calculer votre retraite du brut au net ? | Mes-Allocs.fr\",\"isPartOf\":{\"@id\":\"https:\/\/www.mes-allocs.fr\/guides\/#website\"},\"primaryImageOfPage\":{\"@id\":\"https:\/\/www.mes-allocs.fr\/guides\/retraite\/calcul-retraite\/retraite-brut-net\/#primaryimage\"},\"datePublished\":\"2022-08-12T08:38:35+00:00\",\"dateModified\":\"2026-03-12T16:48:08+00:00\",\"author\":{\"@id\":\"https:\/\/www.mes-allocs.fr\/guides\/#\/schema\/person\/c22c1269332026958a3b5505f80b5404\"},\"description\":\"Votre retraite repose sur plusieurs calculs dont celui de la retraite brut au net. Mes Allocs vous explique.\",\"inLanguage\":\"fr-FR\"},{\"@type\":\"Person\",\"@id\":\"https:\/\/www.mes-allocs.fr\/guides\/#\/schema\/person\/c22c1269332026958a3b5505f80b5404\",\"name\":\"Flavien Fritz\",\"image\":{\"@type\":\"ImageObject\",\"@id\":\"https:\/\/www.mes-allocs.fr\/guides\/#personlogo\",\"inLanguage\":\"fr-FR\",\"url\":\"https:\/\/www.mes-allocs.fr\/guides\/wp-content\/uploads\/2021\/11\/Flavien-1-150x150.png\",\"caption\":\"Flavien Fritz\"},\"description\":\"Flavien est r\\u00e9dacteur au sein de l'\\u00e9quipe Mes Allocs, sp\\u00e9cialis\\u00e9 en droit priv\\u00e9. Dipl\\u00f4m\\u00e9 de l'Institut Catholique de Vend\\u00e9e, il rejoint Mes Allocs apr\\u00e8s une premi\\u00e8re exp\\u00e9rience entrepreneuriale.\",\"sameAs\":[\"https:\/\/fr.linkedin.com\/in\/flavienfritz\"]}]}<\/script>\n<!-- \/ Yoast SEO plugin. -->","amp_validity":null,"acf":{"faq":{"1":{"question":"La retraite est-elle en brut ou en net ?","answer":"Comme la majorit\u00e9 des revenus aujourd'hui, la pension de retraite de base va faire l\u2019objet d\u2019un certain nombre de pr\u00e9l\u00e8vements sociaux.\r\n<br> <a href=\"https:\/\/www.mes-allocs.fr\/guides\/retraite\/retraite-brut-net\/\">Lire la suite<\/a>"},"2":{"question":"Quelles retenues sociales pour la retraite compl\u00e9mentaire ?","answer":"Concernant la retraite compl\u00e9mentaire, les pensions\u00a0 sont assujetties aux m\u00eames retenues sociales que celles du r\u00e9gime de base.\r\n<br> <a href=\"https:\/\/www.mes-allocs.fr\/guides\/retraite\/retraite-brut-net\/\">Lire la suite<\/a>"},"3":{"question":"","answer":""},"4":{"question":"Comment d\u00e9terminer le taux de CSG ?","answer":"Le taux de Contribution Sociale G\u00e9n\u00e9ralis\u00e9e va varier selon votre revenu fiscal de r\u00e9f\u00e9rence de l'ann\u00e9e N-2.\r\n<br> <a href=\"https:\/\/www.mes-allocs.fr\/guides\/retraite\/retraite-brut-net\/\">Lire la suite<\/a>"},"5":{"question":"","answer":""},"6":{"question":"","answer":""},"7":{"question":"","answer":""},"8":{"question":"","answer":""},"9":{"question":"","answer":""},"10":{"question":"","answer":""},"11":{"question":"","answer":""},"12":{"question":"","answer":""},"13":{"question":"","answer":""},"14":{"question":"","answer":""},"15":{"question":"","answer":""},"16":{"question":"","answer":""}}},"_links":{"self":[{"href":"https:\/\/www.mes-allocs.fr\/guides\/wp-json\/wp\/v2\/posts\/53790","targetHints":{"allow":["GET"]}}],"collection":[{"href":"https:\/\/www.mes-allocs.fr\/guides\/wp-json\/wp\/v2\/posts"}],"about":[{"href":"https:\/\/www.mes-allocs.fr\/guides\/wp-json\/wp\/v2\/types\/post"}],"author":[{"embeddable":true,"href":"https:\/\/www.mes-allocs.fr\/guides\/wp-json\/wp\/v2\/users\/13"}],"replies":[{"embeddable":true,"href":"https:\/\/www.mes-allocs.fr\/guides\/wp-json\/wp\/v2\/comments?post=53790"}],"version-history":[{"count":21,"href":"https:\/\/www.mes-allocs.fr\/guides\/wp-json\/wp\/v2\/posts\/53790\/revisions"}],"predecessor-version":[{"id":110451,"href":"https:\/\/www.mes-allocs.fr\/guides\/wp-json\/wp\/v2\/posts\/53790\/revisions\/110451"}],"wp:featuredmedia":[{"embeddable":true,"href":"https:\/\/www.mes-allocs.fr\/guides\/wp-json\/wp\/v2\/media\/53815"}],"wp:attachment":[{"href":"https:\/\/www.mes-allocs.fr\/guides\/wp-json\/wp\/v2\/media?parent=53790"}],"wp:term":[{"taxonomy":"category","embeddable":true,"href":"https:\/\/www.mes-allocs.fr\/guides\/wp-json\/wp\/v2\/categories?post=53790"},{"taxonomy":"post_tag","embeddable":true,"href":"https:\/\/www.mes-allocs.fr\/guides\/wp-json\/wp\/v2\/tags?post=53790"}],"curies":[{"name":"wp","href":"https:\/\/api.w.org\/{rel}","templated":true}]}}