{"id":537,"date":"2019-07-17T09:31:36","date_gmt":"2019-07-17T09:31:36","guid":{"rendered":"https:\/\/www.mes-allocs.fr\/guides\/?p=537"},"modified":"2026-04-24T13:54:53","modified_gmt":"2026-04-24T12:54:53","slug":"pch","status":"publish","type":"post","link":"https:\/\/www.mes-allocs.fr\/guides\/aide-par-situation\/aide-handicap\/pch\/","title":{"rendered":"PCH 2026 : simulation, montant, conditions, d\u00e9marches"},"content":{"rendered":"<p><img loading=\"lazy\" decoding=\"async\" class=\"alignnone wp-image-538 size-full\" src=\"https:\/\/www.mes-allocs.fr\/guides\/wp-content\/uploads\/2019\/07\/3986_189_PCH-e1563549758282.jpg\" alt=\"pch\" width=\"1920\" height=\"624\" srcset=\"https:\/\/www.mes-allocs.fr\/guides\/wp-content\/uploads\/2019\/07\/3986_189_PCH-e1563549758282.jpg 1920w, https:\/\/www.mes-allocs.fr\/guides\/wp-content\/uploads\/2019\/07\/3986_189_PCH-e1563549758282-300x98.jpg 300w, https:\/\/www.mes-allocs.fr\/guides\/wp-content\/uploads\/2019\/07\/3986_189_PCH-e1563549758282-768x250.jpg 768w, https:\/\/www.mes-allocs.fr\/guides\/wp-content\/uploads\/2019\/07\/3986_189_PCH-e1563549758282-1024x333.jpg 1024w, https:\/\/www.mes-allocs.fr\/guides\/wp-content\/uploads\/2019\/07\/3986_189_PCH-e1563549758282-600x195.jpg 600w\" sizes=\"auto, (max-width: 1920px) 100vw, 1920px\" \/><\/p>\n<p style=\"text-align: justify;\"><span style=\"font-size: 12pt;\">Le handicap co\u00fbte cher, et les frais ont tendance \u00e0 se multiplier. Heureusement, des <a href=\"https:\/\/www.mes-allocs.fr\/guides\/aide-par-situation\/aide-handicap\/\">aides pour le handicap<\/a> sont mises en place, et notamment la <strong>PCH<\/strong>.\u00a0<\/span><span style=\"font-weight: 400;\">La prestation de compensation du handicap (PCH) est une aide financi\u00e8re qui vous est vers\u00e9e par votre d\u00e9partement pour rembourser les d\u00e9penses li\u00e9es \u00e0 votre perte d&rsquo;autonomie. Son attribution d\u00e9pend de votre degr\u00e9 d&rsquo;autonomie, de votre \u00e2ge, de vos ressources et de votre r\u00e9sidence.<\/span><\/p>\n<h1>Qu\u2019est-ce que la PCH ?<\/h1>\n<p><strong>La Prestation de Compensation du Handicap (PCH)<\/strong> est une <a href=\"https:\/\/www.mes-allocs.fr\/guides\/aide-par-situation\/aide-handicap\/\">aide financi\u00e8re pour le handicap<\/a>. Elle vise \u00e0 soutenir les personnes en situation de handicap en compensant leur perte d&rsquo;autonomie, tant dans la vie quotidienne que sociale. Elle est accord\u00e9e par la <strong>Commission des Droits et de l&rsquo;Autonomie des Personnes Handicap\u00e9es (CDAPH)<\/strong> et vers\u00e9e par le conseil d\u00e9partemental. L&rsquo;obtention de cette prestation repose sur plusieurs crit\u00e8res, notamment le niveau d&rsquo;autonomie, l&rsquo;\u00e2ge, les ressources et le lieu de r\u00e9sidence du demandeur. Son objectif est de faciliter l&rsquo;acc\u00e8s aux aides humaines, techniques ou mat\u00e9rielles n\u00e9cessaires pour am\u00e9liorer la qualit\u00e9 de vie des b\u00e9n\u00e9ficiaires.<\/p>\n<h1 style=\"text-align: justify;\"><b>Quelles sont les conditions pour b\u00e9n\u00e9ficier de la PCH ?<\/b><\/h1>\n<p style=\"text-align: justify;\"><span style=\"font-weight: 400;\">Voici les conditions d\u2019attribution \u00e0 remplir pour pouvoir b\u00e9n\u00e9ficier de la PCH.<\/span><span style=\"font-weight: 400;\">\u00a0<\/span><\/p>\n<p style=\"font-weight: 400;\"><div class='cta-block'><div class='text'>Simulez gratuitement vos aides en 2 min.<\/div><a href='https:\/\/www.mes-allocs.fr\/ab-app?origin=guides\/wp-json\/wp\/v2\/posts\/537' class='app-button fit'>Simulation gratuite<\/a><\/div><\/p>\n<h2 style=\"text-align: justify;\"><b>Conditions d\u2019autonomie pour \u00eatre \u00e9ligible \u00e0 la PCH<\/b><\/h2>\n<p style=\"text-align: justify;\"><span style=\"font-weight: 400;\">Pour pouvoir b\u00e9n\u00e9ficier de la PCH, vous devez remplir les conditions suivantes :<\/span><\/p>\n<ul style=\"text-align: justify;\">\n<li style=\"font-weight: 400;\"><span style=\"font-weight: 400;\">Vous rencontrez une difficult\u00e9 <\/span><b>absolue<\/b><span style=\"font-weight: 400;\"> (comprenez : vous ne pouvez effectuer l\u2019action de vous-m\u00eame) pour la r\u00e9alisation d&rsquo;une activit\u00e9 qu\u2019elle concerne votre mobilit\u00e9, votre entretien personnel, votre communication, ou toute t\u00e2che complexe essentielle du quotidien,<\/span><\/li>\n<li style=\"font-weight: 400;\"><span style=\"font-weight: 400;\">OU vous avez une difficult\u00e9 <\/span><b>grave<\/b><span style=\"font-weight: 400;\"> (comprenez : vous effectuez avec difficult\u00e9 et de fa\u00e7on alt\u00e9r\u00e9e une action) pour la r\u00e9alisation d&rsquo;au moins 2 activit\u00e9s qui concernent votre mobilit\u00e9, votre entretien personnel, votre communication, des t\u00e2ches et exigences g\u00e9n\u00e9rales et relations avec autrui.<\/span><\/li>\n<\/ul>\n<h2 style=\"text-align: justify;\"><b>Conditions d\u2019\u00e2ge pour \u00eatre \u00e9ligible \u00e0 la PCH<\/b><\/h2>\n<h3 style=\"text-align: justify;\"><b>Si vous \u00eates adulte<\/b><\/h3>\n<p style=\"text-align: justify;\"><span style=\"font-weight: 400;\">Pour b\u00e9n\u00e9ficier de la Prestation de Compensation du Handicap (PCH), vous devez effectuer votre premi\u00e8re demande avant vos 60 ans. Cependant, vous \u00eates affranchi de cette limite d\u2019\u00e2ge si vous vous trouvez dans l\u2019une de ces situations :<\/span><\/p>\n<ul style=\"text-align: justify;\">\n<li style=\"font-weight: 400;\"><span style=\"font-weight: 400;\">Vous \u00e9tiez \u00e9ligible \u00e0 la PCH avant vos 60 ans.\u00a0<\/span><\/li>\n<li style=\"font-weight: 400;\"><span style=\"font-weight: 400;\">Ou vous continuez d\u2019exercer une activit\u00e9 professionnelle malgr\u00e9 l\u2019\u00e2ge de 60 ans pass\u00e9.<\/span><\/li>\n<\/ul>\n<p style=\"text-align: justify;\"><span style=\"font-weight: 400;\">Si vous \u00e9tiez b\u00e9n\u00e9ficiaire de la PCH avant vos 60 ans, vous pouvez continuer \u00e0 la percevoir tant que vous n\u2019optez pas pour l\u2019<\/span><span style=\"font-weight: 400;\">Allocation Personnalis\u00e9e d\u2019Autonomie (APA).<\/span><span style=\"font-weight: 400;\">\u00a0<\/span><\/p>\n<h3 style=\"text-align: justify;\"><b>Si vous avez un enfant ou un adolescent<\/b><\/h3>\n<p style=\"text-align: justify;\"><span style=\"font-weight: 400;\">Dans le cas o\u00f9 vous avez un enfant ou adolescent \u00e0 votre charge et porteur de handicap, vous pouvez percevoir la PCH. Pour en b\u00e9n\u00e9ficier, votre enfant doit \u00eatre \u00e2g\u00e9 de moins de 20 ans et vous devez percevoir au pr\u00e9alable l\u2019<\/span><span style=\"font-weight: 400;\"><a href=\"https:\/\/www.mes-allocs.fr\/guides\/aah\/aeeh\">Allocation d\u2019\u00c9ducation de l\u2019Enfant Handicap\u00e9<\/a> (AEEH).<\/span><\/p>\n<h2 style=\"text-align: justify;\"><b>Conditions de ressources pour b\u00e9n\u00e9ficier de la PCH<\/b><\/h2>\n<p style=\"text-align: justify;\"><span style=\"font-weight: 400;\">L\u2019acc\u00e8s \u00e0 la PCH <\/span><b>n\u2019est pas soumis \u00e0 une condition de ressources<\/b><span style=\"font-weight: 400;\">. Toutefois, le montant de votre PCH si. Vos ressources de l\u2019ann\u00e9e N-1 sont alors prises en compte. Si vos ressources de l\u2019ann\u00e9e pr\u00e9c\u00e9dente sont inf\u00e9rieures ou \u00e9gales \u00e0 30 398,54 \u20ac, vous pouvez b\u00e9n\u00e9ficier d\u2019un taux de prise en charge de la PCH qui s\u2019\u00e9l\u00e8ve jusqu\u2019\u00e0 100% <\/span><span style=\"font-weight: 400;\">des d\u00e9penses qu\u2019il couvre<\/span><span style=\"font-weight: 400;\">.<\/span><\/p>\n<p style=\"text-align: justify;\"><span style=\"font-weight: 400;\">\u00a0Si vos ressources sont sup\u00e9rieures \u00e0 30 398,54 \u20ac, le taux de prise en charge de la PCH ne peut d\u00e9passer les 80 %.<\/span><\/p>\n<p style=\"text-align: justify;\"><span style=\"font-weight: 400;\">Seuls <\/span><b>les revenus de votre patrimoine <\/b><span style=\"font-weight: 400;\">sont retenus pour la d\u00e9termination du taux de prise en charge.<\/span><\/p>\n<p style=\"text-align: justify;\"><span style=\"font-weight: 400;\">Ainsi, les revenus suivants sont exclus de l\u2019estimation de vos ressources :<\/span><\/p>\n<ul style=\"text-align: justify;\">\n<li style=\"font-weight: 400;\"><span style=\"font-weight: 400;\">Vos revenus professionnels (salaires et revenus d\u2019activit\u00e9 non salari\u00e9e), ceux de la personne avec laquelle vous vivez, ceux de votre aidant familial ou de vos parents m\u00eame lorsque vous vivez chez eux,<\/span><\/li>\n<li style=\"font-weight: 400;\"><span style=\"font-weight: 400;\">Votre retraite et pension d&rsquo;invalidit\u00e9 vers\u00e9es par un r\u00e9gime obligatoire,<\/span><\/li>\n<li style=\"font-weight: 400;\"><span style=\"font-weight: 400;\">Votre allocation de ch\u00f4mage et r\u00e9gime de solidarit\u00e9, votre allocation sp\u00e9cifique de solidarit\u00e9, votre allocation \u00e9quivalent retraite,<\/span><\/li>\n<li style=\"font-weight: 400;\"><span style=\"font-weight: 400;\">Vos indemnit\u00e9s de maladie, de maternit\u00e9, d&rsquo;accident du travail et de maladie professionnelle ou votre allocation de cessation anticip\u00e9e d&rsquo;activit\u00e9 en faveur des travailleurs de l&rsquo;amiante,<\/span><\/li>\n<li style=\"font-weight: 400;\"><span style=\"font-weight: 400;\">Vos prestations familiales,<\/span><\/li>\n<li style=\"font-weight: 400;\"><span style=\"font-weight: 400;\">Votre allocation aux adultes handicap\u00e9s (AAH),<\/span><\/li>\n<li style=\"font-weight: 400;\"><span style=\"font-weight: 400;\">Vos allocations logement,<\/span><\/li>\n<li style=\"font-weight: 400;\"><span style=\"font-weight: 400;\">Votre prime d&rsquo;activit\u00e9,<\/span><\/li>\n<li style=\"font-weight: 400;\"><span style=\"font-weight: 400;\">La prime de d\u00e9m\u00e9nagement,<\/span><\/li>\n<li style=\"font-weight: 400;\"><span style=\"font-weight: 400;\">Votre pension attribu\u00e9e en cas de divorce ou de s\u00e9paration,<\/span><\/li>\n<li style=\"font-weight: 400;\"><span style=\"font-weight: 400;\">Votre bourse d&rsquo;\u00e9tudiant,<\/span><\/li>\n<li style=\"font-weight: 400;\"><span style=\"font-weight: 400;\">Vos rentes <\/span><i><span style=\"font-weight: 400;\">survie<\/span><\/i><span style=\"font-weight: 400;\"> ou <\/span><i><span style=\"font-weight: 400;\">\u00e9pargne handicap<\/span><\/i><span style=\"font-weight: 400;\">.<\/span><\/li>\n<\/ul>\n<h2 style=\"text-align: justify;\"><b>Condition de r\u00e9sidence pour avoir acc\u00e8s \u00e0 la PCH<\/b><\/h2>\n<p style=\"text-align: justify;\"><span style=\"font-weight: 400;\">Que vous r\u00e9sidiez \u00e0 votre domicile ou en r\u00e9sidence, vous pouvez b\u00e9n\u00e9ficier de la Prestation de Compensation du Handicap.<\/span><\/p>\n<p style=\"text-align: justify;\"><span style=\"font-weight: 400;\">Si vous vivez \u00e0 domicile, vous devez r\u00e9sider en France, et si vous \u00eates \u00e9tranger, vous devez pouvoir prouver la r\u00e9gularit\u00e9 de votre s\u00e9jour en France (titre de s\u00e9jour en cours de validit\u00e9).<\/span><\/p>\n<div id=\"attachment_539\" style=\"width: 429px\" class=\"wp-caption alignright\"><img loading=\"lazy\" decoding=\"async\" aria-describedby=\"caption-attachment-539\" class=\" wp-image-539\" src=\"https:\/\/www.mes-allocs.fr\/guides\/wp-content\/uploads\/2019\/07\/img2648-photo-difference-hopital-public-clinique-privee.jpg\" alt=\"pch\" width=\"419\" height=\"279\" srcset=\"https:\/\/www.mes-allocs.fr\/guides\/wp-content\/uploads\/2019\/07\/img2648-photo-difference-hopital-public-clinique-privee.jpg 720w, https:\/\/www.mes-allocs.fr\/guides\/wp-content\/uploads\/2019\/07\/img2648-photo-difference-hopital-public-clinique-privee-300x200.jpg 300w, https:\/\/www.mes-allocs.fr\/guides\/wp-content\/uploads\/2019\/07\/img2648-photo-difference-hopital-public-clinique-privee-600x400.jpg 600w\" sizes=\"auto, (max-width: 419px) 100vw, 419px\" \/><p id=\"caption-attachment-539\" class=\"wp-caption-text\">Vous pouvez b\u00e9n\u00e9ficier de la PCH m\u00eame \u00e0 l&rsquo;h\u00f4pital.<\/p><\/div>\n<p style=\"text-align: justify;\"><span style=\"font-weight: 400;\">Si vous \u00eates h\u00e9berg\u00e9 en \u00e9tablissement social ou socio-m\u00e9dical, ou encore si vous \u00eates hospitalis\u00e9, vous pouvez b\u00e9n\u00e9ficier de la PCH. Si aucun \u00e9tablissement fran\u00e7ais proche de chez vous n\u2019\u00e9tait en position de vous procurer un accueil optimal, vous pouvez percevoir la PCH tout en \u00e9tant h\u00e9berg\u00e9 dans un \u00e9tablissement d\u2019un pays limitrophe (Belgique, Luxembourg, Allemagne, Suisse, Italie, Espagne). <\/span><\/p>\n<p style=\"text-align: justify;\"><span style=\"font-weight: 400;\">Cette p\u00e9riode \u00e0 l\u2019\u00e9tranger ne doit exc\u00e9der 5 ans et est valable pour la PCH uniquement si la Commission des Droits et de l\u2019Autonomie des Personnes Handicap\u00e9es (CDAPH) vous l\u2019accorde. Vous devez demander la PCH avant votre sortie du territoire fran\u00e7ais.<\/span><\/p>\n<p><iframe loading=\"lazy\" title=\"Prestation de compensation du handicap (PCH)\" width=\"500\" height=\"281\" src=\"https:\/\/www.youtube.com\/embed\/z323r2KVb7Y?feature=oembed\" frameborder=\"0\" allow=\"accelerometer; autoplay; clipboard-write; encrypted-media; gyroscope; picture-in-picture; web-share\" referrerpolicy=\"strict-origin-when-cross-origin\" allowfullscreen><\/iframe><\/p>\n<h1><strong>Montant et versement de la PCH\u00a0<\/strong><\/h1>\n<h2><strong>Quel est le montant de la PCH ?\u00a0<\/strong><\/h2>\n<p data-start=\"39\" data-end=\"415\">Le <a href=\"https:\/\/www.mes-allocs.fr\/guides\/aide-par-situation\/aide-handicap\/pch\/montant-pch\/\">montant de la Prestation de Compensation du Handicap (PCH)<\/a> varie en fonction des ressources du demandeur. Si vos revenus annuels sont inf\u00e9rieurs \u00e0 <strong data-start=\"189\" data-end=\"208\">30 398,54 euros<\/strong>, la prise en charge est totale, soit <strong data-start=\"246\" data-end=\"275\">100 % des montants pr\u00e9vus<\/strong> pour chaque type d\u2019aide. Par exemple, si vous souhaitez am\u00e9nager votre logement, la PCH peut couvrir <strong data-start=\"377\" data-end=\"412\">jusqu\u2019\u00e0 10 000 euros sur 10 ans<\/strong>.<\/p>\n<p data-start=\"417\" data-end=\"657\">En revanche, si vos ressources d\u00e9passent ce seuil, le taux de prise en charge diminue \u00e0 <strong data-start=\"505\" data-end=\"513\">80 %<\/strong> du montant pr\u00e9vu. Ainsi, pour un am\u00e9nagement du domicile initialement estim\u00e9 \u00e0 10 000 euros, l\u2019aide accord\u00e9e serait alors de <strong data-start=\"639\" data-end=\"654\">8 000 euros<\/strong>.<\/p>\n<p data-start=\"659\" data-end=\"830\">\u00c0 noter que <strong data-start=\"671\" data-end=\"752\">les pensions de retraite et les revenus du travail ne sont pas pris en compte<\/strong> dans le calcul de cette aide, et celle-ci est totalement exon\u00e9r\u00e9e d\u2019imp\u00f4ts.<\/p>\n<h2><strong>Comment se passe le versement de la PCH ?\u00a0<\/strong><\/h2>\n<p data-start=\"881\" data-end=\"1227\">La PCH est une aide qui <strong data-start=\"905\" data-end=\"947\">rembourse les frais r\u00e9ellement engag\u00e9s<\/strong>, ce qui signifie que le b\u00e9n\u00e9ficiaire doit fournir des <strong data-start=\"1002\" data-end=\"1019\">justificatifs<\/strong>, tels que des devis ou des factures. De plus, si d\u2019autres aides l\u00e9gales similaires existent, comme la <strong data-start=\"1122\" data-end=\"1157\">majoration pour tierce personne<\/strong>, leur montant est d\u00e9duit de la PCH afin d\u2019\u00e9viter un cumul excessif.<\/p>\n<p data-start=\"1229\" data-end=\"1450\">Le versement respecte certains plafonds. Par exemple, l\u2019aide humaine est accord\u00e9e en <strong data-start=\"1314\" data-end=\"1333\">nombre d\u2019heures<\/strong>, avec une limite de <strong data-start=\"1354\" data-end=\"1373\">9 h 05 par jour<\/strong>. Pour les autres formes de soutien, un <strong data-start=\"1413\" data-end=\"1434\">plafond financier<\/strong> est appliqu\u00e9.<\/p>\n<h2><strong>Quelle est la dur\u00e9e de versement de la PCH ?<\/strong><\/h2>\n<p data-start=\"1504\" data-end=\"1837\">La dur\u00e9e de versement d\u00e9pend de la nature de l\u2019aide. Pour <strong data-start=\"1562\" data-end=\"1580\">l\u2019aide humaine<\/strong> (\u00e9l\u00e9ment 1 de la PCH), un versement ponctuel peut \u00eatre accord\u00e9, mais ne peut exc\u00e9der <strong data-start=\"1666\" data-end=\"1693\">deux mois de prestation<\/strong>. Au-del\u00e0, le versement reprend sous forme <strong data-start=\"1736\" data-end=\"1749\">mensuelle<\/strong>, sauf en cas de justification particuli\u00e8re accept\u00e9e par le <strong data-start=\"1809\" data-end=\"1834\">conseil d\u00e9partemental<\/strong>.<\/p>\n<p data-start=\"1839\" data-end=\"1994\" data-is-last-node=\"\" data-is-only-node=\"\">Pour les autres types d\u2019aides (\u00e9l\u00e9ments 2 \u00e0 5), le montant allou\u00e9 est soumis \u00e0 un plafond et ne peut \u00eatre vers\u00e9 que sur une <strong data-start=\"1963\" data-end=\"1993\">p\u00e9riode maximale de 10 ans<\/strong>.<\/p>\n<p data-start=\"1839\" data-end=\"1994\" data-is-last-node=\"\" data-is-only-node=\"\">Retrouvez le calendrier complet pour connaitre les <a href=\"https:\/\/www.mes-allocs.fr\/guides\/aide-par-situation\/aide-handicap\/pch\/pch-versement-date\/\">dates de versement de la PCH<\/a> en 2026.<\/p>\n<h1 style=\"text-align: justify;\"><b>Comment effectuer votre demande de PCH ?<\/b><\/h1>\n<h2>Comment constituer un dossier pour une demande de PCH ?<\/h2>\n<p style=\"text-align: justify;\"><span style=\"font-weight: 400;\">La <a href=\"https:\/\/www.mes-allocs.fr\/guides\/aide-par-situation\/aide-handicap\/pch\/dossier-pch\/\">demande de Prestation de Compensation du Handicap<\/a> passe par votre Maison D\u00e9partementale des Personnes Handicap\u00e9es (MDPH). Vous devez ainsi constituer un dossier aupr\u00e8s de cette institution, en remplissant un formulaire et y joignant les pi\u00e8ces justificatives demand\u00e9es. Vous devez par exemple fournir un certificat m\u00e9dical.<\/span><\/p>\n<p style=\"text-align: justify;\"><span style=\"font-weight: 400;\">Mais pas de panique : <\/span><span style=\"font-weight: 400;\">Mes Allocs s\u2019occupe de toutes les d\u00e9marches \u00e0 votre place !<\/span><\/p>\n<p style=\"font-weight: 400;\"><div class='cta-block'><div class='text'>Simulez gratuitement vos aides en 2 min.<\/div><a href='https:\/\/www.mes-allocs.fr\/ab-app?origin=guides\/wp-json\/wp\/v2\/posts\/537' class='app-button fit'>Simulation gratuite<\/a><\/div><\/p>\n<h2><strong>Quelles sont les \u00e9tapes apr\u00e8s l\u2019envoi du dossier de demande de PCH ?<\/strong><\/h2>\n<h3><strong>Evaluation de la demande de PCH<\/strong><\/h3>\n<p>Une fois la demande de Prestation de Compensation du Handicap (PCH) d\u00e9pos\u00e9e, une \u00e9quipe pluridisciplinaire examine les besoins de la personne concern\u00e9e. Cette \u00e9valuation prend en compte son niveau d\u2019autonomie, son environnement et les aides n\u00e9cessaires \u00e0 son quotidien. \u00c0 l\u2019issue de cette analyse, un <strong>Plan Personnalis\u00e9 de Compensation (PPC)<\/strong> est \u00e9labor\u00e9. Ce document d\u00e9taille les mesures recommand\u00e9es, qu\u2019il s\u2019agisse de prestations financi\u00e8res, d\u2019aides humaines ou mat\u00e9rielles, ainsi que des orientations et conseils adapt\u00e9s \u00e0 la situation du demandeur.<\/p>\n<h3><strong>D\u00e9cision<\/strong><\/h3>\n<p>Apr\u00e8s la phase d\u2019\u00e9valuation, le Plan Personnalis\u00e9 de Compensation est soumis \u00e0 la <strong>Commission des Droits et de l\u2019Autonomie des Personnes Handicap\u00e9es (CDAPH)<\/strong>.<\/p>\n<p>Cette instance examine le dossier et prend une d\u00e9cision quant \u00e0 l\u2019attribution de la PCH. Le d\u00e9lai de traitement est fix\u00e9 \u00e0 <strong>quatre mois<\/strong> \u00e0 compter du d\u00e9p\u00f4t de la demande.<\/p>\n<p>En l\u2019absence de r\u00e9ponse au terme de ce d\u00e9lai, la demande est consid\u00e9r\u00e9e comme refus\u00e9e.<\/p>\n<h3><strong>Paiement de la PCH<\/strong><\/h3>\n<p>Si la demande est accept\u00e9e, le versement de la PCH est assur\u00e9 par le service d\u00e9partemental comp\u00e9tent.<\/p>\n<p>L\u2019aide est g\u00e9n\u00e9ralement octroy\u00e9e sous forme de <strong>paiements mensuels<\/strong>, mais certaines d\u00e9penses sp\u00e9cifiques peuvent faire l\u2019objet d\u2019un <strong>r\u00e8glement en plusieurs versements<\/strong>. Le premier paiement intervient apr\u00e8s la validation du dossier.<\/p>\n<h2><strong>Quels recours en cas de d\u00e9cision d\u00e9favorable d\u2019attribution de la PCH ?<\/strong><\/h2>\n<p>Si la Maison D\u00e9partementale des Personnes Handicap\u00e9es (MDPH) rejette une demande de PCH, plusieurs recours sont possibles. Vous pouvez d\u2019abord engager un r<strong>ecours administratif pr\u00e9alable obligatoire<\/strong> directement aupr\u00e8s de la MDPH pour contester la d\u00e9cision. Si ce recours n\u2019aboutit pas, une action en justice via un <strong>recours contentieux<\/strong> peut \u00eatre envisag\u00e9e. Par ailleurs, il est recommand\u00e9 d\u2019explorer d\u2019autres dispositifs d\u2019aide aupr\u00e8s de la s\u00e9curit\u00e9 sociale, notamment pour couvrir certaines d\u00e9penses li\u00e9es aux \u00e9tablissements sociaux ou m\u00e9dico-sociaux.<\/p>\n<h1 style=\"text-align: justify;\"><b>Quelles sont les aides couvertes par la PCH ?<\/b><\/h1>\n<p style=\"text-align: justify;\"><span style=\"font-weight: 400;\">La Prestation de Compensation du Handicap prend partiellement ou compl\u00e8tement en charge 5 types d\u2019aides : les aides humaines, techniques, am\u00e9nagement du logement, transport, aide sp\u00e9cifique ou exceptionnelle, animali\u00e8re.<\/span><\/p>\n<h2 style=\"text-align: justify;\"><b>Les aides humaines<\/b><\/h2>\n<p style=\"text-align: justify;\"><span style=\"font-weight: 400;\">Ces aides vous permettent d\u2019avoir recours \u00e0 un service d\u2019aide \u00e0 domicile, ou encore de d\u00e9dommager un aidant familial (membre de la famille qui n\u2019est pas salari\u00e9 pour l\u2019aide qu\u2019il fournit).<\/span><\/p>\n\n<div class=\"wpdt-c row wpDataTableContainerSimpleTable wpDataTables wpDataTablesWrapper\n wdtscroll\"\n    >\n    <table id=\"wpdtSimpleTable-109\"\n           class=\"wpdtSimpleTable wpDataTable\"\n           data-column=\"3\"\n           data-rows=\"5\"\n           data-wpID=\"109\"\n           data-responsive=\"0\"\n           data-has-header=\"1\">\n\n                    <thead>        <tr class=\"wpdt-cell-row \" >\n                            <th class=\"wpdt-cell wpdt-bc-F3F9FE wpdt-bold\"\n                                    data-cell-id=\"A1\"\n                data-col-index=\"0\"\n                data-row-index=\"0\"\n                style=\" width:208px;                padding:10px;\"\n                >\n                                Aides concern\u00e9es                <\/th>\n                                            <th class=\"wpdt-cell wpdt-bc-F3F9FE wpdt-wrap-text wpdt-bold\"\n                                    data-cell-id=\"B1\"\n                data-col-index=\"1\"\n                data-row-index=\"0\"\n                style=\" width:332px;                padding:10px;\"\n                >\n                                Prise en charge \u00e0 taux plein                <\/th>\n                                            <th class=\"wpdt-cell wpdt-bc-F3F9FE wpdt-wrap-text wpdt-bold\"\n                                    data-cell-id=\"C1\"\n                data-col-index=\"2\"\n                data-row-index=\"0\"\n                style=\" width:353px;                padding:10px;\"\n                >\n                                Prise en charge \u00e0 taux partiel                <\/th>\n                                        <\/tr>\n                    <tbody>        <tr class=\"wpdt-cell-row \" >\n                            <td class=\"wpdt-cell wpdt-align-center wpdt-valign-middle wpdt-wrap-text\"\n                                    data-cell-id=\"A2\"\n                data-col-index=\"0\"\n                data-row-index=\"1\"\n                style=\"                padding:10px;\"\n                >\n                                Emploi direct d'une tierce personne                <\/td>\n                                            <td class=\"wpdt-cell wpdt-bc-FFFFFF\"\n                                    data-cell-id=\"B2\"\n                data-col-index=\"1\"\n                data-row-index=\"1\"\n                style=\"                padding:10px;\"\n                >\n                                100 % dans la limite de 18,96 \u20ac l'heure ou 19,71 \u20ac en cas de soins ou d'aspirations indo-trach\u00e9ales                <\/td>\n                                            <td class=\"wpdt-cell \"\n                                    data-cell-id=\"C2\"\n                data-col-index=\"2\"\n                data-row-index=\"1\"\n                style=\"                padding:10px;\"\n                >\n                                80 % dans la limite de 18,96 \u20ac l'heure ou 19,71 \u20ac en cas de soins ou d'aspirations indo-trach\u00e9ales                <\/td>\n                                        <\/tr>\n                            <tr class=\"wpdt-cell-row \" >\n                            <td class=\"wpdt-cell \"\n                                    data-cell-id=\"A3\"\n                data-col-index=\"0\"\n                data-row-index=\"2\"\n                style=\"                padding:10px;\"\n                >\n                                Recours \u00e0 un service mandataire                <\/td>\n                                            <td class=\"wpdt-cell \"\n                                    data-cell-id=\"B3\"\n                data-col-index=\"1\"\n                data-row-index=\"2\"\n                style=\"                padding:10px;\"\n                >\n                                100 % dans la limite de 20,86 \u20ac ou 21,68 \u20ac en cas de soins ou d'aspirations indo-trach\u00e9ales                <\/td>\n                                            <td class=\"wpdt-cell \"\n                                    data-cell-id=\"C3\"\n                data-col-index=\"2\"\n                data-row-index=\"2\"\n                style=\"                padding:10px;\"\n                >\n                                80 % dans la limite de 20,86 \u20ac ou 21,68 \u20ac en cas de soins ou d'aspirations indo-trach\u00e9ales                <\/td>\n                                        <\/tr>\n                            <tr class=\"wpdt-cell-row \" >\n                            <td class=\"wpdt-cell \"\n                                    data-cell-id=\"A4\"\n                data-col-index=\"0\"\n                data-row-index=\"3\"\n                style=\"                padding:10px;\"\n                >\n                                Service prestataire agr\u00e9\u00e9                <\/td>\n                                            <td class=\"wpdt-cell \"\n                                    data-cell-id=\"B4\"\n                data-col-index=\"1\"\n                data-row-index=\"3\"\n                style=\"                padding:10px;\"\n                >\n                                100 % dans la limite de 24,58 \u20ac l'heure ou dans la limite du montant fix\u00e9 entre le service prestataire et le d\u00e9partement                <\/td>\n                                            <td class=\"wpdt-cell \"\n                                    data-cell-id=\"C4\"\n                data-col-index=\"2\"\n                data-row-index=\"3\"\n                style=\"                padding:10px;\"\n                >\n                                80 % dans la limite 24,58 \u20ac l'heure ou dans la limite du montant fix\u00e9 entre le service prestataire et le d\u00e9partement                <\/td>\n                                        <\/tr>\n                            <tr class=\"wpdt-cell-row \" >\n                            <td class=\"wpdt-cell \"\n                                    data-cell-id=\"A5\"\n                data-col-index=\"0\"\n                data-row-index=\"4\"\n                style=\"                padding:10px;\"\n                >\n                                 Accueillant familial                <\/td>\n                                            <td class=\"wpdt-cell \"\n                                    data-cell-id=\"B5\"\n                data-col-index=\"1\"\n                data-row-index=\"4\"\n                style=\"                padding:10px;\"\n                >\n                                D\u00e9dommagement \u00e0 hauteur de 4,69 \u20ac l'heure ou 7,04 \u20ac\u00a0par heure,\u00a0si l'aidant r\u00e9duit ou abandonne son activit\u00e9 professionnelle                <\/td>\n                                            <td class=\"wpdt-cell \"\n                                    data-cell-id=\"C5\"\n                data-col-index=\"2\"\n                data-row-index=\"4\"\n                style=\"                padding:10px;\"\n                >\n                                80 % et d\u00e9dommagement \u00e0 hauteur de 4,69 \u20ac l'heure ou 7,04 \u20ac\u00a0par heure\u00a0si l'aidant r\u00e9duit ou abandonne son activit\u00e9 professionnelle                <\/td>\n                                        <\/tr>\n                    <\/table>\n<\/div><style id='wpdt-custom-style-109'>\n.wpdt-bc-F3F9FE { background-color: #F3F9FE !important;}\n.wpdt-bc-FFFFFF { background-color: #FFFFFF !important;}\n<\/style>\n\n<p><strong>Cas particuliers :<\/strong><\/p>\n<p style=\"text-align: justify;\"><span style=\"font-weight: 400;\">Si vous \u00eates atteint de surdit\u00e9 s\u00e9v\u00e8re (\u00e0 savoir perte auditive moyenne sup\u00e9rieure \u00e0 70 d\u00e9cibels) et que votre dispositif d\u2019audition adapt\u00e9 requiert une aide humaine, vous b\u00e9n\u00e9ficiez d\u2019un forfait PCH aide humaine de 30 heures par mois, \u00e9tabli sur le tarif \u00ab emploi direct \u00bb.<\/span><\/p>\n<p style=\"text-align: justify;\"><span style=\"font-weight: 400;\">Si vous \u00eates atteint de c\u00e9cit\u00e9 (\u00e0 savoir : vision centrale inf\u00e9rieure \u00e0 1\/20<\/span><span style=\"font-weight: 400;\">e<\/span><span style=\"font-weight: 400;\"> ou nulle), sur le m\u00eame principe, vous b\u00e9n\u00e9ficiez d\u2019un forfait d\u2019aide humaine de 50 heures \u00e0 tarif identique.<\/span><\/p>\n<h2 style=\"text-align: justify;\"><b>L&rsquo;aide technique<\/b><\/h2>\n<p style=\"text-align: justify;\"><span style=\"font-weight: 400;\">Cette aide vous assiste dans l\u2019achat de mat\u00e9riel qui vise \u00e0 compenser votre handicap. Votre remboursement varie selon l\u2019appartenance ou non du mat\u00e9riel que vous achetez \u00e0 la Liste des Produits et Prestations Remboursables (LPPR) \u00e9tablie par la S\u00e9curit\u00e9 Sociale.<\/span><\/p>\n\n<div class=\"wpdt-c row wpDataTableContainerSimpleTable wpDataTables wpDataTablesWrapper\n\"\n    >\n    <table id=\"wpdtSimpleTable-245\"\n           class=\"wpdtSimpleTable wpDataTable\"\n           data-column=\"3\"\n           data-rows=\"3\"\n           data-wpID=\"245\"\n           data-responsive=\"0\"\n           data-has-header=\"1\">\n\n                    <thead>        <tr class=\"wpdt-cell-row \" >\n                            <th class=\"wpdt-cell wpdt-bc-F3F9FE wpdt-bold\"\n                                    data-cell-id=\"A1\"\n                data-col-index=\"0\"\n                data-row-index=\"0\"\n                style=\" width:16.124837451235%;                padding:10px;\"\n                >\n                                Aides concern\u00e9es                <\/th>\n                                            <th class=\"wpdt-cell wpdt-bc-F3F9FE wpdt-wrap-text wpdt-bold\"\n                                    data-cell-id=\"B1\"\n                data-col-index=\"1\"\n                data-row-index=\"0\"\n                style=\" width:41.937581274382%;                padding:10px;\"\n                >\n                                Prise en charge \u00e0 taux plein                <\/th>\n                                            <th class=\"wpdt-cell wpdt-bc-F3F9FE\"\n                                    data-cell-id=\"C1\"\n                data-col-index=\"2\"\n                data-row-index=\"0\"\n                style=\" width:41.937581274382%;                padding:10px;\"\n                >\n                                Prise en charge \u00e0 taux partiel                <\/th>\n                                        <\/tr>\n                    <tbody>        <tr class=\"wpdt-cell-row \" >\n                            <td class=\"wpdt-cell wpdt-align-center wpdt-valign-middle wpdt-wrap-text wpdt-bc-F3F9FE\"\n                                    data-cell-id=\"A2\"\n                data-col-index=\"0\"\n                data-row-index=\"1\"\n                style=\"                padding:10px;\"\n                >\n                                Aide figurant sur la LPPR                <\/td>\n                                            <td class=\"wpdt-cell wpdt-bc-FFFFFF\"\n                                    data-cell-id=\"B2\"\n                data-col-index=\"1\"\n                data-row-index=\"1\"\n                style=\"                padding:10px;\"\n                >\n                                \u00c0 100 % dans la limite de 13 200 \u20ac par p\u00e9riode de 10 ans. Lorsque l'aide technique est tarif\u00e9e \u00e0 au moins 3000 \u20ac, cette limite est major\u00e9e des montants des tarifs concern\u00e9s apr\u00e8s d\u00e9duction de la prise en charge accord\u00e9e par la S\u00e9curit\u00e9 sociale.                <\/td>\n                                            <td class=\"wpdt-cell \"\n                                    data-cell-id=\"C2\"\n                data-col-index=\"2\"\n                data-row-index=\"1\"\n                style=\"                padding:10px;\"\n                >\n                                \u00c0 80 % dans la limite de 13 200 \u20ac par p\u00e9riode de 10 ans                <\/td>\n                                        <\/tr>\n                            <tr class=\"wpdt-cell-row \" >\n                            <td class=\"wpdt-cell wpdt-bc-F3F9FE\"\n                                    data-cell-id=\"A3\"\n                data-col-index=\"0\"\n                data-row-index=\"2\"\n                style=\"                padding:10px;\"\n                >\n                                Aide ne figurant pas sur la LPPR                <\/td>\n                                            <td class=\"wpdt-cell \"\n                                    data-cell-id=\"B3\"\n                data-col-index=\"1\"\n                data-row-index=\"2\"\n                style=\"                padding:10px;\"\n                >\n                                \u00c0 75 % dans la limite de 13 200 \u20ac par p\u00e9riode de 10 ans                <\/td>\n                                            <td class=\"wpdt-cell \"\n                                    data-cell-id=\"C3\"\n                data-col-index=\"2\"\n                data-row-index=\"2\"\n                style=\"                padding:10px;\"\n                >\n                                \u00c0 75 % dans la limite de 13 200 \u20ac par p\u00e9riode de 10 ans                <\/td>\n                                        <\/tr>\n                    <\/table>\n<\/div><style id='wpdt-custom-style-245'>\ntable#wpdtSimpleTable-245{ table-layout: fixed !important; }\n.wpdt-bc-F3F9FE { background-color: #F3F9FE !important;}\n.wpdt-bc-FFFFFF { background-color: #FFFFFF !important;}\n<\/style>\n\n<p style=\"text-align: justify;\"><span style=\"font-weight: 400;\">Pour savoir si votre \u00e9quipement figure sur cette liste, renseignez-vous aupr\u00e8s de votre Caisse d\u2019Assurance Maladie.<\/span><span style=\"font-weight: 400;\">\u00a0<\/span><\/p>\n<h2 style=\"text-align: justify;\"><b>L&rsquo;aide \u00e0 l\u2019am\u00e9nagement au logement<\/b><span style=\"font-weight: 400;\">\u00a0<\/span><\/h2>\n<p style=\"text-align: justify;\"><span style=\"font-weight: 400;\">Cette aide intervient lorsque votre handicap n\u00e9cessite un am\u00e9nagement de votre domicile, si vous r\u00e9sidez chez un membre de votre famille ou de la famille de votre partenaire avec lequel vous formez un couple (concubinage, pacs ou mariage).<\/span><\/p>\n<p style=\"text-align: justify;\"><span style=\"font-weight: 400;\">Prise en charge de l\u2019am\u00e9nagement de votre logement :<\/span><\/p>\n\n<div class=\"wpdt-c row wpDataTableContainerSimpleTable wpDataTables wpDataTablesWrapper\n\"\n    >\n    <table id=\"wpdtSimpleTable-246\"\n           class=\"wpdtSimpleTable wpDataTable\"\n           data-column=\"3\"\n           data-rows=\"3\"\n           data-wpID=\"246\"\n           data-responsive=\"0\"\n           data-has-header=\"1\">\n\n                    <thead>        <tr class=\"wpdt-cell-row \" >\n                            <th class=\"wpdt-cell wpdt-bc-F3F9FE wpdt-bold\"\n                                    data-cell-id=\"A1\"\n                data-col-index=\"0\"\n                data-row-index=\"0\"\n                style=\" width:16.124837451235%;                padding:10px;\"\n                >\n                                Aides concern\u00e9es                <\/th>\n                                            <th class=\"wpdt-cell wpdt-bc-F3F9FE wpdt-wrap-text wpdt-bold\"\n                                    data-cell-id=\"B1\"\n                data-col-index=\"1\"\n                data-row-index=\"0\"\n                style=\" width:41.937581274382%;                padding:10px;\"\n                >\n                                Prise en charge \u00e0 taux plein                <\/th>\n                                            <th class=\"wpdt-cell wpdt-bc-F3F9FE\"\n                                    data-cell-id=\"C1\"\n                data-col-index=\"2\"\n                data-row-index=\"0\"\n                style=\" width:41.937581274382%;                padding:10px;\"\n                >\n                                Prise en charge \u00e0 taux partiel                <\/th>\n                                        <\/tr>\n                    <tbody>        <tr class=\"wpdt-cell-row \" >\n                            <td class=\"wpdt-cell wpdt-align-center wpdt-valign-middle wpdt-wrap-text wpdt-bc-F3F9FE\"\n                                    data-cell-id=\"A2\"\n                data-col-index=\"0\"\n                data-row-index=\"1\"\n                style=\"                padding:10px;\"\n                >\n                                Travaux jusqu'\u00e0 1 500 \u20ac                <\/td>\n                                            <td class=\"wpdt-cell wpdt-bc-FFFFFF\"\n                                    data-cell-id=\"B2\"\n                data-col-index=\"1\"\n                data-row-index=\"1\"\n                style=\"                padding:10px;\"\n                >\n                                \u00c0 100 % dans la limite de 10 000 \u20ac par p\u00e9riode de 10 ans                <\/td>\n                                            <td class=\"wpdt-cell \"\n                                    data-cell-id=\"C2\"\n                data-col-index=\"2\"\n                data-row-index=\"1\"\n                style=\"                padding:10px;\"\n                >\n                                \u00c0 80 % dans la limite de 10 000 \u20ac par p\u00e9riode de 10 ans                <\/td>\n                                        <\/tr>\n                            <tr class=\"wpdt-cell-row \" >\n                            <td class=\"wpdt-cell wpdt-bc-F3F9FE\"\n                                    data-cell-id=\"A3\"\n                data-col-index=\"0\"\n                data-row-index=\"2\"\n                style=\"                padding:10px;\"\n                >\n                                Travaux sup\u00e9rieurs \u00e0 1 500 \u20ac                <\/td>\n                                            <td class=\"wpdt-cell \"\n                                    data-cell-id=\"B3\"\n                data-col-index=\"1\"\n                data-row-index=\"2\"\n                style=\"                padding:10px;\"\n                >\n                                \u00c0 50 % dans la limite de 10 000 \u20ac par p\u00e9riode de 10 ans                <\/td>\n                                            <td class=\"wpdt-cell \"\n                                    data-cell-id=\"C3\"\n                data-col-index=\"2\"\n                data-row-index=\"2\"\n                style=\"                padding:10px;\"\n                >\n                                \u00c0 50 % dans la limite de 10 000 \u20ac par p\u00e9riode de 10 ans                <\/td>\n                                        <\/tr>\n                    <\/table>\n<\/div><style id='wpdt-custom-style-246'>\ntable#wpdtSimpleTable-246{ table-layout: fixed !important; }\n.wpdt-bc-F3F9FE { background-color: #F3F9FE !important;}\n.wpdt-bc-FFFFFF { background-color: #FFFFFF !important;}\n<\/style>\n\n<p style=\"text-align: justify;\"><span style=\"font-weight: 400;\">Si vous avez besoin de d\u00e9m\u00e9nager pour une raison d\u2019accessibilit\u00e9 ou que vous en faites le choix car am\u00e9nager votre logement serait trop cher, la PCH peut \u00e9galement prendre en charge les frais de d\u00e9m\u00e9nagement \u00e0 hauteur de 3 000 \u20ac sur une p\u00e9riode de 10 ans.<\/span><span style=\"font-weight: 400;\">\u00a0<\/span><\/p>\n<h2 style=\"text-align: justify;\"><b>L&rsquo;aide au transport<\/b><\/h2>\n<p style=\"text-align: justify;\"><span style=\"font-weight: 400;\">Cette aide intervient dans le cadre de l\u2019am\u00e9nagement de votre v\u00e9hicule et des surco\u00fbts li\u00e9s \u00e0 vos trajets. Pour y \u00eatre \u00e9ligible, vous devez avoir un permis de conduire portant la mention \u00ab poste de conduite adapt\u00e9 \u00bb.<\/span><\/p>\n\n<div class=\"wpdt-c row wpDataTableContainerSimpleTable wpDataTables wpDataTablesWrapper\n\"\n    >\n    <table id=\"wpdtSimpleTable-247\"\n           class=\"wpdtSimpleTable wpDataTable\"\n           data-column=\"3\"\n           data-rows=\"5\"\n           data-wpID=\"247\"\n           data-responsive=\"0\"\n           data-has-header=\"1\">\n\n                    <thead>        <tr class=\"wpdt-cell-row \" >\n                            <th class=\"wpdt-cell wpdt-bc-F3F9FE wpdt-bold\"\n                                    data-cell-id=\"A1\"\n                data-col-index=\"0\"\n                data-row-index=\"0\"\n                style=\" width:16.124837451235%;                padding:10px;\"\n                >\n                                Aides concern\u00e9es                <\/th>\n                                            <th class=\"wpdt-cell wpdt-bc-F3F9FE wpdt-wrap-text wpdt-bold\"\n                                    data-cell-id=\"B1\"\n                data-col-index=\"1\"\n                data-row-index=\"0\"\n                style=\" width:41.937581274382%;                padding:10px;\"\n                >\n                                Prise en charge \u00e0 taux plein                <\/th>\n                                            <th class=\"wpdt-cell wpdt-bc-F3F9FE wpdt-wrap-text wpdt-bold\"\n                                    data-cell-id=\"C1\"\n                data-col-index=\"2\"\n                data-row-index=\"0\"\n                style=\" width:41.937581274382%;                padding:10px;\"\n                >\n                                Prise en charge \u00e0 taux partiel                <\/th>\n                                        <\/tr>\n                    <tbody>        <tr class=\"wpdt-cell-row \" >\n                            <td class=\"wpdt-cell wpdt-align-center wpdt-valign-middle wpdt-wrap-text\"\n                                    data-cell-id=\"A2\"\n                data-col-index=\"0\"\n                data-row-index=\"1\"\n                style=\"                padding:10px;\"\n                >\n                                Frais d'am\u00e9nagement du v\u00e9hicule jusqu'\u00e0 1 500 \u20ac                <\/td>\n                                            <td class=\"wpdt-cell wpdt-bc-FFFFFF\"\n                                    data-cell-id=\"B2\"\n                data-col-index=\"1\"\n                data-row-index=\"1\"\n                style=\"                padding:10px;\"\n                >\n                                \u00c0 100 %                <\/td>\n                                            <td class=\"wpdt-cell \"\n                                    data-cell-id=\"C2\"\n                data-col-index=\"2\"\n                data-row-index=\"1\"\n                style=\"                padding:10px;\"\n                >\n                                \u00c0 80 %                <\/td>\n                                        <\/tr>\n                            <tr class=\"wpdt-cell-row \" >\n                            <td class=\"wpdt-cell \"\n                                    data-cell-id=\"A3\"\n                data-col-index=\"0\"\n                data-row-index=\"2\"\n                style=\"                padding:10px;\"\n                >\n                                Frais d'am\u00e9nagement du v\u00e9hicule au-del\u00e0 de 1 500 \u20ac                <\/td>\n                                            <td class=\"wpdt-cell \"\n                                    data-cell-id=\"B3\"\n                data-col-index=\"1\"\n                data-row-index=\"2\"\n                style=\"                padding:10px;\"\n                >\n                                \u00c0 75 % dans la limite maximale de 10 000 \u20ac sur une p\u00e9riode de 10 ans                <\/td>\n                                            <td class=\"wpdt-cell \"\n                                    data-cell-id=\"C3\"\n                data-col-index=\"2\"\n                data-row-index=\"2\"\n                style=\"                padding:10px;\"\n                >\n                                \u00c0 75 % dans la limite de 10 000 \u20ac sur une p\u00e9riode de 10 ans                <\/td>\n                                        <\/tr>\n                            <tr class=\"wpdt-cell-row \" >\n                            <td class=\"wpdt-cell \"\n                                    data-cell-id=\"A4\"\n                data-col-index=\"0\"\n                data-row-index=\"3\"\n                style=\"                padding:10px;\"\n                >\n                                Surco\u00fbt li\u00e9 au trajet en voiture particuli\u00e8re                <\/td>\n                                            <td class=\"wpdt-cell \"\n                                    data-cell-id=\"B4\"\n                data-col-index=\"1\"\n                data-row-index=\"3\"\n                style=\"                padding:10px;\"\n                >\n                                \u00c0 100 % dans la limite de 0,50 \u20ac par km et de 24 000 \u20ac sur une p\u00e9riode de 10 ans                <\/td>\n                                            <td class=\"wpdt-cell \"\n                                    data-cell-id=\"C4\"\n                data-col-index=\"2\"\n                data-row-index=\"3\"\n                style=\"                padding:10px;\"\n                >\n                                \u00c0 80 % dans la limite de 0,50 \u20ac par km et de 24 000 \u20ac sur une p\u00e9riode de 10 ans                <\/td>\n                                        <\/tr>\n                            <tr class=\"wpdt-cell-row \" >\n                            <td class=\"wpdt-cell \"\n                                    data-cell-id=\"A5\"\n                data-col-index=\"0\"\n                data-row-index=\"4\"\n                style=\"                padding:10px;\"\n                >\n                                Surco\u00fbt li\u00e9 au trajet avec d'autres moyens de transport                <\/td>\n                                            <td class=\"wpdt-cell \"\n                                    data-cell-id=\"B5\"\n                data-col-index=\"1\"\n                data-row-index=\"4\"\n                style=\"                padding:10px;\"\n                >\n                                \u00c0 75 % dans la limite de 10 000 \u20ac sur une p\u00e9riode de 10 ans                <\/td>\n                                            <td class=\"wpdt-cell \"\n                                    data-cell-id=\"C5\"\n                data-col-index=\"2\"\n                data-row-index=\"4\"\n                style=\"                padding:10px;\"\n                >\n                                \u00c0 75 % dans la limite de 10 000 \u20ac sur une p\u00e9riode de 10 ans                <\/td>\n                                        <\/tr>\n                    <\/table>\n<\/div><style id='wpdt-custom-style-247'>\ntable#wpdtSimpleTable-247{ table-layout: fixed !important; }\n.wpdt-bc-F3F9FE { background-color: #F3F9FE !important;}\n.wpdt-bc-FFFFFF { background-color: #FFFFFF !important;}\n<\/style>\n\n<h2 style=\"text-align: justify;\"><b>Les aides sp\u00e9cifiques ou exceptionnelles<\/b><\/h2>\n<p style=\"text-align: justify;\"><span style=\"font-weight: 400;\">Les charges sp\u00e9cifiques sont des d\u00e9penses pr\u00e9visibles et permanentes li\u00e9es \u00e0 votre handicap et qui ne sont pas couvertes par d\u2019autres \u00e9l\u00e9ments de la PCH, comme par exemples les frais d\u2019entretien de votre fauteuil roulant.<\/span><\/p>\n<p style=\"text-align: justify;\"><span style=\"font-weight: 400;\">Ensuite, les charges exceptionnelles sont des d\u00e9penses ponctuelles et impr\u00e9vues qui sont li\u00e9es \u00e0 votre handicap et qui ne sont pas d\u00e9j\u00e0 couvertes par d\u2019autres \u00e9l\u00e9ments de la PCH, comme par exemple les frais de r\u00e9paration d\u2019un lit m\u00e9dicalis\u00e9.<\/span><span style=\"font-weight: 400;\">\u00a0<\/span><\/p>\n<p style=\"text-align: justify;\"><span style=\"font-weight: 400;\">Taux de prise en charge selon les charges :<\/span><\/p>\n\n<div class=\"wpdt-c row wpDataTableContainerSimpleTable wpDataTables wpDataTablesWrapper\n\"\n    >\n    <table id=\"wpdtSimpleTable-248\"\n           class=\"wpdtSimpleTable wpDataTable\"\n           data-column=\"2\"\n           data-rows=\"3\"\n           data-wpID=\"248\"\n           data-responsive=\"0\"\n           data-has-header=\"1\">\n\n                    <thead>        <tr class=\"wpdt-cell-row \" >\n                            <th class=\"wpdt-cell wpdt-bc-F3F9FE wpdt-bold\"\n                                    data-cell-id=\"A1\"\n                data-col-index=\"0\"\n                data-row-index=\"0\"\n                style=\" width:27.771556550952%;                padding:10px;\"\n                >\n                                Aides concern\u00e9es                <\/th>\n                                            <th class=\"wpdt-cell wpdt-bc-F3F9FE wpdt-wrap-text wpdt-bold\"\n                                    data-cell-id=\"B1\"\n                data-col-index=\"1\"\n                data-row-index=\"0\"\n                style=\" width:72.228443449048%;                padding:10px;\"\n                >\n                                Prise en charge \u00e0 taux partiel et plein                <\/th>\n                                        <\/tr>\n                    <tbody>        <tr class=\"wpdt-cell-row \" >\n                            <td class=\"wpdt-cell wpdt-align-center wpdt-valign-middle wpdt-wrap-text wpdt-bc-F3F9FE\"\n                                    data-cell-id=\"A2\"\n                data-col-index=\"0\"\n                data-row-index=\"1\"\n                style=\"                padding:10px;\"\n                >\n                                Charges sp\u00e9cifiques                <\/td>\n                                            <td class=\"wpdt-cell wpdt-bc-FFFFFF\"\n                                    data-cell-id=\"B2\"\n                data-col-index=\"1\"\n                data-row-index=\"1\"\n                style=\"                padding:10px;\"\n                >\n                                \u00c0 75 % dans la limite de 100 \u20ac par mois                <\/td>\n                                        <\/tr>\n                            <tr class=\"wpdt-cell-row \" >\n                            <td class=\"wpdt-cell wpdt-bc-F3F9FE\"\n                                    data-cell-id=\"A3\"\n                data-col-index=\"0\"\n                data-row-index=\"2\"\n                style=\"                padding:10px;\"\n                >\n                                Charges exceptionnelles                <\/td>\n                                            <td class=\"wpdt-cell \"\n                                    data-cell-id=\"B3\"\n                data-col-index=\"1\"\n                data-row-index=\"2\"\n                style=\"                padding:10px;\"\n                >\n                                \u00c0 75 % dans limite de 6 000 \u20ac par p\u00e9riode de 10 ans                <\/td>\n                                        <\/tr>\n                    <\/table>\n<\/div><style id='wpdt-custom-style-248'>\ntable#wpdtSimpleTable-248{ table-layout: fixed !important; }\n.wpdt-bc-F3F9FE { background-color: #F3F9FE !important;}\n.wpdt-bc-FFFFFF { background-color: #FFFFFF !important;}\n<\/style>\n\n<p style=\"font-weight: 400;\"><div class='cta-block'><div class='text'>Simulez gratuitement vos aides en 2 min.<\/div><a href='https:\/\/www.mes-allocs.fr\/ab-app?origin=guides\/wp-json\/wp\/v2\/posts\/537' class='app-button fit'>Simulation gratuite<\/a><\/div><\/p>\n<h2 style=\"text-align: justify;\"><b>L&rsquo;aide animali\u00e8re<\/b><\/h2>\n<div id=\"attachment_540\" style=\"width: 256px\" class=\"wp-caption alignright\"><img loading=\"lazy\" decoding=\"async\" aria-describedby=\"caption-attachment-540\" class=\" wp-image-540\" src=\"https:\/\/www.mes-allocs.fr\/guides\/wp-content\/uploads\/2019\/07\/image-58.jpg\" alt=\"pch\" width=\"246\" height=\"209\" srcset=\"https:\/\/www.mes-allocs.fr\/guides\/wp-content\/uploads\/2019\/07\/image-58.jpg 600w, https:\/\/www.mes-allocs.fr\/guides\/wp-content\/uploads\/2019\/07\/image-58-300x255.jpg 300w\" sizes=\"auto, (max-width: 246px) 100vw, 246px\" \/><p id=\"caption-attachment-540\" class=\"wp-caption-text\">L&rsquo; aide animali\u00e8re vous aide si vous avez un chien d&rsquo;aveugle par exemple.<\/p><\/div>\n<p style=\"text-align: justify;\"><span style=\"font-weight: 400;\">Vous pouvez b\u00e9n\u00e9ficier cette aide si vous avez besoin d&rsquo;un animal participant \u00e0 votre autonomie (exemple: chien guide d\u2019aveugle). Dans ce cas, le chien doit avoir \u00e9t\u00e9 \u00e9duqu\u00e9 par des \u00e9ducateurs qualifi\u00e9s.<\/span><\/p>\n<p style=\"text-align: justify;\"><span style=\"font-weight: 400;\">Le remboursement peut aller jusqu&rsquo;\u00e0 100% des frais en cas de prise en charge \u00e0 taux plein (80% \u00e0 taux partiel) dans la limite de 6 000 \u20ac par p\u00e9riode de 10 ans.<\/span><\/p>\n<p>&nbsp;<\/p>\n<h1><span style=\"font-weight: 400;\"><strong>Aider un<\/strong><\/span><strong> proche b\u00e9n\u00e9ficiaire de la PCH : comment \u00e7a marche ?<\/strong><\/h1>\n<h2><strong>Le d\u00e9dommagement en tant qu\u2019aidant familial pour l\u2019aide apport\u00e9e \u00e0 son proche<\/strong><\/h2>\n<p data-start=\"85\" data-end=\"465\">Lorsqu\u2019un proche apporte une aide r\u00e9guli\u00e8re \u00e0 une personne en situation de handicap, il peut percevoir un <strong>d\u00e9dommagement<\/strong> dans le cadre de la Prestation de Compensation du Handicap (PCH). Cette compensation financi\u00e8re vise \u00e0 reconna\u00eetre le temps et l\u2019investissement de l\u2019aidant, notamment lorsqu\u2019il r\u00e9duit ou cesse son activit\u00e9 professionnelle pour s\u2019occuper de la personne aid\u00e9e.<\/p>\n<p data-start=\"467\" data-end=\"763\">Le montant du d\u00e9dommagement d\u00e9pend de plusieurs crit\u00e8res, notamment du niveau d\u2019autonomie de la personne aid\u00e9e et du temps consacr\u00e9 \u00e0 l\u2019accompagnement. En 2025, il est fix\u00e9 \u00e0<strong> 4,50 \u20ac par heure<\/strong> d\u2019aide apport\u00e9e, et peut atteindre <strong>6,75 \u20ac<\/strong> si l\u2019aidant a r\u00e9duit ou arr\u00eat\u00e9 son activit\u00e9 professionnelle.<\/p>\n<p data-start=\"765\" data-end=\"1039\">Ce soutien financier, bien qu\u2019utile, ne constitue pas un salaire et ne permet pas de cotiser pour la retraite. Il est donc recommand\u00e9 aux aidants familiaux de se renseigner sur d\u2019autres dispositifs compl\u00e9mentaires pour assurer leur propre protection sociale et financi\u00e8re.<\/p>\n<h2><strong>Le salariat pour un proche aidant le b\u00e9n\u00e9ficiaire de la PCH<\/strong><\/h2>\n<p data-start=\"1108\" data-end=\"1533\">Au-del\u00e0 du d\u00e9dommagement, un proche aidant peut \u00e9galement \u00eatre r\u00e9mun\u00e9r\u00e9 sous un v\u00e9ritable statut de salari\u00e9 si la personne en situation de handicap opte pour cette solution. Dans ce cas, la personne aid\u00e9e devient employeur et doit d\u00e9clarer son aidant aupr\u00e8s de l\u2019URSSAF via le <strong>Ch\u00e8que Emploi Service Universel (CESU)<\/strong>. Cette alternative permet \u00e0 l\u2019aidant de b\u00e9n\u00e9ficier d\u2019une couverture sociale et de cotiser pour la retraite.<\/p>\n<p data-start=\"1535\" data-end=\"1814\">Pour \u00eatre \u00e9ligible \u00e0 ce statut, l\u2019aidant doit \u00eatre majeur et <strong>ne pas \u00eatre le conjoint, le partenaire de PACS ou le concubin de la personne aid\u00e9e<\/strong>. Le salaire vers\u00e9 d\u00e9pend des montants pr\u00e9vus par la PCH, soit <strong>17,25 \u20ac de l\u2019heure<\/strong> pour un emploi direct, ou <strong>23 \u20ac<\/strong> via un service agr\u00e9\u00e9.<\/p>\n<h1>Avec quelles aides pouvez-vous cumuler la PCH ?<\/h1>\n<p>Vous pouvez cumuler la PCH avec de nombreuses aides :<\/p>\n<ul>\n<li>L&rsquo;<a href=\"https:\/\/www.mes-allocs.fr\/guides\/aah\">Allocation aux Adultes Handicap\u00e9s ;<\/a><\/li>\n<li>Le <a href=\"https:\/\/www.mes-allocs.fr\/guides\/aah\/allocation-adulte-handicape-et-rsa\">RSA <\/a>(depuis le 6 novembre 2020 la PCH n&rsquo;est plus compt\u00e9e dans le calcul du RSA) ;<\/li>\n<li><a href=\"https:\/\/www.mes-allocs.fr\/guides\/aah\/aah-et-retraite\">La retraite<\/a> ;<\/li>\n<li>Les nombreux avantages qu&rsquo;offre la <a href=\"https:\/\/www.mes-allocs.fr\/guides\/aah\/rqth\">Reconnaissance de Qualit\u00e9 de Travailleur Handicap\u00e9 (RQTH)<\/a><\/li>\n<\/ul>\n","protected":false},"excerpt":{"rendered":"<p>Le handicap co\u00fbte cher, et les frais ont tendance \u00e0 se multiplier. Heureusement, des aides pour le handicap sont mises en place, et notamment la PCH.\u00a0La prestation de compensation du handicap (PCH) est une aide financi\u00e8re qui vous est vers\u00e9e par votre d\u00e9partement pour rembourser les d\u00e9penses li\u00e9es \u00e0 votre perte d&rsquo;autonomie. Son attribution d\u00e9pend [&hellip;]<\/p>\n","protected":false},"author":6,"featured_media":538,"comment_status":"open","ping_status":"open","sticky":false,"template":"","format":"standard","meta":{"amp_status":"","footnotes":""},"categories":[35708,14320],"tags":[],"class_list":["post-537","post","type-post","status-publish","format-standard","has-post-thumbnail","hentry","category-aide-handicap","category-aide-par-situation"],"yoast_head":"<!-- This site is optimized with the Yoast SEO plugin v14.9 - https:\/\/yoast.com\/wordpress\/plugins\/seo\/ -->\n<title>PCH 2026 : simulation, montant, conditions, d\u00e9marches<\/title>\n<meta name=\"description\" content=\"D\u00e9couvrez si vous \u00eates \u00e9ligible \u00e0 la PCH, \u00e0 combien vous pouvez avoir droit, et comment faire une demande en 2026.\" \/>\n<meta name=\"robots\" content=\"index, follow, max-snippet:-1, max-image-preview:large, max-video-preview:-1\" \/>\n<link rel=\"canonical\" href=\"https:\/\/www.mes-allocs.fr\/guides\/aide-par-situation\/aide-handicap\/pch\/\" \/>\n<meta property=\"og:locale\" content=\"fr_FR\" \/>\n<meta property=\"og:type\" content=\"article\" \/>\n<meta property=\"og:title\" content=\"PCH 2026 : simulation, montant, conditions, d\u00e9marches\" \/>\n<meta property=\"og:description\" content=\"D\u00e9couvrez si vous \u00eates \u00e9ligible \u00e0 la PCH, \u00e0 combien vous pouvez avoir droit, et comment faire une demande en 2026.\" \/>\n<meta property=\"og:url\" content=\"https:\/\/www.mes-allocs.fr\/guides\/aide-par-situation\/aide-handicap\/pch\/\" \/>\n<meta property=\"og:site_name\" content=\"Mes-Allocs.fr\" \/>\n<meta property=\"article:published_time\" content=\"2019-07-17T09:31:36+00:00\" \/>\n<meta property=\"article:modified_time\" content=\"2026-04-24T12:54:53+00:00\" \/>\n<meta property=\"og:image\" content=\"https:\/\/www.mes-allocs.fr\/guides\/wp-content\/uploads\/2019\/07\/3986_189_PCH-e1563549758282.jpg?wsr\" \/>\n\t<meta property=\"og:image:width\" content=\"1920\" \/>\n\t<meta property=\"og:image:height\" content=\"624\" \/>\n<meta name=\"twitter:card\" content=\"summary_large_image\" \/>\n<script type=\"application\/ld+json\" class=\"yoast-schema-graph\">{\"@context\":\"https:\/\/schema.org\",\"@graph\":[{\"@type\":\"WebSite\",\"@id\":\"https:\/\/www.mes-allocs.fr\/guides\/#website\",\"url\":\"https:\/\/www.mes-allocs.fr\/guides\/\",\"name\":\"Mes-Allocs.fr\",\"description\":\"\",\"potentialAction\":[{\"@type\":\"SearchAction\",\"target\":\"https:\/\/www.mes-allocs.fr\/guides\/?s={search_term_string}\",\"query-input\":\"required name=search_term_string\"}],\"inLanguage\":\"fr-FR\"},{\"@type\":\"ImageObject\",\"@id\":\"https:\/\/www.mes-allocs.fr\/guides\/aide-par-situation\/aide-handicap\/pch\/#primaryimage\",\"inLanguage\":\"fr-FR\",\"url\":\"https:\/\/www.mes-allocs.fr\/guides\/wp-content\/uploads\/2019\/07\/3986_189_PCH-e1563549758282.jpg?wsr\",\"width\":1920,\"height\":624,\"caption\":\"cumul pch et pension invalidit\\u00e9\"},{\"@type\":\"WebPage\",\"@id\":\"https:\/\/www.mes-allocs.fr\/guides\/aide-par-situation\/aide-handicap\/pch\/#webpage\",\"url\":\"https:\/\/www.mes-allocs.fr\/guides\/aide-par-situation\/aide-handicap\/pch\/\",\"name\":\"PCH 2026 : simulation, montant, conditions, d\\u00e9marches\",\"isPartOf\":{\"@id\":\"https:\/\/www.mes-allocs.fr\/guides\/#website\"},\"primaryImageOfPage\":{\"@id\":\"https:\/\/www.mes-allocs.fr\/guides\/aide-par-situation\/aide-handicap\/pch\/#primaryimage\"},\"datePublished\":\"2019-07-17T09:31:36+00:00\",\"dateModified\":\"2026-04-24T12:54:53+00:00\",\"author\":{\"@id\":\"https:\/\/www.mes-allocs.fr\/guides\/#\/schema\/person\/0ecd61a8600573914d00d970a588c024\"},\"description\":\"D\\u00e9couvrez si vous \\u00eates \\u00e9ligible \\u00e0 la PCH, \\u00e0 combien vous pouvez avoir droit, et comment faire une demande en 2026.\",\"inLanguage\":\"fr-FR\"},{\"@type\":\"Person\",\"@id\":\"https:\/\/www.mes-allocs.fr\/guides\/#\/schema\/person\/0ecd61a8600573914d00d970a588c024\",\"name\":\"Jonathan\",\"image\":{\"@type\":\"ImageObject\",\"@id\":\"https:\/\/www.mes-allocs.fr\/guides\/#personlogo\",\"inLanguage\":\"fr-FR\",\"url\":\"https:\/\/www.mes-allocs.fr\/guides\/wp-content\/uploads\/2021\/06\/jonathan-150x150.png\",\"caption\":\"Jonathan\"},\"description\":\"Jonathan est r\\u00e9dacteur au sein de l'\\u00e9quipe Mes Allocs, sp\\u00e9cialis\\u00e9 sur les sujets li\\u00e9s au handicap. Dipl\\u00f4m\\u00e9e de l'UPEM, il rejoint Mes Allocs apr\\u00e8s avoir travaill\\u00e9 \\u00e0 l'association AEDE qui accompagne les adultes en situation de handicap. Quand il n'\\u00e9crit pas, on peut le retrouver sur un terrain de basket.\",\"sameAs\":[\"https:\/\/www.linkedin.com\/in\/jonathan-bambela-8637861b7\"]}]}<\/script>\n<!-- \/ Yoast SEO plugin. -->","amp_validity":null,"acf":{"faq":{"1":{"question":"\ud83e\udd14 Qu'est ce que La Prestation de Compensation du Handicap ?","answer":"La prestation de compensation du handicap (PCH) est une aide financi\u00e8re qui vous est vers\u00e9e par votre d\u00e9partement pour rembourser les d\u00e9penses li\u00e9es \u00e0 votre perte d\u2019autonomie."},"2":{"question":"\ud83d\udd0d Quelles sont les conditions li\u00e9es \u00e0 la Prestation de Compensation du Handicap ? ","answer":"Il existe plusieurs paniers de conditions : Conditions d\u2019autonomie, Conditions d\u2019\u00e2ge, Conditions de ressources et Conditions de r\u00e9sidence. Faites <a href=\"https:\/\/www.mes-allocs.fr\/simulation-aides\">la simulation gratuite<\/a> directement sur le site de Mes Allocs pour conna\u00eetre tous vos droits d'\u00e9ligibilit\u00e9s."},"3":{"question":"\ud83d\udcca Comment demander la Prestation de Compensation du Handicap ?","answer":"Pour demander Prestation de Compensation du Handicap, vous devez constituer un dossier en remplissant un formulaire sp\u00e9cifique \u00e0 votre Maison D\u00e9partementale des Personnes Handicap\u00e9es (MDPH), et y joindre les pi\u00e8ces justificatives n\u00e9cessaires. Vous pouvez aussi demander \u00e0 Mes Allocs de faire <a href=\"https:\/\/www.mes-allocs.fr\/signature\">toutes les d\u00e9marches administratives<\/a> \u00e0 votre place. Vous pouvez aussi demander \u00e0 Mes Allocs de faire <a href=\"https:\/\/www.mes-allocs.fr\/signature\">toutes les d\u00e9marches administratives<\/a> \u00e0 votre place."},"4":{"question":"\ud83c\udfc6 Comment faire une simulation de Prestation de Compensation  ?","answer":"Le plus simple pour savoir si vous \u00eates \u00e9ligible \u00e0 la Prestation de Compensation du Handicap en fonction de vos revenus et de votre situation, est de faire <a href=\"https:\/\/www.mes-allocs.fr\/simulation-aides\">la simulation gratuite<\/a> de Mes Allocs."},"5":{"question":"\ud83d\udcb5Quel est le montant de l'allocation d'adulte handicap\u00e9 ?","answer":"Le montant de l'AAH en 2025 est au maximum de 1 033,32 \u20ac euros. Ce montant varie en fonction des ressources d\u00e9clar\u00e9es chaque trimestre"},"6":{"question":"\ud83d\udcc5Quand est vers\u00e9 l'allocation handicap\u00e9 ?","answer":"Le versement se fait au d\u00e9but du mois."},"7":{"question":"\u267fQuels sont les aides pour les personnes handicap\u00e9es ?","answer":"L'allocation aux adultes handicap\u00e9s (AAH) est une aide financi\u00e8re octroy\u00e9e par la CDAPH sous conditions (\u00e2ge, incapacit\u00e9, etc.) qui permet d'assurer un minimum de ressources aux personnes souffrant d'un handicap reconnu"},"8":{"question":"","answer":""},"9":{"question":"","answer":""},"10":{"question":"","answer":""},"11":{"question":"","answer":""},"12":{"question":"","answer":""},"13":{"question":"","answer":""},"14":{"question":"","answer":""},"15":{"question":"","answer":""},"16":{"question":"","answer":""}}},"_links":{"self":[{"href":"https:\/\/www.mes-allocs.fr\/guides\/wp-json\/wp\/v2\/posts\/537","targetHints":{"allow":["GET"]}}],"collection":[{"href":"https:\/\/www.mes-allocs.fr\/guides\/wp-json\/wp\/v2\/posts"}],"about":[{"href":"https:\/\/www.mes-allocs.fr\/guides\/wp-json\/wp\/v2\/types\/post"}],"author":[{"embeddable":true,"href":"https:\/\/www.mes-allocs.fr\/guides\/wp-json\/wp\/v2\/users\/6"}],"replies":[{"embeddable":true,"href":"https:\/\/www.mes-allocs.fr\/guides\/wp-json\/wp\/v2\/comments?post=537"}],"version-history":[{"count":42,"href":"https:\/\/www.mes-allocs.fr\/guides\/wp-json\/wp\/v2\/posts\/537\/revisions"}],"predecessor-version":[{"id":112289,"href":"https:\/\/www.mes-allocs.fr\/guides\/wp-json\/wp\/v2\/posts\/537\/revisions\/112289"}],"wp:featuredmedia":[{"embeddable":true,"href":"https:\/\/www.mes-allocs.fr\/guides\/wp-json\/wp\/v2\/media\/538"}],"wp:attachment":[{"href":"https:\/\/www.mes-allocs.fr\/guides\/wp-json\/wp\/v2\/media?parent=537"}],"wp:term":[{"taxonomy":"category","embeddable":true,"href":"https:\/\/www.mes-allocs.fr\/guides\/wp-json\/wp\/v2\/categories?post=537"},{"taxonomy":"post_tag","embeddable":true,"href":"https:\/\/www.mes-allocs.fr\/guides\/wp-json\/wp\/v2\/tags?post=537"}],"curies":[{"name":"wp","href":"https:\/\/api.w.org\/{rel}","templated":true}]}}