{"id":53420,"date":"2022-08-12T11:05:37","date_gmt":"2022-08-12T09:05:37","guid":{"rendered":"https:\/\/www.mes-allocs.fr\/guides\/?p=53420"},"modified":"2026-03-12T18:04:52","modified_gmt":"2026-03-12T17:04:52","slug":"minimum-retraite","status":"publish","type":"post","link":"https:\/\/www.mes-allocs.fr\/guides\/retraite\/calcul-retraite\/minimum-retraite\/","title":{"rendered":"Minimum contributif 2026 : conditions, montants, \u00e2ge de d\u00e9part"},"content":{"rendered":"<p><img loading=\"lazy\" decoding=\"async\" class=\"alignnone wp-image-54434\" title=\"minimum retraite\" src=\"https:\/\/www.mes-allocs.fr\/guides\/wp-content\/uploads\/2022\/07\/micheile-dot-com-lZ_4nPFKcV8-unsplash-e1658738032198-300x119.jpg\" alt=\"minimum retraite\" width=\"807\" height=\"320\" srcset=\"https:\/\/www.mes-allocs.fr\/guides\/wp-content\/uploads\/2022\/07\/micheile-dot-com-lZ_4nPFKcV8-unsplash-e1658738032198-300x119.jpg 300w, https:\/\/www.mes-allocs.fr\/guides\/wp-content\/uploads\/2022\/07\/micheile-dot-com-lZ_4nPFKcV8-unsplash-e1658738032198-1024x407.jpg 1024w, https:\/\/www.mes-allocs.fr\/guides\/wp-content\/uploads\/2022\/07\/micheile-dot-com-lZ_4nPFKcV8-unsplash-e1658738032198-768x305.jpg 768w, https:\/\/www.mes-allocs.fr\/guides\/wp-content\/uploads\/2022\/07\/micheile-dot-com-lZ_4nPFKcV8-unsplash-e1658738032198-1536x610.jpg 1536w, https:\/\/www.mes-allocs.fr\/guides\/wp-content\/uploads\/2022\/07\/micheile-dot-com-lZ_4nPFKcV8-unsplash-e1658738032198-600x238.jpg 600w, https:\/\/www.mes-allocs.fr\/guides\/wp-content\/uploads\/2022\/07\/micheile-dot-com-lZ_4nPFKcV8-unsplash-e1658738032198.jpg 1920w\" sizes=\"auto, (max-width: 807px) 100vw, 807px\" \/><\/p>\n<p style=\"text-align: justify;\"><span style=\"color: #000000;\"><span style=\"font-weight: 400;\">[Mis \u00e0 jour le 12\/03\/2026] Le passage \u00e0 la retraite <\/span><span style=\"font-weight: 400;\">est une \u00e9tape cl\u00e9 de la vie, mais tous les retrait\u00e9s ne disposent pas du m\u00eame niveau de ressources. Pour conna\u00eetre le montant de votre <\/span><a style=\"font-weight: bold;\" href=\"https:\/\/www.mes-allocs.fr\/guides\/retraite\/\"><span style=\"font-weight: 400;\">retraite<\/span><\/a><span style=\"font-weight: 400;\">, de nombreux calculs sont effectu\u00e9s. De nombreux d\u00e9tails sont n\u00e9cessaires afin d\u2019obtenir le montant exact de votre retraite. Cependant, il existe un <strong>montant minimum de retraite<\/strong>. Mes Allocs vous d\u00e9taille tout ce qu&rsquo;il faut savoir en 2026.<\/span><b><\/b><\/span><\/p>\n<div class='cta-block'><div class='text'>Simulez votre retraite en 2 min.<\/div><a href='https:\/\/www.mes-allocs.fr\/formulaire\/retraite?utm_source=seo&origin=guides\/wp-json\/wp\/v2\/posts\/53420' class='app-button fit'>Simulation gratuite<\/a><\/div>\n<h1><strong>Comprendre le minimum retraite\u00a0<\/strong><\/h1>\n<h2><strong>Qu\u2019est-ce que le minimum retraite ?<\/strong><\/h2>\n<p><span style=\"font-weight: 400;\">Le <strong>minimum retraite<\/strong>, aussi appel\u00e9 <strong>minimum contributif<\/strong>, correspond \u00e0 un montant minimal de pension vers\u00e9 aux retrait\u00e9s ayant cotis\u00e9 toute leur carri\u00e8re mais avec des revenus modestes. Il garantit un niveau de retraite d\u00e9cent pour les assur\u00e9s ayant valid\u00e9 suffisamment de trimestres pour b\u00e9n\u00e9ficier d\u2019une pension \u00e0 taux plein.<\/span><\/p>\n<p><span style=\"font-weight: 400;\">Il existe plusieurs formes de montants minimaux :<\/span><\/p>\n<ul>\n<li style=\"font-weight: 400;\" aria-level=\"1\"><span style=\"font-weight: 400;\"><strong>Minimum contributif :<\/strong> concerne les salari\u00e9s, les artistes-auteurs, les contractuels de la fonction publique, les personnes relevant du r\u00e9gime des cultes, ainsi que les commer\u00e7ants et artisans. Il est souvent assimil\u00e9 au minimum retraite.<\/span><\/li>\n<li style=\"font-weight: 400;\" aria-level=\"1\"><span style=\"font-weight: 400;\"><strong>Minimum garanti<\/strong> : r\u00e9serv\u00e9 aux fonctionnaires.<\/span><\/li>\n<li style=\"font-weight: 400;\" aria-level=\"1\"><span style=\"font-weight: 400;\"><strong>Majoration des petites retraites :<\/strong> s\u2019adresse aux exploitants agricoles.<\/span><\/li>\n<li style=\"font-weight: 400;\" aria-level=\"1\"><span style=\"font-weight: 400;\"><strong>Minimum retraite de certains r\u00e9gimes sp\u00e9ciaux :<\/strong> concerne les salari\u00e9s affili\u00e9s \u00e0 ces r\u00e9gimes.<\/span><\/li>\n<\/ul>\n<h2><strong>Qui peut b\u00e9n\u00e9ficier du minimum retraite ?<\/strong><\/h2>\n<p><span style=\"font-weight: 400;\">Il vous sera possible d\u2019obtenir le minimum contributif sous conditions. Il faut remplir 3 conditions pour pouvoir l\u2019obtenir.<\/span><\/p>\n<ul>\n<li style=\"font-weight: 400;\" aria-level=\"1\"><strong>Avoir le droit \u00e0 une pension \u00e0 taux plein\u00a0<\/strong><\/li>\n<li style=\"font-weight: 400;\" aria-level=\"1\"><strong>Toutes les pensions de base et compl\u00e9mentaires doivent avoir \u00e9t\u00e9 sollicit\u00e9es et obtenues.<\/strong><\/li>\n<li style=\"font-weight: 400;\" aria-level=\"1\"><strong>Le total de toutes les pensions de retraite per\u00e7ues ne doit pas exc\u00e9der 1 410,89 \u20ac par mois.<\/strong><\/li>\n<\/ul>\n<h1><strong>Les conditions d\u2019\u00e9ligibilit\u00e9 au minimum retraite<\/strong><\/h1>\n<h2><strong>L\u2019\u00e2ge l\u00e9gal de d\u00e9part \u00e0 la retraite<\/strong><\/h2>\n<p><span style=\"font-weight: 400;\">L\u2019\u00e2ge l\u00e9gal \u00e0 partir duquel vous avez le droit de prendre votre retraite est fix\u00e9 \u00e0 <strong>62 ans et 9 mois <\/strong>selon votre date de naissance.\u00a0<\/span><\/p>\n<p><span style=\"font-weight: 400;\">Il vous sera possible de partir \u00e0 la retraite avant cet \u00e2ge, sous certaines conditions, lorsque vous vous trouvez dans l\u2019une de ces situations :<\/span><\/p>\n<ul>\n<li style=\"font-weight: 400;\" aria-level=\"1\"><span style=\"font-weight: 400;\"><strong>si avez effectu\u00e9 une carri\u00e8re longue<\/strong><\/span><\/li>\n<li style=\"font-weight: 400;\" aria-level=\"1\"><strong>vous \u00eates handicap\u00e9(e)<\/strong><\/li>\n<li style=\"font-weight: 400;\" aria-level=\"1\"><strong>si vous \u00eates atteint d\u2019une incapacit\u00e9 permanente d\u2019origine professionnelle reconnue par l\u2019Assurance maladie.<\/strong><\/li>\n<\/ul>\n<p><span style=\"font-weight: 400;\">\u00c0 partir de 62 ans et 9 mois, et en fonction de votre date de naissance, vous pouvez demander \u00e0 partir \u00e0 la retraite quand vous le souhaitez.<\/span><\/p>\n<p><span style=\"font-weight: 400;\">La date de votre d\u00e9part doit \u00eatre fix\u00e9e au <strong>1<\/strong><\/span><strong>er<\/strong><span style=\"font-weight: 400;\"><strong> jour du mois<\/strong> que vous choisissez.<\/span><\/p>\n<h2><strong>Les plafonds de ressources pour percevoir le minimum retraite<\/strong><\/h2>\n<p><span style=\"font-weight: 400;\">Il ne faut pas que le versement du minimum contributif ait pour cons\u00e9quence d\u2019augmenter le total des pensions de retraite jusqu\u2019\u00e0<\/span><b> 1 410,89\u20ac<\/b><span style=\"font-weight: 400;\">\u00a0 par mois ou plus.<\/span><\/p>\n<p><span style=\"font-weight: 400;\">Dans le cas o\u00f9 il y a un d\u00e9passement, alors la majoration sera r\u00e9duite de fa\u00e7on \u00e0 obtenir le montant requis.<\/span><\/p>\n<h1><strong>Comment est calcul\u00e9 le montant de la retraite minimum ?<\/strong><\/h1>\n<h2><strong>Montant minimum de retraite si vous avez cotis\u00e9 moins de 120 trimestres<\/strong><\/h2>\n<p><span style=\"font-weight: 400;\">Si vous avez moins de <\/span><b>120 trimestres cotis\u00e9s<\/b><span style=\"font-weight: 400;\">, le <\/span><b>minimum contributif<\/b><span style=\"font-weight: 400;\"> est de <\/span><b>756,29 \u20ac brut par mois<\/b><span style=\"font-weight: 400;\"> (soit 9 075,50<\/span><b>\u00a0\u20ac brut par an<\/b><span style=\"font-weight: 400;\">). Si votre dur\u00e9e d\u2019assurance est inf\u00e9rieure aux trimestres requis pour une retraite \u00e0 taux plein, ce montant sera r\u00e9duit proportionnellement. Des <\/span><b>majorations<\/b><span style=\"font-weight: 400;\"> peuvent s&rsquo;ajouter en cas de <\/span><b>surcote, handicap, enfants ou tierce personne \u00e0 charge<\/b><span style=\"font-weight: 400;\">.<\/span><\/p>\n<h2><strong>Montant minimum de retraite si vous avez cotis\u00e9 120 trimestres ou plus<\/strong><\/h2>\n<p><span style=\"font-weight: 400;\">Si vous avez cotis\u00e9 au moins <\/span><b>120 trimestres<\/b><span style=\"font-weight: 400;\">, votre <\/span><b>minimum contributif<\/b><span style=\"font-weight: 400;\"> de <\/span><b>756,29 \u20ac brut par mois<\/b><span style=\"font-weight: 400;\"> sera major\u00e9 en fonction du nombre de trimestres cotis\u00e9s. Si votre dur\u00e9e d\u2019assurance est inf\u00e9rieure \u00e0 celle requise pour la retraite \u00e0 taux plein, ce montant sera r\u00e9duit proportionnellement. Des <\/span><b>majorations<\/b><span style=\"font-weight: 400;\"> peuvent s\u2019ajouter pour <\/span><b>surcote, handicap, enfants ou tierce personne \u00e0 charge<\/b><span style=\"font-weight: 400;\">.<\/span><\/p>\n<h2><strong>Montant minimum de retraite en cas de d\u00e9part \u00e0 la retraite entre 64 et 67 ans<\/strong><\/h2>\n<h3><strong>Si les conditions ne sont pas r\u00e9unies<\/strong><\/h3>\n<p><span style=\"font-weight: 400;\">L\u2019\u00e2ge l\u00e9gal de d\u00e9part \u00e0 la retraite en France est de <strong>62 ans et 9 mois.<\/strong><\/span><\/p>\n<p><span style=\"font-weight: 400;\">Si vous ne r\u00e9unissez pas les conditions pour b\u00e9n\u00e9ficier du taux maximum, vous pouvez continuer \u00e0 travailler jusqu\u2019\u00e0 ce que vous r\u00e9unissiez les conditions pour b\u00e9n\u00e9ficier du taux maximum.\u00a0 Vous pouvez \u00e9galement continuer \u00e0 travailler jusqu\u2019\u00e0 avoir atteint l\u2019\u00e2ge du taux maximum automatique (67 ans si vous \u00eates n\u00e9 en 1955 ou apr\u00e8s).\u00a0<\/span><\/p>\n<p><span style=\"font-weight: 400;\">Vous pouvez \u00e9galement faire le choix de partir \u00e0 la retraite avec une<strong> r\u00e9duction d\u00e9finitive<\/strong>.<\/span><\/p>\n<h3><strong>Si les conditions sont r\u00e9unies<\/strong><\/h3>\n<p><span style=\"font-weight: 400;\">Si vous r\u00e9unissez les conditions n\u00e9cessaires pour b\u00e9n\u00e9ficier du taux maximum, vous pouvez :<\/span><\/p>\n<ul>\n<li style=\"font-weight: 400;\" aria-level=\"1\"><strong>partir \u00e0 la retraite au taux maximum ;<\/strong><\/li>\n<li style=\"font-weight: 400;\" aria-level=\"1\"><strong>ou continuer \u00e0 travailler.\u00a0<\/strong><\/li>\n<\/ul>\n<p><span style=\"font-weight: 400;\">Si vous faites le choix de continuer \u00e0 travailler, une surcote sera alors appliqu\u00e9e au montant de la retraite.<\/span><\/p>\n<p><span style=\"font-weight: 400;\">Si vous ne r\u00e9unissez pas les conditions d\u2019obtention d\u2019une retraite au taux plein automatique, une r\u00e9duction d\u00e9finitive s\u2019applique sur le montant de votre retraite.\u00a0<\/span><\/p>\n<h2><strong>Montant minimum de retraite en cas de d\u00e9part \u00e0 la retraite entre 65 et 67 ans<\/strong><\/h2>\n<p><span style=\"font-weight: 400;\">A partir d\u2019un certain \u00e2ge, la retraite est calcul\u00e9e au <strong>taux maximum<\/strong>. Cela se fait quel que soit votre nombre de trimestres.<\/span><\/p>\n<p><span style=\"font-weight: 400;\">Cet \u00e2ge varie entre 65 \u00e0 67 ans. Cela d\u00e9pend de votre ann\u00e9e de naissance et de votre situation.\u00a0<\/span><\/p>\n<p><iframe loading=\"lazy\" src=\"\/\/www.youtube.com\/embed\/nZ79Bmawt_M\" width=\"560\" height=\"314\" allowfullscreen=\"allowfullscreen\"><\/iframe><\/p>\n<h1><strong>Quelles sont les d\u00e9marches n\u00e9cessaires pour obtenir le minimum contributif ?<\/strong><\/h1>\n<p><span style=\"font-weight: 400;\">Aucune d\u00e9marche sp\u00e9cifique n&rsquo;est requise pour b\u00e9n\u00e9ficier du minimum contributif. L\u2019Assurance retraite \u00e9value automatiquement l\u2019\u00e9ligibilit\u00e9 de chaque assur\u00e9 en tenant compte du montant total des pensions de base et compl\u00e9mentaires per\u00e7ues.\u00a0<\/span><\/p>\n<p><span style=\"font-weight: 400;\">Si vous \u00eates retrait\u00e9 aux revenus modestes et que vous soup\u00e7onnez une omission ou une erreur dans l\u2019attribution de votre minimum contributif, vous avez la possibilit\u00e9 d\u2019adresser une r\u00e9clamation aupr\u00e8s de l\u2019Assurance retraite afin de faire valoir vos droits.<\/span><\/p>\n<h1><strong>Quel est le minimum retraite sans avoir travaill\u00e9 ?<\/strong><\/h1>\n<p><span style=\"font-weight: 400;\">Lorsqu&rsquo;une personne n&rsquo;a jamais exerc\u00e9 d&rsquo;activit\u00e9 professionnelle ou n&rsquo;a pas suffisamment cotis\u00e9 pour percevoir une pension de retraite, elle peut b\u00e9n\u00e9ficier de l&rsquo;Allocation de Solidarit\u00e9 aux Personnes \u00c2g\u00e9es (ASPA), anciennement connue sous le nom de minimum vieillesse. Cette aide financi\u00e8re garantit un revenu minimum aux seniors ayant de faibles ressources.<\/span><\/p>\n<h2><strong>Conditions d\u2019obtention et montant de l\u2019Aspa<\/strong><\/h2>\n<p><span style=\"font-weight: 400;\">L&rsquo;ASPA est disponible \u00e0 partir de <\/span><b>65 ans<\/b><span style=\"font-weight: 400;\">, avec une demande possible plus t\u00f4t dans certains cas. Pour y pr\u00e9tendre, il faut remplir trois conditions :<\/span><\/p>\n<ul>\n<li style=\"font-weight: 400;\" aria-level=\"1\"><b>Nationalit\u00e9<\/b><span style=\"font-weight: 400;\"> : \u00eatre fran\u00e7ais ou r\u00e9sident stable et r\u00e9gulier en France.<\/span><span style=\"font-weight: 400;\"><br \/>\n<\/span><\/li>\n<li style=\"font-weight: 400;\" aria-level=\"1\"><b>\u00c2ge<\/b><span style=\"font-weight: 400;\"> : avoir <\/span><b>65 ans<\/b><span style=\"font-weight: 400;\">, avec exceptions possibles pour une demande anticip\u00e9e.<\/span><span style=\"font-weight: 400;\"><br \/>\n<\/span><\/li>\n<li style=\"font-weight: 400;\" aria-level=\"1\"><b>Ressources<\/b><span style=\"font-weight: 400;\"> : les revenus ne doivent pas d\u00e9passer un certain plafond.<\/span><span style=\"font-weight: 400;\"><br \/>\n<\/span><\/li>\n<\/ul>\n<p><span style=\"font-weight: 400;\">En 2026, l&rsquo;ASPA peut atteindre :<\/span><\/p>\n<ul>\n<li style=\"font-weight: 400;\" aria-level=\"1\"><b>1 043,59 \u20ac brut\/mois<\/b><span style=\"font-weight: 400;\"> pour une personne seule (<\/span><b>12 523,08 \u20ac brut\/an<\/b><span style=\"font-weight: 400;\">).<\/span><span style=\"font-weight: 400;\"><br \/>\n<\/span><\/li>\n<li style=\"font-weight: 400;\" aria-level=\"1\"><b>1 620,18 \u20ac brut\/mois<\/b><span style=\"font-weight: 400;\"> pour un couple (<\/span><b>19 442,16 \u20ac brut\/an<\/b><span style=\"font-weight: 400;\">).<\/span><\/li>\n<\/ul>\n<h2><strong>Diff\u00e9rence entre ASPA et minimum contributif\u00a0<\/strong><\/h2>\n<ul>\n<li style=\"font-weight: 400;\" aria-level=\"1\"><span style=\"font-weight: 400;\">L\u2019<\/span><b>ASPA<\/b><span style=\"font-weight: 400;\"> est une <\/span><b>allocation diff\u00e9rentielle<\/b><span style=\"font-weight: 400;\">, attribu\u00e9e ind\u00e9pendamment du nombre de trimestres cotis\u00e9s. Elle permet d\u2019atteindre un montant minimum de ressources, mais son versement peut \u00eatre en partie r\u00e9cup\u00e9r\u00e9 sur la succession du b\u00e9n\u00e9ficiaire.<\/span><\/li>\n<li style=\"font-weight: 400;\" aria-level=\"1\"><span style=\"font-weight: 400;\">Le <\/span><b>minimum contributif<\/b><span style=\"font-weight: 400;\">, quant \u00e0 lui, est r\u00e9serv\u00e9 aux personnes ayant suffisamment cotis\u00e9 pour b\u00e9n\u00e9ficier d\u2019une pension de retraite \u00e0 taux plein. Son montant d\u00e9pend des pensions d\u00e9j\u00e0 per\u00e7ues, et il <\/span><b>n\u2019est pas r\u00e9cup\u00e9rable sur la succession<\/b><span style=\"font-weight: 400;\">.<\/span><\/li>\n<\/ul>\n<h2><strong>Cumuler le minimum retraite et l&rsquo;ASPA<\/strong><\/h2>\n<p><span style=\"font-weight: 400;\">Une personne percevant une faible pension de retraite gr\u00e2ce au minimum contributif peut, sous certaines conditions, <strong>compl\u00e9ter<\/strong> ses revenus avec l\u2019ASPA. <strong>Toutefois, l\u2019ASPA \u00e9tant une allocation diff\u00e9rentielle, son montant sera ajust\u00e9 en fonction des ressources d\u00e9j\u00e0 per\u00e7ues<\/strong>. Si la somme totale des pensions de retraite et des autres revenus reste inf\u00e9rieure au plafond de l\u2019ASPA, alors un compl\u00e9ment peut \u00eatre accord\u00e9 pour atteindre ce montant garanti.<\/span><\/p>\n<h1><strong>Fonctionnaires : les modalit\u00e9s du minimum garanti<\/strong><\/h1>\n<p><span style=\"font-weight: 400;\">Les fonctionnaires ont droit \u00e0 un <\/span><b>minimum garanti<\/b><span style=\"font-weight: 400;\"> pour leur pension de retraite. Lors du calcul, le montant est compar\u00e9 \u00e0 ce minimum, et c&rsquo;est la somme la plus avantageuse qui est retenue, sans d\u00e9marche sp\u00e9cifique du retrait\u00e9. Ce minimum garanti d\u00e9pend de :<\/span><\/p>\n<ul>\n<li style=\"font-weight: 400;\" aria-level=\"1\"><b>Le traitement indiciaire brut annuel<\/b><span style=\"font-weight: 400;\"> bas\u00e9 sur l&rsquo;indice major\u00e9 100 de 2023(5 907,34\u20ac par an),<\/span><\/li>\n<li style=\"font-weight: 400;\" aria-level=\"1\"><b>Le nombre d\u2019ann\u00e9es de service<\/b><span style=\"font-weight: 400;\"> du fonctionnaire, influen\u00e7ant le montant final.<\/span><\/li>\n<\/ul>\n<div class='cta-block'><div class='text'>Simulez votre retraite en 2 min.<\/div><a href='https:\/\/www.mes-allocs.fr\/formulaire\/retraite?utm_source=seo&origin=guides\/wp-json\/wp\/v2\/posts\/53420' class='app-button fit'>Simulation gratuite<\/a><\/div>\n","protected":false},"excerpt":{"rendered":"<p>[Mis \u00e0 jour le 12\/03\/2026] Le passage \u00e0 la retraite est une \u00e9tape cl\u00e9 de la vie, mais tous les retrait\u00e9s ne disposent pas du m\u00eame niveau de ressources. Pour conna\u00eetre le montant de votre retraite, de nombreux calculs sont effectu\u00e9s. De nombreux d\u00e9tails sont n\u00e9cessaires afin d\u2019obtenir le montant exact de votre retraite. Cependant, [&hellip;]<\/p>\n","protected":false},"author":13,"featured_media":54434,"comment_status":"closed","ping_status":"open","sticky":false,"template":"","format":"standard","meta":{"amp_status":"","footnotes":""},"categories":[21738,19177],"tags":[],"class_list":["post-53420","post","type-post","status-publish","format-standard","has-post-thumbnail","hentry","category-calcul-retraite","category-retraite"],"yoast_head":"<!-- This site is optimized with the Yoast SEO plugin v14.9 - https:\/\/yoast.com\/wordpress\/plugins\/seo\/ -->\n<title>Minimum retraite 2026 : conditions, montants, \u00e2ge de d\u00e9part | Mes-Allocs.fr<\/title>\n<meta name=\"description\" content=\"Vous pouvez b\u00e9n\u00e9ficier du minimum retraite en 2026 selon certaines conditions pr\u00e9cises. Mes Allocs vous explique comment l&#039;avoir.\" \/>\n<meta name=\"robots\" content=\"index, follow, max-snippet:-1, max-image-preview:large, max-video-preview:-1\" \/>\n<link rel=\"canonical\" href=\"https:\/\/www.mes-allocs.fr\/guides\/retraite\/calcul-retraite\/minimum-retraite\/\" \/>\n<meta property=\"og:locale\" content=\"fr_FR\" \/>\n<meta property=\"og:type\" content=\"article\" \/>\n<meta property=\"og:title\" content=\"Minimum retraite 2026 : conditions, montants, \u00e2ge de d\u00e9part | Mes-Allocs.fr\" \/>\n<meta property=\"og:description\" content=\"Vous pouvez b\u00e9n\u00e9ficier du minimum retraite en 2026 selon certaines conditions pr\u00e9cises. Mes Allocs vous explique comment l&#039;avoir.\" \/>\n<meta property=\"og:url\" content=\"https:\/\/www.mes-allocs.fr\/guides\/retraite\/calcul-retraite\/minimum-retraite\/\" \/>\n<meta property=\"og:site_name\" content=\"Mes-Allocs.fr\" \/>\n<meta property=\"article:published_time\" content=\"2022-08-12T09:05:37+00:00\" \/>\n<meta property=\"article:modified_time\" content=\"2026-03-12T17:04:52+00:00\" \/>\n<meta property=\"og:image\" content=\"https:\/\/www.mes-allocs.fr\/guides\/wp-content\/uploads\/2022\/07\/micheile-dot-com-lZ_4nPFKcV8-unsplash-e1658738032198.jpg?wsr\" \/>\n\t<meta property=\"og:image:width\" content=\"1920\" \/>\n\t<meta property=\"og:image:height\" content=\"763\" \/>\n<meta name=\"twitter:card\" content=\"summary_large_image\" \/>\n<script type=\"application\/ld+json\" class=\"yoast-schema-graph\">{\"@context\":\"https:\/\/schema.org\",\"@graph\":[{\"@type\":\"WebSite\",\"@id\":\"https:\/\/www.mes-allocs.fr\/guides\/#website\",\"url\":\"https:\/\/www.mes-allocs.fr\/guides\/\",\"name\":\"Mes-Allocs.fr\",\"description\":\"\",\"potentialAction\":[{\"@type\":\"SearchAction\",\"target\":\"https:\/\/www.mes-allocs.fr\/guides\/?s={search_term_string}\",\"query-input\":\"required name=search_term_string\"}],\"inLanguage\":\"fr-FR\"},{\"@type\":\"ImageObject\",\"@id\":\"https:\/\/www.mes-allocs.fr\/guides\/retraite\/calcul-retraite\/minimum-retraite\/#primaryimage\",\"inLanguage\":\"fr-FR\",\"url\":\"https:\/\/www.mes-allocs.fr\/guides\/wp-content\/uploads\/2022\/07\/micheile-dot-com-lZ_4nPFKcV8-unsplash-e1658738032198.jpg?wsr\",\"width\":1920,\"height\":763,\"caption\":\"minimum retraite\"},{\"@type\":\"WebPage\",\"@id\":\"https:\/\/www.mes-allocs.fr\/guides\/retraite\/calcul-retraite\/minimum-retraite\/#webpage\",\"url\":\"https:\/\/www.mes-allocs.fr\/guides\/retraite\/calcul-retraite\/minimum-retraite\/\",\"name\":\"Minimum retraite 2026 : conditions, montants, \\u00e2ge de d\\u00e9part | Mes-Allocs.fr\",\"isPartOf\":{\"@id\":\"https:\/\/www.mes-allocs.fr\/guides\/#website\"},\"primaryImageOfPage\":{\"@id\":\"https:\/\/www.mes-allocs.fr\/guides\/retraite\/calcul-retraite\/minimum-retraite\/#primaryimage\"},\"datePublished\":\"2022-08-12T09:05:37+00:00\",\"dateModified\":\"2026-03-12T17:04:52+00:00\",\"author\":{\"@id\":\"https:\/\/www.mes-allocs.fr\/guides\/#\/schema\/person\/c22c1269332026958a3b5505f80b5404\"},\"description\":\"Vous pouvez b\\u00e9n\\u00e9ficier du minimum retraite en 2026 selon certaines conditions pr\\u00e9cises. Mes Allocs vous explique comment l'avoir.\",\"inLanguage\":\"fr-FR\"},{\"@type\":\"Person\",\"@id\":\"https:\/\/www.mes-allocs.fr\/guides\/#\/schema\/person\/c22c1269332026958a3b5505f80b5404\",\"name\":\"Flavien Fritz\",\"image\":{\"@type\":\"ImageObject\",\"@id\":\"https:\/\/www.mes-allocs.fr\/guides\/#personlogo\",\"inLanguage\":\"fr-FR\",\"url\":\"https:\/\/www.mes-allocs.fr\/guides\/wp-content\/uploads\/2021\/11\/Flavien-1-150x150.png\",\"caption\":\"Flavien Fritz\"},\"description\":\"Flavien est r\\u00e9dacteur au sein de l'\\u00e9quipe Mes Allocs, sp\\u00e9cialis\\u00e9 en droit priv\\u00e9. Dipl\\u00f4m\\u00e9 de l'Institut Catholique de Vend\\u00e9e, il rejoint Mes Allocs apr\\u00e8s une premi\\u00e8re exp\\u00e9rience entrepreneuriale.\",\"sameAs\":[\"https:\/\/fr.linkedin.com\/in\/flavienfritz\"]}]}<\/script>\n<!-- \/ Yoast SEO plugin. -->","amp_validity":null,"acf":{"faq":{"1":{"question":"Qu'est-ce que la retraite minimum ?","answer":"Le minimum retraite est un montant de pension minimum qui permet aux retrait\u00e9s les plus modestes d'obtenir un compl\u00e9ment de revenu.\r\n<br> <a href=\"https:\/\/www.mes-allocs.fr\/guides\/retraite\/retraite-calcul\/retraite-minimum\/\">Lire la suite<\/a>"},"2":{"question":"Comment obtenir la retraite minimum ?","answer":"Il vous sera possible d'obtenir le minimum contributif sous conditions. Il faut remplir 3 conditions pour pouvoir l'obtenir.\r\n<br> <a href=\"https:\/\/www.mes-allocs.fr\/guides\/retraite\/retraite-calcul\/retraite-minimum\/\">Lire la suite<\/a>"},"3":{"question":"Quel est le montant de la retraite minimum ?","answer":"Selon votre nombre de trimestres cotis\u00e9s, le montant minimum contributif va varier.\r\n<br> <a href=\"https:\/\/www.mes-allocs.fr\/guides\/retraite\/retraite-calcul\/retraite-minimum\/\">Lire la suite<\/a>"},"4":{"question":"Quel est le plafond \u00e0 ne pas d\u00e9passer pour la retraite minimum ?","answer":"Il ne faut pas que le versement du minimum contributif ait pour cons\u00e9quence d'augmenter le total des pensions de retraite jusqu'\u00e0  par mois ou plus.\r\n<br> <a href=\"https:\/\/www.mes-allocs.fr\/guides\/retraite\/retraite-calcul\/retraite-minimum\/\">Lire la suite<\/a>"},"5":{"question":"","answer":""},"6":{"question":"","answer":""},"7":{"question":"","answer":""},"8":{"question":"","answer":""},"9":{"question":"","answer":""},"10":{"question":"","answer":""},"11":{"question":"","answer":""},"12":{"question":"","answer":""},"13":{"question":"","answer":""},"14":{"question":"","answer":""},"15":{"question":"","answer":""},"16":{"question":"","answer":""}}},"_links":{"self":[{"href":"https:\/\/www.mes-allocs.fr\/guides\/wp-json\/wp\/v2\/posts\/53420","targetHints":{"allow":["GET"]}}],"collection":[{"href":"https:\/\/www.mes-allocs.fr\/guides\/wp-json\/wp\/v2\/posts"}],"about":[{"href":"https:\/\/www.mes-allocs.fr\/guides\/wp-json\/wp\/v2\/types\/post"}],"author":[{"embeddable":true,"href":"https:\/\/www.mes-allocs.fr\/guides\/wp-json\/wp\/v2\/users\/13"}],"replies":[{"embeddable":true,"href":"https:\/\/www.mes-allocs.fr\/guides\/wp-json\/wp\/v2\/comments?post=53420"}],"version-history":[{"count":20,"href":"https:\/\/www.mes-allocs.fr\/guides\/wp-json\/wp\/v2\/posts\/53420\/revisions"}],"predecessor-version":[{"id":110453,"href":"https:\/\/www.mes-allocs.fr\/guides\/wp-json\/wp\/v2\/posts\/53420\/revisions\/110453"}],"wp:featuredmedia":[{"embeddable":true,"href":"https:\/\/www.mes-allocs.fr\/guides\/wp-json\/wp\/v2\/media\/54434"}],"wp:attachment":[{"href":"https:\/\/www.mes-allocs.fr\/guides\/wp-json\/wp\/v2\/media?parent=53420"}],"wp:term":[{"taxonomy":"category","embeddable":true,"href":"https:\/\/www.mes-allocs.fr\/guides\/wp-json\/wp\/v2\/categories?post=53420"},{"taxonomy":"post_tag","embeddable":true,"href":"https:\/\/www.mes-allocs.fr\/guides\/wp-json\/wp\/v2\/tags?post=53420"}],"curies":[{"name":"wp","href":"https:\/\/api.w.org\/{rel}","templated":true}]}}