{"id":53363,"date":"2022-08-10T18:30:17","date_gmt":"2022-08-10T16:30:17","guid":{"rendered":"https:\/\/www.mes-allocs.fr\/guides\/?p=53363"},"modified":"2026-02-11T17:58:42","modified_gmt":"2026-02-11T16:58:42","slug":"retraite-education-nationale","status":"publish","type":"post","link":"https:\/\/www.mes-allocs.fr\/guides\/retraite\/retraite-par-metier\/retraite-education-nationale\/","title":{"rendered":"Retraite \u00e9ducation nationale : conditions, calcul, d\u00e9marches"},"content":{"rendered":"<p><img loading=\"lazy\" decoding=\"async\" title=\"retraite education nationale\" src=\"https:\/\/www.mes-allocs.fr\/guides\/wp-content\/uploads\/2022\/07\/tra-nguyen-TVSRWmnW8Us-unsplash-e1658219556734.jpg\" alt=\"retraite education nationale\" width=\"1920\" height=\"528\" \/><\/p>\n<p>[Mis \u00e0 jour le 11\/02\/2026] Aujourd&rsquo;hui en France, la retraite que vous allez percevoir d\u00e9pend avant tout du m\u00e9tier et du secteur dans lequel vous avez effectu\u00e9 votre carri\u00e8re. En effet, selon que vous ayez effectu\u00e9 une carri\u00e8re dans le secteur priv\u00e9 ou public, les conditions de calcul de votre retraite, mais \u00e9galement l&rsquo;\u00e2ge auquel vous pouvez l&rsquo;obtenir changent. Les personnels de l&rsquo;Education nationale rel\u00e8vent d\u2019un <a href=\"https:\/\/www.mes-allocs.fr\/guides\/retraite\/retraite-par-metier\/\">r\u00e9gime de retraite sp\u00e9cial<\/a>. Mes Allocs vous explique les modalit\u00e9s de la<strong> retraite dans l&rsquo;\u00e9ducation nationale.<\/strong><\/p>\n<div class='cta-block'><div class='text'>Simulez votre retraite en 2 min.<\/div><a href='https:\/\/www.mes-allocs.fr\/formulaire\/retraite?utm_source=seo&origin=guides\/wp-json\/wp\/v2\/posts\/53363' class='app-button fit'>Simulation gratuite<\/a><\/div>\n<h1>Quel est le r\u00e9gime de retraite des personnels de l\u2019Education nationale ?<\/h1>\n<h2>La retraite de base dans l\u2019\u00c9ducation nationale<\/h2>\n<p>Les agents de l\u2019\u00c9ducation nationale rel\u00e8vent d\u2019un <b>r\u00e9gime sp\u00e9cial<\/b>, avec des conditions diff\u00e9rentes selon qu\u2019ils occupent un poste <b>s\u00e9dentaire ou actif<\/b>. La <b>pension est attribu\u00e9e automatiquement \u00e0 taux plein<\/b> \u00e0 l\u2019\u00e2ge limite, sauf exceptions (carri\u00e8re longue, handicap). Il faut <b>au moins 15 ans de service<\/b> pour une retraite de la fonction publique ; en dessous, les droits passent au <b>r\u00e9gime g\u00e9n\u00e9ral<\/b>.<\/p>\n<h2>La retraite compl\u00e9mentaire dans l\u2019Education nationale<\/h2>\n<p>Les fonctionnaires de l\u2019\u00c9ducation nationale cotisent \u00e0 la <b>RAFP<\/b>,<b> un r\u00e9gime compl\u00e9mentaire \u00e0 points<\/b> bas\u00e9 sur les primes et indemnit\u00e9s. \u00c0 la retraite, les points sont convertis en pension (<strong>1,4596 \u20ac<\/strong><b>\u202f\/point en 2026<\/b>). <b>Moins de 5\u202f125 points<\/b> donnent droit \u00e0 un capital ( fractionn\u00e9), au-del\u00e0, \u00e0 une rente mensuelle revaloris\u00e9e. Pour en b\u00e9n\u00e9ficier, il faut \u00eatre admis \u00e0 la retraite du r\u00e9gime principal et faire la demande simultan\u00e9ment.<\/p>\n<h2>Quelle diff\u00e9rence entre le public et le priv\u00e9 ?<\/h2>\n<ul>\n<li aria-level=\"1\"><b>Le r\u00e9gime de base : <\/b>Dans l\u2019\u00c9ducation nationale, les fonctionnaires titulaires (secteur public) rel\u00e8vent du <b>Service des retraites de l\u2019\u00c9tat (SRE)<\/b>. Leur pension est calcul\u00e9e sur les 6 derniers mois de traitement indiciaire, avec un taux plein \u00e0 75 % apr\u00e8s une carri\u00e8re compl\u00e8te. En revanche, les enseignants du priv\u00e9 sous contrat sont affili\u00e9s au <b>r\u00e9gime g\u00e9n\u00e9ral de la S\u00e9curit\u00e9 sociale<\/b>, comme les salari\u00e9s du priv\u00e9. Leur retraite est bas\u00e9e sur les 25 meilleures ann\u00e9es de salaire.<\/li>\n<li aria-level=\"1\"><b>La retraite compl\u00e9mentaire : <\/b>Les fonctionnaires cotisent \u00e0 la <b>RAFP<\/b>, calcul\u00e9e sur les primes et indemnit\u00e9s (dans la limite de 20 % du traitement brut). Les enseignants du priv\u00e9 cotisent \u00e0 une caisse compl\u00e9mentaire diff\u00e9rente selon leur date d\u2019embauche : <b>AGIRC-ARRCO<\/b> (avant 2017) ou <b>IRCANTEC<\/b> (\u00e0 partir de 2017). Certains peuvent aussi b\u00e9n\u00e9ficier du <b>RETREP<\/b> ou du <b>RAR<\/b>, sous conditions sp\u00e9cifiques.<\/li>\n<\/ul>\n<h2><iframe loading=\"lazy\" src=\"\/\/www.youtube.com\/embed\/nZ79Bmawt_M\" width=\"560\" height=\"314\" allowfullscreen=\"allowfullscreen\"><\/iframe><\/h2>\n<h1>Quelles conditions pour partir en retraite apr\u00e8s une carri\u00e8re dans l\u2019Education nationale ?<\/h1>\n<p>Les agents \u00ab s\u00e9dentaires \u00bb de l\u2019\u00c9ducation nationale peuvent envisager un d\u00e9part \u00e0 la retraite d\u00e8s l\u2019\u00e2ge de<b> 62 ans,<\/b> tandis qu\u2019ils sont tenus de cesser leur activit\u00e9 au plus tard \u00e0 <b>64 ans.<\/b><\/p>\n<p>Pour le personnel \u00ab actif \u00bb, les droits \u00e0 la retraite s\u2019ouvrent plus t\u00f4t, d\u00e8s <b>57 ans<\/b>, avec une limite d\u2019\u00e2ge fix\u00e9e \u00e0<strong> 59<\/strong><b>\u00a0ans<\/b> pour mettre fin \u00e0 leur carri\u00e8re.<\/p>\n<h1>Comment est calcul\u00e9e la retraite dans l\u2019\u00c9ducation nationale ?<\/h1>\n<p>La <a href=\"https:\/\/www.mes-allocs.fr\/guides\/retraite\/retraite-par-metier\/retraite-fonctionnaire\/\">retraite de base des fonctionnaires<\/a> de l\u2019\u00c9ducation nationale est calcul\u00e9e \u00e0 partir du dernier traitement indiciaire brut (salaire hors primes) selon cette formule :<\/p>\n<p><b>Montant = traitement brut x (trimestres valid\u00e9s \/ trimestres requis) x 75 %.<\/b><\/p>\n<p>Le nombre de trimestres comprend les ann\u00e9es travaill\u00e9es, les bonifications (enfants, service militaire, etc.), et peut varier selon votre ann\u00e9e de naissance.<\/p>\n<p>Le montant final peut \u00eatre r\u00e9duit (d\u00e9cote) ou augment\u00e9 (surcote ou majoration pour enfants).<\/p>\n<h1>Les bonifications : comment am\u00e9liorer votre pension ?<\/h1>\n<p>Les bonifications sont des <b>trimestres suppl\u00e9mentaire<\/b>s ajout\u00e9s gratuitement \u00e0 votre dur\u00e9e de service. Par exemple, un an peut \u00eatre accord\u00e9 par enfant n\u00e9 avant 2004, si vous avez interrompu ou r\u00e9duit votre activit\u00e9.<\/p>\n<p>D\u2019autres bonifications concernent les services hors Europe, les campagnes militaires, ou certains stages professionnels. Ces avantages peuvent porter votre pension jusqu\u2019\u00e0 <b>80 % <\/b>de votre dernier traitement.<\/p>\n<p>Attention : certains cas ne sont pris en compte que si vous avez au moins <b>15 ans de service <\/b>ou selon votre motif de d\u00e9part.<\/p>\n<div class='cta-block'><div class='text'>Simulez votre retraite en 2 min.<\/div><a href='https:\/\/www.mes-allocs.fr\/formulaire\/retraite?utm_source=seo&origin=guides\/wp-json\/wp\/v2\/posts\/53363' class='app-button fit'>Simulation gratuite<\/a><\/div>\n<h1>Comment atteindre la retraite \u00e0 taux plein pour les personnels de l\u2019Education nationale ?<\/h1>\n<h2>Les conditions pour une retraite \u00e0 taux plein<\/h2>\n<p>Le taux plein de retraite dans l\u2019\u00c9ducation nationale est de <b>75 %<\/b>, accessible avec <b>158 \u00e0 164 trimestres<\/b> selon l\u2019ann\u00e9e. Des <b>bonifications<\/b> peuvent ajouter des trimestres gratuits, portant le taux jusqu\u2019\u00e0 <b>80 %<\/b>.<\/p>\n<p>Le calcul de la pension se fait ainsi :<\/p>\n<p><b>Montant = dernier traitement indiciaire brut \u00d7 75 % \u00d7 (trimestres acquis \/ trimestres requis)<\/b>.<\/p>\n<h2>Les effets de la d\u00e9cote et de la surcote<\/h2>\n<p>Si l\u2019assur\u00e9 n\u2019a pas le nombre de trimestres requis, un <b>coefficient de minoration<\/b> s\u2019applique, dans la limite de 20 trimestres. \u00c0 l\u2019inverse, chaque trimestre suppl\u00e9mentaire donne droit \u00e0 une <b>majoration<\/b>, \u00e9galement plafonn\u00e9e \u00e0 20 trimestres et accessible \u00e0 partir de 60 ans. Des <b>majorations sp\u00e9cifiques<\/b> existent aussi, notamment pour les parents. Quoi qu\u2019il en soit, un <b>minimum garanti<\/b> s\u2019applique selon l\u2019ann\u00e9e de d\u00e9part.<\/p>\n<h2>Le cumul emploi-retraite dans l\u2019\u00c9ducation nationale<\/h2>\n<p>Il est possible de cumuler sa pension avec la pension militaire d\u2019invalidit\u00e9. Il en est de m\u00eame de son cumul avec les revenus issus d\u2019une activit\u00e9 r\u00e9mun\u00e9ratrice. Ce cumul va cependant \u00eatre soumis \u00e0 condition. Etant donn\u00e9 que le montant des revenus autoris\u00e9s est plafonn\u00e9, les exc\u00e9dents pourront conduire \u00e0 une d\u00e9duction du montant de la pension.<\/p>\n<h2>La retraite additionnelle des fonctionnaires (RAFP)<\/h2>\n<p>La<b> retraite additionnelle de la fonction publique (RAFP)<\/b> est un r\u00e9gime compl\u00e9mentaire obligatoire mis en place en 2005. Elle s&rsquo;ajoute \u00e0 la retraite de base du SRE (fonctionnaires d&rsquo;\u00c9tat) ou de la CNRACL (territoriaux et hospitaliers). Les cotisations sont pr\u00e9lev\u00e9es sur les primes, indemnit\u00e9s et avantages en nature, dans la limite de <b>20\u202f%<\/b> du traitement indiciaire annuel. Le taux de cotisation est de <b>5\u202f%<\/b>, pris en charge \u00e0 parts \u00e9gales par l\u2019agent et l\u2019employeur. Les cotisations sont converties en points, transform\u00e9s \u00e0 la retraite en rente ou capital selon leur nombre.<\/p>\n<h2>La liquidation de la retraite<\/h2>\n<p>Les d\u00e9marches de liquidation de la retraite dans l\u2019\u00e9ducation nationale sont \u00e0 faire <b>aupr\u00e8s du service des pensions de l\u2019administration.<\/b> Dans ce cas, l\u2019assur\u00e9 sera appel\u00e9 \u00e0 y demander son relev\u00e9 de carri\u00e8re.<\/p>\n<p>Cette proc\u00e9dure doit se faire <b>2 ans<\/b> avant la date pr\u00e9vue de son d\u00e9part \u00e0 la retraite. C\u2019est ce qui lui permettra de commencer les proc\u00e9dures de r\u00e9gularisation de sa situation.<\/p>\n<p>Vous \u00eates enseignant ? D\u00e9couvrez comment fonctionne la <a href=\"https:\/\/www.mes-allocs.fr\/guides\/retraite\/retraite-par-metier\/retraite-enseignant\/\">retraite dans l\u2019enseignement<\/a> !<\/p>\n<h1>Le maintien en activit\u00e9 : travailler au-del\u00e0 de l&rsquo;\u00e2ge l\u00e9gal<\/h1>\n<p>Le personnel actif ou les enseignants n\u2019ayant pas tous leurs trimestres peuvent demander un <b>maintien en activit\u00e9<\/b>, sous r\u00e9serve d\u2019aptitude physique et <b>dans l\u2019int\u00e9r\u00eat du service<\/b>. Ces ann\u00e9es suppl\u00e9mentaires <b>comptent pour la pension<\/b> et ouvrent droit \u00e0 une <b>surcote<\/b>.<\/p>\n<h1>Le dispositif de \u201cseconde carri\u00e8re\u201d<\/h1>\n<p>Les enseignants de l\u2019\u00c9ducation nationale peuvent b\u00e9n\u00e9ficier du dispositif de <b>seconde carri\u00e8re<\/b>, inscrit dans la loi. Apr\u00e8s <b>15 ans de service<\/b>, il permet une <b>reconversion<\/b> dans un autre secteur de la fonction publique.<\/p>\n<h1>Quelles d\u00e9marches pour partir en retraite ?<\/h1>\n<h2>\u00catre inform\u00e9 sur la retraite a partir de 35 ans<\/h2>\n<p>D\u00e8s <b>35 ans<\/b>, les agents re\u00e7oivent tous les 5 ans un relev\u00e9 de situation individuelle. Ce document peut aussi \u00eatre demand\u00e9 tous les 2 ans.<\/p>\n<p>\u00c0 partir de <b>45 ans<\/b>, un entretien d&rsquo;information retraite peut \u00eatre sollicit\u00e9.<\/p>\n<p>D\u00e8s <b>55 ans<\/b>, une estimation indicative globale (EIG) donne une projection de la pension.<\/p>\n<p>Enfin, <b>2 ans avant le d\u00e9part<\/b>, un accompagnement personnalis\u00e9 est possible via le Service des retraites de l\u2019\u00c9tat (02 40 08 87 65 ou formulaire en ligne).<\/p>\n<h2>Comment faire votre demande de retraite ?<\/h2>\n<p>La demande de retraite doit \u00eatre faite <b>au moins 6 mois avant le d\u00e9part<\/b>, par voie hi\u00e9rarchique, pour \u00e9viter une interruption de paiement.<br \/>\nLa demande se fait :<\/p>\n<ul>\n<li aria-level=\"1\"><b>En ligne<\/b> via Info Retraite (carri\u00e8re inter-r\u00e9gime)<\/li>\n<li aria-level=\"1\">Ou via ENSAP (carri\u00e8re dans la fonction publique)<\/li>\n<li aria-level=\"1\">Ou <b>par courrier<\/b> avec le formulaire <b>EPR 11<\/b><b><br \/>\n<\/b> Vous devez aussi demander votre <b>radiation des cadres<\/b>. Le <b>Service des retraites de l\u2019\u00c9tat<\/b> traite votre dossier et verse votre pension.<\/li>\n<\/ul>\n<h1>La retraite de l\u2019\u00c9ducation nationale pour les agents non-fonctionnaires de l\u2019Etat<\/h1>\n<p>Si vous n\u2019\u00eates pas fonctionnaire titulaire, votre retraite d\u00e9pend de plusieurs r\u00e9gimes en fonction de votre statut et de votre date d\u2019embauche.<\/p>\n<ul>\n<li aria-level=\"1\"><b>Retraite de base<\/b> : Vous relevez du <b>r\u00e9gime g\u00e9n\u00e9ral de la S\u00e9curit\u00e9 sociale<\/b>, g\u00e9r\u00e9 par la CNAV (Caisse nationale d\u2019assurance vieillesse). Cela concerne les agents contractuels de droit public ainsi que les enseignants des \u00e9tablissements priv\u00e9s sous contrat avec l\u2019\u00c9tat.<\/li>\n<li aria-level=\"1\"><b>Retraite compl\u00e9mentaire<\/b> : Si vous avez \u00e9t\u00e9 embauch\u00e9 avant le 1er janvier 2017 : vous cotisez aupr\u00e8s des r\u00e9gimes <b>AGIRC-ARRCO<\/b> (r\u00e9gime des salari\u00e9s du priv\u00e9). Si vous avez \u00e9t\u00e9 embauch\u00e9 \u00e0 partir du 1er janvier 2017 : vous relevez de l\u2019<b>IRCANTEC<\/b>, r\u00e9gime sp\u00e9cifique aux non titulaires du public.<\/li>\n<li aria-level=\"1\">Sous certaines conditions, vous pouvez b\u00e9n\u00e9ficier de :\n<ul>\n<li aria-level=\"1\"><b>RETREP<\/b> (r\u00e9gime temporaire de retraite de l\u2019enseignement priv\u00e9).<\/li>\n<li aria-level=\"1\"><b>RAR<\/b> (r\u00e9gime additionnel de retraite), g\u00e9r\u00e9 par l\u2019Association pour la pr\u00e9voyance collective (APC).<\/li>\n<\/ul>\n<\/li>\n<\/ul>\n<div class='cta-block'><div class='text'>Simulez votre retraite en 2 min.<\/div><a href='https:\/\/www.mes-allocs.fr\/formulaire\/retraite?utm_source=seo&origin=guides\/wp-json\/wp\/v2\/posts\/53363' class='app-button fit'>Simulation gratuite<\/a><\/div>\n","protected":false},"excerpt":{"rendered":"<p>[Mis \u00e0 jour le 11\/02\/2026] Aujourd&rsquo;hui en France, la retraite que vous allez percevoir d\u00e9pend avant tout du m\u00e9tier et du secteur dans lequel vous avez effectu\u00e9 votre carri\u00e8re. En effet, selon que vous ayez effectu\u00e9 une carri\u00e8re dans le secteur priv\u00e9 ou public, les conditions de calcul de votre retraite, mais \u00e9galement l&rsquo;\u00e2ge auquel [&hellip;]<\/p>\n","protected":false},"author":13,"featured_media":54033,"comment_status":"closed","ping_status":"open","sticky":false,"template":"","format":"standard","meta":{"amp_status":"","footnotes":""},"categories":[19177,21723],"tags":[],"class_list":["post-53363","post","type-post","status-publish","format-standard","has-post-thumbnail","hentry","category-retraite","category-retraite-par-metier"],"yoast_head":"<!-- This site is optimized with the Yoast SEO plugin v14.9 - https:\/\/yoast.com\/wordpress\/plugins\/seo\/ -->\n<title>Retraite \u00e9ducation nationale : conditions, calcul, d\u00e9marches | Mes-Allocs.fr<\/title>\n<meta name=\"description\" content=\"Les conditions de votre retraite varient si vous avez effectu\u00e9 une carri\u00e8re dans l&#039;\u00e9ducation nationale dans le secteur priv\u00e9 ou public.\" \/>\n<meta name=\"robots\" content=\"index, follow, max-snippet:-1, max-image-preview:large, max-video-preview:-1\" \/>\n<link rel=\"canonical\" href=\"https:\/\/www.mes-allocs.fr\/guides\/retraite\/retraite-par-metier\/retraite-education-nationale\/\" \/>\n<meta property=\"og:locale\" content=\"fr_FR\" \/>\n<meta property=\"og:type\" content=\"article\" \/>\n<meta property=\"og:title\" content=\"Retraite \u00e9ducation nationale : conditions, calcul, d\u00e9marches | Mes-Allocs.fr\" \/>\n<meta property=\"og:description\" content=\"Les conditions de votre retraite varient si vous avez effectu\u00e9 une carri\u00e8re dans l&#039;\u00e9ducation nationale dans le secteur priv\u00e9 ou public.\" \/>\n<meta property=\"og:url\" content=\"https:\/\/www.mes-allocs.fr\/guides\/retraite\/retraite-par-metier\/retraite-education-nationale\/\" \/>\n<meta property=\"og:site_name\" content=\"Mes-Allocs.fr\" \/>\n<meta property=\"article:published_time\" content=\"2022-08-10T16:30:17+00:00\" \/>\n<meta property=\"article:modified_time\" content=\"2026-02-11T16:58:42+00:00\" \/>\n<meta property=\"og:image\" content=\"https:\/\/www.mes-allocs.fr\/guides\/wp-content\/uploads\/2022\/07\/tra-nguyen-TVSRWmnW8Us-unsplash-e1658219556734.jpg?wsr\" \/>\n\t<meta property=\"og:image:width\" content=\"1920\" \/>\n\t<meta property=\"og:image:height\" content=\"528\" \/>\n<meta name=\"twitter:card\" content=\"summary_large_image\" \/>\n<script type=\"application\/ld+json\" class=\"yoast-schema-graph\">{\"@context\":\"https:\/\/schema.org\",\"@graph\":[{\"@type\":\"WebSite\",\"@id\":\"https:\/\/www.mes-allocs.fr\/guides\/#website\",\"url\":\"https:\/\/www.mes-allocs.fr\/guides\/\",\"name\":\"Mes-Allocs.fr\",\"description\":\"\",\"potentialAction\":[{\"@type\":\"SearchAction\",\"target\":\"https:\/\/www.mes-allocs.fr\/guides\/?s={search_term_string}\",\"query-input\":\"required name=search_term_string\"}],\"inLanguage\":\"fr-FR\"},{\"@type\":\"ImageObject\",\"@id\":\"https:\/\/www.mes-allocs.fr\/guides\/retraite\/retraite-par-metier\/retraite-education-nationale\/#primaryimage\",\"inLanguage\":\"fr-FR\",\"url\":\"https:\/\/www.mes-allocs.fr\/guides\/wp-content\/uploads\/2022\/07\/tra-nguyen-TVSRWmnW8Us-unsplash-e1658219556734.jpg?wsr\",\"width\":1920,\"height\":528,\"caption\":\"retraite education nationale\"},{\"@type\":\"WebPage\",\"@id\":\"https:\/\/www.mes-allocs.fr\/guides\/retraite\/retraite-par-metier\/retraite-education-nationale\/#webpage\",\"url\":\"https:\/\/www.mes-allocs.fr\/guides\/retraite\/retraite-par-metier\/retraite-education-nationale\/\",\"name\":\"Retraite \\u00e9ducation nationale : conditions, calcul, d\\u00e9marches | Mes-Allocs.fr\",\"isPartOf\":{\"@id\":\"https:\/\/www.mes-allocs.fr\/guides\/#website\"},\"primaryImageOfPage\":{\"@id\":\"https:\/\/www.mes-allocs.fr\/guides\/retraite\/retraite-par-metier\/retraite-education-nationale\/#primaryimage\"},\"datePublished\":\"2022-08-10T16:30:17+00:00\",\"dateModified\":\"2026-02-11T16:58:42+00:00\",\"author\":{\"@id\":\"https:\/\/www.mes-allocs.fr\/guides\/#\/schema\/person\/c22c1269332026958a3b5505f80b5404\"},\"description\":\"Les conditions de votre retraite varient si vous avez effectu\\u00e9 une carri\\u00e8re dans l'\\u00e9ducation nationale dans le secteur priv\\u00e9 ou public.\",\"inLanguage\":\"fr-FR\"},{\"@type\":\"Person\",\"@id\":\"https:\/\/www.mes-allocs.fr\/guides\/#\/schema\/person\/c22c1269332026958a3b5505f80b5404\",\"name\":\"Flavien Fritz\",\"image\":{\"@type\":\"ImageObject\",\"@id\":\"https:\/\/www.mes-allocs.fr\/guides\/#personlogo\",\"inLanguage\":\"fr-FR\",\"url\":\"https:\/\/www.mes-allocs.fr\/guides\/wp-content\/uploads\/2021\/11\/Flavien-1-150x150.png\",\"caption\":\"Flavien Fritz\"},\"description\":\"Flavien est r\\u00e9dacteur au sein de l'\\u00e9quipe Mes Allocs, sp\\u00e9cialis\\u00e9 en droit priv\\u00e9. Dipl\\u00f4m\\u00e9 de l'Institut Catholique de Vend\\u00e9e, il rejoint Mes Allocs apr\\u00e8s une premi\\u00e8re exp\\u00e9rience entrepreneuriale.\",\"sameAs\":[\"https:\/\/fr.linkedin.com\/in\/flavienfritz\"]}]}<\/script>\n<!-- \/ Yoast SEO plugin. -->","amp_validity":null,"acf":{"faq":{"1":{"question":"A quel \u00e2ge obtenir la retraite pour le personnel s\u00e9dentaire ?","answer":"L\u2019\u00e2ge d\u2019ouverture des\u00a0droits \u00e0 la retraite est de 60 ans pour le personnel s\u00e9dentaire\u00a0de l\u2019\u00e9ducation nationale.\r\n"},"2":{"question":"A quel \u00e2ge obtenir la retraite pour le personnel du service actif ?","answer":"Pour les agents du service actif (instituteurs, professeurs des \u00e9coles), l'\u00e2ge d'ouverture des droits est de 55 ans.\r\n"},"3":{"question":"Qu'est-ce que le dispositif de seconde carri\u00e8re ?","answer":"Ce dispositif permet\u00a0aux agents qui ont effectu\u00e9 15 ann\u00e9es de carri\u00e8re d\u2019envisager une reconversion.\r\n"},"4":{"question":"Quel est le taux plein de la retraite pour l'\u00e9ducation nationale ?","answer":"Le taux plein de la retraite dans l'\u00e9ducation nationale s'\u00e9l\u00e8ve \u00e0 75%.\r\n"},"5":{"question":"","answer":""},"6":{"question":"","answer":""},"7":{"question":"","answer":""},"8":{"question":"","answer":""},"9":{"question":"","answer":""},"10":{"question":"","answer":""},"11":{"question":"","answer":""},"12":{"question":"","answer":""},"13":{"question":"","answer":""},"14":{"question":"","answer":""},"15":{"question":"","answer":""},"16":{"question":"","answer":""}}},"_links":{"self":[{"href":"https:\/\/www.mes-allocs.fr\/guides\/wp-json\/wp\/v2\/posts\/53363","targetHints":{"allow":["GET"]}}],"collection":[{"href":"https:\/\/www.mes-allocs.fr\/guides\/wp-json\/wp\/v2\/posts"}],"about":[{"href":"https:\/\/www.mes-allocs.fr\/guides\/wp-json\/wp\/v2\/types\/post"}],"author":[{"embeddable":true,"href":"https:\/\/www.mes-allocs.fr\/guides\/wp-json\/wp\/v2\/users\/13"}],"replies":[{"embeddable":true,"href":"https:\/\/www.mes-allocs.fr\/guides\/wp-json\/wp\/v2\/comments?post=53363"}],"version-history":[{"count":21,"href":"https:\/\/www.mes-allocs.fr\/guides\/wp-json\/wp\/v2\/posts\/53363\/revisions"}],"predecessor-version":[{"id":108966,"href":"https:\/\/www.mes-allocs.fr\/guides\/wp-json\/wp\/v2\/posts\/53363\/revisions\/108966"}],"wp:featuredmedia":[{"embeddable":true,"href":"https:\/\/www.mes-allocs.fr\/guides\/wp-json\/wp\/v2\/media\/54033"}],"wp:attachment":[{"href":"https:\/\/www.mes-allocs.fr\/guides\/wp-json\/wp\/v2\/media?parent=53363"}],"wp:term":[{"taxonomy":"category","embeddable":true,"href":"https:\/\/www.mes-allocs.fr\/guides\/wp-json\/wp\/v2\/categories?post=53363"},{"taxonomy":"post_tag","embeddable":true,"href":"https:\/\/www.mes-allocs.fr\/guides\/wp-json\/wp\/v2\/tags?post=53363"}],"curies":[{"name":"wp","href":"https:\/\/api.w.org\/{rel}","templated":true}]}}