{"id":53341,"date":"2022-06-23T17:45:05","date_gmt":"2022-06-23T15:45:05","guid":{"rendered":"https:\/\/www.mes-allocs.fr\/guides\/?p=53341"},"modified":"2026-03-04T17:25:16","modified_gmt":"2026-03-04T16:25:16","slug":"retraite-progressive","status":"publish","type":"post","link":"https:\/\/www.mes-allocs.fr\/guides\/retraite\/retraite-progressive\/","title":{"rendered":"Retraite progressive : conditions, montant, d\u00e9marches"},"content":{"rendered":"<p style=\"text-align: justify;\"><img loading=\"lazy\" decoding=\"async\" class=\"aligncenter wp-image-53355 size-full\" title=\"retraite progressive\" src=\"https:\/\/www.mes-allocs.fr\/guides\/wp-content\/uploads\/2022\/06\/isaac-smith-6EnTPvPPL6I-unsplash-e1761725018599.jpg\" alt=\"retraite progressive\" width=\"1920\" height=\"300\" \/><\/p>\n<p style=\"text-align: justify;\">[Mis \u00e0 jour le 04\/03\/2026] Il va vous \u00eatre possible d&rsquo;am\u00e9nager la fin de votre carri\u00e8re avec le dispositif de la<strong> retraite progressive.<\/strong> Celui-ci va vous permettre de commencer \u00e0 obtenir une portion de votre <a href=\"https:\/\/www.mes-allocs.fr\/guides\/retraite\/\" target=\"_blank\" rel=\"noopener\">retraite<\/a> \u00e0 partir de l&rsquo;\u00e2ge de 60 ans. Vous devrez cependant continuer d&rsquo;exercer une ou plusieurs activit\u00e9s \u00e0 temps partiel. Mes Allocs vous d\u00e9taille tout ce qu&rsquo;il faut savoir en 2026 sur la retraite progressive.<\/p>\n<div class='cta-block'><div class='text'>Simulez votre retraite en 2 min.<\/div><a href='https:\/\/www.mes-allocs.fr\/formulaire\/retraite?utm_source=seo&origin=guides\/wp-json\/wp\/v2\/posts\/53341' class='app-button fit'>Simulation gratuite<\/a><\/div>\n<h1><strong>Comprendre la retraite progressive<\/strong><\/h1>\n<h2><strong>Qu\u2019est-ce que la retraite progressive ?<\/strong><\/h2>\n<p><span style=\"font-weight: 400;\">La retraite progressive est un dispositif qui permet aux salari\u00e9s en fin de carri\u00e8re de<strong> passer en douceur vers la retraite compl\u00e8te.<\/strong> Concr\u00e8tement, elle vous offre la possibilit\u00e9 de r\u00e9duire votre temps de travail, en optant pour un emploi \u00e0 temps partiel, tout en percevant une partie de votre pension de retraite \u2014 \u00e0 la fois de base et compl\u00e9mentaire.<\/span><\/p>\n<p><span style=\"font-weight: 400;\">Pendant cette p\u00e9riode de transition,<strong> vous continuez \u00e0 cotiser pour votre retraite future. Il est m\u00eame possible de surcotiser,<\/strong> c\u2019est-\u00e0-dire de cotiser comme si vous \u00e9tiez toujours \u00e0 temps plein, afin d\u2019augmenter le montant de votre retraite d\u00e9finitive.<\/span><\/p>\n<p><span style=\"font-weight: 400;\">Une fois que vous cessez totalement votre activit\u00e9 professionnelle,<strong> vos droits sont recalcul\u00e9s<\/strong> en int\u00e9grant cette p\u00e9riode de retraite progressive, ce qui peut vous permettre de b\u00e9n\u00e9ficier d\u2019une pension plus avantageuse.<\/span><\/p>\n<h2><strong>Retraite progressive : quelles diff\u00e9rences avec la pr\u00e9retraite et la retraite anticip\u00e9e ?<\/strong><\/h2>\n<h3><strong>La retraite progressive vs la pr\u00e9retraite<\/strong><\/h3>\n<p><span style=\"font-weight: 400;\">La <\/span><a href=\"https:\/\/www.mes-allocs.fr\/guides\/retraite\/preretraite\/\"><span style=\"font-weight: 400;\">pr\u00e9retraite<\/span><\/a><span style=\"font-weight: 400;\"> n\u2019est r\u00e9serv\u00e9e qu\u2019\u00e0 une certaine cat\u00e9gorie de salari\u00e9s. Celle-ci ne permet pas de travailler \u00e0 temps partiel en fin de carri\u00e8re.<\/span><\/p>\n<p><strong>Pour obtenir la pr\u00e9retraite, il faut avoir cess\u00e9 toute activit\u00e9 professionnelle.\u00a0<\/strong><\/p>\n<h3><strong>La retraite progressive vs la retraite anticip\u00e9e<\/strong><\/h3>\n<p><span style=\"font-weight: 400;\">Ce dispositif va permettre \u00e0 certains salari\u00e9s de partir plus t\u00f4t \u00e0 la retraite. Ces salari\u00e9s sont ceux qui exercent un m\u00e9tier p\u00e9nible, qui ont un handicap ou une incapacit\u00e9 permanente de partir plus t\u00f4t \u00e0 la retraite.<\/span><\/p>\n<p><span style=\"font-weight: 400;\">La retraite anticip\u00e9e est plus difficile \u00e0 distinguer. <strong>Les conditions d\u2019\u00e9ligibilit\u00e9 ne sont pas les m\u00eames que celles d\u2019une pr\u00e9retraite.<\/strong><\/span><\/p>\n<p><iframe loading=\"lazy\" src=\"\/\/www.youtube.com\/embed\/nZ79Bmawt_M\" width=\"560\" height=\"314\" allowfullscreen=\"allowfullscreen\"><\/iframe><\/p>\n<h1><strong>Quelles sont les conditions pour b\u00e9n\u00e9ficier de la retraite progressive ?<\/strong><\/h1>\n<p>Depuis le <strong>d\u00e9cret publi\u00e9 au Journal officiel le mercredi 23 juillet 2025<\/strong>, il est possible de b\u00e9n\u00e9ficier de la retraite progressive \u00e0 partir de 60 ans et non plus 62 ans. Attention n\u00e9anmoins, ce nouvel \u00e2ge de d\u00e9part \u00e0 la retraite progressive ne s&rsquo;applique qu&rsquo;\u00e0 partir du<strong> 1er septembre 2025<\/strong>.<\/p>\n<p><span style=\"font-weight: 400;\">Voici toutes les conditions \u00e0 remplir :\u00a0<\/span><\/p>\n<ul>\n<li><span style=\"font-weight: 400;\">Avoir<strong> au moins 60 ans<\/strong><\/span><\/li>\n<li><span style=\"font-weight: 400;\"><strong>R\u00e9unir au moins 150 trimestres<\/strong> dans tous vos r\u00e9gimes de retraite de base<\/span><\/li>\n<li><span style=\"font-weight: 400;\">Exercer une ou plusieurs activit\u00e9s \u00e0 temps partiel, et percevoir une r\u00e9mun\u00e9ration comprise<strong> entre 40 % et 80%<\/strong> de la dur\u00e9e l\u00e9gale ou conventionnelle du travail applicable dans votre entreprise ou vos entreprises, ou dans votre profession. <\/span>La dur\u00e9e l\u00e9gale du travail devra \u00eatre exprim\u00e9e en <strong>heures<\/strong> qui seront<strong> r\u00e9parties sur la semaine ou le mois.<\/strong><\/li>\n<\/ul>\n<h1><span style=\"font-weight: 400;\"><strong>Comment calculer le montant de la retraite progressive ?<\/strong><\/span><\/h1>\n<p><span style=\"font-weight: 400;\">Le montant de la retraite progressive est calcul\u00e9 provisoirement <strong>selon vos droits au moment de la demande.<\/strong><\/span><\/p>\n<p><span style=\"font-weight: 400;\">Le pourcentage de pension vers\u00e9 d\u00e9pend de votre<strong> taux d\u2019activit\u00e9<\/strong> (ex. : 55 % de travail = 45 % de retraite).<\/span><\/p>\n<p><span style=\"font-weight: 400;\">En cas de modification de votre temps partiel,<strong> le montant est r\u00e9vis\u00e9 \u00e0 la date anniversaire de la retraite progressive.<\/strong><\/span><\/p>\n<p><span style=\"font-weight: 400;\">Lorsque vous partez en retraite d\u00e9finitive, un nouveau calcul est effectu\u00e9.<\/span><\/p>\n<p><strong>Le montant le plus avantageux entre l\u2019ancien et le nouveau sera retenu.<\/strong><\/p>\n<h1><strong>La retraite progressive pour les ind\u00e9pendants : est-ce possible ?<\/strong><\/h1>\n<p><span style=\"font-weight: 400;\">Les ind\u00e9pendants (artisans, commer\u00e7ants, mandataires sociaux, etc.) peuvent b\u00e9n\u00e9ficier de la retraite progressive.<\/span><\/p>\n<p><span style=\"font-weight: 400;\">Le montant vers\u00e9 d\u00e9pend de la <strong>baisse de leurs revenus professionnels<\/strong>.<\/span><\/p>\n<p><span style=\"font-weight: 400;\">Il s&rsquo;agit d\u2019un pourcentage de leur retraite de base <\/span><b>et<\/b><span style=\"font-weight: 400;\"> compl\u00e9mentaire.<\/span><\/p>\n<p><span style=\"font-weight: 400;\">La baisse d\u2019activit\u00e9 est \u00e9valu\u00e9e selon la <strong>diminution des revenus issus de l\u2019activit\u00e9 ind\u00e9pendante.<\/strong><\/span><\/p>\n<p><span style=\"font-weight: 400;\">Comme pour les salari\u00e9s, les revenus doivent \u00eatre r\u00e9duits \u00e0 <\/span><b>50 % \u00e0 90 %<\/b><span style=\"font-weight: 400;\"> du revenu habituel.<\/span><\/p>\n<p><span style=\"font-weight: 400;\">La pension progressive vers\u00e9e repr\u00e9sente alors <\/span><b>10 % \u00e0 50 %<\/b><span style=\"font-weight: 400;\"> du montant total de la retraite.<\/span><\/p>\n<h1><strong>Retraite progressive : comment \u00e7a marche pour les exploitants agricoles ?\u00a0<\/strong><\/h1>\n<p><span style=\"font-weight: 400;\"><strong>La retraite progressive agricole suit le m\u00eame principe que pour les salari\u00e9s et non-salari\u00e9s<\/strong>.<\/span><\/p>\n<p><span style=\"font-weight: 400;\">La baisse d\u2019activit\u00e9 peut \u00eatre mesur\u00e9e selon les cas par la<strong> r\u00e9duction de surface exploit\u00e9e, la cession de parts sociales ou la baisse du temps de travail annuel.<\/strong><\/span><\/p>\n<p><span style=\"font-weight: 400;\"><strong>Les revenus sont compar\u00e9s \u00e0 ceux de l\u2019ann\u00e9e pr\u00e9c\u00e9dente,<\/strong> selon l\u2019assiette de l\u2019imp\u00f4t sur le revenu.<\/span><\/p>\n<p><span style=\"font-weight: 400;\">Une moyenne des revenus professionnels des 5 ann\u00e9es pr\u00e9c\u00e9dant la demande est aussi utilis\u00e9e pour affiner le calcul.<\/span><\/p>\n<h1><strong>Comment faire une demande de retraite progressive ?<\/strong><\/h1>\n<p><span style=\"font-weight: 400;\">La demande de retraite progressive se fait aupr\u00e8s de la caisse de retraite du dernier r\u00e9gime d\u2019affiliation.<\/span><\/p>\n<p><span style=\"font-weight: 400;\">Depuis 2025, la demande peut se faire en ligne sur le portail <\/span><b>Info Retraite<\/b><span style=\"font-weight: 400;\">, quel que soit le r\u00e9gime.<\/span><\/p>\n<p><span style=\"font-weight: 400;\"><strong>Documents \u00e0 fournir<\/strong> :<\/span><\/p>\n<ul>\n<li style=\"font-weight: 400;\" aria-level=\"1\"><span style=\"font-weight: 400;\">Attestation de l\u2019employeur pr\u00e9cisant le temps partiel<\/span><\/li>\n<li style=\"font-weight: 400;\" aria-level=\"1\"><span style=\"font-weight: 400;\">Relev\u00e9 de carri\u00e8re<\/span><\/li>\n<li style=\"font-weight: 400;\" aria-level=\"1\"><span style=\"font-weight: 400;\">Bulletins de salaire<\/span><\/li>\n<li style=\"font-weight: 400;\" aria-level=\"1\"><span style=\"font-weight: 400;\">Pi\u00e8ce d\u2019identit\u00e9<\/span><\/li>\n<\/ul>\n<p><span style=\"font-weight: 400;\">Anticipez la d\u00e9marche <\/span><b>5 mois \u00e0 l\u2019avance<\/b><span style=\"font-weight: 400;\"> pour \u00e9viter les retards.<\/span><\/p>\n<p><span style=\"font-weight: 400;\">Une fois accept\u00e9e, la pension progressive est vers\u00e9e <strong>mensuellement<\/strong> et ajust\u00e9e selon votre activit\u00e9.<\/span><\/p>\n<h1><strong>Suspension ou fin de la retraite progressive<\/strong><\/h1>\n<h2><strong>Quand la retraite progressive peut-elle \u00eatre suspendue ?<\/strong><\/h2>\n<p><span style=\"font-weight: 400;\">Vous recevrez r\u00e9guli\u00e8rement un <strong>questionnaire<\/strong> de la part de votre caisse r\u00e9gionale afin de v\u00e9rifier votre activit\u00e9 \u00e0 temps partiel.<\/span><\/p>\n<p><span style=\"font-weight: 400;\">Ce questionnaire devra \u00eatre renvoy\u00e9<strong> dans les d\u00e9lais<\/strong> \u00e0 votre caisse r\u00e9gionale. Celui-ci est n\u00e9cessaire afin que le paiement de votre retraite progressive ne soit pas suspendu.<\/span><\/p>\n<p><span style=\"font-weight: 400;\"><strong>Lorsque votre activit\u00e9 \u00e0 temps partiel est suspendue, le paiement de votre retraite progressive l\u2019est aussi.<\/strong> Le paiement sera suspendu m\u00eame dans le cas o\u00f9 vous n\u2019avez pas encore le droit d\u2019obtenir votre retraite d\u00e9finitive.<\/span><\/p>\n<p><span style=\"font-weight: 400;\">Dans le cas o\u00f9 vous reprendrez une activit\u00e9 \u00e0 temps partiel, alors vous pouvez \u00e0 nouveau b\u00e9n\u00e9ficier de la retraite progressive.<\/span><\/p>\n<h2><strong>Dans quelles situations la retraite progressive est-elle supprim\u00e9e ?<\/strong><\/h2>\n<p><span style=\"font-weight: 400;\">La retraite progressive peut \u00eatre supprim\u00e9e dans certaines situations :<\/span><\/p>\n<ul>\n<li style=\"font-weight: 400;\" aria-level=\"1\"><span style=\"font-weight: 400;\"><strong>Si vous cessez toute activit\u00e9 \u00e0 temps partiel<\/strong> et demandez votre retraite d\u00e9finitive.<\/span><\/li>\n<li style=\"font-weight: 400;\" aria-level=\"1\"><strong>Si vous reprenez une activit\u00e9 \u00e0 temps plein.<\/strong><\/li>\n<li style=\"font-weight: 400;\" aria-level=\"1\"><span style=\"font-weight: 400;\"><strong>Si vous modifiez votre temps de travail et que celui-ci ne respecte plus les limites fix\u00e9es<\/strong> (entre 50 % et 90 % de la dur\u00e9e l\u00e9gale).<\/span><\/li>\n<\/ul>\n<p><span style=\"font-weight: 400;\">Dans ces cas, le paiement de la retraite progressive sera interrompu \u00e0 partir du 1er jour du mois suivant le changement. Vous ne pourrez plus b\u00e9n\u00e9ficier de la retraite progressive.<\/span><\/p>\n<h1><strong>Avantages et inconv\u00e9nients de la retraite progressive<\/strong><\/h1>\n<h2><strong>Quels sont les avantages de la retraite progressive ?<\/strong><\/h2>\n<ul>\n<li><span style=\"font-weight: 400;\">Gr\u00e2ce \u00e0 la retraite progressive, vous allez<strong> continuer de cotiser pour votre retraite<\/strong> pendant que vous exercez une activit\u00e9 \u00e0 temps partiel. Lorsque vous demanderez votre retraite d\u00e9finitive, le montant sera recalcul\u00e9 tout en tenant compte de ces <\/span><a href=\"https:\/\/www.mes-allocs.fr\/guides\/retraite\/cotisation-retraite\/\"><span style=\"font-weight: 400;\">cotisations<\/span><\/a><span style=\"font-weight: 400;\">.<\/span><\/li>\n<li><span style=\"font-weight: 400;\">Vous pouvez \u00e9galement cotiser pour la retraite sur la base du salaire \u00e0 temps plein pour votre activit\u00e9 \u00e0 temps partiel. Cela se fait \u00e9videmment sous r\u00e9serve de l\u2019accord de votre employeur. <\/span><strong>Cela vous permettra d\u2019obtenir une retraite d\u2019un montant identique \u00e0 celui que vous auriez per\u00e7u en travaillant \u00e0 temps plein.<\/strong><\/li>\n<\/ul>\n<h2><strong>Quels sont les inconv\u00e9nients de la retraite progressive ?<\/strong><\/h2>\n<ul>\n<li><span style=\"font-weight: 400;\">M\u00eame avec la fraction de pension vers\u00e9e, le revenu total (salaire \u00e0 temps partiel + pension) peut \u00eatre <strong>inf\u00e9rieur au salaire \u00e0 temps plein<\/strong>. \u200b<\/span><span style=\"font-weight: 400;\"><br \/>\n<\/span><\/li>\n<li><span style=\"font-weight: 400;\">Les cotisations \u00e9tant bas\u00e9es sur le salaire \u00e0 temps partiel,<strong> les droits acquis pour la retraite compl\u00e9mentaire peuvent \u00eatre r\u00e9duits<\/strong>, sauf en cas de surcotisation.<\/span><span style=\"font-weight: 400;\"><br \/>\n<\/span><\/li>\n<li><span style=\"font-weight: 400;\"><strong>L&#8217;employeur doit donner son accord<\/strong> pour le passage \u00e0 temps partiel, ce qui peut constituer un frein si ce dernier refuse.<\/span><\/li>\n<\/ul>\n<div class=\"ce_text block\">\n<div class='cta-block'><div class='text'>Simulez votre retraite en 2 min.<\/div><a href='https:\/\/www.mes-allocs.fr\/formulaire\/retraite?utm_source=seo&origin=guides\/wp-json\/wp\/v2\/posts\/53341' class='app-button fit'>Simulation gratuite<\/a><\/div>\n<\/div>\n","protected":false},"excerpt":{"rendered":"<p>[Mis \u00e0 jour le 04\/03\/2026] Il va vous \u00eatre possible d&rsquo;am\u00e9nager la fin de votre carri\u00e8re avec le dispositif de la retraite progressive. Celui-ci va vous permettre de commencer \u00e0 obtenir une portion de votre retraite \u00e0 partir de l&rsquo;\u00e2ge de 60 ans. Vous devrez cependant continuer d&rsquo;exercer une ou plusieurs activit\u00e9s \u00e0 temps partiel. [&hellip;]<\/p>\n","protected":false},"author":13,"featured_media":53355,"comment_status":"closed","ping_status":"open","sticky":false,"template":"","format":"standard","meta":{"amp_status":"","footnotes":""},"categories":[19177],"tags":[],"class_list":["post-53341","post","type-post","status-publish","format-standard","has-post-thumbnail","hentry","category-retraite"],"yoast_head":"<!-- This site is optimized with the Yoast SEO plugin v14.9 - https:\/\/yoast.com\/wordpress\/plugins\/seo\/ -->\n<title>Retraite progressive : conditions, montant, d\u00e9marches | Mes-Allocs.fr<\/title>\n<meta name=\"description\" content=\"Depuis le 23 juillet 2025, la retraite progressive vous permet de partir en retraite \u00e0 60 si vous avez une activit\u00e9 \u00e0 temps partiel.\" \/>\n<meta name=\"robots\" content=\"index, follow, max-snippet:-1, max-image-preview:large, max-video-preview:-1\" \/>\n<link rel=\"canonical\" href=\"https:\/\/www.mes-allocs.fr\/guides\/retraite\/retraite-progressive\/\" \/>\n<meta property=\"og:locale\" content=\"fr_FR\" \/>\n<meta property=\"og:type\" content=\"article\" \/>\n<meta property=\"og:title\" content=\"Retraite progressive : conditions, montant, d\u00e9marches | Mes-Allocs.fr\" \/>\n<meta property=\"og:description\" content=\"Depuis le 23 juillet 2025, la retraite progressive vous permet de partir en retraite \u00e0 60 si vous avez une activit\u00e9 \u00e0 temps partiel.\" \/>\n<meta property=\"og:url\" content=\"https:\/\/www.mes-allocs.fr\/guides\/retraite\/retraite-progressive\/\" \/>\n<meta property=\"og:site_name\" content=\"Mes-Allocs.fr\" \/>\n<meta property=\"article:published_time\" content=\"2022-06-23T15:45:05+00:00\" \/>\n<meta property=\"article:modified_time\" content=\"2026-03-04T16:25:16+00:00\" \/>\n<meta property=\"og:image\" content=\"https:\/\/www.mes-allocs.fr\/guides\/wp-content\/uploads\/2022\/06\/isaac-smith-6EnTPvPPL6I-unsplash.jpg?wsr\" \/>\n\t<meta property=\"og:image:width\" content=\"1920\" \/>\n\t<meta property=\"og:image:height\" content=\"1280\" \/>\n<meta name=\"twitter:card\" content=\"summary_large_image\" \/>\n<script type=\"application\/ld+json\" class=\"yoast-schema-graph\">{\"@context\":\"https:\/\/schema.org\",\"@graph\":[{\"@type\":\"WebSite\",\"@id\":\"https:\/\/www.mes-allocs.fr\/guides\/#website\",\"url\":\"https:\/\/www.mes-allocs.fr\/guides\/\",\"name\":\"Mes-Allocs.fr\",\"description\":\"\",\"potentialAction\":[{\"@type\":\"SearchAction\",\"target\":\"https:\/\/www.mes-allocs.fr\/guides\/?s={search_term_string}\",\"query-input\":\"required name=search_term_string\"}],\"inLanguage\":\"fr-FR\"},{\"@type\":\"ImageObject\",\"@id\":\"https:\/\/www.mes-allocs.fr\/guides\/retraite\/retraite-progressive\/#primaryimage\",\"inLanguage\":\"fr-FR\",\"url\":\"https:\/\/www.mes-allocs.fr\/guides\/wp-content\/uploads\/2022\/06\/isaac-smith-6EnTPvPPL6I-unsplash.jpg?wsr\",\"width\":1920,\"height\":1280,\"caption\":\"retraite progressive\"},{\"@type\":\"WebPage\",\"@id\":\"https:\/\/www.mes-allocs.fr\/guides\/retraite\/retraite-progressive\/#webpage\",\"url\":\"https:\/\/www.mes-allocs.fr\/guides\/retraite\/retraite-progressive\/\",\"name\":\"Retraite progressive : conditions, montant, d\\u00e9marches | Mes-Allocs.fr\",\"isPartOf\":{\"@id\":\"https:\/\/www.mes-allocs.fr\/guides\/#website\"},\"primaryImageOfPage\":{\"@id\":\"https:\/\/www.mes-allocs.fr\/guides\/retraite\/retraite-progressive\/#primaryimage\"},\"datePublished\":\"2022-06-23T15:45:05+00:00\",\"dateModified\":\"2026-03-04T16:25:16+00:00\",\"author\":{\"@id\":\"https:\/\/www.mes-allocs.fr\/guides\/#\/schema\/person\/c22c1269332026958a3b5505f80b5404\"},\"description\":\"Depuis le 23 juillet 2025, la retraite progressive vous permet de partir en retraite \\u00e0 60 si vous avez une activit\\u00e9 \\u00e0 temps partiel.\",\"inLanguage\":\"fr-FR\"},{\"@type\":\"Person\",\"@id\":\"https:\/\/www.mes-allocs.fr\/guides\/#\/schema\/person\/c22c1269332026958a3b5505f80b5404\",\"name\":\"Flavien Fritz\",\"image\":{\"@type\":\"ImageObject\",\"@id\":\"https:\/\/www.mes-allocs.fr\/guides\/#personlogo\",\"inLanguage\":\"fr-FR\",\"url\":\"https:\/\/www.mes-allocs.fr\/guides\/wp-content\/uploads\/2021\/11\/Flavien-1-150x150.png\",\"caption\":\"Flavien Fritz\"},\"description\":\"Flavien est r\\u00e9dacteur au sein de l'\\u00e9quipe Mes Allocs, sp\\u00e9cialis\\u00e9 en droit priv\\u00e9. Dipl\\u00f4m\\u00e9 de l'Institut Catholique de Vend\\u00e9e, il rejoint Mes Allocs apr\\u00e8s une premi\\u00e8re exp\\u00e9rience entrepreneuriale.\",\"sameAs\":[\"https:\/\/fr.linkedin.com\/in\/flavienfritz\"]}]}<\/script>\n<!-- \/ Yoast SEO plugin. -->","amp_validity":null,"acf":{"faq":{"1":{"question":"Comment obtenir la retraite progressive ?","answer":"Il vous sera possible d'obtenir la retraite progressive dans certaines conditions.\r\n<br> <a href=\"https:\/\/www.mes-allocs.fr\/guides\/retraite\/retraite-progressive\/\">Lire la suite<\/a>"},"2":{"question":"Comment d\u00e9terminer le montant de la retraite progressive ?","answer":"Afin de pouvoir d\u00e9terminer le montant de votre retraite progressive, une retraite provisoire va \u00eatre calcul\u00e9e sur la base de vos droits au moment o\u00f9 vous en faites la demande.\r\n<br> <a href=\"https:\/\/www.mes-allocs.fr\/guides\/retraite\/retraite-progressive\/\">Lire la suite<\/a>"},"3":{"question":"La retraite progressive peut-elle \u00eatre supprim\u00e9e ?","answer":"Votre retraite progressive pourra vous \u00eatre supprim\u00e9e dans certains cas.\r\n<br> <a href=\"https:\/\/www.mes-allocs.fr\/guides\/retraite\/retraite-progressive\/\">Lire la suite<\/a>"},"4":{"question":"Quels sont les avantages de la retraite progressive ?","answer":"Gr\u00e2ce \u00e0 la retraite progressive, vous allez continuer de cotiser pour votre retraite pendant que vous exercez une activit\u00e9 \u00e0 temps partiel.\r\n<br> <a href=\"https:\/\/www.mes-allocs.fr\/guides\/retraite\/retraite-progressive\/\">Lire la suite<\/a>"},"5":{"question":"","answer":""},"6":{"question":"","answer":""},"7":{"question":"","answer":""},"8":{"question":"","answer":""},"9":{"question":"","answer":""},"10":{"question":"","answer":""},"11":{"question":"","answer":""},"12":{"question":"","answer":""},"13":{"question":"","answer":""},"14":{"question":"","answer":""},"15":{"question":"","answer":""},"16":{"question":"","answer":""}}},"_links":{"self":[{"href":"https:\/\/www.mes-allocs.fr\/guides\/wp-json\/wp\/v2\/posts\/53341","targetHints":{"allow":["GET"]}}],"collection":[{"href":"https:\/\/www.mes-allocs.fr\/guides\/wp-json\/wp\/v2\/posts"}],"about":[{"href":"https:\/\/www.mes-allocs.fr\/guides\/wp-json\/wp\/v2\/types\/post"}],"author":[{"embeddable":true,"href":"https:\/\/www.mes-allocs.fr\/guides\/wp-json\/wp\/v2\/users\/13"}],"replies":[{"embeddable":true,"href":"https:\/\/www.mes-allocs.fr\/guides\/wp-json\/wp\/v2\/comments?post=53341"}],"version-history":[{"count":20,"href":"https:\/\/www.mes-allocs.fr\/guides\/wp-json\/wp\/v2\/posts\/53341\/revisions"}],"predecessor-version":[{"id":110121,"href":"https:\/\/www.mes-allocs.fr\/guides\/wp-json\/wp\/v2\/posts\/53341\/revisions\/110121"}],"wp:featuredmedia":[{"embeddable":true,"href":"https:\/\/www.mes-allocs.fr\/guides\/wp-json\/wp\/v2\/media\/53355"}],"wp:attachment":[{"href":"https:\/\/www.mes-allocs.fr\/guides\/wp-json\/wp\/v2\/media?parent=53341"}],"wp:term":[{"taxonomy":"category","embeddable":true,"href":"https:\/\/www.mes-allocs.fr\/guides\/wp-json\/wp\/v2\/categories?post=53341"},{"taxonomy":"post_tag","embeddable":true,"href":"https:\/\/www.mes-allocs.fr\/guides\/wp-json\/wp\/v2\/tags?post=53341"}],"curies":[{"name":"wp","href":"https:\/\/api.w.org\/{rel}","templated":true}]}}