{"id":53337,"date":"2022-08-18T18:12:37","date_gmt":"2022-08-18T16:12:37","guid":{"rendered":"https:\/\/www.mes-allocs.fr\/guides\/?p=53337"},"modified":"2024-04-08T16:50:09","modified_gmt":"2024-04-08T14:50:09","slug":"retraite-de-reversion","status":"publish","type":"post","link":"https:\/\/www.mes-allocs.fr\/guides\/retraite\/retraite-par-categorie-socio-professionnelle\/retraite-de-reversion\/","title":{"rendered":"La pension de r\u00e9version des r\u00e9gimes de retraite"},"content":{"rendered":"<div>\n<div id=\"intro\" class=\"lead\">\n<p><img loading=\"lazy\" decoding=\"async\" class=\"alignnone wp-image-53346\" title=\"retraite de reversion\" src=\"https:\/\/www.mes-allocs.fr\/guides\/wp-content\/uploads\/2022\/06\/drew-coffman-llWjwo200fo-unsplash-e1655819400128-300x90.jpg\" alt=\"retraite de reversion\" width=\"813\" height=\"244\" srcset=\"https:\/\/www.mes-allocs.fr\/guides\/wp-content\/uploads\/2022\/06\/drew-coffman-llWjwo200fo-unsplash-e1655819400128-300x90.jpg 300w, https:\/\/www.mes-allocs.fr\/guides\/wp-content\/uploads\/2022\/06\/drew-coffman-llWjwo200fo-unsplash-e1655819400128-1024x307.jpg 1024w, https:\/\/www.mes-allocs.fr\/guides\/wp-content\/uploads\/2022\/06\/drew-coffman-llWjwo200fo-unsplash-e1655819400128-768x230.jpg 768w, https:\/\/www.mes-allocs.fr\/guides\/wp-content\/uploads\/2022\/06\/drew-coffman-llWjwo200fo-unsplash-e1655819400128-1536x461.jpg 1536w, https:\/\/www.mes-allocs.fr\/guides\/wp-content\/uploads\/2022\/06\/drew-coffman-llWjwo200fo-unsplash-e1655819400128-600x180.jpg 600w, https:\/\/www.mes-allocs.fr\/guides\/wp-content\/uploads\/2022\/06\/drew-coffman-llWjwo200fo-unsplash-e1655819400128.jpg 1920w\" sizes=\"auto, (max-width: 813px) 100vw, 813px\" \/><\/p>\n<p style=\"text-align: justify;\"><strong>La pension de r\u00e9version va correspondre \u00e0 une partie de la <a href=\"https:\/\/www.mes-allocs.fr\/guides\/retraite-2\/\" target=\"_blank\" rel=\"noopener\">retraite<\/a> dont l&rsquo;assur\u00e9 d\u00e9c\u00e9d\u00e9 b\u00e9n\u00e9ficiait ou aurait pu b\u00e9n\u00e9ficier. Cette pension va pouvoir \u00eatre vers\u00e9e sulement si certaines conditions sont remplies. Ces conditions vont s&rsquo;appliquer \u00e0 l&rsquo;\u00e9poux, ou ex-\u00e9poux survivant.\u00a0<\/strong><\/p>\n<p style=\"text-align: justify;\"><strong>MesAllocs vous d\u00e9crit toutes les conditions pour obtenir cette pension de r\u00e9version.\u00a0<\/strong><\/p>\n<div class='cta-block'><div class='text'>Simulez toutes vos aides en 2 min.<\/div><a href='https:\/\/www.mes-allocs.fr\/ab-app?origin=guides\/wp-json\/wp\/v2\/posts\/53337' class='app-button fit'>Simulation gratuite<\/a><\/div>\n<\/div>\n<\/div>\n<h1>La pension de r\u00e9version du r\u00e9gime de retraite de base<\/h1>\n<p style=\"text-align: justify;\">La pension de r\u00e9version du r\u00e9gime de base va repr\u00e9senter 54 % des droits que percevait le conjoint d\u00e9c\u00e9d\u00e9. Cette somme va \u00e9galement repr\u00e9senter la somme qu\u2019il aurait pu percevoir.<br \/>\nCette pension va \u00eatre vers\u00e9e sous conditions de ressources. Dans certains cas, elle peut \u00eatre port\u00e9e au minimum.<\/p>\n<p style=\"text-align: justify;\">La pension de r\u00e9version du r\u00e9gime de base correspond \u00e0 54 % des droits que percevait le conjoint d\u00e9c\u00e9d\u00e9 ou qu\u2019il aurait pu percevoir.<\/p>\n<h2 style=\"text-align: justify;\">Date d&rsquo;obtention de la pension de r\u00e9version<\/h2>\n<p style=\"text-align: justify;\">La date d&rsquo;effet est choisie par le conjoint survivant ou divorc\u00e9. Cette date d&rsquo;effet est fix\u00e9e au premier jour d&rsquo;un mois.<\/p>\n<h3 style=\"text-align: justify;\"><strong>Si la demande est d\u00e9pos\u00e9e moins d&rsquo;un an apr\u00e8s le d\u00e9c\u00e8s (ou la disparition)<\/strong><\/h3>\n<p style=\"text-align: justify;\">La date d\u2019effet ne peut pas \u00eatre avant le 1er jour du mois qui suit le d\u00e9c\u00e8s ou la disparition. Cela se fait si toutes les conditions sont remplies \u00e0 cette date. Dans le cas \u00e9ch\u00e9ant, la date d&rsquo;effet se fait au premier jour du mois qui suit la date o\u00f9 toutes ces conditions sont remplies<\/p>\n<h3 style=\"text-align: justify;\"><strong>Si la demande est d\u00e9pos\u00e9e plus d\u2019un an apr\u00e8s le d\u00e9c\u00e8s (ou la disparition)<\/strong><\/h3>\n<p style=\"text-align: justify;\">La date d\u2019effet ne peut \u00eatre pas \u00eatre avant au 1er jour du mois qui suit le d\u00e9p\u00f4t de la demande. Cela se fait si toutes les conditions sont remplies \u00e0 cette date. Dans le cas \u00e9ch\u00e9ant, cela se fait au premier jour du mois qui suit la date o\u00f9 toutes ces conditions sont remplies.<\/p>\n<p><iframe loading=\"lazy\" src=\"\/\/www.youtube.com\/embed\/nZ79Bmawt_M\" width=\"560\" height=\"314\" allowfullscreen=\"allowfullscreen\"><\/iframe><\/p>\n<h2 style=\"text-align: justify;\">Les conditions d&rsquo;obtention de la pension de r\u00e9version<\/h2>\n<h3 style=\"text-align: justify;\"><strong>Les conditions d&rsquo;\u00e2ge<\/strong><\/h3>\n<p style=\"text-align: justify;\">Il faut qu&rsquo;au moment de la demande, le conjoint survivant ou divorc\u00e9 ait au moins 55 ans.<\/p>\n<h3 style=\"text-align: justify;\"><strong>L&rsquo;obligation d&rsquo;un lien entre les conjoints <\/strong><\/h3>\n<p style=\"text-align: justify;\">Pour pouvoir obtenir la pension, le conjoint doit prouver qu&rsquo;il est le conjoint ou l&rsquo;ex-conjoint du salari\u00e9 d\u00e9c\u00e9d\u00e9.<\/p>\n<p style=\"text-align: justify;\">Il doit pouvoir le prouver peu importe sa situation matrimoniale, mais \u00e9galement peu importe la dur\u00e9e du mariage.<\/p>\n<p style=\"text-align: justify;\">Il se peut qu&rsquo;il y ait un partage \u00e9ventuel avec le nouveau conjoint de l&rsquo;assur\u00e9 d\u00e9c\u00e9d\u00e9.<\/p>\n<p style=\"text-align: justify;\">Les partenaires qui ont \u00e9t\u00e9 pacs\u00e9s ou alors le concubin ne peuvent pas b\u00e9n\u00e9ficier d&rsquo;une pension de r\u00e9version.<\/p>\n<h3 style=\"text-align: justify;\"><strong>Les conditions de ressources<\/strong><\/h3>\n<p style=\"text-align: justify;\">La pension va pouvoir \u00eatre vers\u00e9e dans la condition o\u00f9 les ressources personnelles ou celles du m\u00e9nage ne d\u00e9passent pas un certain montant.<\/p>\n<p style=\"text-align: justify;\">Dans le cas o\u00f9 les ressources d\u00e9passent le plafond, ce droit \u00e0 la pension de r\u00e9version ne sera pas ouvert.<\/p>\n<p style=\"text-align: justify;\">Mais si les ressources ne d\u00e9passent pas le plafond \u00e9tabli, le droit \u00e0 la pension de r\u00e9version sera possible.<\/p>\n<p style=\"text-align: justify;\">Le montant brut des pensions de r\u00e9version est disponible pour certaines cat\u00e9gories de m\u00e9tier :<\/p>\n<ul style=\"text-align: justify;\">\n<li>artisans<\/li>\n<li>commer\u00e7ants<\/li>\n<li>salari\u00e9s<\/li>\n<li>salari\u00e9s du r\u00e9gime agricole<\/li>\n<li>exploitants agricoles<\/li>\n<li>professions lib\u00e9rales<\/li>\n<li>r\u00e9gime des cultes est ajout\u00e9 :<\/li>\n<\/ul>\n<p style=\"text-align: justify;\">Ils peuvent alors \u00eatre rajout\u00e9es s&rsquo;il n&rsquo;y a toujours pas de d\u00e9passement. La pension de r\u00e9version est alors revers\u00e9e dans son int\u00e9gralit\u00e9.<\/p>\n<p style=\"text-align: justify;\">Dans le cas o\u00f9 il y a d\u00e9passement, celui-ci vient en d\u00e9duction de la pension de r\u00e9version. Cette pension sera alors servie pour un montant r\u00e9duit.<\/p>\n<p style=\"text-align: justify;\">Les ressources du conjoint b\u00e9n\u00e9ficiaire subissent de nombreux contr\u00f4les p\u00e9riodiques.<\/p>\n<p style=\"text-align: justify;\">Ces contr\u00f4les vont permettre une r\u00e9vision du montant de la pension, sa suppression ou encore son r\u00e9tablissement.<\/p>\n<div class='cta-block'><div class='text'>Simulez toutes vos aides en 2 min.<\/div><a href='https:\/\/www.mes-allocs.fr\/ab-app?origin=guides\/wp-json\/wp\/v2\/posts\/53337' class='app-button fit'>Simulation gratuite<\/a><\/div>\n<h2 style=\"text-align: justify;\">Les ressources prises en compte dans le calcul de la pension de r\u00e9version<\/h2>\n<h3 style=\"text-align: justify;\"><strong>Les ressources comptabilis\u00e9es n\u00e9cessaires pour l&rsquo;ouverture du droit<\/strong><\/h3>\n<p style=\"text-align: justify;\">De nombreuses ressources vont \u00eatre v\u00e9rifi\u00e9es afin de savoir si vous pouvez obtenir cette pension de r\u00e9version.<\/p>\n<p style=\"text-align: justify;\">Tout d&rsquo;abord, ce sont les revenus professionnels du conjoint survivant qui vont \u00eatre analys\u00e9s. Dans le cas o\u00f9 le conjoint est \u00e2g\u00e9 de 55 ans ou plus, ces revenus font l&rsquo;objet d&rsquo;un abattement de 30 %.<\/p>\n<p style=\"text-align: justify;\">Ensuite, ce sont les allocations ch\u00f4mage, indemnit\u00e9s journali\u00e8res maladie ou accidents du travail qui vont \u00eatre comptabilis\u00e9es dans l&rsquo;ouverture du droit \u00e0 la pension.<\/p>\n<p style=\"text-align: justify;\">Ce sont aussi les retraites personnelles de base et pensions d&rsquo;invalidit\u00e9, mais \u00e9galement les retraites compl\u00e9mentaires personnelles du conjoint survivant qui vont \u00eatre observ\u00e9s pour l&rsquo;ouverture aux droits de la pension de r\u00e9version.<\/p>\n<p style=\"text-align: justify;\">Sont \u00e9galement ajout\u00e9s les revenus des biens personnels mobiliers ou immobiliers.<\/p>\n<p style=\"text-align: justify;\">Enfin, les ressources de l&rsquo;actuel conjoint ou concubin sont aussi prises en compte dans le calcul.<\/p>\n<h3 style=\"text-align: justify;\"><strong>Les ressources non comptabilis\u00e9es dans l&rsquo;ouverture du droit<\/strong><\/h3>\n<p style=\"text-align: justify;\">Les revenus d&rsquo;activit\u00e9 ou de remplacement du conjoint d\u00e9c\u00e9d\u00e9 ne sont pas pris en compte dans le calcul de la pension de r\u00e9version.<\/p>\n<p style=\"text-align: justify;\">Ces ressources qui ne sont pas comptabilis\u00e9s sont \u00e9galement les revenus de biens mobiliers ou immobiliers qui proviennent de la liquidation de biens avec le conjoint d\u00e9c\u00e9d\u00e9.<\/p>\n<p style=\"text-align: justify;\">Parmi les ressources non comptabilis\u00e9es, on retrouve \u00e9galement :<\/p>\n<ul style=\"text-align: justify;\">\n<li>la valeur de l&rsquo;habitation personnelle du conjoint survivant<\/li>\n<li>les prestations familiales<\/li>\n<li>les pensions de r\u00e9version des r\u00e9gimes compl\u00e9mentaires obligatoires<\/li>\n<\/ul>\n<h1 style=\"text-align: justify;\">Faire la demande de pension de r\u00e9version<\/h1>\n<p style=\"text-align: justify;\">La pension de r\u00e9version n&rsquo;est pas attribu\u00e9e automatiquement, le conjoint va devoir en faire la demande.<\/p>\n<h1 style=\"text-align: justify;\">La pension de r\u00e9version du r\u00e9gime de retraite compl\u00e9mentaire<\/h1>\n<p style=\"text-align: justify;\">La pension de r\u00e9version du r\u00e9gime compl\u00e9mentaire correspond \u00e0 60 % des droits que percevait le conjoint d\u00e9c\u00e9d\u00e9 ou qu\u2019il aurait pu percevoir.<\/p>\n<h2 style=\"text-align: justify;\">Les conditions d&rsquo;obtention de la pension de r\u00e9version<\/h2>\n<h3 style=\"text-align: justify;\"><strong>Les conditions d&rsquo;<a href=\"https:\/\/www.mes-allocs.fr\/guides\/wp-admin\/post.php?post=46997&amp;action=edit\" target=\"_blank\" rel=\"noopener\">\u00e2ge<\/a> <\/strong><\/h3>\n<p style=\"text-align: justify;\">Le conjoint survivant doit avoir au moment de la demande au moins 55 ans.<\/p>\n<h3 style=\"text-align: justify;\"><strong>L&rsquo;obligation d&rsquo;un lien entre les conjoints<\/strong><\/h3>\n<p style=\"text-align: justify;\">Afin d&rsquo;obtenir la pension de r\u00e9version, le conjoint doit pouvoir justifier d&rsquo;\u00eatre le conjoint ou l&rsquo;ex-conjoint de l&rsquo;affili\u00e9 d\u00e9c\u00e9d\u00e9. Cela doit pouvoir se prouver peu importe la situation matrimoniale et la dur\u00e9e du mariage.<\/p>\n<p style=\"text-align: justify;\">Il peut \u00e9galement y avoir un partage \u00e9ventuel avec le nouveau conjoint de l&rsquo;assur\u00e9 d\u00e9c\u00e9d\u00e9.<\/p>\n<p style=\"text-align: justify;\">Le partenaire pacs\u00e9 ou le concubin ne peut pas b\u00e9n\u00e9ficier d&rsquo;une pension de r\u00e9version.<\/p>\n<h3 style=\"text-align: justify;\"><strong>Les conditions de ressources<\/strong><\/h3>\n<p style=\"text-align: justify;\">La pension va \u00eatre vers\u00e9e si les ressources personnelles ou celles du m\u00e9nage ne d\u00e9passent pas un certain plafond.<\/p>\n<p style=\"text-align: justify;\">Dans le cas o\u00f9 les ressources ne d\u00e9passent pas ce plafond, le droit \u00e0 la pension de r\u00e9version va \u00eatre ouvert. Et si dans le cas o\u00f9 le total des ressources et de la pension de r\u00e9version compl\u00e9mentaire d\u00e9passe le plafond de ressources, le montant de la pension de r\u00e9version compl\u00e9mentaire va alors \u00eatre diminu\u00e9.<\/p>\n<p style=\"text-align: justify;\">Et si le total des ressources et de la pension de r\u00e9version compl\u00e9mentaire ne d\u00e9passe pas le plafond des ressources, cela signifie que le montant de la pension de r\u00e9version sera vers\u00e9 en totalit\u00e9.<\/p>\n<h3 style=\"text-align: justify;\">L&rsquo;aide financi\u00e8re si il y a difficult\u00e9<\/h3>\n<p style=\"text-align: justify;\">Une aide financi\u00e8re peut \u00eatre demand\u00e9e par le veuf titulaire d\u2019une pension de r\u00e9version. Celle-ci pourra \u00eatre accord\u00e9e sous certaines conditions.<\/p>\n<p style=\"text-align: justify;\">Cette aide pourra \u00eatre obtenue si le droit \u00e0 pension de retraite du conjoint d\u00e9c\u00e9d\u00e9 \u00e9tait principal \u00e0 la S\u00e9curit\u00e9 sociale pour les ind\u00e9pendants.<\/p>\n<p style=\"text-align: justify;\">Elle pourra \u00e9galement \u00eatre accord\u00e9e si\u00a0le veuf a une pension personnelle de base d\u2019un montant inf\u00e9rieur \u00e0 la r\u00e9version servie au titre de travailleur ind\u00e9pendant.<\/p>\n<p style=\"text-align: justify;\">Dans ce cas l\u00e0, une demande devra \u00eatre d\u00e9pos\u00e9e aupr\u00e8s de la caisse r\u00e9gionale du conjoint d\u00e9c\u00e9d\u00e9.<\/p>\n<h2 style=\"text-align: justify;\">Les ressources prises en compte dans le calcul de la pension de r\u00e9version<\/h2>\n<h3 style=\"text-align: justify;\"><strong>Les ressources comptabilis\u00e9es n\u00e9cessaires pour l&rsquo;ouverture du droit<\/strong><\/h3>\n<p style=\"text-align: justify;\">Ce sont tout d&rsquo;abord les revenus professionnels du conjoint survivant qui vont \u00eatre analys\u00e9s. Dans le cas o\u00f9 le conjoint est \u00e2g\u00e9 de 55 ans ou plus, ces revenus font l&rsquo;objet d&rsquo;un abattement de 30 %.<\/p>\n<p style=\"text-align: justify;\">Apr\u00e8s, ce sont les allocations ch\u00f4mage, indemnit\u00e9s journali\u00e8res maladie ou accidents du travail qui vont \u00eatre comptabilis\u00e9es dans l&rsquo;ouverture du droit \u00e0 la pension.<\/p>\n<p style=\"text-align: justify;\">S&rsquo;ajoute \u00e0 cela les retraites personnelles de base et pensions d&rsquo;invalidit\u00e9, mais \u00e9galement les retraites compl\u00e9mentaires personnelles du conjoint survivant qui vont \u00eatre observ\u00e9s pour l&rsquo;ouverture aux droits de la pension de r\u00e9version.<\/p>\n<p style=\"text-align: justify;\">Les revenus des biens personnels mobiliers ou immobiliers sont \u00e9galement comptabilis\u00e9s.<\/p>\n<p style=\"text-align: justify;\">Les ressources de l&rsquo;actuel conjoint ou concubin sont \u00e9galement prises en compte.<\/p>\n<h3 style=\"text-align: justify;\"><strong>Les ressources qui ne sont pas comptabilis\u00e9es dans l&rsquo;ouverture du droit<\/strong><\/h3>\n<p style=\"text-align: justify;\">Les revenus d&rsquo;activit\u00e9 ou de remplacement du conjoint d\u00e9c\u00e9d\u00e9 ne vont pas \u00eatre pris en compte dans le calcul de la pension de r\u00e9version.<\/p>\n<p style=\"text-align: justify;\">Les ressources non comptabilis\u00e9s vont \u00e9galement \u00eatre les revenus de biens mobiliers ou immobiliers qui proviennent de la liquidation de biens avec le conjoint d\u00e9c\u00e9d\u00e9.<\/p>\n<p style=\"text-align: justify;\">Parmi les ressources non comptabilis\u00e9es, on retrouve \u00e9galement :<\/p>\n<ul style=\"text-align: justify;\">\n<li>la valeur de l&rsquo;habitation personnelle du conjoint survivant<\/li>\n<li>les prestations familiales<\/li>\n<li>les pensions de r\u00e9version des r\u00e9gimes compl\u00e9mentaires obligatoires<\/li>\n<\/ul>\n<div class='cta-block'><div class='text'>Simulez toutes vos aides en 2 min.<\/div><a href='https:\/\/www.mes-allocs.fr\/ab-app?origin=guides\/wp-json\/wp\/v2\/posts\/53337' class='app-button fit'>Simulation gratuite<\/a><\/div>\n<h1 style=\"text-align: justify;\">Les modalit\u00e9s selon la carri\u00e8re du conjoint d\u00e9c\u00e9d\u00e9<\/h1>\n<h2 style=\"text-align: justify;\"><strong>Dans le cas o\u00f9 le conjoint d\u00e9c\u00e9d\u00e9 a cotis\u00e9 \u00e0 plusieurs r\u00e9gimes de base<\/strong><\/h2>\n<p style=\"text-align: justify;\">Une seule demande de pension de r\u00e9version est \u00e0 formuler.<\/p>\n<h2 style=\"text-align: justify;\"><strong>Dans le cas o\u00f9 le conjoint d\u00e9c\u00e9d\u00e9 a fait toute une carri\u00e8re artisanale ou commerciale<\/strong><\/h2>\n<p style=\"text-align: justify;\">La\u00a0demande de pension de r\u00e9version va \u00eatre utilis\u00e9e \u00e0 la fois pour le r\u00e9gime de base, mais \u00e9galement pour le r\u00e9gime compl\u00e9mentaire.<\/p>\n<p style=\"text-align: justify;\">Cela se fait dans le cas o\u00f9 le conjoint souhaite liquider \u00e0 la m\u00eame date d&rsquo;effet la pension de r\u00e9version du r\u00e9gime compl\u00e9mentaire et du r\u00e9gime de base.<\/p>\n<div class='cta-block'><div class='text'>Simulez toutes vos aides en 2 min.<\/div><a href='https:\/\/www.mes-allocs.fr\/ab-app?origin=guides\/wp-json\/wp\/v2\/posts\/53337' class='app-button fit'>Simulation gratuite<\/a><\/div>\n","protected":false},"excerpt":{"rendered":"<p>La pension de r\u00e9version va correspondre \u00e0 une partie de la retraite dont l&rsquo;assur\u00e9 d\u00e9c\u00e9d\u00e9 b\u00e9n\u00e9ficiait ou aurait pu b\u00e9n\u00e9ficier. Cette pension va pouvoir \u00eatre vers\u00e9e sulement si certaines conditions sont remplies. Ces conditions vont s&rsquo;appliquer \u00e0 l&rsquo;\u00e9poux, ou ex-\u00e9poux survivant.\u00a0 MesAllocs vous d\u00e9crit toutes les conditions pour obtenir cette pension de r\u00e9version.\u00a0 La pension [&hellip;]<\/p>\n","protected":false},"author":13,"featured_media":53346,"comment_status":"closed","ping_status":"open","sticky":false,"template":"","format":"standard","meta":{"amp_status":"","footnotes":""},"categories":[19177,21839],"tags":[],"class_list":["post-53337","post","type-post","status-publish","format-standard","has-post-thumbnail","hentry","category-retraite","category-retraite-par-categorie-socio-professionnelle"],"yoast_head":"<!-- This site is optimized with the Yoast SEO plugin v14.9 - https:\/\/yoast.com\/wordpress\/plugins\/seo\/ -->\n<title>La pension de r\u00e9version des r\u00e9gimes de retraite | Mes-Allocs.fr<\/title>\n<meta name=\"description\" content=\"La pension de r\u00e9version va correspondre \u00e0 une partie de la retraite dont l&#039;assur\u00e9 d\u00e9c\u00e9d\u00e9 b\u00e9n\u00e9ficiait ou aurait pu b\u00e9n\u00e9ficier.\" \/>\n<meta name=\"robots\" content=\"index, follow, max-snippet:-1, max-image-preview:large, max-video-preview:-1\" \/>\n<link rel=\"canonical\" href=\"https:\/\/www.mes-allocs.fr\/guides\/retraite\/retraite-par-categorie-socio-professionnelle\/retraite-de-reversion\/\" \/>\n<meta property=\"og:locale\" content=\"fr_FR\" \/>\n<meta property=\"og:type\" content=\"article\" \/>\n<meta property=\"og:title\" content=\"La pension de r\u00e9version des r\u00e9gimes de retraite | Mes-Allocs.fr\" \/>\n<meta property=\"og:description\" content=\"La pension de r\u00e9version va correspondre \u00e0 une partie de la retraite dont l&#039;assur\u00e9 d\u00e9c\u00e9d\u00e9 b\u00e9n\u00e9ficiait ou aurait pu b\u00e9n\u00e9ficier.\" \/>\n<meta property=\"og:url\" content=\"https:\/\/www.mes-allocs.fr\/guides\/retraite\/retraite-par-categorie-socio-professionnelle\/retraite-de-reversion\/\" \/>\n<meta property=\"og:site_name\" content=\"Mes-Allocs.fr\" \/>\n<meta property=\"article:published_time\" content=\"2022-08-18T16:12:37+00:00\" \/>\n<meta property=\"article:modified_time\" content=\"2024-04-08T14:50:09+00:00\" \/>\n<meta property=\"og:image\" content=\"https:\/\/www.mes-allocs.fr\/guides\/wp-content\/uploads\/2022\/06\/drew-coffman-llWjwo200fo-unsplash-e1655819400128.jpg?wsr\" \/>\n\t<meta property=\"og:image:width\" content=\"1920\" \/>\n\t<meta property=\"og:image:height\" content=\"576\" \/>\n<meta name=\"twitter:card\" content=\"summary_large_image\" \/>\n<script type=\"application\/ld+json\" class=\"yoast-schema-graph\">{\"@context\":\"https:\/\/schema.org\",\"@graph\":[{\"@type\":\"WebSite\",\"@id\":\"https:\/\/www.mes-allocs.fr\/guides\/#website\",\"url\":\"https:\/\/www.mes-allocs.fr\/guides\/\",\"name\":\"Mes-Allocs.fr\",\"description\":\"\",\"potentialAction\":[{\"@type\":\"SearchAction\",\"target\":\"https:\/\/www.mes-allocs.fr\/guides\/?s={search_term_string}\",\"query-input\":\"required name=search_term_string\"}],\"inLanguage\":\"fr-FR\"},{\"@type\":\"ImageObject\",\"@id\":\"https:\/\/www.mes-allocs.fr\/guides\/retraite\/retraite-par-categorie-socio-professionnelle\/retraite-de-reversion\/#primaryimage\",\"inLanguage\":\"fr-FR\",\"url\":\"https:\/\/www.mes-allocs.fr\/guides\/wp-content\/uploads\/2022\/06\/drew-coffman-llWjwo200fo-unsplash-e1655819400128.jpg?wsr\",\"width\":1920,\"height\":576,\"caption\":\"retraite de reversion\"},{\"@type\":\"WebPage\",\"@id\":\"https:\/\/www.mes-allocs.fr\/guides\/retraite\/retraite-par-categorie-socio-professionnelle\/retraite-de-reversion\/#webpage\",\"url\":\"https:\/\/www.mes-allocs.fr\/guides\/retraite\/retraite-par-categorie-socio-professionnelle\/retraite-de-reversion\/\",\"name\":\"La pension de r\\u00e9version des r\\u00e9gimes de retraite | Mes-Allocs.fr\",\"isPartOf\":{\"@id\":\"https:\/\/www.mes-allocs.fr\/guides\/#website\"},\"primaryImageOfPage\":{\"@id\":\"https:\/\/www.mes-allocs.fr\/guides\/retraite\/retraite-par-categorie-socio-professionnelle\/retraite-de-reversion\/#primaryimage\"},\"datePublished\":\"2022-08-18T16:12:37+00:00\",\"dateModified\":\"2024-04-08T14:50:09+00:00\",\"author\":{\"@id\":\"https:\/\/www.mes-allocs.fr\/guides\/#\/schema\/person\/c22c1269332026958a3b5505f80b5404\"},\"description\":\"La pension de r\\u00e9version va correspondre \\u00e0 une partie de la retraite dont l'assur\\u00e9 d\\u00e9c\\u00e9d\\u00e9 b\\u00e9n\\u00e9ficiait ou aurait pu b\\u00e9n\\u00e9ficier.\",\"inLanguage\":\"fr-FR\"},{\"@type\":\"Person\",\"@id\":\"https:\/\/www.mes-allocs.fr\/guides\/#\/schema\/person\/c22c1269332026958a3b5505f80b5404\",\"name\":\"Flavien Fritz\",\"image\":{\"@type\":\"ImageObject\",\"@id\":\"https:\/\/www.mes-allocs.fr\/guides\/#personlogo\",\"inLanguage\":\"fr-FR\",\"url\":\"https:\/\/www.mes-allocs.fr\/guides\/wp-content\/uploads\/2021\/11\/Flavien-1-150x150.png\",\"caption\":\"Flavien Fritz\"},\"description\":\"Flavien est r\\u00e9dacteur au sein de l'\\u00e9quipe Mes Allocs, sp\\u00e9cialis\\u00e9 en droit priv\\u00e9. Dipl\\u00f4m\\u00e9 de l'Institut Catholique de Vend\\u00e9e, il rejoint Mes Allocs apr\\u00e8s une premi\\u00e8re exp\\u00e9rience entrepreneuriale.\",\"sameAs\":[\"https:\/\/fr.linkedin.com\/in\/flavienfritz\"]}]}<\/script>\n<!-- \/ Yoast SEO plugin. -->","amp_validity":null,"acf":{"faq":{"1":{"question":"Que repr\u00e9sente la pension de r\u00e9version ?","answer":"La pension de r\u00e9version du r\u00e9gime de base va repr\u00e9senter 54 % des droits que percevait le conjoint d\u00e9c\u00e9d\u00e9.\r\n<br> <a href=\"https:\/\/www.mes-allocs.fr\/guides\/retraite\/retraite-de-reversion\/\">Lire la suite<\/a>"},"2":{"question":"Quelle est la condition d'\u00e2ge de la pension de r\u00e9version ?","answer":"Il faut qu'au moment de la demande, le conjoint survivant ou divorc\u00e9 ait au moins 55 ans.\r\n<br> <a href=\"https:\/\/www.mes-allocs.fr\/guides\/retraite\/retraite-de-reversion\/\">Lire la suite<\/a>"},"3":{"question":"Y a t'il des conditions de ressources pour la pension de r\u00e9version ?","answer":"La pension va pouvoir \u00eatre vers\u00e9e dans la condition o\u00f9 les ressources personnelles ou celles du m\u00e9nage ne d\u00e9passent pas un certain montant.\r\n<br> <a href=\"https:\/\/www.mes-allocs.fr\/guides\/retraite\/retraite-de-reversion\/\">Lire la suite<\/a>"},"4":{"question":"Comment savoir si l'on est \u00e9ligible \u00e0 la pension de r\u00e9version ?","answer":"De nombreuses ressources vont \u00eatre v\u00e9rifi\u00e9es afin de savoir si vous pouvez obtenir cette pension de r\u00e9version.\r\n<br> <a href=\"https:\/\/www.mes-allocs.fr\/guides\/retraite\/retraite-de-reversion\/\">Lire la suite<\/a>"},"5":{"question":"","answer":""},"6":{"question":"","answer":""},"7":{"question":"","answer":""},"8":{"question":"","answer":""},"9":{"question":"","answer":""},"10":{"question":"","answer":""},"11":{"question":"","answer":""},"12":{"question":"","answer":""},"13":{"question":"","answer":""},"14":{"question":"","answer":""},"15":{"question":"","answer":""},"16":{"question":"","answer":""}}},"_links":{"self":[{"href":"https:\/\/www.mes-allocs.fr\/guides\/wp-json\/wp\/v2\/posts\/53337","targetHints":{"allow":["GET"]}}],"collection":[{"href":"https:\/\/www.mes-allocs.fr\/guides\/wp-json\/wp\/v2\/posts"}],"about":[{"href":"https:\/\/www.mes-allocs.fr\/guides\/wp-json\/wp\/v2\/types\/post"}],"author":[{"embeddable":true,"href":"https:\/\/www.mes-allocs.fr\/guides\/wp-json\/wp\/v2\/users\/13"}],"replies":[{"embeddable":true,"href":"https:\/\/www.mes-allocs.fr\/guides\/wp-json\/wp\/v2\/comments?post=53337"}],"version-history":[{"count":12,"href":"https:\/\/www.mes-allocs.fr\/guides\/wp-json\/wp\/v2\/posts\/53337\/revisions"}],"predecessor-version":[{"id":76542,"href":"https:\/\/www.mes-allocs.fr\/guides\/wp-json\/wp\/v2\/posts\/53337\/revisions\/76542"}],"wp:featuredmedia":[{"embeddable":true,"href":"https:\/\/www.mes-allocs.fr\/guides\/wp-json\/wp\/v2\/media\/53346"}],"wp:attachment":[{"href":"https:\/\/www.mes-allocs.fr\/guides\/wp-json\/wp\/v2\/media?parent=53337"}],"wp:term":[{"taxonomy":"category","embeddable":true,"href":"https:\/\/www.mes-allocs.fr\/guides\/wp-json\/wp\/v2\/categories?post=53337"},{"taxonomy":"post_tag","embeddable":true,"href":"https:\/\/www.mes-allocs.fr\/guides\/wp-json\/wp\/v2\/tags?post=53337"}],"curies":[{"name":"wp","href":"https:\/\/api.w.org\/{rel}","templated":true}]}}