{"id":53323,"date":"2022-08-23T16:35:40","date_gmt":"2022-08-23T14:35:40","guid":{"rendered":"https:\/\/www.mes-allocs.fr\/guides\/?p=53323"},"modified":"2026-02-10T16:26:29","modified_gmt":"2026-02-10T15:26:29","slug":"retraite-militaire","status":"publish","type":"post","link":"https:\/\/www.mes-allocs.fr\/guides\/retraite\/retraite-par-metier\/retraite-militaire\/","title":{"rendered":"Retraite des militaires : \u00e2ge, calcul, d\u00e9marches"},"content":{"rendered":"<p><img loading=\"lazy\" decoding=\"async\" class=\"wp-image-53415 aligncenter\" title=\"retraite militaire\" src=\"https:\/\/www.mes-allocs.fr\/guides\/wp-content\/uploads\/2022\/06\/filip-andrejevic-1LTunOck3es-unsplash-e1655911644723-300x75.jpg\" alt=\"retraite militaire\" width=\"824\" height=\"206\" srcset=\"https:\/\/www.mes-allocs.fr\/guides\/wp-content\/uploads\/2022\/06\/filip-andrejevic-1LTunOck3es-unsplash-e1655911644723-300x75.jpg 300w, https:\/\/www.mes-allocs.fr\/guides\/wp-content\/uploads\/2022\/06\/filip-andrejevic-1LTunOck3es-unsplash-e1655911644723-1024x256.jpg 1024w, https:\/\/www.mes-allocs.fr\/guides\/wp-content\/uploads\/2022\/06\/filip-andrejevic-1LTunOck3es-unsplash-e1655911644723-768x192.jpg 768w, https:\/\/www.mes-allocs.fr\/guides\/wp-content\/uploads\/2022\/06\/filip-andrejevic-1LTunOck3es-unsplash-e1655911644723-1536x384.jpg 1536w, https:\/\/www.mes-allocs.fr\/guides\/wp-content\/uploads\/2022\/06\/filip-andrejevic-1LTunOck3es-unsplash-e1655911644723-600x150.jpg 600w, https:\/\/www.mes-allocs.fr\/guides\/wp-content\/uploads\/2022\/06\/filip-andrejevic-1LTunOck3es-unsplash-e1655911644723.jpg 1920w\" sizes=\"auto, (max-width: 824px) 100vw, 824px\" \/><\/p>\n<p>[Mis \u00e0 jour le 10\/02\/2026] En France aujourd&rsquo;hui, on compte un peu moins de 400 000 militaires, r\u00e9partis dans les diff\u00e9rents corps et services qui composent l&rsquo;arm\u00e9e fran\u00e7aise. Il faut ajouter \u00e0 cela le personnel du minist\u00e8re de la D\u00e9fense. Mais la <strong>retraite des militaires<\/strong> est diff\u00e9rente de la <a href=\"https:\/\/www.mes-allocs.fr\/guides\/retraite\/retraite-par-metier\/\">retraite pour les autres m\u00e9tiers<\/a>.\u00a0Les militaires poss\u00e8dent leur propre r\u00e9gime de retraite. Mes Allocs vous explique tout.<\/p>\n<div class='cta-block'><div class='text'>Simulez votre retraite en 2 min.<\/div><a href='https:\/\/www.mes-allocs.fr\/formulaire\/retraite?utm_source=seo&origin=guides\/wp-json\/wp\/v2\/posts\/53323' class='app-button fit'>Simulation gratuite<\/a><\/div>\n<h1>Comprendre le fonctionnement du r\u00e9gime de retraite des militaires<\/h1>\n<p><span style=\"font-weight: 400;\">En France, les militaires b\u00e9n\u00e9ficient d\u2019un <\/span><b>r\u00e9gime de retraite sp\u00e9cifique<\/b><span style=\"font-weight: 400;\">, encadr\u00e9 par le <\/span><b>Code des pensions civiles et militaires<\/b><span style=\"font-weight: 400;\">. Leur retraite de base est g\u00e9r\u00e9e par le <\/span><b>Service des Retraites de l\u2019\u00c9tat (SRE)<\/b><span style=\"font-weight: 400;\">, comme pour les fonctionnaires, magistrats et enseignants titulaires.<\/span><\/p>\n<p><span style=\"font-weight: 400;\">Le pays compte pr\u00e8s de <\/span><b>400 000 militaires<\/b><span style=\"font-weight: 400;\">, r\u00e9partis entre l\u2019<\/span><b>arm\u00e9e de terre, de l\u2019air, la marine, la gendarmerie, la DGA<\/b><span style=\"font-weight: 400;\"> et divers services du <\/span><b>Minist\u00e8re de la D\u00e9fense<\/b><span style=\"font-weight: 400;\">, incluant \u00e9galement des civils et des r\u00e9servistes.<\/span><\/p>\n<h1>L\u2019\u00e2ge de d\u00e9part \u00e0 la retraite pour les militaires<\/h1>\n<h2>La dur\u00e9e de service requise pour un militaire<\/h2>\n<p><span style=\"font-weight: 400;\">Pour partir \u00e0 la retraite, un militaire doit avoir accompli un certain nombre d\u2019ann\u00e9es de service. Cette dur\u00e9e varie selon son grade :<\/span><\/p>\n<ul>\n<li style=\"font-weight: 400;\" aria-level=\"1\"><b>Officiers<\/b><span style=\"font-weight: 400;\"> : 27 ann\u00e9es de service (contre 25 ans auparavant).<\/span><\/li>\n<li style=\"font-weight: 400;\" aria-level=\"1\"><b>Militaires non officiers<\/b><span style=\"font-weight: 400;\"> : 17 ann\u00e9es de service (contre 15 ans auparavant).<\/span><\/li>\n<\/ul>\n<p><span style=\"font-weight: 400;\">Gr\u00e2ce \u00e0 ces conditions, un militaire peut ainsi prendre sa retraite d\u00e8s <\/span><b>43 ans<\/b><span style=\"font-weight: 400;\">, sous r\u00e9serve d\u2019avoir rempli la dur\u00e9e de service requise.<\/span><\/p>\n<h2>La limite d\u2019\u00e2ge pour un d\u00e9part \u00e0 la retraite en tant que militaire<\/h2>\n<p><span style=\"font-weight: 400;\">En l\u2019absence d\u2019un d\u00e9part anticip\u00e9, les militaires sont soumis \u00e0 une limite d\u2019\u00e2ge qui d\u00e9termine leur mise \u00e0 la retraite d\u2019office. Celle-ci varie selon les 27 corps et statuts d\u2019appartenance des militaires :<\/span><\/p>\n<ul>\n<li style=\"font-weight: 400;\" aria-level=\"1\"><b>Officiers<\/b><span style=\"font-weight: 400;\"> : entre <\/span><b>52 et 57 ans<\/b><span style=\"font-weight: 400;\">.<\/span><\/li>\n<li style=\"font-weight: 400;\" aria-level=\"1\"><b>Sous-officiers et militaires du rang<\/b><span style=\"font-weight: 400;\"> : entre <\/span><b>47 et 66 ans<\/b><span style=\"font-weight: 400;\">.<\/span><\/li>\n<\/ul>\n<p><span style=\"font-weight: 400;\">Ces r\u00e8gles permettent d\u2019adapter l\u2019\u00e2ge de d\u00e9part en retraite aux sp\u00e9cificit\u00e9s du m\u00e9tier militaire, prenant en compte la p\u00e9nibilit\u00e9 et les exigences op\u00e9rationnelles du service.<\/span><\/p>\n<p><iframe loading=\"lazy\" title=\"Comment bien pr\u00e9parer sa retraite ?\" width=\"500\" height=\"281\" src=\"https:\/\/www.youtube.com\/embed\/nZ79Bmawt_M?feature=oembed\" frameborder=\"0\" allow=\"accelerometer; autoplay; clipboard-write; encrypted-media; gyroscope; picture-in-picture; web-share\" referrerpolicy=\"strict-origin-when-cross-origin\" allowfullscreen><\/iframe><\/p>\n<h1>Comment est calcul\u00e9 le montant de la pension de retraite des militaires ?<\/h1>\n<p><span style=\"font-weight: 400;\">Le montant de la pension de retraite militaire est d\u00e9termin\u00e9 selon la formule suivante :<\/span><\/p>\n<p><b>(Nombre de trimestres acquis \u00f7 Nombre de trimestres requis pour une retraite \u00e0 taux plein) \u00d7 75 % \u00d7 Solde brut indiciaire<\/b><\/p>\n<p><span style=\"font-weight: 400;\">En d\u2019autres termes, la pension est calcul\u00e9e en fonction du ratio entre les trimestres cotis\u00e9s et le nombre de trimestres n\u00e9cessaires pour b\u00e9n\u00e9ficier d\u2019un taux plein, avant d\u2019\u00eatre multipli\u00e9e par <\/span><b>75 % du solde brut indiciaire<\/b><span style=\"font-weight: 400;\">.<\/span><\/p>\n<p><span style=\"font-weight: 400;\">Les militaires retrait\u00e9s ont la possibilit\u00e9 de cumuler leur pension avec d\u2019autres sources de revenus, sous certaines conditions. Parmi les principales options de cumul, on retrouve :<\/span><\/p>\n<ul>\n<li style=\"font-weight: 400;\" aria-level=\"1\"><b>La pension d\u2019invalidit\u00e9<\/b><span style=\"font-weight: 400;\">, en cas d\u2019incapacit\u00e9 li\u00e9e au service.<\/span><\/li>\n<li style=\"font-weight: 400;\" aria-level=\"1\"><b>Les revenus d\u2019une activit\u00e9 dans le secteur priv\u00e9<\/b><span style=\"font-weight: 400;\">, sous r\u00e9serve du respect des r\u00e8gles en vigueur.<\/span><\/li>\n<\/ul>\n<p><span style=\"font-weight: 400;\">Ce syst\u00e8me permet aux anciens militaires de percevoir une retraite tout en poursuivant une activit\u00e9 professionnelle ou en b\u00e9n\u00e9ficiant d\u2019aides compl\u00e9mentaires.<\/span><\/p>\n<p><iframe loading=\"lazy\" src=\"\/\/www.youtube.com\/embed\/nZ79Bmawt_M\" width=\"560\" height=\"314\" allowfullscreen=\"allowfullscreen\"><\/iframe><\/p>\n<h1>Comment fonctionne la d\u00e9cote et la surcote pour la retraite des combattants ?<\/h1>\n<p><span style=\"font-weight: 400;\">Les militaires peuvent se voir appliquer une <\/span><b>d\u00e9cote<\/b><span style=\"font-weight: 400;\"> ou une <\/span><b>surcote<\/b><span style=\"font-weight: 400;\"> sur leur pension en fonction de leur nombre de trimestres valid\u00e9s. Si un militaire n&rsquo;a pas le nombre de trimestres requis pour une pension \u00e0 taux plein, une d\u00e9cote s&rsquo;applique, r\u00e9duisant la pension de <\/span><b>1,25 % par trimestre manquant<\/b><span style=\"font-weight: 400;\">, avec un plafond de 20 trimestres. En revanche, si un militaire d\u00e9passe la dur\u00e9e d\u2019assurance n\u00e9cessaire, une surcote de <\/span><b>1,25 % par trimestre suppl\u00e9mentaire<\/b><span style=\"font-weight: 400;\"> est appliqu\u00e9e, ce qui augmente le montant de la pension. Les conditions de d\u00e9cote et de surcote varient en fonction de l&rsquo;\u00e2ge de d\u00e9part et de l&rsquo;anciennet\u00e9 de service. Par exemple, si un militaire prend sa retraite avant l&rsquo;\u00e2ge minimum requis ou n&rsquo;a pas effectu\u00e9 le nombre d&rsquo;ann\u00e9es de service n\u00e9cessaires, il subira la d\u00e9cote, tandis qu&rsquo;une surcote s\u2019applique si le d\u00e9part est retard\u00e9 ou si les conditions sont exc\u00e9dentaires.<\/span><\/p>\n<div class='cta-block'><div class='text'>Simulez votre retraite en 2 min.<\/div><a href='https:\/\/www.mes-allocs.fr\/formulaire\/retraite?utm_source=seo&origin=guides\/wp-json\/wp\/v2\/posts\/53323' class='app-button fit'>Simulation gratuite<\/a><\/div>\n<h1>Retraite des militaires : quelles sont les d\u00e9marches pour certains cas particuliers ?<\/h1>\n<h2>Comment faire valider le service militaire pour la pension de retraite ?<\/h2>\n<p><span style=\"font-weight: 400;\">Les <\/span><b>p\u00e9riodes de service militaire<\/b><span style=\"font-weight: 400;\"> (national, mobilisation, captivit\u00e9) ouvrent des droits \u00e0 la retraite, permettant de valider des trimestres. Par exemple, 90 jours de service militaire valident un trimestre, avec un maximum de 4 trimestres par an. Les <\/span><b>volontaires<\/b><span style=\"font-weight: 400;\"> ayant prolong\u00e9 leur service et les <\/span><b>objecteurs de conscience<\/b><span style=\"font-weight: 400;\"> b\u00e9n\u00e9ficient \u00e9galement des trimestres valid\u00e9s, m\u00eame sans cotisation. De plus, depuis 2014, le <\/span><b>service civique<\/b><span style=\"font-weight: 400;\"> est \u00e9galement reconnu, validant un trimestre si le volontaire a per\u00e7u au moins 150 fois le Smic horaire. Ces p\u00e9riodes sont dites \u00ab <\/span><b>assimil\u00e9es<\/b><span style=\"font-weight: 400;\"> \u00bb, car elles ne n\u00e9cessitent pas de cotisation financi\u00e8re directe. Par ailleurs, les <\/span><b>p\u00e9riodes de service national<\/b><span style=\"font-weight: 400;\"> peuvent \u00eatre prises en compte dans le cadre de la retraite anticip\u00e9e pour <\/span><b>carri\u00e8re longue<\/b><span style=\"font-weight: 400;\">, dans la limite de 4 trimestres.<\/span><\/p>\n<h2>Quelle est la caisse de retraite des militaires ?<\/h2>\n<p><span style=\"font-weight: 400;\">Les militaires b\u00e9n\u00e9ficient d\u2019une <\/span><b>protection sociale<\/b><span style=\"font-weight: 400;\"> et d\u2019un r\u00e9gime de retraite g\u00e9r\u00e9 par la <\/span><b>Caisse nationale militaire de s\u00e9curit\u00e9 sociale (CNMSS)<\/b><span style=\"font-weight: 400;\">. Situ\u00e9e \u00e0 Toulon, cette institution a \u00e9t\u00e9 cr\u00e9\u00e9e apr\u00e8s la Seconde Guerre mondiale et s&rsquo;occupe de la gestion des cotisations, des prestations de sant\u00e9 et des pensions des militaires et de leur famille. Elle joue \u00e9galement un r\u00f4le central dans l\u2019application des r\u00e9formes du syst\u00e8me de retraite militaire et assure un suivi administratif des pensions. La CNMSS est essentielle pour le bon fonctionnement de la s\u00e9curit\u00e9 sociale des militaires et reste un acteur incontournable pour les b\u00e9n\u00e9ficiaires.<\/span><\/p>\n<h1>La retraite compl\u00e9mentaire des militaires : quelles options ?<\/h1>\n<p><span style=\"font-weight: 400;\">Les militaires cotisent \u00e0 la <\/span><b>RAFP (Retraite Additionnelle de la Fonction Publique)<\/b><span style=\"font-weight: 400;\">, un r\u00e9gime obligatoire similaire \u00e0 la <a href=\"https:\/\/www.mes-allocs.fr\/guides\/retraite\/retraite-fonctionnaire\/\">retraite des fonctionnaires<\/a>. Cette retraite compl\u00e9mentaire prend en compte diverses r\u00e9mun\u00e9rations comme <\/span><b>les primes, indemnit\u00e9s, avantages en nature<\/b><span style=\"font-weight: 400;\"> et r\u00e9mun\u00e9rations accessoires qui ne sont pas cotis\u00e9es dans le r\u00e9gime de base. Le taux de cotisation est de <\/span><b>10 %<\/b><span style=\"font-weight: 400;\">, r\u00e9parti \u00e9galement entre le militaire et l\u2019employeur (5 % chacun). Le syst\u00e8me fonctionne par points : chaque cotisation g\u00e9n\u00e8re des points qui sont ensuite cr\u00e9dit\u00e9s sur un compte individuel. Lors de la liquidation des droits, ces points sont convertis en rente. La <\/span><b>valeur du point<\/b><span style=\"font-weight: 400;\"> est fix\u00e9e chaque ann\u00e9e et utilis\u00e9e pour calculer la rente finale. Les militaires qui n&rsquo;ont pas accumul\u00e9 17 ou 27 ans de service obligatoire sont affili\u00e9s \u00e0 l&rsquo;IRCANTEC, un autre r\u00e9gime qui compl\u00e8te la retraite des militaires non titulaires ou ayant des carri\u00e8res incompl\u00e8tes.<\/span><\/p>\n<h1>La Retraite Mutualiste du Combattant<\/h1>\n<p><span style=\"font-weight: 400;\">La <\/span><a href=\"https:\/\/www.mes-allocs.fr\/guides\/retraite\/retraite-par-metier\/retraite-du-combattant\/\">Retraite Mutualiste du Combattant (RMC)<\/a><span style=\"font-weight: 400;\"> est une <\/span><b>retraite compl\u00e9mentaire<\/b><span style=\"font-weight: 400;\"> exclusive pour les militaires titulaires de la carte du combattant ou ayant servi dans des <\/span><b>zones de guerre<\/b><span style=\"font-weight: 400;\"> ou en <\/span><b>op\u00e9rations ext\u00e9rieures<\/b><span style=\"font-weight: 400;\"> pendant au moins 90 jours. Ce r\u00e9gime fonctionne par capitalisation et permet de b\u00e9n\u00e9ficier d\u2019une rente viag\u00e8re exon\u00e9r\u00e9e d\u2019imp\u00f4ts et de pr\u00e9l\u00e8vements sociaux, dans la limite du plafond l\u00e9gal. Les versements effectu\u00e9s dans ce cadre sont \u00e9galement d\u00e9ductibles des revenus imposables, ce qui permet aux militaires de r\u00e9aliser des <\/span><b>\u00e9conomies fiscales<\/b><span style=\"font-weight: 400;\">. \u00c0 partir de 50 ans, les b\u00e9n\u00e9ficiaires re\u00e7oivent une <\/span><b>rente trimestrielle<\/b><span style=\"font-weight: 400;\"> pouvant \u00eatre <\/span><b>major\u00e9e<\/b><span style=\"font-weight: 400;\"> de 12,5 % \u00e0 60 %, selon la situation du combattant. Cette rente peut \u00eatre revaloris\u00e9e chaque ann\u00e9e. L&rsquo;\u00c9tat participe au financement de ce r\u00e9gime par un <\/span><b>double abondement<\/b><span style=\"font-weight: 400;\">, offrant ainsi un soutien financier suppl\u00e9mentaire aux b\u00e9n\u00e9ficiaires.<\/span><\/p>\n<h1>Ce que change la r\u00e9forme des retraites pour les militaires<\/h1>\n<p><span style=\"font-weight: 400;\">La <\/span><b>r\u00e9forme des retraites<\/b><span style=\"font-weight: 400;\"> en France affecte directement les militaires, en modifiant certains aspects de leur r\u00e9gime de retraite. Parmi les changements majeurs, on note l\u2019ajustement des <\/span><b>conditions d\u2019affiliation<\/b><span style=\"font-weight: 400;\"> aux diff\u00e9rents r\u00e9gimes de retraite, l\u2019\u00e9volution des <\/span><b>taux de cotisation<\/b><span style=\"font-weight: 400;\"> et des <\/span><b>plafonds<\/b><span style=\"font-weight: 400;\"> dans des r\u00e9gimes comme la <\/span><b>RAFP<\/b><span style=\"font-weight: 400;\">. De plus, de nouvelles r\u00e8gles fiscales seront mises en place, notamment concernant la <\/span><b>Retraite Mutualiste du Combattant<\/b><span style=\"font-weight: 400;\">. Ces modifications visent \u00e0 <\/span><b>simplifier<\/b><span style=\"font-weight: 400;\"> et <\/span><b>harmoniser<\/b><span style=\"font-weight: 400;\"> les r\u00e9gimes de retraite des militaires tout en ajustant les pensions en fonction des nouveaux crit\u00e8res de cotisation, des \u00e9volutions d\u00e9mographiques, et des r\u00e9formes \u00e9conomiques globales.<\/span><\/p>\n<div class='cta-block'><div class='text'>Simulez votre retraite en 2 min.<\/div><a href='https:\/\/www.mes-allocs.fr\/formulaire\/retraite?utm_source=seo&origin=guides\/wp-json\/wp\/v2\/posts\/53323' class='app-button fit'>Simulation gratuite<\/a><\/div>\n","protected":false},"excerpt":{"rendered":"<p>[Mis \u00e0 jour le 10\/02\/2026] En France aujourd&rsquo;hui, on compte un peu moins de 400 000 militaires, r\u00e9partis dans les diff\u00e9rents corps et services qui composent l&rsquo;arm\u00e9e fran\u00e7aise. Il faut ajouter \u00e0 cela le personnel du minist\u00e8re de la D\u00e9fense. Mais la retraite des militaires est diff\u00e9rente de la retraite pour les autres m\u00e9tiers.\u00a0Les militaires [&hellip;]<\/p>\n","protected":false},"author":13,"featured_media":53415,"comment_status":"closed","ping_status":"open","sticky":false,"template":"","format":"standard","meta":{"amp_status":"","footnotes":""},"categories":[19177,21723],"tags":[],"class_list":["post-53323","post","type-post","status-publish","format-standard","has-post-thumbnail","hentry","category-retraite","category-retraite-par-metier"],"yoast_head":"<!-- This site is optimized with the Yoast SEO plugin v14.9 - https:\/\/yoast.com\/wordpress\/plugins\/seo\/ -->\n<title>Retraite des militaires : \u00e2ge, calcul, d\u00e9marches | Mes-Allocs.fr<\/title>\n<meta name=\"description\" content=\"Il existe des r\u00e9gimes de retraite sp\u00e9ciaux en France et les militaires poss\u00e8dent leur propre r\u00e9gime de retraite.\" \/>\n<meta name=\"robots\" content=\"index, follow, max-snippet:-1, max-image-preview:large, max-video-preview:-1\" \/>\n<link rel=\"canonical\" href=\"https:\/\/www.mes-allocs.fr\/guides\/retraite\/retraite-par-metier\/retraite-militaire\/\" \/>\n<meta property=\"og:locale\" content=\"fr_FR\" \/>\n<meta property=\"og:type\" content=\"article\" \/>\n<meta property=\"og:title\" content=\"Retraite des militaires : \u00e2ge, calcul, d\u00e9marches | Mes-Allocs.fr\" \/>\n<meta property=\"og:description\" content=\"Il existe des r\u00e9gimes de retraite sp\u00e9ciaux en France et les militaires poss\u00e8dent leur propre r\u00e9gime de retraite.\" \/>\n<meta property=\"og:url\" content=\"https:\/\/www.mes-allocs.fr\/guides\/retraite\/retraite-par-metier\/retraite-militaire\/\" \/>\n<meta property=\"og:site_name\" content=\"Mes-Allocs.fr\" \/>\n<meta property=\"article:published_time\" content=\"2022-08-23T14:35:40+00:00\" \/>\n<meta property=\"article:modified_time\" content=\"2026-02-10T15:26:29+00:00\" \/>\n<meta property=\"og:image\" content=\"https:\/\/www.mes-allocs.fr\/guides\/wp-content\/uploads\/2022\/06\/filip-andrejevic-1LTunOck3es-unsplash-e1655911644723.jpg?wsr\" \/>\n\t<meta property=\"og:image:width\" content=\"1920\" \/>\n\t<meta property=\"og:image:height\" content=\"480\" \/>\n<meta name=\"twitter:card\" content=\"summary_large_image\" \/>\n<script type=\"application\/ld+json\" class=\"yoast-schema-graph\">{\"@context\":\"https:\/\/schema.org\",\"@graph\":[{\"@type\":\"WebSite\",\"@id\":\"https:\/\/www.mes-allocs.fr\/guides\/#website\",\"url\":\"https:\/\/www.mes-allocs.fr\/guides\/\",\"name\":\"Mes-Allocs.fr\",\"description\":\"\",\"potentialAction\":[{\"@type\":\"SearchAction\",\"target\":\"https:\/\/www.mes-allocs.fr\/guides\/?s={search_term_string}\",\"query-input\":\"required name=search_term_string\"}],\"inLanguage\":\"fr-FR\"},{\"@type\":\"ImageObject\",\"@id\":\"https:\/\/www.mes-allocs.fr\/guides\/retraite\/retraite-par-metier\/retraite-militaire\/#primaryimage\",\"inLanguage\":\"fr-FR\",\"url\":\"https:\/\/www.mes-allocs.fr\/guides\/wp-content\/uploads\/2022\/06\/filip-andrejevic-1LTunOck3es-unsplash-e1655911644723.jpg?wsr\",\"width\":1920,\"height\":480,\"caption\":\"pension militaire d'invalidit\\u00e9\"},{\"@type\":\"WebPage\",\"@id\":\"https:\/\/www.mes-allocs.fr\/guides\/retraite\/retraite-par-metier\/retraite-militaire\/#webpage\",\"url\":\"https:\/\/www.mes-allocs.fr\/guides\/retraite\/retraite-par-metier\/retraite-militaire\/\",\"name\":\"Retraite des militaires : \\u00e2ge, calcul, d\\u00e9marches | Mes-Allocs.fr\",\"isPartOf\":{\"@id\":\"https:\/\/www.mes-allocs.fr\/guides\/#website\"},\"primaryImageOfPage\":{\"@id\":\"https:\/\/www.mes-allocs.fr\/guides\/retraite\/retraite-par-metier\/retraite-militaire\/#primaryimage\"},\"datePublished\":\"2022-08-23T14:35:40+00:00\",\"dateModified\":\"2026-02-10T15:26:29+00:00\",\"author\":{\"@id\":\"https:\/\/www.mes-allocs.fr\/guides\/#\/schema\/person\/c22c1269332026958a3b5505f80b5404\"},\"description\":\"Il existe des r\\u00e9gimes de retraite sp\\u00e9ciaux en France et les militaires poss\\u00e8dent leur propre r\\u00e9gime de retraite.\",\"inLanguage\":\"fr-FR\"},{\"@type\":\"Person\",\"@id\":\"https:\/\/www.mes-allocs.fr\/guides\/#\/schema\/person\/c22c1269332026958a3b5505f80b5404\",\"name\":\"Flavien Fritz\",\"image\":{\"@type\":\"ImageObject\",\"@id\":\"https:\/\/www.mes-allocs.fr\/guides\/#personlogo\",\"inLanguage\":\"fr-FR\",\"url\":\"https:\/\/www.mes-allocs.fr\/guides\/wp-content\/uploads\/2021\/11\/Flavien-1-150x150.png\",\"caption\":\"Flavien Fritz\"},\"description\":\"Flavien est r\\u00e9dacteur au sein de l'\\u00e9quipe Mes Allocs, sp\\u00e9cialis\\u00e9 en droit priv\\u00e9. Dipl\\u00f4m\\u00e9 de l'Institut Catholique de Vend\\u00e9e, il rejoint Mes Allocs apr\\u00e8s une premi\\u00e8re exp\\u00e9rience entrepreneuriale.\",\"sameAs\":[\"https:\/\/fr.linkedin.com\/in\/flavienfritz\"]}]}<\/script>\n<!-- \/ Yoast SEO plugin. -->","amp_validity":null,"acf":{"faq":{"1":{"question":"","answer":""},"2":{"question":"","answer":""},"3":{"question":"","answer":""},"4":{"question":"","answer":""},"5":{"question":"","answer":""},"6":{"question":"","answer":""},"7":{"question":"","answer":""},"8":{"question":"","answer":""},"9":{"question":"","answer":""},"10":{"question":"","answer":""},"11":{"question":"","answer":""},"12":{"question":"","answer":""},"13":{"question":"","answer":""},"14":{"question":"","answer":""},"15":{"question":"","answer":""},"16":{"question":"","answer":""}}},"_links":{"self":[{"href":"https:\/\/www.mes-allocs.fr\/guides\/wp-json\/wp\/v2\/posts\/53323","targetHints":{"allow":["GET"]}}],"collection":[{"href":"https:\/\/www.mes-allocs.fr\/guides\/wp-json\/wp\/v2\/posts"}],"about":[{"href":"https:\/\/www.mes-allocs.fr\/guides\/wp-json\/wp\/v2\/types\/post"}],"author":[{"embeddable":true,"href":"https:\/\/www.mes-allocs.fr\/guides\/wp-json\/wp\/v2\/users\/13"}],"replies":[{"embeddable":true,"href":"https:\/\/www.mes-allocs.fr\/guides\/wp-json\/wp\/v2\/comments?post=53323"}],"version-history":[{"count":22,"href":"https:\/\/www.mes-allocs.fr\/guides\/wp-json\/wp\/v2\/posts\/53323\/revisions"}],"predecessor-version":[{"id":108896,"href":"https:\/\/www.mes-allocs.fr\/guides\/wp-json\/wp\/v2\/posts\/53323\/revisions\/108896"}],"wp:featuredmedia":[{"embeddable":true,"href":"https:\/\/www.mes-allocs.fr\/guides\/wp-json\/wp\/v2\/media\/53415"}],"wp:attachment":[{"href":"https:\/\/www.mes-allocs.fr\/guides\/wp-json\/wp\/v2\/media?parent=53323"}],"wp:term":[{"taxonomy":"category","embeddable":true,"href":"https:\/\/www.mes-allocs.fr\/guides\/wp-json\/wp\/v2\/categories?post=53323"},{"taxonomy":"post_tag","embeddable":true,"href":"https:\/\/www.mes-allocs.fr\/guides\/wp-json\/wp\/v2\/tags?post=53323"}],"curies":[{"name":"wp","href":"https:\/\/api.w.org\/{rel}","templated":true}]}}