{"id":53319,"date":"2022-08-12T15:29:25","date_gmt":"2022-08-12T13:29:25","guid":{"rendered":"https:\/\/www.mes-allocs.fr\/guides\/?p=53319"},"modified":"2026-02-10T17:13:59","modified_gmt":"2026-02-10T16:13:59","slug":"retraite-des-mines","status":"publish","type":"post","link":"https:\/\/www.mes-allocs.fr\/guides\/retraite\/retraite-par-metier\/retraite-des-mines\/","title":{"rendered":"Retraite des mines : conditions, calcul, d\u00e9marches"},"content":{"rendered":"<p><img loading=\"lazy\" decoding=\"async\" title=\"retraite des mines\" src=\"https:\/\/www.mes-allocs.fr\/guides\/wp-content\/uploads\/2022\/06\/stephen-philpott-TTbwJVG4zO4-unsplash-e1655739953194.jpg\" alt=\"retraite des mines\" width=\"1920\" height=\"580\" \/><\/p>\n<p>[Mis \u00e0 jour le 10\/02\/2026] En France, certains salari\u00e9s rel\u00e8vent de <a href=\"https:\/\/www.mes-allocs.fr\/guides\/retraite\/retraite-par-metier\/\">r\u00e9gimes de retraite sp\u00e9ciaux<\/a>, mis en place pour des professions particuli\u00e8res, souvent issues d\u2019entreprises publiques ou de secteurs sp\u00e9cifiques. C\u2019est notamment le cas de la <strong>retraite pour les mines<\/strong>, historiquement r\u00e9serv\u00e9e aux travailleurs des industries mini\u00e8res. Toutefois, ce r\u00e9gime est d\u00e9sormais ferm\u00e9 : il n\u2019est plus possible d\u2019y entrer, et seuls les anciens affili\u00e9s en b\u00e9n\u00e9ficient encore. Malgr\u00e9 sa disparition progressive, il reste utile de comprendre son fonctionnement. Mes Allocs vous explique tout sur le r\u00e9gime de retraite des mines.<\/p>\n<div class='cta-block'><div class='text'>Simulez votre retraite en 2 min.<\/div><a href='https:\/\/www.mes-allocs.fr\/formulaire\/retraite?utm_source=seo&origin=guides\/wp-json\/wp\/v2\/posts\/53319' class='app-button fit'>Simulation gratuite<\/a><\/div>\n<h1>Comprendre la retraite des mineurs<\/h1>\n<h2>Quel est le r\u00e9gime de retraite des mineurs ?<\/h2>\n<p>Il existe des professions pour lesquelles il existe un r\u00e9gime de retraite sp\u00e9cifique au secteur d\u2019activit\u00e9. C\u2019est notamment le cas des mineurs : l\u2019exploitation des mines fait partie des r\u00e9gimes de retraite sp\u00e9ciaux en France.<\/p>\n<p>La retraite des mines s\u2019adresse \u00e0 toutes les personnes employ\u00e9es des entreprises mini\u00e8res. Elle rel\u00e8ve de la Caisse Autonome Nationale de S\u00e9curit\u00e9 Sociale dans les Mines (<b>CANSSM<\/b>) et de la Caisse des D\u00e9p\u00f4ts et Consignations. La CANSSM a pour objectif de couvrir les prestations de S\u00e9curit\u00e9 Sociale, et la Caisse des D\u00e9p\u00f4ts et Consignations g\u00e8re l\u2019assurance-vieillesse.<\/p>\n<p><iframe loading=\"lazy\" title=\"Comment bien pr\u00e9parer sa retraite ?\" width=\"500\" height=\"281\" src=\"https:\/\/www.youtube.com\/embed\/nZ79Bmawt_M?feature=oembed\" frameborder=\"0\" allow=\"accelerometer; autoplay; clipboard-write; encrypted-media; gyroscope; picture-in-picture; web-share\" referrerpolicy=\"strict-origin-when-cross-origin\" allowfullscreen><\/iframe><\/p>\n<h2>Qui est concern\u00e9 par la retraite des mines ?<\/h2>\n<p>La <b>retraite des mines<\/b> s\u2019adresse aux <b>anciens salari\u00e9s du secteur minier<\/b> ayant cotis\u00e9 au r\u00e9gime pendant <b>au moins un trimestre<\/b>. Pour en b\u00e9n\u00e9ficier, il faut avoir <b>cess\u00e9 toute activit\u00e9 professionnelle mini\u00e8re<\/b>, ce qui doit \u00eatre prouv\u00e9 par une <b>attestation de l\u2019employeur<\/b> ou une <b>d\u00e9claration sur l\u2019honneur<\/b>, indiquant la date de fin d\u2019activit\u00e9.<\/p>\n<p>Depuis le <b>1\u1d49\u02b3 septembre 2010<\/b>, aucun nouveau cotisant n\u2019est accept\u00e9. Les effectifs actifs diminuent chaque ann\u00e9e. D\u2019apr\u00e8s les pr\u00e9visions du <b>S\u00e9nat<\/b>, il ne restera <b>plus aucun cotisant en 2050<\/b>, mais environ <b>35 300 pensionn\u00e9s<\/b>, dont <b>10 100 au titre du droit direct<\/b>.<\/p>\n<p>Ainsi, les <b>ressources du r\u00e9gime<\/b> reposent d\u00e9sormais principalement sur les <b>transferts de l\u2019\u00c9tat<\/b>, les <b>cotisations<\/b> ne repr\u00e9sentant <b>plus qu\u20191 %<\/b> du financement.<\/p>\n<h1>L\u2019\u00e2ge de d\u00e9part \u00e0 la retraite pour les personnels des mines<\/h1>\n<p>L\u2019<b>\u00e2ge l\u00e9gal de d\u00e9part<\/b> \u00e0 la retraite est de <b>55 ans<\/b> pour les affili\u00e9s \u00e0 la <b>Retraite des Mines<\/b>. Toutefois, une exception est pr\u00e9vue pour ceux ayant travaill\u00e9 <b>\u00ab au fond \u00bb<\/b> et valid\u00e9 <b>au moins 120 trimestres<\/b>. Leur \u00e2ge de d\u00e9part d\u00e9pend de la dur\u00e9e pass\u00e9e au fond :<\/p>\n<ul>\n<li aria-level=\"1\"><b>4 ans au fond<\/b> : d\u00e9part \u00e0 <b>54 ans<\/b><\/li>\n<li aria-level=\"1\"><b>8 ans au fond<\/b> : d\u00e9part \u00e0 <b>53 ans<\/b><\/li>\n<li aria-level=\"1\"><b>12 ans au fond<\/b> : d\u00e9part \u00e0 <b>52 ans<\/b><\/li>\n<li aria-level=\"1\"><b>16 ans au fond<\/b> : d\u00e9part \u00e0 <b>51 ans<\/b><\/li>\n<\/ul>\n<h1>Comment est calcul\u00e9e la pension de retraite pour le personnel des mines ?<\/h1>\n<p>La <b>retraite des mineurs<\/b> repose sur un <b>mode de calcul sp\u00e9cifique<\/b> qui prend en compte le <b>nombre de trimestres valid\u00e9s<\/b> et un <b>coefficient annuel<\/b>. Chaque trimestre valid\u00e9 donne droit \u00e0 une r\u00e9mun\u00e9ration fix\u00e9e par l&rsquo;\u00c9tat, revaloris\u00e9e chaque ann\u00e9e. En 2026, la <b>valeur du trimestre<\/b> \u00e9tait de <b>94,21 \u20ac<\/b>, et le <b>coefficient<\/b> appliqu\u00e9 de <b>1,446 <\/b>, ce qui donnait une pension de <b>136,16 \u20ac par trimestre<\/b>.<\/p>\n<p>Un mineur peut valider jusqu\u2019\u00e0 <b>120 trimestres<\/b>. Si ce total est atteint <b>avant 55 ans<\/b>, il continue automatiquement \u00e0 valider des trimestres jusqu\u2019\u00e0 cet \u00e2ge. \u00c0 l\u2019inverse, s\u2019il atteint <b>55 ans sans les avoir atteints<\/b>, il peut encore travailler pour compl\u00e9ter, mais seulement jusqu\u2019\u00e0 120 trimestres.<\/p>\n<p>Ainsi, une carri\u00e8re compl\u00e8te de <b>120 trimestres<\/b> permet d\u2019obtenir une pension annuelle de <b>16\u202f338,67 \u20ac<\/b>, soit environ <b>1\u202f361,56 \u20ac par mois<\/b>.<\/p>\n<div class='cta-block'><div class='text'>Simulez votre retraite en 2 min.<\/div><a href='https:\/\/www.mes-allocs.fr\/formulaire\/retraite?utm_source=seo&origin=guides\/wp-json\/wp\/v2\/posts\/53319' class='app-button fit'>Simulation gratuite<\/a><\/div>\n<h1>Les majorations du r\u00e9gime minier<\/h1>\n<p>Comme la plupart des r\u00e9gimes de retraite de base, la Retraite des Mines pr\u00e9voit certaines <b>majorations <\/b>de pension pour les affili\u00e9s.<\/p>\n<p>Ces majorations peuvent se faire lorsque le mineur a une famille nombreuse. Il existe \u00e9galement une majoration pour ceux qui ont travaill\u00e9 \u201cau fond\u201d.<\/p>\n<h2>Majoration \u201cau fond\u201d<\/h2>\n<p>Cette pension est accord\u00e9e pour chaque trimestre qui aura \u00e9t\u00e9 effectu\u00e9 \u201cau fond\u201d des mines.<\/p>\n<p>Son montant est de<b> 0,15%<\/b> suppl\u00e9mentaire par trimestre.<\/p>\n<h2>Majoration pour enfants<\/h2>\n<p>Cette majoration est accord\u00e9e aux mineurs qui ont<b> 3 enfants ou plus<\/b>.<\/p>\n<p>Son montant est de <b>10% <\/b>du montant de la pension de base.<\/p>\n<h2>Majoration pour conjoints \u00e0 charge<\/h2>\n<p>Cette pension est accord\u00e9e aux retrait\u00e9s qui ont un <b>conjoint \u00e0 charge de plus de 65 ans<\/b>. Cet \u00e2ge est avanc\u00e9 \u00e0 60 ans si le conjoint est en incapacit\u00e9.<\/p>\n<h1>Le versement de la retraite des mines<\/h1>\n<h2>Comment est vers\u00e9e la retraite des mines ?<\/h2>\n<p>Le paiement de la Retraite des Mines s\u2019effectue <b>chaque mois \u00e0 terme \u00e9chu<\/b>.<\/p>\n<p>Cela signifie que la pension per\u00e7ue chaque mois va correspondre non pas au travail effectu\u00e9 le mois en cours, mais \u00e0 celui du mois d\u2019avant.<\/p>\n<p>Le versement est effectu\u00e9<b> \u00e0 compter du 8 de chaque mois.<\/b><\/p>\n<h2>Calendrier des paiements en 2026<\/h2>\n<ul>\n<li aria-level=\"1\"><b>Janvier<\/b> : 10 f\u00e9vrier 2026<\/li>\n<li aria-level=\"1\"><b>F\u00e9vrier<\/b> : 10 mars 2026<\/li>\n<li aria-level=\"1\"><b>Mars<\/b> : 08 avril 2026<\/li>\n<li aria-level=\"1\"><b>Avril<\/b> : 12 mai 2026<\/li>\n<li aria-level=\"1\"><b>Mai<\/b> : 10 juin 2026<\/li>\n<li aria-level=\"1\"><b>Juin<\/b> : 08 juillet 2026<\/li>\n<li aria-level=\"1\"><b>Juillet<\/b> : 08 ao\u00fbt 2026<\/li>\n<li aria-level=\"1\"><b>Ao\u00fbt<\/b> : 08 septembre 2026<\/li>\n<li aria-level=\"1\"><b>Septembre<\/b> : 08 octobre 2026<\/li>\n<li aria-level=\"1\"><b>Octobre<\/b> : 10 novembre 2026<\/li>\n<li aria-level=\"1\"><b>Novembre<\/b> : 08 d\u00e9cembre 2026<\/li>\n<li aria-level=\"1\"><b>D\u00e9cembre<\/b> : 08 janvier 2027<\/li>\n<\/ul>\n<h2>Versement \u00e0 l\u2019\u00e9tranger et \u00e0 un tiers<\/h2>\n<p>Si vous vivez \u00e0 l\u2019\u00e9tranger, vous pouvez tout \u00e0 fait recevoir votre <b>retraite mini\u00e8re<\/b> sur un compte bancaire local. Il suffit d\u2019en faire la demande par \u00e9crit, en joignant un <b>relev\u00e9 d\u2019identit\u00e9 bancaire (RIB)<\/b> \u00e0 votre nom. Ce document doit \u00eatre fourni par votre \u00e9tablissement financier et comporter vos <b>coordonn\u00e9es bancaires compl\u00e8tes<\/b>, notamment les <b>codes IBAN et BIC<\/b>.<\/p>\n<p>Ce type de versement est aussi possible si vous souhaitez que la pension soit vers\u00e9e \u00e0 un <b>tiers<\/b>.<\/p>\n<h1>La pension de r\u00e9version<\/h1>\n<h2>La pension de r\u00e9version pour le conjoint ou l\u2019ex-conjoint<\/h2>\n<p>Le <b>conjoint survivant<\/b> ou l\u2019<b>ex-conjoint non remari\u00e9<\/b> d\u2019un cotisant ou retrait\u00e9 du r\u00e9gime minier peut b\u00e9n\u00e9ficier d\u2019une <b>pension de r\u00e9version<\/b>, \u00e0 condition d\u2019avoir \u00e9t\u00e9 <b>mari\u00e9 au moins 2 ans<\/b> ou d\u2019avoir eu <b>un enfant issu du mariage<\/b>. Cette pension correspond \u00e0 <b>54 %<\/b> de la retraite per\u00e7ue ou due au d\u00e9funt, <b>majorations comprises<\/b> (pour 3 enfants ou enfants \u00e0 charge).<\/p>\n<p>En cas de <b>cumul<\/b> avec une pension personnelle des mines, le total ne peut d\u00e9passer la pension correspondant \u00e0 <b>120 trimestres valid\u00e9s<\/b>. Si plusieurs ex-conjoints sont concern\u00e9s, la pension est <b>partag\u00e9e<\/b> selon la <b>dur\u00e9e des mariages<\/b>. En cas de <b>remariage<\/b>, la pension est <b>suspendue<\/b> et remplac\u00e9e par un <b>capital de trois ans<\/b>. Elle peut \u00eatre <b>r\u00e9tablie apr\u00e8s divorce ou veuvage<\/b>.<\/p>\n<h2>La pension de r\u00e9version pour les enfants de mineurs<\/h2>\n<p>Les enfants de mineurs et anciens mineurs d\u00e9c\u00e9d\u00e9s ont \u00e9galement droit \u00e0 une pension de r\u00e9version.<\/p>\n<p>Les enfants de mineurs peuvent la toucher<b> jusqu\u2019\u00e0 l\u2019\u00e2ge de 16 ans.<\/b><\/p>\n<p>Dans certains cas, cet \u00e2ge peut \u00eatre port\u00e9 \u00e0<b> 20 ans<\/b> si :<\/p>\n<ul>\n<li aria-level=\"1\">ils poursuivent des \u00e9tudes dans le secondaire et ensuite dans un \u00e9tablissement d\u2019enseignement sup\u00e9rieur\u2009;<\/li>\n<li aria-level=\"1\">ils exercent une activit\u00e9 professionnelle, r\u00e9mun\u00e9r\u00e9e \u00e0 hauteur d\u2019au moins 55 % du SMIC.<\/li>\n<\/ul>\n<p>Si le parent avait acquis au moins 60 trimestres, alors le montant de la pension s\u2019\u00e9l\u00e8ve \u00e0 <b>293,68 \u20ac<\/b>. Tout trimestre manquant ampute le montant de la pension d\u20191\/60.<\/p>\n<h1>La retraite compl\u00e9mentaire pour les mineurs<\/h1>\n<p>En plus de la retraite de base, les salari\u00e9s du secteur minier cotisent \u00e0 la <b>CARCOM <\/b>(Caisse de Retraites Compl\u00e9mentaires des Ouvriers Mineurs).<\/p>\n<p>La CARCOM est la caisse de retraite compl\u00e9mentaire des mines.<\/p>\n<p>Cependant, il y a eu un changement puisque depuis le 1er janvier 2014, la CARCOM a fusionn\u00e9 avec :<\/p>\n<ul>\n<li aria-level=\"1\">l\u2019ICIRS<\/li>\n<li aria-level=\"1\">l\u2019IPSIE<\/li>\n<li aria-level=\"1\">l\u2019IRSIM<\/li>\n<\/ul>\n<p>Aujourd\u2019hui, ces trois r\u00e9gimes r\u00e9unis forment <b>l\u2019ABELIO<\/b>.<\/p>\n<h1>Comment faire la demande de retraite des mines ?<\/h1>\n<p>Le d\u00e9part en retraite au r\u00e9gime des mines n\u2019est <b>pas automatique<\/b>. Il faut <b>en faire la demande<\/b> environ <b>3 \u00e0 4 mois avant<\/b> la date souhait\u00e9e de d\u00e9part. Avant cela, il est important d\u2019avoir <b>reconstitu\u00e9 sa carri\u00e8re<\/b> afin de v\u00e9rifier ses <b>trimestres valid\u00e9s<\/b>, base du calcul des droits \u00e0 pension. Le <b>relev\u00e9 des services<\/b> vous aide \u00e0 faire ce point.<\/p>\n<p>Vous devez ensuite remplir le formulaire officiel intitul\u00e9 <b>\u00ab Demande de pension mini\u00e8re de vieillesse \u00bb<\/b>. Ce document peut \u00eatre t\u00e9l\u00e9charg\u00e9 en ligne, demand\u00e9 par t\u00e9l\u00e9phone, courrier ou lors d\u2019une visite aux services comp\u00e9tents. Si vous vivez \u00e0 l\u2019\u00e9tranger, la demande doit passer par l\u2019<b>organisme de s\u00e9curit\u00e9 sociale local<\/b>.<\/p>\n<p>Attention, ce formulaire concerne uniquement le r\u00e9gime minier : il <b>n\u2019ouvre pas de droits<\/b> dans d&rsquo;autres r\u00e9gimes de retraite ou r\u00e9gimes compl\u00e9mentaires. Une <b>estimation pr\u00e9alable<\/b> ou un <b>entretien d\u2019information retraite<\/b> peut vous aider \u00e0 mieux pr\u00e9parer votre d\u00e9part.<\/p>\n<div class='shortcode summary'><div class='title'>En r\u00e9sum\u00e9 :<\/div><div class='content'><ul><li>L\u2019<b>\u00e2ge l\u00e9gal de d\u00e9part<\/b> est de <b>55 ans<\/b>, mais il peut \u00eatre abaiss\u00e9 jusqu\u2019\u00e0 <b>51 ans<\/b> selon le <b>nombre d\u2019ann\u00e9es travaill\u00e9es \u201cau fond\u201d<\/b> et \u00e0 condition d\u2019avoir valid\u00e9 <b>120 trimestres<\/b>.<\/li><li>Chaque trimestre valid\u00e9 donne droit \u00e0 une pension, avec un <b>montant de 136,16 \u20ac par trimestre<\/b> en 2026.<\/li><li>Des <b>majorations<\/b> sont pr\u00e9vues pour enfants, conjoint \u00e0 charge, et travail \u201cau fond\u201d.<\/li><li> Une <b>pension de r\u00e9version<\/b> peut \u00eatre vers\u00e9e au conjoint survivant, ex-conjoint ou enfants sous conditions.<\/li><li>La retraite doit \u00eatre <b>demand\u00e9e 3 \u00e0 4 mois avant<\/b> la date souhait\u00e9e.<br \/>\n<\/li><\/ul><\/div><\/div>\n<div class='cta-block'><div class='text'>Simulez votre retraite en 2 min.<\/div><a href='https:\/\/www.mes-allocs.fr\/formulaire\/retraite?utm_source=seo&origin=guides\/wp-json\/wp\/v2\/posts\/53319' class='app-button fit'>Simulation gratuite<\/a><\/div>\n","protected":false},"excerpt":{"rendered":"<p>[Mis \u00e0 jour le 10\/02\/2026] En France, certains salari\u00e9s rel\u00e8vent de r\u00e9gimes de retraite sp\u00e9ciaux, mis en place pour des professions particuli\u00e8res, souvent issues d\u2019entreprises publiques ou de secteurs sp\u00e9cifiques. C\u2019est notamment le cas de la retraite pour les mines, historiquement r\u00e9serv\u00e9e aux travailleurs des industries mini\u00e8res. Toutefois, ce r\u00e9gime est d\u00e9sormais ferm\u00e9 : il [&hellip;]<\/p>\n","protected":false},"author":13,"featured_media":53322,"comment_status":"closed","ping_status":"open","sticky":false,"template":"","format":"standard","meta":{"amp_status":"","footnotes":""},"categories":[19177,21723],"tags":[],"class_list":["post-53319","post","type-post","status-publish","format-standard","has-post-thumbnail","hentry","category-retraite","category-retraite-par-metier"],"yoast_head":"<!-- This site is optimized with the Yoast SEO plugin v14.9 - https:\/\/yoast.com\/wordpress\/plugins\/seo\/ -->\n<title>Retraite des mines : conditions, calcul, d\u00e9marches | Mes-Allocs.fr<\/title>\n<meta name=\"description\" content=\"Le personnel des entreprises mini\u00e8res poss\u00e8de son propre r\u00e9gime de retraite. Mes Allocs vous explique comment en b\u00e9n\u00e9ficier.\" \/>\n<meta name=\"robots\" content=\"index, follow, max-snippet:-1, max-image-preview:large, max-video-preview:-1\" \/>\n<link rel=\"canonical\" href=\"https:\/\/www.mes-allocs.fr\/guides\/retraite\/retraite-par-metier\/retraite-des-mines\/\" \/>\n<meta property=\"og:locale\" content=\"fr_FR\" \/>\n<meta property=\"og:type\" content=\"article\" \/>\n<meta property=\"og:title\" content=\"Retraite des mines : conditions, calcul, d\u00e9marches | Mes-Allocs.fr\" \/>\n<meta property=\"og:description\" content=\"Le personnel des entreprises mini\u00e8res poss\u00e8de son propre r\u00e9gime de retraite. Mes Allocs vous explique comment en b\u00e9n\u00e9ficier.\" \/>\n<meta property=\"og:url\" content=\"https:\/\/www.mes-allocs.fr\/guides\/retraite\/retraite-par-metier\/retraite-des-mines\/\" \/>\n<meta property=\"og:site_name\" content=\"Mes-Allocs.fr\" \/>\n<meta property=\"article:published_time\" content=\"2022-08-12T13:29:25+00:00\" \/>\n<meta property=\"article:modified_time\" content=\"2026-02-10T16:13:59+00:00\" \/>\n<meta property=\"og:image\" content=\"https:\/\/www.mes-allocs.fr\/guides\/wp-content\/uploads\/2022\/06\/stephen-philpott-TTbwJVG4zO4-unsplash-e1655739953194.jpg?wsr\" \/>\n\t<meta property=\"og:image:width\" content=\"1920\" \/>\n\t<meta property=\"og:image:height\" content=\"580\" \/>\n<meta name=\"twitter:card\" content=\"summary_large_image\" \/>\n<script type=\"application\/ld+json\" class=\"yoast-schema-graph\">{\"@context\":\"https:\/\/schema.org\",\"@graph\":[{\"@type\":\"WebSite\",\"@id\":\"https:\/\/www.mes-allocs.fr\/guides\/#website\",\"url\":\"https:\/\/www.mes-allocs.fr\/guides\/\",\"name\":\"Mes-Allocs.fr\",\"description\":\"\",\"potentialAction\":[{\"@type\":\"SearchAction\",\"target\":\"https:\/\/www.mes-allocs.fr\/guides\/?s={search_term_string}\",\"query-input\":\"required name=search_term_string\"}],\"inLanguage\":\"fr-FR\"},{\"@type\":\"ImageObject\",\"@id\":\"https:\/\/www.mes-allocs.fr\/guides\/retraite\/retraite-par-metier\/retraite-des-mines\/#primaryimage\",\"inLanguage\":\"fr-FR\",\"url\":\"https:\/\/www.mes-allocs.fr\/guides\/wp-content\/uploads\/2022\/06\/stephen-philpott-TTbwJVG4zO4-unsplash-e1655739953194.jpg?wsr\",\"width\":1920,\"height\":580,\"caption\":\"retraite des mines\"},{\"@type\":\"WebPage\",\"@id\":\"https:\/\/www.mes-allocs.fr\/guides\/retraite\/retraite-par-metier\/retraite-des-mines\/#webpage\",\"url\":\"https:\/\/www.mes-allocs.fr\/guides\/retraite\/retraite-par-metier\/retraite-des-mines\/\",\"name\":\"Retraite des mines : conditions, calcul, d\\u00e9marches | Mes-Allocs.fr\",\"isPartOf\":{\"@id\":\"https:\/\/www.mes-allocs.fr\/guides\/#website\"},\"primaryImageOfPage\":{\"@id\":\"https:\/\/www.mes-allocs.fr\/guides\/retraite\/retraite-par-metier\/retraite-des-mines\/#primaryimage\"},\"datePublished\":\"2022-08-12T13:29:25+00:00\",\"dateModified\":\"2026-02-10T16:13:59+00:00\",\"author\":{\"@id\":\"https:\/\/www.mes-allocs.fr\/guides\/#\/schema\/person\/c22c1269332026958a3b5505f80b5404\"},\"description\":\"Le personnel des entreprises mini\\u00e8res poss\\u00e8de son propre r\\u00e9gime de retraite. Mes Allocs vous explique comment en b\\u00e9n\\u00e9ficier.\",\"inLanguage\":\"fr-FR\"},{\"@type\":\"Person\",\"@id\":\"https:\/\/www.mes-allocs.fr\/guides\/#\/schema\/person\/c22c1269332026958a3b5505f80b5404\",\"name\":\"Flavien Fritz\",\"image\":{\"@type\":\"ImageObject\",\"@id\":\"https:\/\/www.mes-allocs.fr\/guides\/#personlogo\",\"inLanguage\":\"fr-FR\",\"url\":\"https:\/\/www.mes-allocs.fr\/guides\/wp-content\/uploads\/2021\/11\/Flavien-1-150x150.png\",\"caption\":\"Flavien Fritz\"},\"description\":\"Flavien est r\\u00e9dacteur au sein de l'\\u00e9quipe Mes Allocs, sp\\u00e9cialis\\u00e9 en droit priv\\u00e9. Dipl\\u00f4m\\u00e9 de l'Institut Catholique de Vend\\u00e9e, il rejoint Mes Allocs apr\\u00e8s une premi\\u00e8re exp\\u00e9rience entrepreneuriale.\",\"sameAs\":[\"https:\/\/fr.linkedin.com\/in\/flavienfritz\"]}]}<\/script>\n<!-- \/ Yoast SEO plugin. -->","amp_validity":null,"acf":{"faq":{"1":{"question":"Y a t-il un r\u00e9gime sp\u00e9cial de retraite pour les mines ?","answer":"L'exploitation des mines fait partie des r\u00e9gimes de retraite sp\u00e9ciaux en France."},"2":{"question":"Peut-on encore obtenir la retraite des mines ? ","answer":"Depuis le 1er septembre 2010, il n'y a plus aucun cotisant qui peut rentrer dans le r\u00e9gime de la Retraite des Mines.\r\n"},"3":{"question":"Comment se calcule la retraite des mines ?","answer":"La retraite pour un mineur va \u00eatre calcul\u00e9e en fonction du nombre de trimestres valid\u00e9s. A ce nombre de trimestres valid\u00e9s, s'ajoute un coefficient r\u00e9visable\u00a0tous les ans."},"4":{"question":"Qu'est-ce que la retraite compl\u00e9mentaire des mines ?","answer":"En plus de la retraite de base, les salari\u00e9s du secteur minier cotisent \u00e0 la CARCOM (Caisse de Retraites Compl\u00e9mentaires des Ouvriers Mineurs).\r\n"},"5":{"question":"","answer":""},"6":{"question":"","answer":""},"7":{"question":"","answer":""},"8":{"question":"","answer":""},"9":{"question":"","answer":""},"10":{"question":"","answer":""},"11":{"question":"","answer":""},"12":{"question":"","answer":""},"13":{"question":"","answer":""},"14":{"question":"","answer":""},"15":{"question":"","answer":""},"16":{"question":"","answer":""}}},"_links":{"self":[{"href":"https:\/\/www.mes-allocs.fr\/guides\/wp-json\/wp\/v2\/posts\/53319","targetHints":{"allow":["GET"]}}],"collection":[{"href":"https:\/\/www.mes-allocs.fr\/guides\/wp-json\/wp\/v2\/posts"}],"about":[{"href":"https:\/\/www.mes-allocs.fr\/guides\/wp-json\/wp\/v2\/types\/post"}],"author":[{"embeddable":true,"href":"https:\/\/www.mes-allocs.fr\/guides\/wp-json\/wp\/v2\/users\/13"}],"replies":[{"embeddable":true,"href":"https:\/\/www.mes-allocs.fr\/guides\/wp-json\/wp\/v2\/comments?post=53319"}],"version-history":[{"count":21,"href":"https:\/\/www.mes-allocs.fr\/guides\/wp-json\/wp\/v2\/posts\/53319\/revisions"}],"predecessor-version":[{"id":108907,"href":"https:\/\/www.mes-allocs.fr\/guides\/wp-json\/wp\/v2\/posts\/53319\/revisions\/108907"}],"wp:featuredmedia":[{"embeddable":true,"href":"https:\/\/www.mes-allocs.fr\/guides\/wp-json\/wp\/v2\/media\/53322"}],"wp:attachment":[{"href":"https:\/\/www.mes-allocs.fr\/guides\/wp-json\/wp\/v2\/media?parent=53319"}],"wp:term":[{"taxonomy":"category","embeddable":true,"href":"https:\/\/www.mes-allocs.fr\/guides\/wp-json\/wp\/v2\/categories?post=53319"},{"taxonomy":"post_tag","embeddable":true,"href":"https:\/\/www.mes-allocs.fr\/guides\/wp-json\/wp\/v2\/tags?post=53319"}],"curies":[{"name":"wp","href":"https:\/\/api.w.org\/{rel}","templated":true}]}}