{"id":53311,"date":"2022-08-17T19:31:07","date_gmt":"2022-08-17T17:31:07","guid":{"rendered":"https:\/\/www.mes-allocs.fr\/guides\/?p=53311"},"modified":"2026-02-11T18:12:54","modified_gmt":"2026-02-11T17:12:54","slug":"retraite-ministre","status":"publish","type":"post","link":"https:\/\/www.mes-allocs.fr\/guides\/retraite\/retraite-par-metier\/retraite-ministre\/","title":{"rendered":"Retraite des ministres : ce qui change en 2026"},"content":{"rendered":"<p><img loading=\"lazy\" decoding=\"async\" title=\"retraite ministre\" src=\"https:\/\/www.mes-allocs.fr\/guides\/wp-content\/uploads\/2022\/08\/aditya-joshi-7FW5-3vVRSw-unsplash-e1660755452120.jpg\" alt=\"retraite ministre\" width=\"1920\" height=\"408\" \/><\/p>\n<p>[Mis \u00e0 jour le 11\/02\/2026] Aujourd&rsquo;hui, en France, il existe des <a href=\"https:\/\/www.mes-allocs.fr\/guides\/retraite\/retraite-par-metier\/\">r\u00e9gimes de retraite sp\u00e9ciaux<\/a>. Mais contrairement \u00e0 ce qu&rsquo;on peut penser, les ministres n\u2019ont pas de \u00ab retraite \u00e0 vie \u00bb. Ils cotisent aux r\u00e9gimes classiques et per\u00e7oivent, \u00e0 la fin de leurs fonctions, une indemnit\u00e9 temporaire. Depuis un d\u00e9cret du 16 septembre 2025, les derniers avantages \u00ab \u00e0 vie \u00bb accord\u00e9s \u00e0 certains anciens Premiers ministres (voiture avec chauffeur, protection polici\u00e8re sans limite) prennent fin \u00e0 compter du 1er janvier 2026. On vous explique tout ce qui change pour la <strong>retraite des ministres<\/strong> et leurs avantages.<\/p>\n<div class='cta-block'><div class='text'>Simulez vos propres avantages retraite en 2 min.<\/div><a href='https:\/\/www.mes-allocs.fr\/formulaire\/retraite?utm_source=seo&origin=guides\/wp-json\/wp\/v2\/posts\/53311' class='app-button fit'>Simulation gratuite<\/a><\/div>\n<h1>Ce qui change en 2026 pour les ministres : fin des avantages \u00ab \u00e0 vie \u00bb<\/h1>\n\n<div class=\"wpdt-c row wpDataTableContainerSimpleTable wpDataTables wpDataTablesWrapper\n\"\n    >\n    <table id=\"wpdtSimpleTable-682\"\n           class=\"wpdtSimpleTable wpDataTable\"\n           data-column=\"3\"\n           data-rows=\"4\"\n           data-wpID=\"682\"\n           data-responsive=\"0\"\n           data-has-header=\"0\">\n\n                    <tbody>        <tr class=\"wpdt-cell-row \" >\n                            <td class=\"wpdt-cell wpdt-bold\"\n                                    data-cell-id=\"A1\"\n                data-col-index=\"0\"\n                data-row-index=\"0\"\n                style=\" width:33.333333333333%;                padding:10px;\"\n                >\n                                Avantage                <\/td>\n                                            <td class=\"wpdt-cell wpdt-bold\"\n                                    data-cell-id=\"B1\"\n                data-col-index=\"1\"\n                data-row-index=\"0\"\n                style=\" width:33.333333333333%;                padding:10px;\"\n                >\n                                Avant                <\/td>\n                                            <td class=\"wpdt-cell wpdt-bold\"\n                                    data-cell-id=\"C1\"\n                data-col-index=\"2\"\n                data-row-index=\"0\"\n                style=\" width:33.333333333333%;                padding:10px;\"\n                >\n                                Apr\u00e8s (d\u00e9cret 16\/09\/2025)                <\/td>\n                                        <\/tr>\n                            <tr class=\"wpdt-cell-row \" >\n                            <td class=\"wpdt-cell \"\n                                    data-cell-id=\"A2\"\n                data-col-index=\"0\"\n                data-row-index=\"1\"\n                style=\"                padding:10px;\"\n                >\n                                V\u00e9hicule de fonction + chauffeur (anciens Premiers ministres)                <\/td>\n                                            <td class=\"wpdt-cell \"\n                                    data-cell-id=\"B2\"\n                data-col-index=\"1\"\n                data-row-index=\"1\"\n                style=\"                padding:10px;\"\n                >\n                                Accord\u00e9 sur demande, sans limite explicite de dur\u00e9e                <\/td>\n                                            <td class=\"wpdt-cell \"\n                                    data-cell-id=\"C2\"\n                data-col-index=\"2\"\n                data-row-index=\"1\"\n                style=\"                padding:10px;\"\n                >\n                                Limit\u00e9 \u00e0 10 ans apr\u00e8s la fin des fonctions. D\u00e8s le 1er janvier 2026, suppression des droits \u00ab \u00e0 vie \u00bb pour celles et ceux partis depuis plus de 10 ans.                <\/td>\n                                        <\/tr>\n                            <tr class=\"wpdt-cell-row \" >\n                            <td class=\"wpdt-cell \"\n                                    data-cell-id=\"A3\"\n                data-col-index=\"0\"\n                data-row-index=\"2\"\n                style=\"                padding:10px;\"\n                >\n                                Protection polici\u00e8re \u00ab illimit\u00e9e \u00bb                <\/td>\n                                            <td class=\"wpdt-cell \"\n                                    data-cell-id=\"B3\"\n                data-col-index=\"1\"\n                data-row-index=\"2\"\n                style=\"                padding:10px;\"\n                >\n                                Avantage de fait, parfois sans borne claire                <\/td>\n                                            <td class=\"wpdt-cell \"\n                                    data-cell-id=\"C3\"\n                data-col-index=\"2\"\n                data-row-index=\"2\"\n                style=\"                padding:10px;\"\n                >\n                                Fin du caract\u00e8re \u00ab \u00e0 vie \u00bb ; maintien soumis \u00e0 \u00e9valuation du risque par les autorit\u00e9s comp\u00e9tentes.                <\/td>\n                                        <\/tr>\n                            <tr class=\"wpdt-cell-row \" >\n                            <td class=\"wpdt-cell \"\n                                    data-cell-id=\"A4\"\n                data-col-index=\"0\"\n                data-row-index=\"3\"\n                style=\"                padding:10px;\"\n                >\n                                Secr\u00e9tariat particulier                <\/td>\n                                            <td class=\"wpdt-cell \"\n                                    data-cell-id=\"B4\"\n                data-col-index=\"1\"\n                data-row-index=\"3\"\n                style=\"                padding:10px;\"\n                >\n                                Limit\u00e9 \u00e0 10 ans et jusqu\u2019\u00e0 67 ans (d\u00e9cret 2019)                <\/td>\n                                            <td class=\"wpdt-cell \"\n                                    data-cell-id=\"C4\"\n                data-col-index=\"2\"\n                data-row-index=\"3\"\n                style=\"                padding:10px;\"\n                >\n                                Inchang\u00e9 : la r\u00e8gle de 2019 continue de s\u2019appliquer.                <\/td>\n                                        <\/tr>\n                    <\/table>\n<\/div><style id='wpdt-custom-style-682'>\n<\/style>\n\n<p><div class='shortcode tips'><div class='title'>Exemple<\/div><div class='content'> Un ancien Premier ministre parti en 2012 (comme Fran\u00e7ois Fillon) :<\/p>\n<ul>\n<li>Situation actuelle (2025) : il b\u00e9n\u00e9ficie encore d\u2019une voiture avec chauffeur et d\u2019une protection polici\u00e8re.<\/li>\n<li>\u00c0 partir du 1\u1d49\u02b3 janvier 2026 : ses avantages cessent, sauf si une menace particuli\u00e8re justifie le maintien d\u2019une protection polici\u00e8re.<\/div><\/div><\/li>\n<\/ul>\n<h2>Combien \u00e7a co\u00fbte ? Quelles \u00e9conomies attendues ?<\/h2>\n<p>En 2024, la d\u00e9pense li\u00e9e au soutien mat\u00e9riel des anciens Premiers ministres s\u2019\u00e9levait \u00e0 environ <strong>1,58 M\u20ac<\/strong> (programme 129 \u00ab coordination du travail gouvernemental \u00bb), selon une r\u00e9ponse minist\u00e9rielle publi\u00e9e d\u00e9but 2025 (<a href=\"https:\/\/www.assemblee-nationale.fr\/dyn\/17\/questions\/QANR5L17QE3507\">source Assembl\u00e9e nationale<\/a>). Les \u00e9conomies futures d\u00e9pendront du nombre de b\u00e9n\u00e9ficiaires encore concern\u00e9s au-del\u00e0 de 10 ans de d\u00e9part, et des besoins de protection \u00e9valu\u00e9s au cas par cas.<\/p>\n<p><strong>S\u00e9bastien Lecornu<\/strong>, Premier ministre, a pr\u00e9cis\u00e9 : \u00ab\u00a0On ne peut pas demander aux Fran\u00e7ais de faire des efforts si ceux qui sont \u00e0 la t\u00eate de l\u2019\u00c9tat n\u2019en font pas.\u00a0\u00bb<\/p>\n<h2>Qui est concern\u00e9 par la fin des avantages \u00ab \u00e0 vie \u00bb ?<\/h2>\n<p>Le<strong> d\u00e9cret du 16 septembre 2025<\/strong> s\u2019applique aux anciens Premiers ministres ayant quitt\u00e9 leurs fonctions <strong>depuis plus de 10 ans<\/strong>. Concr\u00e8tement, \u00e0 partir du 1\u1d49\u02b3 janvier 2026, plusieurs anciens Premiers ministres perdent leurs avantages sans limite de dur\u00e9e (voiture avec chauffeur et protection polici\u00e8re illimit\u00e9e). Parmi eux, on retrouve :<\/p>\n<ul>\n<li>Jean-Marc Ayrault<\/li>\n<li>Manuel Valls<\/li>\n<li>Fran\u00e7ois Fillon<\/li>\n<li>Dominique de Villepin<\/li>\n<li>Jean-Pierre Raffarin<\/li>\n<li>Lionel Jospin<\/li>\n<li>\u00c9dith Cresson \/ Alain Jupp\u00e9 \/ Michel Rocard (anciens PM avant 2000)<\/li>\n<\/ul>\n<div class='shortcode important'><div class='title'>Important<\/div><div class='content'>Les anciens Premiers ministres plus r\u00e9cents (<strong>\u00c9douard Philippe, Jean Castex, \u00c9lisabeth Borne, Gabriel Attal<\/strong>) ne sont pas imm\u00e9diatement concern\u00e9s : ils pourront b\u00e9n\u00e9ficier des avantages pendant 10 ans apr\u00e8s leur mandat, mais pas au-del\u00e0.<\/div><\/div>\n<h1>Les ministres b\u00e9n\u00e9ficient-ils d&rsquo;une retraite sp\u00e9ciale ?<\/h1>\n<p><strong>Non<\/strong>. Contrairement \u00e0 une id\u00e9e re\u00e7ue, il n\u2019existe pas de \u00ab retraite \u00e0 vie \u00bb sp\u00e9cifique pour les ministres. Le cadre applicable r\u00e9sulte notamment de l\u2019<strong>ordonnance n\u00b0 58-1099 du 17 novembre 1958 (modifi\u00e9e en 2013)<\/strong> : \u00ab\u00a0Lors de la cessation de ses fonctions gouvernementales le membre du Gouvernement (&#8230;) per\u00e7oit une indemnit\u00e9 d&rsquo;un montant \u00e9gal au traitement qui lui \u00e9tait allou\u00e9 en sa qualit\u00e9 de membre du Gouvernement. Cette indemnit\u00e9 est vers\u00e9e pendant trois mois, \u00e0 moins que l&rsquo;int\u00e9ress\u00e9 n&rsquo;ait repris auparavant une activit\u00e9 r\u00e9mun\u00e9r\u00e9e.\u00a0\u00bb. Mais attention, <strong>le ministre ne per\u00e7oit pas de pension li\u00e9e au seul fait d\u2019avoir \u00e9t\u00e9 ministre<\/strong>.<\/p>\n<h1>Quelle caisse de retraite pour les ministres ?<\/h1>\n<p>Les ministres cotisent aux r\u00e9gimes classiques : CNAV pour la retraite de base et IRCANTEC pour la retraite compl\u00e9mentaire (selon leur statut). Un ministre ayant exerc\u00e9 d\u2019autres mandats (d\u00e9put\u00e9, s\u00e9nateur) reste affili\u00e9 aux caisses correspondantes pour ces p\u00e9riodes.<\/p>\n<p><div class='shortcode tips'><div class='title'>Exemple<\/div><div class='content'>Un ancien d\u00e9put\u00e9 reste affili\u00e9 \u00e0 la caisse de l\u2019Assembl\u00e9e nationale, et un ancien s\u00e9nateur \u00e0 celle du S\u00e9nat.<\/div><\/div> <!-- --> <!-- notionvc: f1f727ca-2d6b-46cf-9e6b-4841dc1af1fd --><\/p>\n<h1>L\u2019indemnit\u00e9 de d\u00e9part des ministres<\/h1>\n<h2>Qu\u2019est-ce que l\u2019indemnit\u00e9 de d\u00e9part des ministres ?<\/h2>\n<p>\u00c0 la fin de leurs fonctions, les membres du gouvernement per\u00e7oivent une indemnit\u00e9 de d\u00e9part \u00e9quivalente \u00e0 leur traitement minist\u00e9riel pendant<strong> trois mois<\/strong> (base l\u00e9gale : ordonnance de 1958 modifi\u00e9e). Il s&rsquo;agit donc d&rsquo;une somme vers\u00e9e lors de la cessation de leurs fonctions, mais surtout pas une pension viag\u00e8re qui pourrait constituer une forme de <strong>retraite \u00e0 vie<\/strong>.<\/p>\n<p>Les montants exacts de l&rsquo;indemnit\u00e9 de d\u00e9part varient selon la fonction (ministre \/ Premier ministre) et les revalorisations.<\/p>\n<h2>Quelle dur\u00e9e minimale de mandat pour b\u00e9n\u00e9ficier de l\u2019indemnit\u00e9 ?<\/h2>\n<p>Contrairement \u00e0 ce que l\u2019on pourrait croire,<b> aucune dur\u00e9e minimale de mandat n\u2019est exig\u00e9e pour qu\u2019un ministre b\u00e9n\u00e9ficie de l\u2019indemnit\u00e9 de d\u00e9part.\u00a0<\/b>Que le ministre ait exerc\u00e9 ses fonctions quelques semaines ou plusieurs ann\u00e9es, il a droit \u00e0 cette indemnisation \u00e0 la fin de son mandat. L\u2019objectif est de garantir une certaine s\u00e9curit\u00e9 financi\u00e8re \u00e0 tout membre du gouvernement quittant ses fonctions, ind\u00e9pendamment de la longueur de son passage. Toutefois, cette indemnit\u00e9 reste limit\u00e9e dans le temps, puisqu\u2019elle est vers\u00e9e uniquement pendant trois mois. Elle ne peut donc pas \u00eatre consid\u00e9r\u00e9e comme un revenu permanent, mais comme une aide transitoire. De plus, elle est encadr\u00e9e par des conditions (notamment l\u2019absence d\u2019activit\u00e9 r\u00e9mun\u00e9r\u00e9e pendant la p\u00e9riode et les obligations d\u00e9claratives aupr\u00e8s de la HATVP).<\/p>\n<div class='cta-block'><div class='text'>Simulez vos propres avantages retraite en 2 min.<\/div><a href='https:\/\/www.mes-allocs.fr\/formulaire\/retraite?utm_source=seo&origin=guides\/wp-json\/wp\/v2\/posts\/53311' class='app-button fit'>Simulation gratuite<\/a><\/div>\n<h1>Les avantages en natures \u00e0 la fin du mandat<\/h1>\n<p><b>Les ministres ne conservent pas leurs avantages en nature une fois leur mandat termin\u00e9. <\/b>Pendant leur exercice, ils b\u00e9n\u00e9ficient de nombreux privil\u00e8ges : <b>voiture de fonction avec chauffeur, logement de fonction, acc\u00e8s gratuit aux transports <\/b>(SNCF, quotas de vols), ainsi qu\u2019une <b>protection polici\u00e8re<\/b> renforc\u00e9e pour des raisons de s\u00e9curit\u00e9.<\/p>\n<p>Cependant, d\u00e8s la fin de leur mandat, <strong>ces avantages cessent<\/strong> <b>automatiquement<\/b>. Le ministre perd le droit \u00e0 la voiture avec chauffeur, au logement de fonction, et aux facilit\u00e9s de transport. De m\u00eame, la protection polici\u00e8re d\u00e9di\u00e9e \u00e0 leur fonction prend fin.<\/p>\n<p>Mais attention, dans les faits, il existait des exceptions jusqu\u2019en 2025. En effet, certains anciens Premiers ministres pouvaient continuer \u00e0 b\u00e9n\u00e9ficier au-del\u00e0 de leur mandat : d&rsquo;une voiture avec chauffeur, d&rsquo;une protection polici\u00e8re rapproch\u00e9e ou encore d&rsquo;un secr\u00e9tariat particulier (limit\u00e9 \u00e0 10 ans ou jusqu\u2019\u00e0 67 ans).<\/p>\n<div class='shortcode disclaimer'><div class='title'>Attention<\/div><div class='content'> Pour rappel, depuis le d\u00e9cret du 16 septembre 2025 le v\u00e9hicule avec chauffeur et la protection polici\u00e8re ne sont plus accord\u00e9s \u00e0 vie. Ils sont d\u00e9sormais limit\u00e9s \u00e0 10 ans apr\u00e8s la fin des fonctions, avec possibilit\u00e9 de prolongation uniquement si un risque particulier est identifi\u00e9.<\/p>\n<p>En pratique, cela signifie que les anciens Premiers ministres qui ont quitt\u00e9 leurs fonctions il y a plus de 10 ans (Fran\u00e7ois Fillon, Jean-Marc Ayrault, Dominique de Villepin\u2026) ont perdu ces privil\u00e8ges d\u00e8s le 1\u1d49\u02b3 janvier 2026.<\/div><\/div>\n<h1>La retraite du premier ministre<\/h1>\n<h2>Quels sont les avantages en nature pendant le mandat ?<\/h2>\n<p>Comme pour les autres ministres qui composent le gouvernement, le Premier ministre profite de nombreux <b>avantages en nature<\/b>. Par exemple :<\/p>\n<ul>\n<li><b>Libre acc\u00e8s au r\u00e9seau SNCF en 1re classe<\/b><\/li>\n<li><b>Jets Falcon<\/b> et <b>h\u00e9licopt\u00e8res du pr\u00e9sident de la R\u00e9publique dans le cas de d\u00e9placements longue distance<\/b><\/li>\n<li><b>Protection rapproch\u00e9e<\/b>, assur\u00e9e par un <b>garde du corps<\/b><\/li>\n<li><b>Voiture de fonction avec chauffeur<\/b><\/li>\n<\/ul>\n<p>Autre avantage notable, <b>le Premier ministre b\u00e9n\u00e9ficie de trois logements de fonction<\/b>, ce qui le diff\u00e9rencie des autres ministres qui n\u2019en poss\u00e8dent <b>qu\u2019un seul<\/b>\u00a0:<\/p>\n<ul>\n<li aria-level=\"1\">Il r\u00e9side tout d\u2019abord \u00e0 <b>l\u2019h\u00f4tel Matignon<\/b>, dans le <b>7e arrondissement de Paris<\/b>, o\u00f9 se trouvent \u00e9galement ses <b>bureaux<\/b>.<\/li>\n<li aria-level=\"1\">\u00c0 cela s\u2019ajoutent deux r\u00e9sidences secondaires : <b>le ch\u00e2teau de Champs-sur-Marne<\/b> et <b>le ch\u00e2teau de Souzy-la-Briche<\/b>.<\/li>\n<\/ul>\n<h2>L\u2019indemnit\u00e9 de d\u00e9part du premier ministre<\/h2>\n<p>Dans le cas o\u00f9 un membre du gouvernement quitte ses fonctions, il a droit \u00e0 une indemnit\u00e9 <strong>\u00e9quivalente au traitement<\/strong> qu\u2019il percevait. Cette indemnit\u00e9 est possible peu importe qu\u2019il s\u2019agisse d\u2019un remaniement ou d\u2019une d\u00e9mission. Elle est vers\u00e9e pendant un <b>maximum de 3 mois<\/b>.<\/p>\n<p>M\u00eame s\u2019il ne b\u00e9n\u00e9ficie pas d\u2019une retraite \u00e0 proprement parler, le Premier ministre touche tout de m\u00eame \u00e0 son d\u00e9part <b>48 114 \u20ac<\/b> (soit 3 x 16 038 \u20ac).<\/p>\n<p>Pour recevoir cette indemnit\u00e9, <b>deux conditions<\/b> doivent \u00eatre remplies :<\/p>\n<ul>\n<li aria-level=\"1\">Ne pas <b>reprendre une activit\u00e9 r\u00e9mun\u00e9r\u00e9e<\/b> dans les 3 mois suivant son d\u00e9part du gouvernement ou occuper un <strong>si\u00e8ge au Parlement<\/strong><\/li>\n<li aria-level=\"1\">Avoir correctement effectu\u00e9 ses <b>d\u00e9clarations de patrimoine et d\u2019int\u00e9r\u00eat<\/b> aupr\u00e8s de la HATVP (<i>Haute Autorit\u00e9 pour la Transparence de la Vie Publique<\/i>)<\/li>\n<\/ul>\n<p><div class='shortcode check'><div class='content'>Peu importe que le Premier ministre soit rest\u00e9 3 jours ou 3 ans en poste, il peut percevoir cette indemnit\u00e9 sans incidence.<\/div><\/div> <!-- --> <!-- notionvc: 014313b5-f3fb-4406-8f21-09ca213c2687 --><\/p>\n<h2>Le premier ministre peut-il conserver des avantages apr\u00e8s le mandat ?<\/h2>\n<p><strong>Avant 2025<\/strong>, un d\u00e9cret de 2019 (n\u00b0 2019-973) pr\u00e9voyait, sur demande, la mise \u00e0 disposition d\u2019un <strong>secr\u00e9tariat particulier<\/strong> pendant 10 ans (et au plus tard jusqu\u2019\u00e0 67 ans), ainsi qu\u2019un v\u00e9hicule de fonction avec conducteur, sans limitation explicite de dur\u00e9e.<\/p>\n<p><strong>Depuis le d\u00e9cret n\u00b0 2025-965 du 16 septembre 2025<\/strong>, la p\u00e9riode pendant laquelle un ancien Premier ministre peut b\u00e9n\u00e9ficier d\u2019un v\u00e9hicule de fonction avec conducteur est limit\u00e9e \u00e0 10 ans \u00e0 compter de la cessation des fonctions. La fin des avantages \u00ab \u00e0 vie \u00bb (v\u00e9hicule + chauffeur, et, en pratique, protection polici\u00e8re illimit\u00e9e) s\u2019applique aux anciens Premiers ministres ayant quitt\u00e9 leurs fonctions il y a plus de 10 ans, \u00e0 compter du 1er janvier 2026.<\/p>\n<p>Mais le d\u00e9cret de 2025 ne modifie pas la r\u00e8gle de 2019 sur le secr\u00e9tariat particulier. La protection polici\u00e8re post-mandat d\u00e9pend d\u00e9sormais davantage d\u2019une \u00e9valuation du risque par les autorit\u00e9s comp\u00e9tentes.<\/p>\n<p><span style=\"font-weight: 400;\"><div class='shortcode summary'><div class='title'>En r\u00e9sum\u00e9 :<\/div><div class='content'><ul><li>Les ministres ne b\u00e9n\u00e9ficient pas d\u2019une r<\/span><b>etraite \u00e0 vie<\/b><span style=\"font-weight: 400;\">, mais per\u00e7oivent une <\/span><b>indemnit\u00e9 de d\u00e9part<\/b><span style=\"font-weight: 400;\"> \u00e9quivalente \u00e0 3 mois de salaire.<\/li><li><\/span><span style=\"font-weight: 400;\">Ils cotisent \u00e0 la CNAV pour la retraite de base et \u00e0 l\u2019IRCANTEC pour la retraite compl\u00e9mentaire, comme les autres salari\u00e9s.<\/li><li><\/span><span style=\"font-weight: 400;\">D\u00e8s le 1er janvier 2026, les ministres <\/span><b>ont perdu leurs avantages en nature<\/b><span style=\"font-weight: 400;\"> \u00e0 la fin de leur mandat (logement, voiture de fonction, chauffeur, protection rapproch\u00e9e).<\/li><li>Les anciens Premiers ministres peuvent conserver un <\/span><b>chauffeur<\/b><span style=\"font-weight: 400;\"> et une <\/span><b>protection polici\u00e8re<\/b><span style=\"font-weight: 400;\">, mais uniquement pendant 10 ans apr\u00e8s la fin de leurs fonctions.<\/li><li>Le secr\u00e9tariat particulier reste limit\u00e9 \u00e0 dix ans ou jusqu\u2019\u00e0 67 ans.<\/li><\/ul><\/div><\/div><\/span><\/p>\n<div class='cta-block'><div class='text'>Simulez vos propres avantages retraite en 2 min.<\/div><a href='https:\/\/www.mes-allocs.fr\/formulaire\/retraite?utm_source=seo&origin=guides\/wp-json\/wp\/v2\/posts\/53311' class='app-button fit'>Simulation gratuite<\/a><\/div>\n","protected":false},"excerpt":{"rendered":"<p>[Mis \u00e0 jour le 11\/02\/2026] Aujourd&rsquo;hui, en France, il existe des r\u00e9gimes de retraite sp\u00e9ciaux. Mais contrairement \u00e0 ce qu&rsquo;on peut penser, les ministres n\u2019ont pas de \u00ab retraite \u00e0 vie \u00bb. Ils cotisent aux r\u00e9gimes classiques et per\u00e7oivent, \u00e0 la fin de leurs fonctions, une indemnit\u00e9 temporaire. Depuis un d\u00e9cret du 16 septembre 2025, [&hellip;]<\/p>\n","protected":false},"author":13,"featured_media":55183,"comment_status":"closed","ping_status":"open","sticky":false,"template":"","format":"standard","meta":{"amp_status":"","footnotes":""},"categories":[19177,21723],"tags":[],"class_list":["post-53311","post","type-post","status-publish","format-standard","has-post-thumbnail","hentry","category-retraite","category-retraite-par-metier"],"yoast_head":"<!-- This site is optimized with the Yoast SEO plugin v14.9 - https:\/\/yoast.com\/wordpress\/plugins\/seo\/ -->\n<title>Retraite des ministres : ce qui change en 2026 | Mes-Allocs.fr<\/title>\n<meta name=\"description\" content=\"Jusqu&#039;\u00e0 pr\u00e9sent, les ministres et premiers ministres disposaient de certains avantages. Mais depuis le d\u00e9cret du 16 septembre, tout change.\" \/>\n<meta name=\"robots\" content=\"index, follow, max-snippet:-1, max-image-preview:large, max-video-preview:-1\" \/>\n<link rel=\"canonical\" href=\"https:\/\/www.mes-allocs.fr\/guides\/retraite\/retraite-par-metier\/retraite-ministre\/\" \/>\n<meta property=\"og:locale\" content=\"fr_FR\" \/>\n<meta property=\"og:type\" content=\"article\" \/>\n<meta property=\"og:title\" content=\"Retraite des ministres : ce qui change en 2026 | Mes-Allocs.fr\" \/>\n<meta property=\"og:description\" content=\"Jusqu&#039;\u00e0 pr\u00e9sent, les ministres et premiers ministres disposaient de certains avantages. Mais depuis le d\u00e9cret du 16 septembre, tout change.\" \/>\n<meta property=\"og:url\" content=\"https:\/\/www.mes-allocs.fr\/guides\/retraite\/retraite-par-metier\/retraite-ministre\/\" \/>\n<meta property=\"og:site_name\" content=\"Mes-Allocs.fr\" \/>\n<meta property=\"article:published_time\" content=\"2022-08-17T17:31:07+00:00\" \/>\n<meta property=\"article:modified_time\" content=\"2026-02-11T17:12:54+00:00\" \/>\n<meta property=\"og:image\" content=\"https:\/\/www.mes-allocs.fr\/guides\/wp-content\/uploads\/2022\/08\/aditya-joshi-7FW5-3vVRSw-unsplash-e1660755452120.jpg?wsr\" \/>\n\t<meta property=\"og:image:width\" content=\"1920\" \/>\n\t<meta property=\"og:image:height\" content=\"408\" \/>\n<meta name=\"twitter:card\" content=\"summary_large_image\" \/>\n<script type=\"application\/ld+json\" class=\"yoast-schema-graph\">{\"@context\":\"https:\/\/schema.org\",\"@graph\":[{\"@type\":\"WebSite\",\"@id\":\"https:\/\/www.mes-allocs.fr\/guides\/#website\",\"url\":\"https:\/\/www.mes-allocs.fr\/guides\/\",\"name\":\"Mes-Allocs.fr\",\"description\":\"\",\"potentialAction\":[{\"@type\":\"SearchAction\",\"target\":\"https:\/\/www.mes-allocs.fr\/guides\/?s={search_term_string}\",\"query-input\":\"required name=search_term_string\"}],\"inLanguage\":\"fr-FR\"},{\"@type\":\"ImageObject\",\"@id\":\"https:\/\/www.mes-allocs.fr\/guides\/retraite\/retraite-par-metier\/retraite-ministre\/#primaryimage\",\"inLanguage\":\"fr-FR\",\"url\":\"https:\/\/www.mes-allocs.fr\/guides\/wp-content\/uploads\/2022\/08\/aditya-joshi-7FW5-3vVRSw-unsplash-e1660755452120.jpg?wsr\",\"width\":1920,\"height\":408,\"caption\":\"retraite ministre\"},{\"@type\":\"WebPage\",\"@id\":\"https:\/\/www.mes-allocs.fr\/guides\/retraite\/retraite-par-metier\/retraite-ministre\/#webpage\",\"url\":\"https:\/\/www.mes-allocs.fr\/guides\/retraite\/retraite-par-metier\/retraite-ministre\/\",\"name\":\"Retraite des ministres : ce qui change en 2026 | Mes-Allocs.fr\",\"isPartOf\":{\"@id\":\"https:\/\/www.mes-allocs.fr\/guides\/#website\"},\"primaryImageOfPage\":{\"@id\":\"https:\/\/www.mes-allocs.fr\/guides\/retraite\/retraite-par-metier\/retraite-ministre\/#primaryimage\"},\"datePublished\":\"2022-08-17T17:31:07+00:00\",\"dateModified\":\"2026-02-11T17:12:54+00:00\",\"author\":{\"@id\":\"https:\/\/www.mes-allocs.fr\/guides\/#\/schema\/person\/c22c1269332026958a3b5505f80b5404\"},\"description\":\"Jusqu'\\u00e0 pr\\u00e9sent, les ministres et premiers ministres disposaient de certains avantages. Mais depuis le d\\u00e9cret du 16 septembre, tout change.\",\"inLanguage\":\"fr-FR\"},{\"@type\":\"Person\",\"@id\":\"https:\/\/www.mes-allocs.fr\/guides\/#\/schema\/person\/c22c1269332026958a3b5505f80b5404\",\"name\":\"Flavien Fritz\",\"image\":{\"@type\":\"ImageObject\",\"@id\":\"https:\/\/www.mes-allocs.fr\/guides\/#personlogo\",\"inLanguage\":\"fr-FR\",\"url\":\"https:\/\/www.mes-allocs.fr\/guides\/wp-content\/uploads\/2021\/11\/Flavien-1-150x150.png\",\"caption\":\"Flavien Fritz\"},\"description\":\"Flavien est r\\u00e9dacteur au sein de l'\\u00e9quipe Mes Allocs, sp\\u00e9cialis\\u00e9 en droit priv\\u00e9. Dipl\\u00f4m\\u00e9 de l'Institut Catholique de Vend\\u00e9e, il rejoint Mes Allocs apr\\u00e8s une premi\\u00e8re exp\\u00e9rience entrepreneuriale.\",\"sameAs\":[\"https:\/\/fr.linkedin.com\/in\/flavienfritz\"]}]}<\/script>\n<!-- \/ Yoast SEO plugin. -->","amp_validity":null,"acf":{"faq":{"1":{"question":"Est-ce vrai qu'il y a une retraite \u00e0 vie pour les ministres ?","answer":"Il existe depuis tr\u00e8s longtemps une id\u00e9e re\u00e7ue concernant la retraite des ministres. En effet, il est d'usage de penser que les ministres b\u00e9n\u00e9ficient d'une retraite \u00e0 vie. Mais ce n'est pas le cas."},"2":{"question":"Quelle est l'indemnit\u00e9 de d\u00e9part des ministres ?","answer":"Cette indemnit\u00e9 de d\u00e9part s\u2019\u00e9l\u00e8ve \u00e0 9 440 \u20ac bruts mensuels, vers\u00e9e pendant 3 mois. Pour le Premier Ministre, elle est de 15 140 \u20ac.\r\n"},"3":{"question":"Quelle est la caisse de retraite des ministres ?","answer":"Etant donn\u00e9 qu'il n'existe pas de retraite pour les ministres, aucune caisse de retraite sp\u00e9cifique n'existe. Les ministres d\u00e9pendant de la CNAV pour la retraite de base, et de l'IRCANTEC pour celle compl\u00e9mentaire."},"4":{"question":"Quelle est la retraite compl\u00e9mentaire des ministres ?","answer":"Concernant la retraite compl\u00e9mentaire, les ministres cotisent \u00e0 l'IRCANTEC.\r\n"},"5":{"question":"","answer":""},"6":{"question":"","answer":""},"7":{"question":"","answer":""},"8":{"question":"","answer":""},"9":{"question":"","answer":""},"10":{"question":"","answer":""},"11":{"question":"","answer":""},"12":{"question":"","answer":""},"13":{"question":"","answer":""},"14":{"question":"","answer":""},"15":{"question":"","answer":""},"16":{"question":"","answer":""}}},"_links":{"self":[{"href":"https:\/\/www.mes-allocs.fr\/guides\/wp-json\/wp\/v2\/posts\/53311","targetHints":{"allow":["GET"]}}],"collection":[{"href":"https:\/\/www.mes-allocs.fr\/guides\/wp-json\/wp\/v2\/posts"}],"about":[{"href":"https:\/\/www.mes-allocs.fr\/guides\/wp-json\/wp\/v2\/types\/post"}],"author":[{"embeddable":true,"href":"https:\/\/www.mes-allocs.fr\/guides\/wp-json\/wp\/v2\/users\/13"}],"replies":[{"embeddable":true,"href":"https:\/\/www.mes-allocs.fr\/guides\/wp-json\/wp\/v2\/comments?post=53311"}],"version-history":[{"count":27,"href":"https:\/\/www.mes-allocs.fr\/guides\/wp-json\/wp\/v2\/posts\/53311\/revisions"}],"predecessor-version":[{"id":108976,"href":"https:\/\/www.mes-allocs.fr\/guides\/wp-json\/wp\/v2\/posts\/53311\/revisions\/108976"}],"wp:featuredmedia":[{"embeddable":true,"href":"https:\/\/www.mes-allocs.fr\/guides\/wp-json\/wp\/v2\/media\/55183"}],"wp:attachment":[{"href":"https:\/\/www.mes-allocs.fr\/guides\/wp-json\/wp\/v2\/media?parent=53311"}],"wp:term":[{"taxonomy":"category","embeddable":true,"href":"https:\/\/www.mes-allocs.fr\/guides\/wp-json\/wp\/v2\/categories?post=53311"},{"taxonomy":"post_tag","embeddable":true,"href":"https:\/\/www.mes-allocs.fr\/guides\/wp-json\/wp\/v2\/tags?post=53311"}],"curies":[{"name":"wp","href":"https:\/\/api.w.org\/{rel}","templated":true}]}}