{"id":52762,"date":"2022-10-27T14:12:07","date_gmt":"2022-10-27T12:12:07","guid":{"rendered":"https:\/\/www.mes-allocs.fr\/guides\/?p=52762"},"modified":"2026-04-03T13:56:14","modified_gmt":"2026-04-03T12:56:14","slug":"financement-formation-entreprise","status":"publish","type":"post","link":"https:\/\/www.mes-allocs.fr\/guides\/aide-formation\/financement-formation\/financement-formation-entreprise\/","title":{"rendered":"Quel financement pour une formation de l&rsquo;entreprise ?"},"content":{"rendered":"<p style=\"text-align: justify;\"><b><img loading=\"lazy\" decoding=\"async\" class=\"alignnone wp-image-56276 size-full\" title=\"financement pour une formation de lentreprise\" src=\"https:\/\/www.mes-allocs.fr\/guides\/wp-content\/uploads\/2022\/09\/financement-pour-une-formation-de-lentreprise--e1662743524742.jpeg\" alt=\"financement pour une formation de lentreprise\" width=\"1560\" height=\"222\" srcset=\"https:\/\/www.mes-allocs.fr\/guides\/wp-content\/uploads\/2022\/09\/financement-pour-une-formation-de-lentreprise--e1662743524742.jpeg 1560w, https:\/\/www.mes-allocs.fr\/guides\/wp-content\/uploads\/2022\/09\/financement-pour-une-formation-de-lentreprise--e1662743524742-300x43.jpeg 300w, https:\/\/www.mes-allocs.fr\/guides\/wp-content\/uploads\/2022\/09\/financement-pour-une-formation-de-lentreprise--e1662743524742-1024x146.jpeg 1024w, https:\/\/www.mes-allocs.fr\/guides\/wp-content\/uploads\/2022\/09\/financement-pour-une-formation-de-lentreprise--e1662743524742-768x109.jpeg 768w, https:\/\/www.mes-allocs.fr\/guides\/wp-content\/uploads\/2022\/09\/financement-pour-une-formation-de-lentreprise--e1662743524742-1536x219.jpeg 1536w, https:\/\/www.mes-allocs.fr\/guides\/wp-content\/uploads\/2022\/09\/financement-pour-une-formation-de-lentreprise--e1662743524742-600x85.jpeg 600w\" sizes=\"auto, (max-width: 1560px) 100vw, 1560px\" \/><\/b>[Mis \u00e0 jour le 03\/04\/2026]<b> Le d\u00e9veloppement des comp\u00e9tences des salari\u00e9s est fait partie des pr\u00e9occupations principales au sein d&rsquo;une entreprise. Ainsi, la formation professionnelle permet aux salari\u00e9s de se former r\u00e9guli\u00e8rement afin de se maintenir dans l&#8217;emploi. Il est possible d&rsquo;obtenir des <a href=\"https:\/\/www.mes-allocs.fr\/guides\/aide-formation\/\">aides \u00e0 la formation<\/a> de l&rsquo;entreprise dans le cadre d&rsquo;un projet professionnel. Alors, financement formation entreprise : comment en b\u00e9n\u00e9ficier ?<\/b><\/p>\n<div class='cta-block'><div class='text'>Simulez toutes vos aides en 2 min.<\/div><a href='https:\/\/www.mes-allocs.fr\/ab-app?origin=guides\/wp-json\/wp\/v2\/posts\/52762' class='app-button fit'>Simulation gratuite<\/a><\/div>\n<p style=\"text-align: justify;\"><b>Depuis le 1<sup>er<\/sup> janvier 2019, une contribution l\u00e9gale unique est demand\u00e9e aux entreprises pour la formation professionnelle et l\u2019<a href=\"https:\/\/www.mes-allocs.fr\/guides\/allocations-familiales\/allocation-rentree-scolaire-apprentissage-2022\/\">apprentissage<\/a>.<\/b> Les taux d\u2019assujettissement sont de 0,55\u00a0% de la masse salariale pour les entreprises de moins de 11 salari\u00e9s et 1\u00a0% de la masse salariale pour les entreprises de 11 salari\u00e9s et plus.\u00a0Cette somme est vers\u00e9e aux URSSAF et aux caisses de la MSA. En \u00e9change de la contribution \u00e0 la formation, tous les salari\u00e9s peuvent b\u00e9n\u00e9ficier d\u2019un financement de leur formation. <b>L&rsquo;origine de cette aide d\u00e9pend du dispositif de formation choisi.<\/b><\/p>\n<h1 style=\"text-align: justify;\">Le Plan de D\u00e9veloppement des Comp\u00e9tences (PDC)<\/h1>\n<p style=\"text-align: justify;\">Ancien plan de formation, le PDC permet d&rsquo;assurer le maintien dans l\u2019emploi du salari\u00e9 et d\u2019acqu\u00e9rir de nouvelles comp\u00e9tences, par rapport \u00e0 l\u2019\u00e9volution des emplois, des technologies et des organisations. <b>Il s&rsquo;agit de l&rsquo;ensemble des actions de formation professionnelle, de bilans de comp\u00e9tences et de <a href=\"https:\/\/www.mes-allocs.fr\/guides\/aide-formation\/la-validation-des-acquis-de-lexperience-vae\/\">Validation des Acquis de l\u2019Exp\u00e9rience<\/a> mises en place par l\u2019entreprise pour les salari\u00e9s.<\/b><\/p>\n<p style=\"text-align: justify;\"><b>Tout type d\u2019entreprise peut mettre en place un PDC, peu importe sa taille ou son statut juridique.<\/b> <b>Il en est de m\u00eame pour tout salari\u00e9 qui peut \u00eatre concern\u00e9 par une action pr\u00e9vue dans le <a href=\"https:\/\/www.mes-allocs.fr\/guides\/aide-formation\/construire-un-plan-de-developpement-des-competences\/\">Plan de D\u00e9veloppement des Comp\u00e9tences<\/a> de l&rsquo;entreprise.<\/b>\u00a0Vous ne pouvez pas la refuser, car elle fait partie du contrat de travail. <b>Ainsi, un refus est consid\u00e9r\u00e9 comme une faute professionnelle entra\u00eenant un licenciement, sauf en cas de\u00a0bilan de comp\u00e9tences, de VAE ou d\u2019une formation exerc\u00e9e en dehors du temps de travail.<\/b><\/p>\n<p style=\"text-align: justify;\"><b>Dans le cadre d\u2019un plan de d\u00e9veloppement des comp\u00e9tences, le financement de la formation et la prise en charge des frais de restauration et d\u2019h\u00e9bergement occasionn\u00e9s rel\u00e8ve de l\u2019entreprise.<\/b><\/p>\n<h1 style=\"text-align: justify;\">Le dispositif Pro-A<\/h1>\n<p style=\"text-align: justify;\"><b>La reconversion ou la promotion par alternance, Pro-A, permet aux salari\u00e9s de changer de m\u00e9tier ou de b\u00e9n\u00e9ficier d&rsquo;une promotion sociale ou professionnelle.<\/b> La Pro-A alterne entre enseignements th\u00e9oriques et activit\u00e9 professionnelle. <b>Ainsi, vous pouvez maintenir votre\u00a0employabilit\u00e9 au sein de votre entreprise par la reconversion ou la promotion interne.<\/b><\/p>\n<p style=\"text-align: justify;\"><b>La Pro-A est destin\u00e9e aux :<\/b><\/p>\n<ul>\n<li style=\"text-align: justify;\">Salari\u00e9s en Contrat \u00e0 Dur\u00e9e Ind\u00e9termin\u00e9e (CDI)<\/li>\n<li style=\"text-align: justify;\">Salari\u00e9s en Contrat Unique d\u2019Insertion (CUI) \u00e0 dur\u00e9e ind\u00e9termin\u00e9e<\/li>\n<li style=\"text-align: justify;\">Salari\u00e9s sportifs ou entra\u00eeneurs professionnels, en Contrat \u00e0 Dur\u00e9e D\u00e9termin\u00e9e (CDD)<\/li>\n<li style=\"text-align: justify;\">Salari\u00e9s en activit\u00e9 partielle<\/li>\n<\/ul>\n<p style=\"text-align: justify;\">Le niveau de qualification ne doit pas d\u00e9passer le niveau 5 du R\u00e9pertoire National des Certifications Professionnelles (RNCP).<\/p>\n<p style=\"text-align: justify;\"><b>C&rsquo;est l&rsquo;Op\u00e9rateur de Comp\u00e9tences (OPCO) dont l&rsquo;entreprise d\u00e9pend qui prend en charge la Pro-A.<\/b> Le financement des frais p\u00e9dagogiques et des frais de transport et d\u2019h\u00e9bergement\u00a0peut \u00eatre partiel\u00a0ou total selon le niveau de prise en charge fix\u00e9 par la branche professionnelle.<\/p>\n<p><iframe loading=\"lazy\" title=\"Les aides \u00e0 la formation\" width=\"500\" height=\"281\" src=\"https:\/\/www.youtube.com\/embed\/gs3ZRHqtzmY?feature=oembed\" frameborder=\"0\" allow=\"accelerometer; autoplay; clipboard-write; encrypted-media; gyroscope; picture-in-picture; web-share\" referrerpolicy=\"strict-origin-when-cross-origin\" allowfullscreen><\/iframe><\/p>\n<h1 style=\"text-align: justify;\">Le Compte Personnel de Formation (CPF)<\/h1>\n<p style=\"text-align: justify;\"><b>Le CPF d\u00e9signe un compte individuel permettant de cumuler des droits \u00e0 la formation professionnelle tout au long de la carri\u00e8re.<\/b> Vous pouvez en b\u00e9n\u00e9ficier d\u00e8s l&rsquo;insertion sur le march\u00e9 du travail \u00e0 partir de 16 ans. <b>Le dispositif est cr\u00e9dit\u00e9 \u00e0 hauteur de 500 euros par an, plafonn\u00e9 \u00e0 5 000 euros, lorsque le salari\u00e9 travaille \u00e0 temps complet (800 euros pour les salari\u00e9s non qualifi\u00e9s avec un plafond de 8 000 euros).<\/b><\/p>\n<p style=\"text-align: justify;\"><b>Les personnes qui peuvent b\u00e9n\u00e9ficier du CPF sont :<\/b><\/p>\n<ul>\n<li style=\"text-align: justify;\">Les salari\u00e9s<\/li>\n<li style=\"text-align: justify;\">Les demandeurs d\u2019emploi<\/li>\n<li style=\"text-align: justify;\">Les travailleurs ind\u00e9pendants<\/li>\n<li style=\"text-align: justify;\">Les membres d\u2019une profession lib\u00e9rale ou non salari\u00e9e ou conjoint collaborateur<\/li>\n<li style=\"text-align: justify;\">Les personnes handicap\u00e9es accueillies par un ESAT<\/li>\n<li style=\"text-align: justify;\">Les jeunes sortis du syst\u00e8me scolaire obligatoire et en recherche d\u2019emploi<\/li>\n<li style=\"text-align: justify;\">Les fonctionnaires<\/li>\n<\/ul>\n<p style=\"text-align: justify;\"><b>La Caisse des D\u00e9p\u00f4ts et Consignations est le gestionnaire du CPF. C\u2019est elle qui est charg\u00e9e des droits inscrits dans le CPF et qui g\u00e8re le site Moncompteformation.gouv.fr.\u00a0<\/b><\/p>\n<p>Attention, depuis le 2 avril 2026, une <strong>participation financi\u00e8re de 150\u20ac est <\/strong>demand\u00e9e si vous souhaitez mobiliser votre CPF (sauf pour certains publics comme les demandeurs d\u2019emploi).<\/p>\n<h1 style=\"text-align: justify;\"><span class=\"field field--name-title field--type-string field--label-hidden\">Le Projet de Transition Professionnelle (PTP)<\/span><\/h1>\n<p style=\"text-align: justify;\">Aussi appel\u00e9 CPF de transition, le PTP est une modalit\u00e9 particuli\u00e8re de mobilisation du CPF. <b>En effet, il permet aux salari\u00e9s qui souhaitent changer de m\u00e9tier ou de profession de financer des formations certifiantes en lien avec leur projet.<\/b> Ce dispositif permet la prise en charge du co\u00fbt de la formation et le maintien d\u2019une r\u00e9mun\u00e9ration pendant la dur\u00e9e de l\u2019action de formation.<\/p>\n<p style=\"text-align: justify;\"><b>Les b\u00e9n\u00e9ficiaires d\u2019un CPF de transition sont\u00a0:<\/b><\/p>\n<ul>\n<li style=\"text-align: justify;\">Les salari\u00e9s en Contrat \u00e0 Dur\u00e9e Ind\u00e9termin\u00e9e (CDI) qui ont exerc\u00e9 une activit\u00e9 salari\u00e9e de 24 mois minimum, cons\u00e9cutive ou non, dont 12 mois dans l\u2019entreprise actuelle.<\/li>\n<li style=\"text-align: justify;\">Les salari\u00e9s en Contrat \u00e0 Dur\u00e9e D\u00e9termin\u00e9e (CDD) justifiant d\u2019une activit\u00e9 salari\u00e9e de 24 mois minimum, cons\u00e9cutive ou non, au cours des 5 derni\u00e8res ann\u00e9es, dont 4 mois, cons\u00e9cutifs ou non, en CDD au cours des 12 derniers mois.<\/li>\n<li style=\"text-align: justify;\">Les travailleurs handicap\u00e9s et autres b\u00e9n\u00e9ficiaires de l\u2019obligation d\u2019emploi (sans condition d\u2019anciennet\u00e9)<\/li>\n<li style=\"text-align: justify;\">Les salari\u00e9s titulaires d\u2019un contrat de travail conclu avec une entreprise de travail temporaire et les salari\u00e9s intermittents du spectacle.<\/li>\n<\/ul>\n<p style=\"text-align: justify;\"><b>Depuis le 1<sup>er<\/sup> janvier 2020, le financement des projets de transition professionnelle est assur\u00e9 par les Commissions Paritaires Interprofessionnelles (CPIR), appel\u00e9es Associations Transitions Pro (ATpro).<\/b><\/p>\n<h1 style=\"text-align: justify;\">La\u00a0Validation des Acquis de l\u2019Exp\u00e9rience (VAE)<\/h1>\n<p style=\"text-align: justify;\"><b>La VAE a pour but d&rsquo;\u00e9valuer vos comp\u00e9tences professionnelles dans le but d\u2019obtenir une certification.<\/b><\/p>\n<p style=\"text-align: justify;\"><b>Pour b\u00e9n\u00e9ficier de la VAE, vous devez pouvoir justifier d\u2019au moins 1 an d\u2019exp\u00e9rience acquise en France ou \u00e0 l\u2019\u00e9tranger, actuelle ou pass\u00e9e, et continue ou discontinue. <\/b>En outre, il est possible d&rsquo;en profiter peu importe votre statut (salari\u00e9, non salari\u00e9, en CDD, CDI ou int\u00e9rimaire, fonctionnaire, demandeur d\u2019emploi, b\u00e9n\u00e9vole, volontaire).<\/p>\n<p style=\"text-align: justify;\">Le co\u00fbt de la VAE prend en compte les droits d\u2019inscription \u00e0 la certification et les prestations d\u2019accompagnement de l\u2019organisme qui la d\u00e9livre. <b>Lorsque la d\u00e9marche est \u00e0 votre initiative, vous pouvez solliciter le CPF pour la prise en charge. Si l\u2019initiative vient de votre employeur, la VAE est r\u00e9alis\u00e9e dans le cadre du PDC et par cons\u00e9quent prise en charge par l\u2019entreprise.<\/b><\/p>\n<div class='cta-block'><div class='text'>Simulez toutes vos aides en 2 min.<\/div><a href='https:\/\/www.mes-allocs.fr\/ab-app?origin=guides\/wp-json\/wp\/v2\/posts\/52762' class='app-button fit'>Simulation gratuite<\/a><\/div>\n","protected":false},"excerpt":{"rendered":"<p>[Mis \u00e0 jour le 03\/04\/2026] Le d\u00e9veloppement des comp\u00e9tences des salari\u00e9s est fait partie des pr\u00e9occupations principales au sein d&rsquo;une entreprise. Ainsi, la formation professionnelle permet aux salari\u00e9s de se former r\u00e9guli\u00e8rement afin de se maintenir dans l&#8217;emploi. Il est possible d&rsquo;obtenir des aides \u00e0 la formation de l&rsquo;entreprise dans le cadre d&rsquo;un projet professionnel. [&hellip;]<\/p>\n","protected":false},"author":14,"featured_media":56277,"comment_status":"closed","ping_status":"open","sticky":false,"template":"","format":"standard","meta":{"amp_status":"","footnotes":""},"categories":[2045,5605],"tags":[],"class_list":["post-52762","post","type-post","status-publish","format-standard","has-post-thumbnail","hentry","category-aide-formation","category-financement-formation"],"yoast_head":"<!-- This site is optimized with the Yoast SEO plugin v14.9 - https:\/\/yoast.com\/wordpress\/plugins\/seo\/ -->\n<title>Quel financement pour une formation de l&#039;entreprise ? | Mes-Allocs.fr<\/title>\n<meta name=\"description\" content=\"La formation permet aux salari\u00e9s de se former afin de se maintenir dans l&#039;emploi. Il est possible d&#039;obtenir des financements de l&#039;entreprise.\" \/>\n<meta name=\"robots\" content=\"index, follow, max-snippet:-1, max-image-preview:large, max-video-preview:-1\" \/>\n<link rel=\"canonical\" href=\"https:\/\/www.mes-allocs.fr\/guides\/aide-formation\/financement-formation\/financement-formation-entreprise\/\" \/>\n<meta property=\"og:locale\" content=\"fr_FR\" \/>\n<meta property=\"og:type\" content=\"article\" \/>\n<meta property=\"og:title\" content=\"Quel financement pour une formation de l&#039;entreprise ? | Mes-Allocs.fr\" \/>\n<meta property=\"og:description\" content=\"La formation permet aux salari\u00e9s de se former afin de se maintenir dans l&#039;emploi. Il est possible d&#039;obtenir des financements de l&#039;entreprise.\" \/>\n<meta property=\"og:url\" content=\"https:\/\/www.mes-allocs.fr\/guides\/aide-formation\/financement-formation\/financement-formation-entreprise\/\" \/>\n<meta property=\"og:site_name\" content=\"Mes-Allocs.fr\" \/>\n<meta property=\"article:published_time\" content=\"2022-10-27T12:12:07+00:00\" \/>\n<meta property=\"article:modified_time\" content=\"2026-04-03T12:56:14+00:00\" \/>\n<meta property=\"og:image\" content=\"https:\/\/www.mes-allocs.fr\/guides\/wp-content\/uploads\/2022\/09\/financement-pour-une-formation-de-lentreprise-2.jpeg?wsr\" \/>\n\t<meta property=\"og:image:width\" content=\"612\" \/>\n\t<meta property=\"og:image:height\" content=\"408\" \/>\n<meta name=\"twitter:card\" content=\"summary_large_image\" \/>\n<script type=\"application\/ld+json\" class=\"yoast-schema-graph\">{\"@context\":\"https:\/\/schema.org\",\"@graph\":[{\"@type\":\"WebSite\",\"@id\":\"https:\/\/www.mes-allocs.fr\/guides\/#website\",\"url\":\"https:\/\/www.mes-allocs.fr\/guides\/\",\"name\":\"Mes-Allocs.fr\",\"description\":\"\",\"potentialAction\":[{\"@type\":\"SearchAction\",\"target\":\"https:\/\/www.mes-allocs.fr\/guides\/?s={search_term_string}\",\"query-input\":\"required name=search_term_string\"}],\"inLanguage\":\"fr-FR\"},{\"@type\":\"ImageObject\",\"@id\":\"https:\/\/www.mes-allocs.fr\/guides\/aide-formation\/financement-formation\/financement-formation-entreprise\/#primaryimage\",\"inLanguage\":\"fr-FR\",\"url\":\"https:\/\/www.mes-allocs.fr\/guides\/wp-content\/uploads\/2022\/09\/financement-pour-une-formation-de-lentreprise-2.jpeg?wsr\",\"width\":612,\"height\":408,\"caption\":\"financement pour une formation de lentreprise\"},{\"@type\":\"WebPage\",\"@id\":\"https:\/\/www.mes-allocs.fr\/guides\/aide-formation\/financement-formation\/financement-formation-entreprise\/#webpage\",\"url\":\"https:\/\/www.mes-allocs.fr\/guides\/aide-formation\/financement-formation\/financement-formation-entreprise\/\",\"name\":\"Quel financement pour une formation de l'entreprise ? | Mes-Allocs.fr\",\"isPartOf\":{\"@id\":\"https:\/\/www.mes-allocs.fr\/guides\/#website\"},\"primaryImageOfPage\":{\"@id\":\"https:\/\/www.mes-allocs.fr\/guides\/aide-formation\/financement-formation\/financement-formation-entreprise\/#primaryimage\"},\"datePublished\":\"2022-10-27T12:12:07+00:00\",\"dateModified\":\"2026-04-03T12:56:14+00:00\",\"author\":{\"@id\":\"https:\/\/www.mes-allocs.fr\/guides\/#\/schema\/person\/a3de97298fd0ffc005ebdd5628b03ca8\"},\"description\":\"La formation permet aux salari\\u00e9s de se former afin de se maintenir dans l'emploi. Il est possible d'obtenir des financements de l'entreprise.\",\"inLanguage\":\"fr-FR\"},{\"@type\":\"Person\",\"@id\":\"https:\/\/www.mes-allocs.fr\/guides\/#\/schema\/person\/a3de97298fd0ffc005ebdd5628b03ca8\",\"name\":\"Marina Ada Ondo\",\"image\":{\"@type\":\"ImageObject\",\"@id\":\"https:\/\/www.mes-allocs.fr\/guides\/#personlogo\",\"inLanguage\":\"fr-FR\",\"url\":\"https:\/\/www.mes-allocs.fr\/guides\/wp-content\/uploads\/2022\/02\/Photo-de-profil-150x150.png\",\"caption\":\"Marina Ada Ondo\"},\"description\":\"Marina est r\\u00e9dactrice au sein de l'\\u00e9quipe Mes Allocs, sp\\u00e9cialis\\u00e9e sur les aides aux jeunes. Dipl\\u00f4m\\u00e9e de l'ISFJ, elle rejoint Mes Allocs apr\\u00e8s une premi\\u00e8re exp\\u00e9rience en communication chez Little Africa, une agence de communication \\u00e0 Paris. Sur son temps libre, Marina lit beaucoup et passe ses dimanches au mus\\u00e9e.\",\"sameAs\":[\"https:\/\/www.linkedin.com\/in\/marinaadaondo\/\"]}]}<\/script>\n<!-- \/ Yoast SEO plugin. -->","amp_validity":null,"acf":{"faq":{"1":{"question":"Comment une entreprise peut financer une formation ?","answer":"Depuis le 1er janvier 2019, une contribution l\u00e9gale unique est demand\u00e9e aux entreprises pour la formation professionnelle et l'apprentissage. Elle est vers\u00e9e aux URSSAF. "},"2":{"question":"Quel est le budget formation d'une entreprise ?","answer":"Le taux de cette contribution est de 0,55 % pour les entreprises de moins de 11 salari\u00e9s et de 1 % pour les entreprises de 11 salari\u00e9s et plus. "},"3":{"question":"Comment se reconvertir sans perte de salaire ?","answer":"Pour profiter d'une reconversion professionnelle sans perte de salaire, 2 solutions sont envisageables : b\u00e9n\u00e9ficier d'aides et de dispositifs pour conserver sa r\u00e9mun\u00e9ration ou opter directement pour une formation r\u00e9mun\u00e9r\u00e9e."},"4":{"question":"Quelles sont les obligations de l'employeur en mati\u00e8re de formation ?","answer":"En mati\u00e8re de formation professionnelle, les obligations sont : la participation au financement de la formation, l'adaptation du salari\u00e9 \u00e0 son poste de travail, le maintien dans son emploi et le financement des formations obligatoires."},"5":{"question":"Qui paie le salaire pendant un CPF ?","answer":"La r\u00e9mun\u00e9ration est vers\u00e9e par l'employeur, qui sera ensuite rembours\u00e9 par son op\u00e9rateur de comp\u00e9tences (OPCO). Si la formation se fait en dehors du temps de travail, le salari\u00e9 ne re\u00e7oit pas de r\u00e9mun\u00e9ration suppl\u00e9mentaire."},"6":{"question":"Qui finance ma formation en alternance ?","answer":"Le financement de la formation en contrat de professionnalisation est assur\u00e9 par l'OPCO en charge de la collecte des obligations financi\u00e8res de l'entreprise en mati\u00e8re de formation professionnelle."},"7":{"question":"","answer":""},"8":{"question":"","answer":""},"9":{"question":"","answer":""},"10":{"question":"","answer":""},"11":{"question":"","answer":""},"12":{"question":"","answer":""},"13":{"question":"","answer":""},"14":{"question":"","answer":""},"15":{"question":"","answer":""},"16":{"question":"","answer":""}}},"_links":{"self":[{"href":"https:\/\/www.mes-allocs.fr\/guides\/wp-json\/wp\/v2\/posts\/52762","targetHints":{"allow":["GET"]}}],"collection":[{"href":"https:\/\/www.mes-allocs.fr\/guides\/wp-json\/wp\/v2\/posts"}],"about":[{"href":"https:\/\/www.mes-allocs.fr\/guides\/wp-json\/wp\/v2\/types\/post"}],"author":[{"embeddable":true,"href":"https:\/\/www.mes-allocs.fr\/guides\/wp-json\/wp\/v2\/users\/14"}],"replies":[{"embeddable":true,"href":"https:\/\/www.mes-allocs.fr\/guides\/wp-json\/wp\/v2\/comments?post=52762"}],"version-history":[{"count":10,"href":"https:\/\/www.mes-allocs.fr\/guides\/wp-json\/wp\/v2\/posts\/52762\/revisions"}],"predecessor-version":[{"id":111527,"href":"https:\/\/www.mes-allocs.fr\/guides\/wp-json\/wp\/v2\/posts\/52762\/revisions\/111527"}],"wp:featuredmedia":[{"embeddable":true,"href":"https:\/\/www.mes-allocs.fr\/guides\/wp-json\/wp\/v2\/media\/56277"}],"wp:attachment":[{"href":"https:\/\/www.mes-allocs.fr\/guides\/wp-json\/wp\/v2\/media?parent=52762"}],"wp:term":[{"taxonomy":"category","embeddable":true,"href":"https:\/\/www.mes-allocs.fr\/guides\/wp-json\/wp\/v2\/categories?post=52762"},{"taxonomy":"post_tag","embeddable":true,"href":"https:\/\/www.mes-allocs.fr\/guides\/wp-json\/wp\/v2\/tags?post=52762"}],"curies":[{"name":"wp","href":"https:\/\/api.w.org\/{rel}","templated":true}]}}