{"id":52756,"date":"2022-10-27T18:51:22","date_gmt":"2022-10-27T16:51:22","guid":{"rendered":"https:\/\/www.mes-allocs.fr\/guides\/?p=52756"},"modified":"2026-04-03T10:50:33","modified_gmt":"2026-04-03T09:50:33","slug":"demande-de-financement-formation","status":"publish","type":"post","link":"https:\/\/www.mes-allocs.fr\/guides\/aide-formation\/financement-formation\/demande-de-financement-formation\/","title":{"rendered":"Comment faire une demande de financement pour une formation ?"},"content":{"rendered":"<p style=\"text-align: justify;\"><img loading=\"lazy\" decoding=\"async\" class=\"alignnone wp-image-57061 size-full\" title=\"demande de financement pour une formation\" src=\"https:\/\/www.mes-allocs.fr\/guides\/wp-content\/uploads\/2022\/09\/demande-de-financement-pour-une-formation--e1665587668270.jpeg\" alt=\"demande de financement pour une formation\" width=\"1560\" height=\"308\" srcset=\"https:\/\/www.mes-allocs.fr\/guides\/wp-content\/uploads\/2022\/09\/demande-de-financement-pour-une-formation--e1665587668270.jpeg 1560w, https:\/\/www.mes-allocs.fr\/guides\/wp-content\/uploads\/2022\/09\/demande-de-financement-pour-une-formation--e1665587668270-300x59.jpeg 300w, https:\/\/www.mes-allocs.fr\/guides\/wp-content\/uploads\/2022\/09\/demande-de-financement-pour-une-formation--e1665587668270-1024x202.jpeg 1024w, https:\/\/www.mes-allocs.fr\/guides\/wp-content\/uploads\/2022\/09\/demande-de-financement-pour-une-formation--e1665587668270-768x152.jpeg 768w, https:\/\/www.mes-allocs.fr\/guides\/wp-content\/uploads\/2022\/09\/demande-de-financement-pour-une-formation--e1665587668270-1536x303.jpeg 1536w, https:\/\/www.mes-allocs.fr\/guides\/wp-content\/uploads\/2022\/09\/demande-de-financement-pour-une-formation--e1665587668270-600x118.jpeg 600w\" sizes=\"auto, (max-width: 1560px) 100vw, 1560px\" \/>[Mis \u00e0 jour le 03\/04\/2026]<b>\u00a0Pour approfondir les comp\u00e9tences, effectuer une reconversion professionnelle ou encore obtenir un dipl\u00f4me, un titre ou un certificat, la formation professionnelle se r\u00e9v\u00e8le \u00eatre une solution efficace et gratifiante. Toutefois, son co\u00fbt pouvant \u00eatre un frein, diff\u00e9rents organismes proposent des <a href=\"https:\/\/www.mes-allocs.fr\/guides\/aide-formation\/\">aides<\/a> financi\u00e8res pour prendre en charge son financement. Alors, demande de financement formation : comment \u00e7a marche ?<\/b><\/p>\n<div class='cta-block'><div class='text'>Simulez toutes vos aides en 2 min.<\/div><a href='https:\/\/www.mes-allocs.fr\/ab-app?origin=guides\/wp-json\/wp\/v2\/posts\/52756' class='app-button fit'>Simulation gratuite<\/a><\/div>\n<p style=\"text-align: justify;\">Afin de conna\u00eetre les organismes qui sont en mesure de prendre en charge les frais p\u00e9dagogiques de votre formation, vous devez imp\u00e9rativement d\u00e9finir votre statut professionnel. Il s&rsquo;agit de la premi\u00e8re \u00e9tape vers la r\u00e9ussite du projet.<\/p>\n<h1 style=\"text-align: justify;\">La demande de financement pour les salari\u00e9s<\/h1>\n<p style=\"text-align: justify;\">Lorsque la <a href=\"https:\/\/www.mes-allocs.fr\/guides\/aide-formation\/formation-professionnelle-pour-adulte-reconversion\/\">formation professionnelle<\/a> est \u00e0 votre initiative et s&rsquo;effectue sur le temps de travail, vous devez imp\u00e9rativement obtenir l&rsquo;accord de votre employeur par courrier recommand\u00e9. Si la formation dure moins de 6 mois ou est \u00e0 temps partiel, l&rsquo;autorisation doit \u00eatre demand\u00e9e au moins 60 jours avant la date de d\u00e9but de formation. Mais si la formation dure plus de 6 mois, la demande doit avoir lieu au moins 120 jours avant la date de d\u00e9but de formation.<\/p>\n<h2 style=\"text-align: justify;\">Le Compte Personnel de Formation (CPF)<\/h2>\n<p style=\"text-align: justify;\"><b>Il s&rsquo;agit d&rsquo;un <a href=\"https:\/\/www.mes-allocs.fr\/guides\/aide-formation\/application-cpf\/\">compte<\/a> individuel qui permet de cumuler des droits \u00e0 la formation tout au long de la carri\u00e8re.<\/b> Le dispositif est cr\u00e9dit\u00e9 de 500 euros chaque ann\u00e9e si vous travaillez \u00e0 temps complet, dans un plafond de 5 000 euros. <b>Ces droits sont mobilisables \u00e0 tout moment et sont financ\u00e9s par la Caisse des D\u00e9p\u00f4ts et Consignations (CDC).<\/b><\/p>\n<p style=\"text-align: justify;\">Pour b\u00e9n\u00e9ficier d&rsquo;une aide, si la formation est \u00e9ligible, vous devez compl\u00e9ter un formulaire en ligne. <b>Il faut communiquer les informations relatives \u00e0 :<\/b><\/p>\n<ul>\n<li style=\"text-align: justify;\">Votre situation : coordonn\u00e9es, cat\u00e9gorie socio-professionnelle, type de contrat, dipl\u00f4me le plus \u00e9lev\u00e9, etc.<\/li>\n<li style=\"text-align: justify;\">L&#8217;employeur : nom, num\u00e9ro de Siret de la soci\u00e9t\u00e9 et code APE ou NAF<\/li>\n<li style=\"text-align: justify;\">La formation : dates, dur\u00e9e et lieu de la formation<\/li>\n<li style=\"text-align: justify;\">L\u2019organisme de formation : nom ou raison sociale et num\u00e9ro de Siret<\/li>\n<li style=\"text-align: justify;\">Financement : co\u00fbt de la formation<\/li>\n<\/ul>\n<p style=\"text-align: justify;\">Une fois tous les onglets renseign\u00e9s et compl\u00e9t\u00e9s, vous pouvez t\u00e9l\u00e9charger votre dossier. <b>Vous recevez par courrier l\u2019accord de prise en charge, dans un d\u00e9lai pouvant varier de 15 jours \u00e0 plus de 8 semaines en fonction de l\u2019OPCO dans le cadre d&rsquo;un Bilan de Comp\u00e9tences.<\/b><\/p>\n<p>Attention, toutefois, une <strong>participation financi\u00e8re de 150\u20ac <\/strong>vous est demand\u00e9e<strong> depuis le 2 avril 2026<\/strong>\u00a0 si vous souhaitez mobiliser votre CPF (sauf pour certains publics comme les demandeurs d\u2019emploi).<\/p>\n<h2 id=\"page-title\" class=\"color-expatriation\" style=\"text-align: justify;\">Le projet de transition professionnelle (PTP)<\/h2>\n<p>&nbsp;<\/p>\n<p style=\"text-align: justify;\">C&rsquo;est une modalit\u00e9 particuli\u00e8re de mobilisation du CPF. <b>En effet, elle permet aux salari\u00e9s en CDI ou CDD\u00a0de financer des formations certifiantes en lien avec leur projet.<\/b><\/p>\n<p style=\"text-align: justify;\"><b>La demande s&rsquo;effectue aupr\u00e8s de\u00a0l&rsquo;association\u00a0Transitions Pro de votre <a href=\"https:\/\/www.mes-allocs.fr\/guides\/aide-formation\/formation-finance-par-la-region\/\">r\u00e9gion<\/a> au plus tard 2 mois avant le d\u00e9but de la formation souhait\u00e9e.<\/b> Il peut s&rsquo;agir du lieu de r\u00e9sidence principale ou du lieu de travail. C&rsquo;est cette structure qui \u00e9tudie les conditions d\u2019\u00e9ligibilit\u00e9, \u00e9value la prise en charge de votre r\u00e9mun\u00e9ration. <b>Toutefois, la Commission Paritaire Interprofessionnelle R\u00e9gionale \u00e9value votre projet.<\/b> Si celle-ci donne son accord, alors l\u2019association Transitions Pro prend en charge la formation continue.<\/p>\n<p><iframe loading=\"lazy\" title=\"Les aides \u00e0 la formation\" width=\"500\" height=\"281\" src=\"https:\/\/www.youtube.com\/embed\/gs3ZRHqtzmY?feature=oembed\" frameborder=\"0\" allow=\"accelerometer; autoplay; clipboard-write; encrypted-media; gyroscope; picture-in-picture; web-share\" referrerpolicy=\"strict-origin-when-cross-origin\" allowfullscreen><\/iframe><\/p>\n<h1 style=\"text-align: justify;\">La demande de financement pour les demandeurs d&#8217;emploi<\/h1>\n<p style=\"text-align: justify;\"><b>Si vous \u00eates en recherche d&#8217;emploi, c&rsquo;est votre conseiller P\u00f4le Emploi qui est votre r\u00e9f\u00e9rent pour un projet de formation professionnelle. <\/b>C&rsquo;est lui qui est en charge de faire valider votre dossier si vous utilisez le CPF. <b>\u00c0 d\u00e9faut, le conseil r\u00e9gional peut octroyer\u00a0une somme pour compl\u00e9ter le co\u00fbt de votre formation.<\/b> En effet, elle intervient en compl\u00e9ment d\u2019un autre dispositif.<\/p>\n<h1 style=\"text-align: justify;\">L&rsquo;Aide Individuelle \u00e0 la Formation (AIF)<\/h1>\n<p style=\"text-align: justify;\">Il s&rsquo;agit d&rsquo;une aide mise en place en collaboration avec la r\u00e9gion et g\u00e9r\u00e9e par P\u00f4le emploi. <b>Elle prend en charge les frais p\u00e9dagogiques de la formation.<\/b> <b>La demande de formation doit \u00eatre\u00a0le Projet Personnalis\u00e9 d\u2019Acc\u00e8s \u00e0 l\u2019Emploi (PPAE).<\/b> En fonction de votre situation, vous b\u00e9n\u00e9ficiez de l\u2019Allocation d\u2019Aide au Retour \u00e0 l\u2019Emploi Formation (AREF), de la R\u00e9mun\u00e9ration de Fin de Formation (RFF) ou \u00e0 la R\u00e9mun\u00e9ration des Formations de P\u00f4le Emploi (RFPE).<\/p>\n<p style=\"text-align: justify;\"><b>Pour faire une demande d\u2019AIF, vous devez :<\/b><\/p>\n<ul>\n<li style=\"text-align: justify;\">Demander un devis \u00e0 l\u2019organisme de formation qui dispense la formation vis\u00e9e<\/li>\n<li style=\"text-align: justify;\">L\u2019organisme de formation \u00e9tablit un devis en ligne et vous le transmet<\/li>\n<li style=\"text-align: justify;\">Vous recevez le document directement sur l&rsquo;espace personnel pole-emploi.fr ou sur l\u2019application mobile Ma formation<\/li>\n<li style=\"text-align: justify;\">Une \u00e9tude doit \u00eatre fa\u00eete et si vous validez le devis, ce dernier doit \u00eatre remis automatiquement \u00e0 P\u00f4le emploi pour traitement<\/li>\n<li style=\"text-align: justify;\">Apr\u00e8s analyse du dossier par P\u00f4le Emploi, la structure vous informe de sa d\u00e9cision directement 15 jours avant le d\u00e9but de la formation depuis votre espace personnel sur pole-emploi.fr ou l\u2019application Ma Formation.<\/li>\n<\/ul>\n<p style=\"text-align: justify;\"><b>De plus, afin de faciliter l&rsquo;insertion des demandeurs d&#8217;emploi sur le march\u00e9 du travail, la r\u00e9gion peut financer les frais de transport et les frais d\u2019h\u00e9bergement lorsque\u00a0la formation s&rsquo;effectue loin du domicile. <\/b>Il s&rsquo;agit d&rsquo;une aide \u00e0 la mobilit\u00e9 dont le montant est d\u00e9termin\u00e9 en fonction de la distance entre le domicile et le lieu de formation.<\/p>\n<h1 style=\"text-align: justify;\"><b>La demande de financement pour les ind\u00e9pendants, en profession lib\u00e9rale ou chef d&rsquo;entreprise non salari\u00e9<\/b><\/h1>\n<p style=\"text-align: justify;\"><b>Dans ces cas, c&rsquo;est l&rsquo;Op\u00e9rateur de Comp\u00e9tences aupr\u00e8s duquel vous cotisez qui finance la formation professionnelle ou l&rsquo;Association de Gestion de Financement de la Formation des Chefs d\u2019Entreprise (AGEFICE).<\/b><\/p>\n<h2 style=\"text-align: justify;\">Le Fonds d&rsquo;assurance formations (FAF)<\/h2>\n<p style=\"text-align: justify;\">Un travailleur ind\u00e9pendant peut b\u00e9n\u00e9ficier d&rsquo;une aide pour financer une formation s&rsquo;il b\u00e9n\u00e9ficie du\u00a0<abbr class=\"tool-tip\" tabindex=\"0\" data-toggle=\"tooltip\" data-sigle=\"R57998\" data-original-title=\"CFP\u00a0:\u00a0Contribution \u00e0 la formation professionnelleCFP\u00a0:\u00a0Contribution \u00e0 la formation professionnelle\">CFP. <b>L&rsquo;aide est g\u00e9r\u00e9e par un fonds d&rsquo;assurance formation (FAF) qui diff\u00e8re en fonction de la nature de l&rsquo;activit\u00e9 (code NAF) et de l&rsquo;organisme \u00e0 qui est revers\u00e9 les cotisations.\u00a0<\/b><\/abbr>Le conjoint collaborateur en b\u00e9n\u00e9ficie \u00e9galement si la <span class=\"expression\">CFP-conjoint collaborateur<\/span> a \u00e9t\u00e9 pay\u00e9e.<\/p>\n<p style=\"text-align: justify;\"><b>Avant d&rsquo;entamer la d\u00e9marche de demande, il faut que le travailleur ind\u00e9pendant obtienne une attestation de paiement du\u00a0<abbr class=\"tool-tip\" tabindex=\"0\" data-toggle=\"tooltip\" data-sigle=\"R57998\" data-original-title=\"CFP\u00a0:\u00a0Contribution \u00e0 la formation professionnelleCFP\u00a0:\u00a0Contribution \u00e0 la formation professionnelle\">CFP\u00a0<\/abbr>fournie par l&rsquo;Urssaf sur son compte personnel. <\/b>Vous devez ensuite d\u00e9poser votre demande de prise en charge aupr\u00e8s du fonds d&rsquo;assurance formation (FAF) dont vous d\u00e9pendez. <b>Elle doit se faire au moins 1 mois avant le d\u00e9but de la formation pr\u00e9vue. Au-del\u00e0 de ce d\u00e9lai, la demande est automatiquement refus\u00e9e.<\/b> Lorsqu&rsquo;il s&rsquo;agit de plusieurs formations, il faut d\u00e9poser une demande de prise en charge pour chacune d&rsquo;elles.<\/p>\n<p style=\"text-align: justify;\"><div class='cta-block'><div class='text'>Simulez toutes vos aides en 2 min.<\/div><a href='https:\/\/www.mes-allocs.fr\/ab-app?origin=guides\/wp-json\/wp\/v2\/posts\/52756' class='app-button fit'>Simulation gratuite<\/a><\/div><\/p>\n","protected":false},"excerpt":{"rendered":"<p>[Mis \u00e0 jour le 03\/04\/2026]\u00a0Pour approfondir les comp\u00e9tences, effectuer une reconversion professionnelle ou encore obtenir un dipl\u00f4me, un titre ou un certificat, la formation professionnelle se r\u00e9v\u00e8le \u00eatre une solution efficace et gratifiante. Toutefois, son co\u00fbt pouvant \u00eatre un frein, diff\u00e9rents organismes proposent des aides financi\u00e8res pour prendre en charge son financement. Alors, demande de [&hellip;]<\/p>\n","protected":false},"author":14,"featured_media":57062,"comment_status":"closed","ping_status":"open","sticky":false,"template":"","format":"standard","meta":{"amp_status":"","footnotes":""},"categories":[2045,5605],"tags":[],"class_list":["post-52756","post","type-post","status-publish","format-standard","has-post-thumbnail","hentry","category-aide-formation","category-financement-formation"],"yoast_head":"<!-- This site is optimized with the Yoast SEO plugin v14.9 - https:\/\/yoast.com\/wordpress\/plugins\/seo\/ -->\n<title>Comment faire une demande de financement pour une formation ?<\/title>\n<meta name=\"description\" content=\"Le co\u00fbt de la formation pouvant \u00eatre un frein, diff\u00e9rents organismes proposent des aides financi\u00e8res pour prendre en charge la formation.\" \/>\n<meta name=\"robots\" content=\"index, follow, max-snippet:-1, max-image-preview:large, max-video-preview:-1\" \/>\n<link rel=\"canonical\" href=\"https:\/\/www.mes-allocs.fr\/guides\/aide-formation\/financement-formation\/demande-de-financement-formation\/\" \/>\n<meta property=\"og:locale\" content=\"fr_FR\" \/>\n<meta property=\"og:type\" content=\"article\" \/>\n<meta property=\"og:title\" content=\"Comment faire une demande de financement pour une formation ?\" \/>\n<meta property=\"og:description\" content=\"Le co\u00fbt de la formation pouvant \u00eatre un frein, diff\u00e9rents organismes proposent des aides financi\u00e8res pour prendre en charge la formation.\" \/>\n<meta property=\"og:url\" content=\"https:\/\/www.mes-allocs.fr\/guides\/aide-formation\/financement-formation\/demande-de-financement-formation\/\" \/>\n<meta property=\"og:site_name\" content=\"Mes-Allocs.fr\" \/>\n<meta property=\"article:published_time\" content=\"2022-10-27T16:51:22+00:00\" \/>\n<meta property=\"article:modified_time\" content=\"2026-04-03T09:50:33+00:00\" \/>\n<meta property=\"og:image\" content=\"https:\/\/www.mes-allocs.fr\/guides\/wp-content\/uploads\/2022\/09\/demande-de-financement-pour-une-formation-3.jpeg?wsr\" \/>\n\t<meta property=\"og:image:width\" content=\"612\" \/>\n\t<meta property=\"og:image:height\" content=\"408\" \/>\n<meta name=\"twitter:card\" content=\"summary_large_image\" \/>\n<script type=\"application\/ld+json\" class=\"yoast-schema-graph\">{\"@context\":\"https:\/\/schema.org\",\"@graph\":[{\"@type\":\"WebSite\",\"@id\":\"https:\/\/www.mes-allocs.fr\/guides\/#website\",\"url\":\"https:\/\/www.mes-allocs.fr\/guides\/\",\"name\":\"Mes-Allocs.fr\",\"description\":\"\",\"potentialAction\":[{\"@type\":\"SearchAction\",\"target\":\"https:\/\/www.mes-allocs.fr\/guides\/?s={search_term_string}\",\"query-input\":\"required name=search_term_string\"}],\"inLanguage\":\"fr-FR\"},{\"@type\":\"ImageObject\",\"@id\":\"https:\/\/www.mes-allocs.fr\/guides\/aide-formation\/financement-formation\/demande-de-financement-formation\/#primaryimage\",\"inLanguage\":\"fr-FR\",\"url\":\"https:\/\/www.mes-allocs.fr\/guides\/wp-content\/uploads\/2022\/09\/demande-de-financement-pour-une-formation-3.jpeg?wsr\",\"width\":612,\"height\":408,\"caption\":\"demande de financement pour une formation\"},{\"@type\":\"WebPage\",\"@id\":\"https:\/\/www.mes-allocs.fr\/guides\/aide-formation\/financement-formation\/demande-de-financement-formation\/#webpage\",\"url\":\"https:\/\/www.mes-allocs.fr\/guides\/aide-formation\/financement-formation\/demande-de-financement-formation\/\",\"name\":\"Comment faire une demande de financement pour une formation ?\",\"isPartOf\":{\"@id\":\"https:\/\/www.mes-allocs.fr\/guides\/#website\"},\"primaryImageOfPage\":{\"@id\":\"https:\/\/www.mes-allocs.fr\/guides\/aide-formation\/financement-formation\/demande-de-financement-formation\/#primaryimage\"},\"datePublished\":\"2022-10-27T16:51:22+00:00\",\"dateModified\":\"2026-04-03T09:50:33+00:00\",\"author\":{\"@id\":\"https:\/\/www.mes-allocs.fr\/guides\/#\/schema\/person\/a3de97298fd0ffc005ebdd5628b03ca8\"},\"description\":\"Le co\\u00fbt de la formation pouvant \\u00eatre un frein, diff\\u00e9rents organismes proposent des aides financi\\u00e8res pour prendre en charge la formation.\",\"inLanguage\":\"fr-FR\"},{\"@type\":\"Person\",\"@id\":\"https:\/\/www.mes-allocs.fr\/guides\/#\/schema\/person\/a3de97298fd0ffc005ebdd5628b03ca8\",\"name\":\"Marina Ada Ondo\",\"image\":{\"@type\":\"ImageObject\",\"@id\":\"https:\/\/www.mes-allocs.fr\/guides\/#personlogo\",\"inLanguage\":\"fr-FR\",\"url\":\"https:\/\/www.mes-allocs.fr\/guides\/wp-content\/uploads\/2022\/02\/Photo-de-profil-150x150.png\",\"caption\":\"Marina Ada Ondo\"},\"description\":\"Marina est r\\u00e9dactrice au sein de l'\\u00e9quipe Mes Allocs, sp\\u00e9cialis\\u00e9e sur les aides aux jeunes. Dipl\\u00f4m\\u00e9e de l'ISFJ, elle rejoint Mes Allocs apr\\u00e8s une premi\\u00e8re exp\\u00e9rience en communication chez Little Africa, une agence de communication \\u00e0 Paris. Sur son temps libre, Marina lit beaucoup et passe ses dimanches au mus\\u00e9e.\",\"sameAs\":[\"https:\/\/www.linkedin.com\/in\/marinaadaondo\/\"]}]}<\/script>\n<!-- \/ Yoast SEO plugin. -->","amp_validity":null,"acf":{"faq":{"1":{"question":"Comment faire une demande de financement \u00e0 la r\u00e9gion ?","answer":"Si vous \u00eates salari\u00e9, vous devez v\u00e9rifier votre compte CPF. Pour une personne avec un statut de lib\u00e9ral, vous vous adresserez \u00e0 votre organisme de cotisation et si vous \u00eates demandeur d'emploi, il faut vous r\u00e9f\u00e9rer \u00e0 votre conseiller."},"2":{"question":"Comment faire une formation pay\u00e9e par l'employeur ?","answer":"Peu importe l'organisme sollicit\u00e9, l'employeur a cotis\u00e9 au titre de la formation. C'est ainsi qu'est prise en charge la formation ainsi que le maintien du salaire jusqu'\u00e0 la hauteur de deux fois le SMIC."},"3":{"question":"Comment faire une demande d'aide \u00e0 la mobilit\u00e9 ?","answer":"La demande doit faire par votre conseiller P\u00f4le emploi qui appr\u00e9cie votre demande en fonction de votre situation (g\u00e9ographique, financi\u00e8re, etc.). Le formulaire doit \u00eatre d\u00e9pos\u00e9e aupr\u00e8s de P\u00f4le Emploi avant l'entretien d'embauche ou au plus tard dans un d\u00e9lai de 7 jours apr\u00e8s l'entretien d'embauche."},"4":{"question":"Comment faire une formation quand on est en CDI ?","answer":"Avec le Compte Personnel de Formation (CPF), le CPF de transition et le Pro-A (d\u00e9di\u00e9 aux formations en alternance), vous avez la possibilit\u00e9 de vous former sur vos heures de travail, dans le cadre de votre contrat en CDI."},"5":{"question":"Quand formuler la demande de formation aupr\u00e8s de l'employeur ?","answer":"L'action de formation doit d\u00e9buter au plus tard 12 mois apr\u00e8s le terme du contrat. Faire une demande aupr\u00e8s de l'organisme de formation puis une demande d'autorisation \u00e0 son employeur au moins 2 mois avant le d\u00e9but de la formation (4 mois pour une formation de plus de 6 mois)."},"6":{"question":"Est-ce qu'un employeur peut refuser un droit \u00e0 la formation ?","answer":"L'employeur est libre d'accepter ou non la demande de formation pr\u00e9vue par le plan, mais en pratique celle-ci est rarement refus\u00e9e."},"7":{"question":"","answer":""},"8":{"question":"","answer":""},"9":{"question":"","answer":""},"10":{"question":"","answer":""},"11":{"question":"","answer":""},"12":{"question":"","answer":""},"13":{"question":"","answer":""},"14":{"question":"","answer":""},"15":{"question":"","answer":""},"16":{"question":"","answer":""}}},"_links":{"self":[{"href":"https:\/\/www.mes-allocs.fr\/guides\/wp-json\/wp\/v2\/posts\/52756","targetHints":{"allow":["GET"]}}],"collection":[{"href":"https:\/\/www.mes-allocs.fr\/guides\/wp-json\/wp\/v2\/posts"}],"about":[{"href":"https:\/\/www.mes-allocs.fr\/guides\/wp-json\/wp\/v2\/types\/post"}],"author":[{"embeddable":true,"href":"https:\/\/www.mes-allocs.fr\/guides\/wp-json\/wp\/v2\/users\/14"}],"replies":[{"embeddable":true,"href":"https:\/\/www.mes-allocs.fr\/guides\/wp-json\/wp\/v2\/comments?post=52756"}],"version-history":[{"count":12,"href":"https:\/\/www.mes-allocs.fr\/guides\/wp-json\/wp\/v2\/posts\/52756\/revisions"}],"predecessor-version":[{"id":111483,"href":"https:\/\/www.mes-allocs.fr\/guides\/wp-json\/wp\/v2\/posts\/52756\/revisions\/111483"}],"wp:featuredmedia":[{"embeddable":true,"href":"https:\/\/www.mes-allocs.fr\/guides\/wp-json\/wp\/v2\/media\/57062"}],"wp:attachment":[{"href":"https:\/\/www.mes-allocs.fr\/guides\/wp-json\/wp\/v2\/media?parent=52756"}],"wp:term":[{"taxonomy":"category","embeddable":true,"href":"https:\/\/www.mes-allocs.fr\/guides\/wp-json\/wp\/v2\/categories?post=52756"},{"taxonomy":"post_tag","embeddable":true,"href":"https:\/\/www.mes-allocs.fr\/guides\/wp-json\/wp\/v2\/tags?post=52756"}],"curies":[{"name":"wp","href":"https:\/\/api.w.org\/{rel}","templated":true}]}}