{"id":52459,"date":"2022-08-11T17:29:11","date_gmt":"2022-08-11T15:29:11","guid":{"rendered":"https:\/\/www.mes-allocs.fr\/guides\/?p=52459"},"modified":"2026-03-04T18:09:42","modified_gmt":"2026-03-04T17:09:42","slug":"calcul-retraite-prive","status":"publish","type":"post","link":"https:\/\/www.mes-allocs.fr\/guides\/retraite\/calcul-retraite\/calcul-retraite-prive\/","title":{"rendered":"Calcul retraite salari\u00e9 du secteur priv\u00e9 : estimez votre pension"},"content":{"rendered":"<p><img loading=\"lazy\" decoding=\"async\" title=\"calcul retraite priv\u00e9\" src=\"https:\/\/www.mes-allocs.fr\/guides\/wp-content\/uploads\/2022\/06\/mediamodifier-I3HPUolh5hA-unsplash-e1654795177880.jpg\" alt=\"calcul retraite priv\u00e9\" width=\"1920\" height=\"552\" \/><\/p>\n<p>[Mis \u00e0 jour le 04\/03\/2026] Le montant de votre retraite r\u00e9sulte de nombreux calculs bas\u00e9s sur diff\u00e9rents crit\u00e8res. Plusieurs conditions doivent \u00eatre remplies pour en d\u00e9terminer le montant exact. Par ailleurs, le <a href=\"https:\/\/www.mes-allocs.fr\/guides\/retraite\/calcul-retraite\/\">calcul de la retraite<\/a> diff\u00e8re selon que vous travaillez dans le secteur public ou priv\u00e9. Dans cet article, Mes Allocs vous explique en d\u00e9tail quel est le <strong>calcul de la retraite dans le secteur priv\u00e9<\/strong>.<\/p>\n<div class='cta-block'><div class='text'>Simulez votre retraite en 2 min.<\/div><a href='https:\/\/www.mes-allocs.fr\/formulaire\/retraite?utm_source=seo&origin=guides\/wp-json\/wp\/v2\/posts\/52459' class='app-button fit'>Simulation gratuite<\/a><\/div>\n<h1>Comprendre la retraite dans le secteur priv\u00e9<\/h1>\n<h2>Quel est l&rsquo;\u00e2ge l\u00e9gal de d\u00e9part \u00e0 la retraite ?<\/h2>\n<p>L\u2019\u00e2ge l\u00e9gal \u00e0 partir duquel vous avez le droit de prendre votre retraite est fix\u00e9 \u00e0<b> 64 ans si vous \u00eates n\u00e9e \u00e0 partir de 1969. <\/b>L&rsquo;\u00e2ge l\u00e9gal varie selon votre ann\u00e9e de naissance. Il est fix\u00e9 \u00e0 partir de 62 ans et 9 mois et 63 ans pour les personnes n\u00e9es entre 1964 et 1968.<\/p>\n<p>Il vous sera possible de partir \u00e0 la retraite avant cet \u00e2ge, sous certaines conditions, lorsque vous vous trouvez dans l\u2019une de ces situations :<\/p>\n<ul>\n<li aria-level=\"1\">si avez effectu\u00e9 une carri\u00e8re longue<\/li>\n<li aria-level=\"1\">vous \u00eates handicap\u00e9(e)<\/li>\n<li aria-level=\"1\">si vous \u00eates atteint d\u2019une incapacit\u00e9 permanente d\u2019origine professionnelle reconnue par l\u2019Assurance maladie.<\/li>\n<\/ul>\n<p>\u00c0 partir de 62 ans et 9 mois, vous pouvez demander \u00e0 partir \u00e0 la retraite quand vous le souhaitez.<\/p>\n<p>La date de votre d\u00e9part doit \u00eatre fix\u00e9e au 1er jour du mois que vous choisissez.<\/p>\n<div class='shortcode tips'><div class='title'>Exemple<\/div><div class='content'>Si vous voulez cesser votre activit\u00e9 en septembre, votre d\u00e9part \u00e0 la retraite devra \u00eatre fix\u00e9 au <b>1er septembre<\/b><\/div><\/div>\n<h2>Quelle caisse de retraite pour les salari\u00e9s dans le priv\u00e9?<\/h2>\n<p>La pension de retraite de base de l\u2019Assurance vieillesse du <b>r\u00e9gime g\u00e9n\u00e9ral de la S\u00e9curit\u00e9 sociale<\/b> est vers\u00e9e chaque mois.<\/p>\n<p>Pour la pension de <b>retraite compl\u00e9mentaire Agirc-Arrco<\/b>, elle est vers\u00e9e chaque mois \u00e9galement Cependant, lorsque le montant est trop faible, elle est vers\u00e9e dans ce cas annuellement ou en une seule fois sous forme d\u2019un capital.<\/p>\n<p><iframe loading=\"lazy\" title=\"Comment bien pr\u00e9parer sa retraite ?\" width=\"500\" height=\"281\" src=\"https:\/\/www.youtube.com\/embed\/nZ79Bmawt_M?feature=oembed\" frameborder=\"0\" allow=\"accelerometer; autoplay; clipboard-write; encrypted-media; gyroscope; picture-in-picture; web-share\" referrerpolicy=\"strict-origin-when-cross-origin\" allowfullscreen><\/iframe><\/p>\n<div class=\"fragmentconditionne\" style=\"text-align: justify;\">\n<div class=\"liste\">\n<div class=\"fragmentconditionne\">\n<div class=\"liste\">\n<div style=\"text-align: justify;\">\n<div class=\"content-fiche\">\n<h1>Le calcul de la pension pour les salari\u00e9s du priv\u00e9<\/h1>\n<h2>Quelle est la formule de calcul de la retraite dans le priv\u00e9 ?<\/h2>\n<p>Dans le secteur priv\u00e9, la retraite de base est calcul\u00e9e selon la formule suivante :<\/p>\n<p><b>Salaire annuel moyen \u00d7 Taux de liquidation \u00d7 (Nombre de trimestres valid\u00e9s \/ Nombre de trimestres requis)<\/b><\/p>\n<div class='shortcode tips'><div class='title'>Exemple<\/div><div class='content'>Si votre salaire annuel moyen est de<b> 25 000 \u20ac<\/b>, que votre taux de liquidation est de<b> 50 %<\/b>, et que vous avez valid\u00e9 <b>160<\/b> trimestres sur les<b> 172<\/b> requis, le calcul sera le suivant :<\/p>\n<p><b>25 000 \u20ac \u00d7 50 % \u00d7 (160 \/ 172) = 7 325,58 \u20ac <\/b>par an, soit environ<b> 610 \u20ac<\/b> par mois.<\/div><\/div>\n<h2>Quels sont les \u00e9l\u00e9ments pris en compte dans le calcul de la retraite du secteur priv\u00e9 ?<\/h2>\n<h3>Le revenu annuel moyen<\/h3>\n<p>Le revenu annuel moyen correspond \u00e0 la moyenne des <b>25 meilleures ann\u00e9es de revenus<\/b> au cours de votre carri\u00e8re. Ces revenus sont ensuite revaloris\u00e9s gr\u00e2ce \u00e0 des coefficients pour tenir compte de l\u2019inflation.<br \/>\nLe nombre d\u2019ann\u00e9es civiles retenues pour cette moyenne d\u00e9pend de votre ann\u00e9e de naissance. Si vous avez cotis\u00e9 \u00e0 plusieurs r\u00e9gimes, les meilleures ann\u00e9es sont r\u00e9parties au <b>prorata <\/b>de la dur\u00e9e d\u2019assurance dans chaque r\u00e9gime.<br \/>\nCertaines ann\u00e9es ne sont pas prises en compte, notamment :<\/p>\n<ul>\n<li aria-level=\"1\">Celles o\u00f9 les revenus ne valident pas de trimestres,<\/li>\n<li aria-level=\"1\">Les ann\u00e9es avec certains rachats de trimestres,<\/li>\n<li aria-level=\"1\">L\u2019ann\u00e9e de d\u00e9part \u00e0 la retraite.<\/li>\n<\/ul>\n<h3>Le taux appliqu\u00e9 au revenu annuel moyen<\/h3>\n<p>Le taux de calcul de votre retraite d\u00e9pend de plusieurs facteurs :<\/p>\n<ul>\n<li aria-level=\"1\">Votre <b>\u00e2ge <\/b>au moment du d\u00e9part,<\/li>\n<li aria-level=\"1\">Votre<b> situation personnelle<\/b> (handicap, invalidit\u00e9, etc.),<\/li>\n<li aria-level=\"1\">Votre<b> dur\u00e9e d\u2019assurance <\/b>(<a href=\"https:\/\/www.mes-allocs.fr\/guides\/retraite\/calcul-retraite\/nombre-de-trimestre-pour-la-retraite\/\">nombre de trimestres valid\u00e9s<\/a>).<\/li>\n<\/ul>\n<p>Le taux maximum, appel\u00e9 <b>taux plein<\/b>, est de 50 %. Vous pouvez l\u2019obtenir d\u00e8s 64 ans si vous avez valid\u00e9 le nombre de trimestres requis.<br \/>\nSi vous ne r\u00e9unissez pas ces conditions, le taux est r\u00e9duit. Il est toutefois possible de :<\/p>\n<ul>\n<li aria-level=\"1\">Continuer \u00e0 travailler pour valider des trimestres suppl\u00e9mentaires,<\/li>\n<li aria-level=\"1\">Retarder votre d\u00e9part \u00e0 la retraite jusqu\u2019\u00e0 l\u2019\u00e2ge du taux plein automatique (entre 65 et 67 ans selon votre ann\u00e9e de naissance),<\/li>\n<li aria-level=\"1\">B\u00e9n\u00e9ficier du taux plein avant 62 ans et 9 mois dans certains cas sp\u00e9cifiques (inaptitude, invalidit\u00e9, m\u00e8re de famille ouvri\u00e8re, ancien combattant, etc.).<\/li>\n<\/ul>\n<div class='cta-block'><div class='text'>Simulez votre retraite en 2 min.<\/div><a href='https:\/\/www.mes-allocs.fr\/formulaire\/retraite?utm_source=seo&origin=guides\/wp-json\/wp\/v2\/posts\/52459' class='app-button fit'>Simulation gratuite<\/a><\/div>\n<h3>La dur\u00e9e d\u2019assurance<\/h3>\n<p>La dur\u00e9e d\u2019assurance est exprim\u00e9e en trimestres. Vous pouvez valider jusqu\u2019\u00e0 4 trimestres par an. Pour b\u00e9n\u00e9ficier d\u2019une retraite \u00e0 taux plein, vous devez justifier entre <b>150 et 172 trimestres<\/b>, selon votre ann\u00e9e de naissance.<br \/>\nLes trimestres peuvent \u00eatre acquis par :<\/p>\n<ul>\n<li aria-level=\"1\">Activit\u00e9 salari\u00e9e ou ind\u00e9pendante ayant donn\u00e9 lieu \u00e0 cotisations,<\/li>\n<li aria-level=\"1\">P\u00e9riodes assimil\u00e9es (maladie, maternit\u00e9, ch\u00f4mage indemnis\u00e9, etc.),<\/li>\n<li aria-level=\"1\">Rachats,<\/li>\n<li aria-level=\"1\">P\u00e9riodes valid\u00e9es par pr\u00e9somption.<\/li>\n<\/ul>\n<p>Certaines situations permettent de b\u00e9n\u00e9ficier de <b>trimestres suppl\u00e9mentaires<\/b>, comme :<\/p>\n<ul>\n<li aria-level=\"1\">La naissance ou l\u2019\u00e9ducation d\u2019un enfant,<\/li>\n<li aria-level=\"1\">Un cong\u00e9 parental,<\/li>\n<li aria-level=\"1\">L&rsquo;\u00e9ducation d\u2019un enfant handicap\u00e9,<br \/>\nLe d\u00e9part \u00e0 la retraite au-del\u00e0 de l\u2019\u00e2ge du taux plein automatique,<\/li>\n<li aria-level=\"1\">La prise en charge permanente d\u2019un adulte handicap\u00e9.<\/li>\n<\/ul>\n<p>Ces trimestres suppl\u00e9mentaires figurent sur le <b>relev\u00e9 de carri\u00e8re<\/b> lors de l\u2019attribution de la retraite, mais ne donnent pas toujours droit \u00e0 certains dispositifs sp\u00e9cifiques.<\/p>\n<h2>La retraite \u00e0 taux plein vs. taux minor\u00e9<\/h2>\n<p>Le taux plein correspond au taux maximum de <b>50 % <\/b>appliqu\u00e9 au revenu annuel moyen. Il permet de b\u00e9n\u00e9ficier d\u2019une retraite compl\u00e8te, sans d\u00e9cote. Pour y avoir droit, vous devez :<\/p>\n<ul>\n<li aria-level=\"1\">Avoir atteint 64 ans<\/li>\n<li aria-level=\"1\">Et avoir valid\u00e9 le nombre de trimestres requis selon votre ann\u00e9e de naissance (entre 150 et 172 trimestres).<\/li>\n<\/ul>\n<p>Vous pouvez aussi b\u00e9n\u00e9ficier du taux plein avant cet \u00e2ge dans certains cas sp\u00e9cifiques :<\/p>\n<ul>\n<li aria-level=\"1\">Inaptitude au travail,<\/li>\n<li aria-level=\"1\">Invalidit\u00e9 ou handicap reconnu (taux d\u2019incapacit\u00e9 permanente d\u2019au moins 50 %),<\/li>\n<li aria-level=\"1\">M\u00e8re de famille ouvri\u00e8re,<\/li>\n<li aria-level=\"1\">Ancien combattant.<\/li>\n<\/ul>\n<p>Si vous partez \u00e0 la retraite <b>sans avoir valid\u00e9 tous vos trimestres<\/b>, un <b>taux minor\u00e9<\/b> vous sera appliqu\u00e9. Cela signifie que le pourcentage utilis\u00e9 pour calculer votre pension sera inf\u00e9rieur \u00e0 50 %, ce qui r\u00e9duit le montant de votre retraite. Cette <b>d\u00e9cote<\/b> d\u00e9pend :<\/p>\n<ul>\n<li aria-level=\"1\">Du <b>nombre de trimestres manquants<\/b>,<\/li>\n<li aria-level=\"1\">Et de votre \u00e2ge au moment du d\u00e9part.<\/li>\n<\/ul>\n<p>La d\u00e9cote est temporaire si vous poursuivez votre activit\u00e9 jusqu\u2019\u00e0 valider tous vos trimestres ou atteignez l\u2019\u00e2ge du <b>taux plein automatique<\/b> (67 ans).<\/p>\n<div>\n<h2>Le cumul emploi-retraite<\/h2>\n<p>Le cumul emploi-retraite permet de reprendre une activit\u00e9 professionnelle tout en percevant sa pension de retraite.<\/p>\n<p>Deux types de cumul existent :<\/p>\n<ul>\n<li aria-level=\"1\"><b>Cumul lib\u00e9ralis\u00e9 (sans plafond)<\/b> : possible si vous avez atteint l\u2019\u00e2ge l\u00e9gal de la retraite (64 ans), rempli les conditions du <b>taux plein<\/b> et <b>liquid\u00e9 toutes vos retraites<\/b> (base et compl\u00e9mentaire). Vous pouvez alors percevoir int\u00e9gralement votre pension <b>sans limite de revenus<\/b>.<\/li>\n<li aria-level=\"1\"><b>Cumul plafonn\u00e9<\/b> : si vous ne remplissez pas les conditions du taux plein, le total pension + revenu d\u2019activit\u00e9 <b>ne doit pas d\u00e9passer 160 % du SMIC<\/b> ou votre dernier salaire. En cas de d\u00e9passement, votre pension est <b>partiellement suspendue<\/b>.<\/li>\n<\/ul>\n<h1>Montants minimums et maximaux de la retraite dans le priv\u00e9<\/h1>\n<h2>Quel est le montant minimum d&rsquo;une pension de retraite dans le priv\u00e9 ?<\/h2>\n<p>Dans le secteur priv\u00e9, si vous partez \u00e0 la retraite <b>\u00e0 taux plein<\/b> et que le total de vos pensions (base + compl\u00e9mentaire) est <b>inf\u00e9rieur \u00e0 1 410,89 \u20ac brut par mois<\/b>, vous pouvez b\u00e9n\u00e9ficier du <b>minimum contributif<\/b>.<\/p>\n<ul>\n<li aria-level=\"1\">Avec <b>tous vos trimestres cotis\u00e9s<\/b> : minimum de <b>903,93 \u20ac brut\/mois<\/b>.<\/li>\n<li aria-level=\"1\">Avec <b>moins de 120 trimestres cotis\u00e9s<\/b> : minimum de <b>756,29 \u20ac brut\/mois<\/b>, <b>major\u00e9<\/b> si vous avez plus de 120 trimestres.<\/li>\n<\/ul>\n<p>Le <b>minimum contributif est ajust\u00e9<\/b> pour ne jamais faire d\u00e9passer le plafond de 1 410,89 \u20ac. Il est <b>attribu\u00e9 automatiquement<\/b> si vous remplissez les conditions.<\/p>\n<h2>Quel est le montant maximum d&rsquo;une pension de retraite dans le priv\u00e9 ?<\/h2>\n<p>Dans le secteur priv\u00e9, le montant de la <b>retraite de base<\/b> vers\u00e9e par l\u2019<b>Assurance retraite<\/b> ne peut pas d\u00e9passer <b>50 % du plafond de la S\u00e9curit\u00e9 sociale<\/b> de l\u2019ann\u00e9e de d\u00e9part. En 2026, cela correspond \u00e0 un maximum de <b>2 002,50 \u20ac brut par mois<\/b>. Toutefois, ce montant peut \u00eatre <b>d\u00e9pass\u00e9<\/b> si vous b\u00e9n\u00e9ficiez d\u2019une <b>surcote<\/b>, c\u2019est-\u00e0-dire si vous continuez \u00e0 travailler apr\u00e8s l\u2019\u00e2ge l\u00e9gal en ayant tous vos trimestres.<\/p>\n<h1>Comment estimer le montant de votre retraite dans le priv\u00e9 ?<\/h1>\n<p>Pour <b>estimer le montant de votre retraite dans le priv\u00e9<\/b>, utilisez le <b>simulateur Mes Allocs<\/b>. Cet outil vous permet d\u2019obtenir une <b>estimation personnalis\u00e9e<\/b> et fiable.<\/p>\n<p><b>Le simulateur Mes Allocs<\/b> offre plusieurs avantages :<\/p>\n<ul>\n<li aria-level=\"1\">Simple et rapide \u00e0 utiliser<\/li>\n<li aria-level=\"1\">Accessible en ligne gratuitement<\/li>\n<li aria-level=\"1\">Prend en compte votre situation r\u00e9elle<\/li>\n<li aria-level=\"1\">Permet de comparer plusieurs sc\u00e9narios de d\u00e9part<\/li>\n<\/ul>\n<p>Pour pr\u00e9parer votre simulation, munissez-vous des \u00e9l\u00e9ments suivants :<\/p>\n<ul>\n<li aria-level=\"1\">Vos <b>bulletins de salaire<\/b><\/li>\n<li aria-level=\"1\">Votre <b>relev\u00e9 de carri\u00e8re<\/b><\/li>\n<li aria-level=\"1\">Votre <b>ann\u00e9e de naissance<\/b><\/li>\n<li aria-level=\"1\">Le nombre de <b>trimestres valid\u00e9s<\/b> dans chaque r\u00e9gime<\/li>\n<\/ul>\n<div class='cta-block'><div class='text'>Simulez votre retraite en 2 min.<\/div><a href='https:\/\/www.mes-allocs.fr\/formulaire\/retraite?utm_source=seo&origin=guides\/wp-json\/wp\/v2\/posts\/52459' class='app-button fit'>Simulation gratuite<\/a><\/div>\n<h1>\u00c0 quelle date le montant de la retraite dans le priv\u00e9 augmente-t-il ?<\/h1>\n<p>Les <b>pensions de retraite de base<\/b> dans le priv\u00e9, vers\u00e9es par l\u2019Assurance Retraite, sont <b>revaloris\u00e9es chaque ann\u00e9e au 1er janvier<\/b>. Apr\u00e8s une hausse de 2,2 % au d\u00e9but de l\u2019ann\u00e9e 2025, la prochaine augmentation a eu lieu le <b>1er janvier 2026<\/b>. Cette revalorisation de 0,9% concerne environ <b>17 millions de retrait\u00e9s<\/b> et permet d\u2019ajuster les montants \u00e0 l\u2019inflation.<\/p>\n<div class='shortcode summary'><div class='title'>En r\u00e9sum\u00e9 :<\/div><div class='content'><ul><li>Le calcul de la retraite est bas\u00e9 sur la formule <i>salaire annuel moyen \u00d7 taux de liquidation \u00d7 (trimestres valid\u00e9s \/ trimestres requis)<\/i>.<\/li><li>Le taux plein (50 %) s\u2019obtient \u00e0 64 ans avec tous les trimestres requis (150 \u00e0 172 selon l\u2019ann\u00e9e de naissance), sinon une d\u00e9cote est appliqu\u00e9e.\n<\/li><li>Le minimum contributif \u00e0 partir de 903,93 \u20ac brut\/mois et le maximum de la retraite de base \u00e0 2 002,50 \u20ac brut\/mois en 2026.<\/li><li>Notre simulateur Mes Allocs, en ligne et gratuit, permet d\u2019estimer votre future pension selon votre carri\u00e8re et vos choix de d\u00e9part.<\/li><\/ul><\/div><\/div>\n<\/div>\n<\/div>\n<\/div>\n<\/div>\n<\/div>\n<\/div>\n<\/div>\n","protected":false},"excerpt":{"rendered":"<p>[Mis \u00e0 jour le 04\/03\/2026] Le montant de votre retraite r\u00e9sulte de nombreux calculs bas\u00e9s sur diff\u00e9rents crit\u00e8res. Plusieurs conditions doivent \u00eatre remplies pour en d\u00e9terminer le montant exact. Par ailleurs, le calcul de la retraite diff\u00e8re selon que vous travaillez dans le secteur public ou priv\u00e9. Dans cet article, Mes Allocs vous explique en [&hellip;]<\/p>\n","protected":false},"author":13,"featured_media":52481,"comment_status":"closed","ping_status":"open","sticky":false,"template":"","format":"standard","meta":{"amp_status":"","footnotes":""},"categories":[21738,19177],"tags":[],"class_list":["post-52459","post","type-post","status-publish","format-standard","has-post-thumbnail","hentry","category-calcul-retraite","category-retraite"],"yoast_head":"<!-- This site is optimized with the Yoast SEO plugin v14.9 - https:\/\/yoast.com\/wordpress\/plugins\/seo\/ -->\n<title>Calcul retraite salari\u00e9 du secteur priv\u00e9 : estimez votre pension<\/title>\n<meta name=\"description\" content=\"Le montant de votre retraite varient selon si vous travaillez dans le secteur public ou priv\u00e9. On vous explique comment le calculer.\" \/>\n<meta name=\"robots\" content=\"index, follow, max-snippet:-1, max-image-preview:large, max-video-preview:-1\" \/>\n<link rel=\"canonical\" href=\"https:\/\/www.mes-allocs.fr\/guides\/retraite\/calcul-retraite\/calcul-retraite-prive\/\" \/>\n<meta property=\"og:locale\" content=\"fr_FR\" \/>\n<meta property=\"og:type\" content=\"article\" \/>\n<meta property=\"og:title\" content=\"Calcul retraite salari\u00e9 du secteur priv\u00e9 : estimez votre pension\" \/>\n<meta property=\"og:description\" content=\"Le montant de votre retraite varient selon si vous travaillez dans le secteur public ou priv\u00e9. On vous explique comment le calculer.\" \/>\n<meta property=\"og:url\" content=\"https:\/\/www.mes-allocs.fr\/guides\/retraite\/calcul-retraite\/calcul-retraite-prive\/\" \/>\n<meta property=\"og:site_name\" content=\"Mes-Allocs.fr\" \/>\n<meta property=\"article:published_time\" content=\"2022-08-11T15:29:11+00:00\" \/>\n<meta property=\"article:modified_time\" content=\"2026-03-04T17:09:42+00:00\" \/>\n<meta property=\"og:image\" content=\"https:\/\/www.mes-allocs.fr\/guides\/wp-content\/uploads\/2022\/06\/mediamodifier-I3HPUolh5hA-unsplash-e1654795177880.jpg?wsr\" \/>\n\t<meta property=\"og:image:width\" content=\"1920\" \/>\n\t<meta property=\"og:image:height\" content=\"552\" \/>\n<meta name=\"twitter:card\" content=\"summary_large_image\" \/>\n<script type=\"application\/ld+json\" class=\"yoast-schema-graph\">{\"@context\":\"https:\/\/schema.org\",\"@graph\":[{\"@type\":\"WebSite\",\"@id\":\"https:\/\/www.mes-allocs.fr\/guides\/#website\",\"url\":\"https:\/\/www.mes-allocs.fr\/guides\/\",\"name\":\"Mes-Allocs.fr\",\"description\":\"\",\"potentialAction\":[{\"@type\":\"SearchAction\",\"target\":\"https:\/\/www.mes-allocs.fr\/guides\/?s={search_term_string}\",\"query-input\":\"required name=search_term_string\"}],\"inLanguage\":\"fr-FR\"},{\"@type\":\"ImageObject\",\"@id\":\"https:\/\/www.mes-allocs.fr\/guides\/retraite\/calcul-retraite\/calcul-retraite-prive\/#primaryimage\",\"inLanguage\":\"fr-FR\",\"url\":\"https:\/\/www.mes-allocs.fr\/guides\/wp-content\/uploads\/2022\/06\/mediamodifier-I3HPUolh5hA-unsplash-e1654795177880.jpg?wsr\",\"width\":1920,\"height\":552,\"caption\":\"calcul retraite priv\\u00e9\"},{\"@type\":\"WebPage\",\"@id\":\"https:\/\/www.mes-allocs.fr\/guides\/retraite\/calcul-retraite\/calcul-retraite-prive\/#webpage\",\"url\":\"https:\/\/www.mes-allocs.fr\/guides\/retraite\/calcul-retraite\/calcul-retraite-prive\/\",\"name\":\"Calcul retraite salari\\u00e9 du secteur priv\\u00e9 : estimez votre pension\",\"isPartOf\":{\"@id\":\"https:\/\/www.mes-allocs.fr\/guides\/#website\"},\"primaryImageOfPage\":{\"@id\":\"https:\/\/www.mes-allocs.fr\/guides\/retraite\/calcul-retraite\/calcul-retraite-prive\/#primaryimage\"},\"datePublished\":\"2022-08-11T15:29:11+00:00\",\"dateModified\":\"2026-03-04T17:09:42+00:00\",\"author\":{\"@id\":\"https:\/\/www.mes-allocs.fr\/guides\/#\/schema\/person\/c22c1269332026958a3b5505f80b5404\"},\"description\":\"Le montant de votre retraite varient selon si vous travaillez dans le secteur public ou priv\\u00e9. On vous explique comment le calculer.\",\"inLanguage\":\"fr-FR\"},{\"@type\":\"Person\",\"@id\":\"https:\/\/www.mes-allocs.fr\/guides\/#\/schema\/person\/c22c1269332026958a3b5505f80b5404\",\"name\":\"Flavien Fritz\",\"image\":{\"@type\":\"ImageObject\",\"@id\":\"https:\/\/www.mes-allocs.fr\/guides\/#personlogo\",\"inLanguage\":\"fr-FR\",\"url\":\"https:\/\/www.mes-allocs.fr\/guides\/wp-content\/uploads\/2021\/11\/Flavien-1-150x150.png\",\"caption\":\"Flavien Fritz\"},\"description\":\"Flavien est r\\u00e9dacteur au sein de l'\\u00e9quipe Mes Allocs, sp\\u00e9cialis\\u00e9 en droit priv\\u00e9. Dipl\\u00f4m\\u00e9 de l'Institut Catholique de Vend\\u00e9e, il rejoint Mes Allocs apr\\u00e8s une premi\\u00e8re exp\\u00e9rience entrepreneuriale.\",\"sameAs\":[\"https:\/\/fr.linkedin.com\/in\/flavienfritz\"]}]}<\/script>\n<!-- \/ Yoast SEO plugin. -->","amp_validity":null,"acf":{"faq":{"1":{"question":"Quel est l'\u00e2ge de d\u00e9part \u00e0 la retraite ?","answer":"L'\u00e2ge l\u00e9gal \u00e0 partir duquel vous avez le droit de prendre votre retraite est fix\u00e9 \u00e0\u00a062 ans et 9 mois. L'\u00e2ge l\u00e9gal varie en fonction de votre ann\u00e9e de naissance.  \r\n"},"2":{"question":"Quelles sont les caisses de retraite pour le secteur priv\u00e9 ?","answer":"L'Assurance retraite de la S\u00e9curit\u00e9 sociale est votre retraite de base\u00a0et l'Agirc-Arrco est votre\u00a0retraite compl\u00e9mentaire.\r\n\r\n"},"3":{"question":"Comment faire sa demande de retraite ?","answer":"Vous pouvez faire une demande de retraite\u00a0unique\u00a0en ligne sur le site\u00a0Info retraite\u00a0.\r\n"},"4":{"question":"Quand est vers\u00e9e la pension de retraite ?","answer":"La pension de retraite de base de l'Assurance vieillesse du r\u00e9gime g\u00e9n\u00e9ral de la S\u00e9curit\u00e9 sociale est vers\u00e9e chaque mois.\r\n"},"5":{"question":"","answer":""},"6":{"question":"","answer":""},"7":{"question":"","answer":""},"8":{"question":"","answer":""},"9":{"question":"","answer":""},"10":{"question":"","answer":""},"11":{"question":"","answer":""},"12":{"question":"","answer":""},"13":{"question":"","answer":""},"14":{"question":"","answer":""},"15":{"question":"","answer":""},"16":{"question":"","answer":""}}},"_links":{"self":[{"href":"https:\/\/www.mes-allocs.fr\/guides\/wp-json\/wp\/v2\/posts\/52459","targetHints":{"allow":["GET"]}}],"collection":[{"href":"https:\/\/www.mes-allocs.fr\/guides\/wp-json\/wp\/v2\/posts"}],"about":[{"href":"https:\/\/www.mes-allocs.fr\/guides\/wp-json\/wp\/v2\/types\/post"}],"author":[{"embeddable":true,"href":"https:\/\/www.mes-allocs.fr\/guides\/wp-json\/wp\/v2\/users\/13"}],"replies":[{"embeddable":true,"href":"https:\/\/www.mes-allocs.fr\/guides\/wp-json\/wp\/v2\/comments?post=52459"}],"version-history":[{"count":24,"href":"https:\/\/www.mes-allocs.fr\/guides\/wp-json\/wp\/v2\/posts\/52459\/revisions"}],"predecessor-version":[{"id":110152,"href":"https:\/\/www.mes-allocs.fr\/guides\/wp-json\/wp\/v2\/posts\/52459\/revisions\/110152"}],"wp:featuredmedia":[{"embeddable":true,"href":"https:\/\/www.mes-allocs.fr\/guides\/wp-json\/wp\/v2\/media\/52481"}],"wp:attachment":[{"href":"https:\/\/www.mes-allocs.fr\/guides\/wp-json\/wp\/v2\/media?parent=52459"}],"wp:term":[{"taxonomy":"category","embeddable":true,"href":"https:\/\/www.mes-allocs.fr\/guides\/wp-json\/wp\/v2\/categories?post=52459"},{"taxonomy":"post_tag","embeddable":true,"href":"https:\/\/www.mes-allocs.fr\/guides\/wp-json\/wp\/v2\/tags?post=52459"}],"curies":[{"name":"wp","href":"https:\/\/api.w.org\/{rel}","templated":true}]}}