{"id":52282,"date":"2022-08-11T17:18:46","date_gmt":"2022-08-11T15:18:46","guid":{"rendered":"https:\/\/www.mes-allocs.fr\/guides\/?p=52282"},"modified":"2026-02-11T18:06:45","modified_gmt":"2026-02-11T17:06:45","slug":"retraite-enseignant","status":"publish","type":"post","link":"https:\/\/www.mes-allocs.fr\/guides\/retraite\/retraite-par-metier\/retraite-enseignant\/","title":{"rendered":"Retraite enseignant : \u00e2ge, montant, d\u00e9marches"},"content":{"rendered":"<p><img loading=\"lazy\" decoding=\"async\" title=\"retraite enseignant\" src=\"https:\/\/www.mes-allocs.fr\/guides\/wp-content\/uploads\/2022\/06\/tra-nguyen-TVSRWmnW8Us-unsplash-e1693810861517.jpg\" alt=\"retraite enseignant\" width=\"1920\" height=\"460\" \/><\/p>\n<p>[Mis \u00e0 jour le 11\/02\/2026] La retraite en France est accessible \u00e0 tout le monde peu importe le m\u00e9tier et le secteur dans lequel vous exercez. Concernant les enseignants, certaines dispositions sont particuli\u00e8res par rapport aux r\u00e8gles g\u00e9n\u00e9rales car ils peuvent relever d\u2019un <a href=\"https:\/\/www.mes-allocs.fr\/guides\/retraite\/retraite-par-metier\/\">r\u00e9gime de retraite sp\u00e9cial<\/a>. Mes Allocs vous d\u00e9taille les modalit\u00e9s d&rsquo;une <strong>retraite d&rsquo;enseignant<\/strong>.<\/p>\n<div class='cta-block'><div class='text'>Simulez votre retraite en 2 min.<\/div><a href='https:\/\/www.mes-allocs.fr\/formulaire\/retraite?utm_source=seo&origin=guides\/wp-json\/wp\/v2\/posts\/52282' class='app-button fit'>Simulation gratuite<\/a><\/div>\n<div>\n<div>\n<h1>Comprendre les diff\u00e9rences de retraite entre enseignement public et priv\u00e9<\/h1>\n<h2>La retraite des enseignants fonctionnaires dans l\u2019enseignement public<\/h2>\n<p>La <a href=\"https:\/\/www.mes-allocs.fr\/guides\/retraite\/retraite-par-metier\/retraite-education-nationale\/\">retraite dans l\u2019\u00c9ducation nationale<\/a> est particuli\u00e8re, car des conditions diff\u00e9rentes s&rsquo;appliquent selon que l&rsquo;agent occupe un poste <b>s\u00e9dentaire ou actif<\/b>. La <b>pension est attribu\u00e9e automatiquement \u00e0 taux plein<\/b> \u00e0 l\u2019\u00e2ge limite, sauf exceptions (carri\u00e8re longue, handicap). Il faut <b>au moins 15 ans de service<\/b> pour une retraite de la fonction publique ; en dessous, les droits passent au <b>r\u00e9gime g\u00e9n\u00e9ral<\/b>.<\/p>\n<p>Les fonctionnaires titulaires (secteur public) rel\u00e8vent du <b>Service des retraites de l\u2019\u00c9tat (SRE)<\/b>. Leur pension est calcul\u00e9e sur les 6 derniers mois de traitement indiciaire, avec un taux plein \u00e0 75 % apr\u00e8s une carri\u00e8re compl\u00e8te.<\/p>\n<h2>La retraite des enseignants non titulaires ou du secteur priv\u00e9<\/h2>\n<p>Si vous \u00eates <b>en contrat<\/b> dans la fonction publique, cela est \u00e9galement appel\u00e9 \u201cnon titulaire\u201d, vous \u00eates affili\u00e9s pour votre retraite de base au <b>r\u00e9gime g\u00e9n\u00e9ral<\/b> de l\u2019assurance vieillesse de la s\u00e9curit\u00e9 sociale. Celui-ci est g\u00e9r\u00e9 par la <b>Caisse Nationale d\u2019Assurance Vieillesse (CNAV).<\/b><\/p>\n<p>Dans le cas o\u00f9 vous \u00eates employ\u00e9 par un <b>\u00e9tablissement priv\u00e9 sous contrat avec l\u2019\u00c9tat<\/b>, vous serez \u00e9galement affili\u00e9s pour votre retraite de base au r\u00e9gime g\u00e9n\u00e9ral de l\u2019assurance vieillesse de la s\u00e9curit\u00e9 sociale.<\/p>\n<h2>Quels sont les r\u00e9gimes de retraite compl\u00e9mentaire pour les enseignants ?<\/h2>\n<p>Les fonctionnaires de l\u2019\u00c9ducation nationale cotisent \u00e0 la <b>RAFP<\/b>,<b> un r\u00e9gime compl\u00e9mentaire \u00e0 points<\/b> bas\u00e9 sur les primes et indemnit\u00e9s. \u00c0 la retraite, les points sont convertis en pension (<strong>1,4596 \u20ac<\/strong><b>\/point en 2026<\/b>). <b>Moins de 5\u202f125 points<\/b> donnent droit \u00e0 un capital ( fractionn\u00e9), au-del\u00e0, \u00e0 une rente mensuelle revaloris\u00e9e. Pour en b\u00e9n\u00e9ficier, il faut \u00eatre admis \u00e0 la retraite du r\u00e9gime principal et faire la demande simultan\u00e9ment.<\/p>\n<p>Si vous \u00eates \u201cnon titulaire\u201d, vous d\u00e9pendez de <b>l\u2019IRCANTEC <\/b>(Institution de Retraite Compl\u00e9mentaire des Agents Non Titulaires de l\u2019\u00c9tat et des Collectivit\u00e9s Publiques).<\/p>\n<p>Et si vous \u00eates employ\u00e9 par un \u00e9tablissement priv\u00e9 sous contrat avec l&rsquo;Etat, votre retraite compl\u00e9mentaire d\u00e9pend de votre date d\u2019embauche. En effet, si vous avez \u00e9t\u00e9 embauch\u00e9 avant le 1er Janvier 2017, vous d\u00e9pendez de la caisse de retraite<b> Agirc-Arcco<\/b>. En revanche, si vous avez \u00e9t\u00e9 embauch\u00e9 apr\u00e8s le 1er Janvier 2017, vous relevez de <b>l\u2019IRCANTEC<\/b>. Il vous est \u00e9galement possible de b\u00e9n\u00e9ficier du r\u00e9gime temporaire de retraite appartenant \u00e0 l\u2019enseignement priv\u00e9 : le <b>RETREP <\/b>. S\u2019ajoute \u00e9galement le r\u00e9gime additionnel : le <b>RAR<\/b>.<\/p>\n<\/div>\n<\/div>\n<p><iframe loading=\"lazy\" src=\"\/\/www.youtube.com\/embed\/nZ79Bmawt_M\" width=\"560\" height=\"314\" allowfullscreen=\"allowfullscreen\"><\/iframe><\/p>\n<h1>Quel est l\u2019\u00e2ge de d\u00e9part \u00e0 la retraite pour les enseignants ?<\/h1>\n<h2>L&rsquo;\u00e2ge l\u00e9gal et l&rsquo;\u00e2ge limite<\/h2>\n<p>Pour les enseignants, l\u2019\u00e2ge l\u00e9gal pour un d\u00e9part \u00e0 la retraite est de<b> 64 ans<\/b>, et ce depuis le 1er Juillet 2023. Selon la carri\u00e8re que vous allez effectuer, vous pourrez atteindre le taux plein \u00e0 <b>64 ans<\/b> ou apr\u00e8s. Concernant l\u2019\u00e2ge limite de d\u00e9part \u00e0 la retraite dans la fonction publique, il est fix\u00e9 \u00e0 <b>67 ans<\/b> si vous \u00eates n\u00e9 en 1956 et apr\u00e8s.<\/p>\n<p>Dans le cas o\u00f9, en tant qu\u2019instituteur, vous avez int\u00e9gr\u00e9 le corps des professeurs des \u00e9coles avec au minimum <b>15 ann\u00e9es de services effectifs avant le 1er juillet 2011<\/b>, vous faites alors partie de la cat\u00e9gorie de fonctionnaire consid\u00e9r\u00e9e comme \u201cactive\u201d Cela signifie que vous pourrez partir \u00e0 la retraite \u00e0<b> 57 ans<\/b>.<\/p>\n<p>Depuis 2011, cette dur\u00e9e de service est de 17 ans.<\/p>\n<h2>Peut-on partir \u00e0 la retraite plus t\u00f4t dans l\u2019enseignement ?<\/h2>\n<p>La loi pr\u00e9voit certains dispositifs afin de pouvoir partir \u00e0 la retraite avant l\u2019\u00e2ge l\u00e9gal. Cela est possible dans plusieurs situations :<\/p>\n<ul>\n<li aria-level=\"1\">les cas d\u2019invalidit\u00e9 ;<\/li>\n<li aria-level=\"1\">en cas de carri\u00e8re longue (cela signifie d\u2019avoir commenc\u00e9 \u00e0 travailler<b> avant 20 ans <\/b>en plus d\u2019avoir le nombre de trimestres requis<b> avant ou \u00e0 60 ans)<\/b><\/li>\n<li aria-level=\"1\">si vous \u00eates parent d\u2019un enfant atteint d\u2019une infirmit\u00e9 ;<\/li>\n<li aria-level=\"1\">dans le cas o\u00f9 vous avez une infirmit\u00e9 ou une maladie incurable ;<\/li>\n<li aria-level=\"1\">si vous \u00eates atteint d\u2019une incapacit\u00e9 permanente d\u2019au moins <b>50 %<\/b><\/li>\n<\/ul>\n<div class='cta-block'><div class='text'>Simulez votre retraite en 2 min.<\/div><a href='https:\/\/www.mes-allocs.fr\/formulaire\/retraite?utm_source=seo&origin=guides\/wp-json\/wp\/v2\/posts\/52282' class='app-button fit'>Simulation gratuite<\/a><\/div>\n<h1>Comment est calcul\u00e9e la pension de retraite des enseignants ?<\/h1>\n<h2>Le traitement indiciaire brut<\/h2>\n<p>Ce traitement indiciaire brut correspond au montant de votre dernier salaire brut d\u00e9tenu pendant au moins<b> 6 mois<\/b> avant votre d\u00e9part. Celui-ci sert de base au calcul pour la retraite dans la fonction publique.<\/p>\n<h2>Le taux de liquidation de la pension<\/h2>\n<p>Si votre nombre de trimestres travaill\u00e9s pris en compte pour le calcul correspond au nombre de trimestres exig\u00e9s, vous b\u00e9n\u00e9ficierez du taux de liquidation de <b>75%<\/b>. Cela correspond donc \u00e0<b> 75%<\/b> de votre dernier salaire d\u00e9tenu pendant au moins 6 mois avant votre d\u00e9part \u00e0 la retraite.<\/p>\n<h2>La d\u00e9cote applicable en cas de trimestres manquants<\/h2>\n<p>Si vous n\u2019avez pas le <b>nombre de trimestres requis<\/b>, vous pouvez tout de m\u00eame obtenir une <b>retraite \u00e0 taux plein<\/b> en partant \u00e0 <b>67 ans<\/b>. Sinon, votre pension subit une <b>d\u00e9cote<\/b> de <b>1,25\u202f% par trimestre manquant<\/b>, soit <b>0,625 point sur le taux de 50\u202f%<\/b>. Votre caisse de retraite calcule le nombre de <b>trimestres manquants<\/b> selon deux m\u00e9thodes et <b>retient la plus favorable<\/b> pour vous.<\/p>\n<h1>Quel est le montant moyen de la retraite des enseignants en France ?<\/h1>\n<p>En <b>2026<\/b>, la <b>retraite moyenne<\/b> d\u2019un <b>enseignant titulaire<\/b> est d\u2019environ <b>2\u202f500 \u20ac bruts<\/b> par mois. Les <b>enseignants du second degr\u00e9<\/b> touchent davantage (environ <b>2\u202f850 \u20ac<\/b>), contre <b>2\u202f500 \u20ac<\/b> pour ceux du <b>premier degr\u00e9<\/b>. Les <b>agr\u00e9g\u00e9s<\/b> et <b>professeurs d\u2019universit\u00e9<\/b> per\u00e7oivent des pensions plus \u00e9lev\u00e9es. Toutefois, ces montants restent <b>indicatifs<\/b>, car chaque <b>carri\u00e8re est unique<\/b>. La pension ne peut pas \u00eatre <b>inf\u00e9rieure au minimum vieillesse garanti<\/b>.<\/p>\n<h1>Le minimum garanti dans la retraite enseignante<\/h1>\n<p>Lorsque vous percevez une <a href=\"https:\/\/www.mes-allocs.fr\/guides\/retraite\/retraite-par-metier\/retraite-fonctionnaire\/\">pension de retraite de fonctionnaire<\/a>, alors celle-ci ne peut pas \u00eatre inf\u00e9rieure \u00e0 un certain montant. Ce montant est appel\u00e9 le \u201cminimum garanti\u201d. Si le montant de votre pension de retraite de base de fonctionnaire est inf\u00e9rieur au minimum garanti, votre pension vous sera augment\u00e9e afin d\u2019atteindre ce montant.<\/p>\n<h2>Si vous avez moins de 15 ans de services<\/h2>\n<p>Le montant mensuel du minimum garanti qui vous est applicable est d\u00e9termin\u00e9 selon une formule d\u00e9finie : <b>1354,16 \u20ac<\/b> multipli\u00e9 par le nombre d\u2019ann\u00e9es de services ou le nombre de trimestres d\u2019assurance requis pour b\u00e9n\u00e9ficier d\u2019une retraite \u00e0 taux plein.<\/p>\n<h2>Si vous avez entre 15 et 39 ans de services<\/h2>\n<p>Le <b>montant du minimum garanti<\/b> d\u00e9pend de votre <b>dur\u00e9e de service<\/b> :<\/p>\n<ul>\n<li aria-level=\"1\">Jusqu\u2019\u00e0 <b>15 ans<\/b>, il correspond \u00e0 <b>57,5\u202f% du traitement indiciaire brut<\/b>.<\/li>\n<li aria-level=\"1\">De <b>15 \u00e0 30 ans<\/b>, ce taux augmente de <b>2,5 points par an<\/b>.<\/li>\n<li aria-level=\"1\">Entre <b>30 et 39 ans<\/b>, il progresse de <b>0,5 point par an<\/b>.<\/li>\n<\/ul>\n<h2>Si vous avez au moins 40 ans de services<\/h2>\n<p>Le montant du minimum garanti est de <b>1 354,16 \u20ac<\/b> par mois.<\/p>\n<h1>Quelles d\u00e9marches pour faire une demande de d\u00e9part en retraite ?<\/h1>\n<p>Il faut que votre demande soit d\u00e9pos\u00e9e<b> 6 mois par voie hi\u00e9rarchique avant la date de votre retraite. <\/b>\u00a0Il est cependant indispensable de terminer l\u2019ann\u00e9e en cours.<\/p>\n<p>Vous pouvez faire votre demande :<\/p>\n<ul>\n<li aria-level=\"1\">En ligne via Info Retraite (carri\u00e8re inter-r\u00e9gime)<\/li>\n<li aria-level=\"1\">Ou via ENSAP (carri\u00e8re dans la fonction publique)<\/li>\n<li aria-level=\"1\">Ou par courrier avec le formulaire EPR 11. Vous devez aussi demander votre radiation des cadres. Le Service des retraites de l\u2019\u00c9tat traite votre dossier et verse votre pension.<\/li>\n<\/ul>\n<h1>Cumul emploi-retraite dans l\u2019enseignement : comment \u00e7a se passe ?<\/h1>\n<p>Les <b>enseignants titulaires<\/b> peuvent cumuler leur retraite avec un revenu d\u2019activit\u00e9 dans le priv\u00e9 (salariat, ind\u00e9pendant\u2026) ou dans la fonction publique.<\/p>\n<ul>\n<li aria-level=\"1\">Le <b>cumul int\u00e9gral<\/b> est possible si vous avez liquid\u00e9 toutes vos pensions (base et compl\u00e9mentaire), atteint l\u2019\u00e2ge l\u00e9gal avec le nombre de trimestres requis, ou si vous percevez une retraite pour invalidit\u00e9.<\/li>\n<li aria-level=\"1\">Sinon, le <b>cumul est partiel<\/b> : si vos revenus d\u00e9passent un plafond (souvent le tiers de votre retraite annuelle brute), l\u2019exc\u00e9dent est d\u00e9duit de votre pension.<\/li>\n<\/ul>\n<p>En cas de reprise comme contractuel, votre pension continue. Si vous redevenez fonctionnaire titulaire, elle est suspendue, puis recalcul\u00e9e.<\/p>\n<div class='shortcode important'><div class='title'>Important<\/div><div class='content'>Cette reprise <b>n\u2019ouvre pas de nouveaux droits<\/b> \u00e0 la retraite.<\/div><\/div>\n<p>Pour les <b>enseignants non titulaires<\/b> (contractuels, vacataires, priv\u00e9), en cas de retraite \u00e0 taux plein, le cumul est sans plafond, avec possibilit\u00e9 de nouveaux droits selon les r\u00e9gimes. Sinon, un plafond s\u2019applique, souvent fix\u00e9 \u00e0 <b>1,6 \u00d7 le SMIC brut<\/b>.<\/p>\n<h1>Comment simuler votre retraite d\u2019enseignant ?<\/h1>\n<p>Pour estimer le montant de votre future retraite d\u2019enseignant, vous pouvez utiliser le <b>simulateur gratuit propos\u00e9 par Mes Allocs.<\/b> Il prend en compte votre statut (fonctionnaire ou non), votre carri\u00e8re et vos revenus pour vous donner une estimation personnalis\u00e9e et rapide en quelques clics.<\/p>\n<div class='cta-block'><div class='text'>Simulez votre retraite en 2 min.<\/div><a href='https:\/\/www.mes-allocs.fr\/formulaire\/retraite?utm_source=seo&origin=guides\/wp-json\/wp\/v2\/posts\/52282' class='app-button fit'>Simulation gratuite<\/a><\/div>\n","protected":false},"excerpt":{"rendered":"<p>[Mis \u00e0 jour le 11\/02\/2026] La retraite en France est accessible \u00e0 tout le monde peu importe le m\u00e9tier et le secteur dans lequel vous exercez. Concernant les enseignants, certaines dispositions sont particuli\u00e8res par rapport aux r\u00e8gles g\u00e9n\u00e9rales car ils peuvent relever d\u2019un r\u00e9gime de retraite sp\u00e9cial. Mes Allocs vous d\u00e9taille les modalit\u00e9s d&rsquo;une retraite [&hellip;]<\/p>\n","protected":false},"author":13,"featured_media":52450,"comment_status":"closed","ping_status":"open","sticky":false,"template":"","format":"standard","meta":{"amp_status":"","footnotes":""},"categories":[19177,21723],"tags":[],"class_list":["post-52282","post","type-post","status-publish","format-standard","has-post-thumbnail","hentry","category-retraite","category-retraite-par-metier"],"yoast_head":"<!-- This site is optimized with the Yoast SEO plugin v14.9 - https:\/\/yoast.com\/wordpress\/plugins\/seo\/ -->\n<title>Retraite enseignant : \u00e2ge, montant, d\u00e9marches | Mes-Allocs.fr<\/title>\n<meta name=\"description\" content=\"Vous \u00eates enseignant et vous pr\u00e9parez votre retraite ? On vous explique \u00e0 quel \u00e2ge partir, combien vous allez gagner et comment faire.\" \/>\n<meta name=\"robots\" content=\"index, follow, max-snippet:-1, max-image-preview:large, max-video-preview:-1\" \/>\n<link rel=\"canonical\" href=\"https:\/\/www.mes-allocs.fr\/guides\/retraite\/retraite-par-metier\/retraite-enseignant\/\" \/>\n<meta property=\"og:locale\" content=\"fr_FR\" \/>\n<meta property=\"og:type\" content=\"article\" \/>\n<meta property=\"og:title\" content=\"Retraite enseignant : \u00e2ge, montant, d\u00e9marches | Mes-Allocs.fr\" \/>\n<meta property=\"og:description\" content=\"Vous \u00eates enseignant et vous pr\u00e9parez votre retraite ? On vous explique \u00e0 quel \u00e2ge partir, combien vous allez gagner et comment faire.\" \/>\n<meta property=\"og:url\" content=\"https:\/\/www.mes-allocs.fr\/guides\/retraite\/retraite-par-metier\/retraite-enseignant\/\" \/>\n<meta property=\"og:site_name\" content=\"Mes-Allocs.fr\" \/>\n<meta property=\"article:published_time\" content=\"2022-08-11T15:18:46+00:00\" \/>\n<meta property=\"article:modified_time\" content=\"2026-02-11T17:06:45+00:00\" \/>\n<meta property=\"og:image\" content=\"https:\/\/www.mes-allocs.fr\/guides\/wp-content\/uploads\/2022\/06\/tra-nguyen-TVSRWmnW8Us-unsplash-e1693810861517.jpg?wsr\" \/>\n\t<meta property=\"og:image:width\" content=\"1920\" \/>\n\t<meta property=\"og:image:height\" content=\"460\" \/>\n<meta name=\"twitter:card\" content=\"summary_large_image\" \/>\n<script type=\"application\/ld+json\" class=\"yoast-schema-graph\">{\"@context\":\"https:\/\/schema.org\",\"@graph\":[{\"@type\":\"WebSite\",\"@id\":\"https:\/\/www.mes-allocs.fr\/guides\/#website\",\"url\":\"https:\/\/www.mes-allocs.fr\/guides\/\",\"name\":\"Mes-Allocs.fr\",\"description\":\"\",\"potentialAction\":[{\"@type\":\"SearchAction\",\"target\":\"https:\/\/www.mes-allocs.fr\/guides\/?s={search_term_string}\",\"query-input\":\"required name=search_term_string\"}],\"inLanguage\":\"fr-FR\"},{\"@type\":\"ImageObject\",\"@id\":\"https:\/\/www.mes-allocs.fr\/guides\/retraite\/retraite-par-metier\/retraite-enseignant\/#primaryimage\",\"inLanguage\":\"fr-FR\",\"url\":\"https:\/\/www.mes-allocs.fr\/guides\/wp-content\/uploads\/2022\/06\/tra-nguyen-TVSRWmnW8Us-unsplash-e1693810861517.jpg?wsr\",\"width\":1920,\"height\":460,\"caption\":\"retraite enseignant\"},{\"@type\":\"WebPage\",\"@id\":\"https:\/\/www.mes-allocs.fr\/guides\/retraite\/retraite-par-metier\/retraite-enseignant\/#webpage\",\"url\":\"https:\/\/www.mes-allocs.fr\/guides\/retraite\/retraite-par-metier\/retraite-enseignant\/\",\"name\":\"Retraite enseignant : \\u00e2ge, montant, d\\u00e9marches | Mes-Allocs.fr\",\"isPartOf\":{\"@id\":\"https:\/\/www.mes-allocs.fr\/guides\/#website\"},\"primaryImageOfPage\":{\"@id\":\"https:\/\/www.mes-allocs.fr\/guides\/retraite\/retraite-par-metier\/retraite-enseignant\/#primaryimage\"},\"datePublished\":\"2022-08-11T15:18:46+00:00\",\"dateModified\":\"2026-02-11T17:06:45+00:00\",\"author\":{\"@id\":\"https:\/\/www.mes-allocs.fr\/guides\/#\/schema\/person\/c22c1269332026958a3b5505f80b5404\"},\"description\":\"Vous \\u00eates enseignant et vous pr\\u00e9parez votre retraite ? On vous explique \\u00e0 quel \\u00e2ge partir, combien vous allez gagner et comment faire.\",\"inLanguage\":\"fr-FR\"},{\"@type\":\"Person\",\"@id\":\"https:\/\/www.mes-allocs.fr\/guides\/#\/schema\/person\/c22c1269332026958a3b5505f80b5404\",\"name\":\"Flavien Fritz\",\"image\":{\"@type\":\"ImageObject\",\"@id\":\"https:\/\/www.mes-allocs.fr\/guides\/#personlogo\",\"inLanguage\":\"fr-FR\",\"url\":\"https:\/\/www.mes-allocs.fr\/guides\/wp-content\/uploads\/2021\/11\/Flavien-1-150x150.png\",\"caption\":\"Flavien Fritz\"},\"description\":\"Flavien est r\\u00e9dacteur au sein de l'\\u00e9quipe Mes Allocs, sp\\u00e9cialis\\u00e9 en droit priv\\u00e9. Dipl\\u00f4m\\u00e9 de l'Institut Catholique de Vend\\u00e9e, il rejoint Mes Allocs apr\\u00e8s une premi\\u00e8re exp\\u00e9rience entrepreneuriale.\",\"sameAs\":[\"https:\/\/fr.linkedin.com\/in\/flavienfritz\"]}]}<\/script>\n<!-- \/ Yoast SEO plugin. -->","amp_validity":null,"acf":{"faq":{"1":{"question":"Comment sont consid\u00e9r\u00e9s les enseignants dans le domaine public ?","answer":"En tant qu'enseignant dans le public, vous \u00eates consid\u00e9r\u00e9 commeun fonctionnaire.\r\n\r\n"},"2":{"question":"Quel est l'\u00e2ge l\u00e9gal de d\u00e9part \u00e0 la retraite pour les enseignants ?","answer":"L'\u00e2ge de d\u00e9part \u00e0 la retraite d\u00e9pend de votre ann\u00e9e de naissance. \r\n"},"3":{"question":"Quel est l'\u00e2ge limite de d\u00e9part \u00e0 la retraite ?","answer":"Concernant l'\u2019\u00e2ge limite de d\u00e9part \u00e0 la retraite dans la fonction publique, il est fix\u00e9 \u00e0 67 ans si vous \u00eates n\u00e9 en 196 et apr\u00e8s.\r\n\r\n"},"4":{"question":"Quel est le montant moyen de la retraite pour un enseignant ?","answer":"En 2026, la retraite moyenne d\u2019un enseignant titulaire s\u2019\u00e9l\u00e8ve environ \u00e0 2 500 euros bruts.\r\n\r\n"},"5":{"question":"","answer":""},"6":{"question":"","answer":""},"7":{"question":"","answer":""},"8":{"question":"","answer":""},"9":{"question":"","answer":""},"10":{"question":"","answer":""},"11":{"question":"","answer":""},"12":{"question":"","answer":""},"13":{"question":"","answer":""},"14":{"question":"","answer":""},"15":{"question":"","answer":""},"16":{"question":"","answer":""}}},"_links":{"self":[{"href":"https:\/\/www.mes-allocs.fr\/guides\/wp-json\/wp\/v2\/posts\/52282","targetHints":{"allow":["GET"]}}],"collection":[{"href":"https:\/\/www.mes-allocs.fr\/guides\/wp-json\/wp\/v2\/posts"}],"about":[{"href":"https:\/\/www.mes-allocs.fr\/guides\/wp-json\/wp\/v2\/types\/post"}],"author":[{"embeddable":true,"href":"https:\/\/www.mes-allocs.fr\/guides\/wp-json\/wp\/v2\/users\/13"}],"replies":[{"embeddable":true,"href":"https:\/\/www.mes-allocs.fr\/guides\/wp-json\/wp\/v2\/comments?post=52282"}],"version-history":[{"count":23,"href":"https:\/\/www.mes-allocs.fr\/guides\/wp-json\/wp\/v2\/posts\/52282\/revisions"}],"predecessor-version":[{"id":108970,"href":"https:\/\/www.mes-allocs.fr\/guides\/wp-json\/wp\/v2\/posts\/52282\/revisions\/108970"}],"wp:featuredmedia":[{"embeddable":true,"href":"https:\/\/www.mes-allocs.fr\/guides\/wp-json\/wp\/v2\/media\/52450"}],"wp:attachment":[{"href":"https:\/\/www.mes-allocs.fr\/guides\/wp-json\/wp\/v2\/media?parent=52282"}],"wp:term":[{"taxonomy":"category","embeddable":true,"href":"https:\/\/www.mes-allocs.fr\/guides\/wp-json\/wp\/v2\/categories?post=52282"},{"taxonomy":"post_tag","embeddable":true,"href":"https:\/\/www.mes-allocs.fr\/guides\/wp-json\/wp\/v2\/tags?post=52282"}],"curies":[{"name":"wp","href":"https:\/\/api.w.org\/{rel}","templated":true}]}}