{"id":52179,"date":"2022-08-18T17:05:36","date_gmt":"2022-08-18T15:05:36","guid":{"rendered":"https:\/\/www.mes-allocs.fr\/guides\/?p=52179"},"modified":"2025-11-26T11:28:20","modified_gmt":"2025-11-26T10:28:20","slug":"reforme-des-retraites","status":"publish","type":"post","link":"https:\/\/www.mes-allocs.fr\/guides\/retraite\/reforme-des-retraites\/","title":{"rendered":"R\u00e9forme des retraites : est-elle suspendue pour 2026 ?"},"content":{"rendered":"<p style=\"text-align: justify;\"><img loading=\"lazy\" decoding=\"async\" class=\"aligncenter wp-image-52238 size-full\" title=\"r\u00e9forme des retraites\" src=\"https:\/\/www.mes-allocs.fr\/guides\/wp-content\/uploads\/2022\/06\/mikhail-pavstyuk-EKy2OTRPXdw-unsplash-e1761204130722.jpg\" alt=\"r\u00e9forme des retraites\" width=\"1917\" height=\"304\" \/><\/p>\n<p>[Mis \u00e0 jour le 26\/11\/2025] Depuis 1993, le syst\u00e8me de <a href=\"https:\/\/www.mes-allocs.fr\/guides\/retraite\/\">retraite<\/a> fran\u00e7ais a fait l\u2019objet de nombreuses r\u00e9formes. La derni\u00e8re date de 2023, o\u00f9 le pr\u00e9sident Emmanuel Macron a engag\u00e9 une nouvelle <b>r\u00e9forme des retraites<\/b>. Mais la possibilit\u00e9 d&rsquo;une suspension de cette r\u00e9forme, adopt\u00e9e par l&rsquo;Assembl\u00e9e nationale, a \u00e9t\u00e9 rejet\u00e9e par le S\u00e9nat. Ce blocage ouvre la voie \u00e0 une nouvelle navette parlementaire et maintient l&rsquo;incertitude pour les futurs retrait\u00e9s. Alors, qu&rsquo;est-ce que cela pourrait changer pour vous ? On vous explique !<\/p>\n<div class='cta-block'><div class='text'>Simulez votre retraite en 2 min.<\/div><a href='https:\/\/www.mes-allocs.fr\/formulaire\/retraite?utm_source=seo&origin=guides\/wp-json\/wp\/v2\/posts\/52179' class='app-button fit'>Simulation gratuite<\/a><\/div>\n<h1>La r\u00e9forme des retraites sur le point d&rsquo;\u00eatre suspendue ?<\/h1>\n<h2>Quelle est la situation en novembre 2025 ?<\/h2>\n<p>Face aux tensions politiques, le gouvernement a inscrit dans le <strong>Projet de Loi de Financement de la S\u00e9curit\u00e9 Sociale (PLFSS)<\/strong> pour 2026, un article (l&rsquo;article 45 bis) visant \u00e0 \u00ab\u00a0geler les effets\u00a0\u00bb ou \u00ab\u00a0suspendre\u00a0\u00bb la r\u00e9forme des retraites de 2023 <strong>jusqu&rsquo;au 1er janvier 2028<\/strong>.<\/p>\n<p>Voici ce qu&rsquo;il s&rsquo;est pass\u00e9 en novembre 2025 :<\/p>\n<ul>\n<li><strong>Le vote \u00e0 l&rsquo;Assembl\u00e9e nationale<\/strong> : le 12 novembre 2025, les d\u00e9put\u00e9s ont adopt\u00e9 largement la suspension de la r\u00e9forme des retraites (250 voix pour, 108 contre et 111 abstentions), avec les voix des groupes d&rsquo;opposition (socialistes, RN, \u00e9cologistes, communistes) et une partie de la majorit\u00e9.<\/li>\n<li><strong>Le rejet au S\u00e9nat<\/strong> : l&rsquo;article 45 bis, et l&rsquo;ensemble du PLFSS, a ensuite \u00e9t\u00e9 d\u00e9battu au S\u00e9nat, traditionnellement domin\u00e9 par une majorit\u00e9 de droite oppos\u00e9e \u00e0 la suspension. Le <strong>25 novembre 2025<\/strong>, une majorit\u00e9 de s\u00e9nateurs a supprim\u00e9 purement et simplement l&rsquo;article 45 bis sur la suspension (190 voix pour la suppression et 108 contre).<\/li>\n<\/ul>\n<p><div class='shortcode tips'><div class='title'>\u00c0 retenir<\/div><div class='content'>La\u00a0<strong>suspension de la r\u00e9forme est annul\u00e9e<\/strong> dans la version du texte du S\u00e9nat. Cela signifie que, sans accord \u00e0 venir, la r\u00e9forme des retraites de 2023 se poursuivra selon son calendrier initial. La mesure de report de l&rsquo;\u00e2ge l\u00e9gal de d\u00e9part \u00e0 la retraite \u00e0 64 ans et l&rsquo;acc\u00e9l\u00e9ration de la dur\u00e9e d&rsquo;assurance requise vers 172 trimestres (pour les nouvelles g\u00e9n\u00e9rations) restent donc le cadre l\u00e9gal en vigueur jusqu&rsquo;\u00e0 un vote d\u00e9finitif.<\/div><\/div><!-- notionvc: 9185e434-1787-4e64-ab90-79f40848439f --><\/p>\n<h2>Et maintenant ?<\/h2>\n<p>La suppression de l&rsquo;article par le S\u00e9nat n&rsquo;est pas la fin du processus. Le PLFSS 2026 doit maintenant faire la navette entre l&rsquo;Assembl\u00e9e nationale et le S\u00e9nat :<\/p>\n<ol>\n<li>Le texte, \u00e9pur\u00e9 de l&rsquo;article de suspension par le S\u00e9nat, va revenir \u00e0 l&rsquo;Assembl\u00e9e nationale.<\/li>\n<li>Les d\u00e9put\u00e9s pourront r\u00e9tablir l&rsquo;article 45 bis (suspension).<\/li>\n<li>Si le d\u00e9saccord persiste, une Commission Mixte Paritaire (CMP) sera convoqu\u00e9e pour tenter de trouver un compromis.<\/li>\n<\/ol>\n<p>En cas d&rsquo;\u00e9chec, le gouvernement a la possibilit\u00e9 d&rsquo;<strong>utiliser \u00e0 nouveau l&rsquo;article 49.3<\/strong> pour imposer le texte dans sa version initiale ou amend\u00e9e, ou, faute de vote dans les d\u00e9lais (avant le 12 d\u00e9cembre 2025), de le faire adopter par ordonnances.<\/p>\n<p>L&rsquo;issue finale est donc incertaine et d\u00e9pendra de la volont\u00e9 du gouvernement de r\u00e9tablir ou non cet article face \u00e0 l&rsquo;opposition du S\u00e9nat.<\/p>\n<h2>Qui serait concern\u00e9 par la suspension de la r\u00e9forme ?<\/h2>\n<p>Si la suspension de la r\u00e9forme est <strong>finalement adopt\u00e9e<\/strong> (par un r\u00e9tablissement par l&rsquo;Assembl\u00e9e nationale ou par l&rsquo;usage du 49.3), sui profiterait de cette suspension ?<\/p>\n<ul>\n<li><strong>Les personnes n\u00e9es en 1964<\/strong> : un d\u00e9part possible \u00e0 la retraite trois mois avant la date pr\u00e9vue (62 ans et 9 mois au lieu de 63 ans) \u00e0 partir du mois d\u2019octobre 2026.<\/li>\n<li><strong>Les personnes n\u00e9es en 1965<\/strong> : six mois de gagn\u00e9s si la suspension de la r\u00e9forme court bien jusqu&rsquo;\u00e0 fin 2027.<\/li>\n<li><strong>Les personnes n\u00e9es en 1966, 1967, 1968 et suivantes <\/strong>: elles b\u00e9n\u00e9ficieraient d&rsquo;un d\u00e9calage de la hausse de l&rsquo;\u00e2ge l\u00e9gal qui reprendrait en 2028.<\/li>\n<\/ul>\n<p>En revanche, si la suspension de la r\u00e9forme est <strong>d\u00e9finitivement rejet\u00e9e<\/strong> (la version actuelle du S\u00e9nat est maintenue) :<\/p>\n<ul>\n<li>Le calendrier de la r\u00e9forme de 2023 se poursuit sans interruption.<\/li>\n<li>Les g\u00e9n\u00e9rations concern\u00e9es devront faire face \u00e0 la hausse progressive de l&rsquo;\u00e2ge de d\u00e9part.<\/li>\n<\/ul>\n<h2>Ce qui changera pour vous si la suspension est adopt\u00e9e<\/h2>\n<p>Si <strong>vous \u00eates n\u00e9 en 1964 ou apr\u00e8s<\/strong>, surveillez les prochaines semaines ! Vous pourriez partir plus t\u00f4t \u00e0 la retraite si la suspension de la r\u00e9forme de 2023 est act\u00e9e. Cela fait jusqu\u2019\u00e0 six mois de gagn\u00e9s en fonction de votre ann\u00e9e de naissance, et aucune hausse de la dur\u00e9e de cotisation avant 2028.<\/p>\n<h2>Ce qui ne changera pas<\/h2>\n<p>Ces points restent valides, quelle que soit l&rsquo;issue du d\u00e9bat sur la suspension :<\/p>\n<ul>\n<li>Pour les carri\u00e8res longues, un d\u00e9part anticip\u00e9 est toujours possible si vous avez commenc\u00e9 votre activit\u00e9 jeune, selon les r\u00e8gles actuelles.<\/li>\n<li>Le compte professionnel de pr\u00e9vention (C2P) reste inchang\u00e9 : il continue de permettre aux salari\u00e9s expos\u00e9s \u00e0 des conditions de travail p\u00e9nibles d\u2019accumuler des points pour partir plus t\u00f4t \u00e0 la retraite, suivre une formation ou am\u00e9nager leur fin de carri\u00e8re.<\/li>\n<li>Les r\u00e9gimes sp\u00e9ciaux restent \u00e9galement concern\u00e9s : la r\u00e9forme de 2023 continue de pr\u00e9voir leur suppression progressive pour les nouveaux embauch\u00e9s, et la potentielle suspension ne remet pas en cause ce calendrier.<\/li>\n<\/ul>\n<div class='cta-block'><div class='text'>Simulez votre retraite en 2 min.<\/div><a href='https:\/\/www.mes-allocs.fr\/formulaire\/retraite?utm_source=seo&origin=guides\/wp-json\/wp\/v2\/posts\/52179' class='app-button fit'>Simulation gratuite<\/a><\/div>\n<h1>Comment est calcul\u00e9e la pension de retraite depuis la derni\u00e8re r\u00e9forme des retraites ?<\/h1>\n<h2>La formule de calcul de la pension de retraite<\/h2>\n<p>Le montant de la pension de retraite est d\u00e9termin\u00e9 par la<b> dur\u00e9e de cotisation<\/b>, le salaire moyen des meilleures ann\u00e9es (les <b>25 meilleures ann\u00e9es<\/b>, selon la r\u00e9forme de 1993), et les r\u00e9gimes de retraite. Si un salari\u00e9 a eu des p\u00e9riodes de salaire faible, seules ses meilleures ann\u00e9es seront prises en compte pour le calcul. Plus une personne cotise, plus sa pension sera \u00e9lev\u00e9e, \u00e0 condition de remplir les trimestres requis.<\/p>\n<p>Les actifs peuvent consulter leur <a href=\"https:\/\/www.mes-allocs.fr\/guides\/retraite\/releve-de-carriere\/\"><b>relev\u00e9 de carri\u00e8re<\/b><\/a> pour v\u00e9rifier les trimestres valid\u00e9s et les revenus pris en compte, afin de suivre l\u2019\u00e9volution de leurs droits \u00e0 la retraite et ajuster leur carri\u00e8re en cons\u00e9quence.<\/p>\n<h2>Majoration et minoration de la pension<\/h2>\n<p>Des dispositifs de <b>majoration <\/b>existent pour certains assur\u00e9s, comme les parents ayant eu des enfants, les carri\u00e8res longues ou les travailleurs handicap\u00e9s. Par exemple, des trimestres peuvent \u00eatre attribu\u00e9s pour la naissance d\u2019un enfant ou pour avoir \u00e9lev\u00e9 des enfants. Les carri\u00e8res longues permettent \u00e9galement d\u2019obtenir une<b> retraite \u00e0 taux plein <\/b>plus t\u00f4t, et des dispositifs existent pour les travailleurs handicap\u00e9s.<\/p>\n<p>Voici les 4 cas possibles si vous avez commenc\u00e9 \u00e0 travailler jeune :<\/p>\n<ul>\n<li>avant 16 ans : d\u00e9part \u00e0 58 ans.<\/li>\n<li>avant 18 ans : d\u00e9part \u00e0 60 ans.<\/li>\n<li>avant 20 ans : d\u00e9part \u00e0 62 ans.<\/li>\n<li>avant 21 ans : d\u00e9part \u00e0 63 ans.<\/li>\n<\/ul>\n<p>\u00c0 l&rsquo;inverse, partir \u00e0 la retraite avant d&rsquo;avoir valid\u00e9 tous les trimestres requis entra\u00eene une minoration de la pension. En pratique, <b>chaque trimestre manquant r\u00e9duit le montant de la pension de retraite<\/b>, ce qui peut avoir un impact consid\u00e9rable sur le niveau de vie des retrait\u00e9s.<\/p>\n<h1><b>L\u2019historique des r\u00e9formes de la retraite<\/b><\/h1>\n<h2><b>La r\u00e9forme de 1993<\/b><\/h2>\n<p>Cette r\u00e9forme a allong\u00e9 la dur\u00e9e de cotisation <b>de 37,5 \u00e0 40 ans<\/b> pour le secteur priv\u00e9 et modifi\u00e9 la base de calcul en prenant en compte les<b> 25 meilleures ann\u00e9es de salaire<\/b>, <b>contre 10 auparavant<\/b>. Ce changement a permis de mieux refl\u00e9ter les salaires r\u00e9els des travailleurs tout en \u00e9quilibrant le syst\u00e8me de retraite.<\/p>\n<h2><b>L\u2019\u00e9chec de la r\u00e9forme de 1995<\/b><\/h2>\n<p>Le gouvernement d&rsquo;Alain Jupp\u00e9 a tent\u00e9 de r\u00e9former les <a href=\"https:\/\/www.mes-allocs.fr\/guides\/retraite\/retraite-par-metier\/\">r\u00e9gimes de retraite sp\u00e9ciaux<\/a>, mais la forte mobilisation sociale a conduit \u00e0 son abandon. Les gr\u00e8ves massives et les manifestations ont fait reculer l&rsquo;ex\u00e9cutif, mais cette tentative a jet\u00e9 les bases des r\u00e9formes qui allaient suivre, notamment en mati\u00e8re de r\u00e9gimes sp\u00e9ciaux.<\/p>\n<h2><b>La r\u00e9forme de 2003<\/b><\/h2>\n<p>Cette r\u00e9forme a \u00e9tendu la dur\u00e9e de cotisation \u00e0<b> 41 ans<\/b> pour les fonctionnaires et introduit des mesures de p\u00e9nibilit\u00e9. Elle a \u00e9galement encourag\u00e9 le d\u00e9veloppement de dispositifs d\u2019<b>\u00e9pargne retraite compl\u00e9mentaire<\/b> pour aider les actifs \u00e0 mieux pr\u00e9parer leur d\u00e9part \u00e0 la retraite, afin de compenser les d\u00e9ficits futurs du syst\u00e8me de retraite public.<\/p>\n<h2><b>La r\u00e9forme de 2010<\/b><\/h2>\n<p>Mise en place sous la pr\u00e9sidence de Nicolas Sarkozy, cette r\u00e9forme a port\u00e9 l&rsquo;\u00e2ge l\u00e9gal de d\u00e9part \u00e0 la retraite<b> de 60 \u00e0 62 ans <\/b>et a augment\u00e9 la dur\u00e9e de cotisation pour atteindre progressivement<b> 41,5 ans<\/b>. Elle a aussi introduit des m\u00e9canismes de d\u00e9part anticip\u00e9 pour les carri\u00e8res longues, en permettant \u00e0 ceux qui avaient commenc\u00e9 \u00e0 travailler jeune de partir plus t\u00f4t.<\/p>\n<h2><b>La r\u00e9forme de 2012<\/b><\/h2>\n<p>Un d\u00e9cret du<b> 2 juillet 2012<\/b> a assoupli le dispositif des carri\u00e8res longues instaur\u00e9 en 2010. Les principales mesures incluent : l&rsquo;\u00e2ge limite auquel l&rsquo;assur\u00e9 doit avoir commenc\u00e9 \u00e0 travailler est port\u00e9 <b>de 18 \u00e0 20 ans<\/b>. Deux trimestres de ch\u00f4mage indemnis\u00e9 et deux trimestres suppl\u00e9mentaires li\u00e9s \u00e0 la maternit\u00e9 sont d\u00e9sormais pris en compte dans le calcul des p\u00e9riodes cotis\u00e9es.<\/p>\n<h2><b>La r\u00e9forme de 2023<\/b><\/h2>\n<p>Avec un report de l&rsquo;\u00e2ge l\u00e9gal de d\u00e9part \u00e0<b> 64 ans<\/b> et le maintien de la dur\u00e9e de cotisation \u00e0 <b>172 trimestres<\/b>, cette r\u00e9forme a entra\u00een\u00e9 de vives contestations sociales. Elle vise \u00e0 garantir la p\u00e9rennit\u00e9 du syst\u00e8me en \u00e9quilibrant les comptes, tout en mettant en place des ajustements pour les carri\u00e8res longues et les travailleurs exer\u00e7ant des m\u00e9tiers p\u00e9nibles. Un aspect particuli\u00e8rement important est l\u2019augmentation des cotisations pour certains assur\u00e9s, afin de financer l\u2019\u00e9quilibre des caisses de retraite.<\/p>\n<div class='cta-block'><div class='text'>Simulez votre retraite en 2 min.<\/div><a href='https:\/\/www.mes-allocs.fr\/formulaire\/retraite?utm_source=seo&origin=guides\/wp-json\/wp\/v2\/posts\/52179' class='app-button fit'>Simulation gratuite<\/a><\/div>\n","protected":false},"excerpt":{"rendered":"<p>[Mis \u00e0 jour le 26\/11\/2025] Depuis 1993, le syst\u00e8me de retraite fran\u00e7ais a fait l\u2019objet de nombreuses r\u00e9formes. La derni\u00e8re date de 2023, o\u00f9 le pr\u00e9sident Emmanuel Macron a engag\u00e9 une nouvelle r\u00e9forme des retraites. Mais la possibilit\u00e9 d&rsquo;une suspension de cette r\u00e9forme, adopt\u00e9e par l&rsquo;Assembl\u00e9e nationale, a \u00e9t\u00e9 rejet\u00e9e par le S\u00e9nat. Ce blocage [&hellip;]<\/p>\n","protected":false},"author":13,"featured_media":52238,"comment_status":"closed","ping_status":"open","sticky":false,"template":"","format":"standard","meta":{"amp_status":"","footnotes":""},"categories":[19177],"tags":[],"class_list":["post-52179","post","type-post","status-publish","format-standard","has-post-thumbnail","hentry","category-retraite"],"yoast_head":"<!-- This site is optimized with the Yoast SEO plugin v14.9 - https:\/\/yoast.com\/wordpress\/plugins\/seo\/ -->\n<title>R\u00e9forme des retraites : est-elle suspendue pour 2026 ? | Mes-Allocs.fr<\/title>\n<meta name=\"description\" content=\"La suspension de la r\u00e9forme des retraites est bloqu\u00e9e. Alors, l&#039;\u00e2ge de d\u00e9part \u00e0 64 ans est-il maintenu ? On vous explique.\" \/>\n<meta name=\"robots\" content=\"index, follow, max-snippet:-1, max-image-preview:large, max-video-preview:-1\" \/>\n<link rel=\"canonical\" href=\"https:\/\/www.mes-allocs.fr\/guides\/retraite\/reforme-des-retraites\/\" \/>\n<meta property=\"og:locale\" content=\"fr_FR\" \/>\n<meta property=\"og:type\" content=\"article\" \/>\n<meta property=\"og:title\" content=\"R\u00e9forme des retraites : est-elle suspendue pour 2026 ? | Mes-Allocs.fr\" \/>\n<meta property=\"og:description\" content=\"La suspension de la r\u00e9forme des retraites est bloqu\u00e9e. Alors, l&#039;\u00e2ge de d\u00e9part \u00e0 64 ans est-il maintenu ? On vous explique.\" \/>\n<meta property=\"og:url\" content=\"https:\/\/www.mes-allocs.fr\/guides\/retraite\/reforme-des-retraites\/\" \/>\n<meta property=\"og:site_name\" content=\"Mes-Allocs.fr\" \/>\n<meta property=\"article:published_time\" content=\"2022-08-18T15:05:36+00:00\" \/>\n<meta property=\"article:modified_time\" content=\"2025-11-26T10:28:20+00:00\" \/>\n<meta property=\"og:image\" content=\"https:\/\/www.mes-allocs.fr\/guides\/wp-content\/uploads\/2022\/06\/mikhail-pavstyuk-EKy2OTRPXdw-unsplash.jpg?wsr\" \/>\n\t<meta property=\"og:image:width\" content=\"1920\" \/>\n\t<meta property=\"og:image:height\" content=\"1080\" \/>\n<meta name=\"twitter:card\" content=\"summary_large_image\" \/>\n<script type=\"application\/ld+json\" class=\"yoast-schema-graph\">{\"@context\":\"https:\/\/schema.org\",\"@graph\":[{\"@type\":\"WebSite\",\"@id\":\"https:\/\/www.mes-allocs.fr\/guides\/#website\",\"url\":\"https:\/\/www.mes-allocs.fr\/guides\/\",\"name\":\"Mes-Allocs.fr\",\"description\":\"\",\"potentialAction\":[{\"@type\":\"SearchAction\",\"target\":\"https:\/\/www.mes-allocs.fr\/guides\/?s={search_term_string}\",\"query-input\":\"required name=search_term_string\"}],\"inLanguage\":\"fr-FR\"},{\"@type\":\"ImageObject\",\"@id\":\"https:\/\/www.mes-allocs.fr\/guides\/retraite\/reforme-des-retraites\/#primaryimage\",\"inLanguage\":\"fr-FR\",\"url\":\"https:\/\/www.mes-allocs.fr\/guides\/wp-content\/uploads\/2022\/06\/mikhail-pavstyuk-EKy2OTRPXdw-unsplash.jpg?wsr\",\"width\":1920,\"height\":1080,\"caption\":\"r\\u00e9forme des retraites\"},{\"@type\":\"WebPage\",\"@id\":\"https:\/\/www.mes-allocs.fr\/guides\/retraite\/reforme-des-retraites\/#webpage\",\"url\":\"https:\/\/www.mes-allocs.fr\/guides\/retraite\/reforme-des-retraites\/\",\"name\":\"R\\u00e9forme des retraites : est-elle suspendue pour 2026 ? | Mes-Allocs.fr\",\"isPartOf\":{\"@id\":\"https:\/\/www.mes-allocs.fr\/guides\/#website\"},\"primaryImageOfPage\":{\"@id\":\"https:\/\/www.mes-allocs.fr\/guides\/retraite\/reforme-des-retraites\/#primaryimage\"},\"datePublished\":\"2022-08-18T15:05:36+00:00\",\"dateModified\":\"2025-11-26T10:28:20+00:00\",\"author\":{\"@id\":\"https:\/\/www.mes-allocs.fr\/guides\/#\/schema\/person\/c22c1269332026958a3b5505f80b5404\"},\"description\":\"La suspension de la r\\u00e9forme des retraites est bloqu\\u00e9e. Alors, l'\\u00e2ge de d\\u00e9part \\u00e0 64 ans est-il maintenu ? On vous explique.\",\"inLanguage\":\"fr-FR\"},{\"@type\":\"Person\",\"@id\":\"https:\/\/www.mes-allocs.fr\/guides\/#\/schema\/person\/c22c1269332026958a3b5505f80b5404\",\"name\":\"Flavien Fritz\",\"image\":{\"@type\":\"ImageObject\",\"@id\":\"https:\/\/www.mes-allocs.fr\/guides\/#personlogo\",\"inLanguage\":\"fr-FR\",\"url\":\"https:\/\/www.mes-allocs.fr\/guides\/wp-content\/uploads\/2021\/11\/Flavien-1-150x150.png\",\"caption\":\"Flavien Fritz\"},\"description\":\"Flavien est r\\u00e9dacteur au sein de l'\\u00e9quipe Mes Allocs, sp\\u00e9cialis\\u00e9 en droit priv\\u00e9. Dipl\\u00f4m\\u00e9 de l'Institut Catholique de Vend\\u00e9e, il rejoint Mes Allocs apr\\u00e8s une premi\\u00e8re exp\\u00e9rience entrepreneuriale.\",\"sameAs\":[\"https:\/\/fr.linkedin.com\/in\/flavienfritz\"]}]}<\/script>\n<!-- \/ Yoast SEO plugin. -->","amp_validity":null,"acf":{"faq":{"1":{"question":"Quelle ann\u00e9e de naissance sera concern\u00e9e par la r\u00e9forme des retraites ?","answer":"La r\u00e9forme des retraites concerne toutes les personnes n\u00e9es \u00e0 partir du 1er septembre 1961, avec un \u00e2ge l\u00e9gal progressivement relev\u00e9 jusqu\u2019\u00e0 64 ans pour celles n\u00e9es en 1968 et apr\u00e8s."},"2":{"question":"Qu'est-ce qui va changer pour la retraite en 2025 ?","answer":"En 2025, si c'est confirm\u00e9, la r\u00e9forme des retraites verrait l\u2019\u00e2ge l\u00e9gal gel\u00e9 \u00e0 62 ans et 9 mois et la dur\u00e9e d\u2019assurance maintenue \u00e0 170 trimestres, jusqu'\u00e0 la prochaine \u00e9lection pr\u00e9sidentielle."},"3":{"question":"Puis-je partir \u00e0 la retraite \u00e0 60 ans avec 172 trimestres ?","answer":"Oui, vous pouvez partir \u00e0 la retraite \u00e0 60 ans avec 172 trimestres si vous relevez du dispositif carri\u00e8res longues, c\u2019est-\u00e0-dire si vous avez commenc\u00e9 \u00e0 travailler avant 20 ans et que vous avez valid\u00e9 la dur\u00e9e d\u2019assurance exig\u00e9e"},"4":{"question":"Quel \u00e2ge pour la retraite en 2025 ?","answer":"En 2025, l\u2019\u00e2ge l\u00e9gal de d\u00e9part \u00e0 la retraite est fix\u00e9 \u00e0 62 ans et 9 mois, conform\u00e9ment \u00e0 la r\u00e9forme de 2023. Cet \u00e2ge devait passer \u00e0 63 ans en 2026, mais il pourrait \u00eatre gel\u00e9 \u00e0 62 ans et 9 mois si la suspension de la r\u00e9forme annonc\u00e9e par S\u00e9bastien Lecornu est confirm\u00e9e."},"5":{"question":"Quel est l\u2019\u00e2ge de la retraite \u00e0 taux plein en 2026 ?","answer":"En 2026, l\u2019\u00e2ge permettant d\u2019obtenir une retraite \u00e0 taux plein d\u00e9pend de votre g\u00e9n\u00e9ration : pour les personnes n\u00e9es en 1964, il est fix\u00e9 \u00e0 63 ans (et pour celles n\u00e9es en 1965 : 63 ans et 3 mois). Encore une fois, tout \u00e7a est annul\u00e9 si la r\u00e9forme est suspendue dans les prochaines semaines."},"6":{"question":"Est-il possible d'arr\u00eater de travailler avant l'\u00e2ge l\u00e9gal de la retraite ?","answer":"Oui, il est possible d\u2019arr\u00eater de travailler avant l\u2019\u00e2ge l\u00e9gal de la retraite, mais dans ce cas vous ne percevrez pas imm\u00e9diatement votre pension : soit vous attendez d\u2019avoir l\u2019\u00e2ge l\u00e9gal pour la toucher, soit vous partez dans le cadre d\u2019un dispositif sp\u00e9cifique (carri\u00e8res longues, handicap, p\u00e9nibilit\u00e9, retraite progressive ou d\u00e9part anticip\u00e9 pour invalidit\u00e9)."},"7":{"question":"","answer":""},"8":{"question":"","answer":""},"9":{"question":"","answer":""},"10":{"question":"","answer":""},"11":{"question":"","answer":""},"12":{"question":"","answer":""},"13":{"question":"","answer":""},"14":{"question":"","answer":""},"15":{"question":"","answer":""},"16":{"question":"","answer":""}}},"_links":{"self":[{"href":"https:\/\/www.mes-allocs.fr\/guides\/wp-json\/wp\/v2\/posts\/52179","targetHints":{"allow":["GET"]}}],"collection":[{"href":"https:\/\/www.mes-allocs.fr\/guides\/wp-json\/wp\/v2\/posts"}],"about":[{"href":"https:\/\/www.mes-allocs.fr\/guides\/wp-json\/wp\/v2\/types\/post"}],"author":[{"embeddable":true,"href":"https:\/\/www.mes-allocs.fr\/guides\/wp-json\/wp\/v2\/users\/13"}],"replies":[{"embeddable":true,"href":"https:\/\/www.mes-allocs.fr\/guides\/wp-json\/wp\/v2\/comments?post=52179"}],"version-history":[{"count":36,"href":"https:\/\/www.mes-allocs.fr\/guides\/wp-json\/wp\/v2\/posts\/52179\/revisions"}],"predecessor-version":[{"id":106200,"href":"https:\/\/www.mes-allocs.fr\/guides\/wp-json\/wp\/v2\/posts\/52179\/revisions\/106200"}],"wp:featuredmedia":[{"embeddable":true,"href":"https:\/\/www.mes-allocs.fr\/guides\/wp-json\/wp\/v2\/media\/52238"}],"wp:attachment":[{"href":"https:\/\/www.mes-allocs.fr\/guides\/wp-json\/wp\/v2\/media?parent=52179"}],"wp:term":[{"taxonomy":"category","embeddable":true,"href":"https:\/\/www.mes-allocs.fr\/guides\/wp-json\/wp\/v2\/categories?post=52179"},{"taxonomy":"post_tag","embeddable":true,"href":"https:\/\/www.mes-allocs.fr\/guides\/wp-json\/wp\/v2\/tags?post=52179"}],"curies":[{"name":"wp","href":"https:\/\/api.w.org\/{rel}","templated":true}]}}