{"id":52129,"date":"2022-08-12T09:54:57","date_gmt":"2022-08-12T07:54:57","guid":{"rendered":"https:\/\/www.mes-allocs.fr\/guides\/?p=52129"},"modified":"2026-02-11T18:17:38","modified_gmt":"2026-02-11T17:17:38","slug":"retraite-cadre","status":"publish","type":"post","link":"https:\/\/www.mes-allocs.fr\/guides\/retraite\/retraite-par-categorie-socio-professionnelle\/retraite-cadre\/","title":{"rendered":"Retraite des cadres 2026 : conditions, calcul, d\u00e9marches"},"content":{"rendered":"<p><img loading=\"lazy\" decoding=\"async\" title=\"retraite cadre\" src=\"https:\/\/www.mes-allocs.fr\/guides\/wp-content\/uploads\/2022\/06\/icons8-team-m0oSTE_MjsI-unsplash-e1654698300187-300x76.jpg\" alt=\"retraite cadre\" width=\"841\" height=\"213\" \/><\/p>\n<p>[Mis \u00e0 jour le 11\/02\/2026] La retraite constitue une \u00e9tape majeure dans la vie d\u2019un actif : elle marque la fin de sa carri\u00e8re professionnelle et le d\u00e9but d\u2019une nouvelle phase, financ\u00e9e par le versement d\u2019une pension. Ce revenu de remplacement, per\u00e7u mensuellement, permet de maintenir un certain niveau de vie une fois l\u2019activit\u00e9 cess\u00e9e. Toutefois, le syst\u00e8me de retraite fran\u00e7ais n\u2019est pas uniforme : il varie selon les secteurs, les <a href=\"https:\/\/www.mes-allocs.fr\/guides\/retraite\/retraite-par-categorie-socio-professionnelle\/\">statuts professionnels<\/a> et les r\u00e9gimes auxquels les travailleurs sont affili\u00e9s. Les cadres, en particulier, sont soumis \u00e0 des r\u00e8gles sp\u00e9cifiques, notamment en raison de leur affiliation \u00e0 des r\u00e9gimes compl\u00e9mentaires obligatoires. \u00c2ge de d\u00e9part, calcul des droits, particularit\u00e9s des cotisations, impact du statut cadre \u2026 Mes Allocs vous d\u00e9taille dans cet article tout ce qu\u2019il faut savoir sur la <strong>retraite d&rsquo;un cadre<\/strong>.<\/p>\n<div class='cta-block'><div class='text'>Simulez votre retraite en 2 min.<\/div><a href='https:\/\/www.mes-allocs.fr\/formulaire\/retraite?utm_source=seo&origin=guides\/wp-json\/wp\/v2\/posts\/52129' class='app-button fit'>Simulation gratuite<\/a><\/div>\n<h1>Comprendre le statut de cadre<\/h1>\n<h2>Qu\u2019est-ce qu\u2019un cadre ?<\/h2>\n<p>Un <b>cadre<\/b> est un salari\u00e9 occupant un poste \u00e0 <b>responsabilit\u00e9s manag\u00e9riales<\/b> ou d&rsquo;<b>expertise technique<\/b> au sein d&rsquo;une entreprise. Ce statut implique souvent une autonomie plus importante, une latitude d&rsquo;organisation de son travail et des objectifs \u00e0 atteindre.<\/p>\n<p>Les cadres sont g\u00e9n\u00e9ralement class\u00e9s dans une <b>convention collective<\/b> sp\u00e9cifique ou par un accord d&rsquo;entreprise d\u00e9finissant leurs droits et devoirs. Historiquement, ce statut \u00e9tait li\u00e9 \u00e0 des cotisations retraite sp\u00e9cifiques (Agirc), mais il s&rsquo;est d\u00e9sormais harmonis\u00e9 avec l&rsquo;Arrco au sein de l&rsquo;<b>Agirc-Arrco<\/b>.<\/p>\n<h2>Quelles diff\u00e9rences entre un cadre et un salari\u00e9 non-cadre ?<\/h2>\n<p>Les principales diff\u00e9rences entre un <b>cadre<\/b> et un <b>non-cadre<\/b> r\u00e9sident dans les <b>responsabilit\u00e9s<\/b> exerc\u00e9es, le <b>degr\u00e9 d&rsquo;autonomie<\/b> et la <b>r\u00e9mun\u00e9ration<\/b>. Les cadres ont souvent une plus grande <b>libert\u00e9 d&rsquo;organisation<\/b> et sont \u00e9valu\u00e9s sur leurs <b>r\u00e9sultats<\/b>, tandis que les non-cadres suivent des directives plus pr\u00e9cises.<\/p>\n<p>Au niveau social, les cadres b\u00e9n\u00e9ficiaient de r\u00e9gimes de <b>retraite compl\u00e9mentaire<\/b> sp\u00e9cifiques (Agirc), d\u00e9sormais fusionn\u00e9s dans l&rsquo;Agirc-Arrco. Des diff\u00e9rences subsistent parfois en mati\u00e8re de <b>pr\u00e9voyance<\/b>, de <b>mutuelle d&rsquo;entreprise<\/b> et de <b>p\u00e9riodes d&rsquo;essai<\/b> ou de <b>pr\u00e9avis<\/b>.<\/p>\n<p><iframe loading=\"lazy\" src=\"\/\/www.youtube.com\/embed\/nZ79Bmawt_M\" width=\"560\" height=\"314\" allowfullscreen=\"allowfullscreen\"><\/iframe><\/p>\n<div id=\"quest-ce-que-larrco-et-lagirc\" class=\"ce_text block\" style=\"text-align: justify;\">\n<h2>Quelles caisses g\u00e8rent la retraite des cadres ?<\/h2>\n<p>Pour la retraite de base, les cadres cotisent \u00e0 la Caisse Nationale d\u2019Assurance Vieillesse (<b>CNAV<\/b>) ou la <b>MSA<\/b>.<\/p>\n<p>Pour la retraite compl\u00e9mentaire, comme tous les salari\u00e9s du secteur priv\u00e9, les cadres cotisent obligatoirement \u00e0 l<b>&lsquo;Agirc-Arrco.<\/b><\/p>\n<h2>Quelles sont les cotisations vers\u00e9es tout au long de la carri\u00e8re ?<\/h2>\n<p>Vos cotisations de cadre d\u00e9terminent votre pension, calcul\u00e9e sur vos 25 meilleures ann\u00e9es.<\/p>\n<ul>\n<li aria-level=\"1\"><b>Retraite de base :<\/b> Une part de votre salaire brut est pr\u00e9lev\u00e9e pour la <b>CNAV<\/b> (priv\u00e9) ou la <b>MSA<\/b> (agricole). Ces versements vous permettent d&rsquo;accumuler des <b>trimestres de cotisation<\/b>.<\/li>\n<li aria-level=\"1\"><b>Retraite compl\u00e9mentaire (Agirc-Arrco) :<\/b> Depuis la fusion, les cotisations des cadres sont align\u00e9es. Vous cotisez sur les <b>Tranches 1 et 2<\/b> de votre salaire.<\/li>\n<li aria-level=\"1\"><b>Contributions sp\u00e9cifiques :<\/b> Les cadres paient d\u00e9sormais la <b>Contribution d&rsquo;\u00c9quilibre Technique (CET)<\/b> et la <b>Contribution d&rsquo;\u00c9quilibre G\u00e9n\u00e9ral (CEG)<\/b>, et sont redevables de l&rsquo;<b>APEC<\/b> sur leur salaire plafonn\u00e9.<\/li>\n<\/ul>\n<h1>La retraite de base des cadres<\/h1>\n<h2>\u00c2ge de d\u00e9part \u00e0 la retraite pour les cadres<\/h2>\n<p>Les personnes n\u00e9es apr\u00e8s 1959 peuvent partir d\u00e8s <b>64 ans.<\/b> La seule condition est d\u2019avoir valid\u00e9 au moins<b> 172 trimestres.<\/b><\/p>\n<h2>Calcul de la pension de retraite de base des cadres<\/h2>\n<p>La retraite de base est calcul\u00e9e en <b>trimestres<\/b>.<\/p>\n<p>Ce calcul va \u00eatre bas\u00e9 sur une moyenne calcul\u00e9e \u00e0 partir la <b>moyenne des vingt-cinq meilleures ann\u00e9es <\/b>de la carri\u00e8re du cadre. Cela permet d\u2019obtenir le montant de la pension de base, dans la limite de<b> 50 %<\/b> de cette moyenne.<\/p>\n<p>Le nombre de trimestres de cotisation requis pour une retraite \u00e0 taux plein et l\u2019\u00e2ge l\u00e9gal de fin de carri\u00e8re professionnelle varient selon l\u2019ann\u00e9e de naissance des actifs.<\/p>\n<h2>Surcote et d\u00e9cote pour les cadres<\/h2>\n<p>La Caisse Nationale d\u2019Assurance Vieillesse met en place le syst\u00e8me de <b>surcote <\/b>(une majoration) et de <b>d\u00e9cote <\/b>(une minoration) lorsque le cadre n\u2019a pas atteint le nombre de trimestres requis pour une retraite \u00e0 temps plein. Cela s\u2019applique \u00e9galement dans le cas o\u00f9 il a travaill\u00e9 plus longtemps que la dur\u00e9e d\u2019assurance n\u00e9cessaire.<\/p>\n<p>Dans le cas o\u00f9 il n\u2019a pas atteint le nombre de trimestres requis, sa pension sera minor\u00e9e d\u2019une d\u00e9cote. Cela se fait sous forme de<b> coefficient r\u00e9ducteur en fonction du nombre de trimestres manquants (dans la limite de 20)<\/b>.<\/p>\n<p>Dans le cas o\u00f9 il a d\u00e9pass\u00e9 le nombre de trimestres requis, chaque trimestre cotis\u00e9 en plus augmente le montant de pension de<b> 1,25 %.<\/b><\/p>\n<h1>La retraite compl\u00e9mentaire des cadres<\/h1>\n<h2>Fonctionnement de la retraite compl\u00e9mentaire des cadres<\/h2>\n<p><b>L\u2019<\/b><b>Agirc-Arrco<\/b> est un r\u00e9gime de retraite compl\u00e9mentaire. Ce r\u00e9gime compl\u00e9mentaire est celui auquel tous les salari\u00e9s du secteur priv\u00e9 cotisent obligatoirement.<\/p>\n<p>L\u2019Agirc-Arrco est un r\u00e9gime de retraite avec un<b> syst\u00e8me par points. <\/b>Cela signifie que vos cotisations sont converties en points.<\/p>\n<h2>Calcul de la retraite compl\u00e9mentaire des cadres<\/h2>\n<p>Lors de votre d\u00e9part en retraite, vos points sont alors reconvertis en pension.<\/p>\n<p>Lorsque vous partez en retraite, votre pension de l\u2019Agirc-Arrco s\u2019ajoute \u00e0 votre pension de retraite de base. Cette pension de retraite de base est vers\u00e9e par l\u2019Assurance Vieillesse de la S\u00e9curit\u00e9 Sociale.<\/p>\n<p>La formule est alors :<b> Retraite compl\u00e9mentaire = valeur du point x points cumul\u00e9s\u00a0<\/b><\/p>\n<h1>Quelles d\u00e9marches pour partir \u00e0 la retraite en tant que cadre ?<\/h1>\n<p>Comme tout salari\u00e9, la d\u00e9marche pour demander votre retraite de cadre est la suivante :<\/p>\n<ul>\n<li aria-level=\"1\">Vous pouvez d\u00e9poser votre <b>demande de retraite en ligne<\/b> via le site <b>Inforetraite<\/b> d\u00e8s que vous \u00eates pr\u00eat, id\u00e9alement <b>cinq mois avant votre d\u00e9part<\/b>. Votre demande sera automatiquement transmise \u00e0 vos caisses de retraite<\/li>\n<li aria-level=\"1\">Pr\u00e9parez votre <b>carte d&rsquo;identit\u00e9<\/b>, vos <b>justificatifs de carri\u00e8re<\/b>, et vos <b>relev\u00e9s de cotisations<\/b>. Toutes ces informations sont accessibles sur votre <b>espace personnel<\/b> sur le site info retraite..<\/li>\n<\/ul>\n<p>Pour faciliter ces d\u00e9marches complexes, n&rsquo;h\u00e9sitez pas \u00e0 solliciter un <b>expert Mes Allocs<\/b>. Nos experts vous accompagneront pour v\u00e9rifier votre dossier, r\u00e9pondre \u00e0 vos questions et m\u00eame effectuer les d\u00e9marches \u00e0 votre place, garantissant un d\u00e9part \u00e0 la retraite en toute s\u00e9r\u00e9nit\u00e9.<\/p>\n<h1>Comment simuler sa retraite de cadre ?<\/h1>\n<p>Avec <b>Mes Allocs<\/b>, simuler votre retraite de cadre est simple, rapide et gratuit. Notre simulateur vous permet d&rsquo;obtenir une estimation personnalis\u00e9e de votre future pension, en tenant compte de votre parcours professionnel et de votre statut de cadre. En quelques clics, vous visualisez les montants potentiels de votre retraite de base, compl\u00e9mentaire, et m\u00eame l&rsquo;impact de votre retraite suppl\u00e9mentaire.<\/p>\n<h1>Quels sont les avantages du statut de cadre pour la retraite ?<\/h1>\n<p>Le statut de cadre est souvent associ\u00e9 \u00e0 une hausse de salaire et de responsabilit\u00e9s, laissant penser \u00e0 des avantages retraite sup\u00e9rieurs. Cependant, ce n&rsquo;est plus le cas. Depuis 2019, avec la <b>fusion des r\u00e9gimes Agirc et Arrco<\/b>, la distinction entre cadre et non-cadre a <b>perdu son impact sur la retraite compl\u00e9mentaire<\/b>. Les prestations et les taux de cotisation sont d\u00e9sormais <b>align\u00e9s<\/b>, rendant le statut de cadre non plus d\u00e9terminant pour le calcul de votre pension compl\u00e9mentaire. Les avantages sont alors per\u00e7us avant la retraite (salaire plus \u00e9lev\u00e9, horaires plus flexibles) et non apr\u00e8s.<\/p>\n<div class='shortcode summary'><div class='title'>En r\u00e9sum\u00e9 :<\/div><div class='content'><ul><li>Les cadres sont des salari\u00e9s \u00e0 responsabilit\u00e9s. Ils cotisent \u00e0 la CNAV pour la retraite de base et \u00e0 l&rsquo;Agirc-Arrco pour la retraite compl\u00e9mentaire, comme tous les salari\u00e9s du priv\u00e9.<\/li><li>L&rsquo;\u00e2ge l\u00e9gal de d\u00e9part est de 64 ans (pour les n\u00e9s apr\u00e8s 1959) avec 172 trimestres valid\u00e9s. La pension de base est calcul\u00e9e sur les 25 meilleures ann\u00e9es, avec des ajustements (surcote\/d\u00e9cote) selon le nombre de trimestres cotis\u00e9s.<\/li><li>Demandez votre retraite en ligne via Info Retraite environ cinq mois avant votre d\u00e9part. Pr\u00e9parez vos pi\u00e8ces d&rsquo;identit\u00e9, justificatifs de carri\u00e8re et relev\u00e9s de cotisations. Notre simulateur Mes Allocs vous aide \u00e0 estimer votre future pension.<\/li><li>Depuis la fusion Agirc-Arrco en 2019, les avantages des cadres pour la retraite ont disparu. Les b\u00e9n\u00e9fices pour les cadres sont d\u00e9sormais principalement li\u00e9s \u00e0 des salaires plus \u00e9lev\u00e9s et une plus grande flexibilit\u00e9 pendant la vie active.<\/li><\/ul><\/div><\/div>\n<div class='cta-block'><div class='text'>Simulez votre retraite en 2 min.<\/div><a href='https:\/\/www.mes-allocs.fr\/formulaire\/retraite?utm_source=seo&origin=guides\/wp-json\/wp\/v2\/posts\/52129' class='app-button fit'>Simulation gratuite<\/a><\/div>\n<\/div>\n","protected":false},"excerpt":{"rendered":"<p>[Mis \u00e0 jour le 11\/02\/2026] La retraite constitue une \u00e9tape majeure dans la vie d\u2019un actif : elle marque la fin de sa carri\u00e8re professionnelle et le d\u00e9but d\u2019une nouvelle phase, financ\u00e9e par le versement d\u2019une pension. Ce revenu de remplacement, per\u00e7u mensuellement, permet de maintenir un certain niveau de vie une fois l\u2019activit\u00e9 cess\u00e9e. [&hellip;]<\/p>\n","protected":false},"author":13,"featured_media":52158,"comment_status":"closed","ping_status":"open","sticky":false,"template":"","format":"standard","meta":{"amp_status":"","footnotes":""},"categories":[19177,21839],"tags":[],"class_list":["post-52129","post","type-post","status-publish","format-standard","has-post-thumbnail","hentry","category-retraite","category-retraite-par-categorie-socio-professionnelle"],"yoast_head":"<!-- This site is optimized with the Yoast SEO plugin v14.9 - https:\/\/yoast.com\/wordpress\/plugins\/seo\/ -->\n<title>Retraite des cadres 2026 : conditions, calcul, d\u00e9marches | Mes-Allocs.fr<\/title>\n<meta name=\"description\" content=\"Vous \u00eates cadre et vous envisagez de partir \u00e0 la retraite ? D\u00e9couvrez dans quelles conditions, \u00e0 quel \u00e2ge et pour quel montant de pension.\" \/>\n<meta name=\"robots\" content=\"index, follow, max-snippet:-1, max-image-preview:large, max-video-preview:-1\" \/>\n<link rel=\"canonical\" href=\"https:\/\/www.mes-allocs.fr\/guides\/retraite\/retraite-par-categorie-socio-professionnelle\/retraite-cadre\/\" \/>\n<meta property=\"og:locale\" content=\"fr_FR\" \/>\n<meta property=\"og:type\" content=\"article\" \/>\n<meta property=\"og:title\" content=\"Retraite des cadres 2026 : conditions, calcul, d\u00e9marches | Mes-Allocs.fr\" \/>\n<meta property=\"og:description\" content=\"Vous \u00eates cadre et vous envisagez de partir \u00e0 la retraite ? D\u00e9couvrez dans quelles conditions, \u00e0 quel \u00e2ge et pour quel montant de pension.\" \/>\n<meta property=\"og:url\" content=\"https:\/\/www.mes-allocs.fr\/guides\/retraite\/retraite-par-categorie-socio-professionnelle\/retraite-cadre\/\" \/>\n<meta property=\"og:site_name\" content=\"Mes-Allocs.fr\" \/>\n<meta property=\"article:published_time\" content=\"2022-08-12T07:54:57+00:00\" \/>\n<meta property=\"article:modified_time\" content=\"2026-02-11T17:17:38+00:00\" \/>\n<meta property=\"og:image\" content=\"https:\/\/www.mes-allocs.fr\/guides\/wp-content\/uploads\/2022\/06\/icons8-team-m0oSTE_MjsI-unsplash-e1654698300187.jpg?wsr\" \/>\n\t<meta property=\"og:image:width\" content=\"1920\" \/>\n\t<meta property=\"og:image:height\" content=\"484\" \/>\n<meta name=\"twitter:card\" content=\"summary_large_image\" \/>\n<script type=\"application\/ld+json\" class=\"yoast-schema-graph\">{\"@context\":\"https:\/\/schema.org\",\"@graph\":[{\"@type\":\"WebSite\",\"@id\":\"https:\/\/www.mes-allocs.fr\/guides\/#website\",\"url\":\"https:\/\/www.mes-allocs.fr\/guides\/\",\"name\":\"Mes-Allocs.fr\",\"description\":\"\",\"potentialAction\":[{\"@type\":\"SearchAction\",\"target\":\"https:\/\/www.mes-allocs.fr\/guides\/?s={search_term_string}\",\"query-input\":\"required name=search_term_string\"}],\"inLanguage\":\"fr-FR\"},{\"@type\":\"ImageObject\",\"@id\":\"https:\/\/www.mes-allocs.fr\/guides\/retraite\/retraite-par-categorie-socio-professionnelle\/retraite-cadre\/#primaryimage\",\"inLanguage\":\"fr-FR\",\"url\":\"https:\/\/www.mes-allocs.fr\/guides\/wp-content\/uploads\/2022\/06\/icons8-team-m0oSTE_MjsI-unsplash-e1654698300187.jpg?wsr\",\"width\":1920,\"height\":484,\"caption\":\"retraite cadre\"},{\"@type\":\"WebPage\",\"@id\":\"https:\/\/www.mes-allocs.fr\/guides\/retraite\/retraite-par-categorie-socio-professionnelle\/retraite-cadre\/#webpage\",\"url\":\"https:\/\/www.mes-allocs.fr\/guides\/retraite\/retraite-par-categorie-socio-professionnelle\/retraite-cadre\/\",\"name\":\"Retraite des cadres 2026 : conditions, calcul, d\\u00e9marches | Mes-Allocs.fr\",\"isPartOf\":{\"@id\":\"https:\/\/www.mes-allocs.fr\/guides\/#website\"},\"primaryImageOfPage\":{\"@id\":\"https:\/\/www.mes-allocs.fr\/guides\/retraite\/retraite-par-categorie-socio-professionnelle\/retraite-cadre\/#primaryimage\"},\"datePublished\":\"2022-08-12T07:54:57+00:00\",\"dateModified\":\"2026-02-11T17:17:38+00:00\",\"author\":{\"@id\":\"https:\/\/www.mes-allocs.fr\/guides\/#\/schema\/person\/c22c1269332026958a3b5505f80b5404\"},\"description\":\"Vous \\u00eates cadre et vous envisagez de partir \\u00e0 la retraite ? D\\u00e9couvrez dans quelles conditions, \\u00e0 quel \\u00e2ge et pour quel montant de pension.\",\"inLanguage\":\"fr-FR\"},{\"@type\":\"Person\",\"@id\":\"https:\/\/www.mes-allocs.fr\/guides\/#\/schema\/person\/c22c1269332026958a3b5505f80b5404\",\"name\":\"Flavien Fritz\",\"image\":{\"@type\":\"ImageObject\",\"@id\":\"https:\/\/www.mes-allocs.fr\/guides\/#personlogo\",\"inLanguage\":\"fr-FR\",\"url\":\"https:\/\/www.mes-allocs.fr\/guides\/wp-content\/uploads\/2021\/11\/Flavien-1-150x150.png\",\"caption\":\"Flavien Fritz\"},\"description\":\"Flavien est r\\u00e9dacteur au sein de l'\\u00e9quipe Mes Allocs, sp\\u00e9cialis\\u00e9 en droit priv\\u00e9. Dipl\\u00f4m\\u00e9 de l'Institut Catholique de Vend\\u00e9e, il rejoint Mes Allocs apr\\u00e8s une premi\\u00e8re exp\\u00e9rience entrepreneuriale.\",\"sameAs\":[\"https:\/\/fr.linkedin.com\/in\/flavienfritz\"]}]}<\/script>\n<!-- \/ Yoast SEO plugin. -->","amp_validity":null,"acf":{"faq":{"1":{"question":"O\u00f9 cotisent les cadres ?","answer":"Pour la retraite de base, les cadres\u00a0cotisent \u00e0 la\u00a0Caisse Nationale d\u2019Assurance Vieillesse\u00a0(CNAV)."},"2":{"question":"Quel est l'\u00e2ge de d\u00e9part \u00e0 la retraite ?","answer":"L'\u00e2ge de d\u00e9part \u00e0 la retraite est entre 62 et 64 ans selon l'ann\u00e9e de naissance. "},"3":{"question":"Comment est calcul\u00e9e la retraite ?","answer":"La retraite de base est calcul\u00e9e en trimestres.\r\n"},"4":{"question":"La r\u00e9forme de la retraite compl\u00e9mentaire en 2015 concerne t-elle les cadres ?","answer":"La retraite compl\u00e9mentaire des cadres conna\u00eet des changements importants depuis le 1er janvier 2019. \r\n"},"5":{"question":"","answer":""},"6":{"question":"","answer":""},"7":{"question":"","answer":""},"8":{"question":"","answer":""},"9":{"question":"","answer":""},"10":{"question":"","answer":""},"11":{"question":"","answer":""},"12":{"question":"","answer":""},"13":{"question":"","answer":""},"14":{"question":"","answer":""},"15":{"question":"","answer":""},"16":{"question":"","answer":""}}},"_links":{"self":[{"href":"https:\/\/www.mes-allocs.fr\/guides\/wp-json\/wp\/v2\/posts\/52129","targetHints":{"allow":["GET"]}}],"collection":[{"href":"https:\/\/www.mes-allocs.fr\/guides\/wp-json\/wp\/v2\/posts"}],"about":[{"href":"https:\/\/www.mes-allocs.fr\/guides\/wp-json\/wp\/v2\/types\/post"}],"author":[{"embeddable":true,"href":"https:\/\/www.mes-allocs.fr\/guides\/wp-json\/wp\/v2\/users\/13"}],"replies":[{"embeddable":true,"href":"https:\/\/www.mes-allocs.fr\/guides\/wp-json\/wp\/v2\/comments?post=52129"}],"version-history":[{"count":20,"href":"https:\/\/www.mes-allocs.fr\/guides\/wp-json\/wp\/v2\/posts\/52129\/revisions"}],"predecessor-version":[{"id":108982,"href":"https:\/\/www.mes-allocs.fr\/guides\/wp-json\/wp\/v2\/posts\/52129\/revisions\/108982"}],"wp:featuredmedia":[{"embeddable":true,"href":"https:\/\/www.mes-allocs.fr\/guides\/wp-json\/wp\/v2\/media\/52158"}],"wp:attachment":[{"href":"https:\/\/www.mes-allocs.fr\/guides\/wp-json\/wp\/v2\/media?parent=52129"}],"wp:term":[{"taxonomy":"category","embeddable":true,"href":"https:\/\/www.mes-allocs.fr\/guides\/wp-json\/wp\/v2\/categories?post=52129"},{"taxonomy":"post_tag","embeddable":true,"href":"https:\/\/www.mes-allocs.fr\/guides\/wp-json\/wp\/v2\/tags?post=52129"}],"curies":[{"name":"wp","href":"https:\/\/api.w.org\/{rel}","templated":true}]}}