{"id":52018,"date":"2022-06-13T17:35:29","date_gmt":"2022-06-13T15:35:29","guid":{"rendered":"https:\/\/www.mes-allocs.fr\/guides\/?p=52018"},"modified":"2026-02-11T18:15:31","modified_gmt":"2026-02-11T17:15:31","slug":"categorie-socio-professionnelle-retraite","status":"publish","type":"post","link":"https:\/\/www.mes-allocs.fr\/guides\/retraite\/categorie-socio-professionnelle-retraite\/","title":{"rendered":"La retraite par cat\u00e9gorie socioprofessionnelle"},"content":{"rendered":"<p><img loading=\"lazy\" decoding=\"async\" class=\"aligncenter wp-image-52123\" title=\"cat\u00e9gorie socio professionnelle retrait\u00e9\" src=\"https:\/\/www.mes-allocs.fr\/guides\/wp-content\/uploads\/2022\/06\/dominik-lange-VUOiQW4OeLI-unsplash-e1654695243439-300x92.jpg\" alt=\"cat\u00e9gorie socio professionnelle retrait\u00e9\" width=\"818\" height=\"251\" \/><\/p>\n<p style=\"text-align: justify;\">[Mis \u00e0 jour le 11\/02\/2026] A partir d&rsquo;un certain \u00e2ge, il est possible de se retirer de la vie active. Apr\u00e8s cela, la personne \u00e0 la <a href=\"https:\/\/www.mes-allocs.fr\/guides\/retraite\/\">retraite<\/a> continue de toucher r\u00e9guli\u00e8rement une somme d\u2019argent \u00e0 titre de pension. L&rsquo;\u00e2ge de d\u00e9part \u00e0 la retraite varie selon certaines conditions. Aujourd&rsquo;hui en France, chaque m\u00e9tier est class\u00e9 dans une cat\u00e9gorie socioprofessionnelle. Chaque cat\u00e9gorie poss\u00e8de son r\u00e9gime de retraite et une caisse de retraite distincte. Mes Allocs vous explique tout juste ici.<\/p>\n<div class='cta-block'><div class='text'>Simulez votre retraite en 2 min.<\/div><a href='https:\/\/www.mes-allocs.fr\/formulaire\/retraite?utm_source=seo&origin=guides\/wp-json\/wp\/v2\/posts\/52018' class='app-button fit'>Simulation gratuite<\/a><\/div>\n<h1 style=\"text-align: justify;\"><span style=\"color: #000000;\">Comment obtenir la retraite ?<\/span><\/h1>\n<p style=\"text-align: justify;\"><span style=\"color: #000000;\">Lorsque vous avez atteint l&rsquo;<a href=\"https:\/\/www.mes-allocs.fr\/guides\/retraite\/age-retraite\/\">\u00e2ge l\u00e9gal de d\u00e9part \u00e0 la retraite<\/a>, il vous est possible de b\u00e9n\u00e9ficier d&rsquo;une retraite du r\u00e9gime g\u00e9n\u00e9ral de la S\u00e9curit\u00e9 sociale.<\/span><\/p>\n<p style=\"text-align: justify;\"><span style=\"color: #000000;\">Pour cela, il est n\u00e9cessaire de valider au moins 1 trimestre en tant que salari\u00e9.<\/span><\/p>\n<p style=\"text-align: justify;\"><span style=\"color: #000000;\">Le d\u00e9part \u00e0 la retraite permet de percevoir une pension de retraite. Cette pension est la pension dite <span class=\"expression\">de base. Elle est<\/span> vers\u00e9e par l&rsquo;Assurance retraite de la S\u00e9curit\u00e9 sociale.<\/span><\/p>\n<p><iframe loading=\"lazy\" title=\"Comment bien pr\u00e9parer sa retraite ?\" width=\"500\" height=\"281\" src=\"https:\/\/www.youtube.com\/embed\/nZ79Bmawt_M?feature=oembed\" frameborder=\"0\" allow=\"accelerometer; autoplay; clipboard-write; encrypted-media; gyroscope; picture-in-picture; web-share\" referrerpolicy=\"strict-origin-when-cross-origin\" allowfullscreen><\/iframe><\/p>\n<h1 style=\"text-align: justify;\">Quelles sont les cat\u00e9gories socioprofessionnelles ?<\/h1>\n<p style=\"text-align: justify;\">La cr\u00e9ation de cat\u00e9gories socioprofessionnelles a \u00e9t\u00e9 obligatoire \u00e0 cause de l&rsquo;\u00e9volution de l&rsquo;\u00e9conomie.<\/p>\n<p style=\"text-align: justify;\">Les cat\u00e9gories professionnelles et les professions vont permettre de classer les travailleurs selon leur :<\/p>\n<ul style=\"text-align: justify;\">\n<li>m\u00e9tier<\/li>\n<li>qualification<\/li>\n<li>position hi\u00e9rarchique<\/li>\n<li>statut de salari\u00e9 ou non-salari\u00e9<\/li>\n<\/ul>\n<p style=\"text-align: justify;\">Un code est attribu\u00e9 pour chaque cat\u00e9gorie socioprofessionnelle.<\/p>\n<h2 style=\"text-align: justify;\">La listes des cat\u00e9gories socioprofessionnelles<\/h2>\n<p style=\"text-align: justify;\">En r\u00e8gle g\u00e9n\u00e9ral, l&rsquo;INSEE s&rsquo;est bas\u00e9e sur la fonction pour classer 6 PCS :<\/p>\n<ul style=\"text-align: justify;\">\n<li>les agriculteurs exploitants<\/li>\n<li>les artisans, commer\u00e7ants, chefs d\u2019entreprise<\/li>\n<li>les ouvriers<\/li>\n<li>les cadres et professions intellectuelles sup\u00e9rieures<\/li>\n<li>les professions interm\u00e9diaires (instituteurs, fonctionnaires, employ\u00e9s administratifs, personnels de services, clerg\u00e9)<\/li>\n<li>les employ\u00e9s<\/li>\n<\/ul>\n<p style=\"text-align: justify;\">Un r\u00e9gime de retraite particulier ne s&rsquo;associe pas toujours \u00e0 une cat\u00e9gorie socioprofessionnelle.<\/p>\n<p style=\"text-align: justify;\">Un professionnel peut par exemple exercer une activit\u00e9 salari\u00e9e dans le secteur priv\u00e9 mais il peut \u00e9galement \u00eatre <span class=\"sc-rn54lb-0 hRGPu\">ind\u00e9pendant<\/span>\u00a0en parall\u00e8le.<\/p>\n<p style=\"text-align: justify;\">Cela signifie que dans la m\u00eame cat\u00e9gorie socio-professionnelle, on peut y retrouver deux secteurs diff\u00e9rents.<\/p>\n<p style=\"text-align: justify;\">Les ouvriers en sont un tr\u00e8s bon exemple. Ceux-ci peuvent \u00eatre employ\u00e9s par des entreprises de B\u00e2timents et Travaux Publics (BTP) priv\u00e9es. Ou alors, ils peuvent travailler pour une institution \u00e9tatique.<\/p>\n<h2 style=\"text-align: justify;\">Les r\u00e9gimes de retraite<\/h2>\n<p style=\"text-align: justify;\">En\u00a0<span class=\"sc-rn54lb-0 hRGPu\">France<\/span>, les r\u00e9gimes de retraite sont r\u00e9partis selon les\u00a0<span class=\"sc-rn54lb-0 hRGPu\">secteurs de travail. Il y a \u00e9galement le crit\u00e8re du m\u00e9tier qui s&rsquo;ajoute.<\/span><\/p>\n<h1 style=\"text-align: justify;\">Les diff\u00e9rentes retraites des cat\u00e9gories socioprofessionnelles<\/h1>\n<h2 style=\"text-align: justify;\">La retraite des agriculteurs exploitants<\/h2>\n<p style=\"text-align: justify;\"><span style=\"color: #000000;\">Les exploitants du secteur agricole cotisent \u00e0 la Mutualit\u00e9 Sociale Agricole (MSA).<\/span><\/p>\n<p style=\"text-align: justify;\">Ils cotisent bien \u00e9videmment pour eux-m\u00eames, mais aussi pour leurs ayants droits.<\/p>\n<p style=\"text-align: justify;\">Ce r\u00e9gime de la Mutualit\u00e9 Sociale Agricole g\u00e8re en m\u00eame temps la retraite de base et la retraite compl\u00e9mentaire.<\/p>\n<p style=\"text-align: justify;\">La MSA poss\u00e8de \u00e9galement le r\u00f4le de recouvrir les cotisations des salari\u00e9s agricoles. Pour les agriculteurs exploitants, la MSA recouvre l&rsquo;ensemble de la protection sociale.<\/p>\n<p style=\"text-align: justify;\"><strong>Les conditions de retraite :<\/strong><\/p>\n<p style=\"text-align: justify;\"><span style=\"color: #3366ff;\"><span style=\"color: #000000;\">L&rsquo;<span class=\"sc-rn54lb-0 hRGPu\">\u00e2ge l\u00e9gal de d\u00e9part en retraite<\/span> est fix\u00e9 \u00e0 64 ou 62 ans selon l&rsquo;ann\u00e9e de naissance.<\/span> <\/span><\/p>\n<p style=\"text-align: justify;\"><span style=\"color: #3366ff;\"><span style=\"color: #000000;\">Pour obtenir la retraite \u00e0 taux plein, les exploitants agricoles doivent justifier d&rsquo;au moins 160 \u00e0 176 trimestres selon leur ann\u00e9e de naissance. Ces trimestres peuvent \u00eatre cumul\u00e9s parmi tous les r\u00e9gimes de base confondus.<\/span><\/span><\/p>\n<p style=\"text-align: justify;\"><span style=\"color: #000000;\">La MSA permet \u00e9galement le <span class=\"sc-rn54lb-0 hRGPu\">d\u00e9part en retraite anticip\u00e9. Celui-ci se fait<\/span>\u00a0sous conditions (<span class=\"sc-rn54lb-0 hRGPu\">carri\u00e8re longue<\/span>, incapacit\u00e9, handicap).<\/span><\/p>\n<h2 style=\"text-align: justify;\"><span style=\"color: #000000;\">La retraite des artisans, commer\u00e7ants et chefs d&rsquo;entreprise<\/span><\/h2>\n<p style=\"text-align: justify;\"><span style=\"color: #000000;\">Les artisans, commer\u00e7ants et les chefs d&rsquo;entreprise appartiennent tous \u00e0 la cat\u00e9gorie des Travailleurs Non Salari\u00e9s (TNS). <\/span><\/p>\n<p style=\"text-align: justify;\"><span style=\"color: #000000;\">Cela signifie qu&rsquo;ils rel\u00e8vent de la <a href=\"https:\/\/www.mes-allocs.fr\/guides\/retraite\/retraite-par-categorie-socio-professionnelle\/retraite-independants\/\">retraite de la S\u00e9curit\u00e9 Sociale des Ind\u00e9pendants<\/a> (SSI, ex-RSI). <\/span><\/p>\n<p style=\"text-align: justify;\"><span style=\"color: #000000;\">Ce r\u00e9gime permet la couverture de l&rsquo;ensemble des personnes appartenant \u00e0 ces cat\u00e9gories :<\/span><\/p>\n<ul style=\"text-align: justify;\">\n<li><span style=\"color: #000000;\">artisans\u00a0inscrits au r\u00e9pertoire des m\u00e9tiers ;<\/span><\/li>\n<li><span style=\"color: #000000;\"><span class=\"sc-rn54lb-0 hRGPu\">commer\u00e7ants<\/span> inscrits au Registre du Commerce et des Soci\u00e9t\u00e9s (RCS) ;<\/span><\/li>\n<li><span style=\"color: #000000;\"><span class=\"sc-rn54lb-0 hRGPu\">micro-entrepreneurs<\/span>\u00a0commer\u00e7ants ou artisans ;<\/span><\/li>\n<li><span style=\"color: #000000;\">dirigeants de soci\u00e9t\u00e9s portant les titres suivants\u00a0:\u00a0<span class=\"sc-rn54lb-0 hRGPu\">g\u00e9rants majoritaires de SARL<\/span>, g\u00e9rants de soci\u00e9t\u00e9s en commandite par actions, associ\u00e9s uniques d\u2019EURL et\u00a0associ\u00e9s de SNC ;<\/span><\/li>\n<li><span style=\"color: #000000;\">conjoints associ\u00e9s\u00a0et les\u00a0conjoints collaborateurs\u00a0des TNS ;<\/span><\/li>\n<li><span style=\"color: #000000;\">professions particuli\u00e8res express\u00e9ment rattach\u00e9es \u00e0 ce r\u00e9gime\u00a0<\/span><\/li>\n<\/ul>\n<h2 style=\"text-align: justify;\"><span style=\"color: #000000;\">La retraite des ouvriers<\/span><\/h2>\n<p style=\"text-align: justify;\"><span style=\"color: #3366ff;\"><span style=\"color: #000000;\">Pour les ouvriers n\u00e9s apr\u00e8s 1959, l&rsquo;\u00e2ge l\u00e9gal de d\u00e9part en retraite est \u00e9tabli \u00e0 64 ans . Pour ceux n\u00e9s avant le 1er Juillet 1951, l&rsquo;\u00e2ge l\u00e9gal de d\u00e9part en retraite est de 60 ans.<\/span><\/span><\/p>\n<h3 style=\"text-align: justify;\">La retraite pour ouvriers salari\u00e9s<\/h3>\n<p style=\"text-align: justify;\"><span style=\"color: #000000;\">Concernant la retraite des <span class=\"sc-rn54lb-0 hRGPu\">ouvriers s<span style=\"color: #000000;\">alari\u00e9s, celle-ci<\/span><\/span> est la m\u00eame que sur celle des employ\u00e9s du secteur priv\u00e9.<\/span><\/p>\n<h3 style=\"text-align: justify;\"><span style=\"color: #000000;\">Les ouvriers d&rsquo;\u00c9tat<\/span><\/h3>\n<p style=\"text-align: justify;\"><span style=\"color: #000000;\">Les ouvriers d&rsquo;\u00c9tat sont des\u00a0employ\u00e9s non titulaires de droit public.<\/span><\/p>\n<p style=\"text-align: justify;\"><span style=\"color: #000000;\">Cela signifie qu&rsquo;ils ne sont pas employ\u00e9s par des entreprises du secteur priv\u00e9 mais par des minist\u00e8res. <\/span><\/p>\n<p style=\"text-align: justify;\"><span style=\"color: #3366ff;\"><span style=\"color: #000000;\">L&#8217;employeur le plus populaire en France est le Minist\u00e8re de la D\u00e9fense.<\/span><\/span><\/p>\n<p style=\"text-align: justify;\"><span style=\"color: #000000;\">Les ouvriers d&rsquo;\u00c9tat cotisent au Fonds Sp\u00e9cial des Pensions des Ouvriers des Etablissements Industriels de l\u2019\u00c9tat (FSPOEIE) pour leur retraite de base et compl\u00e9mentaire.<\/span><\/p>\n<p style=\"text-align: justify;\">Ce r\u00e9gime a \u00e9t\u00e9 cr\u00e9\u00e9 en 1928.<\/p>\n<p style=\"text-align: justify;\"><span style=\"color: #000000;\"><span class=\"sc-rn54lb-0 hRGPu\">Le taux de cotisations<\/span> est fix\u00e9e \u00e0 9,94 % de cotisations salariales et 34,51 % de cotisations patronales.<\/span><\/p>\n<p style=\"text-align: justify;\"><span style=\"color: #000000;\">Il est parfois possible pour des ouvriers de partir \u00e0 la retraite d\u00e8s 55 ans lorsqu&rsquo;ils rel\u00e8vent de la cat\u00e9gorie insalubre. Pour cela, ils doivent respecter une de ces conditions :\u00a0<\/span><\/p>\n<ul style=\"text-align: justify;\">\n<li><span style=\"color: #000000;\">\u00eatre n\u00e9 avant le 1er juillet 1956 ;<\/span><\/li>\n<li><span style=\"color: #000000;\">avoir effectu\u00e9 15 ann\u00e9es de services dans des emplois ou travaux insalubres avant le 1er juillet 2011.<\/span><\/li>\n<\/ul>\n<div class='cta-block'><div class='text'>Simulez votre retraite en 2 min.<\/div><a href='https:\/\/www.mes-allocs.fr\/formulaire\/retraite?utm_source=seo&origin=guides\/wp-json\/wp\/v2\/posts\/52018' class='app-button fit'>Simulation gratuite<\/a><\/div>\n<h2 style=\"text-align: justify;\">La retraite des cadres et professions intellectuelles sup\u00e9rieures<\/h2>\n<h3 style=\"text-align: justify;\">La retraite de base<\/h3>\n<p style=\"text-align: justify;\"><span style=\"color: #3366ff;\"><span style=\"color: #000000;\">Pour la <a href=\"https:\/\/www.mes-allocs.fr\/guides\/retraite\/retraite-par-categorie-socio-professionnelle\/retraite-cadre\/\">retraite de base des cadres<\/a>, ces derniers\u00a0cotisent \u00e0 la\u00a0Caisse Nationale d\u2019Assurance Vieillesse\u00a0(CNAV).<\/span> <\/span><\/p>\n<p style=\"text-align: justify;\">Cette retraite de base est calcul\u00e9e en trimestres. Le calcul est bas\u00e9 sur une <span style=\"color: #000000;\">moyenne calcul\u00e9e \u00e0 partir la moyenne des vingt-cinq meilleures ann\u00e9es de la carri\u00e8re du cadre pour <span class=\"sc-rn54lb-0 hRGPu\">calculer le montant de la pension<\/span>\u00a0de base, dans la limite de\u00a050 %\u00a0de cette moyenne.<\/span><\/p>\n<p style=\"text-align: justify;\"><span style=\"color: #3366ff;\"><span style=\"color: #000000;\">Le nombre de trimestres de cotisation requis pour une retraite \u00e0 taux plein et l&rsquo;\u00e2ge l\u00e9gal de <span class=\"sc-rn54lb-0 hRGPu\">fin de carri\u00e8re professionnelle<\/span> varient selon l&rsquo;ann\u00e9e de naissance des actifs.<\/span> <\/span><\/p>\n<p style=\"text-align: justify;\"><span style=\"color: #000000;\">Les personnes n\u00e9es apr\u00e8s 1959 peuvent partir d\u00e8s 64 ans. La seule condition est d&rsquo;avoir valid\u00e9 au moins 172 trimestres.<\/span><\/p>\n<p style=\"text-align: justify;\">La <span style=\"color: #3366ff;\"><span style=\"color: #000000;\">Caisse Nationale d\u2019Assurance Vieillesse met en place le syst\u00e8me de surcote (une majoration) et de d\u00e9cote (une minoration) lorsque le cadre n&rsquo;a pas<\/span><\/span><span style=\"color: #3366ff;\"><span style=\"color: #000000;\"> atteint le nombre de trimestres requis pour une retraite \u00e0 temps plein. Cela s&rsquo;applique \u00e9galement dans le cas o\u00f9 il a travaill\u00e9 plus longtemps que la dur\u00e9e d&rsquo;assurance n\u00e9cessaire.<\/span> <\/span><\/p>\n<p style=\"text-align: justify;\"><span style=\"color: #000000;\">Dans le cas o\u00f9 il n&rsquo;a pas atteint le nombre de trimestres requis, sa pension sera minor\u00e9e d&rsquo;une d\u00e9cote. Cela se fait sous forme de coefficient r\u00e9ducteur en fonction du nombre de trimestres manquants (dans la limite de 20). <\/span><\/p>\n<p style=\"text-align: justify;\"><span style=\"color: #000000;\">Dans le cas o\u00f9 il a d\u00e9pass\u00e9 le nombre de trimestres requis, chaque trimestre cotis\u00e9 en plus augmente le montant de pension de 1,25 %.<\/span><\/p>\n<h3 style=\"text-align: justify;\">La retraite compl\u00e9mentaire<\/h3>\n<p style=\"text-align: justify;\"><span style=\"color: #000000;\">L&rsquo;<span class=\"acronyme tooltip-glossaire\" data-tip=\"\" data-for=\"glossaire-R40033\" data-event=\"click\" data-event-off=\"mouseleave\">Agirc-Arrco<\/span> est un r\u00e9gime de retraite compl\u00e9mentaire. Ce r\u00e9gime compl\u00e9mentaire est celui auquel tous les salari\u00e9s du secteur priv\u00e9 cotisent obligatoirement. <\/span><span style=\"color: #000000;\">L&rsquo;Agirc-Arrco est un r\u00e9gime de retraite avec un syst\u00e8me par points. Cela signifie que vos cotisations sont converties en points. <\/span><\/p>\n<p style=\"text-align: justify;\"><span style=\"color: #000000;\">Lors de votre d\u00e9part en retraite, vos points sont alors reconvertis en pension.<\/span><\/p>\n<p style=\"text-align: justify;\"><span style=\"color: #000000;\">Lorsque vous partez en retraite, votre pension de l&rsquo;Agirc-Arrco s&rsquo;ajoute \u00e0 votre pension de retraite de base. Cette pension de retraite de base est vers\u00e9e par l&rsquo;Assurance Vieillesse de la S\u00e9curit\u00e9 Sociale.<\/span><\/p>\n<div id=\"quest-ce-que-larrco-et-lagirc\" class=\"ce_text block\" style=\"text-align: justify;\">\n<p>L&rsquo;Agir-Arrco est issu de la fusion au 1er janvier 2019 entre l<strong>&lsquo;<\/strong>Association pour le R\u00e9gime de Retraite Compl\u00e9mentaire des Salari\u00e9s (ARRCO) et l&rsquo;Association G\u00e9n\u00e9rale des Institutions de Retraites des Cadres (AGIRC). Cette fusion est intervenue \u00e0 la suite des accords interprofessionnels du 30 octobre 2015 et du 17 novembre 2017.<\/p>\n<p>Un salari\u00e9 cotise chaque mois pour sa retraite compl\u00e9mentaire.<\/p>\n<p>L\u2019employeur pr\u00e9l\u00e8ve et d\u00e9clare les cotisations aupr\u00e8s des caisses de retraites compl\u00e9mentaires.<\/p>\n<p>Ces retraites compl\u00e9mentaires sont oblig\u00e9es de :<\/p>\n<ul>\n<li>transformer les cotisations en points retraite chaque ann\u00e9e<\/li>\n<li>informer les salari\u00e9s sur leurs droits<\/li>\n<li>calculer la retraite compl\u00e9mentaires des salari\u00e9s<\/li>\n<\/ul>\n<\/div>\n<h2 style=\"text-align: justify;\">La retraite des professions interm\u00e9diaires<\/h2>\n<p style=\"text-align: justify;\">Concernant les professions interm\u00e9diaires, elles rel\u00e8vent majoritairement de la fonction publique. On y retrouve diff\u00e9rentes cat\u00e9gories de m\u00e9tiers :<\/p>\n<ul style=\"text-align: justify;\">\n<li>les professeurs<\/li>\n<li>les employ\u00e9s administratifs<\/li>\n<li>le personnel de service<\/li>\n<\/ul>\n<p style=\"text-align: justify;\"><span style=\"color: #000000;\">Ces cat\u00e9gories sont consid\u00e9r\u00e9es comme des agents de la fonction publique.\u00a0<\/span><\/p>\n<p style=\"text-align: justify;\"><span style=\"color: #000000;\">Les agents de la fonction publique rel\u00e8vent :<\/span><\/p>\n<ul style=\"text-align: justify;\">\n<li><span style=\"color: #000000;\">de la Caisse de Retraite des Agents des Collectivit\u00e9s Locales (CNRACL) pour la fonction territoriale et hospitali\u00e8re ;<\/span><\/li>\n<li><span style=\"color: #000000;\">de la Retraite Additionnelle de la Fonction Publique pour les fonctionnaires de l&rsquo;\u00c9tat ;<\/span><\/li>\n<li><span style=\"color: #000000;\">ou de l&rsquo;Institution de Retraite Compl\u00e9mentaire des Agents Non Titulaires de l<wbr \/>&lsquo;\u00c9tat et des Collectivit\u00e9s publiques (IRCANTEC) pour les contractuels ;<\/span><\/li>\n<\/ul>\n<h2 style=\"text-align: justify;\">Les cas du clerg\u00e9<\/h2>\n<p style=\"text-align: justify;\"><span style=\"color: #000000;\">En France, la Caisse d&rsquo;Assurance Vieillesse Invalidit\u00e9 et Maladie des Cultes (CAVIMAC) r\u00e9git les r\u00e9gimes de retraite pour les ministres et membres du culte. <\/span><\/p>\n<p style=\"text-align: justify;\"><span style=\"color: #000000;\">Ce r\u00e9gime permet de couvrir : <\/span><\/p>\n<ul style=\"text-align: justify;\">\n<li><span style=\"color: #000000;\">maladie, <\/span><\/li>\n<li><span style=\"color: #000000;\">vieillesse<\/span><\/li>\n<li><span style=\"color: #000000;\"> invalidit\u00e9 <\/span><\/li>\n<\/ul>\n<p style=\"text-align: justify;\">Il est int\u00e9gr\u00e9 financi\u00e8rement au r\u00e9gime g\u00e9n\u00e9ral des salari\u00e9s. Ce r\u00e9gime permet d&rsquo;assurer le recouvrement des cotisations sociales avec ces taux :<\/p>\n<ul style=\"text-align: justify;\">\n<li><span style=\"color: #000000;\">7,46 % (sur base unique forfaitaire \u00e9gale au\u00a0<span class=\"sc-rn54lb-0 hRGPu\">SMIC<\/span>) pour la part personnelle<\/span><\/li>\n<li><span style=\"color: #000000;\">10,69 % pour les associations cultuelles.<\/span><\/li>\n<\/ul>\n<h2 style=\"text-align: justify;\">La retraite des employ\u00e9s<\/h2>\n<p style=\"text-align: justify;\">Le r\u00e9gime de retraite des\u00a0salari\u00e9s du secteur priv\u00e9\u00a0regroupe deux r\u00e9gimes obligatoires :<\/p>\n<ul style=\"text-align: justify;\">\n<li>un r\u00e9gime de base par\u00a0trimestres\u00a0g\u00e9r\u00e9 par l&rsquo;Assurance retraite : la\u00a0Caisse Nationale d\u2019Assurance Vieillesse\u00a0(Cnav)\u00a0;<\/li>\n<li>un r\u00e9gime compl\u00e9mentaire \u00e0 points :\u00a0l\u2019Agirc-Arrco.<\/li>\n<\/ul>\n<h2 style=\"text-align: justify;\">La CNAV, le r\u00e9gime g\u00e9n\u00e9ral du secteur priv\u00e9<\/h2>\n<p style=\"text-align: justify;\">La CNAV assure la protection sociale et le recouvrement des cotisations des\u00a0salari\u00e9s du priv\u00e9,\u00a0<span class=\"sc-rn54lb-0 hRGPu\">salari\u00e9s cadres<\/span>\u00a0ou des agents non titulaires de l&rsquo;\u00c9tat.\u00a0Elle est implant\u00e9e sur l&rsquo;ensemble du territoire m\u00e9tropolitain et dans les DOM via les\u00a0caisses de retraite\u00a0CARSAT\u00a0(France m\u00e9tropolitaine), CGSS (R\u00e9union , \u00e0 la Martinique, \u00e0 la Guadeloupe et \u00e0 la Guyane) et CSS (Mayotte).<\/p>\n<p style=\"text-align: justify;\">Dans le secteur priv\u00e9, l&rsquo;\u00e2ge l\u00e9gal de d\u00e9part en retraite est de 64 ans pour tous les employ\u00e9s n\u00e9s apr\u00e8s 1959 (depuis 2023). Le r\u00e9gime de retraite admet cependant plusieurs cas de d\u00e9part anticip\u00e9, au <span class=\"sc-rn54lb-0 hRGPu\">motif de <a href=\"https:\/\/www.mes-allocs.fr\/guides\/retraite\/retraite-par-categorie-socio-professionnelle\/retraite-carriere-longue\/\">carri\u00e8re longue<\/a><\/span>, handicap ou p\u00e9nibilit\u00e9.<\/p>\n<div class='cta-block'><div class='text'>Simulez votre retraite en 2 min.<\/div><a href='https:\/\/www.mes-allocs.fr\/formulaire\/retraite?utm_source=seo&origin=guides\/wp-json\/wp\/v2\/posts\/52018' class='app-button fit'>Simulation gratuite<\/a><\/div>\n","protected":false},"excerpt":{"rendered":"<p>[Mis \u00e0 jour le 11\/02\/2026] A partir d&rsquo;un certain \u00e2ge, il est possible de se retirer de la vie active. Apr\u00e8s cela, la personne \u00e0 la retraite continue de toucher r\u00e9guli\u00e8rement une somme d\u2019argent \u00e0 titre de pension. L&rsquo;\u00e2ge de d\u00e9part \u00e0 la retraite varie selon certaines conditions. Aujourd&rsquo;hui en France, chaque m\u00e9tier est class\u00e9 [&hellip;]<\/p>\n","protected":false},"author":13,"featured_media":52123,"comment_status":"closed","ping_status":"open","sticky":false,"template":"","format":"standard","meta":{"amp_status":"","footnotes":""},"categories":[19177],"tags":[],"class_list":["post-52018","post","type-post","status-publish","format-standard","has-post-thumbnail","hentry","category-retraite"],"yoast_head":"<!-- This site is optimized with the Yoast SEO plugin v14.9 - https:\/\/yoast.com\/wordpress\/plugins\/seo\/ -->\n<title>La retraite par cat\u00e9gorie socioprofessionnelle | Mes-Allocs.fr<\/title>\n<meta name=\"description\" content=\"Chaque cat\u00e9gorie socioprofessionnelle a son r\u00e9gime de retraite et une caisse de retraite. Mes Allocs vous explique laquelle est la v\u00f4tre.\" \/>\n<meta name=\"robots\" content=\"index, follow, max-snippet:-1, max-image-preview:large, max-video-preview:-1\" \/>\n<link rel=\"canonical\" href=\"https:\/\/www.mes-allocs.fr\/guides\/retraite\/categorie-socio-professionnelle-retraite\/\" \/>\n<meta property=\"og:locale\" content=\"fr_FR\" \/>\n<meta property=\"og:type\" content=\"article\" \/>\n<meta property=\"og:title\" content=\"La retraite par cat\u00e9gorie socioprofessionnelle | Mes-Allocs.fr\" \/>\n<meta property=\"og:description\" content=\"Chaque cat\u00e9gorie socioprofessionnelle a son r\u00e9gime de retraite et une caisse de retraite. Mes Allocs vous explique laquelle est la v\u00f4tre.\" \/>\n<meta property=\"og:url\" content=\"https:\/\/www.mes-allocs.fr\/guides\/retraite\/categorie-socio-professionnelle-retraite\/\" \/>\n<meta property=\"og:site_name\" content=\"Mes-Allocs.fr\" \/>\n<meta property=\"article:published_time\" content=\"2022-06-13T15:35:29+00:00\" \/>\n<meta property=\"article:modified_time\" content=\"2026-02-11T17:15:31+00:00\" \/>\n<meta property=\"og:image\" content=\"https:\/\/www.mes-allocs.fr\/guides\/wp-content\/uploads\/2022\/06\/dominik-lange-VUOiQW4OeLI-unsplash.jpg?wsr\" \/>\n\t<meta property=\"og:image:width\" content=\"1920\" \/>\n\t<meta property=\"og:image:height\" content=\"1280\" \/>\n<meta name=\"twitter:card\" content=\"summary_large_image\" \/>\n<script type=\"application\/ld+json\" class=\"yoast-schema-graph\">{\"@context\":\"https:\/\/schema.org\",\"@graph\":[{\"@type\":\"WebSite\",\"@id\":\"https:\/\/www.mes-allocs.fr\/guides\/#website\",\"url\":\"https:\/\/www.mes-allocs.fr\/guides\/\",\"name\":\"Mes-Allocs.fr\",\"description\":\"\",\"potentialAction\":[{\"@type\":\"SearchAction\",\"target\":\"https:\/\/www.mes-allocs.fr\/guides\/?s={search_term_string}\",\"query-input\":\"required name=search_term_string\"}],\"inLanguage\":\"fr-FR\"},{\"@type\":\"ImageObject\",\"@id\":\"https:\/\/www.mes-allocs.fr\/guides\/retraite\/categorie-socio-professionnelle-retraite\/#primaryimage\",\"inLanguage\":\"fr-FR\",\"url\":\"https:\/\/www.mes-allocs.fr\/guides\/wp-content\/uploads\/2022\/06\/dominik-lange-VUOiQW4OeLI-unsplash.jpg?wsr\",\"width\":1920,\"height\":1280,\"caption\":\"cat\\u00e9gorie socio professionnelle retrait\\u00e9\"},{\"@type\":\"WebPage\",\"@id\":\"https:\/\/www.mes-allocs.fr\/guides\/retraite\/categorie-socio-professionnelle-retraite\/#webpage\",\"url\":\"https:\/\/www.mes-allocs.fr\/guides\/retraite\/categorie-socio-professionnelle-retraite\/\",\"name\":\"La retraite par cat\\u00e9gorie socioprofessionnelle | Mes-Allocs.fr\",\"isPartOf\":{\"@id\":\"https:\/\/www.mes-allocs.fr\/guides\/#website\"},\"primaryImageOfPage\":{\"@id\":\"https:\/\/www.mes-allocs.fr\/guides\/retraite\/categorie-socio-professionnelle-retraite\/#primaryimage\"},\"datePublished\":\"2022-06-13T15:35:29+00:00\",\"dateModified\":\"2026-02-11T17:15:31+00:00\",\"author\":{\"@id\":\"https:\/\/www.mes-allocs.fr\/guides\/#\/schema\/person\/c22c1269332026958a3b5505f80b5404\"},\"description\":\"Chaque cat\\u00e9gorie socioprofessionnelle a son r\\u00e9gime de retraite et une caisse de retraite. Mes Allocs vous explique laquelle est la v\\u00f4tre.\",\"inLanguage\":\"fr-FR\"},{\"@type\":\"Person\",\"@id\":\"https:\/\/www.mes-allocs.fr\/guides\/#\/schema\/person\/c22c1269332026958a3b5505f80b5404\",\"name\":\"Flavien Fritz\",\"image\":{\"@type\":\"ImageObject\",\"@id\":\"https:\/\/www.mes-allocs.fr\/guides\/#personlogo\",\"inLanguage\":\"fr-FR\",\"url\":\"https:\/\/www.mes-allocs.fr\/guides\/wp-content\/uploads\/2021\/11\/Flavien-1-150x150.png\",\"caption\":\"Flavien Fritz\"},\"description\":\"Flavien est r\\u00e9dacteur au sein de l'\\u00e9quipe Mes Allocs, sp\\u00e9cialis\\u00e9 en droit priv\\u00e9. Dipl\\u00f4m\\u00e9 de l'Institut Catholique de Vend\\u00e9e, il rejoint Mes Allocs apr\\u00e8s une premi\\u00e8re exp\\u00e9rience entrepreneuriale.\",\"sameAs\":[\"https:\/\/fr.linkedin.com\/in\/flavienfritz\"]}]}<\/script>\n<!-- \/ Yoast SEO plugin. -->","amp_validity":null,"acf":{"faq":{"1":{"question":"Comment ont \u00e9t\u00e9 cr\u00e9e les cat\u00e9gories socioprofessionnelles ?","answer":"En r\u00e8gle g\u00e9n\u00e9ral, l'INSEE s'est bas\u00e9e sur la fonction pour classer 6 PCS\r\n"},"2":{"question":"Y a t-il un r\u00e9gime de retraite pour chaque cat\u00e9gorie ?","answer":"Un r\u00e9gime de retraite particulier ne s'associe pas toujours \u00e0 une cat\u00e9gorie socioprofessionnelle.\r\n"},"3":{"question":"Comment sont r\u00e9partis les r\u00e9gimes de retraite ?","answer":"En\u00a0France, les r\u00e9gimes de retraite sont r\u00e9partis selon les\u00a0secteurs de travail.\r\n"},"4":{"question":"Comment fonctionne la retraite pour les ouvriers salari\u00e9s ?","answer":"Concernant la retraite des ouvriers salari\u00e9s, celle-ci est la m\u00eame que sur celle des employ\u00e9s du secteur priv\u00e9.\r\n"},"5":{"question":"O\u00f9 cotise la cat\u00e9gorie des cadres ?","answer":"Pour la retraite de base, les cadres\u00a0cotisent \u00e0 la\u00a0Caisse Nationale d\u2019Assurance Vieillesse\u00a0(CNAV).\r\n"},"6":{"question":"A quoi sert la CNAV ?","answer":"La CNAV assure la protection sociale et le recouvrement des cotisations des\u00a0salari\u00e9s du priv\u00e9,\u00a0salari\u00e9s cadres\u00a0ou des agents non titulaires de l'\u00c9tat.\r\n"},"7":{"question":"","answer":""},"8":{"question":"","answer":""},"9":{"question":"","answer":""},"10":{"question":"","answer":""},"11":{"question":"","answer":""},"12":{"question":"","answer":""},"13":{"question":"","answer":""},"14":{"question":"","answer":""},"15":{"question":"","answer":""},"16":{"question":"","answer":""}}},"_links":{"self":[{"href":"https:\/\/www.mes-allocs.fr\/guides\/wp-json\/wp\/v2\/posts\/52018","targetHints":{"allow":["GET"]}}],"collection":[{"href":"https:\/\/www.mes-allocs.fr\/guides\/wp-json\/wp\/v2\/posts"}],"about":[{"href":"https:\/\/www.mes-allocs.fr\/guides\/wp-json\/wp\/v2\/types\/post"}],"author":[{"embeddable":true,"href":"https:\/\/www.mes-allocs.fr\/guides\/wp-json\/wp\/v2\/users\/13"}],"replies":[{"embeddable":true,"href":"https:\/\/www.mes-allocs.fr\/guides\/wp-json\/wp\/v2\/comments?post=52018"}],"version-history":[{"count":21,"href":"https:\/\/www.mes-allocs.fr\/guides\/wp-json\/wp\/v2\/posts\/52018\/revisions"}],"predecessor-version":[{"id":108978,"href":"https:\/\/www.mes-allocs.fr\/guides\/wp-json\/wp\/v2\/posts\/52018\/revisions\/108978"}],"wp:featuredmedia":[{"embeddable":true,"href":"https:\/\/www.mes-allocs.fr\/guides\/wp-json\/wp\/v2\/media\/52123"}],"wp:attachment":[{"href":"https:\/\/www.mes-allocs.fr\/guides\/wp-json\/wp\/v2\/media?parent=52018"}],"wp:term":[{"taxonomy":"category","embeddable":true,"href":"https:\/\/www.mes-allocs.fr\/guides\/wp-json\/wp\/v2\/categories?post=52018"},{"taxonomy":"post_tag","embeddable":true,"href":"https:\/\/www.mes-allocs.fr\/guides\/wp-json\/wp\/v2\/tags?post=52018"}],"curies":[{"name":"wp","href":"https:\/\/api.w.org\/{rel}","templated":true}]}}