{"id":52006,"date":"2022-06-08T14:27:19","date_gmt":"2022-06-08T12:27:19","guid":{"rendered":"https:\/\/www.mes-allocs.fr\/guides\/?p=52006"},"modified":"2026-02-11T17:50:53","modified_gmt":"2026-02-11T16:50:53","slug":"retraite-gendarmerie","status":"publish","type":"post","link":"https:\/\/www.mes-allocs.fr\/guides\/retraite\/retraite-par-metier\/retraite-gendarmerie\/","title":{"rendered":"Retraite gendarmerie : \u00e2ge, montant, d\u00e9marches"},"content":{"rendered":"<p><img loading=\"lazy\" decoding=\"async\" class=\"wp-image-52011 aligncenter\" title=\"retraite gendarmerie\" src=\"https:\/\/www.mes-allocs.fr\/guides\/wp-content\/uploads\/2022\/06\/scott-rodgerson-ffH_GkINfyY-unsplash-e1654623461683-300x95.jpg\" alt=\"retraite gendarmerie\" width=\"805\" height=\"255\" srcset=\"https:\/\/www.mes-allocs.fr\/guides\/wp-content\/uploads\/2022\/06\/scott-rodgerson-ffH_GkINfyY-unsplash-e1654623461683-300x95.jpg 300w, https:\/\/www.mes-allocs.fr\/guides\/wp-content\/uploads\/2022\/06\/scott-rodgerson-ffH_GkINfyY-unsplash-e1654623461683-1024x325.jpg 1024w, https:\/\/www.mes-allocs.fr\/guides\/wp-content\/uploads\/2022\/06\/scott-rodgerson-ffH_GkINfyY-unsplash-e1654623461683-768x244.jpg 768w, https:\/\/www.mes-allocs.fr\/guides\/wp-content\/uploads\/2022\/06\/scott-rodgerson-ffH_GkINfyY-unsplash-e1654623461683-1536x487.jpg 1536w, https:\/\/www.mes-allocs.fr\/guides\/wp-content\/uploads\/2022\/06\/scott-rodgerson-ffH_GkINfyY-unsplash-e1654623461683-600x190.jpg 600w, https:\/\/www.mes-allocs.fr\/guides\/wp-content\/uploads\/2022\/06\/scott-rodgerson-ffH_GkINfyY-unsplash-e1654623461683.jpg 1920w\" sizes=\"auto, (max-width: 805px) 100vw, 805px\" \/><\/p>\n<p style=\"text-align: justify;\">[Mis \u00e0 jour le 11\/02\/2026] Les gendarmes rel\u00e8vent d\u2019un <a href=\"https:\/\/www.mes-allocs.fr\/guides\/retraite\/retraite-par-metier\/\">r\u00e9gime de retraite sp\u00e9cial<\/a>\u00a0car ce sont\u00a0des <span class=\"sc-rn54lb-0 hRGPu\">fonctionnaires d&rsquo;\u00c9tat. Cela signifie que<\/span> leurs caisses de retraite de base et compl\u00e9mentaire obligatoires sont la Caisse des pensions civiles et militaires de retraite et la Retraite additionnelle de la fonction publique (RAFP). Cependant, leur r\u00e9gime de retraite est diff\u00e9rent des autres. Mes Allocs vous explique comment fonctionne la <strong>retraite dans la gendarmerie<\/strong>.<\/p>\n<div class='cta-block'><div class='text'>Simulez votre retraite en 2 min.<\/div><a href='https:\/\/www.mes-allocs.fr\/formulaire\/retraite?utm_source=seo&origin=guides\/wp-json\/wp\/v2\/posts\/52006' class='app-button fit'>Simulation gratuite<\/a><\/div>\n<h1>Comment fonctionne la retraite en gendarmerie ?<\/h1>\n<p><span style=\"font-weight: 400;\">Les gendarmes b\u00e9n\u00e9ficient d\u2019un r\u00e9gime sp\u00e9cial de retraite, compos\u00e9 de deux volets :<\/span><b> la retraite de base, g\u00e9r\u00e9e par le Service des retraites de l\u2019\u00c9tat (SRE)<\/b><span style=\"font-weight: 400;\">, et la<\/span><b> retraite compl\u00e9mentaire, assur\u00e9e par la Retraite Additionnelle de la Fonction Publique (RAFP).<\/b><\/p>\n<h1>Quelles conditions de d\u00e9part \u00e0 la retraite pour les gendarmes ?<\/h1>\n<p><span style=\"font-weight: 400;\">Le calcul de la <a href=\"https:\/\/www.mes-allocs.fr\/guides\/retraite\/retraite-par-metier-secteur\/retraite-militaire\/\">retraite des militaires<\/a> est similaire \u00e0 tous les fonctionnaires. Cependant, comme pour certains m\u00e9tiers, il existe un <\/span><span style=\"font-weight: 400;\">r\u00e9gime de retraite sp\u00e9cifique au secteur d\u2019activit\u00e9<\/span><span style=\"font-weight: 400;\">. Les gendarmes b\u00e9n\u00e9ficient donc d\u2019am\u00e9nagements sp\u00e9cifiques \u00e0 cause des caract\u00e9ristiques de leur m\u00e9tier comme la p\u00e9nibilit\u00e9 de leurs conditions de travail, mais \u00e9galement les risques qu\u2019ils encourent.<\/span><\/p>\n<h2>Principe de jouissance imm\u00e9diate<\/h2>\n<h3>Les sous-officiers de carri\u00e8re<\/h3>\n<p><span style=\"font-weight: 400;\">Ils doivent avoir <strong>17 ans de service<\/strong> afin de b\u00e9n\u00e9ficier imm\u00e9diatement de leur retraite<\/span><\/p>\n<p><span style=\"font-weight: 400;\">La limite d\u2019\u00e2ge de d\u00e9part \u00e0 la retraite est fix\u00e9 \u00e0 <strong>58 ans pour les sous-officiers (59 ans pour les majors).<\/strong><\/span><\/p>\n<h3>Les officiers de carri\u00e8re<\/h3>\n<p><span style=\"font-weight: 400;\">Pour eux, il faut avoir servi<strong> 27 ans,<\/strong> pour b\u00e9n\u00e9ficier imm\u00e9diatement de leur retraite.<\/span><\/p>\n<p><span style=\"font-weight: 400;\">L\u2019\u00e2ge maximum de d\u00e9part \u00e0 la retraite est fix\u00e9 \u00e0<strong> 59 ans pour les officiers (60 ans pour les colonels et 63 ans pour les officiers g\u00e9n\u00e9raux)<\/strong><\/span><\/p>\n<h2>Principe de jouissance diff\u00e9r\u00e9e<\/h2>\n<p><span style=\"font-weight: 400;\">Dans le cas o\u00f9 ils ne remplissent pas ces conditions de dur\u00e9e, ils pourront tout de m\u00eame prendre leur retraite<strong> \u00e0 partir de 52 ans<\/strong>.<\/span><\/p>\n<p><iframe loading=\"lazy\" src=\"\/\/www.youtube.com\/embed\/nZ79Bmawt_M\" width=\"560\" height=\"314\" allowfullscreen=\"allowfullscreen\"><\/iframe><\/p>\n<h1>La retraite de base des gendarmes (SRE)<\/h1>\n<h2>Comment est calcul\u00e9e la retraite de base dans la gendarmerie ?<\/h2>\n<h3>Le solde de base brute<\/h3>\n<p><span style=\"font-weight: 400;\">La pension du gendarme retrait\u00e9 correspondra \u00e0 un pourcentage de <strong>solde brute de base<\/strong> qu\u2019il touchait avant son d\u00e9part en retraite. Le solde brute de base est la partie du salaire qui va \u00eatre d\u00e9termin\u00e9e par les crit\u00e8res suivants :<\/span><\/p>\n<ul>\n<li style=\"font-weight: 400;\" aria-level=\"1\"><strong>grade<\/strong><\/li>\n<li style=\"font-weight: 400;\" aria-level=\"1\"><strong>\u00e9chelon<\/strong><\/li>\n<\/ul>\n<p><span style=\"font-weight: 400;\">En plus de ce solde de base brute qui sert de base au calcul, vient s\u2019ajouter l\u2019Indemnit\u00e9 de Suj\u00e9tion Sp\u00e9ciale de Police (ISSP).\u00a0 Celle-ci est disponible \u00e0 partir <strong>de l\u2019\u00e2ge de 50 ans<\/strong>.<\/span><\/p>\n<p><span style=\"font-weight: 400;\">Dans le calcul de la retraite, aucune autre prime n\u2019est prise en compte dans la pension principale. Celles-ci se rajouteront dans le calcul d\u2019une retraite additionnelle.<\/span><\/p>\n<h3>Le taux de liquidation<\/h3>\n<p><span style=\"font-weight: 400;\">Si le gendarme a atteint le nombre d\u2019ann\u00e9es de service n\u00e9cessaire pour partir \u00e0 la retraite, il peut alors demander la liquidation des droits \u00e0 la retraite qu\u2019il a acquis. Cela servira \u00e0 les transformer en pension.<\/span><\/p>\n<p><span style=\"font-weight: 400;\">Selon le nombre de trimestres qu\u2019il a cotis\u00e9 dans la fonction publique, mais \u00e9galement le nombre de trimestres n\u00e9cessaires pour avoir une retraite au taux maximum, le pourcentage de la solde\u00a0 auquel le gendarme aura droit sera calcul\u00e9. C\u2019est ce que l\u2019on appelle le <strong>taux de liquidation.<\/strong><\/span><\/p>\n<p><span style=\"font-weight: 400;\">Si le gendarme a suffisamment cotis\u00e9 de trimestres, son taux maximum sera de <strong>75%<\/strong>.<\/span><\/p>\n<p><span style=\"font-weight: 400;\">Le taux de liquidation va donc d\u00e9pendre du nombre de trimestres requis que le gendarme va avoir cotis\u00e9 dans sa carri\u00e8re.<\/span><\/p>\n<h3>La dur\u00e9e d\u2019assurance tout r\u00e9gime<\/h3>\n<p><strong>Dans le cas o\u00f9 le gendarme a travaill\u00e9 dans le secteur priv\u00e9 avant de devenir gendarme, il a \u00e9galement cotis\u00e9 pour sa retraite pendant ces ann\u00e9es.<\/strong><\/p>\n<p><span style=\"font-weight: 400;\">La dur\u00e9e d\u2019assurance tous r\u00e9gimes confondus correspond alors aux trimestres et bonifications que le gendarme a acquis dans tous les r\u00e9gimes de retraite auquel il a appartenu.<\/span><\/p>\n<p><span style=\"font-weight: 400;\">Pour pouvoir compter ces trimestres dans le calcul de la pension, une d\u00e9cote ou une surcote pourra \u00eatre appliqu\u00e9e sur la pension de base. Cela se fait en fonction de la dur\u00e9e d\u2019assurance.<\/span><\/p>\n<h3>Les bonifications<\/h3>\n<h4>Le b\u00e9n\u00e9fice de campagne<\/h4>\n<p><span style=\"font-weight: 400;\">Le b\u00e9n\u00e9fice de campagne est accord\u00e9 au gendarme lorsque des services ont \u00e9t\u00e9 effectu\u00e9s hors de la zone nationale.<\/span><\/p>\n<p><span style=\"font-weight: 400;\">Cette bonification peut repr\u00e9senter plusieurs valeurs du temps qu\u2019a dur\u00e9 l\u2019op\u00e9ration, selon plusieurs crit\u00e8res. Cette bonification peut donc \u00eatre :<\/span><\/p>\n<ul>\n<li style=\"font-weight: 400;\" aria-level=\"1\"><span style=\"font-weight: 400;\">la moiti\u00e9 du temps de l\u2019op\u00e9ration<\/span><\/li>\n<li style=\"font-weight: 400;\" aria-level=\"1\"><span style=\"font-weight: 400;\">le double du temps de l\u2019op\u00e9ration<\/span><\/li>\n<li style=\"font-weight: 400;\" aria-level=\"1\"><span style=\"font-weight: 400;\">le simple du temps de l\u2019op\u00e9ration<\/span><\/li>\n<\/ul>\n<h4>La bonification du cinqui\u00e8me temps<\/h4>\n<p><span style=\"font-weight: 400;\">Cette bonification va \u00eatre r\u00e9serv\u00e9e aux gendarmes qui ont \u00e0 leur actif au moins 17 ann\u00e9es de service.<\/span><\/p>\n<p><span style=\"font-weight: 400;\">Cette bonification va permettre l\u2019ajout d\u2019un trimestre suppl\u00e9mentaire sur le nombre de trimestres acquis. Cela est possible jusqu\u2019\u00e0 5 ann\u00e9es.<\/span><\/p>\n<h2>Comment faire votre demande de retraite dans la gendarmerie ?<\/h2>\n<p><span style=\"font-weight: 400;\">Afin d\u2019anticiper et de mieux pr\u00e9parer leur d\u00e9part en retraite, il est conseill\u00e9 aux gendarmes de demander leur relev\u00e9 de carri\u00e8re environ 2 ans avant leur d\u00e9part \u00e0 la retraite. Cela est n\u00e9cessaire si des rectifications sont \u00e0 faire.<\/span><\/p>\n<p><span style=\"font-weight: 400;\">Ces rectifications sont possibles\u00a0 lorsqu\u2019une affectation n\u2019appara\u00eet pas.<\/span><\/p>\n<p><span style=\"font-weight: 400;\">Pour les gendarmes \u00e2g\u00e9s <strong>de 30 \u00e0 50 ans<\/strong>, l\u2019administration leur transmet un relev\u00e9 de situation individuelle<strong> tous les 5 ans<\/strong>.<\/span><\/p>\n<p><span style=\"font-weight: 400;\"><strong>A partir de l\u2019\u00e2ge de 55 ans<\/strong>, l\u2019administration leur transmet aussi une estimation de leurs droits \u00e0 la m\u00eame fr\u00e9quence.<\/span><\/p>\n<div class='cta-block'><div class='text'>Simulez votre retraite en 2 min.<\/div><a href='https:\/\/www.mes-allocs.fr\/formulaire\/retraite?utm_source=seo&origin=guides\/wp-json\/wp\/v2\/posts\/52006' class='app-button fit'>Simulation gratuite<\/a><\/div>\n<h1>La retraite additionnelle des gendarmes (RAFP)<\/h1>\n<h2>Comment est calcul\u00e9e la retraite additionnelle des gendarmes ?<\/h2>\n<p><span style=\"font-weight: 400;\">Le r\u00e9gime de retraite additionnelle fonctionne sur un<strong> syst\u00e8me de r\u00e9partition de points.<\/strong><\/span><\/p>\n<p><span style=\"font-weight: 400;\">Le montant de cette pension va \u00eatre annuel et se fera sous forme de rente.<\/span><\/p>\n<p><span style=\"font-weight: 400;\">N\u2019importe quel fonctionnaire peut pr\u00e9tendre \u00e0 cette retraite \u00e0 la condition d\u2019avoir au moins<strong> 60 ans.<\/strong> Il peut l\u2019obtenir peu importe qu\u2019il rel\u00e8ve de la fonction hospitali\u00e8re, territoriale ou d\u2019\u00c9tat.<\/span><\/p>\n<h2>Quel est le montant de la retraite additionnelle des gendarmes ?<\/h2>\n<p><span style=\"font-weight: 400;\">Le montant d\u00e9pend du nombre de points cumul\u00e9s :<\/span><\/p>\n<ul>\n<li><b>Jusqu\u2019\u00e0 4 599 points <\/b><span style=\"font-weight: 400;\">: la retraite est vers\u00e9e enti\u00e8rement en capital \u00e0 votre d\u00e9part.<\/span><\/li>\n<li><b>Entre 4 600 et 5 124 points : <\/b><span style=\"font-weight: 400;\">la retraite est aussi vers\u00e9e en capital, en deux temps : une premi\u00e8re part au d\u00e9part, puis le solde sous 16 mois.<\/span><\/li>\n<li><b>\u00c0 partir de 5 125 points :<\/b><span style=\"font-weight: 400;\"> la retraite est vers\u00e9e sous forme de rente mensuelle \u00e0 vie.<\/span><\/li>\n<\/ul>\n<p><span style=\"font-weight: 400;\">Le calcul prend en compte :<\/span><\/p>\n<p><b>Nombre de points x 1,4386 \u20ac (valeur du point en 2026) x coefficient de majoration x coefficient de conversion (pour le capital) ou sans conversion (pour la rente).<\/b><\/p>\n<p><span style=\"font-weight: 400;\">Plus vous partez tard, plus les coefficients sont avantageux.<\/span><\/p>\n<h2>Retraite additionnelle des gendarmes : comment b\u00e9n\u00e9ficier de la pension de retraite RAFP ?<\/h2>\n<p><span style=\"font-weight: 400;\">Pour b\u00e9n\u00e9ficier de votre retraite compl\u00e9mentaire, vous devez remplir les 2 conditions suivantes :<\/span><\/p>\n<ul>\n<li style=\"font-weight: 400;\" aria-level=\"1\"><span style=\"font-weight: 400;\"><strong>\u00eatre admis \u00e0 la retraite aupr\u00e8s du SRE<\/strong> si vous \u00eates fonctionnaire d\u2019\u00c9tat, <strong>ou de la CNRACL<\/strong>, si vous \u00eates fonctionnaire territorial ou hospitalier<\/span><\/li>\n<li style=\"font-weight: 400;\" aria-level=\"1\"><span style=\"font-weight: 400;\">avoir atteint au minimum <strong>l\u2019\u00e2ge l\u00e9gal de d\u00e9part \u00e0 la retraite<\/strong><\/span><\/li>\n<\/ul>\n<h2>Comment cotiser \u00e0 la RAFP ?<\/h2>\n<h3>La r\u00e9mun\u00e9ration prise en compte<\/h3>\n<p><span style=\"font-weight: 400;\">Vous cotisez au r\u00e9gime de la RAFP sur la base des \u00e9l\u00e9ments de r\u00e9mun\u00e9ration suivants :<\/span><\/p>\n<ul>\n<li style=\"font-weight: 400;\" aria-level=\"1\"><span style=\"font-weight: 400;\">les primes et indemnit\u00e9s<\/span><\/li>\n<li style=\"font-weight: 400;\" aria-level=\"1\"><span style=\"font-weight: 400;\">les avantages en nature<\/span><\/li>\n<li style=\"font-weight: 400;\" aria-level=\"1\"><span style=\"font-weight: 400;\">toute autre r\u00e9mun\u00e9ration sur laquelle vous ne cotisez pas au r\u00e9gime des pensions civiles et militaires de retraite ou \u00e0 la CNRACL<\/span><\/li>\n<\/ul>\n<p><span style=\"font-weight: 400;\">La RAFP va prendre en compte l<strong>es avantages en nature<\/strong> (logement ou v\u00e9hicule de fonction dans une entreprise par exemple) pour leur valeur d\u00e9clar\u00e9e fiscalement.<\/span><\/p>\n<p><span style=\"font-weight: 400;\">L\u2019ensemble de ces \u00e9l\u00e9ments de r\u00e9mun\u00e9ration est pris en compte.<\/span><\/p>\n<p><span style=\"font-weight: 400;\">Cependant, la limite est fix\u00e9e \u00e0 <strong>20 %<\/strong> du montant de votre traitement indiciaire brut annuel.<\/span><\/p>\n<h3>Les taux de cotisation<\/h3>\n<p><span style=\"font-weight: 400;\">Vous cotisez \u00e0 hauteur de <strong>5 %<\/strong> des r\u00e9mun\u00e9rations prises en compte. L\u2019administration qui vous emploie cotise \u00e9galement \u00e0 hauteur de 5%.<\/span><\/p>\n<h1>Comment compl\u00e9ter sa retraite en gendarmerie ?<\/h1>\n<p><span style=\"font-weight: 400;\">Au-del\u00e0 des retraites de base (SRE) et compl\u00e9mentaire (RAFP), les gendarmes peuvent renforcer leur future pension par des dispositifs d\u2019\u00e9pargne personnelle.\u00a0<\/span><\/p>\n<p><span style=\"font-weight: 400;\">Le <strong>Plan d\u2019\u00c9pargne Retraite (PER)<\/strong> est particuli\u00e8rement avantageux fiscalement. L\u2019investissement immobilier locatif permet aussi de g\u00e9n\u00e9rer des revenus r\u00e9guliers \u00e0 la retraite. Certains choisissent l\u2019<strong>assurance-vie<\/strong> pour diversifier leur patrimoine.\u00a0<\/span><\/p>\n<p><span style=\"font-weight: 400;\">Commencer t\u00f4t permet de b\u00e9n\u00e9ficier d\u2019un effet de capitalisation int\u00e9ressant.<\/span><\/p>\n<div class='cta-block'><div class='text'>Simulez votre retraite en 2 min.<\/div><a href='https:\/\/www.mes-allocs.fr\/formulaire\/retraite?utm_source=seo&origin=guides\/wp-json\/wp\/v2\/posts\/52006' class='app-button fit'>Simulation gratuite<\/a><\/div>\n","protected":false},"excerpt":{"rendered":"<p>[Mis \u00e0 jour le 11\/02\/2026] Les gendarmes rel\u00e8vent d\u2019un r\u00e9gime de retraite sp\u00e9cial\u00a0car ce sont\u00a0des fonctionnaires d&rsquo;\u00c9tat. Cela signifie que leurs caisses de retraite de base et compl\u00e9mentaire obligatoires sont la Caisse des pensions civiles et militaires de retraite et la Retraite additionnelle de la fonction publique (RAFP). Cependant, leur r\u00e9gime de retraite est diff\u00e9rent [&hellip;]<\/p>\n","protected":false},"author":13,"featured_media":52010,"comment_status":"closed","ping_status":"open","sticky":false,"template":"","format":"standard","meta":{"amp_status":"","footnotes":""},"categories":[19177,21723],"tags":[],"class_list":["post-52006","post","type-post","status-publish","format-standard","has-post-thumbnail","hentry","category-retraite","category-retraite-par-metier"],"yoast_head":"<!-- This site is optimized with the Yoast SEO plugin v14.9 - https:\/\/yoast.com\/wordpress\/plugins\/seo\/ -->\n<title>Retraite gendarmerie : \u00e2ge, montant, d\u00e9marches | Mes-Allocs.fr<\/title>\n<meta name=\"description\" content=\"Les employ\u00e9s de gendarmerie sont des fonctionnaires d&#039;\u00c9tat. Mais leur r\u00e9gime de retraite est diff\u00e9rent des salari\u00e9s de la fonction publique.\" \/>\n<meta name=\"robots\" content=\"index, follow, max-snippet:-1, max-image-preview:large, max-video-preview:-1\" \/>\n<link rel=\"canonical\" href=\"https:\/\/www.mes-allocs.fr\/guides\/retraite\/retraite-par-metier\/retraite-gendarmerie\/\" \/>\n<meta property=\"og:locale\" content=\"fr_FR\" \/>\n<meta property=\"og:type\" content=\"article\" \/>\n<meta property=\"og:title\" content=\"Retraite gendarmerie : \u00e2ge, montant, d\u00e9marches | Mes-Allocs.fr\" \/>\n<meta property=\"og:description\" content=\"Les employ\u00e9s de gendarmerie sont des fonctionnaires d&#039;\u00c9tat. Mais leur r\u00e9gime de retraite est diff\u00e9rent des salari\u00e9s de la fonction publique.\" \/>\n<meta property=\"og:url\" content=\"https:\/\/www.mes-allocs.fr\/guides\/retraite\/retraite-par-metier\/retraite-gendarmerie\/\" \/>\n<meta property=\"og:site_name\" content=\"Mes-Allocs.fr\" \/>\n<meta property=\"article:published_time\" content=\"2022-06-08T12:27:19+00:00\" \/>\n<meta property=\"article:modified_time\" content=\"2026-02-11T16:50:53+00:00\" \/>\n<meta property=\"og:image\" content=\"https:\/\/www.mes-allocs.fr\/guides\/wp-content\/uploads\/2022\/06\/r-d-smith-od3jdQqX8O8-unsplash-e1654623409931.jpg?wsr\" \/>\n\t<meta property=\"og:image:width\" content=\"1920\" \/>\n\t<meta property=\"og:image:height\" content=\"1281\" \/>\n<meta name=\"twitter:card\" content=\"summary_large_image\" \/>\n<script type=\"application\/ld+json\" class=\"yoast-schema-graph\">{\"@context\":\"https:\/\/schema.org\",\"@graph\":[{\"@type\":\"WebSite\",\"@id\":\"https:\/\/www.mes-allocs.fr\/guides\/#website\",\"url\":\"https:\/\/www.mes-allocs.fr\/guides\/\",\"name\":\"Mes-Allocs.fr\",\"description\":\"\",\"potentialAction\":[{\"@type\":\"SearchAction\",\"target\":\"https:\/\/www.mes-allocs.fr\/guides\/?s={search_term_string}\",\"query-input\":\"required name=search_term_string\"}],\"inLanguage\":\"fr-FR\"},{\"@type\":\"ImageObject\",\"@id\":\"https:\/\/www.mes-allocs.fr\/guides\/retraite\/retraite-par-metier\/retraite-gendarmerie\/#primaryimage\",\"inLanguage\":\"fr-FR\",\"url\":\"https:\/\/www.mes-allocs.fr\/guides\/wp-content\/uploads\/2022\/06\/r-d-smith-od3jdQqX8O8-unsplash-e1654623409931.jpg?wsr\",\"width\":1920,\"height\":1281,\"caption\":\"retraite gendarmerie\"},{\"@type\":\"WebPage\",\"@id\":\"https:\/\/www.mes-allocs.fr\/guides\/retraite\/retraite-par-metier\/retraite-gendarmerie\/#webpage\",\"url\":\"https:\/\/www.mes-allocs.fr\/guides\/retraite\/retraite-par-metier\/retraite-gendarmerie\/\",\"name\":\"Retraite gendarmerie : \\u00e2ge, montant, d\\u00e9marches | Mes-Allocs.fr\",\"isPartOf\":{\"@id\":\"https:\/\/www.mes-allocs.fr\/guides\/#website\"},\"primaryImageOfPage\":{\"@id\":\"https:\/\/www.mes-allocs.fr\/guides\/retraite\/retraite-par-metier\/retraite-gendarmerie\/#primaryimage\"},\"datePublished\":\"2022-06-08T12:27:19+00:00\",\"dateModified\":\"2026-02-11T16:50:53+00:00\",\"author\":{\"@id\":\"https:\/\/www.mes-allocs.fr\/guides\/#\/schema\/person\/c22c1269332026958a3b5505f80b5404\"},\"description\":\"Les employ\\u00e9s de gendarmerie sont des fonctionnaires d'\\u00c9tat. Mais leur r\\u00e9gime de retraite est diff\\u00e9rent des salari\\u00e9s de la fonction publique.\",\"inLanguage\":\"fr-FR\"},{\"@type\":\"Person\",\"@id\":\"https:\/\/www.mes-allocs.fr\/guides\/#\/schema\/person\/c22c1269332026958a3b5505f80b5404\",\"name\":\"Flavien Fritz\",\"image\":{\"@type\":\"ImageObject\",\"@id\":\"https:\/\/www.mes-allocs.fr\/guides\/#personlogo\",\"inLanguage\":\"fr-FR\",\"url\":\"https:\/\/www.mes-allocs.fr\/guides\/wp-content\/uploads\/2021\/11\/Flavien-1-150x150.png\",\"caption\":\"Flavien Fritz\"},\"description\":\"Flavien est r\\u00e9dacteur au sein de l'\\u00e9quipe Mes Allocs, sp\\u00e9cialis\\u00e9 en droit priv\\u00e9. Dipl\\u00f4m\\u00e9 de l'Institut Catholique de Vend\\u00e9e, il rejoint Mes Allocs apr\\u00e8s une premi\\u00e8re exp\\u00e9rience entrepreneuriale.\",\"sameAs\":[\"https:\/\/fr.linkedin.com\/in\/flavienfritz\"]}]}<\/script>\n<!-- \/ Yoast SEO plugin. -->","amp_validity":null,"acf":{"faq":{"1":{"question":"Quand les sous-officiers peuvent ils b\u00e9n\u00e9ficier de la retraite ?","answer":"Ils doivent avoir 17 ans de service afin de b\u00e9n\u00e9ficier imm\u00e9diatement de leur retraite\r\n"},"2":{"question":"Quand les officiers peuvent-ils b\u00e9n\u00e9ficier de la retraite ?","answer":"il faut avoir servi 27 ans, pour b\u00e9n\u00e9ficier imm\u00e9diatement de leur retraite.\r\n"},"3":{"question":"Dans d'autres cas, quel est l'\u00e2ge de d\u00e9part \u00e0 la retraite ?","answer":"Dans le cas o\u00f9 ils ne remplissent pas ces conditions de dur\u00e9e, ils pourront tout de m\u00eame prendre leur retraite \u00e0 partir de 52 ans.\r\n"},"4":{"question":"Qu'est-ce que le solde de base brute ?","answer":"La pension du gendarme retrait\u00e9 correspondra \u00e0 un pourcentage de la solde brute de base qu\u2019il touchait avant son d\u00e9part en retraite.\r\n"},"5":{"question":"A quoi sert le taux de liquidation ?","answer":"Si le gendarme a atteint le nombre d\u2019ann\u00e9es de service n\u00e9cessaire pour partir \u00e0 la retraite, il peut alors demander la liquidation des droits \u00e0 la retraite qu\u2019il a acquis.\r\n"},"6":{"question":"A qui est r\u00e9serv\u00e9e la bonification du cinqui\u00e8me temps ?","answer":"Cette bonification va \u00eatre r\u00e9serv\u00e9e aux gendarmes qui ont \u00e0 leur actif au moins 17 ann\u00e9es de service.\r\n"},"7":{"question":"","answer":""},"8":{"question":"","answer":""},"9":{"question":"","answer":""},"10":{"question":"","answer":""},"11":{"question":"","answer":""},"12":{"question":"","answer":""},"13":{"question":"","answer":""},"14":{"question":"","answer":""},"15":{"question":"","answer":""},"16":{"question":"","answer":""}}},"_links":{"self":[{"href":"https:\/\/www.mes-allocs.fr\/guides\/wp-json\/wp\/v2\/posts\/52006","targetHints":{"allow":["GET"]}}],"collection":[{"href":"https:\/\/www.mes-allocs.fr\/guides\/wp-json\/wp\/v2\/posts"}],"about":[{"href":"https:\/\/www.mes-allocs.fr\/guides\/wp-json\/wp\/v2\/types\/post"}],"author":[{"embeddable":true,"href":"https:\/\/www.mes-allocs.fr\/guides\/wp-json\/wp\/v2\/users\/13"}],"replies":[{"embeddable":true,"href":"https:\/\/www.mes-allocs.fr\/guides\/wp-json\/wp\/v2\/comments?post=52006"}],"version-history":[{"count":22,"href":"https:\/\/www.mes-allocs.fr\/guides\/wp-json\/wp\/v2\/posts\/52006\/revisions"}],"predecessor-version":[{"id":108962,"href":"https:\/\/www.mes-allocs.fr\/guides\/wp-json\/wp\/v2\/posts\/52006\/revisions\/108962"}],"wp:featuredmedia":[{"embeddable":true,"href":"https:\/\/www.mes-allocs.fr\/guides\/wp-json\/wp\/v2\/media\/52010"}],"wp:attachment":[{"href":"https:\/\/www.mes-allocs.fr\/guides\/wp-json\/wp\/v2\/media?parent=52006"}],"wp:term":[{"taxonomy":"category","embeddable":true,"href":"https:\/\/www.mes-allocs.fr\/guides\/wp-json\/wp\/v2\/categories?post=52006"},{"taxonomy":"post_tag","embeddable":true,"href":"https:\/\/www.mes-allocs.fr\/guides\/wp-json\/wp\/v2\/tags?post=52006"}],"curies":[{"name":"wp","href":"https:\/\/api.w.org\/{rel}","templated":true}]}}