{"id":51985,"date":"2022-06-23T17:45:48","date_gmt":"2022-06-23T15:45:48","guid":{"rendered":"https:\/\/www.mes-allocs.fr\/guides\/?p=51985"},"modified":"2026-02-10T16:58:44","modified_gmt":"2026-02-10T15:58:44","slug":"retraite-fonctionnaire","status":"publish","type":"post","link":"https:\/\/www.mes-allocs.fr\/guides\/retraite\/retraite-par-metier\/retraite-fonctionnaire\/","title":{"rendered":"Retraite des fonctionnaires : \u00e2ge, calcul et montant"},"content":{"rendered":"<p style=\"text-align: justify;\"><img loading=\"lazy\" decoding=\"async\" class=\"alignnone wp-image-51991\" title=\"retraite fonctionnaire\" src=\"https:\/\/www.mes-allocs.fr\/guides\/wp-content\/uploads\/2022\/06\/anukrati-omar-NZFJYpkwIXc-unsplash-e1654614216751-300x62.jpg\" alt=\"retraite fonctionnaire\" width=\"818\" height=\"169\" srcset=\"https:\/\/www.mes-allocs.fr\/guides\/wp-content\/uploads\/2022\/06\/anukrati-omar-NZFJYpkwIXc-unsplash-e1654614216751-300x62.jpg 300w, https:\/\/www.mes-allocs.fr\/guides\/wp-content\/uploads\/2022\/06\/anukrati-omar-NZFJYpkwIXc-unsplash-e1654614216751-1024x212.jpg 1024w, https:\/\/www.mes-allocs.fr\/guides\/wp-content\/uploads\/2022\/06\/anukrati-omar-NZFJYpkwIXc-unsplash-e1654614216751-768x159.jpg 768w, https:\/\/www.mes-allocs.fr\/guides\/wp-content\/uploads\/2022\/06\/anukrati-omar-NZFJYpkwIXc-unsplash-e1654614216751-1536x318.jpg 1536w, https:\/\/www.mes-allocs.fr\/guides\/wp-content\/uploads\/2022\/06\/anukrati-omar-NZFJYpkwIXc-unsplash-e1654614216751-600x124.jpg 600w, https:\/\/www.mes-allocs.fr\/guides\/wp-content\/uploads\/2022\/06\/anukrati-omar-NZFJYpkwIXc-unsplash-e1654614216751.jpg 1920w\" sizes=\"auto, (max-width: 818px) 100vw, 818px\" \/><\/p>\n<p style=\"text-align: justify;\">[Mis\u00a0 \u00e0 jour le 10\/02\/2026] Pour b\u00e9n\u00e9ficier d&rsquo;une retraite en tant que fonctionnaire, vous devez avoir travaill\u00e9 au moins 2 ans comme fonctionnaire (stagiaire ou titulaire) dans un ou plusieurs emplois de cat\u00e9gorie s\u00e9dentaire. Les conditions pour la fonction publique sont donc diff\u00e9rentes de celles pour la <a href=\"https:\/\/www.mes-allocs.fr\/guides\/retraite\/retraite-par-metier\/\">retraite des autres m\u00e9tiers<\/a>.\u00a0Alors, comment fonctionne la <strong>retraite des fonctionnaires<\/strong> ? Mes Allocs vous explique.<\/p>\n<p style=\"text-align: justify;\"><div class='cta-block'><div class='text'>Simulez votre retraite en 2 min.<\/div><a href='https:\/\/www.mes-allocs.fr\/formulaire\/retraite?utm_source=seo&origin=guides\/wp-json\/wp\/v2\/posts\/51985' class='app-button fit'>Simulation gratuite<\/a><\/div><\/p>\n<h1>\u00c0 quel \u00e2ge un fonctionnaire peut-il partir \u00e0 la retraite ?<\/h1>\n<h2>Comment obtenir une pension de retraite \u00e0 taux plein en tant que fonctionnaire ?<\/h2>\n<p><span style=\"font-weight: 400;\">Le fonctionnaire peut b\u00e9n\u00e9ficier d\u2019une retraite<strong> \u00e0 taux plein<\/strong>, c\u2019est-\u00e0-dire sans d\u00e9cote.<\/span><\/p>\n<p><span style=\"font-weight: 400;\">Pour cela, il doit justifier\u202f:<\/span><\/p>\n<ul>\n<li style=\"font-weight: 400;\" aria-level=\"1\"><span style=\"font-weight: 400;\">soit d\u2019un certain nombre de<strong> trimestres d\u2019assurance<\/strong>, qui varie en fonction de l\u2019ann\u00e9e \u00e0 partir de laquelle le droit \u00e0 la retraite est ouvert.<\/span><\/li>\n<li style=\"font-weight: 400;\" aria-level=\"1\"><span style=\"font-weight: 400;\">soit d\u2019un certain \u00e2ge, quelle que soit sa dur\u00e9e d\u2019assurance, lorsqu\u2019il part en retraite\u202f:<\/span>\n<ul>\n<li style=\"font-weight: 400;\" aria-level=\"2\"><span style=\"font-weight: 400;\"><strong>entre 62 ans et 9 mois et 67 ans<\/strong> pour la cat\u00e9gorie s\u00e9dentaire<\/span><\/li>\n<li style=\"font-weight: 400;\" aria-level=\"2\"><span style=\"font-weight: 400;\"><strong>\u00e0 partir de 57 ans<\/strong>\u00a0pour la cat\u00e9gorie active<\/span><\/li>\n<\/ul>\n<\/li>\n<\/ul>\n<h2>Comment est calcul\u00e9e la retraite d\u2019un fonctionnaire ?<\/h2>\n<h3>Quel est le dernier traitement indiciaire brut ?<\/h3>\n<p><span style=\"font-weight: 400;\">Le <strong>dernier traitement indiciaire brut<\/strong> repr\u00e9sente <strong>l\u2019indice major\u00e9<\/strong> qui correspond \u00e0 l\u2019emploi, grade, ou \u00e9chelon que vous avez obtenu pendant six mois cons\u00e9cutifs avant la date de cessation de vos fonctions.<\/span><\/p>\n<p><span style=\"font-weight: 400;\">Si il n\u2019y en a pas eu, ce sera alors le traitement pr\u00e9c\u00e9dent remplissant ces conditions qui servira de base de calcul.<\/span><\/p>\n<h3>Les trimestres liquidables : comment sont-ils comptabilis\u00e9s ?<\/h3>\n<p><span style=\"font-weight: 400;\">Les <strong>trimestres liquidables<\/strong> correspondent \u00e0 la dur\u00e9e d\u2019assurance (<strong>p\u00e9riodes cotis\u00e9es<\/strong>) et aux <strong>bonifications<\/strong>.<\/span><\/p>\n<p><span style=\"font-weight: 400;\">Ces bonifications sont des trimestres suppl\u00e9mentaires non cotis\u00e9s qui s\u2019ajoutent \u00e0 la dur\u00e9e des services accomplis<\/span><\/p>\n<p><span style=\"font-weight: 400;\">La dur\u00e9e des services et bonifications du fonctionnaire sera compt\u00e9e en trimestres. Cette fraction de trimestre <strong>\u00e9gale ou sup\u00e9rieure \u00e0 45 jours<\/strong> est compt\u00e9e pour un trimestre. Une fraction de trimestre inf\u00e9rieure \u00e0 45 jours ne sera pas prise en compte.<\/span><\/p>\n<h3>Pourquoi la dur\u00e9e d\u2019assurance tous r\u00e9gimes confondus est-elle importante ?<\/h3>\n<p><span style=\"font-weight: 400;\">La dur\u00e9e d\u2019assurance tous r\u00e9gimes confondus est compos\u00e9e de l\u2019ensemble des p\u00e9riodes valid\u00e9es par le fonctionnaire dans tous les r\u00e9gimes.<\/span><\/p>\n<p><span style=\"font-weight: 400;\"><strong>Si vous partez en retraite sans avoir le nombre de trimestres exig\u00e9, le montant de votre retraite sera r\u00e9duit.<\/strong> Ce montant sera r\u00e9duit selon le nombre de trimestres qui vous manquent. Cette r\u00e9duction s\u2019appelle une d\u00e9cote.<\/span><\/p>\n<p><iframe loading=\"lazy\" src=\"\/\/www.youtube.com\/embed\/nZ79Bmawt_M\" width=\"560\" height=\"314\" allowfullscreen=\"allowfullscreen\"><\/iframe><\/p>\n<div>\n<h1>La retraite \u00e0 taux plein selon le statut du fonctionnaire<\/h1>\n<h2>Retraite des fonctionnaires s\u00e9dentaires<\/h2>\n<p><span style=\"font-weight: 400;\">Pour avoir droit \u00e0 une retraite \u00e0 taux plein, il faut que vous remplissiez l\u2019une des 2 conditions suivantes :<\/span><\/p>\n<ul>\n<li style=\"font-weight: 400;\" aria-level=\"1\"><span style=\"font-weight: 400;\">si vous justifiez d\u2019un nombre de<strong> trimestres d\u2019assurance retraite<\/strong> d\u00e9termin\u00e9. Tous les trimestres que vous aurez obtenu aupr\u00e8s des diff\u00e9rents r\u00e9gimes de retraite obligatoires (que ce soit dans la fonction publique ou dans le secteur priv\u00e9) sont pris en compte.<\/span><\/li>\n<li style=\"font-weight: 400;\" aria-level=\"1\"><span style=\"font-weight: 400;\">si vous avez atteint un <strong>\u00e2ge<\/strong> d\u00e9termin\u00e9 qui vous donne droit automatiquement \u00e0 une retraite \u00e0 taux plein, quel que soit votre nombre de trimestres d\u2019assurance retraite.<\/span><\/li>\n<\/ul>\n<p><span style=\"font-weight: 400;\">Le nombre de trimestres exig\u00e9 et l\u2019\u00e2ge du taux plein automatique varient selon votre ann\u00e9e de naissance.<\/span><\/p>\n<h2>Retraite des fonctionnaires actifs<\/h2>\n<p><span style=\"font-weight: 400;\">Les fonctionnaires ayant exerc\u00e9 des emplois class\u00e9s en cat\u00e9gorie active peuvent b\u00e9n\u00e9ficier d\u2019un<strong> d\u00e9part \u00e0 la retraite anticip\u00e9<\/strong>, en raison de conditions de travail plus contraignantes. Depuis septembre 2023, l\u2019\u00e2ge minimum est progressivement relev\u00e9 pour atteindre<strong> 59 ans d\u2019ici 2030<\/strong> (ou 54 ans pour les emplois super-actifs). D\u00e9sormais, les p\u00e9riodes effectu\u00e9es comme contractuel dans un poste actif, jusqu\u2019\u00e0 <strong>10 ans avant titularisation<\/strong>, sont aussi prises en compte.<\/span><\/p>\n<div class='cta-block'><div class='text'>Simulez votre retraite en 2 min.<\/div><a href='https:\/\/www.mes-allocs.fr\/formulaire\/retraite?utm_source=seo&origin=guides\/wp-json\/wp\/v2\/posts\/51985' class='app-button fit'>Simulation gratuite<\/a><\/div>\n<h1>Quel est le montant de la retraite de base des fonctionnaires ?<\/h1>\n<p><span style=\"font-weight: 400;\">La pension de retraite d\u2019un fonctionnaire ne peut pas \u00eatre inf\u00e9rieure au <\/span><b>minimum garanti<\/b><span style=\"font-weight: 400;\">.<\/span><\/p>\n<p><span style=\"font-weight: 400;\">Si la pension de base est inf\u00e9rieure \u00e0 ce seuil, elle est automatiquement augment\u00e9e.<\/span><\/p>\n<ul>\n<li style=\"font-weight: 400;\" aria-level=\"1\"><b>Moins de 15 ans de service<\/b><span style=\"font-weight: 400;\"> : calcul selon la formule 1 366,34 \u20ac \u00d7 (ann\u00e9es de service \u00f7 dur\u00e9e requise pour taux plein).<\/span><\/li>\n<li style=\"font-weight: 400;\" aria-level=\"1\"><b>Entre 15 et 40 ans de service<\/b><span style=\"font-weight: 400;\"> : pourcentage progressif du montant de r\u00e9f\u00e9rence (1 366,34 \u20ac), selon les ann\u00e9es.<\/span><\/li>\n<li style=\"font-weight: 400;\" aria-level=\"1\"><b>40 ans ou plus de service<\/b><span style=\"font-weight: 400;\"> : minimum garanti fix\u00e9 \u00e0 <\/span><b>1 366,34 \u20ac brut par mois<\/b><span style=\"font-weight: 400;\">.<\/span><\/li>\n<\/ul>\n<h1>La retraite compl\u00e9mentaire des fonctionnaires : la RAFP<\/h1>\n<p><span style=\"font-weight: 400;\">La pension de retraite d\u2019un fonctionnaire ne peut \u00eatre inf\u00e9rieure au <\/span><b>minimum garanti<\/b><span style=\"font-weight: 400;\">.<\/span><\/p>\n<p><span style=\"font-weight: 400;\">Si la pension de base est inf\u00e9rieure, elle est revaloris\u00e9e pour atteindre ce seuil.<\/span><\/p>\n<ul>\n<li style=\"font-weight: 400;\" aria-level=\"1\"><b>Moins de 15 ans de services<\/b><span style=\"font-weight: 400;\"> : calcul selon la formule 1 366,34 \u20ac \u00d7 (ann\u00e9es de service \u00f7 dur\u00e9e requise pour une retraite \u00e0 taux plein).<\/span><\/li>\n<li style=\"font-weight: 400;\" aria-level=\"1\"><b>De 15 \u00e0 39 ans de services<\/b><span style=\"font-weight: 400;\"> :<\/span>\n<ul>\n<li style=\"font-weight: 400;\" aria-level=\"1\"><span style=\"font-weight: 400;\"><strong>57,5 %<\/strong> de<strong> 1 366,34 \u20ac<\/strong> pour les <strong>15 premi\u00e8res ann\u00e9es<\/strong>,<\/span><\/li>\n<li style=\"font-weight: 400;\" aria-level=\"1\"><span style=\"font-weight: 400;\"><strong>+2,5 points<\/strong> par ann\u00e9e <strong>entre 15 et 30 ans<\/strong>,<\/span><\/li>\n<li style=\"font-weight: 400;\" aria-level=\"1\"><span style=\"font-weight: 400;\"><strong>+0,5 point<\/strong> par ann\u00e9e entre <strong>30 et 40 ans.<\/strong><\/span><\/li>\n<\/ul>\n<\/li>\n<li style=\"font-weight: 400;\" aria-level=\"1\">\u00a0<b>40 ans ou plus<\/b><span style=\"font-weight: 400;\"> : minimum garanti = <strong>1 366,34<\/strong><\/span><b>\u00a0\u20ac brut\/mois<\/b><span style=\"font-weight: 400;\">.<\/span><\/li>\n<\/ul>\n<h2>Qui peut b\u00e9n\u00e9ficier de la RAFP ?<\/h2>\n<p><span style=\"font-weight: 400;\">Pour b\u00e9n\u00e9ficier de votre retraite compl\u00e9mentaire, vous devez remplir les 2 conditions suivantes :<\/span><\/p>\n<ul>\n<li style=\"font-weight: 400;\" aria-level=\"1\"><span style=\"font-weight: 400;\"><strong>\u00eatre admis \u00e0 la retraite aupr\u00e8s du SRE<\/strong> si vous \u00eates fonctionnaire d\u2019\u00c9tat, ou de la CNRACL, si vous \u00eates fonctionnaire territorial ou hospitalier<\/span><\/li>\n<li style=\"font-weight: 400;\" aria-level=\"1\"><strong>avoir atteint au minimum l\u2019\u00e2ge l\u00e9gal de d\u00e9part \u00e0 la retraite<\/strong><\/li>\n<\/ul>\n<h2>Comment fonctionne la cotisation \u00e0 la RAFP ?<\/h2>\n<h3>Quels \u00e9l\u00e9ments de r\u00e9mun\u00e9ration sont pris en compte ?<\/h3>\n<p><span style=\"font-weight: 400;\">Vous cotisez \u00e0 la RAFP (Retraite Additionnelle de la Fonction Publique) sur certains compl\u00e9ments de r\u00e9mun\u00e9ration :<\/span><\/p>\n<ul>\n<li style=\"font-weight: 400;\" aria-level=\"1\"><strong>Primes et indemnit\u00e9s<\/strong><\/li>\n<li style=\"font-weight: 400;\" aria-level=\"1\"><span style=\"font-weight: 400;\"><strong>Avantages en nature<\/strong> (logement, v\u00e9hicule de fonction\u2026)<\/span><\/li>\n<li style=\"font-weight: 400;\" aria-level=\"1\"><span style=\"font-weight: 400;\"><strong>Toute r\u00e9mun\u00e9ration non soumise \u00e0 la retraite de base<\/strong> (r\u00e9gime des pensions civiles\/militaires ou CNRACL)<\/span><\/li>\n<\/ul>\n<p><span style=\"font-weight: 400;\">Les avantages en nature sont pris en compte selon leur valeur fiscale d\u00e9clar\u00e9e.<\/span><span style=\"font-weight: 400;\"><br \/>\n<\/span><span style=\"font-weight: 400;\"> Cependant, l\u2019ensemble de ces \u00e9l\u00e9ments est plafonn\u00e9 : seule une r\u00e9mun\u00e9ration \u00e9quivalente \u00e0 <\/span><b>20 % maximum<\/b><span style=\"font-weight: 400;\"> de votre <\/span><b>traitement indiciaire brut annuel<\/b><span style=\"font-weight: 400;\"> peut \u00eatre soumise \u00e0 cotisation \u00e0 la RAFP.<\/span><\/p>\n<h3>Quels sont les taux de cotisation appliqu\u00e9s ?<\/h3>\n<p><span style=\"font-weight: 400;\">Vous cotisez \u00e0 hauteur de <strong>5 %<\/strong> des r\u00e9mun\u00e9rations prises en compte. L\u2019administration qui vous emploie cotise \u00e9galement \u00e0 hauteur de 5%.<\/span><\/p>\n<h2>Quel est le montant de la RAFP et comment est-il calcul\u00e9 ?<\/h2>\n<p><span style=\"font-weight: 400;\">Le r\u00e9gime de la RAFP est un r\u00e9gime de <strong>retraite par points.<\/strong><\/span><\/p>\n<p><span style=\"font-weight: 400;\">Les cotisations vers\u00e9es permettent d\u2019accumuler des points. Avec ces points, sera calcul\u00e9 le montant de votre pension de retraite compl\u00e9mentaire.<\/span><\/p>\n<h1>Fonctionnaire : comment demander votre retraite ?<\/h1>\n<ul>\n<li style=\"font-weight: 400;\" aria-level=\"1\"><span style=\"font-weight: 400;\">Faites votre demande de retraite en ligne via votre compte sur <\/span><b>Info Retraite<\/b><span style=\"font-weight: 400;\">.<\/span><\/li>\n<li style=\"font-weight: 400;\" aria-level=\"1\"><span style=\"font-weight: 400;\">Une seule demande suffit pour toutes vos caisses de retraite.<\/span><\/li>\n<li style=\"font-weight: 400;\" aria-level=\"1\"><span style=\"font-weight: 400;\">Le formulaire est <\/span><b>pr\u00e9-rempli<\/b><span style=\"font-weight: 400;\"> et <\/span><b>personnalis\u00e9<\/b><span style=\"font-weight: 400;\">.<\/span><\/li>\n<li style=\"font-weight: 400;\" aria-level=\"1\"><span style=\"font-weight: 400;\">Compl\u00e9tez les infos manquantes et joignez les <\/span><b>justificatifs num\u00e9ris\u00e9s<\/b><span style=\"font-weight: 400;\">.<\/span><\/li>\n<li style=\"font-weight: 400;\" aria-level=\"1\"><span style=\"font-weight: 400;\">Vous pouvez <\/span><b>enregistrer<\/b><span style=\"font-weight: 400;\"> votre demande et la finaliser dans un d\u00e9lai de <\/span><b>90 jours<\/b><span style=\"font-weight: 400;\">.<\/span><\/li>\n<li style=\"font-weight: 400;\" aria-level=\"1\"><span style=\"font-weight: 400;\">Suivez l\u2019<\/span><b>avancement de votre dossier en ligne<\/b><span style=\"font-weight: 400;\">.<\/span><\/li>\n<li style=\"font-weight: 400;\" aria-level=\"1\"><span style=\"font-weight: 400;\">Il est conseill\u00e9 de faire la demande <\/span><b>au moins 6 mois<\/b><span style=\"font-weight: 400;\"> avant votre d\u00e9part.<\/span><\/li>\n<\/ul>\n<div class='cta-block'><div class='text'>Simulez votre retraite en 2 min.<\/div><a href='https:\/\/www.mes-allocs.fr\/formulaire\/retraite?utm_source=seo&origin=guides\/wp-json\/wp\/v2\/posts\/51985' class='app-button fit'>Simulation gratuite<\/a><\/div>\n<\/div>\n","protected":false},"excerpt":{"rendered":"<p>[Mis\u00a0 \u00e0 jour le 10\/02\/2026] Pour b\u00e9n\u00e9ficier d&rsquo;une retraite en tant que fonctionnaire, vous devez avoir travaill\u00e9 au moins 2 ans comme fonctionnaire (stagiaire ou titulaire) dans un ou plusieurs emplois de cat\u00e9gorie s\u00e9dentaire. Les conditions pour la fonction publique sont donc diff\u00e9rentes de celles pour la retraite des autres m\u00e9tiers.\u00a0Alors, comment fonctionne la retraite [&hellip;]<\/p>\n","protected":false},"author":13,"featured_media":51991,"comment_status":"closed","ping_status":"open","sticky":false,"template":"","format":"standard","meta":{"amp_status":"","footnotes":""},"categories":[19177,21723],"tags":[],"class_list":["post-51985","post","type-post","status-publish","format-standard","has-post-thumbnail","hentry","category-retraite","category-retraite-par-metier"],"yoast_head":"<!-- This site is optimized with the Yoast SEO plugin v14.9 - https:\/\/yoast.com\/wordpress\/plugins\/seo\/ -->\n<title>Retraite des fonctionnaires : \u00e2ge, calcul et montant | Mes-Allocs.fr<\/title>\n<meta name=\"description\" content=\"Il existe des conditions particuli\u00e8res pour b\u00e9n\u00e9ficier d&#039;une retraite en tant que fonctionnaire. Mes Allocs vous explique.\" \/>\n<meta name=\"robots\" content=\"index, follow, max-snippet:-1, max-image-preview:large, max-video-preview:-1\" \/>\n<link rel=\"canonical\" href=\"https:\/\/www.mes-allocs.fr\/guides\/retraite\/retraite-par-metier\/retraite-fonctionnaire\/\" \/>\n<meta property=\"og:locale\" content=\"fr_FR\" \/>\n<meta property=\"og:type\" content=\"article\" \/>\n<meta property=\"og:title\" content=\"Retraite des fonctionnaires : \u00e2ge, calcul et montant | Mes-Allocs.fr\" \/>\n<meta property=\"og:description\" content=\"Il existe des conditions particuli\u00e8res pour b\u00e9n\u00e9ficier d&#039;une retraite en tant que fonctionnaire. Mes Allocs vous explique.\" \/>\n<meta property=\"og:url\" content=\"https:\/\/www.mes-allocs.fr\/guides\/retraite\/retraite-par-metier\/retraite-fonctionnaire\/\" \/>\n<meta property=\"og:site_name\" content=\"Mes-Allocs.fr\" \/>\n<meta property=\"article:published_time\" content=\"2022-06-23T15:45:48+00:00\" \/>\n<meta property=\"article:modified_time\" content=\"2026-02-10T15:58:44+00:00\" \/>\n<meta property=\"og:image\" content=\"https:\/\/www.mes-allocs.fr\/guides\/wp-content\/uploads\/2022\/06\/anukrati-omar-NZFJYpkwIXc-unsplash-e1654614216751.jpg?wsr\" \/>\n\t<meta property=\"og:image:width\" content=\"1920\" \/>\n\t<meta property=\"og:image:height\" content=\"398\" \/>\n<meta name=\"twitter:card\" content=\"summary_large_image\" \/>\n<script type=\"application\/ld+json\" class=\"yoast-schema-graph\">{\"@context\":\"https:\/\/schema.org\",\"@graph\":[{\"@type\":\"WebSite\",\"@id\":\"https:\/\/www.mes-allocs.fr\/guides\/#website\",\"url\":\"https:\/\/www.mes-allocs.fr\/guides\/\",\"name\":\"Mes-Allocs.fr\",\"description\":\"\",\"potentialAction\":[{\"@type\":\"SearchAction\",\"target\":\"https:\/\/www.mes-allocs.fr\/guides\/?s={search_term_string}\",\"query-input\":\"required name=search_term_string\"}],\"inLanguage\":\"fr-FR\"},{\"@type\":\"ImageObject\",\"@id\":\"https:\/\/www.mes-allocs.fr\/guides\/retraite\/retraite-par-metier\/retraite-fonctionnaire\/#primaryimage\",\"inLanguage\":\"fr-FR\",\"url\":\"https:\/\/www.mes-allocs.fr\/guides\/wp-content\/uploads\/2022\/06\/anukrati-omar-NZFJYpkwIXc-unsplash-e1654614216751.jpg?wsr\",\"width\":1920,\"height\":398,\"caption\":\"retraite fonctionnaire\"},{\"@type\":\"WebPage\",\"@id\":\"https:\/\/www.mes-allocs.fr\/guides\/retraite\/retraite-par-metier\/retraite-fonctionnaire\/#webpage\",\"url\":\"https:\/\/www.mes-allocs.fr\/guides\/retraite\/retraite-par-metier\/retraite-fonctionnaire\/\",\"name\":\"Retraite des fonctionnaires : \\u00e2ge, calcul et montant | Mes-Allocs.fr\",\"isPartOf\":{\"@id\":\"https:\/\/www.mes-allocs.fr\/guides\/#website\"},\"primaryImageOfPage\":{\"@id\":\"https:\/\/www.mes-allocs.fr\/guides\/retraite\/retraite-par-metier\/retraite-fonctionnaire\/#primaryimage\"},\"datePublished\":\"2022-06-23T15:45:48+00:00\",\"dateModified\":\"2026-02-10T15:58:44+00:00\",\"author\":{\"@id\":\"https:\/\/www.mes-allocs.fr\/guides\/#\/schema\/person\/c22c1269332026958a3b5505f80b5404\"},\"description\":\"Il existe des conditions particuli\\u00e8res pour b\\u00e9n\\u00e9ficier d'une retraite en tant que fonctionnaire. Mes Allocs vous explique.\",\"inLanguage\":\"fr-FR\"},{\"@type\":\"Person\",\"@id\":\"https:\/\/www.mes-allocs.fr\/guides\/#\/schema\/person\/c22c1269332026958a3b5505f80b5404\",\"name\":\"Flavien Fritz\",\"image\":{\"@type\":\"ImageObject\",\"@id\":\"https:\/\/www.mes-allocs.fr\/guides\/#personlogo\",\"inLanguage\":\"fr-FR\",\"url\":\"https:\/\/www.mes-allocs.fr\/guides\/wp-content\/uploads\/2021\/11\/Flavien-1-150x150.png\",\"caption\":\"Flavien Fritz\"},\"description\":\"Flavien est r\\u00e9dacteur au sein de l'\\u00e9quipe Mes Allocs, sp\\u00e9cialis\\u00e9 en droit priv\\u00e9. Dipl\\u00f4m\\u00e9 de l'Institut Catholique de Vend\\u00e9e, il rejoint Mes Allocs apr\\u00e8s une premi\\u00e8re exp\\u00e9rience entrepreneuriale.\",\"sameAs\":[\"https:\/\/fr.linkedin.com\/in\/flavienfritz\"]}]}<\/script>\n<!-- \/ Yoast SEO plugin. -->","amp_validity":null,"acf":{"faq":{"1":{"question":"Quel est l'\u00e2ge l\u00e9gal de d\u00e9part \u00e0 la retraite ?","answer":"L'\u00e2ge minimum \u00e0 partir duquel vous avez le droit de prendre votre retraite est fix\u00e9 \u00e0\u00a062\u00a0ans. L'\u00e2ge de d\u00e9part \u00e0 la retraite d\u00e9pend de votre ann\u00e9e de naissance. \r\n"},"2":{"question":"Un fonctionnaire peut-il b\u00e9n\u00e9ficier d'une retraite \u00e0 taux plein ?","answer":"Le fonctionnaire peut b\u00e9n\u00e9ficier d\u2019une retraite \u00e0 taux plein, c\u2019est-\u00e0-dire sans d\u00e9cote.\r\n"},"3":{"question":"Que sont les trimestres liquidables ?","answer":"Les\u00a0trimestres\u00a0liquidables correspondent \u00e0 la\u00a0dur\u00e9e d\u2019assurance\u00a0(p\u00e9riodes cotis\u00e9es) et aux\u00a0bonifications.\r\n"},"4":{"question":"Qu'est-ce que la dur\u00e9e d'assurance tous r\u00e9gimes confondus ?","answer":"La\u00a0dur\u00e9e d\u2019assurance\u00a0tous r\u00e9gimes confondus est compos\u00e9e de l\u2019ensemble des p\u00e9riodes valid\u00e9es par le fonctionnaire dans tous les r\u00e9gimes.\r\n"},"5":{"question":"Comment obtenir une retraite \u00e0 taux plein ?","answer":"Vous b\u00e9n\u00e9ficiez d'une retraite \u00e0 taux plein (ce qui signifie sans d\u00e9cote) si vous justifiez d'un nombre de trimestres d'assurance retraite d\u00e9termin\u00e9.\r\n"},"6":{"question":"Qu'est-ce que le minimum garanti ?","answer":"Lorsque vous percevez une pension de retraite de fonctionnaire, alors celle-ci ne peut pas \u00eatre inf\u00e9rieure \u00e0 un certain montant. Ce montant est appel\u00e9 le \"minimum garanti\".\r\n"},"7":{"question":"","answer":""},"8":{"question":"","answer":""},"9":{"question":"","answer":""},"10":{"question":"","answer":""},"11":{"question":"","answer":""},"12":{"question":"","answer":""},"13":{"question":"","answer":""},"14":{"question":"","answer":""},"15":{"question":"","answer":""},"16":{"question":"","answer":""}}},"_links":{"self":[{"href":"https:\/\/www.mes-allocs.fr\/guides\/wp-json\/wp\/v2\/posts\/51985","targetHints":{"allow":["GET"]}}],"collection":[{"href":"https:\/\/www.mes-allocs.fr\/guides\/wp-json\/wp\/v2\/posts"}],"about":[{"href":"https:\/\/www.mes-allocs.fr\/guides\/wp-json\/wp\/v2\/types\/post"}],"author":[{"embeddable":true,"href":"https:\/\/www.mes-allocs.fr\/guides\/wp-json\/wp\/v2\/users\/13"}],"replies":[{"embeddable":true,"href":"https:\/\/www.mes-allocs.fr\/guides\/wp-json\/wp\/v2\/comments?post=51985"}],"version-history":[{"count":20,"href":"https:\/\/www.mes-allocs.fr\/guides\/wp-json\/wp\/v2\/posts\/51985\/revisions"}],"predecessor-version":[{"id":108901,"href":"https:\/\/www.mes-allocs.fr\/guides\/wp-json\/wp\/v2\/posts\/51985\/revisions\/108901"}],"wp:featuredmedia":[{"embeddable":true,"href":"https:\/\/www.mes-allocs.fr\/guides\/wp-json\/wp\/v2\/media\/51991"}],"wp:attachment":[{"href":"https:\/\/www.mes-allocs.fr\/guides\/wp-json\/wp\/v2\/media?parent=51985"}],"wp:term":[{"taxonomy":"category","embeddable":true,"href":"https:\/\/www.mes-allocs.fr\/guides\/wp-json\/wp\/v2\/categories?post=51985"},{"taxonomy":"post_tag","embeddable":true,"href":"https:\/\/www.mes-allocs.fr\/guides\/wp-json\/wp\/v2\/tags?post=51985"}],"curies":[{"name":"wp","href":"https:\/\/api.w.org\/{rel}","templated":true}]}}