{"id":51981,"date":"2022-08-17T17:04:20","date_gmt":"2022-08-17T15:04:20","guid":{"rendered":"https:\/\/www.mes-allocs.fr\/guides\/?p=51981"},"modified":"2026-02-10T16:18:36","modified_gmt":"2026-02-10T15:18:36","slug":"retraite-par-metier","status":"publish","type":"post","link":"https:\/\/www.mes-allocs.fr\/guides\/retraite\/retraite-par-metier\/","title":{"rendered":"Retraite par m\u00e9tier 2026 : conditions et montants selon la profession"},"content":{"rendered":"<p><img loading=\"lazy\" decoding=\"async\" class=\"aligncenter wp-image-52000\" title=\"retraite par m\u00e9tier\" src=\"https:\/\/www.mes-allocs.fr\/guides\/wp-content\/uploads\/2022\/06\/max-harlynking-DGP-759-Ukk-unsplash-e1654619396816-300x103.jpg\" alt=\"retraite par m\u00e9tier\" width=\"813\" height=\"279\" \/><\/p>\n<p style=\"text-align: justify;\">[Mis \u00e0 jour le 10\/02\/2026] Aujourd&rsquo;hui en France, la <a href=\"https:\/\/www.mes-allocs.fr\/guides\/retraite\/\">retraite<\/a> que vous allez percevoir d\u00e9pend avant tout du m\u00e9tier et du secteur dans lequel vous avez effectu\u00e9 votre carri\u00e8re. En effet, selon que vous ayez effectu\u00e9 une carri\u00e8re dans le secteur priv\u00e9 ou public, les conditions de calcul de votre retraite changent.\u00a0Mes Allocs vous explique tout sur la <strong>retraite selon votre m\u00e9tier<\/strong>.<\/p>\n<div class='cta-block'><div class='text'>Simulez votre retraite en 2 min.<\/div><a href='https:\/\/www.mes-allocs.fr\/formulaire\/retraite?utm_source=seo&origin=guides\/wp-json\/wp\/v2\/posts\/51981' class='app-button fit'>Simulation gratuite<\/a><\/div>\n<h1 style=\"text-align: justify;\">Quelles sont les conditions pour percevoir la retraite ?<\/h1>\n<p style=\"text-align: justify;\">Lorsque vous avez atteint l&rsquo;\u00e2ge l\u00e9gal de d\u00e9part, il vous est possible de b\u00e9n\u00e9ficier d&rsquo;une retraite du r\u00e9gime g\u00e9n\u00e9ral de la S\u00e9curit\u00e9 sociale.<\/p>\n<p style=\"text-align: justify;\">Pour percevoir la retraite, il est n\u00e9cessaire d&rsquo;avoir valid\u00e9 au moins 166 trimestre en tant que salari\u00e9.<\/p>\n<p style=\"text-align: justify;\">Le d\u00e9part \u00e0 la retraite permet de percevoir une pension de retraite.<\/p>\n<p style=\"text-align: justify;\">Cette pension est la pension <span class=\"expression\">de base. <\/span><\/p>\n<p style=\"text-align: justify;\"><span class=\"expression\">La pension de base est<\/span> vers\u00e9e par l&rsquo;Assurance retraite de la S\u00e9curit\u00e9 sociale.<\/p>\n<p style=\"text-align: justify;\">Selon les secteurs et selon les conditions, il est \u00e9galement possible d&rsquo;obtenir une pension compl\u00e9mentaire.<\/p>\n<p><iframe loading=\"lazy\" title=\"Comment bien pr\u00e9parer sa retraite ?\" width=\"500\" height=\"281\" src=\"https:\/\/www.youtube.com\/embed\/nZ79Bmawt_M?start=2&#038;feature=oembed\" frameborder=\"0\" allow=\"accelerometer; autoplay; clipboard-write; encrypted-media; gyroscope; picture-in-picture; web-share\" referrerpolicy=\"strict-origin-when-cross-origin\" allowfullscreen><\/iframe><\/p>\n<h1 style=\"text-align: justify;\">La retraite dans le secteur priv\u00e9<\/h1>\n<h2 style=\"text-align: justify;\">L&rsquo;\u00e2ge l\u00e9gal de d\u00e9part \u00e0 la retraite<\/h2>\n<p style=\"text-align: justify;\">L&rsquo;\u00e2ge l\u00e9gal \u00e0 partir duquel vous avez le droit de prendre votre retraite est fix\u00e9 \u00e0 64 ans pour les personnes n\u00e9es <strong>\u00e0 partir de 1968<\/strong>.<\/p>\n<p style=\"text-align: justify;\">Il vous sera possible de partir \u00e0 la retraite avant cet \u00e2ge, sous certaines conditions, lorsque vous vous trouvez dans l&rsquo;une de ces situations :<\/p>\n<ul style=\"text-align: justify;\">\n<li>si avez effectu\u00e9 une carri\u00e8re longue<\/li>\n<li>vous \u00eates handicap\u00e9(e)<\/li>\n<li>si vous \u00eates atteint d&rsquo;une incapacit\u00e9 permanente d&rsquo;origine professionnelle reconnue par l&rsquo;Assurance maladie.<\/li>\n<\/ul>\n<p style=\"text-align: justify;\">\u00c0 partir de 64 ans, vous pouvez demander \u00e0 partir \u00e0 la retraite quand vous le souhaitez.<\/p>\n<p style=\"text-align: justify;\">La date de votre d\u00e9part doit \u00eatre fix\u00e9e au 1<sup>er<\/sup>\u00a0jour du mois que vous choisissez.<\/p>\n<h2 style=\"text-align: justify;\">Le versement de la pension de retraite<\/h2>\n<p style=\"text-align: justify;\">La pension de retraite de base de l&rsquo;Assurance vieillesse du r\u00e9gime g\u00e9n\u00e9ral de la S\u00e9curit\u00e9 sociale est vers\u00e9e chaque mois.<\/p>\n<p style=\"text-align: justify;\">Pour la pension de retraite compl\u00e9mentaire, elle est vers\u00e9e chaque mois \u00e9galement Cependant, lorsque le montant est trop faible, elle est vers\u00e9e dans ce cas annuellement ou en une seule fois sous forme d&rsquo;un capital.<\/p>\n<h2 style=\"text-align: justify;\">Le calcul de la retraite<\/h2>\n<p style=\"text-align: justify;\">Le montant de votre pension de retraite du r\u00e9gime g\u00e9n\u00e9ral de l&rsquo;Assurance Vieillesse est d\u00e9termin\u00e9 selon ce calcul :<\/p>\n<p style=\"text-align: justify;\"><em>Revenu annuel moyen x Taux de la pension x (Dur\u00e9e d&rsquo;assurance au r\u00e9gime g\u00e9n\u00e9ral limit\u00e9e \u00e0 la dur\u00e9e d&rsquo;assurance pour obtenir une pension taux plein \/ Dur\u00e9e d&rsquo;assurance pour obtenir une pension \u00e0 taux plein)<\/em><\/p>\n<p style=\"text-align: justify;\">Lorsque votre dur\u00e9e d&rsquo;assurance au r\u00e9gime g\u00e9n\u00e9ral est au moins \u00e9gale \u00e0 la dur\u00e9e d&rsquo;assurance pour obtenir une pension taux plein, vous percevez une pension compl\u00e8te. Votre pension est \u00e0 taux plein dans ce cas.<\/p>\n<p style=\"text-align: justify;\">Dans le cas o\u00f9 elle est inf\u00e9rieure \u00e0 la dur\u00e9e d&rsquo;assurance, vous percevez une pension r\u00e9duite.<\/p>\n<h2 style=\"text-align: justify;\">M\u00e9thode de calcul de la retraite<\/h2>\n<p style=\"text-align: justify;\">Votre salaire annuel moyen sera d\u00e9termin\u00e9 en calculant la moyenne des salaires bruts qui auront donn\u00e9 lieu \u00e0 une cotisation au r\u00e9gime g\u00e9n\u00e9ral. Ce sont les 25\u00a0ann\u00e9es les plus avantageuses de votre carri\u00e8re qui sont retenues.<\/p>\n<p style=\"text-align: justify;\">Tous les \u00e9l\u00e9ments de r\u00e9mun\u00e9ration (salaire de base, primes, heures suppl\u00e9mentaires) sont pris en compte pour le calcul du salaire annuel moyen. Les indemnit\u00e9s journali\u00e8res de maternit\u00e9 sont \u00e9galement comprises dans le calcul.<\/p>\n<p style=\"text-align: justify;\">Dans le cas o\u00f9 vous avez travaill\u00e9 moins de 25 ans, votre salaire annuel moyen sera \u00e9gal \u00e0 la moyenne de vos salaires bruts durant vos ann\u00e9es de travail.<\/p>\n<h2 style=\"text-align: justify;\">La retraite \u00e0 taux plein<\/h2>\n<p style=\"text-align: justify;\">Afin d&rsquo;obtenir\u00a0 une retraite \u00e0 taux plein, vous devez remplir l&rsquo;une des deux conditions suivantes :<\/p>\n<ul style=\"text-align: justify;\">\n<li>soit avoir un nombre pr\u00e9cis de trimestres d&rsquo;assurance retraite<\/li>\n<li>soit partir en retraite \u00e0 67 ans<\/li>\n<\/ul>\n<p style=\"text-align: justify;\">Le nombre de trimestres d&rsquo;assurance retraite exig\u00e9 pour avoir droit \u00e0 une retraite \u00e0 taux plein varie selon votre ann\u00e9e de naissance.<\/p>\n<p style=\"text-align: justify;\">Vous avez cependant droit automatiquement \u00e0 une retraite \u00e0 taux plein \u00e0 67 ans. Celle-ci est disponible m\u00eame si vous n&rsquo;avez pas le nombre de trimestres d&rsquo;assurance retraite exig\u00e9.<\/p>\n<p style=\"text-align: justify;\">Si vous partez en retraite avant 67 ans et que vous n&rsquo;avez pas le nombre de trimestres d&rsquo;assurance retraite exig\u00e9, votre pension de retraite sera r\u00e9duite. Le taux de r\u00e9duction se fera en fonction du nombre de trimestres qu&rsquo;il vous manque.<\/p>\n<h3 style=\"text-align: justify;\">La retraite \u00e0 taux plein \u00e0 65 ans<\/h3>\n<p style=\"text-align: justify;\">Il vous sera possible de b\u00e9n\u00e9ficier de la retraite \u00e0 taux plein \u00e0 65\u00a0ans, quel que soit votre nombre de trimestres d&rsquo;assurance retraite, si vous vous trouvez dans l\u2019une des situations suivantes\u00a0:<\/p>\n<ul style=\"text-align: justify;\">\n<li>si vous avez apport\u00e9 une aide effective pendant au moins 30 mois \u00e0 votre enfant handicap\u00e9 b\u00e9n\u00e9ficiaire de la Prestation de Compensation du Handicap (PCH)<\/li>\n<li>vous avez cess\u00e9 votre activit\u00e9 professionnelle durant au moins 30 mois cons\u00e9cutifs afin d&rsquo;aider une personne handicap\u00e9e, en tant qu&rsquo;aidant familial ou tierce personne<\/li>\n<li>si vous avez le droit \u00e0 1 trimestre de majoration d&rsquo;assurance\u00a0pour enfant handicap\u00e9<\/li>\n<li>si vous touchez l&rsquo;Allocation de Cessation Anticip\u00e9e d&rsquo;Activit\u00e9 des Travailleurs de l&rsquo;Amiante (ACAATA)<\/li>\n<\/ul>\n<h3 style=\"text-align: justify;\">La retraite \u00e0 taux plein avant 64 ans<\/h3>\n<p style=\"text-align: justify;\">Il vous est \u00e9galement possible d&rsquo;obtenir une retraite \u00e0 taux plein avant 64 ans. Elle est accessible quel que soit votre nombre de trimestres d&rsquo;assurance retraite, dans le cas o\u00f9 vous vous trouvez dans l\u2019une des situations suivantes :<\/p>\n<ul style=\"text-align: justify;\">\n<li>vous touchez une pension d\u2019invalidit\u00e9 de la S\u00e9curit\u00e9 sociale<\/li>\n<li>vous \u00eates handicap\u00e9 et justifiez d&rsquo;un taux d&rsquo;incapacit\u00e9 permanente d&rsquo;au moins <span class=\"prix\">50\u00a0%<\/span><\/li>\n<li>si vous \u00eates inapte au travail (cela signifie que vous \u00eates atteint d&rsquo;une incapacit\u00e9 d\u00e9finitive de travail m\u00e9dicalement constat\u00e9e d&rsquo;au moins <span class=\"prix\">50 %)<\/span><\/li>\n<li>vous \u00eates m\u00e8re de famille, et vous avez \u00e9lev\u00e9 au moins 3 enfants, exerc\u00e9 un travail manuel ouvrier et au moins 120 trimestres d&rsquo;assurance retraite<\/li>\n<\/ul>\n<div class='cta-block'><div class='text'>Simulez votre retraite en 2 min.<\/div><a href='https:\/\/www.mes-allocs.fr\/formulaire\/retraite?utm_source=seo&origin=guides\/wp-json\/wp\/v2\/posts\/51981' class='app-button fit'>Simulation gratuite<\/a><\/div>\n<h1 style=\"text-align: justify;\">La retraite dans le secteur public<\/h1>\n<p style=\"text-align: justify;\">Pour b\u00e9n\u00e9ficier d&rsquo;une <a href=\"https:\/\/www.mes-allocs.fr\/guides\/retraite\/retraite-fonctionnaire\/\">retraite en tant que fonctionnaire<\/a>, vous devez avoir travaill\u00e9 au moins 2\u00a0ans comme fonctionnaire (stagiaire ou titulaire) dans un ou plusieurs emplois de cat\u00e9gorie s\u00e9dentaire.<\/p>\n<h2 style=\"text-align: justify;\">L&rsquo;\u00e2ge du d\u00e9part \u00e0 la retraite dans le secteur public<\/h2>\n<p style=\"text-align: justify;\">L&rsquo;\u00e2ge minimum \u00e0 partir duquel vous avez le droit de prendre votre retraite est fix\u00e9 \u00e0 64 ans.<\/p>\n<p style=\"text-align: justify;\">Toutefois, les infirmiers, les personnels param\u00e9dicaux et les cadres de sant\u00e9, initialement en cat\u00e9gorie B active, qui ont opt\u00e9 pour leur int\u00e9gration dans les nouveaux corps de cat\u00e9gorie A s\u00e9dentaire, peuvent toujours partir en retraite \u00e0 partir de 62 ans.<\/p>\n<h2 style=\"text-align: justify;\"><span style=\"color: #000000;\">Les crit\u00e8res pris en compte dans le calcul de la retraite<\/span><\/h2>\n<h2 style=\"text-align: justify;\"><img loading=\"lazy\" decoding=\"async\" class=\"alignright wp-image-52003\" title=\"retraite par m\u00e9tier\" src=\"https:\/\/www.mes-allocs.fr\/guides\/wp-content\/uploads\/2022\/06\/sharon-mccutcheon-8lnbXtxFGZw-unsplash-e1654619544864-300x200.jpg\" alt=\"retraite par m\u00e9tier\" width=\"383\" height=\"255\" srcset=\"https:\/\/www.mes-allocs.fr\/guides\/wp-content\/uploads\/2022\/06\/sharon-mccutcheon-8lnbXtxFGZw-unsplash-e1654619544864-300x200.jpg 300w, https:\/\/www.mes-allocs.fr\/guides\/wp-content\/uploads\/2022\/06\/sharon-mccutcheon-8lnbXtxFGZw-unsplash-e1654619544864-1024x683.jpg 1024w, https:\/\/www.mes-allocs.fr\/guides\/wp-content\/uploads\/2022\/06\/sharon-mccutcheon-8lnbXtxFGZw-unsplash-e1654619544864-768x512.jpg 768w, https:\/\/www.mes-allocs.fr\/guides\/wp-content\/uploads\/2022\/06\/sharon-mccutcheon-8lnbXtxFGZw-unsplash-e1654619544864-1536x1024.jpg 1536w, https:\/\/www.mes-allocs.fr\/guides\/wp-content\/uploads\/2022\/06\/sharon-mccutcheon-8lnbXtxFGZw-unsplash-e1654619544864-600x400.jpg 600w, https:\/\/www.mes-allocs.fr\/guides\/wp-content\/uploads\/2022\/06\/sharon-mccutcheon-8lnbXtxFGZw-unsplash-e1654619544864.jpg 1920w\" sizes=\"auto, (max-width: 383px) 100vw, 383px\" \/><\/h2>\n<p style=\"text-align: justify;\">Pour pouvoir estimer la retraite d\u00fbe, vous devez rassembler ces \u00e9l\u00e9ments :<\/p>\n<ul style=\"text-align: justify;\">\n<li>le dernier traitement incendiaire brut<\/li>\n<li>les trimestres liquidables<\/li>\n<li>votre dur\u00e9e d&rsquo;assurance, peu importe le r\u00e9gime<\/li>\n<\/ul>\n<h2 style=\"text-align: justify;\">Le montant de la retraite de base pour la fonction publique<\/h2>\n<p style=\"text-align: justify;\"><strong>Le minimum garanti<\/strong><\/p>\n<p style=\"text-align: justify;\">Si vous percevez une pension de retraite de fonctionnaire, le montant de celle-ci ne peut pas \u00eatre inf\u00e9rieure \u00e0 un certain montant.<\/p>\n<p style=\"text-align: justify;\">Ce montant est nomm\u00e9 \u00ab\u00a0<span class=\"expression\">minimum garanti\u00a0\u00bb<\/span>.<\/p>\n<p style=\"text-align: justify;\">Lorsque le montant de votre pension de retraite de base de fonctionnaire est inf\u00e9rieur au minimum garanti, alors votre pension vous est augment\u00e9e. Celle-ci est augment\u00e9e jusqu&rsquo;\u00e0 afin atteindre le montant du minimum garanti.<\/p>\n<h1 style=\"text-align: justify;\">La diff\u00e9rence entre \u00ab\u00a0retraite de base\u00a0\u00bb et \u00ab\u00a0retraite compl\u00e9mentaire\u00a0\u00bb<\/h1>\n<h2 style=\"text-align: justify;\"><strong>Qu&rsquo;est-ce que la retraite de base ?<\/strong><\/h2>\n<p style=\"text-align: justify;\">Pour calculer la retraite de base, les\u00a0<span class=\"sc-1phc76d-0 fmKOfo\">caisses de retraite<\/span> se basent sur le Salaire annuel moyen (SAM). Ce SAM est une r\u00e9f\u00e9rence bas\u00e9e sur le salaire per\u00e7u au cours des 25 meilleures ann\u00e9es de votre carri\u00e8re.<\/p>\n<p style=\"text-align: justify;\">Un(e) salari\u00e9(e) qui remplit\u00a0les conditions d&rsquo;\u00e2ge et de nombre de trimestres cotis\u00e9s requis se verra appliquer un\u00a0taux \u00ab\u00a0plein\u00a0\u00bb\u00a0\u00e9quivalant \u00e0\u00a050 % du salaire annuel moyen.<\/p>\n<p style=\"text-align: justify;\">Dans le cas contraire (si par exemple le nombre de trimestres cotis\u00e9s n&rsquo;est pas suffisant), le montant de la pension sera affect\u00e9 par :<\/p>\n<ul style=\"text-align: justify;\">\n<li style=\"text-align: justify;\">un coefficient de proratisation s&rsquo;il manque des trimestres dans le r\u00e9gime g\u00e9n\u00e9ral pour avoir une retraite compl\u00e8te ;<\/li>\n<li>une\u00a0d\u00e9cote\u00a0: s&rsquo;il manque des trimestres\u00a0tous r\u00e9gimes confondus, pour avoir une retraite \u00e0 taux plein ;<\/li>\n<li>une\u00a0surcote\u00a0: si le nombre de trimestres acquis est suffisant, mais que la personne a\u00a0continu\u00e9 \u00e0 travailler.<\/li>\n<\/ul>\n<p style=\"text-align: justify;\">Dans la majorit\u00e9 des cas, la\u00a0retraite de base\u00a0est vers\u00e9e par la CNAV.<\/p>\n<h2 style=\"text-align: justify;\">La retraite compl\u00e9mentaire<\/h2>\n<p style=\"text-align: justify;\">La plupart des r\u00e9gimes de retraite compl\u00e9mentaire fonctionnent \u00ab\u00a0par points\u00a0\u00bb. Cela signifie qu&rsquo;en contrepartie des <span class=\"sc-1phc76d-0 fmKOfo\">cotisations pr\u00e9lev\u00e9es sur salaire<\/span>, le salari\u00e9 obtient des points.<\/p>\n<p style=\"text-align: justify;\">Ces points auront ensuite une valeur d&rsquo;achat. Cela ve servir de coefficient de conversion pour le calcul de la rente.<\/p>\n<p style=\"text-align: justify;\">Pour calculer le montant de votre retraite compl\u00e9mentaire, il suffit de multiplier le\u00a0nombre de points acquis\u00a0par la\u00a0valeur unitaire du point\u00a0\u00e0 la\u00a0<span class=\"sc-1phc76d-0 fmKOfo\">fin de votre carri\u00e8re professionnelle<\/span>.<\/p>\n<p style=\"text-align: justify;\">La retraite compl\u00e9mentaire est g\u00e9n\u00e9ralement vers\u00e9e par l&rsquo;Agirc-Arrco.<\/p>\n<p style=\"text-align: justify;\">Cet organisme qui est charg\u00e9 de la gestion de la retraite compl\u00e9mentaire des salari\u00e9s du secteur priv\u00e9.<\/p>\n<div class='cta-block'><div class='text'>Simulez votre retraite en 2 min.<\/div><a href='https:\/\/www.mes-allocs.fr\/formulaire\/retraite?utm_source=seo&origin=guides\/wp-json\/wp\/v2\/posts\/51981' class='app-button fit'>Simulation gratuite<\/a><\/div>\n","protected":false},"excerpt":{"rendered":"<p>[Mis \u00e0 jour le 10\/02\/2026] Aujourd&rsquo;hui en France, la retraite que vous allez percevoir d\u00e9pend avant tout du m\u00e9tier et du secteur dans lequel vous avez effectu\u00e9 votre carri\u00e8re. En effet, selon que vous ayez effectu\u00e9 une carri\u00e8re dans le secteur priv\u00e9 ou public, les conditions de calcul de votre retraite changent.\u00a0Mes Allocs vous explique [&hellip;]<\/p>\n","protected":false},"author":13,"featured_media":52000,"comment_status":"closed","ping_status":"open","sticky":false,"template":"","format":"standard","meta":{"amp_status":"","footnotes":""},"categories":[19177],"tags":[],"class_list":["post-51981","post","type-post","status-publish","format-standard","has-post-thumbnail","hentry","category-retraite"],"yoast_head":"<!-- This site is optimized with the Yoast SEO plugin v14.9 - https:\/\/yoast.com\/wordpress\/plugins\/seo\/ -->\n<title>Retraite par m\u00e9tier 2026 : conditions et montants selon la profession<\/title>\n<meta name=\"description\" content=\"Le montant de retraite d\u00e9pend du secteur dans lequel vous avez effectu\u00e9 votre carri\u00e8re. Voici les montants que vous pourrez avoir.\" \/>\n<meta name=\"robots\" content=\"index, follow, max-snippet:-1, max-image-preview:large, max-video-preview:-1\" \/>\n<link rel=\"canonical\" href=\"https:\/\/www.mes-allocs.fr\/guides\/retraite\/retraite-par-metier\/\" \/>\n<meta property=\"og:locale\" content=\"fr_FR\" \/>\n<meta property=\"og:type\" content=\"article\" \/>\n<meta property=\"og:title\" content=\"Retraite par m\u00e9tier 2026 : conditions et montants selon la profession\" \/>\n<meta property=\"og:description\" content=\"Le montant de retraite d\u00e9pend du secteur dans lequel vous avez effectu\u00e9 votre carri\u00e8re. Voici les montants que vous pourrez avoir.\" \/>\n<meta property=\"og:url\" content=\"https:\/\/www.mes-allocs.fr\/guides\/retraite\/retraite-par-metier\/\" \/>\n<meta property=\"og:site_name\" content=\"Mes-Allocs.fr\" \/>\n<meta property=\"article:published_time\" content=\"2022-08-17T15:04:20+00:00\" \/>\n<meta property=\"article:modified_time\" content=\"2026-02-10T15:18:36+00:00\" \/>\n<meta property=\"og:image\" content=\"https:\/\/www.mes-allocs.fr\/guides\/wp-content\/uploads\/2022\/06\/max-harlynking-DGP-759-Ukk-unsplash-e1693561617860.jpg?wsr\" \/>\n\t<meta property=\"og:image:width\" content=\"1920\" \/>\n\t<meta property=\"og:image:height\" content=\"499\" \/>\n<meta name=\"twitter:card\" content=\"summary_large_image\" \/>\n<script type=\"application\/ld+json\" class=\"yoast-schema-graph\">{\"@context\":\"https:\/\/schema.org\",\"@graph\":[{\"@type\":\"WebSite\",\"@id\":\"https:\/\/www.mes-allocs.fr\/guides\/#website\",\"url\":\"https:\/\/www.mes-allocs.fr\/guides\/\",\"name\":\"Mes-Allocs.fr\",\"description\":\"\",\"potentialAction\":[{\"@type\":\"SearchAction\",\"target\":\"https:\/\/www.mes-allocs.fr\/guides\/?s={search_term_string}\",\"query-input\":\"required name=search_term_string\"}],\"inLanguage\":\"fr-FR\"},{\"@type\":\"ImageObject\",\"@id\":\"https:\/\/www.mes-allocs.fr\/guides\/retraite\/retraite-par-metier\/#primaryimage\",\"inLanguage\":\"fr-FR\",\"url\":\"https:\/\/www.mes-allocs.fr\/guides\/wp-content\/uploads\/2022\/06\/max-harlynking-DGP-759-Ukk-unsplash-e1693561617860.jpg?wsr\",\"width\":1920,\"height\":499,\"caption\":\"retraite par m\\u00e9tier\"},{\"@type\":\"WebPage\",\"@id\":\"https:\/\/www.mes-allocs.fr\/guides\/retraite\/retraite-par-metier\/#webpage\",\"url\":\"https:\/\/www.mes-allocs.fr\/guides\/retraite\/retraite-par-metier\/\",\"name\":\"Retraite par m\\u00e9tier 2026 : conditions et montants selon la profession\",\"isPartOf\":{\"@id\":\"https:\/\/www.mes-allocs.fr\/guides\/#website\"},\"primaryImageOfPage\":{\"@id\":\"https:\/\/www.mes-allocs.fr\/guides\/retraite\/retraite-par-metier\/#primaryimage\"},\"datePublished\":\"2022-08-17T15:04:20+00:00\",\"dateModified\":\"2026-02-10T15:18:36+00:00\",\"author\":{\"@id\":\"https:\/\/www.mes-allocs.fr\/guides\/#\/schema\/person\/c22c1269332026958a3b5505f80b5404\"},\"description\":\"Le montant de retraite d\\u00e9pend du secteur dans lequel vous avez effectu\\u00e9 votre carri\\u00e8re. Voici les montants que vous pourrez avoir.\",\"inLanguage\":\"fr-FR\"},{\"@type\":\"Person\",\"@id\":\"https:\/\/www.mes-allocs.fr\/guides\/#\/schema\/person\/c22c1269332026958a3b5505f80b5404\",\"name\":\"Flavien Fritz\",\"image\":{\"@type\":\"ImageObject\",\"@id\":\"https:\/\/www.mes-allocs.fr\/guides\/#personlogo\",\"inLanguage\":\"fr-FR\",\"url\":\"https:\/\/www.mes-allocs.fr\/guides\/wp-content\/uploads\/2021\/11\/Flavien-1-150x150.png\",\"caption\":\"Flavien Fritz\"},\"description\":\"Flavien est r\\u00e9dacteur au sein de l'\\u00e9quipe Mes Allocs, sp\\u00e9cialis\\u00e9 en droit priv\\u00e9. Dipl\\u00f4m\\u00e9 de l'Institut Catholique de Vend\\u00e9e, il rejoint Mes Allocs apr\\u00e8s une premi\\u00e8re exp\\u00e9rience entrepreneuriale.\",\"sameAs\":[\"https:\/\/fr.linkedin.com\/in\/flavienfritz\"]}]}<\/script>\n<!-- \/ Yoast SEO plugin. -->","amp_validity":null,"acf":{"faq":{"1":{"question":"Quel est l'\u00e2ge l\u00e9gal du d\u00e9part \u00e0 la retraite ?","answer":"L'\u00e2ge l\u00e9gal \u00e0 partir duquel vous avez le droit de prendre votre retraite est fix\u00e9 \u00e0\u00a064\u00a0ans.\r\n"},"2":{"question":"Quand est vers\u00e9e la pension de retraite ?","answer":"La pension de retraite de base de l'Assurance vieillesse du r\u00e9gime g\u00e9n\u00e9ral de la S\u00e9curit\u00e9 sociale est vers\u00e9e chaque mois.\r\n"},"3":{"question":"Comment est calcul\u00e9e la retraite du secteur priv\u00e9 ?","answer":"Votre salaire annuel moyen sera d\u00e9termin\u00e9 en calculant la moyenne des salaires bruts qui auront donn\u00e9 lieu \u00e0 une cotisation au r\u00e9gime g\u00e9n\u00e9ral.\r\n"},"4":{"question":"Quel est l'\u00e2ge de d\u00e9part \u00e0 la retraite pour les salari\u00e9s du secteur public ?","answer":"L'\u00e2ge minimum \u00e0 partir duquel vous avez le droit de prendre votre retraite est fix\u00e9 \u00e0\u00a062\u00a0ans.\r\n"},"5":{"question":"Qu'est-ce que le minimum garanti ?","answer":"Si vous percevez une pension de retraite de fonctionnaire, le montant de celle-ci ne peut pas \u00eatre inf\u00e9rieure \u00e0 un certain montant.\r\n"},"6":{"question":"Comment obtenir la retraite du secteur public ?","answer":"Pour b\u00e9n\u00e9ficier d'une retraite en tant que fonctionnaire, vous devez avoir travaill\u00e9 au moins 2\u00a0ans comme fonctionnaire\r\n"},"7":{"question":"","answer":""},"8":{"question":"","answer":""},"9":{"question":"","answer":""},"10":{"question":"","answer":""},"11":{"question":"","answer":""},"12":{"question":"","answer":""},"13":{"question":"","answer":""},"14":{"question":"","answer":""},"15":{"question":"","answer":""},"16":{"question":"","answer":""}}},"_links":{"self":[{"href":"https:\/\/www.mes-allocs.fr\/guides\/wp-json\/wp\/v2\/posts\/51981","targetHints":{"allow":["GET"]}}],"collection":[{"href":"https:\/\/www.mes-allocs.fr\/guides\/wp-json\/wp\/v2\/posts"}],"about":[{"href":"https:\/\/www.mes-allocs.fr\/guides\/wp-json\/wp\/v2\/types\/post"}],"author":[{"embeddable":true,"href":"https:\/\/www.mes-allocs.fr\/guides\/wp-json\/wp\/v2\/users\/13"}],"replies":[{"embeddable":true,"href":"https:\/\/www.mes-allocs.fr\/guides\/wp-json\/wp\/v2\/comments?post=51981"}],"version-history":[{"count":19,"href":"https:\/\/www.mes-allocs.fr\/guides\/wp-json\/wp\/v2\/posts\/51981\/revisions"}],"predecessor-version":[{"id":108894,"href":"https:\/\/www.mes-allocs.fr\/guides\/wp-json\/wp\/v2\/posts\/51981\/revisions\/108894"}],"wp:featuredmedia":[{"embeddable":true,"href":"https:\/\/www.mes-allocs.fr\/guides\/wp-json\/wp\/v2\/media\/52000"}],"wp:attachment":[{"href":"https:\/\/www.mes-allocs.fr\/guides\/wp-json\/wp\/v2\/media?parent=51981"}],"wp:term":[{"taxonomy":"category","embeddable":true,"href":"https:\/\/www.mes-allocs.fr\/guides\/wp-json\/wp\/v2\/categories?post=51981"},{"taxonomy":"post_tag","embeddable":true,"href":"https:\/\/www.mes-allocs.fr\/guides\/wp-json\/wp\/v2\/tags?post=51981"}],"curies":[{"name":"wp","href":"https:\/\/api.w.org\/{rel}","templated":true}]}}