{"id":51808,"date":"2022-11-07T17:07:46","date_gmt":"2022-11-07T15:07:46","guid":{"rendered":"https:\/\/www.mes-allocs.fr\/guides\/?p=51808"},"modified":"2026-04-03T13:51:28","modified_gmt":"2026-04-03T12:51:28","slug":"aide-financement-formation-adulte","status":"publish","type":"post","link":"https:\/\/www.mes-allocs.fr\/guides\/aide-formation\/financement-formation\/aide-financement-formation-adulte\/","title":{"rendered":"Quelle aide au financement pour une formation pour adulte ?"},"content":{"rendered":"<p style=\"text-align: justify;\"><b><img loading=\"lazy\" decoding=\"async\" class=\"alignnone wp-image-57842 size-full\" title=\"Quelle aide au financement pour une formation pour adulte\" src=\"https:\/\/www.mes-allocs.fr\/guides\/wp-content\/uploads\/2022\/11\/Quelle-aide-au-financement-pour-une-formation-pour-adulte--e1667833536269.jpeg\" alt=\"Quelle aide au financement pour une formation pour adulte\" width=\"1560\" height=\"308\" srcset=\"https:\/\/www.mes-allocs.fr\/guides\/wp-content\/uploads\/2022\/11\/Quelle-aide-au-financement-pour-une-formation-pour-adulte--e1667833536269.jpeg 1560w, https:\/\/www.mes-allocs.fr\/guides\/wp-content\/uploads\/2022\/11\/Quelle-aide-au-financement-pour-une-formation-pour-adulte--e1667833536269-300x59.jpeg 300w, https:\/\/www.mes-allocs.fr\/guides\/wp-content\/uploads\/2022\/11\/Quelle-aide-au-financement-pour-une-formation-pour-adulte--e1667833536269-1024x202.jpeg 1024w, https:\/\/www.mes-allocs.fr\/guides\/wp-content\/uploads\/2022\/11\/Quelle-aide-au-financement-pour-une-formation-pour-adulte--e1667833536269-768x152.jpeg 768w, https:\/\/www.mes-allocs.fr\/guides\/wp-content\/uploads\/2022\/11\/Quelle-aide-au-financement-pour-une-formation-pour-adulte--e1667833536269-1536x303.jpeg 1536w, https:\/\/www.mes-allocs.fr\/guides\/wp-content\/uploads\/2022\/11\/Quelle-aide-au-financement-pour-une-formation-pour-adulte--e1667833536269-600x118.jpeg 600w\" sizes=\"auto, (max-width: 1560px) 100vw, 1560px\" \/><\/b>[Mis \u00e0 jour le 03\/04\/2026] <strong>Vous<\/strong><b> souhaitez \u00e9voluer ou vous reconvertir professionnellement, et pour cela une formation professionnelle est n\u00e9cessaire ? En France, l&rsquo;\u00c9tat offre de nombreuses aides \u00e0 la <a href=\"https:\/\/www.mes-allocs.fr\/guides\/aide-formation\/\">formation<\/a> pour financer totalement ou partiellement un projet de formation. Alors, aide financement formation adulte : comment en b\u00e9n\u00e9ficier ?<\/b><\/p>\n<div class='cta-block'><div class='text'>Simulez toutes vos aides en 2 min.<\/div><a href='https:\/\/www.mes-allocs.fr\/ab-app?origin=guides\/wp-json\/wp\/v2\/posts\/51808' class='app-button fit'>Simulation gratuite<\/a><\/div>\n<h1 style=\"text-align: justify;\">Le Compte Personnel de Formation (CPF)<\/h1>\n<p style=\"text-align: justify;\"><b>Entr\u00e9 en vigueur le\u00a01er\u00a0janvier 2015, le <a href=\"https:\/\/www.mes-allocs.fr\/guides\/aide-formation\/application-cpf\/\">CPF<\/a> est un dispositif de financement de la formation continue public.<\/b> Il permet \u00e0 tous les actifs de cumuler des droits \u00e0 la formation tout au long de leur carri\u00e8re.<\/p>\n<p style=\"text-align: justify;\">Auparavant aliment\u00e9 en heures, il est \u00e0 pr\u00e9sent aliment\u00e9 en euros. <b>Ainsi, chaque ann\u00e9e d&rsquo;exercice \u00e0 temps complet, vous cumulez 500 euros (dans la limite de 5\u00a0000 euros). Pour les actifs peu ou pas qualifi\u00e9s, ce montant est s&rsquo;\u00e9l\u00e8ve \u00e0 800 euros par an (dans la limite de 8\u00a0000 euros).<\/b><\/p>\n<p style=\"text-align: justify;\"><b>Pour utiliser les droits \u00e0 formation cumul\u00e9s sur le CPF, vous devez\u00a0activer votre <a href=\"https:\/\/www.mes-allocs.fr\/guides\/retraite\/mon-compte-assurance-retraite\/\">compte<\/a> sur le site moncompteformation.gouv.fr. <\/b>Ensuite, vous pouvez choisir, r\u00e9server et financer directement en ligne les formations \u00e9ligibles au CPF.<\/p>\n<p>Attention, depuis le 2 avril 2026, une <strong>participation financi\u00e8re de 150\u20ac<\/strong> est demand\u00e9e si vous souhaitez mobiliser votre CPF (sauf pour certains publics comme les demandeurs d\u2019emploi).<\/p>\n<h1 style=\"text-align: justify;\">Quels financements pour un salari\u00e9 en CDI ?<\/h1>\n<h2 style=\"text-align: justify;\">Le Projet de Transition Professionnelle<\/h2>\n<p style=\"text-align: justify;\">Aussi appel\u00e9 CPF de transition professionnelle, il permet aux salari\u00e9s qui souhaitent se reconvertir de financer des formations certifiantes en lien avec leur projet. <b>Pour l&rsquo;utiliser, il faut avoir occup\u00e9 un emploi pendant 24 mois, discontinus ou non, dont les 12 derniers mois dans votre entreprise actuelle.<\/b><\/p>\n<p style=\"text-align: justify;\"><b>La demande de financement s\u2019effectue aupr\u00e8s d\u2019une Commission Paritaire Interprofessionnelle R\u00e9gionale (CPIR), d\u00e9nomm\u00e9e \u00ab Transitions Pro \u00bb. <\/b>Il faut d\u00e9poser un dossier aupr\u00e8s de\u00a0l&rsquo;association\u00a0Transitions Pro de votre r\u00e9gion qui \u00e9tudie votre projet avant de donner son accord.<\/p>\n<h2 style=\"text-align: justify;\">Le Plan de D\u00e9veloppement des Comp\u00e9tences<\/h2>\n<p style=\"text-align: justify;\"><b>Il regroupe l\u2019ensemble des actions de formation d\u00e9finies dans le cadre de la politique de gestion du personnel de l\u2019entreprise.<\/b> Les <a href=\"https:\/\/www.mes-allocs.fr\/guides\/aide-formation\/actions-du-plan-de-formation-professionnelle\/\">actions<\/a> de formation peuvent\u00a0permettre de\u00a0d\u00e9velopper de nouvelles comp\u00e9tences, d\u2019\u00e9voluer professionnellement ou encore de vous reconvertir.<\/p>\n<p style=\"text-align: justify;\"><b>Le montant est int\u00e9gralement pris en charge par l\u2019employeur.<\/b><\/p>\n<p style=\"text-align: justify;\">Vous pouvez prendre l&rsquo;initiative de demander \u00e0 votre employeur de suivre une formation dans le cadre du PDC,\u00a0cependant, vous devez obtenir l&rsquo;accord de l&#8217;employeur pour b\u00e9n\u00e9ficier de la formation souhait\u00e9e.<\/p>\n<h2 style=\"text-align: justify;\">La promotion ou reconversion par alternance Pro-A<\/h2>\n<p style=\"text-align: justify;\"><b>Ce dispositif permet au salari\u00e9 d&rsquo;atteindre un niveau de qualification sup\u00e9rieur ou identique \u00e0 celui d\u00e9tenu lors de la d\u00e9marche de reconversion ou de promotion par l&rsquo;alternance.<\/b><\/p>\n<p style=\"text-align: justify;\"><b>Elle est donc financ\u00e9e selon le\u00a0montant forfaitaire fix\u00e9 par les branches ou \u00e0 d\u00e9faut par d\u00e9cret et\u00a0un forfait prenant en charge tout ou partie des frais p\u00e9dagogiques et des frais de transport et d\u2019h\u00e9bergement.<\/b><\/p>\n<p style=\"text-align: justify;\">Vous devez faire la demande \u00e0 votre employeur de pr\u00e9f\u00e9rence par lettre recommand\u00e9e avec avis de r\u00e9ception.<\/p>\n<p><iframe loading=\"lazy\" title=\"Les aides \u00e0 la formation\" width=\"500\" height=\"281\" src=\"https:\/\/www.youtube.com\/embed\/gs3ZRHqtzmY?feature=oembed\" frameborder=\"0\" allow=\"accelerometer; autoplay; clipboard-write; encrypted-media; gyroscope; picture-in-picture; web-share\" referrerpolicy=\"strict-origin-when-cross-origin\" allowfullscreen><\/iframe><\/p>\n<h1 style=\"text-align: justify;\">Quels financements pour un salari\u00e9 en CDD ?<\/h1>\n<p style=\"text-align: justify;\"><b>\u00c0 l&rsquo;instar d&rsquo;un salari\u00e9 en Contrat \u00e0 Dur\u00e9e Ind\u00e9termin\u00e9e (CDI), un salari\u00e9 en Contrat \u00e0 Dur\u00e9e D\u00e9termin\u00e9e (CDD) peut b\u00e9n\u00e9ficier du :<\/b><\/p>\n<ul>\n<li style=\"text-align: justify;\">Projet de Transition Professionnelle (PTP)<\/li>\n<li style=\"text-align: justify;\">Plan de d\u00e9veloppement des comp\u00e9tences (PDC)<\/li>\n<li style=\"text-align: justify;\">La promotion ou reconversion par alternance Pro-A<\/li>\n<\/ul>\n<h1 style=\"text-align: justify;\">Quels financements pour un demandeur d&#8217;emploi ?<\/h1>\n<h2 style=\"text-align: justify;\">L&rsquo;aide Individuelle \u00e0 la Formation (AIF)<\/h2>\n<p style=\"text-align: justify;\"><b>Elle est destin\u00e9e aux demandeurs d&#8217;emploi accompagn\u00e9s au titre d\u2019un Contrat de S\u00e9curisation Professionnelle (CSP) et ne pouvant pas b\u00e9n\u00e9ficier de la Pr\u00e9paration Op\u00e9rationnelle \u00e0 l&rsquo;Emploi (POE) ou de l\u2019Action de Formation Pr\u00e9alable au Recrutement (AFPR).<\/b><\/p>\n<p style=\"text-align: justify;\">L\u2019AIF\u00a0couvre l\u2019int\u00e9gralit\u00e9 du co\u00fbt de la formation restant \u00e0 votre charge, apr\u00e8s la prise en charge des autres financeurs. <b>L&rsquo;aide financi\u00e8re est vers\u00e9e directement \u00e0 l&rsquo;organisme de formation par P\u00f4le Emploi.<\/b><\/p>\n<p style=\"text-align: justify;\"><b>Vous devez\u00a0faire valider votre projet de formation par votre conseiller P\u00f4le Emploi avant tout financement possible par l&rsquo;organisme.<\/b>\u00a0La d\u00e9marche doit \u00eatre coh\u00e9rente et pertinente\u00a0avec un projet de reprise d\u2019emploi ou d\u2019activit\u00e9. L&rsquo;interm\u00e9diaire doit valider le projet\u00a0au regard du contenu, des co\u00fbts p\u00e9dagogiques, et de la dur\u00e9e de l\u2019action de formation, mais aussi sur son efficacit\u00e9 pour votre retour \u00e0 l\u2019emploi.<\/p>\n<h2 style=\"text-align: justify;\">Contrat de professionnalisation<\/h2>\n<p style=\"text-align: justify;\"><b>Si vous \u00eates \u00e2g\u00e9 de 26 ans et plus, vous pouvez b\u00e9n\u00e9ficier\u00a0du contrat de professionnalisation afin que le co\u00fbt de la formation soit pris en charge par l\u2019entreprise d\u2019accueil et percevoir une r\u00e9mun\u00e9ration en fonction de votre \u00e2ge.<\/b><\/p>\n<p style=\"text-align: justify;\">Le montant est int\u00e9gralement pris en charge par l\u2019employeur.<\/p>\n<p style=\"text-align: justify;\"><b>Le contrat professionnel peut \u00eatre conclu avec tout type d\u2019employeur du secteur priv\u00e9.<\/b> En revanche, vous ne pouvez pas \u00eatre embauch\u00e9 par un service de l\u2019\u00c9tat, des collectivit\u00e9s territoriales ou des \u00c9tablissements Publics \u00e0 caract\u00e8re Administratif (EPA).<\/p>\n<h1 style=\"text-align: justify;\">Quels financements pour un int\u00e9rimaire ?<\/h1>\n<p style=\"text-align: justify;\"><b>Une personne en contrat d&rsquo;int\u00e9rim peut b\u00e9n\u00e9ficier du :<\/b><\/p>\n<ul>\n<li style=\"text-align: justify;\">Projet de Transition Professionnelle (PTP)<\/li>\n<li style=\"text-align: justify;\">Contrat de professionnalisation<\/li>\n<li style=\"text-align: justify;\">Fonds d\u2019assurance Formation du Travail Temporaire (FAFTT) qui\u00a0<b>une association qui contribue au d\u00e9veloppement de la formation professionnelle continue chez les int\u00e9rimaires. <\/b><\/li>\n<\/ul>\n<p style=\"text-align: justify;\">La structure accompagne les salari\u00e9s et les demandeurs d\u2019emploi dans leur projet professionnel lorsque celui-ci n\u00e9cessite la r\u00e9alisation d\u2019une action de formation, d\u2019un bilan de comp\u00e9tences ou encore d\u2019une Validation des Acquis de l&rsquo;Exp\u00e9rience (VAE).\u00a0Les montants varient suivant la formation \u00e0 financer.<\/p>\n<p style=\"text-align: justify;\"><b>Pour percevoir ce financement, vous devez totaliser 1 600 heures dans le travail temporaire au cours des 18 derniers mois, dont 600 heures dans l&rsquo;Entreprise de Travail Temporaire (ETT) qui signe votre autorisation d&rsquo;absence. <\/b>Il est recommand\u00e9 de se rapprocher des \u00e9quipes territoriales d&rsquo;AKTO &#8211; R\u00e9seau FAFTT.<\/p>\n<h1 style=\"text-align: justify;\">Quels financements pour un ind\u00e9pendant ?<\/h1>\n<h2 style=\"text-align: justify;\">FAF (Fonds d\u2019Assurance Formation)<\/h2>\n<p style=\"text-align: justify;\"><b>En contrepartie de la contribution \u00e0 la formation professionnelle (CFP), un\u00a0travailleur ind\u00e9pendant peut percevoir un financement total ou partiel de sa formation. Leur conjoint collaborateur en b\u00e9n\u00e9ficie \u00e9galement si la CFP-conjoint a \u00e9t\u00e9 vers\u00e9e.<\/b><\/p>\n<p style=\"text-align: justify;\">Le montant du financement d\u00e9pend du code NAF de chaque activit\u00e9 et des th\u00e8mes de formation retenus par les repr\u00e9sentants de la profession.<\/p>\n<p style=\"text-align: justify;\"><b>Il est possible de demander au fond d&rsquo;assurance formation (FAF) dont vous d\u00e9pendez de prendre en charge certains frais de formation, au minimum 1 mois avant le d\u00e9but de la formation pr\u00e9vue.<\/b><\/p>\n<h2 style=\"text-align: justify;\">Cr\u00e9dit\u00a0d&rsquo;imp\u00f4t pour la formation des dirigeants d&rsquo;entreprise<\/h2>\n<p style=\"text-align: justify;\">En principe, tous les chefs d\u2019entreprise (entrepreneur individuel, g\u00e9rant de soci\u00e9t\u00e9, pr\u00e9sident, directeur g\u00e9n\u00e9ral, administrateur ou membre de soci\u00e9t\u00e9s par actions)\u00a0peuvent b\u00e9n\u00e9ficier de l&rsquo;aide.<\/p>\n<p style=\"text-align: justify;\"><b>Le cr\u00e9dit d\u2019imp\u00f4t est\u00a0limit\u00e9 \u00e0 la prise en compte de\u00a040 heures\u00a0de formation par ann\u00e9e civile et par entreprise. En cas d&#8217;emploi en soci\u00e9t\u00e9, il est donc plafonn\u00e9 au niveau de la soci\u00e9t\u00e9 et non par associ\u00e9.<\/b><\/p>\n<p style=\"text-align: justify;\"><b>Le cr\u00e9dit\u00a0d&rsquo;imp\u00f4t est d\u00e9duit du paiement du solde sur l&rsquo;imp\u00f4t sur les b\u00e9n\u00e9fices d\u00fb par l&rsquo;entreprise au titre de l&rsquo;ann\u00e9e au cours de laquelle les d\u00e9penses \u00e9ligibles ont \u00e9t\u00e9 engag\u00e9es. <\/b>Cela doit \u00eatre fait apr\u00e8s les pr\u00e9l\u00e8vements non-lib\u00e9ratoires et les autres cr\u00e9dits d&rsquo;imp\u00f4t pouvant \u00eatre report\u00e9s ou restituables.<\/p>\n<h1 style=\"text-align: justify;\">Quels financements pour un fonctionnaire ?<\/h1>\n<p style=\"text-align: justify;\"><b>Le Cong\u00e9 de Formation Professionnelle (CFP) est\u00a0ouvert \u00e0 tous les agents des trois fonctions publiques. Le dispositif permet de r\u00e9aliser un projet personnel de formation pour une reconversion, acc\u00e9der \u00e0 un niveau sup\u00e9rieur de qualification ou acqu\u00e9rir de nouvelles comp\u00e9tences professionnelles.<\/b><\/p>\n<p style=\"text-align: justify;\">Une indemnit\u00e9 mensuelle forfaitaire \u00e9gale \u00e0\u00a085\u00a0%\u00a0du traitement brut et de l&rsquo;indemnit\u00e9 de r\u00e9sidence est vers\u00e9e mensuellement.<\/p>\n<p style=\"text-align: justify;\"><b>Vous devez effectuer la demande de cong\u00e9 au moins 120 jours (4 mois) avant la date de d\u00e9but de la formation en pr\u00e9cisant les dates de d\u00e9but et de fin du cong\u00e9, la formation envisag\u00e9e et les coordonn\u00e9es de l&rsquo;organisme de formation.<\/b><\/p>\n<div class='cta-block'><div class='text'>Simulez toutes vos aides en 2 min.<\/div><a href='https:\/\/www.mes-allocs.fr\/ab-app?origin=guides\/wp-json\/wp\/v2\/posts\/51808' class='app-button fit'>Simulation gratuite<\/a><\/div>\n","protected":false},"excerpt":{"rendered":"<p>[Mis \u00e0 jour le 03\/04\/2026] Vous souhaitez \u00e9voluer ou vous reconvertir professionnellement, et pour cela une formation professionnelle est n\u00e9cessaire ? En France, l&rsquo;\u00c9tat offre de nombreuses aides \u00e0 la formation pour financer totalement ou partiellement un projet de formation. Alors, aide financement formation adulte : comment en b\u00e9n\u00e9ficier ? Le Compte Personnel de Formation [&hellip;]<\/p>\n","protected":false},"author":14,"featured_media":57843,"comment_status":"closed","ping_status":"open","sticky":false,"template":"","format":"standard","meta":{"amp_status":"","footnotes":""},"categories":[2045,5605],"tags":[],"class_list":["post-51808","post","type-post","status-publish","format-standard","has-post-thumbnail","hentry","category-aide-formation","category-financement-formation"],"yoast_head":"<!-- This site is optimized with the Yoast SEO plugin v14.9 - https:\/\/yoast.com\/wordpress\/plugins\/seo\/ -->\n<title>Quelle aide au financement pour une formation pour adulte ? | Mes-Allocs.fr<\/title>\n<meta name=\"description\" content=\"En France, l&#039;\u00c9tat offre de nombreux aides \u00e0 la formation pour financer totalement ou partiellement un projet de formation.\" \/>\n<meta name=\"robots\" content=\"index, follow, max-snippet:-1, max-image-preview:large, max-video-preview:-1\" \/>\n<link rel=\"canonical\" href=\"https:\/\/www.mes-allocs.fr\/guides\/aide-formation\/financement-formation\/aide-financement-formation-adulte\/\" \/>\n<meta property=\"og:locale\" content=\"fr_FR\" \/>\n<meta property=\"og:type\" content=\"article\" \/>\n<meta property=\"og:title\" content=\"Quelle aide au financement pour une formation pour adulte ? | Mes-Allocs.fr\" \/>\n<meta property=\"og:description\" content=\"En France, l&#039;\u00c9tat offre de nombreux aides \u00e0 la formation pour financer totalement ou partiellement un projet de formation.\" \/>\n<meta property=\"og:url\" content=\"https:\/\/www.mes-allocs.fr\/guides\/aide-formation\/financement-formation\/aide-financement-formation-adulte\/\" \/>\n<meta property=\"og:site_name\" content=\"Mes-Allocs.fr\" \/>\n<meta property=\"article:published_time\" content=\"2022-11-07T15:07:46+00:00\" \/>\n<meta property=\"article:modified_time\" content=\"2026-04-03T12:51:28+00:00\" \/>\n<meta property=\"og:image\" content=\"https:\/\/www.mes-allocs.fr\/guides\/wp-content\/uploads\/2022\/11\/Quelle-aide-au-financement-pour-une-formation-pour-adulte-2.jpeg?wsr\" \/>\n\t<meta property=\"og:image:width\" content=\"612\" \/>\n\t<meta property=\"og:image:height\" content=\"408\" \/>\n<meta name=\"twitter:card\" content=\"summary_large_image\" \/>\n<script type=\"application\/ld+json\" class=\"yoast-schema-graph\">{\"@context\":\"https:\/\/schema.org\",\"@graph\":[{\"@type\":\"WebSite\",\"@id\":\"https:\/\/www.mes-allocs.fr\/guides\/#website\",\"url\":\"https:\/\/www.mes-allocs.fr\/guides\/\",\"name\":\"Mes-Allocs.fr\",\"description\":\"\",\"potentialAction\":[{\"@type\":\"SearchAction\",\"target\":\"https:\/\/www.mes-allocs.fr\/guides\/?s={search_term_string}\",\"query-input\":\"required name=search_term_string\"}],\"inLanguage\":\"fr-FR\"},{\"@type\":\"ImageObject\",\"@id\":\"https:\/\/www.mes-allocs.fr\/guides\/aide-formation\/financement-formation\/aide-financement-formation-adulte\/#primaryimage\",\"inLanguage\":\"fr-FR\",\"url\":\"https:\/\/www.mes-allocs.fr\/guides\/wp-content\/uploads\/2022\/11\/Quelle-aide-au-financement-pour-une-formation-pour-adulte-2.jpeg?wsr\",\"width\":612,\"height\":408,\"caption\":\"Quelle aide au financement pour une formation pour adulte\"},{\"@type\":\"WebPage\",\"@id\":\"https:\/\/www.mes-allocs.fr\/guides\/aide-formation\/financement-formation\/aide-financement-formation-adulte\/#webpage\",\"url\":\"https:\/\/www.mes-allocs.fr\/guides\/aide-formation\/financement-formation\/aide-financement-formation-adulte\/\",\"name\":\"Quelle aide au financement pour une formation pour adulte ? | Mes-Allocs.fr\",\"isPartOf\":{\"@id\":\"https:\/\/www.mes-allocs.fr\/guides\/#website\"},\"primaryImageOfPage\":{\"@id\":\"https:\/\/www.mes-allocs.fr\/guides\/aide-formation\/financement-formation\/aide-financement-formation-adulte\/#primaryimage\"},\"datePublished\":\"2022-11-07T15:07:46+00:00\",\"dateModified\":\"2026-04-03T12:51:28+00:00\",\"author\":{\"@id\":\"https:\/\/www.mes-allocs.fr\/guides\/#\/schema\/person\/a3de97298fd0ffc005ebdd5628b03ca8\"},\"description\":\"En France, l'\\u00c9tat offre de nombreux aides \\u00e0 la formation pour financer totalement ou partiellement un projet de formation.\",\"inLanguage\":\"fr-FR\"},{\"@type\":\"Person\",\"@id\":\"https:\/\/www.mes-allocs.fr\/guides\/#\/schema\/person\/a3de97298fd0ffc005ebdd5628b03ca8\",\"name\":\"Marina Ada Ondo\",\"image\":{\"@type\":\"ImageObject\",\"@id\":\"https:\/\/www.mes-allocs.fr\/guides\/#personlogo\",\"inLanguage\":\"fr-FR\",\"url\":\"https:\/\/www.mes-allocs.fr\/guides\/wp-content\/uploads\/2022\/02\/Photo-de-profil-150x150.png\",\"caption\":\"Marina Ada Ondo\"},\"description\":\"Marina est r\\u00e9dactrice au sein de l'\\u00e9quipe Mes Allocs, sp\\u00e9cialis\\u00e9e sur les aides aux jeunes. Dipl\\u00f4m\\u00e9e de l'ISFJ, elle rejoint Mes Allocs apr\\u00e8s une premi\\u00e8re exp\\u00e9rience en communication chez Little Africa, une agence de communication \\u00e0 Paris. Sur son temps libre, Marina lit beaucoup et passe ses dimanches au mus\\u00e9e.\",\"sameAs\":[\"https:\/\/www.linkedin.com\/in\/marinaadaondo\/\"]}]}<\/script>\n<!-- \/ Yoast SEO plugin. -->","amp_validity":null,"acf":{"faq":{"1":{"question":"Qui peut nous aider \u00e0 financer une formation ?","answer":"P\u00f4le emploi,\r\nCPF,\r\nLa r\u00e9gion,\r\nL'employeur, \r\nLes OPCO, \r\nLe compte professionnel de pr\u00e9vention, \r\nLe compte d'engagement citoyen, \r\nL'Agefiph, \r\nEtc."},"2":{"question":"Puis-je avoir la prime d'activit\u00e9 si je suis en formation ?","answer":"En formation, il est possible de percevoir la prime d'activit\u00e9 sous certaines conditions. Si vous \u00eates salari\u00e9 ou fonctionnaire et \u00e9ligible \u00e0 la prime d'activit\u00e9, le fait de suivre une formation ne modifie pas vos droits tant que vous continuez \u00e0 percevoir les m\u00eames revenus professionnels (voir les d\u00e9tails)."},"3":{"question":"Est-ce que P\u00f4le emploi peut financer deux formations ?","answer":" Il est parfois possible d'obtenir plusieurs financements de la part de plusieurs financeurs pour une m\u00eame formation."},"4":{"question":"Qui peut b\u00e9n\u00e9ficier de l'AIF ?","answer":"L'Aide Individuelle \u00e0 la Formation (AIF) est un dispositif financier propos\u00e9 par P\u00f4le emploi, en partenariat avec les r\u00e9gions. Il est ouvert aux demandeurs d'emploi et aux personnes qui b\u00e9n\u00e9ficient d'un accompagnement CSP (Contrat de S\u00e9curisation Professionnelle)."},"5":{"question":"Comment se faire financer sa formation par le conseil r\u00e9gional ?","answer":"Selon la l\u00e9gislation locale, le financement d'une formation par le conseil r\u00e9gional est envisageable sous forme de ch\u00e8ques de formation. La personne per\u00e7oit une somme d\u00e9termin\u00e9e en fonction de sa situation et de la pertinence de son dossier. La r\u00e9gion finance aussi les formations sous forme de r\u00e9mun\u00e9ration."},"6":{"question":"Puis-je toucher le RSA en m\u00eame temps qu'une formation ?","answer":"Vous pouvez percevoir la r\u00e9mun\u00e9ration des formations de P\u00f4le emploi (RFPE) et le RSA. Selon le montant de la r\u00e9mun\u00e9ration de la RFPE et de la composition de votre foyer, votre droit au RSA peut \u00eatre r\u00e9duit ou supprim\u00e9."},"7":{"question":"","answer":""},"8":{"question":"","answer":""},"9":{"question":"","answer":""},"10":{"question":"","answer":""},"11":{"question":"","answer":""},"12":{"question":"","answer":""},"13":{"question":"","answer":""},"14":{"question":"","answer":""},"15":{"question":"","answer":""},"16":{"question":"","answer":""}}},"_links":{"self":[{"href":"https:\/\/www.mes-allocs.fr\/guides\/wp-json\/wp\/v2\/posts\/51808","targetHints":{"allow":["GET"]}}],"collection":[{"href":"https:\/\/www.mes-allocs.fr\/guides\/wp-json\/wp\/v2\/posts"}],"about":[{"href":"https:\/\/www.mes-allocs.fr\/guides\/wp-json\/wp\/v2\/types\/post"}],"author":[{"embeddable":true,"href":"https:\/\/www.mes-allocs.fr\/guides\/wp-json\/wp\/v2\/users\/14"}],"replies":[{"embeddable":true,"href":"https:\/\/www.mes-allocs.fr\/guides\/wp-json\/wp\/v2\/comments?post=51808"}],"version-history":[{"count":11,"href":"https:\/\/www.mes-allocs.fr\/guides\/wp-json\/wp\/v2\/posts\/51808\/revisions"}],"predecessor-version":[{"id":111518,"href":"https:\/\/www.mes-allocs.fr\/guides\/wp-json\/wp\/v2\/posts\/51808\/revisions\/111518"}],"wp:featuredmedia":[{"embeddable":true,"href":"https:\/\/www.mes-allocs.fr\/guides\/wp-json\/wp\/v2\/media\/57843"}],"wp:attachment":[{"href":"https:\/\/www.mes-allocs.fr\/guides\/wp-json\/wp\/v2\/media?parent=51808"}],"wp:term":[{"taxonomy":"category","embeddable":true,"href":"https:\/\/www.mes-allocs.fr\/guides\/wp-json\/wp\/v2\/categories?post=51808"},{"taxonomy":"post_tag","embeddable":true,"href":"https:\/\/www.mes-allocs.fr\/guides\/wp-json\/wp\/v2\/tags?post=51808"}],"curies":[{"name":"wp","href":"https:\/\/api.w.org\/{rel}","templated":true}]}}