{"id":51683,"date":"2022-06-03T11:34:28","date_gmt":"2022-06-03T09:34:28","guid":{"rendered":"https:\/\/www.mes-allocs.fr\/guides\/?p=51683"},"modified":"2022-09-08T11:52:38","modified_gmt":"2022-09-08T09:52:38","slug":"comment-faire-une-demande-aspa-strasbourg","status":"publish","type":"post","link":"https:\/\/www.mes-allocs.fr\/guides\/aspa\/aspa-par-ville\/comment-faire-une-demande-aspa-strasbourg\/","title":{"rendered":"Comment faire une demande Aspa Strasbourg ?"},"content":{"rendered":"<p><img loading=\"lazy\" decoding=\"async\" class=\"aligncenter wp-image-44076 size-full\" title=\"demande Aspa Strasbourg\" src=\"https:\/\/www.mes-allocs.fr\/guides\/wp-content\/uploads\/2022\/01\/demande-Aspa-Strasbourg-e1643221452455.jpg\" alt=\"demande Aspa Strasbourg\" width=\"1280\" height=\"374\" \/><\/p>\n<p style=\"text-align: justify;\"><a href=\"https:\/\/www.mes-allocs.fr\/guides\/aspa\/\">L&rsquo;Aspa<\/a>, ou allocation aux personnes \u00e2g\u00e9es est vers\u00e9e \u00e0 partir de 65 ans aux personnes dont les ressources (retraite comprise) ne permettent pas de vivre correctement. Dans cet article Mes Allocs vous explique comment faire une demande d&rsquo;ASPA \u00e0 Strasbourg.<\/p>\n<hr \/>\n<h1>Comment faire une demande d&rsquo;Aspa \u00e0 Strasbourg ?<\/h1>\n<p><img loading=\"lazy\" decoding=\"async\" class=\"alignright wp-image-44074 size-medium\" title=\"Comment faire une demande dAspa a\u0300 Strasbourg\" src=\"https:\/\/www.mes-allocs.fr\/guides\/wp-content\/uploads\/2022\/01\/Comment-faire-une-demande-dAspa-a\u0300-Strasbourg--300x200.jpg\" alt=\"Comment faire une demande dAspa a\u0300 Strasbourg\" width=\"300\" height=\"200\" srcset=\"https:\/\/www.mes-allocs.fr\/guides\/wp-content\/uploads\/2022\/01\/Comment-faire-une-demande-dAspa-a\u0300-Strasbourg--300x200.jpg 300w, https:\/\/www.mes-allocs.fr\/guides\/wp-content\/uploads\/2022\/01\/Comment-faire-une-demande-dAspa-a\u0300-Strasbourg--1024x682.jpg 1024w, https:\/\/www.mes-allocs.fr\/guides\/wp-content\/uploads\/2022\/01\/Comment-faire-une-demande-dAspa-a\u0300-Strasbourg--768x512.jpg 768w, https:\/\/www.mes-allocs.fr\/guides\/wp-content\/uploads\/2022\/01\/Comment-faire-une-demande-dAspa-a\u0300-Strasbourg--600x400.jpg 600w, https:\/\/www.mes-allocs.fr\/guides\/wp-content\/uploads\/2022\/01\/Comment-faire-une-demande-dAspa-a\u0300-Strasbourg-.jpg 1280w\" sizes=\"auto, (max-width: 300px) 100vw, 300px\" \/><\/p>\n<p style=\"text-align: justify;\">Avant de faire votre demande d&rsquo;<a href=\"https:\/\/www.mes-allocs.fr\/guides\/aspa\/aspa-par-ville\/\">Aspa<\/a>, v\u00e9rifiez que vous avez de faibles ressources qui respectent les plafonds en vigueur. Faites une simulation gratuite avec Mes Allocs.<\/p>\n<p style=\"text-align: justify;\">Si effectivement vous \u00eates \u00e9ligible, alors vous devez vous adresser aupr\u00e8s de la caisse de retraite dont vous d\u00e9pendez. Il peut s&rsquo;agit de la CARSAT, la MSA, la Cnav ou de la s\u00e9curit\u00e9 sociale des ind\u00e9pendants. En revanche, si votre conjoint est d\u00e9c\u00e9d\u00e9, dans ce cas c&rsquo;est la caisse de retraite de ce dernier qu&rsquo;il faut contacter.<\/p>\n<p style=\"text-align: justify;\">Les personnes n\u2019ayant jamais eu de revenu d\u2019 activit\u00e9 doivent s\u2019adresser au centre communal d\u2019action sociale (<strong>CCAS<\/strong>). En l\u2019absence de CCAS, il faut se tourner vers la mairie de son lieu de r\u00e9sidence.<\/p>\n<p style=\"text-align: justify;\">Si vous \u00eates \u00e9ligible, l\u2019aide est vers\u00e9e d\u00e8s le 1er jour du mois\u00a0suivant la demande.<\/p>\n<p style=\"text-align: justify;\">Pour vous aider dans vos d\u00e9marches, vous pouvez compter sur les experts Mes Allocs, on se charge \u00e0 votre place de faire toutes les d\u00e9marches administratives pour faire valoir vos droits.<\/p>\n<div class='cta-block'><div class='text'>Simulez toutes vos Aides Sociales en 2 min. Gratuit.<\/div><a href='https:\/\/www.mes-allocs.fr\/ab-app?origin=guides\/wp-json\/wp\/v2\/posts\/51683' class='app-button fit'>Simulation gratuite<\/a><\/div>\n<h2>Documents \u00e0 joindre \u00e0 une demande d&rsquo;Aspa<\/h2>\n<p style=\"text-align: justify;\">Un dossier n&rsquo;est pris en compte que s&rsquo;il contient les pi\u00e8ces justificatives demand\u00e9es.<\/p>\n<p style=\"text-align: justify;\"><strong>Ainsi, pour que vos droits soient \u00e9tudi\u00e9s, vous devrez joindre les pi\u00e8ces suivantes :\u00a0<\/strong><\/p>\n<ul>\n<li style=\"text-align: justify;\">original ou copie du dernier\u00a0\u00a0avis d\u2019imposition sur le revenu, celui du concubin en plus en cas d\u2019union libre<\/li>\n<li style=\"text-align: justify;\">2 justificatifs de r\u00e9sidence en France : quittance de loyer, facture d\u2019eau, facture de gaz (Engie, Direct Energie, Etc.) ou d\u2019\u00e9lectricit\u00e9 (EDF ou op\u00e9rateurs alternatifs), facture de t\u00e9l\u00e9phone, attestation du maire<\/li>\n<li style=\"text-align: justify;\">titre de s\u00e9jour pour les personnes n\u00e9es \u00e0 l\u2019\u00e9tranger (hors UE, Islande, Liechtenstein, Norv\u00e8ge ou Suisse) et r\u00e9sidant en France.<\/li>\n<\/ul>\n<h1>Qu&rsquo;est-ce que l&rsquo;Aspa ?<\/h1>\n<p style=\"text-align: justify;\">L&rsquo;allocation de solidarit\u00e9 aux personnes \u00e2g\u00e9es, plus simplement appel\u00e9e ASPA est un minimum vieillesse. Elle est vers\u00e9e aux personnes qui ont au moins 65 ans dont les ressources ne sont pas suffisantes pour vivre correctement. Ces personnes doivent avoir cotis\u00e9 au r\u00e9gime de retraite g\u00e9n\u00e9ral, ou bien \u00e0 la caisse de retraite.<\/p>\n<p style=\"text-align: justify;\">L&rsquo;organisme de versement diff\u00e8re d&rsquo;une personne \u00e0 l&rsquo;autre. En effet, vous percevrez l&rsquo;allocation soit par la CARSAT, soit par la Mutualit\u00e9 sociale agricole (MSA) si vous relevez du r\u00e9gime agricole.<\/p>\n<p style=\"text-align: justify;\">Plusieurs \u00e9l\u00e9ments sont pris en compte dans le calcul de vos droits. Notamment vos ressources, c&rsquo;est pourquoi, pour plus de facilit\u00e9, vous pouvez estimer vos droits gratuitement avec Mes Allocs. En deux minutes vous aurez une estimation fiable du montant auquel vous pouvez pr\u00e9tendre.<\/p>\n<p style=\"text-align: justify;\">Attention : Si vous avez une carri\u00e8re professionnelle compl\u00e8te avec peu ou pas du tout d&rsquo;interruption, alors le montant de votre pension de retraite de base additionn\u00e9e \u00e0 votre pension de retraite\u00a0compl\u00e9mentaire avoisine souvent les plafonds de l\u2019ASPA.<\/p>\n<h2>Les conditions \u00e0 remplir<\/h2>\n<p style=\"text-align: justify;\">Tout le monde ne peut pas faire valoir ses droits \u00e0 l&rsquo;Aspa. Comme la plupart des allocations, certaines conditions sont \u00e0 respecter. C&rsquo;est le cas de :<\/p>\n<ul>\n<li style=\"text-align: justify;\">Vous devez percevoir une pension de retraite ou une pension de r\u00e9version.<\/li>\n<li style=\"text-align: justify;\">\u00catre \u00e2g\u00e9 de 65\u00a0ans ou avoir atteint l\u2019\u00e2ge l\u00e9gal de la retraite\u00a0en cas d\u2019invalidit\u00e9 ou d\u2019incapacit\u00e9 permanente (au moins 50\u00a0%).<\/li>\n<li style=\"text-align: justify;\">Avoir liquid\u00e9 l\u2019ensemble de ses droits \u00e0 la retraite en France comme \u00e0 l\u2019\u00e9tranger.<\/li>\n<li style=\"text-align: justify;\">R\u00e9sider en France m\u00e9tropolitaine, en Guadeloupe, en Martinique, en Guyane, \u00e0 la R\u00e9union, \u00e0 Saint Martin ou \u00e0 Saint Barth\u00e9l\u00e9my, plus de 6 mois (ou 180 jours) au cours de l\u2019ann\u00e9e civile de versement de l\u2019allocation.<\/li>\n<li style=\"text-align: justify;\">Il ne faut pas que vos ressources ne d\u00e9passent les plafonds en vigueur si vous souhaitez b\u00e9n\u00e9ficier du montant de l\u2019 Aspa<\/li>\n<\/ul>\n<div class='cta-block'><div class='text'>Simulez toutes vos Aides Sociales en 2 min. Gratuit.<\/div><a href='https:\/\/www.mes-allocs.fr\/ab-app?origin=guides\/wp-json\/wp\/v2\/posts\/51683' class='app-button fit'>Simulation gratuite<\/a><\/div>\n<h1>Comment est calcul\u00e9 le montant de l&rsquo;Aspa ?<\/h1>\n<p><img loading=\"lazy\" decoding=\"async\" class=\"alignright wp-image-44075 size-medium\" title=\"Comment est calcule\u0301 le montant de lAspa\" src=\"https:\/\/www.mes-allocs.fr\/guides\/wp-content\/uploads\/2022\/01\/Comment-est-calcule\u0301-le-montant-de-lAspa--300x200.jpg\" alt=\"Comment est calcule\u0301 le montant de lAspa\" width=\"300\" height=\"200\" srcset=\"https:\/\/www.mes-allocs.fr\/guides\/wp-content\/uploads\/2022\/01\/Comment-est-calcule\u0301-le-montant-de-lAspa--300x200.jpg 300w, https:\/\/www.mes-allocs.fr\/guides\/wp-content\/uploads\/2022\/01\/Comment-est-calcule\u0301-le-montant-de-lAspa--1024x682.jpg 1024w, https:\/\/www.mes-allocs.fr\/guides\/wp-content\/uploads\/2022\/01\/Comment-est-calcule\u0301-le-montant-de-lAspa--768x512.jpg 768w, https:\/\/www.mes-allocs.fr\/guides\/wp-content\/uploads\/2022\/01\/Comment-est-calcule\u0301-le-montant-de-lAspa--600x400.jpg 600w, https:\/\/www.mes-allocs.fr\/guides\/wp-content\/uploads\/2022\/01\/Comment-est-calcule\u0301-le-montant-de-lAspa-.jpg 1280w\" sizes=\"auto, (max-width: 300px) 100vw, 300px\" \/><\/p>\n<p style=\"text-align: justify;\">L&rsquo;Aspa est une allocation pour personne \u00e2g\u00e9es dont le montant est variable d&rsquo;une personne \u00e0 l&rsquo;autre. En effet, votre situation personnelle, professionnelle ainsi que vos ressources entrent dans le calcul de vos droits.<\/p>\n<ul>\n<li style=\"text-align: justify;\">Vos revenus issus d&rsquo;une activit\u00e9 professionnelle si vous en avez une<\/li>\n<li style=\"text-align: justify;\">les pensions de retraite de droits directs et\/ou indirects (r\u00e9version)<\/li>\n<li style=\"text-align: justify;\">les pensions d\u2019invalidit\u00e9<\/li>\n<li style=\"text-align: justify;\">l\u2019AAH<\/li>\n<li>les pensions alimentaires<\/li>\n<li>les revenus des biens mobiliers et immobiliers \u00e0 hauteur de 3% de leur valeur v\u00e9nale<\/li>\n<\/ul>\n<h1>Les plafonds de revenus \u00e0 revenus pour en b\u00e9n\u00e9ficier<\/h1>\n<div itemscope itemtype=\"http:\/\/schema.org\/Table\"><h2 itemprop=\"about\"><\/h2>\n<table style=\"border-collapse: collapse; width: 100.664%; height: 300px;\">\n<tbody>\n<tr style=\"height: 48px;\">\n<td style=\"width: 10.1204%; background-color: #d8e6f2; border: 1px solid black; text-align: center; height: 85px;\"><strong>Situation familiale<\/strong><\/td>\n<td style=\"width: 9.58515%; height: 85px; background-color: #d8e6f2; border: 1px solid black; text-align: center;\"><b>Plafond de revenus annuel \u00e0 ne pas d\u00e9passer<\/b><\/td>\n<td style=\"width: 10.3448%; height: 85px; background-color: #d8e6f2; border: 1px solid black; text-align: center;\"><strong>Plafond mensuel de revenus \u00e0 ne pas d\u00e9passer<\/strong><\/td>\n<\/tr>\n<tr style=\"height: 24px;\">\n<td style=\"width: 10.1204%; border: 1px solid black; text-align: center; height: 49px;\">C\u00e9libat<\/td>\n<td style=\"width: 9.58515%; height: 49px;\">\n<p style=\"text-align: center;\">11 001,44 \u20ac<\/p>\n<\/td>\n<td style=\"width: 10.3448%; height: 49px; border: 1px solid black; text-align: center;\">916,78 \u20ac<\/td>\n<\/tr>\n<tr style=\"height: 24px;\">\n<td style=\"width: 10.1204%; border: 1px solid black; text-align: center; height: 55px;\">Couple (Pacs, mariage, concubinage)<\/td>\n<td style=\"width: 9.58515%; border: 1px solid black; text-align: center; height: 55px;\">17 079,77 \u20ac<\/td>\n<td style=\"width: 10.3448%; border: 1px solid black; text-align: center; height: 55px;\">1 423,31 \u20ac<\/td>\n<\/tr>\n<\/tbody>\n<\/table>\n<p><span style=\"font-weight: 400;\"><\/div><\/span><\/p>\n<div class='cta-block'><div class='text'>Simulez toutes vos Aides Sociales en 2 min. Gratuit.<\/div><a href='https:\/\/www.mes-allocs.fr\/ab-app?origin=guides\/wp-json\/wp\/v2\/posts\/51683' class='app-button fit'>Simulation gratuite<\/a><\/div>\n<h1>Avec quoi peut-on cumuler l&rsquo;Aspa ?<\/h1>\n<p>L&rsquo;Aspa est une allocation qui peut se cumuler sous condition avec des revenus d&rsquo;une activit\u00e9 professionnelle. Mais elle peut \u00e9galement se cumuler avec d&rsquo;autres allocations.<\/p>\n<h2>Aspa et revenus d&rsquo;activit\u00e9<\/h2>\n<p>Depuis le 1er janvier 2015 vous pouvez tout \u00e0 fait b\u00e9n\u00e9ficier de l&rsquo;Aspa tout en travaillant. Notez que pour une personne qui vit seul, on applique un abattement forfaitaire sur les revenus trimestriels.<\/p>\n<h2><span id=\"Peut-on_cumuler_lAspa_et_lAAH\">Aspa et l\u2019AAH<\/span><\/h2>\n<p>Depuis janvier 2017 vous avez la possibilit\u00e9 de b\u00e9n\u00e9ficier en m\u00eame temps de l&rsquo;Aspa et de l&rsquo;allocation aux adultes handicap\u00e9s. Cette nouvelle mesure a \u00e9t\u00e9 rendue possible gr\u00e2ce \u00e0 la mise en place de la loi des finance de 2017. Avant, les personnes qui percevaient l&rsquo;AAH devenait automatiquement b\u00e9n\u00e9ficiaires de l&rsquo;Aspa uniquement lorsqu&rsquo;ils avaient l&rsquo;\u00e2ge de la retraite.<\/p>\n<p>Mais depuis, vous pouvez continuer \u00e0 percevoir l\u2019AAH une fois \u00e0 la retraite si vous remplissez certaines conditions. En effet, pour cumuler ces deux sources de revenus, vous devez avoir cotis\u00e9 \u00e0 l\u2019assurance vieillesse, avoir un taux d\u2019incapacit\u00e9 \u00e9gal ou sup\u00e9rieur \u00e0 80%, avoir une pension de retraite inf\u00e9rieure \u00e0 900 euros par mois et avoir atteint l\u2019\u00e2ge l\u00e9gal de la retraite apr\u00e8s le 1er janvier 2017.<\/p>\n<div class='cta-block'><div class='text'>Simulez toutes vos Aides Sociales en 2 min. Gratuit.<\/div><a href='https:\/\/www.mes-allocs.fr\/ab-app?origin=guides\/wp-json\/wp\/v2\/posts\/51683' class='app-button fit'>Simulation gratuite<\/a><\/div>\n<h1>Aspa et allocation logement<\/h1>\n<p>Une personne \u00e2g\u00e9es qui per\u00e7oit l&rsquo;allocation de solidarit\u00e9 aux personnes \u00e2g\u00e9es peuvent tout \u00e0 fait b\u00e9n\u00e9ficier d&rsquo;une aide au logement \u00e0 condition de respecter les conditions d&rsquo;attribution propres \u00e0 chacune des aides.<\/p>\n<p><strong>Le montant de l\u2019aide au logement pour les retrait\u00e9s\u00a0est calcul\u00e9 en fonction :<\/strong><\/p>\n<ul>\n<li>du nombre de personnes \u00e0 charge<\/li>\n<li>du lieu de r\u00e9sidence<\/li>\n<li>du montant du loyer ou de la mensualit\u00e9 de remboursement de pr\u00eat<\/li>\n<li>des ressources du foyer<\/li>\n<\/ul>\n<h1>Aspa et succession, comment \u00e7a marche ?<\/h1>\n<p>Comme nous l&rsquo;avons expliqu\u00e9 plus haut, l&rsquo;Aspa est une allocation aux personnes \u00e2g\u00e9es.<\/p>\n<p>L&rsquo;Aspa peut sous condition \u00eatre en partie r\u00e9cup\u00e9rable au moment de votre succession. \u00c0 condition que le montant ne d\u00e9passe pas 39.000 euros.<\/p>\n<p>Donc pour faire simple, si le montant de la succession est sup\u00e9rieur \u00e0 39.000 euros d&rsquo;actif net, alors la caisse dont vous d\u00e9pendiez peut tout \u00e0 fait demander \u00e0 vos h\u00e9ritiers de rembourser les sommes per\u00e7ues chaque ann\u00e9e.<\/p>\n<div class='cta-block'><div class='text'>Simulez toutes vos Aides Sociales en 2 min. Gratuit.<\/div><a href='https:\/\/www.mes-allocs.fr\/ab-app?origin=guides\/wp-json\/wp\/v2\/posts\/51683' class='app-button fit'>Simulation gratuite<\/a><\/div>\n","protected":false},"excerpt":{"rendered":"<p>L&rsquo;Aspa, ou allocation aux personnes \u00e2g\u00e9es est vers\u00e9e \u00e0 partir de 65 ans aux personnes dont les ressources (retraite comprise) ne permettent pas de vivre correctement. Dans cet article Mes Allocs vous explique comment faire une demande d&rsquo;ASPA \u00e0 Strasbourg. Comment faire une demande d&rsquo;Aspa \u00e0 Strasbourg ? Avant de faire votre demande d&rsquo;Aspa, v\u00e9rifiez [&hellip;]<\/p>\n","protected":false},"author":11,"featured_media":44076,"comment_status":"closed","ping_status":"open","sticky":false,"template":"","format":"standard","meta":{"amp_status":"","footnotes":""},"categories":[3649,13284],"tags":[],"class_list":["post-51683","post","type-post","status-publish","format-standard","has-post-thumbnail","hentry","category-aspa","category-aspa-par-ville"],"yoast_head":"<!-- This site is optimized with the Yoast SEO plugin v14.9 - https:\/\/yoast.com\/wordpress\/plugins\/seo\/ -->\n<title>Comment faire une demande Aspa Strasbourg ? | Mes-Allocs.fr<\/title>\n<meta name=\"description\" content=\"L&#039;ASPA est une allocation pour personne \u00e2g\u00e9e. Mes Allocs vous explique en d\u00e9tail comment faire une demande ASPA Strasbourg.\" \/>\n<meta name=\"robots\" content=\"index, follow, max-snippet:-1, max-image-preview:large, max-video-preview:-1\" \/>\n<link rel=\"canonical\" href=\"https:\/\/www.mes-allocs.fr\/guides\/aspa\/aspa-par-ville\/comment-faire-une-demande-aspa-strasbourg\/\" \/>\n<meta property=\"og:locale\" content=\"fr_FR\" \/>\n<meta property=\"og:type\" content=\"article\" \/>\n<meta property=\"og:title\" content=\"Comment faire une demande Aspa Strasbourg ? | Mes-Allocs.fr\" \/>\n<meta property=\"og:description\" content=\"L&#039;ASPA est une allocation pour personne \u00e2g\u00e9e. Mes Allocs vous explique en d\u00e9tail comment faire une demande ASPA Strasbourg.\" \/>\n<meta property=\"og:url\" content=\"https:\/\/www.mes-allocs.fr\/guides\/aspa\/aspa-par-ville\/comment-faire-une-demande-aspa-strasbourg\/\" \/>\n<meta property=\"og:site_name\" content=\"Mes-Allocs.fr\" \/>\n<meta property=\"article:published_time\" content=\"2022-06-03T09:34:28+00:00\" \/>\n<meta property=\"article:modified_time\" content=\"2022-09-08T09:52:38+00:00\" \/>\n<meta property=\"og:image\" content=\"https:\/\/www.mes-allocs.fr\/guides\/wp-content\/uploads\/2022\/01\/demande-Aspa-Strasbourg.jpg?wsr\" \/>\n\t<meta property=\"og:image:width\" content=\"1280\" \/>\n\t<meta property=\"og:image:height\" content=\"719\" \/>\n<meta name=\"twitter:card\" content=\"summary_large_image\" \/>\n<script type=\"application\/ld+json\" class=\"yoast-schema-graph\">{\"@context\":\"https:\/\/schema.org\",\"@graph\":[{\"@type\":\"WebSite\",\"@id\":\"https:\/\/www.mes-allocs.fr\/guides\/#website\",\"url\":\"https:\/\/www.mes-allocs.fr\/guides\/\",\"name\":\"Mes-Allocs.fr\",\"description\":\"\",\"potentialAction\":[{\"@type\":\"SearchAction\",\"target\":\"https:\/\/www.mes-allocs.fr\/guides\/?s={search_term_string}\",\"query-input\":\"required name=search_term_string\"}],\"inLanguage\":\"fr-FR\"},{\"@type\":\"ImageObject\",\"@id\":\"https:\/\/www.mes-allocs.fr\/guides\/aspa\/aspa-par-ville\/comment-faire-une-demande-aspa-strasbourg\/#primaryimage\",\"inLanguage\":\"fr-FR\",\"url\":\"https:\/\/www.mes-allocs.fr\/guides\/wp-content\/uploads\/2022\/01\/demande-Aspa-Strasbourg.jpg?wsr\",\"width\":1280,\"height\":719,\"caption\":\"demande Aspa Strasbourg\"},{\"@type\":\"WebPage\",\"@id\":\"https:\/\/www.mes-allocs.fr\/guides\/aspa\/aspa-par-ville\/comment-faire-une-demande-aspa-strasbourg\/#webpage\",\"url\":\"https:\/\/www.mes-allocs.fr\/guides\/aspa\/aspa-par-ville\/comment-faire-une-demande-aspa-strasbourg\/\",\"name\":\"Comment faire une demande Aspa Strasbourg ? | Mes-Allocs.fr\",\"isPartOf\":{\"@id\":\"https:\/\/www.mes-allocs.fr\/guides\/#website\"},\"primaryImageOfPage\":{\"@id\":\"https:\/\/www.mes-allocs.fr\/guides\/aspa\/aspa-par-ville\/comment-faire-une-demande-aspa-strasbourg\/#primaryimage\"},\"datePublished\":\"2022-06-03T09:34:28+00:00\",\"dateModified\":\"2022-09-08T09:52:38+00:00\",\"author\":{\"@id\":\"https:\/\/www.mes-allocs.fr\/guides\/#\/schema\/person\/1a558d56ba1927658189ffa7f4a0ee90\"},\"description\":\"L'ASPA est une allocation pour personne \\u00e2g\\u00e9e. Mes Allocs vous explique en d\\u00e9tail comment faire une demande ASPA Strasbourg.\",\"inLanguage\":\"fr-FR\"},{\"@type\":\"Person\",\"@id\":\"https:\/\/www.mes-allocs.fr\/guides\/#\/schema\/person\/1a558d56ba1927658189ffa7f4a0ee90\",\"name\":\"Cassandre de Mes Allocs\",\"image\":{\"@type\":\"ImageObject\",\"@id\":\"https:\/\/www.mes-allocs.fr\/guides\/#personlogo\",\"inLanguage\":\"fr-FR\",\"url\":\"https:\/\/www.mes-allocs.fr\/guides\/wp-content\/uploads\/2021\/09\/cassandre-150x150.png\",\"caption\":\"Cassandre de Mes Allocs\"},\"description\":\"Cassandre est juriste au sein de l'\\u00e9quipe Mes Allocs, sp\\u00e9cialis\\u00e9e en droit de la s\\u00e9curit\\u00e9 sociale. Dipl\\u00f4m\\u00e9e de l'Universit\\u00e9 Catholique de Lyon, elle rejoint Mes Allocs apr\\u00e8s une premi\\u00e8re exp\\u00e9rience en Nouvelle Z\\u00e9lande.\",\"sameAs\":[\"https:\/\/www.linkedin.com\/in\/cassandre-vanseveren-2b0288215\"]}]}<\/script>\n<!-- \/ Yoast SEO plugin. -->","amp_validity":null,"acf":{"faq":{"1":{"question":"Quels revenus sont pris en compte pour l'ASPA ?","answer":"Les revenus professionnels qui ne d\u00e9passent pas 1 385,48 \u20ac en 2020 par mois pour une personne seule ou 2 309,13 \u20ac par mois pour une personne vivant en couple."},"2":{"question":"O\u00f9 s'adresser pour faire la demande du minimum vieillesse ?","answer":"La demande doit \u00eatre adress\u00e9e \u00e0 sa caisse de retraite (Cnav, Carsat, MSA ou S\u00e9curit\u00e9 sociale des ind\u00e9pendants) ou, pour les veufs et veuves, \u00e0 la caisse du conjoint d\u00e9c\u00e9d\u00e9."},"3":{"question":"Qui peut toucher l'ASPA ?","answer":"Vous pouvez b\u00e9n\u00e9ficier de l'Aspa \u00e0 65 ans, ou avant si vous remplissez l'une des conditions suivantes : Justifier d'un taux d'incapacit\u00e9 permanente d'au moins 50 %, \u00catre reconnu inapte au travail et d\u00e9finitivement atteint d'un taux d'incapacit\u00e9 de 50 %, Percevoir une retraite anticip\u00e9e pour handicap."},"4":{"question":"Quel est le minimum retraite pour une personne qui n'a jamais travaill\u00e9 ?","answer":"L'ex-minimum vieillesse est toutefois vers\u00e9e sous conditions. Outre l'\u00e2ge, il faut r\u00e9sider au moins six mois en France et ne pas d\u00e9passer un certain niveau de revenus annuels , soit : 10.418,40 euros pour une personne seule. 16.174,59 euros pour une personne vivant en couple."},"5":{"question":"","answer":""},"6":{"question":"","answer":""},"7":{"question":"","answer":""},"8":{"question":"","answer":""},"9":{"question":"","answer":""},"10":{"question":"","answer":""},"11":{"question":"","answer":""},"12":{"question":"","answer":""},"13":{"question":"","answer":""},"14":{"question":"","answer":""},"15":{"question":"","answer":""},"16":{"question":"","answer":""}}},"_links":{"self":[{"href":"https:\/\/www.mes-allocs.fr\/guides\/wp-json\/wp\/v2\/posts\/51683","targetHints":{"allow":["GET"]}}],"collection":[{"href":"https:\/\/www.mes-allocs.fr\/guides\/wp-json\/wp\/v2\/posts"}],"about":[{"href":"https:\/\/www.mes-allocs.fr\/guides\/wp-json\/wp\/v2\/types\/post"}],"author":[{"embeddable":true,"href":"https:\/\/www.mes-allocs.fr\/guides\/wp-json\/wp\/v2\/users\/11"}],"replies":[{"embeddable":true,"href":"https:\/\/www.mes-allocs.fr\/guides\/wp-json\/wp\/v2\/comments?post=51683"}],"version-history":[{"count":1,"href":"https:\/\/www.mes-allocs.fr\/guides\/wp-json\/wp\/v2\/posts\/51683\/revisions"}],"predecessor-version":[{"id":51684,"href":"https:\/\/www.mes-allocs.fr\/guides\/wp-json\/wp\/v2\/posts\/51683\/revisions\/51684"}],"wp:featuredmedia":[{"embeddable":true,"href":"https:\/\/www.mes-allocs.fr\/guides\/wp-json\/wp\/v2\/media\/44076"}],"wp:attachment":[{"href":"https:\/\/www.mes-allocs.fr\/guides\/wp-json\/wp\/v2\/media?parent=51683"}],"wp:term":[{"taxonomy":"category","embeddable":true,"href":"https:\/\/www.mes-allocs.fr\/guides\/wp-json\/wp\/v2\/categories?post=51683"},{"taxonomy":"post_tag","embeddable":true,"href":"https:\/\/www.mes-allocs.fr\/guides\/wp-json\/wp\/v2\/tags?post=51683"}],"curies":[{"name":"wp","href":"https:\/\/api.w.org\/{rel}","templated":true}]}}