{"id":51627,"date":"2022-10-19T19:37:11","date_gmt":"2022-10-19T17:37:11","guid":{"rendered":"https:\/\/www.mes-allocs.fr\/guides\/?p=51627"},"modified":"2025-07-16T10:49:02","modified_gmt":"2025-07-16T08:49:02","slug":"modele-de-lettre-de-motivation-demande-de-financement-de-formation","status":"publish","type":"post","link":"https:\/\/www.mes-allocs.fr\/guides\/aide-formation\/financement-formation\/modele-de-lettre-de-motivation-demande-de-financement-de-formation\/","title":{"rendered":"Mod\u00e8le de lettre de motivation demande de financement de formation"},"content":{"rendered":"<p style=\"text-align: justify;\"><b><img loading=\"lazy\" decoding=\"async\" class=\"alignnone wp-image-56270 size-full\" title=\"Modele de lettre de motivation demande de financement de formation\" src=\"https:\/\/www.mes-allocs.fr\/guides\/wp-content\/uploads\/2022\/09\/Modele-de-lettre-de-motivation-demande-de-financement-de-formation--e1662743343923.jpeg\" alt=\"Modele de lettre de motivation demande de financement de formation\" width=\"1560\" height=\"191\" srcset=\"https:\/\/www.mes-allocs.fr\/guides\/wp-content\/uploads\/2022\/09\/Modele-de-lettre-de-motivation-demande-de-financement-de-formation--e1662743343923.jpeg 1560w, https:\/\/www.mes-allocs.fr\/guides\/wp-content\/uploads\/2022\/09\/Modele-de-lettre-de-motivation-demande-de-financement-de-formation--e1662743343923-300x37.jpeg 300w, https:\/\/www.mes-allocs.fr\/guides\/wp-content\/uploads\/2022\/09\/Modele-de-lettre-de-motivation-demande-de-financement-de-formation--e1662743343923-1024x125.jpeg 1024w, https:\/\/www.mes-allocs.fr\/guides\/wp-content\/uploads\/2022\/09\/Modele-de-lettre-de-motivation-demande-de-financement-de-formation--e1662743343923-768x94.jpeg 768w, https:\/\/www.mes-allocs.fr\/guides\/wp-content\/uploads\/2022\/09\/Modele-de-lettre-de-motivation-demande-de-financement-de-formation--e1662743343923-1536x188.jpeg 1536w, https:\/\/www.mes-allocs.fr\/guides\/wp-content\/uploads\/2022\/09\/Modele-de-lettre-de-motivation-demande-de-financement-de-formation--e1662743343923-600x73.jpeg 600w\" sizes=\"auto, (max-width: 1560px) 100vw, 1560px\" \/>Afin d&rsquo;acqu\u00e9rir de nouvelles comp\u00e9tences, maintenir l&#8217;employabilit\u00e9 ou se reconvertir professionnellement, il est possible d&rsquo;effectuer une\u00a0formation professionnelle. De ce fait, diff\u00e9rents organismes accordent des <a href=\"https:\/\/www.mes-allocs.fr\/guides\/aide-formation\/\">aides \u00e0 la formation<\/a> pour \u00a0soutenir les demandeurs dans la r\u00e9alisation de ce projet. Alors, comment r\u00e9diger une lettre de motivation demande de financement de formation ?<\/b><\/p>\n<div class='cta-block'><div class='text'>Simulez toutes vos aides en 2 min.<\/div><a href='https:\/\/www.mes-allocs.fr\/ab-app?origin=guides\/wp-json\/wp\/v2\/posts\/51627' class='app-button fit'>Simulation gratuite<\/a><\/div>\n<h1 class=\"funky-title-small\" style=\"text-align: justify;\">Le financement d&rsquo;une formation par un organisme<\/h1>\n<p style=\"text-align: justify;\"><b>La formation professionnelle permet aux salari\u00e9s d&rsquo;acqu\u00e9rir des comp\u00e9tences suppl\u00e9mentaires, de se maintenir dans l&#8217;emploi ou d&rsquo;effectuer une reconversion professionnelle tout au long de la vie.<\/b><\/p>\n<p style=\"text-align: justify;\">Pour ce faire, il existe diff\u00e9rents dispositifs permettant que les frais p\u00e9dagogiques et les frais d&rsquo;inscription soit\u00a0pris en charge totalement ou partiellement. <b>Parmi ces dispositifs, on peut citer <\/b>:<\/p>\n<ul>\n<li style=\"text-align: justify;\">Le Compte de Formation Personnel (<a href=\"https:\/\/www.mes-allocs.fr\/guides\/aide-formation\/application-cpf\/\">CPF<\/a>) qui\u00a0permet d\u2019acqu\u00e9rir des droits \u00e0 la formation mobilisables tout au long de la carri\u00e8re professionnelle. Il s\u2019adresse \u00e0 tous les actifs d\u00e8s l&rsquo;entr\u00e9e sur le march\u00e9 de l&#8217;emploi.<\/li>\n<li style=\"text-align: justify;\">Le Projet de transition professionnelle (PTP) qui permet aux salari\u00e9s de s&rsquo;absenter de leurs postes afin de suivre une formation destin\u00e9e \u00e0 permettre de changer de carri\u00e8re.<\/li>\n<li style=\"text-align: justify;\">La reconversion ou promotion par <a href=\"https:\/\/www.mes-allocs.fr\/guides\/chomage\/apres-une-alternance-ai-je-droit-au-chomage\/\">alternance<\/a> (Pro-A) vise \u00e0 permettre au salari\u00e9 de changer de m\u00e9tier ou de profession. Il peut aussi s&rsquo;agir de b\u00e9n\u00e9ficier d&rsquo;une promotion sociale ou professionnelle.<\/li>\n<li style=\"text-align: justify;\">Le Compte Professionnel de Pr\u00e9vention (C2P) qui d\u00e9termine et r\u00e9f\u00e9rence les facteurs de risques professionnels d&rsquo;exposition d&rsquo;un travailleur au-del\u00e0 de certains seuils.<\/li>\n<li style=\"text-align: justify;\">Le Plan de D\u00e9veloppement des Comp\u00e9tences (PDC) des entreprises gr\u00e2ce auquel l&#8217;employeur doit assurer l&rsquo;adaptation de ses salari\u00e9s \u00e0 leur poste de travail et veiller au maintien de leur capacit\u00e9 \u00e0 occuper leur emploi, par rapport notamment aux \u00e9volutions technologiques.<\/li>\n<li style=\"text-align: justify;\">L&rsquo;Aide Individuelle \u00e0 la Formation (<a href=\"https:\/\/www.mes-allocs.fr\/guides\/aide-formation\/aif-montant-maximum\/\">AIF<\/a>) qui peut prendre en charge soit la totalit\u00e9 du co\u00fbt de la formation soit \u00eatre en compl\u00e9ment d\u2019autres financements.<\/li>\n<li style=\"text-align: justify;\">La Validation des Acquis de l\u2019Exp\u00e9rience (VAE) qui permet \u00e0 tout salari\u00e9 d\u2019obtenir une certification professionnelle par la validation de son exp\u00e9rience acquise dans le cadre d\u2019une activit\u00e9 professionnelle et\/ou extra-professionnelle.<\/li>\n<\/ul>\n<p style=\"text-align: justify;\"><b>Depuis la suppression du FONGECIF, si vous \u00eates salari\u00e9 ou que vous ne pouvez pas b\u00e9n\u00e9ficier des droits \u00e0 la formation, vous avez la possibilit\u00e9 de percevoir des\u00a0financements sous forme d&rsquo;aide ou de subventions gr\u00e2ce au fond sociaux d&rsquo;organismes publics et priv\u00e9s tels que :<\/b><\/p>\n<ul>\n<li style=\"text-align: justify;\">P\u00f4le-emploi : les demandeurs d\u2019emploi souhaitant suivre une formation peuvent s\u2019adresser \u00e0 un conseiller P\u00f4le emploi.<\/li>\n<li style=\"text-align: justify;\">La r\u00e9gion : elle est en charge de la formation professionnelle en adaptant les besoins des demandeurs d&#8217;emploi, des salari\u00e9s et des 16-25 ans aux r\u00e9alit\u00e9s \u00e9conomiques du territoire.<\/li>\n<li style=\"text-align: justify;\">Les Op\u00e9rateurs de Comp\u00e9tences (OPCO) : ils ont pour missions de financer l\u2019apprentissage, d\u2019aider les branches \u00e0 construire les certifications professionnelles, etc.<\/li>\n<li style=\"text-align: justify;\">L&rsquo;AGEFICE : elle favorise la mont\u00e9e en comp\u00e9tence des Dirigeants non-salari\u00e9s et de leurs Conjoints collaborateurs en permettant l\u2019acc\u00e8s \u00e0 la formation.<\/li>\n<li style=\"text-align: justify;\">L&rsquo;AGEFIPH : elle accompagn<\/li>\n<li style=\"text-align: justify;\">e les personnes atteintes de handicap dans l&rsquo;insertion du march\u00e9 du travail afin de trouver un emploi durable.<\/li>\n<li style=\"text-align: justify;\">La Caisse des d\u00e9p\u00f4ts et consignations (CDC) : elle a la charge de la gestion du Compte Personnel de Formation (CPF) sur le plan financier et technique depuis le 1er janvier 2020.<\/li>\n<\/ul>\n<p style=\"text-align: justify;\"><b>C&rsquo;est dans ce cadre que vous pouvez \u00eatre amen\u00e9 \u00e0 r\u00e9diger une lettre de motivation pour demander un financement de formation.<\/b><\/p>\n<p><iframe loading=\"lazy\" title=\"Les aides \u00e0 la formation\" width=\"500\" height=\"281\" src=\"https:\/\/www.youtube.com\/embed\/gs3ZRHqtzmY?feature=oembed\" frameborder=\"0\" allow=\"accelerometer; autoplay; clipboard-write; encrypted-media; gyroscope; picture-in-picture; web-share\" referrerpolicy=\"strict-origin-when-cross-origin\" allowfullscreen><\/iframe><\/p>\n<h1 style=\"text-align: justify;\">Mod\u00e8le de lettre de motivation pour obtenir un\u00a0financement de formation<\/h1>\n<p style=\"text-align: justify;\"><b>Les organismes qui accordent des financements aux salari\u00e9s et aux demandeurs d&#8217;emploi sont tr\u00e8s sollicit\u00e9s. <\/b>De ce fait, certains peuvent exiger une lettre de motivation dans laquelle vous devez expliquer votre parcours, vos ambitions professionnelles et vos besoins de formation. <b>Ce courrier permet de trier et de s\u00e9lectionner les demandeurs qui ont un projet professionnel cr\u00e9dible et des capacit\u00e9s pour mener \u00e0 bien cette formation.<\/b><\/p>\n<p style=\"text-align: justify;\">Pour ce faire, vous pouvez utiliser le mod\u00e8le de lettre de demande de financement de formation professionnelle ci-dessous. Cependant, il faut \u00eatre vigilant \u00e0 l&rsquo;adapter \u00e0 votre situation. <b>Il faut indiquer de mani\u00e8re coh\u00e9rente votre projet et essayer de r\u00e9pondre de fa\u00e7on implicite aux questions de l&rsquo;organisme relatives aux raisons, au but, ou encore aux d\u00e9bouch\u00e9s de la formation.<\/b> Vous devez souligner vos qualit\u00e9s et comp\u00e9tences pour la r\u00e9ussite du projet.<\/p>\n<p>&nbsp;<\/p>\n<table style=\"height: 1340px; width: 68.5589519650655%; border-collapse: collapse; border-style: solid; border-color: #000000; background-color: #f2eded;\" cellpadding=\"10\">\n<tbody>\n<tr>\n<td style=\"width: 100%; border-style: solid; height: 10px;\"><b><i>[ Coordonn\u00e9e du demandeur]<\/i><\/b><\/p>\n<p>Nom et Pr\u00e9nom<\/p>\n<p>Adresse\u00a0Code Postal et Ville<\/p>\n<p>Num\u00e9ro de t\u00e9l\u00e9phone<\/p>\n<p>Adresse e-mail<\/p>\n<p style=\"text-align: right;\"><b><i>[ Coordonn\u00e9es de l&rsquo;organisme ]<\/i><\/b><\/p>\n<p style=\"text-align: right;\">Nom de l&rsquo;organisme<\/p>\n<p style=\"text-align: right;\">Raison sociale<\/p>\n<p style=\"text-align: right;\">Code Postale et Ville<\/p>\n<p>&nbsp;<\/p>\n<p style=\"text-align: right;\">\u00c0 <b><i>[ville]<\/i><\/b>, le <b><i>[date]<\/i><\/b><\/p>\n<p>Objet :\u00a0demande de financement d&rsquo;une formation professionnelle<\/p>\n<p>Pi\u00e8ces-jointes : <b><i>[les documents]<\/i><\/b><\/p>\n<p>Madame, Monsieur,<\/p>\n<p style=\"text-align: justify;\">Actuellement <b><i>[poste actuel]<\/i><\/b> au sein de l&rsquo;entreprise <b><i>[nom de l&rsquo;entreprise]<\/i><\/b>, je souhaite\u00a0effectuer une formation de\u00a0<b><i>[formation choisie]<\/i><\/b> pour continuer \u00e0 \u00e9voluer dans mon m\u00e9tier et je sollicite votre participation au financement \u00e0 mon projet comme c&rsquo;est possible gr\u00e2ce au <b><i>[dispositif]<\/i><\/b>.<\/p>\n<p style=\"text-align: justify;\">En effet, je souhaite quitter un m\u00e9tier o\u00f9 je n&rsquo;\u00e9volue plus pour un m\u00e9tier qui me plait vraiment tout en restant dans le domaine de <b><i>[domaine d&rsquo;activit\u00e9]<\/i><\/b>.<\/p>\n<p style=\"text-align: justify;\">Je ne suis pas sans savoir que ce m\u00e9tier demande une bonne capacit\u00e9 d&rsquo;adaptation et une tr\u00e8s grande rigueur, car je peux \u00eatre amen\u00e9(e) \u00e0 <b><i>[description rapide du poste]<\/i><\/b>. Je suis en parfait(e) condition pour pratiquer cet emploi, pleinement motiv\u00e9(e), et de plus soutenu(e) par mes proches. Tout semble r\u00e9uni pour que je r\u00e9ussisse rapidement et que je vous sois utile \u00e0 ce nouveau poste de <b><i>[poste souhait\u00e9]<\/i><\/b>.<\/p>\n<p style=\"text-align: justify;\">\u00c0 ce jour, je fait cette demande de formation car je me suis longuement cherch\u00e9(e) dans la suite \u00e0 donner \u00e0 ma carri\u00e8re. Ce projet doit voir le jour, je ne d\u00e9sire plus continuer en tant que <b><i>[ancien poste]<\/i><\/b> pour des ann\u00e9es, j&rsquo;y ai fait mon temps.<\/p>\n<p style=\"text-align: justify;\">J&rsquo;ai choisi de faire cette formation en particulier dans le but d&rsquo;\u00e9voluer \u00e0 la fois personnellement et professionnellement. Ainsi, le financement demand\u00e9 est un pari sur l&rsquo;avenir, un moyen pour vous de participer \u00e0 la formation d&rsquo;un(e) <b><i>[poste souhait\u00e9]<\/i><\/b> au savoir aiguis\u00e9 et aux connaissances en parfaite ad\u00e9quation avec les besoins du march\u00e9 du travail.<\/p>\n<p style=\"text-align: justify;\">J&rsquo;insiste sur le fait que ce dipl\u00f4me et son financement seraient pour moi le pilier de ma carri\u00e8re qui est d\u00e9j\u00e0 amorc\u00e9 dans l&rsquo;esprit. Je me tient \u00e0 votre disposition afin de de cous e<span style=\"font-family: inherit; font-size: inherit;\">xpliquer plus en d\u00e9tail les motivations de mon projet\u00a0<\/span>professionnel.<\/p>\n<p style=\"text-align: justify;\">Dans l&rsquo;attente de votre r\u00e9ponse, je vous prie d&rsquo;agr\u00e9er, Madame Monsieur, l expression de mes salutations distingu\u00e9es.<\/p>\n<p style=\"text-align: right;\">Signature<\/p>\n<p style=\"text-align: right;\"><b><i>[Nom et pr\u00e9nom]<\/i><\/b><\/p>\n<\/td>\n<\/tr>\n<\/tbody>\n<\/table>\n","protected":false},"excerpt":{"rendered":"<p>Afin d&rsquo;acqu\u00e9rir de nouvelles comp\u00e9tences, maintenir l&#8217;employabilit\u00e9 ou se reconvertir professionnellement, il est possible d&rsquo;effectuer une\u00a0formation professionnelle. De ce fait, diff\u00e9rents organismes accordent des aides \u00e0 la formation pour \u00a0soutenir les demandeurs dans la r\u00e9alisation de ce projet. Alors, comment r\u00e9diger une lettre de motivation demande de financement de formation ? Le financement d&rsquo;une formation [&hellip;]<\/p>\n","protected":false},"author":14,"featured_media":56272,"comment_status":"closed","ping_status":"open","sticky":false,"template":"","format":"standard","meta":{"amp_status":"","footnotes":""},"categories":[2045,5605],"tags":[],"class_list":["post-51627","post","type-post","status-publish","format-standard","has-post-thumbnail","hentry","category-aide-formation","category-financement-formation"],"yoast_head":"<!-- This site is optimized with the Yoast SEO plugin v14.9 - https:\/\/yoast.com\/wordpress\/plugins\/seo\/ -->\n<title>Mod\u00e8le de lettre de motivation demande de financement de formation<\/title>\n<meta name=\"description\" content=\"Il existe diff\u00e9rents organismes accordant des financements de formation pour vous soutenir dans le suivi d&#039;une formation.\" \/>\n<meta name=\"robots\" content=\"index, follow, max-snippet:-1, max-image-preview:large, max-video-preview:-1\" \/>\n<link rel=\"canonical\" href=\"https:\/\/www.mes-allocs.fr\/guides\/aide-formation\/financement-formation\/modele-de-lettre-de-motivation-demande-de-financement-de-formation\/\" \/>\n<meta property=\"og:locale\" content=\"fr_FR\" \/>\n<meta property=\"og:type\" content=\"article\" \/>\n<meta property=\"og:title\" content=\"Mod\u00e8le de lettre de motivation demande de financement de formation\" \/>\n<meta property=\"og:description\" content=\"Il existe diff\u00e9rents organismes accordant des financements de formation pour vous soutenir dans le suivi d&#039;une formation.\" \/>\n<meta property=\"og:url\" content=\"https:\/\/www.mes-allocs.fr\/guides\/aide-formation\/financement-formation\/modele-de-lettre-de-motivation-demande-de-financement-de-formation\/\" \/>\n<meta property=\"og:site_name\" content=\"Mes-Allocs.fr\" \/>\n<meta property=\"article:published_time\" content=\"2022-10-19T17:37:11+00:00\" \/>\n<meta property=\"article:modified_time\" content=\"2025-07-16T08:49:02+00:00\" \/>\n<meta property=\"og:image\" content=\"https:\/\/www.mes-allocs.fr\/guides\/wp-content\/uploads\/2022\/09\/Modele-de-lettre-de-motivation-demande-de-financement-de-formation-3.jpeg?wsr\" \/>\n\t<meta property=\"og:image:width\" content=\"612\" \/>\n\t<meta property=\"og:image:height\" content=\"421\" \/>\n<meta name=\"twitter:card\" content=\"summary_large_image\" \/>\n<script type=\"application\/ld+json\" class=\"yoast-schema-graph\">{\"@context\":\"https:\/\/schema.org\",\"@graph\":[{\"@type\":\"WebSite\",\"@id\":\"https:\/\/www.mes-allocs.fr\/guides\/#website\",\"url\":\"https:\/\/www.mes-allocs.fr\/guides\/\",\"name\":\"Mes-Allocs.fr\",\"description\":\"\",\"potentialAction\":[{\"@type\":\"SearchAction\",\"target\":\"https:\/\/www.mes-allocs.fr\/guides\/?s={search_term_string}\",\"query-input\":\"required name=search_term_string\"}],\"inLanguage\":\"fr-FR\"},{\"@type\":\"ImageObject\",\"@id\":\"https:\/\/www.mes-allocs.fr\/guides\/aide-formation\/financement-formation\/modele-de-lettre-de-motivation-demande-de-financement-de-formation\/#primaryimage\",\"inLanguage\":\"fr-FR\",\"url\":\"https:\/\/www.mes-allocs.fr\/guides\/wp-content\/uploads\/2022\/09\/Modele-de-lettre-de-motivation-demande-de-financement-de-formation-3.jpeg?wsr\",\"width\":612,\"height\":421,\"caption\":\"Modele de lettre de motivation demande de financement de formation\"},{\"@type\":\"WebPage\",\"@id\":\"https:\/\/www.mes-allocs.fr\/guides\/aide-formation\/financement-formation\/modele-de-lettre-de-motivation-demande-de-financement-de-formation\/#webpage\",\"url\":\"https:\/\/www.mes-allocs.fr\/guides\/aide-formation\/financement-formation\/modele-de-lettre-de-motivation-demande-de-financement-de-formation\/\",\"name\":\"Mod\\u00e8le de lettre de motivation demande de financement de formation\",\"isPartOf\":{\"@id\":\"https:\/\/www.mes-allocs.fr\/guides\/#website\"},\"primaryImageOfPage\":{\"@id\":\"https:\/\/www.mes-allocs.fr\/guides\/aide-formation\/financement-formation\/modele-de-lettre-de-motivation-demande-de-financement-de-formation\/#primaryimage\"},\"datePublished\":\"2022-10-19T17:37:11+00:00\",\"dateModified\":\"2025-07-16T08:49:02+00:00\",\"author\":{\"@id\":\"https:\/\/www.mes-allocs.fr\/guides\/#\/schema\/person\/a3de97298fd0ffc005ebdd5628b03ca8\"},\"description\":\"Il existe diff\\u00e9rents organismes accordant des financements de formation pour vous soutenir dans le suivi d'une formation.\",\"inLanguage\":\"fr-FR\"},{\"@type\":\"Person\",\"@id\":\"https:\/\/www.mes-allocs.fr\/guides\/#\/schema\/person\/a3de97298fd0ffc005ebdd5628b03ca8\",\"name\":\"Marina Ada Ondo\",\"image\":{\"@type\":\"ImageObject\",\"@id\":\"https:\/\/www.mes-allocs.fr\/guides\/#personlogo\",\"inLanguage\":\"fr-FR\",\"url\":\"https:\/\/www.mes-allocs.fr\/guides\/wp-content\/uploads\/2022\/02\/Photo-de-profil-150x150.png\",\"caption\":\"Marina Ada Ondo\"},\"description\":\"Marina est r\\u00e9dactrice au sein de l'\\u00e9quipe Mes Allocs, sp\\u00e9cialis\\u00e9e sur les aides aux jeunes. Dipl\\u00f4m\\u00e9e de l'ISFJ, elle rejoint Mes Allocs apr\\u00e8s une premi\\u00e8re exp\\u00e9rience en communication chez Little Africa, une agence de communication \\u00e0 Paris. Sur son temps libre, Marina lit beaucoup et passe ses dimanches au mus\\u00e9e.\",\"sameAs\":[\"https:\/\/www.linkedin.com\/in\/marinaadaondo\/\"]}]}<\/script>\n<!-- \/ Yoast SEO plugin. -->","amp_validity":null,"acf":{"faq":{"1":{"question":"Comment expliquer sa motivation pour une formation ?","answer":"Vous devez expliquer votre projet professionnel en \u00e9voquant les raisons pour lesquelles vous avez choisi la formation. Il faut insister ensuite sur les qualit\u00e9s qui peuvent vous aider dans la r\u00e9ussite de la formation. "},"2":{"question":"Comment se faire payer une formation ?","answer":"Vous pouvez faire une demande de financement de formation aupr\u00e8s de diff\u00e9rents organismes en fonction de votre statut professionnel. "},"3":{"question":"Quand formuler la demande de formation aupr\u00e8s de l'employeur ?","answer":"Vous devez faire une demande \u00e0 votre employeur au moins 2 mois avant le d\u00e9but de la formation (4 mois pour une formation de plus de 6 mois)."},"4":{"question":"Pourquoi Avez-vous choisi cette formation ? ","answer":"Vous devez \u00e9voquer les points forts de la formation, et pr\u00e9ciser ce qu'elle va vous apporter. Vous devez citer les connaissances utiles que vous allez acqu\u00e9rir pour occuper le poste. "},"5":{"question":"Comment financer une formation sans passer par P\u00f4le emploi ?","answer":"La r\u00e9gion, les OPCO, le compte professionnel de pr\u00e9vention, le compte d'engagement citoyen, etc. peuvent vous aider \u00e0 fiancer une formation. "},"6":{"question":"Comment se faire payer sa formation par P\u00f4le emploi ?","answer":"Pour que P\u00f4le Emploi finance votre formation, vous devez \u00eatre inscrit \u00e0 P\u00f4le Emploi et d'avoir valid\u00e9 son projet de formation avec un conseiller P\u00f4le emploi."},"7":{"question":"","answer":""},"8":{"question":"","answer":""},"9":{"question":"","answer":""},"10":{"question":"","answer":""},"11":{"question":"","answer":""},"12":{"question":"","answer":""},"13":{"question":"","answer":""},"14":{"question":"","answer":""},"15":{"question":"","answer":""},"16":{"question":"","answer":""}}},"_links":{"self":[{"href":"https:\/\/www.mes-allocs.fr\/guides\/wp-json\/wp\/v2\/posts\/51627","targetHints":{"allow":["GET"]}}],"collection":[{"href":"https:\/\/www.mes-allocs.fr\/guides\/wp-json\/wp\/v2\/posts"}],"about":[{"href":"https:\/\/www.mes-allocs.fr\/guides\/wp-json\/wp\/v2\/types\/post"}],"author":[{"embeddable":true,"href":"https:\/\/www.mes-allocs.fr\/guides\/wp-json\/wp\/v2\/users\/14"}],"replies":[{"embeddable":true,"href":"https:\/\/www.mes-allocs.fr\/guides\/wp-json\/wp\/v2\/comments?post=51627"}],"version-history":[{"count":7,"href":"https:\/\/www.mes-allocs.fr\/guides\/wp-json\/wp\/v2\/posts\/51627\/revisions"}],"predecessor-version":[{"id":102289,"href":"https:\/\/www.mes-allocs.fr\/guides\/wp-json\/wp\/v2\/posts\/51627\/revisions\/102289"}],"wp:featuredmedia":[{"embeddable":true,"href":"https:\/\/www.mes-allocs.fr\/guides\/wp-json\/wp\/v2\/media\/56272"}],"wp:attachment":[{"href":"https:\/\/www.mes-allocs.fr\/guides\/wp-json\/wp\/v2\/media?parent=51627"}],"wp:term":[{"taxonomy":"category","embeddable":true,"href":"https:\/\/www.mes-allocs.fr\/guides\/wp-json\/wp\/v2\/categories?post=51627"},{"taxonomy":"post_tag","embeddable":true,"href":"https:\/\/www.mes-allocs.fr\/guides\/wp-json\/wp\/v2\/tags?post=51627"}],"curies":[{"name":"wp","href":"https:\/\/api.w.org\/{rel}","templated":true}]}}