{"id":5160,"date":"2020-04-27T13:21:07","date_gmt":"2020-04-27T13:21:07","guid":{"rendered":"https:\/\/www.mes-allocs.fr\/guides\/?p=5160"},"modified":"2026-03-06T17:15:44","modified_gmt":"2026-03-06T16:15:44","slug":"aides-financieres-conseil-general","status":"publish","type":"post","link":"https:\/\/www.mes-allocs.fr\/guides\/aides-sociales\/aides-financieres-conseil-general\/","title":{"rendered":"La liste des aides financi\u00e8res du conseil g\u00e9n\u00e9ral"},"content":{"rendered":"<p style=\"text-align: justify;\"><a href=\"https:\/\/www.mes-allocs.fr\/guides\/wp-content\/uploads\/2020\/04\/La-liste-daides-financie\u0300res-du-conseil-ge\u0301ne\u0301ral-scaled-e1588709745295.jpg\"><img loading=\"lazy\" decoding=\"async\" class=\"aligncenter size-full wp-image-6117\" src=\"https:\/\/www.mes-allocs.fr\/guides\/wp-content\/uploads\/2020\/04\/La-liste-daides-financie\u0300res-du-conseil-ge\u0301ne\u0301ral-scaled-e1588709745295.jpg\" alt=\"La liste d'aides financi\u00e8res du conseil g\u00e9n\u00e9ral\" width=\"1200\" height=\"270\" srcset=\"https:\/\/www.mes-allocs.fr\/guides\/wp-content\/uploads\/2020\/04\/La-liste-daides-financie\u0300res-du-conseil-ge\u0301ne\u0301ral-scaled-e1588709745295.jpg 1200w, https:\/\/www.mes-allocs.fr\/guides\/wp-content\/uploads\/2020\/04\/La-liste-daides-financie\u0300res-du-conseil-ge\u0301ne\u0301ral-scaled-e1588709745295-300x68.jpg 300w, https:\/\/www.mes-allocs.fr\/guides\/wp-content\/uploads\/2020\/04\/La-liste-daides-financie\u0300res-du-conseil-ge\u0301ne\u0301ral-scaled-e1588709745295-1024x230.jpg 1024w, https:\/\/www.mes-allocs.fr\/guides\/wp-content\/uploads\/2020\/04\/La-liste-daides-financie\u0300res-du-conseil-ge\u0301ne\u0301ral-scaled-e1588709745295-768x173.jpg 768w, https:\/\/www.mes-allocs.fr\/guides\/wp-content\/uploads\/2020\/04\/La-liste-daides-financie\u0300res-du-conseil-ge\u0301ne\u0301ral-scaled-e1588709745295-600x135.jpg 600w\" sizes=\"auto, (max-width: 1200px) 100vw, 1200px\" \/><\/a>[Mis \u00e0 jour le 06\/03\/2026] <strong>Le conseil g\u00e9n\u00e9ral (commun\u00e9ment appel\u00e9 conseil d\u00e9partemental) met en place un ensemble d&rsquo;<a href=\"https:\/\/www.mes-allocs.fr\/guides\/aides-sociales\/\">aides sociales<\/a>, \u00e0 destination entres autres, des enfants et des personnes \u00e2g\u00e9es. Mes Allocs vous explique si vous pouvez en b\u00e9n\u00e9ficier en 2026.<\/strong><\/p>\n<div class=\"page\" title=\"Page 3\">\n<div class=\"section\">\n<div class=\"section\">\n<div class=\"layoutArea\">\n<div class=\"column\">\n<div class='cta-block'><div class='text'>Simulez toutes vos aides en 2 min.<\/div><a href='https:\/\/www.mes-allocs.fr\/ab-app?origin=guides\/wp-json\/wp\/v2\/posts\/5160' class='app-button fit'>Simulation gratuite<\/a><\/div>\n<h1>Qu&rsquo;est-ce que le conseil g\u00e9n\u00e9ral ?<\/h1>\n<p style=\"text-align: justify;\">Depuis la loi n\u00b0\u00a02013-403 du 17 mai 2013, l\u2019assembl\u00e9e \u00e0 la t\u00eate du d\u00e9partement est d\u00e9sormais baptis\u00e9e <strong>conseil d\u00e9partemental<\/strong> (rempla\u00e7ant la pr\u00e9c\u00e9dente appellation de conseil g\u00e9n\u00e9ral).<\/p>\n<p style=\"text-align: justify;\">Le conseil d\u00e9partemental est\u00a0l\u2019<strong>assembl\u00e9e d\u00e9lib\u00e9rante du d\u00e9partement,<\/strong> \u00e0 savoir la collectivit\u00e9 territoriale. Elle est compos\u00e9e des <strong>conseillers d\u00e9partementaux, \u00e9lus pour 6 ans. En soi, le conseil g\u00e9n\u00e9ral d\u00e9signe la collectivit\u00e9 elle-m\u00eame.<\/strong><\/p>\n<p style=\"text-align: justify;\">Le pr\u00e9sident du conseil d\u00e9partemental\u00a0constitue l\u2019organe ex\u00e9cutif du d\u00e9partement. Il est\u00a0assist\u00e9\u00a0d\u2019une commission permanente, compos\u00e9e des vice-pr\u00e9sidents \u00e9lus.\u00a0La t\u00e2che du pr\u00e9sident, entre autres, est de pr\u00e9parer et ex\u00e9cuter les d\u00e9lib\u00e9rations du conseil.<\/p>\n<p>Ainsi, les aides sociales accord\u00e9es d\u00e9pendent des divers d\u00e9partements.<\/p>\n<h1>L&rsquo;aide sociale \u00e0 l&rsquo;enfance<\/h1>\n<h2>D\u00e9finition<\/h2>\n<\/div>\n<\/div>\n<\/div>\n<\/div>\n<\/div>\n<p>L&rsquo;aide sociale \u00e0 l&rsquo;enfance s&rsquo;expriment par un ensemble de missions cens\u00e9es pr\u00e9venir et soutenir les enfants et les familles en difficult\u00e9s psycho-sociales. Elle prend \u00e9galement en charge les enfants qui ne peuvent plus rester dans leur famille, quelle que soit les raisons. Elle offre \u00e9galement des allocations familiales pour aider certains m\u00e9nages \u00e0 faire face \u00e0 des situations de pr\u00e9carit\u00e9 s\u00e9v\u00e8res.<\/p>\n<p>L&rsquo;aide sociale \u00e0 l&rsquo;enfance (ASE) est d\u00e9finie par les articles L221-1 et suivants\u00a0du code de l\u2019Action sociale et des familles. Elle rel\u00e8ve de la comp\u00e9tence du pr\u00e9sident du conseil g\u00e9n\u00e9ral.<\/p>\n<h2 class=\"entry-title\">L\u2019allocation mensuelle d\u2019Aide Sociale \u00e0 l\u2019Enfance<\/h2>\n<p style=\"text-align: justify;\">Pour les foyers les plus pr\u00e9caires qui peinent \u00e0 subvenir aux besoins de l&rsquo;enfant, une aide financi\u00e8re existe. En effet, le Conseil g\u00e9n\u00e9ral peut leur octroyer une allocation \u00e0 l&rsquo;aide sociale \u00e0 l&rsquo;enfance (ASE).<\/p>\n<p style=\"text-align: justify;\">Il s&rsquo;agit d&rsquo;une allocation personnalis\u00e9e mensuelle dont le montant d\u00e9pend de la situation personnelle du demandeur. Les conditions d&rsquo;attribution et les montants varient aussi selon les d\u00e9partements.<\/p>\n<p style=\"text-align: justify;\">Il est possible de la solliciter d\u00e8s le d\u00e9but d&rsquo;une grossesse. Cette aide sera vers\u00e9e apr\u00e8s la naisse de l&rsquo;enfant, sans limite d&rsquo;\u00e2ge.<\/p>\n<p style=\"text-align: justify;\">Pour plus d&rsquo;informations, il faut se rendre aupr\u00e8s des services de l&rsquo;ASE du Conseil g\u00e9n\u00e9ral du demandeur.<\/p>\n<p><iframe loading=\"lazy\" src=\"\/\/www.youtube.com\/embed\/MfDoGweq-e0?pp=0gcJCU8JAYcqIYzv\" width=\"560\" height=\"314\" allowfullscreen=\"allowfullscreen\"><\/iframe><\/p>\n<h2>Un cas particulier : l&rsquo;expulsion<\/h2>\n<p style=\"text-align: justify;\">Si vous avez \u00e9t\u00e9 expuls\u00e9, vous pouvez solliciter des aides financi\u00e8res afin d&rsquo;acc\u00e9der \u00e0 un h\u00e9bergement. Les services sociaux ont notamment la possibilit\u00e9 de fournir une aide financi\u00e8re aux sans-abris. Dans ce cas, les frais d&rsquo;h\u00e9bergement sont pris en charge en partie ou en totalit\u00e9, selon les situations.<\/p>\n<p style=\"text-align: justify;\">Les familles avec un ou plusieurs enfants, les femmes enceintes (ou qui envisagent d&rsquo;avoir recours \u00e0 une IVG), les mineurs \u00e9mancip\u00e9s ou les majeurs de moins de 21 ans qui rencontrent des difficult\u00e9s, peuvent pr\u00e9tendre \u00e0 l&rsquo;aide financi\u00e8re (l&rsquo;aide sociale \u00e0 l&rsquo;enfance) ou \u00e0 l&rsquo;aide \u00e0 domicile.<\/p>\n<p style=\"text-align: justify;\">Pour b\u00e9n\u00e9ficier de ces aides, les demandeurs doivent se tourner vers les services sociaux de leurs communes (Centre Communal d\u2019Action Sociale) ou au service de l\u2019aide sociale \u00e0 l\u2019enfance de votre d\u00e9partement (Conseil G\u00e9n\u00e9ral). Aucune dur\u00e9e minimum de s\u00e9jour dans le d\u00e9partement n&rsquo;est requise.<\/p>\n<p>De plus, il faut fournir les justificatifs suivants :<\/p>\n<ul>\n<li>Documents d&rsquo;identit\u00e9 (carte d&rsquo;identit\u00e9, titre de s\u00e9jour sans conditions de r\u00e9gularit\u00e9 en France) ;<\/li>\n<li>Documents attestant de la filiation (livret de famille, acte de naissance&#8230;) ;<\/li>\n<li>Justificatifs des charges (\u00e9lectricit\u00e9, loyer etc), y compris celles \u00e0 prouver la prise en charge des enfants (documents relatifs \u00e0 l&rsquo;\u00e9ducation, sant\u00e9, s\u00e9curit\u00e9 etc) ;<\/li>\n<li>Justificatifs des revenus, \u00e0 savoir les 3 derniers bulletins de salaire, notification des ASSEDIC ou CAF si les demandeurs sont titulaires du revenu de solidarit\u00e9 active (RSA), notifications de prestations familiales etc ;<\/li>\n<li>Proc\u00e8s-verbal d&rsquo;expulsion<\/li>\n<\/ul>\n<header id=\"headerPage\">\n<h1 data-test=\"titre-page\">L&rsquo;aide sociale \u00e0 l&rsquo;h\u00e9bergement\u00a0(ASH) d&rsquo;une personne \u00e2g\u00e9e<\/h1>\n<p class=\"date\" data-test=\"date-maj\">L&rsquo;aide sociale \u00e0 l&rsquo;h\u00e9bergement (ASH) correspond \u00e0 la prise en charge d&rsquo;une partie des frais (ou de leur totalit\u00e9) d&rsquo;h\u00e9bergement d&rsquo;une personne \u00e2g\u00e9e. Elle peut \u00eatre plac\u00e9e en \u00e9tablissement ou chez un accueillant familial. Elle est vers\u00e9e par le d\u00e9partement.<\/p>\n<\/header>\n<div class=\"content-fiche\">\n<div class=\"tab-content\">\n<div id=\"situation1\" class=\"tab-pane active\">\n<div class=\"fiche-bloc bloc-principal\" data-toggle-scope=\"\">\n<div class=\"fiche-item\">\n<div id=\"fiche-item-1situation1\" class=\"fiche-item-content collapse in\" aria-hidden=\"false\">\n<h2>Quels sont les types d&rsquo;\u00e9tablissement concern\u00e9s ?<\/h2>\n<\/div>\n<\/div>\n<div class=\"fiche-item\">\n<div id=\"fiche-item-2situation1\" class=\"fiche-item-content collapse in\" aria-hidden=\"false\">\n<ul>\n<li>Les\u00a0\u00e9tablissements d&rsquo;h\u00e9bergement pour personnes \u00e2g\u00e9es d\u00e9pendantes (\u00c9hpad),<\/li>\n<li>Les r\u00e9sidences autonomie (ex logement-foyer),<\/li>\n<li>Les unit\u00e9s de soins de longue dur\u00e9e (USLD),<\/li>\n<li>Le foyer d&rsquo;un\u00a0accueillant familial, disposant d&rsquo;un\u00a0agr\u00e9ment par les services du d\u00e9partement.<\/li>\n<\/ul>\n<p>L&rsquo;ASH est octroy\u00e9e si l&rsquo;\u00e9tablissement en charge de l&rsquo;h\u00e9bergement dispose de places destin\u00e9es aux pensionnaires b\u00e9n\u00e9ficiaires d&rsquo;aides sociales.<\/p>\n<h2>Quelles sont les conditions \u00e0 respecter ?<\/h2>\n<div class=\"fiche-bloc bloc-principal\" data-toggle-scope=\"\">\n<div class=\"fiche-item\">\n<div id=\"fiche-item-1situation1\" class=\"fiche-item-content collapse in\" aria-hidden=\"false\">\n<ul>\n<li style=\"text-align: justify;\">\u00catre \u00e2g\u00e9 de plus de 65 ans (ou plus de 60 ans, si vous \u00eates reconnu inapte au travail)<\/li>\n<li style=\"text-align: justify;\">Vivre en France de fa\u00e7on stable et r\u00e9guli\u00e8re : de mani\u00e8re ininterrompue depuis plus de 3 mois (si la personne \u00e2g\u00e9e est \u00e9trang\u00e8re, elle doit avoir un titre de s\u00e9jour en cours de validit\u00e9),<\/li>\n<li style=\"text-align: justify;\">Avoir des ressources inf\u00e9rieures au montant des frais d&rsquo;h\u00e9bergement.<\/li>\n<\/ul>\n<p style=\"text-align: justify;\">Si la personne \u00e2g\u00e9e b\u00e9n\u00e9ficiaire souffre d&rsquo;une perte d&rsquo;autonomie, vous pouvez avoir recours \u00e0 l&rsquo;aide personnalis\u00e9e \u00e0 l&rsquo;autonomie (APA).<\/p>\n<p style=\"text-align: justify;\"><strong>Attention :<\/strong> si la personne \u00e2g\u00e9e a \u00e9t\u00e9 h\u00e9berg\u00e9e en \u00e9tablissement pendant 5 ans sans toucher l&rsquo;ASH et souhaite d\u00e9sormais l&rsquo;obtenir, sachez que c&rsquo;est tout \u00e0 fait possible. Et ce, m\u00eame si l&rsquo;\u00e9tablissement d&rsquo;accueil ne dispose pas de place r\u00e9serv\u00e9e \u00e0 l&rsquo;ASH.<\/p>\n<\/div>\n<h1><span id=\"Aides_au_logement_pour_les_retraites\" class=\"ez-toc-section\">Les aides au logement pour les retrait\u00e9s<\/span><\/h1>\n<h2>L&rsquo;aide personnalis\u00e9 au logement (APL) et allocation de logement sociale (ALS)<\/h2>\n<p>Il existe des aides au logement pour les personnes \u00e2g\u00e9es. Elles sont accord\u00e9es sous conditions de ressources.<\/p>\n<p>Ces aides au logement peuvent \u00eatre d\u00e9duites de leur loyer ou du prix de l&rsquo;\u00e9tablissement dans lequel loge la personne \u00e2g\u00e9e.<\/p>\n<p>Elle peut b\u00e9n\u00e9ficier des financements suivants, octroy\u00e9s par la CAF ou la MSA (pour les retrait\u00e9s appartenant \u00e0 ce r\u00e9gime) :<\/p>\n<ul>\n<li>L&rsquo;aide personnalis\u00e9e au logement (APL)<\/li>\n<li>L&rsquo;allocation de logement sociale (ALS)<\/li>\n<\/ul>\n<h2>L&rsquo;aide \u00e0 l&rsquo;adaptation du logement au vieillissement<\/h2>\n<p style=\"text-align: justify;\">Les salari\u00e9s retrait\u00e9s de plus de 70 ans ou en perte d&rsquo;autonomie qu&rsquo;ils soient propri\u00e9taires ou locataires, sont \u00e9ligibles \u00e0 cette aide. Son montant maximum s&rsquo;\u00e9l\u00e8ve \u00e0 5.000\u20ac et sert \u00e0 financer des travaux ayant lieu dans la salle de bain (remplacement d\u2019une baignoire par une douche \u00e0 l\u2019italienne, installation d\u2019un lavabo adapt\u00e9, rehausse d\u2019un WC).<\/p>\n<h2>L&rsquo;aide de l&rsquo;agence nationale de l&rsquo;habitat (ANAH)<\/h2>\n<p style=\"text-align: justify;\">Cette aide s&rsquo;adresse aux propri\u00e9taires et locataires. Elle permet de financer la pose de volets roulants, de chemins lumineux ou de toilettes avec rampes, c&rsquo;est-\u00e0-dire l&rsquo;ensemble des \u00e9quipements qui permettent d&rsquo;adapter le logement \u00e0 l&rsquo;avanc\u00e9e l&rsquo;\u00e2ge. En plus de cette aide, des aides r\u00e9gionales, d\u00e9partementales et locales offrent des subventions et des pr\u00eats locaux \u00e0 l\u2019adaptation du logement.<\/p>\n<h1><span id=\"Aides_au_logement_pour_les_retraites\" class=\"ez-toc-section\">Les aides pour accompagner les personne \u00e2g\u00e9es en situation d&rsquo;handicap ou de perte d&rsquo;autonomie<br \/>\n<\/span><\/h1>\n<h2>La prestation de compensation du handicap (PCH)<\/h2>\n<p style=\"text-align: justify;\">La prestation est destin\u00e9e aux personnes handicap\u00e9es de moins 75 ans (cette limite d&rsquo;\u00e2ge risque n\u00e9anmoins d&rsquo;\u00eatre supprim\u00e9e), dont l&rsquo;handicap est survenu avant l\u2019\u00e2ge de 60 ans. La PCH est vers\u00e9e par le conseil d\u00e9partemental, sous conditions d&rsquo;\u00e2ge, de ressources et de niveau de handicap.<\/p>\n<h2>L&rsquo;allocation personnalis\u00e9e d&rsquo;autonomie (APA)<\/h2>\n<p style=\"text-align: justify;\">L&rsquo;allocation personnalis\u00e9e d&rsquo;autonomie (APA) est \u00e9galement d\u00e9livr\u00e9e par le d\u00e9partement. Elle sert \u00e0 payer (en totalit\u00e9 ou en partie) les frais vous permettant de rester \u00e0 domicile. \u00c0 cela s&rsquo;ajoute le paiement du tarif d\u00e9pendance de l&rsquo;\u00e9tablissement m\u00e9dico-social\u00a0 (Ehpad, par exemple), o\u00f9 vous \u00eates log\u00e9 (APA en \u00e9tablissement).<\/p>\n<p style=\"text-align: justify;\"><strong>Afin d&rsquo;en b\u00e9n\u00e9ficier, vous devez \u00eatre \u00e2g\u00e9 d&rsquo;au moins 60 ans. Vous devez \u00eatre aussi dans une situation de perte d&rsquo;autonomie : avoir besoin d&rsquo;aide pour effectuer des gestes de la vie quotidienne, votre sant\u00e9 n\u00e9cessite une surveillance constante etc.<\/strong><\/p>\n<p style=\"text-align: justify;\">Cette perte d&rsquo;autnomie est \u00e9valu\u00e9e \u00e0 travers la grille Aggir. Elle fixe plusieurs degr\u00e9s d&rsquo;autonomie, compris entre le Gir 1 et le Gir 6 (perte d&rsquo;autonomie allant de la plus forte \u00e0 la plus faible). Les b\u00e9n\u00e9ficiaires de l&rsquo;APA sont ceux dont l&rsquo;\u00e9tat se situe au Gir 1, Gir 2, Gir 3 ou Gir 4.<\/p>\n<\/div>\n<p>Par ailleurs, vous devez aussi r\u00e9sider en France de mani\u00e8re stable et r\u00e9guli\u00e8re :<\/p>\n<ul>\n<li>\u00e0 votre domicile<\/li>\n<li>au domicile d&rsquo;un proche qui vous h\u00e9berge<\/li>\n<li>chez un accueillant familial<\/li>\n<li>dans une r\u00e9sidence autonomie (auparavant appel\u00e9e <span class=\"expression\">foyer-logement<\/span>)<\/li>\n<\/ul>\n<div class=\"fiche-item\">\n<p>\u00c0 noter que la personne qui touche la prestation compl\u00e9mentaire pour recours \u00e0 tierce personne (PCRTP) peut faire sa demande d&rsquo;APA 2 mois avant son 60<sup>e<\/sup> anniversaire.<\/p>\n<h1>Les aides aux transports : la carte SCNF<\/h1>\n<p style=\"text-align: justify;\">Si la carte de r\u00e9duction SNCF est bien connue des usagers (en particulier la carte jeune), sa variante r\u00e9gionale, elle, l&rsquo;est un peu moins. Or, les cartes de r\u00e9duction propos\u00e9es par les r\u00e9gions sont souvent plus avantageuses que la carte 12-25.<\/p>\n<p style=\"text-align: justify;\">En effet, pour certains r\u00e9gions; les r\u00e9ductions vont de<strong> -50% \u00e0 -100%<\/strong>. \u00c0 cela s&rsquo;ajoute la garantie ponctualit\u00e9 : d\u00e8s 30 minutes de retard, vous \u00eates rembours\u00e9.<\/p>\n<p style=\"text-align: justify;\">Ces r\u00e9ductions sont financ\u00e9es par la r\u00e9gion, sous la forme d&rsquo;une carte. Vous pouvez en faire la demande pour un prix allant de 10 \u00e0 30\u20ac. Dans certaines r\u00e9gions, la souscription est gratuite. Vous pouvez voyager dans la r\u00e9gion o\u00f9 vous vivez, mais aussi dans les territoires limitrophes, voire parfois dans toute la France.<\/p>\n<p style=\"text-align: justify;\">\u00c0 noter que si vous faites face \u00e0 des difficult\u00e9s financi\u00e8res, d&rsquo;autres offres \u2014 plus avantageuses \u2014 peuvent vous correspondre.<\/p>\n<p style=\"text-align: justify;\">Ces cartes sont aussi des initiatives des d\u00e9partements. Dans le Haut-de-France par exemple, plusieurs offres sont adress\u00e9es aux jeunes <b>de moins de 26 ans, selon le d\u00e9partement depuis lequel vous voyagez.<\/b><\/p>\n<div id=\"fiche-item-2situation1\" class=\"fiche-item-content collapse in\" aria-hidden=\"false\">\n<div class=\"table-responsive\">\n<ul class=\"list-1\">\n<li style=\"text-align: justify;\">Avec la<strong> carte TER Hauts-de-France, <\/strong>vous b\u00e9n\u00e9ficiez de <span class=\"prix\">50%<\/span> de r\u00e9duction \u00e0 destination des Hauts-de-France (y compris vers Paris et les d\u00e9partements de l\u2019Eure ou de la Seine-Maritime). Pour les 12-25 ans, le montant de la carte s&rsquo;\u00e9l\u00e8ve \u00e0 15\u20ac. Pour l\u2019obtenir, vous pouvez vous rendre dans votre gare ou faire la demande en ligne. Cette r\u00e9duction est \u00e9galement valable jusqu\u2019\u00e0 3 accompagnants.<strong><br \/>\n<\/strong><\/li>\n<li style=\"text-align: justify;\"><strong>Les jeunes des Hauts-de-France, <\/strong>et plus pr\u00e9cis\u00e9ment les \u00e9tudiants de l\u2019enseignement sup\u00e9rieur et les apprentis, peuvent pr\u00e9tendre au \u201cPass TER\u2019Etudes\u201d. Il permet aux \u00e9l\u00e8ves boursiers de voyager gratuitement, sur les trajets entre leur domicile et leur lieu d&rsquo;\u00e9tudes ou de stage sur la r\u00e9gion. \u00c0 cela s&rsquo;ajoute les trajets vers les d\u00e9partements 02, 60, 80, 08, 10, 51 et 52. Pour les \u00e9l\u00e8ves non boursiers, ils ne b\u00e9n\u00e9ficient que de tarifs r\u00e9duits sur le TER. Pour solliciter les tarifs TER\u2019Etudes, il faut faire la demande en ligne. Vous recevrez votre carte sous quelques jours.<\/li>\n<\/ul>\n<div class='cta-block'><div class='text'>Simulez toutes vos aides en 2 min.<\/div><a href='https:\/\/www.mes-allocs.fr\/ab-app?origin=guides\/wp-json\/wp\/v2\/posts\/5160' class='app-button fit'>Simulation gratuite<\/a><\/div>\n<\/div>\n<\/div>\n<\/div>\n<\/div>\n<\/div>\n<\/div>\n<\/div>\n<\/div>\n<\/div>\n<\/div>\n","protected":false},"excerpt":{"rendered":"<p>[Mis \u00e0 jour le 06\/03\/2026] Le conseil g\u00e9n\u00e9ral (commun\u00e9ment appel\u00e9 conseil d\u00e9partemental) met en place un ensemble d&rsquo;aides sociales, \u00e0 destination entres autres, des enfants et des personnes \u00e2g\u00e9es. Mes Allocs vous explique si vous pouvez en b\u00e9n\u00e9ficier en 2026. Qu&rsquo;est-ce que le conseil g\u00e9n\u00e9ral ? Depuis la loi n\u00b0\u00a02013-403 du 17 mai 2013, l\u2019assembl\u00e9e [&hellip;]<\/p>\n","protected":false},"author":10,"featured_media":6118,"comment_status":"open","ping_status":"open","sticky":false,"template":"","format":"standard","meta":{"amp_status":"","footnotes":""},"categories":[1411],"tags":[],"class_list":["post-5160","post","type-post","status-publish","format-standard","has-post-thumbnail","hentry","category-aides-sociales"],"yoast_head":"<!-- This site is optimized with the Yoast SEO plugin v14.9 - https:\/\/yoast.com\/wordpress\/plugins\/seo\/ -->\n<title>La liste des aides financi\u00e8res du Conseil g\u00e9n\u00e9ral | Mes-Allocs.fr<\/title>\n<meta name=\"description\" content=\"Le Conseil g\u00e9n\u00e9ral met en place un\u00a0ensemble d&#039;aides sociales pour les enfants et les personnes \u00e2g\u00e9es. On vous explique.\" \/>\n<meta name=\"robots\" content=\"index, follow, max-snippet:-1, max-image-preview:large, max-video-preview:-1\" \/>\n<link rel=\"canonical\" href=\"https:\/\/www.mes-allocs.fr\/guides\/aides-sociales\/aides-financieres-conseil-general\/\" \/>\n<meta property=\"og:locale\" content=\"fr_FR\" \/>\n<meta property=\"og:type\" content=\"article\" \/>\n<meta property=\"og:title\" content=\"La liste des aides financi\u00e8res du Conseil g\u00e9n\u00e9ral | Mes-Allocs.fr\" \/>\n<meta property=\"og:description\" content=\"Le Conseil g\u00e9n\u00e9ral met en place un\u00a0ensemble d&#039;aides sociales pour les enfants et les personnes \u00e2g\u00e9es. On vous explique.\" \/>\n<meta property=\"og:url\" content=\"https:\/\/www.mes-allocs.fr\/guides\/aides-sociales\/aides-financieres-conseil-general\/\" \/>\n<meta property=\"og:site_name\" content=\"Mes-Allocs.fr\" \/>\n<meta property=\"article:published_time\" content=\"2020-04-27T13:21:07+00:00\" \/>\n<meta property=\"article:modified_time\" content=\"2026-03-06T16:15:44+00:00\" \/>\n<meta property=\"og:image\" content=\"https:\/\/www.mes-allocs.fr\/guides\/wp-content\/uploads\/2020\/04\/La-liste-daides-financie\u0300res-du-conseil-ge\u0301ne\u0301ral-1-scaled-e1588709802232.jpg?wsr\" \/>\n\t<meta property=\"og:image:width\" content=\"1200\" \/>\n\t<meta property=\"og:image:height\" content=\"800\" \/>\n<meta name=\"twitter:card\" content=\"summary_large_image\" \/>\n<script type=\"application\/ld+json\" class=\"yoast-schema-graph\">{\"@context\":\"https:\/\/schema.org\",\"@graph\":[{\"@type\":\"WebSite\",\"@id\":\"https:\/\/www.mes-allocs.fr\/guides\/#website\",\"url\":\"https:\/\/www.mes-allocs.fr\/guides\/\",\"name\":\"Mes-Allocs.fr\",\"description\":\"\",\"potentialAction\":[{\"@type\":\"SearchAction\",\"target\":\"https:\/\/www.mes-allocs.fr\/guides\/?s={search_term_string}\",\"query-input\":\"required name=search_term_string\"}],\"inLanguage\":\"fr-FR\"},{\"@type\":\"ImageObject\",\"@id\":\"https:\/\/www.mes-allocs.fr\/guides\/aides-sociales\/aides-financieres-conseil-general\/#primaryimage\",\"inLanguage\":\"fr-FR\",\"url\":\"https:\/\/www.mes-allocs.fr\/guides\/wp-content\/uploads\/2020\/04\/La-liste-daides-financie\\u0300res-du-conseil-ge\\u0301ne\\u0301ral-1-scaled-e1588709802232.jpg?wsr\",\"width\":1200,\"height\":800,\"caption\":\"La liste daides financie\\u0300res du conseil ge\\u0301ne\\u0301ral 1 scaled e1588709802232\"},{\"@type\":\"WebPage\",\"@id\":\"https:\/\/www.mes-allocs.fr\/guides\/aides-sociales\/aides-financieres-conseil-general\/#webpage\",\"url\":\"https:\/\/www.mes-allocs.fr\/guides\/aides-sociales\/aides-financieres-conseil-general\/\",\"name\":\"La liste des aides financi\\u00e8res du Conseil g\\u00e9n\\u00e9ral | Mes-Allocs.fr\",\"isPartOf\":{\"@id\":\"https:\/\/www.mes-allocs.fr\/guides\/#website\"},\"primaryImageOfPage\":{\"@id\":\"https:\/\/www.mes-allocs.fr\/guides\/aides-sociales\/aides-financieres-conseil-general\/#primaryimage\"},\"datePublished\":\"2020-04-27T13:21:07+00:00\",\"dateModified\":\"2026-03-06T16:15:44+00:00\",\"author\":{\"@id\":\"https:\/\/www.mes-allocs.fr\/guides\/#\/schema\/person\/8d47b912c0ad15f379df96b4e4e33f58\"},\"description\":\"Le Conseil g\\u00e9n\\u00e9ral met en place un\\u00a0ensemble d'aides sociales pour les enfants et les personnes \\u00e2g\\u00e9es. On vous explique.\",\"inLanguage\":\"fr-FR\"},{\"@type\":\"Person\",\"@id\":\"https:\/\/www.mes-allocs.fr\/guides\/#\/schema\/person\/8d47b912c0ad15f379df96b4e4e33f58\",\"name\":\"Constance de Cagny\",\"image\":{\"@type\":\"ImageObject\",\"@id\":\"https:\/\/www.mes-allocs.fr\/guides\/#personlogo\",\"inLanguage\":\"fr-FR\",\"url\":\"https:\/\/www.mes-allocs.fr\/guides\/wp-content\/uploads\/2021\/06\/Constance.2e8ee0b.png\",\"caption\":\"Constance de Cagny\"},\"description\":\"Constance est r\\u00e9dactrice au sein de l'\\u00e9quipe Mes Allocs. Elle a l'habitude d'\\u00e9crire sur les sujets conso, bons plans et \\u00e9conomies. Dipl\\u00f4m\\u00e9e de l'ENACO, elle rejoint Mes Allocs apr\\u00e8s une premi\\u00e8re exp\\u00e9rience en cabinet notarial.\",\"sameAs\":[\"https:\/\/www.linkedin.com\/in\/constance-de-cagny-mayeur-bbb414135\"]}]}<\/script>\n<!-- \/ Yoast SEO plugin. -->","amp_validity":null,"acf":{"faq":{"1":{"question":"Comment fonctionne l'aide sociale \u00e0 l'enfance ?","answer":"L'aide sociale \u00e0 l'enfance  s'organise en trois volets :\r\n\r\n- Un programme de sensibilisation destin\u00e9 \u00e0 informer les personnes concern\u00e9es par des mineurs en danger ou qui risquent de l'\u00eatre. Il s'agit de missions pr\u00e9ventives \u00e0 l'encontre des mineurs et de leurs familles ;\r\n- Un signalement \u00e0 l'autorit\u00e9 judiciaire ;\r\n- La mise en place d'une action sociale (protection de l'enfance, soutien\u00a0mat\u00e9riel, \u00e9ducatif et psychologique etc) visant \u00e0 pourvoir aux besoins des mineurs concern\u00e9es, qu'il s'agisse d'enfants plac\u00e9s ou de jeune majeurs.\r\n\r\nIl existe deux types d'action :\r\n\r\n- l\u2019aide \u00e0 domicile met en place des interventions \u00e0 domicile ainsi que des aides financi\u00e8res.\r\n- la prise en charge mat\u00e9rielle correspond \u00e0 des mesures de placement en dehors du milieu familial. C'est en cela que les aides sociales \u00e0 l'enfance d\u00e9pendent des pouvoirs administratifs et judiciaires."},"2":{"question":"Qui g\u00e8re l'aide sociale \u00e0 l'enfance ?","answer":" L\u2019Aide Sociale \u00e0 l\u2019Enfance (ASE) est un dispositif du d\u00e9partement, r\u00e9gi par l'article L. 221-1 al.1 Code de l\u2019Action Sociale et des Famille). Il rel\u00e8ve de l\u2019autorit\u00e9 du pr\u00e9sident du conseil g\u00e9n\u00e9ral."},"3":{"question":"Qu'est-ce que l'accueil provisoire ?","answer":"L'accueil provisoire d'un mineur est mis en place suite \u00e0 la demande des d\u00e9tenteurs de l'autorit\u00e9 parentale. \r\n\r\nIl s'agit d'une mesure administrative permettant la prise en charge des mineurs au titre de l'ASE (Aide Sociale \u00e0 l'Enfance). "},"4":{"question":"Quel est le r\u00f4le de la protection de l'enfance ?","answer":"Le r\u00f4le de la protection de l'enfance est de garantir la prise en compte des besoins fondamentaux de l'enfant :\r\n \r\n- soutenir son d\u00e9veloppement physique, affectif, intellectuel et social\r\n- pr\u00e9server sa sant\u00e9, sa s\u00e9curit\u00e9, sa moralit\u00e9 et son \u00e9ducation."},"5":{"question":"C'est quoi un foyer de l'enfance ?","answer":"Les foyers de l\u2019enfance accueillent les mineurs en difficult\u00e9 ou en danger, qui ont \u00e9t\u00e9 confi\u00e9s par leur famille ou par mesure judiciaire, au service de l'Aide Sociale \u00e0 l'Enfance.\r\n\r\nLe placement en foyer de l'enfance sert \u00e0 assurer, la s\u00e9curit\u00e9, la sant\u00e9, l'\u00e9ducation et le d\u00e9veloppement social et culturel."},"6":{"question":"","answer":""},"7":{"question":"","answer":""},"8":{"question":"","answer":""},"9":{"question":"","answer":""},"10":{"question":"","answer":""},"11":{"question":"","answer":""},"12":{"question":"","answer":""},"13":{"question":"","answer":""},"14":{"question":"","answer":""},"15":{"question":"","answer":""},"16":{"question":"","answer":""}}},"_links":{"self":[{"href":"https:\/\/www.mes-allocs.fr\/guides\/wp-json\/wp\/v2\/posts\/5160","targetHints":{"allow":["GET"]}}],"collection":[{"href":"https:\/\/www.mes-allocs.fr\/guides\/wp-json\/wp\/v2\/posts"}],"about":[{"href":"https:\/\/www.mes-allocs.fr\/guides\/wp-json\/wp\/v2\/types\/post"}],"author":[{"embeddable":true,"href":"https:\/\/www.mes-allocs.fr\/guides\/wp-json\/wp\/v2\/users\/10"}],"replies":[{"embeddable":true,"href":"https:\/\/www.mes-allocs.fr\/guides\/wp-json\/wp\/v2\/comments?post=5160"}],"version-history":[{"count":40,"href":"https:\/\/www.mes-allocs.fr\/guides\/wp-json\/wp\/v2\/posts\/5160\/revisions"}],"predecessor-version":[{"id":110291,"href":"https:\/\/www.mes-allocs.fr\/guides\/wp-json\/wp\/v2\/posts\/5160\/revisions\/110291"}],"wp:featuredmedia":[{"embeddable":true,"href":"https:\/\/www.mes-allocs.fr\/guides\/wp-json\/wp\/v2\/media\/6118"}],"wp:attachment":[{"href":"https:\/\/www.mes-allocs.fr\/guides\/wp-json\/wp\/v2\/media?parent=5160"}],"wp:term":[{"taxonomy":"category","embeddable":true,"href":"https:\/\/www.mes-allocs.fr\/guides\/wp-json\/wp\/v2\/categories?post=5160"},{"taxonomy":"post_tag","embeddable":true,"href":"https:\/\/www.mes-allocs.fr\/guides\/wp-json\/wp\/v2\/tags?post=5160"}],"curies":[{"name":"wp","href":"https:\/\/api.w.org\/{rel}","templated":true}]}}