{"id":5153,"date":"2020-04-26T18:03:15","date_gmt":"2020-04-26T18:03:15","guid":{"rendered":"https:\/\/www.mes-allocs.fr\/guides\/?p=5153"},"modified":"2026-02-26T18:11:10","modified_gmt":"2026-02-26T17:11:10","slug":"aide-sociale-enfance","status":"publish","type":"post","link":"https:\/\/www.mes-allocs.fr\/guides\/aides-sociales\/aide-sociale-enfance\/","title":{"rendered":"La liste des aides sociales \u00e0 l&rsquo;enfance"},"content":{"rendered":"<p style=\"text-align: justify;\"><strong><a href=\"https:\/\/www.mes-allocs.fr\/guides\/wp-content\/uploads\/2020\/04\/La-liste-daides-sociales-a\u0300-lenfance-e1588704982783.jpg\"><img loading=\"lazy\" decoding=\"async\" class=\"aligncenter wp-image-6090 size-full\" src=\"https:\/\/www.mes-allocs.fr\/guides\/wp-content\/uploads\/2020\/04\/La-liste-daides-sociales-a\u0300-lenfance-e1588705010252.jpg\" alt=\"La liste d'aides sociales \u00e0 l'enfance\" width=\"1200\" height=\"309\" \/><\/a><\/strong>[Mis \u00e0 jour le 26\/02\/2026] <strong>Les <a href=\"https:\/\/www.mes-allocs.fr\/guides\/aides-sociales\/\">aides sociales<\/a> \u00e0 l&rsquo;enfance recouvrent un ensemble de mesures d\u00e9di\u00e9es \u00e0 la protection de l&rsquo;enfance. Mes Allocs vous aide \u00e0 y voir plus clair.<\/strong><\/p>\n<div class='cta-block'><div class='text'>Simulez toutes vos aides en 2 min.<\/div><a href='https:\/\/www.mes-allocs.fr\/ab-app?origin=guides\/wp-json\/wp\/v2\/posts\/5153' class='app-button fit'>Simulation gratuite<\/a><\/div>\n<div class=\"page\" title=\"Page 3\">\n<div class=\"section\">\n<div class=\"section\">\n<div class=\"layoutArea\">\n<div class=\"column\">\n<h1>Qu&rsquo;est-ce que l&rsquo;aide sociale \u00e0 l&rsquo;enfance ?<\/h1>\n<h2>D\u00e9finition<\/h2>\n<\/div>\n<\/div>\n<\/div>\n<\/div>\n<\/div>\n<p style=\"text-align: justify;\">L&rsquo;aide sociale \u00e0 l&rsquo;enfance s&rsquo;expriment par un ensemble d&rsquo; actions de pr\u00e9vention et de soutien des enfants et familles en difficult\u00e9s psycho-sociales. Elle prend \u00e9galement en charge les enfants qui ne peuvent plus rester dans leur famille, quelle que soit les raisons.<\/p>\n<p style=\"text-align: justify;\">L&rsquo;aide sociale \u00e0 l&rsquo; enfance (ASE) est d\u00e9finie par les articles L221-1 et suivants du code de l\u2019Action sociale et des familles. Elle rel\u00e8ve de la comp\u00e9tence du pr\u00e9sident du conseil g\u00e9n\u00e9ral.<\/p>\n<h2>Fonctionnement<\/h2>\n<p>L&rsquo;ASE s&rsquo;organise en trois volets :<\/p>\n<ul>\n<li>Un programme de sensibilisation destin\u00e9 \u00e0 informer les personnes concern\u00e9es par des mineurs en danger ou qui risquent de l&rsquo;\u00eatre. Il s&rsquo;agit de missions pr\u00e9ventives \u00e0 l&rsquo;encontre des mineurs et de leurs familles ;<\/li>\n<li>Un signalement \u00e0 l&rsquo;autorit\u00e9 judiciaire ;<\/li>\n<li>La mise en place d&rsquo;une action sociale (protection de l&rsquo; enfance, soutien mat\u00e9riel, \u00e9ducatif et psychologique etc) visant \u00e0 pourvoir aux besoins des mineurs concern\u00e9es, qu&rsquo;il s&rsquo;agisse d&rsquo;enfants plac\u00e9s ou de jeune majeurs.<\/li>\n<\/ul>\n<p style=\"text-align: justify;\">Le pr\u00e9sident du conseil d\u00e9partemental est tenu de recueillir toutes les informations pr\u00e9occupantes relatives \u00e0 la situation d&rsquo;un mineur. Ces informations \u00e9valuent la situation du mineur. Elles pourront aussi entra\u00eener le d\u00e9ploiement d&rsquo;\u00e9ventuelles actions en sa faveur.<\/p>\n<p>Il existe deux types d&rsquo;action :<\/p>\n<ul>\n<li>l\u2019aide \u00e0 domicile met en place des interventions \u00e0 domicile ainsi que des aides financi\u00e8res.<\/li>\n<li>la prise en charge mat\u00e9rielle correspond \u00e0 des mesures de placement en dehors du milieu familial. C&rsquo;est en cela que les aides sociales \u00e0 l&rsquo;enfance d\u00e9pendent des pouvoirs administratifs et judiciaires.<\/li>\n<\/ul>\n<h1>L&rsquo;aide \u00e0 domicile<\/h1>\n<p style=\"text-align: justify;\">Si la sant\u00e9, la s\u00e9curit\u00e9 et l&rsquo;\u00e9ducation de l&rsquo;enfant l&rsquo;exigent, une aide \u00e0 domicile peut \u00eatre envisag\u00e9e. Elle a pour objectif de maintenir l&rsquo;enfant dans son milieu habituel, mais aussi \u00e0 favoriser son retour \u00e0 domicile apr\u00e8s une prise en charge en dehors de son environnement familial. Elles recouvrent plusieurs actions, plac\u00e9e sous le signe de l&rsquo;accompagnement \u00e9conomique, social et familial :<\/p>\n<ul>\n<li>L&rsquo;attribution d&rsquo;aides financi\u00e8res<\/li>\n<li>Le recours \u00e0 un technicien de l&rsquo;intervention sociale (TISF) ou \u00e0 un assistant familial<\/li>\n<li>L&rsquo;intervention d&rsquo;\u00e9ducateurs \u00e0 domicile<\/li>\n<\/ul>\n<div class=\"grid-3-small-1 has-gutter\">\n<div id=\"milieu\" class=\"two-thirds\">\n<div class=\"milieu mbm\">\n<div class=\"texte texte12470\">\n<h1>Les aides financi\u00e8res et l\u2019accompagnement social et familial<\/h1>\n<p>Certains d\u00e9partements versent des aides financi\u00e8res aux familles qui ne b\u00e9n\u00e9ficient pas de ressources suffisantes. Elles prennent la formes d&rsquo;allocations mensuelles ou de secours exceptionnels. Elles sont octroy\u00e9es \u00e0 un des parents des enfants ou \u00e0 la personne qui en assume la charge.<\/p>\n<div class=\"et_pb_module et_pb_post_title et_pb_post_title_0 et_pb_bg_layout_light et_pb_text_align_left\">\n<div class=\"et_pb_title_container\">\n<h2 class=\"entry-title\">L\u2019allocation mensuelle d\u2019Aide Sociale \u00e0 l\u2019Enfance<\/h2>\n<p>Pour les foyers les plus pr\u00e9caires qui peinent \u00e0 subvenir aux besoins de l&rsquo;enfant, une aide financi\u00e8re existe. En effet, le Conseil g\u00e9n\u00e9ral peut leur octroyer une allocation \u00e0 l&rsquo;aide sociale \u00e0 l&rsquo;enfance (ASE).<\/p>\n<p>Il s&rsquo;agit d&rsquo;une allocation mensuelle dont le montant d\u00e9pend de la situation personnelle du demandeur. Les conditions d&rsquo;attribution et les montants varient aussi selon les d\u00e9partements.<\/p>\n<p>Il est possible de la solliciter d\u00e8s le d\u00e9but d&rsquo;une grossesse. Cette aide sera vers\u00e9e apr\u00e8s la naisse de l&rsquo;enfant, sans limite d&rsquo;\u00e2ge.<\/p>\n<p>Pour plus d&rsquo;informations, il faut se rendre aupr\u00e8s des services de l&rsquo;ASE du Conseil g\u00e9n\u00e9ral du demandeur.<\/p>\n<h2>L\u2019aide financi\u00e8re de secours exceptionnelle<\/h2>\n<p>L&rsquo;aide financi\u00e8re de secours exceptionnel est destin\u00e9e aux c\u00e9libataires et aux couples sans enfants. Il s&rsquo;agit de prestations ponctuelles en esp\u00e8ce visant \u00e0 r\u00e9gler les frais d\u2019h\u00f4tel (pour une ou deux nuits seulement). Si les b\u00e9n\u00e9ficiaires sont malades, une prise en charge de longue dur\u00e9e peut \u00eatre envisag\u00e9e.<\/p>\n<p>Pour en b\u00e9n\u00e9ficier, il faut se rendre au Centre communal d\u2019action sociale, qui \u00e9tablira une aide financi\u00e8re au cas par cas.<\/p>\n<p>Les pi\u00e8ces justificatives \u00e0 fournir sont les suivantes :<\/p>\n<ul>\n<li>Preuve de la dur\u00e9e de r\u00e9sidence dans la commune,<\/li>\n<li>Documents complets attestant de vos ressources,<\/li>\n<li>Un titre de s\u00e9jour (de 10 ans, pour certaines communes)<\/li>\n<\/ul>\n<p>\u00c0 noter que cette aide ne peut pas \u00eatre cumulable avec l&rsquo;aide sociale \u00e0 l&rsquo;enfance. Elle est adress\u00e9e \u00e0 ceux qui ne sont pas \u00e9ligibles \u00e0 l&rsquo;ASE. En outre, il est possible de renouveler cette aide, avec bien s\u00fbr, les pi\u00e8ces justificatives actualis\u00e9es.<\/p>\n<p><strong>Attention<\/strong> : cette aide n\u2019est pas cumulable avec l\u2019aide sociale \u00e0 l\u2019enfance. Elle ne peut \u00eatre attribu\u00e9e qu\u2019\u00e0 ceux pour qui l\u2019aide sociale \u00e0 l\u2019enfance \u00e0 \u00e9t\u00e9 refus\u00e9e, interrompue, ou qui n\u2019entre pas dans ses conditions d\u2019obtention.<\/p>\n<h2>Un cas particulier : l&rsquo;expulsion<\/h2>\n<p style=\"text-align: justify;\">Si vous avez \u00e9t\u00e9 expuls\u00e9, vous pouvez solliciter des aides financi\u00e8res afin d&rsquo;acc\u00e9der \u00e0 un h\u00e9bergement. Les services sociaux ont notamment la possibilit\u00e9 de fournir une aide financi\u00e8re aux sans-abris. Dans ce cas, les frais d&rsquo;h\u00e9bergement sont pris en charge en partie ou en totalit\u00e9, selon les situations.<\/p>\n<p style=\"text-align: justify;\">Les familles avec un ou plusieurs enfants, les femmes enceintes (ou qui envisagent d&rsquo;avoir recours \u00e0 une IVG), les mineurs \u00e9mancip\u00e9s ou les majeurs de moins de 21 ans qui rencontrent des difficult\u00e9s, peuvent pr\u00e9tendre \u00e0 l&rsquo;aide financi\u00e8re (l&rsquo;aide sociale \u00e0 l&rsquo;enfance) ou \u00e0 l&rsquo;aide \u00e0 domicile.<\/p>\n<p style=\"text-align: justify;\">Pour b\u00e9n\u00e9ficier de ces aides, les demandeurs doivent se tourner vers les services sociaux de leurs communes (Centre Communal d\u2019Action Sociale) ou au service de l\u2019aide sociale \u00e0 l\u2019enfance de votre d\u00e9partement (Conseil G\u00e9n\u00e9ral). Aucune dur\u00e9e minimum de s\u00e9jour dans le d\u00e9partement n&rsquo;est requise.<\/p>\n<p style=\"text-align: justify;\">De plus, il faut fournir les justificatifs suivantes :<\/p>\n<ul>\n<li style=\"text-align: justify;\">Documents d&rsquo;identit\u00e9 (carte d&rsquo;identit\u00e9, titre de s\u00e9jour sans conditions de r\u00e9gularit\u00e9 en France) ;<\/li>\n<li style=\"text-align: justify;\">Documents attestant de la filiation (livret de famille, acte de naissance&#8230;) ;<\/li>\n<li style=\"text-align: justify;\">Justificatifs des charges (\u00e9lectricit\u00e9, loyer etc), y compris celles \u00e0 prouver la prise en charge des enfants (documents relatifs \u00e0 l&rsquo;\u00e9ducation, sant\u00e9, s\u00e9curit\u00e9 etc) ;<\/li>\n<li style=\"text-align: justify;\">Justificatifs des revenus (trois derniers bulletins de salaire, notification des ASSEDIC ou CAF si les demandeurs sont titulaires du RSA, les notifications de prestations familiales etc) ;<\/li>\n<li>Proc\u00e8s-verbal d&rsquo;expulsion<\/li>\n<\/ul>\n<p><iframe loading=\"lazy\" src=\"\/\/www.youtube.com\/embed\/MfDoGweq-e0?pp=0gcJCU8JAYcqIYzv\" width=\"560\" height=\"314\" allowfullscreen=\"allowfullscreen\"><\/iframe><\/p>\n<\/div>\n<\/div>\n<\/div>\n<\/div>\n<\/div>\n<\/div>\n<h1>Les aides sociales en faveur des mineurs<\/h1>\n<p style=\"text-align: justify;\">Plusieurs articles pr\u00e9voient des missions de protection concernant les mineurs. Ainsi, selon l\u2019article. L. 221-1 al.1 1\u00b0 du Code de l\u2019Action Sociale et des Familles, l\u2019ASE doit prodiguer \u00ab\u00a0un soutien mat\u00e9riel, \u00e9ducatif et psychologique\u00a0\u00bb aux mineurs en danger.<\/p>\n<p style=\"text-align: justify;\">C&rsquo;est-\u00e0-dire aux mineurs qui rencontrent des difficult\u00e9s mettant en danger leur sant\u00e9, s\u00e9curit\u00e9 et moralit\u00e9. Des obstacles qui sont susceptibles de compromettre gravement leur \u00e9quilibre physique affectif, intellectuel et social ou de\u00a0freiner leur \u00e9ducation.<\/p>\n<p style=\"text-align: justify;\">En outre, l&rsquo;ASE est tenu de \u00ab\u00a0pourvoir \u00e0 l\u2019ensemble des besoins des mineurs confi\u00e9s au service et veiller \u00e0 leur orientation, en collaboration avec leur famille ou leur repr\u00e9sentant l\u00e9gal\u00a0\u00bb.<\/p>\n<h2>Accompagnement mat\u00e9riel<\/h2>\n<p>Les mineurs concern\u00e9s peuvent ainsi b\u00e9n\u00e9ficier d&rsquo;un soutien mat\u00e9riel incluant un h\u00e9bergement et diverses aides financi\u00e8res.<\/p>\n<p>D&rsquo;une part donc, les mineurs sont h\u00e9berg\u00e9s selon leur \u00e2ge et les places disponibles :<\/p>\n<ul>\n<li>dans un foyer de l\u2019enfance (d\u00e9partemental ou associatif)<\/li>\n<li>au sein d\u2019une famille d\u2019accueil<\/li>\n<li>dans un h\u00f4tel social (s\u2019agissant des mineurs isol\u00e9s \u00e9trangers l\u2019h\u00e9bergement en h\u00f4tel social est une des solutions fr\u00e9quemment utilis\u00e9e. Elle est souvent propos\u00e9e aux plus \u00e2g\u00e9s, en g\u00e9n\u00e9ral plus de 16 ans, consid\u00e9r\u00e9s comme plus autonomes.<\/li>\n<li>dans des structures sp\u00e9cialis\u00e9es. (Les services de l\u2019ASE travaillent en \u00e9troite collaboration avec des Maisons d\u2019Enfance \u00e0 Caract\u00e8re Social (MECS) o\u00f9 ils placent les jeunes selon le nombre de places disponibles. )<\/li>\n<\/ul>\n<p>Parmi les aides financi\u00e8res vers\u00e9es, il y a :<\/p>\n<ul>\n<li>une aide \u00e0 l&rsquo;alimentation,<\/li>\n<li>une aide \u00e0 la mobilit\u00e9, qui finance des titres de transport utiles aux d\u00e9placements n\u00e9cessaires du jeune.<strong> Ex :<\/strong> pour se rendre \u00e0 l&rsquo;\u00e9cole,<\/li>\n<li>une aide aux d\u00e9penses administratives<\/li>\n<li>une aide pour financer les d\u00e9penses de la vie quotidienne<\/li>\n<\/ul>\n<h2>Accompagnement \u00e9ducatif<\/h2>\n<p>Les actions \u00e9ducatives peuvent avoir lieu au domicile ou en milieu ouvert (on parle d&rsquo;AEMO). L&rsquo;action \u00e9ducative \u00e0 domicile (AED) est une d\u00e9cision administrative qui rel\u00e8ve du pr\u00e9sident du conseil d\u00e9partemental. Elle s&rsquo;exerce avec l&rsquo;accord ou par l&rsquo;accord des parents. Elle apporte un soutien mat\u00e9riel et \u00e9ducatif \u00e0 la famille, dans le cas o\u00f9 les parents rencontrent des difficult\u00e9s concernant l&rsquo;\u00e9ducation de l&rsquo;enfant.<\/p>\n<p>Le soutien \u00e9ducatif apport\u00e9 aux mineurs peut prendre plusieurs formes, parmi elles :<\/p>\n<ul>\n<li style=\"text-align: justify;\">La construction d&rsquo;un \u00ab\u00a0projet pour l\u2019enfant\u00a0\u00bb, adapt\u00e9 \u00e0 l&rsquo;\u00e2ge et \u00e0 la maturit\u00e9 de l&rsquo;enfant. Il vise \u00e0 favoriser son d\u00e9veloppement physique, psychique, affectif, intellectuel et social. Le Pr\u00e9sident du Conseil d\u00e9partemental en est le garant.<\/li>\n<li>L&rsquo;organisation d&rsquo;un entretien, par le Pr\u00e9sident du Conseil d\u00e9partemental et le mineur, accueilli avant sa majorit\u00e9. Cet entretien permet de faire un bilan de son parcours et de r\u00e9fl\u00e9chir aux conditions de sa future autonomie.<\/li>\n<li>Mise en place de dispositifs \u00e9ducatifs au sein des centres d\u2019h\u00e9bergement<\/li>\n<li>Soutien pour la scolarisation de mineurs isol\u00e9s \u00e9trangers<\/li>\n<li>Soutien pour encourager l&rsquo;acc\u00e8s des mineurs isol\u00e9s \u00e9trangers \u00e0 une formation professionnelle<\/li>\n<\/ul>\n<p>Des structures associatives sp\u00e9cialis\u00e9es offrent \u00e9galement des formations int\u00e9gr\u00e9es au sein m\u00eame de leurs locaux. Ceci, dans le but de faire face aux difficult\u00e9s de scolarisation. Elles proposent \u00e9galement aux mineurs une formation qualifiante (la Fondation d\u2019Auteuil par exemple).<\/p>\n<div class=\"grid-3-small-1 has-gutter\">\n<div id=\"milieu\" class=\"two-thirds\">\n<div class=\"milieu mbm\">\n<div class=\"texte texte12470\">\n<div class=\"surlignable\">\n<div class=\"crayon article-texte-1652 texte\">\n<h2>Accompagnement psychologique<\/h2>\n<p>Le soutien psychologique s&rsquo;applique particuli\u00e8rement aux mineurs isol\u00e9s \u00e9trangers. En effet, ils sont concern\u00e9s par des traumatismes engendr\u00e9s par l&rsquo;exil, le voyage, l&rsquo;isolement (et \u00e9ventuellement des violences endur\u00e9es dans le pays d&rsquo;origine et\/ou pendant le parcours migratoire) et doivent affronter de fortes diff\u00e9rences culturelles,<\/p>\n<p>Pour pallier ces obstacles, un accompagnement et des conseils leur sont fournis au cours des diverses d\u00e9marches (administratives, par exemple) que le jeune entreprend, notamment :<\/p>\n<ul class=\"spip\">\n<li>La r\u00e9gularisation de sa situation administrative,<\/li>\n<li>L&rsquo;accompagnement des jeunes pour l\u2019ouverture de leurs droits CMU,<\/li>\n<li>L&rsquo;\u00e9tablissement ou la reconstitution de leur \u00e9tat civil,<\/li>\n<li>Les d\u00e9marches pour retrouver leur famille. Certaines structures aident les jeunes dans le cadre du r\u00e9tablissement des liens familiaux, tels la Croix Rouge fran\u00e7aise.<\/li>\n<\/ul>\n<h1>Les mesures de placement<\/h1>\n<p>Les mesures administratives de placement s&rsquo;appliquent lorsqu&rsquo;un mineur ne peut plus rester dans son milieu de vie habituel. Mais aussi dans le cas o\u00f9 ce dernier a besoin de b\u00e9n\u00e9ficier d&rsquo;un accueil sp\u00e9cifique. Il est alors confi\u00e9 aux services de l&rsquo;ASE, suite \u00e0 la d\u00e9cision du pr\u00e9sident du conseil d\u00e9partemental. La d\u00e9cision est prise avec l&rsquo;accord de la famille ou \u00e0 sa demande.<\/p>\n<p>L&rsquo;ASE ou le service qualifi\u00e9 accueille le mineur pendant une partie de la journ\u00e9e (ou toute la journ\u00e9e). Id\u00e9alement, ce lieu se situe \u00e0 proximit\u00e9 de son domicile, pour aider sa famille dans l\u2019exercice de sa fonction parentale.<\/p>\n<p>Le service de <a href=\"https:\/\/www.diplomatie.gouv.fr\/fr\/adopter-a-l-etranger\/faq-glossaire-textes-de-reference\/le-glossaire-de-l-adoption\/article\/aide-sociale-a-l-enfance-ase\">l\u2019ASE<\/a> ou un service habilit\u00e9 accueille alors le mineur pendant tout ou partie de la journ\u00e9e, si possible dans un lieu \u00e0 proximit\u00e9 de son domicile, afin de lui apporter un soutien \u00e9ducatif et d\u2019accompagner sa famille dans l\u2019exercice de sa fonction parentale Ces mesures<\/p>\n<h2>Les mesures judiciaires de placement<\/h2>\n<p>C&rsquo;est le juge des enfants qui d\u00e9cide des mesures judiciaires de placement. L&rsquo;ASE, par la suite, en fixe les conditions. Ces placements recouvrent plusieurs situations :<\/p>\n<ul>\n<li>Placement au titre de l&rsquo;assistance \u00e9ducative<\/li>\n<li>D\u00e9l\u00e9gation de l&rsquo;autorit\u00e9 parentale<\/li>\n<li>Retrait partiel de l&rsquo;autorit\u00e9 parentale<\/li>\n<li>Tutelle d&rsquo;\u00e9tat transmise \u00e0 l&rsquo;ASE, notamment en cas de d\u00e9linquance juv\u00e9nile (selon l\u2019ordonnance de 1945, qui d\u00e9termine le placement de mani\u00e8re provisoire pour les mineurs de moins de 13 ans)<\/li>\n<\/ul>\n<h2>Les placements directs<\/h2>\n<p>Dans le cas de placements directs, d\u00e9cid\u00e9s encore une fois par le juge des enfants, l&rsquo;ASE finance l&rsquo;accueil du mineur sans fixer les conditions de placement. Ainsi, ce placement peut \u00eatre effectu\u00e9 :<\/p>\n<ul>\n<li>au sein d&rsquo;un \u00e9tablissement ou aupr\u00e8s d&rsquo;un tiers digne de confiance,<\/li>\n<li>aupr\u00e8s d&rsquo;une d\u00e9l\u00e9gation de l\u2019autorit\u00e9 parentale \u00e0 un particulier (une famille d&rsquo;accueil par exemple) ou \u00e0 un \u00e9tablissement<\/li>\n<\/ul>\n<h2>Les mineurs non accompagn\u00e9s<\/h2>\n<p>Les mineurs non accompagn\u00e9s (MNA) correspondent aux mineurs de nationalit\u00e9 \u00e9trang\u00e8re et qui sont en France, sans adulte responsable. Plus exactement, les \u00ab\u00a0mineurs priv\u00e9s temporairement ou d\u00e9finitivement de la protection de sa famille\u00a0\u00bb.<\/p>\n<p>Leur situation est \u00e9valu\u00e9 par le conseil d\u00e9partemental, qui prend en compte l&rsquo;\u00e2ge du jeune et son isolement familial, en vertu du d\u00e9cret 2016- 840 du 24 juin 2016. I. Leur statut rel\u00e8ve du droit commun de la protection de l&rsquo;enfance : ils sont pris en charge par les d\u00e9partements.<\/p>\n<h1>Les \u00e9tablissements relevant de l\u2019aide sociale \u00e0 l\u2019enfance<\/h1>\n<p>Les enfants plac\u00e9s ont la possibilit\u00e9 d&rsquo;\u00eatre accueillis dans des maisons d\u2019enfants \u00e0 caract\u00e8re social (MECS), descendantes des orphelinats. Elles sont adress\u00e9es aux enfants et adolescents dont les familles ne peuvent plus assurer la charge. Et ce, pour des difficult\u00e9s \u00e9ph\u00e9m\u00e8res ou p\u00e9rennes.<\/p>\n<p>Ces foyers de l&rsquo;enfance h\u00e9bergent \u00e0 tout moment les mineurs dont la situation difficile requiert une aide d&rsquo;urgence. Il s&rsquo;agit de lieux d&rsquo;observation et d&rsquo;\u00e9valuation qui orientent le mineur vers :<\/p>\n<ul>\n<li>un retour au domicile familial,<\/li>\n<li>un placement en famille d&rsquo;accueil,<\/li>\n<li>ou un placement en \u00e9tablissement sp\u00e9cialis\u00e9,<\/li>\n<li>une adoption.<\/li>\n<\/ul>\n<p>Les \u00e9tablissements suivants sont r\u00e9pertori\u00e9s en tant que maisons d\u2019enfants \u00e0 caract\u00e8re social :<\/p>\n<ul>\n<li>Les pouponni\u00e8res \u00e0 caract\u00e8re social accueillent des enfants de la naissance \u00e0 3 ans, parce qu&rsquo;ils ne peuvent pas rester dans leur famille ou faire l&rsquo;objet d\u2019un placement familial surveill\u00e9 ;<\/li>\n<li>Des villages d\u2019enfants s&rsquo;occupent des fr\u00e8res et s\u0153urs, dans un cadre familial, avec des \u00e9ducateurs familiaux qui prennent en charge une ou plusieurs fratries ;<\/li>\n<li>En enfin, les lieux de vie et d\u2019accueil s&rsquo;occupent de jeunes traversant d&rsquo;importantes difficult\u00e9s. Ils sont accueillis dans un cadre familial qui constitue le milieu de vie habituel des jeunes et des permanents \u00e9ducatifs.<\/li>\n<\/ul>\n<div class='cta-block'><div class='text'>Simulez toutes vos aides en 2 min.<\/div><a href='https:\/\/www.mes-allocs.fr\/ab-app?origin=guides\/wp-json\/wp\/v2\/posts\/5153' class='app-button fit'>Simulation gratuite<\/a><\/div>\n<\/div>\n<\/div>\n<\/div>\n<\/div>\n<\/div>\n<\/div>\n","protected":false},"excerpt":{"rendered":"<p>[Mis \u00e0 jour le 26\/02\/2026] Les aides sociales \u00e0 l&rsquo;enfance recouvrent un ensemble de mesures d\u00e9di\u00e9es \u00e0 la protection de l&rsquo;enfance. Mes Allocs vous aide \u00e0 y voir plus clair. Qu&rsquo;est-ce que l&rsquo;aide sociale \u00e0 l&rsquo;enfance ? D\u00e9finition L&rsquo;aide sociale \u00e0 l&rsquo;enfance s&rsquo;expriment par un ensemble d&rsquo; actions de pr\u00e9vention et de soutien des enfants [&hellip;]<\/p>\n","protected":false},"author":7,"featured_media":6090,"comment_status":"open","ping_status":"open","sticky":false,"template":"","format":"standard","meta":{"amp_status":"","footnotes":""},"categories":[1411],"tags":[],"class_list":["post-5153","post","type-post","status-publish","format-standard","has-post-thumbnail","hentry","category-aides-sociales"],"yoast_head":"<!-- This site is optimized with the Yoast SEO plugin v14.9 - https:\/\/yoast.com\/wordpress\/plugins\/seo\/ -->\n<title>La liste des aides sociales \u00e0 l&#039;enfance | Mes-Allocs.fr<\/title>\n<meta name=\"description\" content=\"Les aides sociales \u00e0 l&#039;enfance recouvrent un ensemble de mesures d\u00e9di\u00e9es \u00e0 la\u00a0protection de l&#039;enfance. Mes Allocs vous explique.\" \/>\n<meta name=\"robots\" content=\"index, follow, max-snippet:-1, max-image-preview:large, max-video-preview:-1\" \/>\n<link rel=\"canonical\" href=\"https:\/\/www.mes-allocs.fr\/guides\/aides-sociales\/aide-sociale-enfance\/\" \/>\n<meta property=\"og:locale\" content=\"fr_FR\" \/>\n<meta property=\"og:type\" content=\"article\" \/>\n<meta property=\"og:title\" content=\"La liste des aides sociales \u00e0 l&#039;enfance | Mes-Allocs.fr\" \/>\n<meta property=\"og:description\" content=\"Les aides sociales \u00e0 l&#039;enfance recouvrent un ensemble de mesures d\u00e9di\u00e9es \u00e0 la\u00a0protection de l&#039;enfance. Mes Allocs vous explique.\" \/>\n<meta property=\"og:url\" content=\"https:\/\/www.mes-allocs.fr\/guides\/aides-sociales\/aide-sociale-enfance\/\" \/>\n<meta property=\"og:site_name\" content=\"Mes-Allocs.fr\" \/>\n<meta property=\"article:published_time\" content=\"2020-04-26T18:03:15+00:00\" \/>\n<meta property=\"article:modified_time\" content=\"2026-02-26T17:11:10+00:00\" \/>\n<meta property=\"og:image\" content=\"https:\/\/www.mes-allocs.fr\/guides\/wp-content\/uploads\/2020\/04\/La-liste-daides-sociales-a\u0300-lenfance.jpg?wsr\" \/>\n\t<meta property=\"og:image:width\" content=\"1917\" \/>\n\t<meta property=\"og:image:height\" content=\"929\" \/>\n<meta name=\"twitter:card\" content=\"summary_large_image\" \/>\n<script type=\"application\/ld+json\" class=\"yoast-schema-graph\">{\"@context\":\"https:\/\/schema.org\",\"@graph\":[{\"@type\":\"WebSite\",\"@id\":\"https:\/\/www.mes-allocs.fr\/guides\/#website\",\"url\":\"https:\/\/www.mes-allocs.fr\/guides\/\",\"name\":\"Mes-Allocs.fr\",\"description\":\"\",\"potentialAction\":[{\"@type\":\"SearchAction\",\"target\":\"https:\/\/www.mes-allocs.fr\/guides\/?s={search_term_string}\",\"query-input\":\"required name=search_term_string\"}],\"inLanguage\":\"fr-FR\"},{\"@type\":\"ImageObject\",\"@id\":\"https:\/\/www.mes-allocs.fr\/guides\/aides-sociales\/aide-sociale-enfance\/#primaryimage\",\"inLanguage\":\"fr-FR\",\"url\":\"https:\/\/www.mes-allocs.fr\/guides\/wp-content\/uploads\/2020\/04\/La-liste-daides-sociales-a\\u0300-lenfance.jpg?wsr\",\"width\":1917,\"height\":929,\"caption\":\"La liste daides sociales a\\u0300 lenfance e1588705010252\"},{\"@type\":\"WebPage\",\"@id\":\"https:\/\/www.mes-allocs.fr\/guides\/aides-sociales\/aide-sociale-enfance\/#webpage\",\"url\":\"https:\/\/www.mes-allocs.fr\/guides\/aides-sociales\/aide-sociale-enfance\/\",\"name\":\"La liste des aides sociales \\u00e0 l'enfance | Mes-Allocs.fr\",\"isPartOf\":{\"@id\":\"https:\/\/www.mes-allocs.fr\/guides\/#website\"},\"primaryImageOfPage\":{\"@id\":\"https:\/\/www.mes-allocs.fr\/guides\/aides-sociales\/aide-sociale-enfance\/#primaryimage\"},\"datePublished\":\"2020-04-26T18:03:15+00:00\",\"dateModified\":\"2026-02-26T17:11:10+00:00\",\"author\":{\"@id\":\"https:\/\/www.mes-allocs.fr\/guides\/#\/schema\/person\/1c4837d5703727cb02ce84583b5a44aa\"},\"description\":\"Les aides sociales \\u00e0 l'enfance recouvrent un ensemble de mesures d\\u00e9di\\u00e9es \\u00e0 la\\u00a0protection de l'enfance. Mes Allocs vous explique.\",\"inLanguage\":\"fr-FR\"},{\"@type\":\"Person\",\"@id\":\"https:\/\/www.mes-allocs.fr\/guides\/#\/schema\/person\/1c4837d5703727cb02ce84583b5a44aa\",\"name\":\"Fabiola\",\"image\":{\"@type\":\"ImageObject\",\"@id\":\"https:\/\/www.mes-allocs.fr\/guides\/#personlogo\",\"inLanguage\":\"fr-FR\",\"url\":\"https:\/\/www.mes-allocs.fr\/guides\/wp-content\/uploads\/2021\/06\/fabiola-150x150.png\",\"caption\":\"Fabiola\"},\"description\":\"Fabiola est r\\u00e9dactrice au sein de l'\\u00e9quipe Mes Allocs, sp\\u00e9cialis\\u00e9e en sciences politiques et affaires publiques. Dipl\\u00f4m\\u00e9e de l'HEIP, elle rejoint Mes Allocs apr\\u00e8s une premi\\u00e8re exp\\u00e9rience \\u00e0 l'Assembl\\u00e9e Nationale.\",\"sameAs\":[\"https:\/\/www.linkedin.com\/in\/cecilia-philippe-b-8a8085195\"]}]}<\/script>\n<!-- \/ Yoast SEO plugin. -->","amp_validity":null,"acf":{"faq":{"1":{"question":"Comment fonctionne l'aide sociale \u00e0 l'enfance ?","answer":"L'aide sociale \u00e0 l'enfance  s'organise en trois volets :\r\n\r\n- Un programme de sensibilisation destin\u00e9 \u00e0 informer les personnes concern\u00e9es par des mineurs en danger ou qui risquent de l'\u00eatre. Il s'agit de missions pr\u00e9ventives \u00e0 l'encontre des mineurs et de leurs familles ;\r\n- Un signalement \u00e0 l'autorit\u00e9 judiciaire ;\r\n- La mise en place d'une action sociale (protection de l'enfance, soutien\u00a0mat\u00e9riel, \u00e9ducatif et psychologique etc) visant \u00e0 pourvoir aux besoins des mineurs concern\u00e9es, qu'il s'agisse d'enfants plac\u00e9s ou de jeune majeurs.\r\n\r\nIl existe deux types d'action :\r\n\r\n- l\u2019aide \u00e0 domicile met en place des interventions \u00e0 domicile ainsi que des aides financi\u00e8res.\r\n- la prise en charge mat\u00e9rielle correspond \u00e0 des mesures de placement en dehors du milieu familial. C'est en cela que les aides sociales \u00e0 l'enfance d\u00e9pendent des pouvoirs administratifs et judiciaires."},"2":{"question":"Qui g\u00e8re l'aide sociale \u00e0 l'enfance ?","answer":" L\u2019Aide Sociale \u00e0 l\u2019Enfance (ASE) est un dispositif du d\u00e9partement, r\u00e9gi par l'article L. 221-1 al.1 Code de l\u2019Action Sociale et des Famille). Il rel\u00e8ve de l\u2019autorit\u00e9 du pr\u00e9sident du conseil g\u00e9n\u00e9ral."},"3":{"question":"Qu'est-ce que l'accueil provisoire ?","answer":"L'accueil provisoire d'un mineur est mis en place suite \u00e0 la demande des d\u00e9tenteurs de l'autorit\u00e9 parentale. \r\n\r\nIl s'agit d'une mesure administrative permettant la prise en charge des mineurs au titre de l'ASE (Aide Sociale \u00e0 l'Enfance). "},"4":{"question":"Quel est le r\u00f4le de la protection de l'enfance ?","answer":"Le r\u00f4le de la protection de l'enfance est de garantir la prise en compte des besoins fondamentaux de l'enfant :\r\n \r\n- soutenir son d\u00e9veloppement physique, affectif, intellectuel et social\r\n- pr\u00e9server sa sant\u00e9, sa s\u00e9curit\u00e9, sa moralit\u00e9 et son \u00e9ducation."},"5":{"question":"C'est quoi un foyer de l'enfance ?","answer":"Les foyers de l\u2019enfance accueillent les mineurs en difficult\u00e9 ou en danger, qui ont \u00e9t\u00e9 confi\u00e9s par leur famille ou par mesure judiciaire, au service de l'Aide Sociale \u00e0 l'Enfance.\r\n\r\nLe placement en foyer de l'enfance sert \u00e0 assurer, la s\u00e9curit\u00e9, la sant\u00e9, l'\u00e9ducation et le d\u00e9veloppement social et culturel."},"6":{"question":"","answer":""},"7":{"question":"","answer":""},"8":{"question":"","answer":""},"9":{"question":"","answer":""},"10":{"question":"","answer":""},"11":{"question":"","answer":""},"12":{"question":"","answer":""},"13":{"question":"","answer":""},"14":{"question":"","answer":""},"15":{"question":"","answer":""},"16":{"question":"","answer":""}}},"_links":{"self":[{"href":"https:\/\/www.mes-allocs.fr\/guides\/wp-json\/wp\/v2\/posts\/5153","targetHints":{"allow":["GET"]}}],"collection":[{"href":"https:\/\/www.mes-allocs.fr\/guides\/wp-json\/wp\/v2\/posts"}],"about":[{"href":"https:\/\/www.mes-allocs.fr\/guides\/wp-json\/wp\/v2\/types\/post"}],"author":[{"embeddable":true,"href":"https:\/\/www.mes-allocs.fr\/guides\/wp-json\/wp\/v2\/users\/7"}],"replies":[{"embeddable":true,"href":"https:\/\/www.mes-allocs.fr\/guides\/wp-json\/wp\/v2\/comments?post=5153"}],"version-history":[{"count":40,"href":"https:\/\/www.mes-allocs.fr\/guides\/wp-json\/wp\/v2\/posts\/5153\/revisions"}],"predecessor-version":[{"id":109867,"href":"https:\/\/www.mes-allocs.fr\/guides\/wp-json\/wp\/v2\/posts\/5153\/revisions\/109867"}],"wp:featuredmedia":[{"embeddable":true,"href":"https:\/\/www.mes-allocs.fr\/guides\/wp-json\/wp\/v2\/media\/6090"}],"wp:attachment":[{"href":"https:\/\/www.mes-allocs.fr\/guides\/wp-json\/wp\/v2\/media?parent=5153"}],"wp:term":[{"taxonomy":"category","embeddable":true,"href":"https:\/\/www.mes-allocs.fr\/guides\/wp-json\/wp\/v2\/categories?post=5153"},{"taxonomy":"post_tag","embeddable":true,"href":"https:\/\/www.mes-allocs.fr\/guides\/wp-json\/wp\/v2\/tags?post=5153"}],"curies":[{"name":"wp","href":"https:\/\/api.w.org\/{rel}","templated":true}]}}