{"id":51505,"date":"2022-10-26T17:53:46","date_gmt":"2022-10-26T15:53:46","guid":{"rendered":"https:\/\/www.mes-allocs.fr\/guides\/?p=51505"},"modified":"2026-04-03T13:31:07","modified_gmt":"2026-04-03T12:31:07","slug":"organisme-financement-formation","status":"publish","type":"post","link":"https:\/\/www.mes-allocs.fr\/guides\/aide-formation\/financement-formation\/organisme-financement-formation\/","title":{"rendered":"Quel organisme de financement pour une formation ?"},"content":{"rendered":"<p style=\"text-align: justify;\"><b><img loading=\"lazy\" decoding=\"async\" class=\"alignnone wp-image-56248 size-full\" title=\"organisme de financement pour une formation\" src=\"https:\/\/www.mes-allocs.fr\/guides\/wp-content\/uploads\/2022\/09\/organisme-de-financement-pour-une-formation--e1662741842912.jpeg\" alt=\"organisme de financement pour une formation\" width=\"1560\" height=\"218\" srcset=\"https:\/\/www.mes-allocs.fr\/guides\/wp-content\/uploads\/2022\/09\/organisme-de-financement-pour-une-formation--e1662741842912.jpeg 1560w, https:\/\/www.mes-allocs.fr\/guides\/wp-content\/uploads\/2022\/09\/organisme-de-financement-pour-une-formation--e1662741842912-300x42.jpeg 300w, https:\/\/www.mes-allocs.fr\/guides\/wp-content\/uploads\/2022\/09\/organisme-de-financement-pour-une-formation--e1662741842912-1024x143.jpeg 1024w, https:\/\/www.mes-allocs.fr\/guides\/wp-content\/uploads\/2022\/09\/organisme-de-financement-pour-une-formation--e1662741842912-768x107.jpeg 768w, https:\/\/www.mes-allocs.fr\/guides\/wp-content\/uploads\/2022\/09\/organisme-de-financement-pour-une-formation--e1662741842912-1536x215.jpeg 1536w, https:\/\/www.mes-allocs.fr\/guides\/wp-content\/uploads\/2022\/09\/organisme-de-financement-pour-une-formation--e1662741842912-600x84.jpeg 600w\" sizes=\"auto, (max-width: 1560px) 100vw, 1560px\" \/><\/b>[Mis \u00e0 jour le 03\/04\/2026] <b>En fonction du statut professionnel, il existe diff\u00e9rents organismes qui attribuent des financements pour une <a href=\"https:\/\/www.mes-allocs.fr\/guides\/aide-formation\/\">formation<\/a> professionnelle. Alors, organisme financement formation : vers qui s&rsquo;orienter ?<\/b><\/p>\n<div class='cta-block'><div class='text'>Simulez toutes vos aides en 2 min.<\/div><a href='https:\/\/www.mes-allocs.fr\/ab-app?origin=guides\/wp-json\/wp\/v2\/posts\/51505' class='app-button fit'>Simulation gratuite<\/a><\/div>\n<h1 style=\"text-align: justify;\">P\u00f4le Emploi<\/h1>\n<p style=\"text-align: justify;\"><b>En compl\u00e9ment des contrats de formation en <a href=\"https:\/\/www.mes-allocs.fr\/blog\/decrochez-votre-emploi-ou-votre-alternance-dans-les-6-mois-avec-nqt\/\">alternance<\/a> et des dispositifs de formation relevant d&rsquo;autres financeurs, l&rsquo;organisme peut prendre en charge les frais de plusieurs formations.<\/b><\/p>\n<p style=\"text-align: justify;\"><b>L\u2019Aide Individuelle \u00e0 la Formation (AIF)<\/b><\/p>\n<p style=\"text-align: justify;\"><b>L\u2019Aide Individuelle \u00e0 la Formation (<a href=\"https:\/\/www.mes-allocs.fr\/guides\/aide-formation\/aif-pole-emploi\/\">AIF<\/a>) est une aide financi\u00e8re qui prend en charge les frais p\u00e9dagogiques de la formation.<\/b> Vous pouvez y pr\u00e9tendre lorsque vous avez un ou plusieurs financements, mais qu&rsquo;ils ne prennent pas totalement ou du tout en charge les frais p\u00e9dagogiques de votre formation.<\/p>\n<p style=\"text-align: justify;\"><b>Elle est destin\u00e9e aux demandeurs d&#8217;emploi, indemnis\u00e9s ou non, et aux personnes en accompagnement Contrat de Reclassement Professionnel (CRP), Contrat de Transition Professionnelle (CTP) ou Contrat de S\u00e9curisation Professionnelle (<a href=\"https:\/\/www.mes-allocs.fr\/guides\/chomage\/calcul-indemnite-chomage-apres-csp\/\">CSP<\/a>).<\/b><\/p>\n<p style=\"text-align: justify;\">Afin de b\u00e9n\u00e9ficier d&rsquo;un financement de P\u00f4le Emploi, vous devez \u00eatre inscrit en tant que demandeur d&#8217;emploi. <b>En outre, il faut se rapprocher de votre conseiller P\u00f4le Emploi afin que ce dernier valide si la formation souhait\u00e9e est coh\u00e9rente avec le\u00a0Projet Personnalis\u00e9 d&rsquo;Acc\u00e8s \u00e0 l&rsquo;Emploi (PPAE).<\/b> Dans le cadre du Conseil en \u00c9volution Professionnelle (CEP), votre conseiller vous aide \u00e0 identifier et mobiliser les financements disponibles pour votre projet.<\/p>\n<p>&nbsp;<\/p>\n<h1 style=\"text-align: justify;\">L&rsquo;Association pour la Formation des Personnes en situation de Handicap (AGEFIPH)<\/h1>\n<p style=\"text-align: justify;\"><b>La mission de l&rsquo;AGEFIPH est\u00a0d&rsquo;aider les personnes handicap\u00e9es dans leur vie professionnelle et d&rsquo;accompagner les entreprises dans leurs projets de recrutement et de maintien dans l&#8217;emploi\u00a0de ces personnes.\u00a0<\/b>L&rsquo;organisme propose diff\u00e9rentes aides afin de vous permettre de vous ins\u00e9rer durablement sur le march\u00e9 du travail.<\/p>\n<p class=\"title\" style=\"text-align: justify;\"><b>L&rsquo;Aide \u00e0 la formation dans le cadre du parcours vers l&#8217;emploi<\/b><\/p>\n<p style=\"text-align: justify;\"><b>L&rsquo;aide a pour but de vous permettre d\u2019acqu\u00e9rir les comp\u00e9tences n\u00e9cessaires pour un acc\u00e8s durable \u00e0 l\u2019emploi par la formation au m\u00eame titre que les demandeurs d&#8217;emploi.<\/b> Elle finance les formations de remise \u00e0 niveau, pr\u00e9-qualifiantes ou qualifiantes, et certifiantes ou dipl\u00f4mantes.<\/p>\n<p style=\"text-align: justify;\"><b>La prestation s&rsquo;adresse aux demandeurs d&#8217;emploi handicap\u00e9s inscrits ou non \u00e0 P\u00f4le Emploi lorsque la dur\u00e9e de la formation est sup\u00e9rieure ou inf\u00e9rieure \u00e0 40 heures.<\/b>\u00a0Cependant, l\u2019acc\u00e8s aux formations individuelles r\u00e9mun\u00e9r\u00e9es par l\u2019AGEFIPH est privil\u00e9gi\u00e9 pour les demandeurs d\u2019emploi handicap\u00e9s non-indemnis\u00e9s.<\/p>\n<p style=\"text-align: justify;\"><b>Pour en b\u00e9n\u00e9ficier, vous devez compl\u00e9ter un formulaire de demande d\u2019intervention AGEFIPH et l&rsquo;adresser \u00e0 d\u00e9l\u00e9gation r\u00e9gionale AGEFIPH dont vous d\u00e9pendez.<\/b> Il est recommand\u00e9 de se tourner vers un conseiller P\u00f4le Emploi, Cap emploi, Mission locale ou d\u2019un Conseil en \u00c9volution Professionnelle (CEP) afin d&rsquo;\u00eatre accompagn\u00e9 cette\u00a0d\u00e9marche.<\/p>\n<p><iframe loading=\"lazy\" title=\"Les aides \u00e0 la formation\" width=\"500\" height=\"281\" src=\"https:\/\/www.youtube.com\/embed\/gs3ZRHqtzmY?feature=oembed\" frameborder=\"0\" allow=\"accelerometer; autoplay; clipboard-write; encrypted-media; gyroscope; picture-in-picture; web-share\" referrerpolicy=\"strict-origin-when-cross-origin\" allowfullscreen><\/iframe><\/p>\n<h1 style=\"text-align: justify;\">L&rsquo;Association de Gestion du Financement de la Formation des Chefs d\u2019Entreprise (AGEFICE)<\/h1>\n<p style=\"text-align: justify;\"><b>C&rsquo;est un fonds d\u2019Assurance Formation (FAF) du commerce, de l\u2019industrie et des services.<\/b> Il est destin\u00e9 \u00e0 favoriser la mont\u00e9e en comp\u00e9tence des dirigeants non-salari\u00e9s et de leurs conjoints collaborateurs gr\u00e2ce au financement de formation.<\/p>\n<p style=\"text-align: justify;\">L&rsquo;aide allou\u00e9e par l&rsquo;organisme pour financer une formation\u00a0prend en compte :<\/p>\n<ul>\n<li style=\"text-align: justify;\">Les g\u00e9rants majoritaires de Soci\u00e9t\u00e9 \u00e0 Responsabilit\u00e9 Limit\u00e9e (SARL),<\/li>\n<li style=\"text-align: justify;\">Les associ\u00e9s uniques d\u2019Entreprise Unipersonnelle \u00e0 Responsabilit\u00e9 Limit\u00e9e (EURL)<\/li>\n<li style=\"text-align: justify;\">Les associ\u00e9s d\u2019une Soci\u00e9t\u00e9 en Nom Collectif (SNC)<\/li>\n<li style=\"text-align: justify;\">Les entrepreneurs individuels<\/li>\n<li style=\"text-align: justify;\">Les micro-entrepreneurs<\/li>\n<\/ul>\n<p style=\"text-align: justify;\">Pour en b\u00e9n\u00e9ficier, vous devez vous adresser \u00e0 un Point d\u2019accueil AGEFICE afin d&rsquo;\u00eatre certain de d\u00e9pendre de la structure. <b>Il faut ensuite faire une demande de financement en fournissant les diff\u00e9rentes pi\u00e8ces justificatives (une demande de financement, un extrait KBIS et une attestation d\u2019affiliation \u00e0 l\u2019Urssaf pour les dirigeants d\u2019entreprises cr\u00e9\u00e9es dans l\u2019ann\u00e9e, etc.). <\/b>C&rsquo;est le point d&rsquo;accueil qui saisit le dossier et le transmet \u00e0 l&rsquo;organisme. <b>L\u2019organisme de formation doit transmettre un programme de formation choisi et une convention de formation. L\u2019AGEFICE donne ensuite son accord ou non pour une prise en charge de la formation.<\/b><\/p>\n<h1 style=\"text-align: justify;\">Les Op\u00e9rateurs de Comp\u00e9tences (OPCO)<\/h1>\n<p style=\"text-align: justify;\"><b>Depuis le 1er avril 2019, les 11 op\u00e9rateurs de comp\u00e9tences (OPCO) ont pour mission de financer l\u2019apprentissage, d\u2019aider les branches \u00e0 construire les certifications professionnelles et d\u2019accompagner les tr\u00e8s petites, petites et moyennes entreprises dans la d\u00e9finition de leurs besoins en formation.<\/b><\/p>\n<p style=\"text-align: justify;\"><b>La Validation des Acquis de l&rsquo;Exp\u00e9rience (VAE)<\/b><\/p>\n<p style=\"text-align: justify;\"><b>La VAE permet d&rsquo;obtenir totalement ou en partiellement, un dipl\u00f4me, un titre ou un certificat de qualification professionnelle inscrit au R\u00e9pertoire national des certifications professionnelles (RNCP) gr\u00e2ce \u00e0 l&rsquo;exp\u00e9rience professionnelle.<\/b><\/p>\n<p style=\"text-align: justify;\"><b>Le dispositif est accessible \u00e0 tous les salari\u00e9s sans conditions quel que soit le niveau de formation.<\/b> Ils doivent justifier d&rsquo;au moins 1 an d&rsquo;exp\u00e9rience \u00e0 temps complet soit 1 607 heures (continu ou non). <b>Les exp\u00e9riences\u00a0prises en compte sont :<\/b><\/p>\n<ul>\n<li style=\"text-align: justify;\">L&rsquo;activit\u00e9 professionnelle salari\u00e9e ou non<\/li>\n<li style=\"text-align: justify;\">Le b\u00e9n\u00e9volat ou volontariat<\/li>\n<li style=\"text-align: justify;\">L&rsquo;inscription sur la liste des sportifs de haut niveau<\/li>\n<li style=\"text-align: justify;\">Les responsabilit\u00e9s syndicales<\/li>\n<li style=\"text-align: justify;\">Le mandat \u00e9lectoral local ou une fonction \u00e9lective locale<\/li>\n<li style=\"text-align: justify;\">La participation \u00e0 des activit\u00e9s d&rsquo;\u00e9conomie solidaire<\/li>\n<\/ul>\n<p style=\"text-align: justify;\">L&rsquo;exp\u00e9rience, parmi celles mentionn\u00e9es ci-dessus, doit \u00eatre en rapport avec la certification vis\u00e9e.<\/p>\n<p style=\"text-align: justify;\"><b>Afin d&rsquo;y pr\u00e9tendre, vous devez compl\u00e9ter un dossier dans lequel vous indiquez les activit\u00e9s principales que vous exercez ou avez exerc\u00e9, le contexte d\u2019exercice et les ressources mobilis\u00e9es.<\/b> Le dossier est ensuite \u00e9valu\u00e9 et suivi d\u2019un entretien avec un jury. C&rsquo;est ce dernier qui d\u00e9cide de valider tout ou une partie du dipl\u00f4me vis\u00e9.<\/p>\n<h1 style=\"text-align: justify;\">La Caisse des d\u00e9p\u00f4ts et consignations (CDC)<\/h1>\n<p style=\"text-align: justify;\">Il s&rsquo;agit d&rsquo;un organisme financier public qui exerce des activit\u00e9s d&rsquo;int\u00e9r\u00eat g\u00e9n\u00e9ral comme la gestion d&rsquo;une partie de l&rsquo;\u00e9pargne (Livrets A, LDDS) et le financement de projets publics et priv\u00e9s pour le compte de l&rsquo;\u00c9tat, etc.\u00a0<b>C&rsquo;est elle qui gestionnaire du dispositif Mon Compte de Formation Personnel (CPF).<\/b><\/p>\n<p style=\"text-align: justify;\"><b>Le Compte de Formation Personnel (CPF).<\/b><\/p>\n<p style=\"text-align: justify;\"><b>Le CPF permet \u00e0 tous les actifs d\u2019acqu\u00e9rir des droits \u00e0 la formation mobilisables tout au long de sa vie professionnelle.<\/b> Vous cumulez des heures en euros d\u00e8s l&rsquo;entr\u00e9e dans la vie active et jusqu\u2019\u00e0 ce que vous fassiez valoir l\u2019ensemble de vos droits \u00e0 la retraite.<\/p>\n<p style=\"text-align: justify;\">Le dispositif de financement s\u2019adresse \u00e0\u00a0toutes les personnes de 16 ans et plus et aux jeunes de moins de 15 ans qui ont\u00a0sign\u00e9 un contrat d\u2019apprentissage.<\/p>\n<p style=\"text-align: justify;\"><b>Vous pouvez mobiliser vos droits CPF directement et uniquement sur le site ou l&rsquo;application Mon Compte Formation. <\/b>Attention, toutefois, une\u00a0<strong>participation financi\u00e8re de 150\u20ac<\/strong> vous est demand\u00e9e depuis le 2 avril 2026 si vous souhaitez mobiliser votre CPF (sauf pour certains publics comme les demandeurs d\u2019emploi).<\/p>\n<h1 style=\"text-align: justify;\">Les Commissions Paritaires Interprofessionnelles R\u00e9gionales Associations Transitions Pro (CPIR)<\/h1>\n<p style=\"text-align: justify;\">Ancien cong\u00e9 individuel de formation (CIF), depuis le 1<sup>er<\/sup> janvier 2019, il permet une continuit\u00e9 de financement des formations de reconversion professionnelle avec cong\u00e9 associ\u00e9. <b>Il s&rsquo;agit un d\u00e9riv\u00e9 du CPF, permettant aux salari\u00e9s qui souhaitent changer de m\u00e9tier de financer des formations certifiantes. Ainsi, vous pouvez b\u00e9n\u00e9ficier d\u2019un cong\u00e9 et du maintien de la r\u00e9mun\u00e9ration pendant la dur\u00e9e de l\u2019action de formation.<\/b><\/p>\n<p style=\"text-align: justify;\"><b>Il est accessible aux salari\u00e9s justifiant d\u2019une anciennet\u00e9 d\u2019au moins 24 mois, cons\u00e9cutifs ou non, dont 12 mois dans l\u2019entreprise.<\/b><\/p>\n<p style=\"text-align: justify;\">Lorsque la formation souhait\u00e9e comporte un arr\u00eat de travail continue de plus de 6 mois, vous devez adresser une demande \u00e9crite \u00e0 l\u2019employeur au plus tard 120 jours avant le d\u00e9but de l\u2019action de formation. Dans le cas contraire, vous devez transmettre la demande au plus tard 60 jours avant le d\u00e9but de la formation.<\/p>\n<h1 style=\"text-align: justify;\">Les Conseils R\u00e9gionaux et G\u00e9n\u00e9raux<\/h1>\n<p style=\"text-align: justify;\">Le Conseil r\u00e9gional\u00a0est l\u2019assembl\u00e9e d&rsquo;\u00e9lus qui s&rsquo;occupe des affaires dont la r\u00e9gion a la charge. Le conseil g\u00e9n\u00e9ral d\u00e9signe l&rsquo;assembl\u00e9e d\u00e9lib\u00e9rante du d\u00e9partement, en tant que collectivit\u00e9 territoriale. <b>Il s&rsquo;agit d&rsquo;acteurs centraux dans la formation professionnelle. Les structures ont pour but de permettre aux citoyens de s\u2019ins\u00e9rer rapidement et durablement dans le monde du travail.<\/b><\/p>\n<p style=\"text-align: justify;\">Le financement des organismes intervient \u00e0 plusieurs niveaux. <b>Le conseil r\u00e9gional et g\u00e9n\u00e9ral alloue dans la majorit\u00e9 des cas un abonnement afin de financer une partie de votre formation en compl\u00e9ment d\u2019un autre dispositif comme le CPF ou l&rsquo;AIF.<\/b> Les structures prennent aussi en charge les frais annexes de transport et d&rsquo;h\u00e9bergement. Dans ce cadre, il s\u2019agit d\u2019indemnit\u00e9s forfaitaires \u00e0 la mobilit\u00e9. <b>Enfin, elles sont aussi charg\u00e9es de la r\u00e9mun\u00e9ration de formation.<\/b><\/p>\n<p style=\"text-align: justify;\">Pour percevoir la subvention, la proc\u00e9dure peut \u00eatre diff\u00e9rente d\u2019une r\u00e9gion ou d\u00e9partement \u00e0 un autre. <b>Dans tous les cas, vous devez constituer un dossier pr\u00e9cisant votre situation. <\/b>Il est possible d\u2019\u00eatre accompagn\u00e9 par\u00a0un conseiller P\u00f4le Emploi ou un consultant professionnel. <b>Lorsque le dossier est finalis\u00e9, vous devez l\u2019envoyer au service concern\u00e9.<\/b><\/p>\n<h1 style=\"text-align: justify;\">Les entreprises<\/h1>\n<p style=\"text-align: justify;\"><b>Toute entreprise participe\u00a0au financement de la formation professionnelle continue de leurs salari\u00e9s en versant une contribution annuelle \u00e0 un organisme collecteur, l&rsquo;URSSAF depuis 2021.<\/b> Gr\u00e2ce \u00e0 cette somme, tous les salari\u00e9s peuvent b\u00e9n\u00e9ficier d\u2019un financement de leur formation.<\/p>\n<p style=\"text-align: justify;\"><b>Le Contrat de s\u00e9curisation professionnelle (CSP)<\/b><\/p>\n<p style=\"text-align: justify;\"><b>Toute entreprise de plus de 1000 salari\u00e9s qui effectue un licenciement \u00e9conomique, doit proposer un cong\u00e9 de reclassement aux salari\u00e9s concern\u00e9s.<\/b> Ce dispositif permet de disposer d\u2019actions de formation et d\u2019accompagnement dans la recherche d\u2019un nouveau poste.<\/p>\n<p style=\"text-align: justify;\">Le cong\u00e9 de reclassement concerne, sans condition, tous les salari\u00e9s dont le licenciement \u00e9conomique est envisag\u00e9, dans une entreprise de plus de 1000 salari\u00e9s.<\/p>\n<p style=\"text-align: justify;\"><b>Il\u00a0est obligatoirement propos\u00e9 par l\u2019employeur au salari\u00e9 qui est libre d\u2019accepter ou de le refuser.\u00a0<\/b>Le d\u00e9lai de r\u00e9flexion est de 8 jours \u00e0 partir de la notification du licenciement, incluant la proposition de reclassement. <b>Si le salari\u00e9 accepte la proposition de cong\u00e9 de reclassement, un entretien d\u2019\u00e9valuation et d\u2019orientation est organis\u00e9 par un service d\u2019accompagnement.<\/b><\/p>\n<div class='cta-block'><div class='text'>Simulez toutes vos aides en 2 min.<\/div><a href='https:\/\/www.mes-allocs.fr\/ab-app?origin=guides\/wp-json\/wp\/v2\/posts\/51505' class='app-button fit'>Simulation gratuite<\/a><\/div>\n","protected":false},"excerpt":{"rendered":"<p>[Mis \u00e0 jour le 03\/04\/2026] En fonction du statut professionnel, il existe diff\u00e9rents organismes qui attribuent des financements pour une formation professionnelle. Alors, organisme financement formation : vers qui s&rsquo;orienter ? P\u00f4le Emploi En compl\u00e9ment des contrats de formation en alternance et des dispositifs de formation relevant d&rsquo;autres financeurs, l&rsquo;organisme peut prendre en charge les [&hellip;]<\/p>\n","protected":false},"author":14,"featured_media":56250,"comment_status":"closed","ping_status":"open","sticky":false,"template":"","format":"standard","meta":{"amp_status":"","footnotes":""},"categories":[2045,5605],"tags":[],"class_list":["post-51505","post","type-post","status-publish","format-standard","has-post-thumbnail","hentry","category-aide-formation","category-financement-formation"],"yoast_head":"<!-- This site is optimized with the Yoast SEO plugin v14.9 - https:\/\/yoast.com\/wordpress\/plugins\/seo\/ -->\n<title>Quel organisme de financement pour une formation ? | Mes-Allocs.fr<\/title>\n<meta name=\"description\" content=\"En fonction de son statut professionnel, il existe diff\u00e9rents organismes qui permettent le financement d&#039;une formation professionnelle.\" \/>\n<meta name=\"robots\" content=\"index, follow, max-snippet:-1, max-image-preview:large, max-video-preview:-1\" \/>\n<link rel=\"canonical\" href=\"https:\/\/www.mes-allocs.fr\/guides\/aide-formation\/financement-formation\/organisme-financement-formation\/\" \/>\n<meta property=\"og:locale\" content=\"fr_FR\" \/>\n<meta property=\"og:type\" content=\"article\" \/>\n<meta property=\"og:title\" content=\"Quel organisme de financement pour une formation ? | Mes-Allocs.fr\" \/>\n<meta property=\"og:description\" content=\"En fonction de son statut professionnel, il existe diff\u00e9rents organismes qui permettent le financement d&#039;une formation professionnelle.\" \/>\n<meta property=\"og:url\" content=\"https:\/\/www.mes-allocs.fr\/guides\/aide-formation\/financement-formation\/organisme-financement-formation\/\" \/>\n<meta property=\"og:site_name\" content=\"Mes-Allocs.fr\" \/>\n<meta property=\"article:published_time\" content=\"2022-10-26T15:53:46+00:00\" \/>\n<meta property=\"article:modified_time\" content=\"2026-04-03T12:31:07+00:00\" \/>\n<meta property=\"og:image\" content=\"https:\/\/www.mes-allocs.fr\/guides\/wp-content\/uploads\/2022\/09\/organisme-de-financement-pour-une-formation-3.jpeg?wsr\" \/>\n\t<meta property=\"og:image:width\" content=\"612\" \/>\n\t<meta property=\"og:image:height\" content=\"404\" \/>\n<meta name=\"twitter:card\" content=\"summary_large_image\" \/>\n<script type=\"application\/ld+json\" class=\"yoast-schema-graph\">{\"@context\":\"https:\/\/schema.org\",\"@graph\":[{\"@type\":\"WebSite\",\"@id\":\"https:\/\/www.mes-allocs.fr\/guides\/#website\",\"url\":\"https:\/\/www.mes-allocs.fr\/guides\/\",\"name\":\"Mes-Allocs.fr\",\"description\":\"\",\"potentialAction\":[{\"@type\":\"SearchAction\",\"target\":\"https:\/\/www.mes-allocs.fr\/guides\/?s={search_term_string}\",\"query-input\":\"required name=search_term_string\"}],\"inLanguage\":\"fr-FR\"},{\"@type\":\"ImageObject\",\"@id\":\"https:\/\/www.mes-allocs.fr\/guides\/aide-formation\/financement-formation\/organisme-financement-formation\/#primaryimage\",\"inLanguage\":\"fr-FR\",\"url\":\"https:\/\/www.mes-allocs.fr\/guides\/wp-content\/uploads\/2022\/09\/organisme-de-financement-pour-une-formation-3.jpeg?wsr\",\"width\":612,\"height\":404,\"caption\":\"organisme de financement pour une formation\"},{\"@type\":\"WebPage\",\"@id\":\"https:\/\/www.mes-allocs.fr\/guides\/aide-formation\/financement-formation\/organisme-financement-formation\/#webpage\",\"url\":\"https:\/\/www.mes-allocs.fr\/guides\/aide-formation\/financement-formation\/organisme-financement-formation\/\",\"name\":\"Quel organisme de financement pour une formation ? | Mes-Allocs.fr\",\"isPartOf\":{\"@id\":\"https:\/\/www.mes-allocs.fr\/guides\/#website\"},\"primaryImageOfPage\":{\"@id\":\"https:\/\/www.mes-allocs.fr\/guides\/aide-formation\/financement-formation\/organisme-financement-formation\/#primaryimage\"},\"datePublished\":\"2022-10-26T15:53:46+00:00\",\"dateModified\":\"2026-04-03T12:31:07+00:00\",\"author\":{\"@id\":\"https:\/\/www.mes-allocs.fr\/guides\/#\/schema\/person\/a3de97298fd0ffc005ebdd5628b03ca8\"},\"description\":\"En fonction de son statut professionnel, il existe diff\\u00e9rents organismes qui permettent le financement d'une formation professionnelle.\",\"inLanguage\":\"fr-FR\"},{\"@type\":\"Person\",\"@id\":\"https:\/\/www.mes-allocs.fr\/guides\/#\/schema\/person\/a3de97298fd0ffc005ebdd5628b03ca8\",\"name\":\"Marina Ada Ondo\",\"image\":{\"@type\":\"ImageObject\",\"@id\":\"https:\/\/www.mes-allocs.fr\/guides\/#personlogo\",\"inLanguage\":\"fr-FR\",\"url\":\"https:\/\/www.mes-allocs.fr\/guides\/wp-content\/uploads\/2022\/02\/Photo-de-profil-150x150.png\",\"caption\":\"Marina Ada Ondo\"},\"description\":\"Marina est r\\u00e9dactrice au sein de l'\\u00e9quipe Mes Allocs, sp\\u00e9cialis\\u00e9e sur les aides aux jeunes. Dipl\\u00f4m\\u00e9e de l'ISFJ, elle rejoint Mes Allocs apr\\u00e8s une premi\\u00e8re exp\\u00e9rience en communication chez Little Africa, une agence de communication \\u00e0 Paris. Sur son temps libre, Marina lit beaucoup et passe ses dimanches au mus\\u00e9e.\",\"sameAs\":[\"https:\/\/www.linkedin.com\/in\/marinaadaondo\/\"]}]}<\/script>\n<!-- \/ Yoast SEO plugin. -->","amp_validity":null,"acf":{"faq":{"1":{"question":"Comment obtenir une aide financi\u00e8re pour une formation ?","answer":"En fonction de votre statut, vous pouvez obtenir une aide financi\u00e8re de diff\u00e9rents organismes tels que P\u00f4le Emploi, l'AGEFIPH, les OPCO, les conseils r\u00e9gionaux, etc. "},"2":{"question":"Comment se faire payer une formation par la R\u00e9gion ?","answer":"La r\u00e9gion finance une formation sous forme de compl\u00e9ment \u00e0 un autre dispositif de financement. Elle finance aussi les formations sous forme de r\u00e9mun\u00e9ration ou de ch\u00e8que formation. Vous devez constituer un dossier pr\u00e9cisant votre situation et l'envoyer au service ad\u00e9quat. "},"3":{"question":"Comment se faire payer une formation dans la fonction publique ?","answer":"Les agents de la fonction publique peuvent b\u00e9n\u00e9ficier du Compte Personnel d'Activit\u00e9, le CPF d\u00e9di\u00e9 aux agents publics ou encore le cong\u00e9 de formation professionnelle (CFP). "},"4":{"question":"Est-ce que Qualiopi remplace Datadock ?","answer":"Ce label qualit\u00e9 remplace Datadock et devient la condition imp\u00e9rative \u00e0 remplir pour les centres de formation qui souhaitent acc\u00e9der \u00e0 des fonds publics de formation."},"5":{"question":"Est-ce qu'un employeur peut refuser un droit \u00e0 la formation ?","answer":"L'employeur est libre d'accepter ou non la demande de formation pr\u00e9vue par le plan de formation, mais en pratique celle-ci est rarement refus\u00e9e."},"6":{"question":"Comment rendre une formation \u00e9ligible au CPF ?","answer":"Pour qu'une formation soit \u00e9ligible au CPF, il est n\u00e9cessaire que celle-ci figure au R\u00e9pertoire National des Certifications Professionnelles (RNCP) ou au r\u00e9pertoire sp\u00e9cifique. Pour ce faire, la proc\u00e9dure a \u00e9t\u00e9 simplifi\u00e9e : les demandes se font exclusivement par t\u00e9l\u00e9proc\u00e9dure sur le site de France Comp\u00e9tences."},"7":{"question":"","answer":""},"8":{"question":"","answer":""},"9":{"question":"","answer":""},"10":{"question":"","answer":""},"11":{"question":"","answer":""},"12":{"question":"","answer":""},"13":{"question":"","answer":""},"14":{"question":"","answer":""},"15":{"question":"","answer":""},"16":{"question":"","answer":""}}},"_links":{"self":[{"href":"https:\/\/www.mes-allocs.fr\/guides\/wp-json\/wp\/v2\/posts\/51505","targetHints":{"allow":["GET"]}}],"collection":[{"href":"https:\/\/www.mes-allocs.fr\/guides\/wp-json\/wp\/v2\/posts"}],"about":[{"href":"https:\/\/www.mes-allocs.fr\/guides\/wp-json\/wp\/v2\/types\/post"}],"author":[{"embeddable":true,"href":"https:\/\/www.mes-allocs.fr\/guides\/wp-json\/wp\/v2\/users\/14"}],"replies":[{"embeddable":true,"href":"https:\/\/www.mes-allocs.fr\/guides\/wp-json\/wp\/v2\/comments?post=51505"}],"version-history":[{"count":13,"href":"https:\/\/www.mes-allocs.fr\/guides\/wp-json\/wp\/v2\/posts\/51505\/revisions"}],"predecessor-version":[{"id":111497,"href":"https:\/\/www.mes-allocs.fr\/guides\/wp-json\/wp\/v2\/posts\/51505\/revisions\/111497"}],"wp:featuredmedia":[{"embeddable":true,"href":"https:\/\/www.mes-allocs.fr\/guides\/wp-json\/wp\/v2\/media\/56250"}],"wp:attachment":[{"href":"https:\/\/www.mes-allocs.fr\/guides\/wp-json\/wp\/v2\/media?parent=51505"}],"wp:term":[{"taxonomy":"category","embeddable":true,"href":"https:\/\/www.mes-allocs.fr\/guides\/wp-json\/wp\/v2\/categories?post=51505"},{"taxonomy":"post_tag","embeddable":true,"href":"https:\/\/www.mes-allocs.fr\/guides\/wp-json\/wp\/v2\/tags?post=51505"}],"curies":[{"name":"wp","href":"https:\/\/api.w.org\/{rel}","templated":true}]}}