{"id":51404,"date":"2022-10-26T18:17:42","date_gmt":"2022-10-26T16:17:42","guid":{"rendered":"https:\/\/www.mes-allocs.fr\/guides\/?p=51404"},"modified":"2025-07-16T11:06:49","modified_gmt":"2025-07-16T09:06:49","slug":"aide-stagiaire-de-la-formation-professionnelle","status":"publish","type":"post","link":"https:\/\/www.mes-allocs.fr\/guides\/aide-formation\/formation-pour-adulte\/aide-stagiaire-de-la-formation-professionnelle\/","title":{"rendered":"Quelle aide pour stagiaire de la formation professionnelle ?"},"content":{"rendered":"<p style=\"text-align: justify;\"><b><img loading=\"lazy\" decoding=\"async\" class=\"alignnone wp-image-57361 size-full\" title=\"Quelle aide pour stagiaire de la formation professionnelle\" src=\"https:\/\/www.mes-allocs.fr\/guides\/wp-content\/uploads\/2022\/09\/Quelle-aide-pour-stagiaire-de-la-formation-professionnelle--e1666364023397.jpeg\" alt=\"Quelle aide pour stagiaire de la formation professionnelle\" width=\"1560\" height=\"226\" srcset=\"https:\/\/www.mes-allocs.fr\/guides\/wp-content\/uploads\/2022\/09\/Quelle-aide-pour-stagiaire-de-la-formation-professionnelle--e1666364023397.jpeg 1560w, https:\/\/www.mes-allocs.fr\/guides\/wp-content\/uploads\/2022\/09\/Quelle-aide-pour-stagiaire-de-la-formation-professionnelle--e1666364023397-300x43.jpeg 300w, https:\/\/www.mes-allocs.fr\/guides\/wp-content\/uploads\/2022\/09\/Quelle-aide-pour-stagiaire-de-la-formation-professionnelle--e1666364023397-1024x148.jpeg 1024w, https:\/\/www.mes-allocs.fr\/guides\/wp-content\/uploads\/2022\/09\/Quelle-aide-pour-stagiaire-de-la-formation-professionnelle--e1666364023397-768x111.jpeg 768w, https:\/\/www.mes-allocs.fr\/guides\/wp-content\/uploads\/2022\/09\/Quelle-aide-pour-stagiaire-de-la-formation-professionnelle--e1666364023397-1536x223.jpeg 1536w, https:\/\/www.mes-allocs.fr\/guides\/wp-content\/uploads\/2022\/09\/Quelle-aide-pour-stagiaire-de-la-formation-professionnelle--e1666364023397-600x87.jpeg 600w\" sizes=\"auto, (max-width: 1560px) 100vw, 1560px\" \/>En tant que stagiaire de la formation professionnelle, il est possible de percevoir des <a href=\"https:\/\/www.mes-allocs.fr\/guides\/reconversion-professionnelle\/formation-professionnelle\/\">aides \u00e0 la formation<\/a> afin d&rsquo;acqu\u00e9rir des nouvelles comp\u00e9tences, faciliter un retour \u00e0 l&#8217;emploi ou changer de m\u00e9tier. Alors, aide stagiaire de la formation professionnelle : comment en b\u00e9n\u00e9ficier ?<\/b><\/p>\n<div class='cta-block'><div class='text'>Simulez toutes vos aides en 2 min.<\/div><a href='https:\/\/www.mes-allocs.fr\/ab-app?origin=guides\/wp-json\/wp\/v2\/posts\/51404' class='app-button fit'>Simulation gratuite<\/a><\/div>\n<h1 style=\"text-align: justify;\">C&rsquo;est quoi un stagiaire de la formation professionnelle ?<\/h1>\n<p style=\"text-align: justify;\"><b>Un <a href=\"https:\/\/www.mes-allocs.fr\/guides\/aide-formation\/quel-financement-de-formation-pour-demandeur-demploi\/\">demandeur d&#8217;emploi<\/a> devient un stagiaire de la formation professionnelle lorsqu&rsquo;il suit une action de formation.<\/b> Il rel\u00e8ve de la cat\u00e9gorie 4 des demandeurs d&#8217;emploi, celle qui d\u00e9signe les personnes \u00e0 la recherche d&rsquo;un emploi, mais qui ne sont pas imm\u00e9diatement disponibles et qui ne sont pas tenues d&rsquo;accomplir des actes positifs de recherche d&#8217;emploi. Ainsi, ce changement doit \u00eatre signal\u00e9 \u00e0 <a href=\"https:\/\/www.mes-allocs.fr\/guides\/aide-formation\/pole-emploi-vae\/\">P\u00f4le emploi<\/a> dans les 72 heures.<\/p>\n<h2 style=\"text-align: justify;\">Quelle r\u00e9mun\u00e9ration pour un stagiaire de la formation professionnelle ?<\/h2>\n<dl>\n<dt class=\"Ft_RubTitre\" style=\"text-align: justify;\">Pour \u00eatre\u00a0r\u00e9mun\u00e9r\u00e9 pendant\u00a0sa formation, le stagiaire doit suivre\u00a0un stage agr\u00e9\u00e9 \u00e0 ce titre. En outre, cette gratification d\u00e9pend de la dur\u00e9e de droits d&rsquo;Allocation de Retour \u00e0 l\u2019Emploi (ARE) ou de l&rsquo;<a href=\"https:\/\/www.mes-allocs.fr\/guides\/chomage\/duree-d-indemnisation-du-chomage-en-france\/\">indemnisation<\/a> d\u2019un employeur public.<\/p>\n<h3>Pour les stagiaires indemnis\u00e9s en Allocation de Retour (ARE)<\/h3>\n<\/dt>\n<\/dl>\n<h4 style=\"text-align: justify;\">Les droits ARE sont vers\u00e9s pendant la totalit\u00e9 de la formation<\/h4>\n<p style=\"text-align: justify;\"><b>L\u2019Allocation de Retour \u00e0 l\u2019Emploi Formation (AREF) peut \u00eatre\u00a0<span class=\"___SText_16lys_swa-addon_\" data-ui-name=\"Tag.Text\">vers\u00e9e\u00a0<\/span>au\u00a0stagiaire lorsque la formation\u00a0a \u00e9t\u00e9\u00a0prescrite par P\u00f4le emploi dans le cadre du Projet Personnalis\u00e9 d\u2019Acc\u00e8s \u00e0 l\u2019Emploi (PPAE).<\/b> Son montant \u00e9quivaut au montant brut de l&rsquo;ARE du demandeur d&#8217;emploi. <b>Il ne peut pas \u00eatre inf\u00e9rieur 22,99 euros net par jour en 2025.<\/b><\/p>\n<p style=\"text-align: justify;\"><b>Durant la formation, vous maintenez votre protection sociale, en plus de l&rsquo;ajout de la couverture accident du travail.<\/b> Si la formation est inf\u00e9rieure \u00e0 40 heures, vous ne changez pas de cat\u00e9gorie d\u2019inscription et continuez de percevoir l\u2019ARE.<\/p>\n<h4 style=\"text-align: justify;\">Les droits ARE ne couvrent pas en totalit\u00e9 de la formation<\/h4>\n<p style=\"text-align: justify;\"><b>La R\u00e9mun\u00e9ration de Fin de Formation (RFF) prend le relais de l\u2019AREF, de l\u2019ASP-Formation ou de l\u2019ATI- Formation\u00a0si la formation permet d\u2019acqu\u00e9rir une qualification reconnue pour acc\u00e9der \u00e0 un\u00a0m\u00e9tier en tension.<\/b> Pour ce faire, il doit s&rsquo;agir d&rsquo;une formation\u00a0financ\u00e9e par P\u00f4le emploi, un Conseil R\u00e9gional, un OPCO, l\u2019AGEFIPH, une autre collectivit\u00e9 territoriale ou un employeur pour les b\u00e9n\u00e9ficiaires du CSP.<\/p>\n<p style=\"text-align: justify;\"><b>Le montant doit \u00eatre \u00e9gal au montant de l&rsquo;AREF per\u00e7u \u00e0 la date d&rsquo;expiration des droits ARE, plafonn\u00e9 \u00e0 686,4 euros par mois.<\/b> \u00c0 savoir que la\u00a0r\u00e9mun\u00e9ration vers\u00e9e est cumulable avec les r\u00e9mun\u00e9rations issues d&rsquo;une activit\u00e9 professionnelle. <b>La dur\u00e9e cumul\u00e9e de versement de l&rsquo;AREF et de la RFF est limit\u00e9e \u00e0 3 ans.<\/b><\/p>\n<p style=\"text-align: justify;\">\u00c0 d\u00e9faut de\u00a0droit \u00e0 la\u00a0RFF, le stagiaire peut percevoir l\u2019Allocation de Solidarit\u00e9 Sp\u00e9cifique (ASS)\u00a0ou le RSA (Revenu de solidarit\u00e9 active).<\/p>\n<dl>\n<dt class=\"Ft_RubTitre\" style=\"text-align: justify;\">\n<h3>Pour les stagiaires non-indemnis\u00e9s en Allocation de Retour (ARE)<\/h3>\n<\/dt>\n<\/dl>\n<p style=\"text-align: justify;\"><b>Un stagiaire de la formation professionnelle qui n&rsquo;est pas indemnis\u00e9 en ARE le jour de l&rsquo;entr\u00e9e en formation d\u00e9pend du :<\/b><\/p>\n<ul>\n<li style=\"text-align: justify;\">R\u00e9gime de R\u00e9mun\u00e9ration des stagiaires de P\u00f4le Emploi (RFPE) si la formation est financ\u00e9e par P\u00f4le emploi ou s&rsquo;il s&rsquo;agit d&rsquo;une Pr\u00e9paration Op\u00e9rationnelle \u00e0 l\u2019Emploi (POE)<\/li>\n<li style=\"text-align: justify;\">R\u00e9gime Public de r\u00e9mun\u00e9ration des Stagiaires (RPS)\u00a0lorsque le stagiaire suit\u00a0un parcours de formation d&rsquo;au moins 150 heures agr\u00e9\u00e9 par la R\u00e9gion et ouvrant droit \u00e0 r\u00e9mun\u00e9ration.<\/li>\n<\/ul>\n<p style=\"text-align: justify;\">Les montants de r\u00e9mun\u00e9ration dans le cadre de la RFPE ou du RPS sont identiques, sous r\u00e9serve de dispositions particuli\u00e8res. <b><\/b><\/p>\n<p style=\"text-align: justify;\">Pour les stagiaires reconnus travailleurs handicap\u00e9s (RQTH), le montant de la r\u00e9mun\u00e9ration est \u00e9gal \u00e0 100 % du salaire ant\u00e9rieur, avec un plafond minimal de 756.63 euros par mois et au maximum de 2134.61 euros par mois.<\/p>\n<h3 style=\"text-align: justify;\">Prise en charge des frais annexes<\/h3>\n<p style=\"text-align: justify;\"><b>Pour les stagiaires qui suivent une formation financ\u00e9e par P\u00f4le emploi ou la R\u00e9gion, ils peuvent solliciter l&rsquo;aide \u00e0 la mobilit\u00e9.<\/b> Cette derni\u00e8re permet la prise en charge des frais de transport, de restauration et d&rsquo;h\u00e9bergement \u00e0 hauteur de 5 200 euros par an \u00e0 compter de la 1\u00e8re attribution.<\/p>\n<ul>\n<li>Frais de d\u00e9placements : Indemnit\u00e9 kilom\u00e9trique de 0,23 euro par kilom\u00e8tre, bons de transport ou de r\u00e9servation (selon convention nationale P\u00f4le emploi\/SNCF)<\/li>\n<li>Frais de restauration : 6,25 euros par jour<\/li>\n<li>Frais d&rsquo;h\u00e9bergement : 31,20 euros par nuit\u00e9e dans la limite des frais engag\u00e9s.<\/li>\n<\/ul>\n<p><iframe loading=\"lazy\" title=\"Les aides \u00e0 la formation\" width=\"500\" height=\"281\" src=\"https:\/\/www.youtube.com\/embed\/gs3ZRHqtzmY?feature=oembed\" frameborder=\"0\" allow=\"accelerometer; autoplay; clipboard-write; encrypted-media; gyroscope; picture-in-picture; web-share\" referrerpolicy=\"strict-origin-when-cross-origin\" allowfullscreen><\/iframe><\/p>\n<h1 style=\"text-align: justify;\">Quelle aide pour un stagiaire de la formation professionnelle ?<\/h1>\n<h2 style=\"text-align: justify;\">Le Compte Personnel de Formation (CPF)<\/h2>\n<p style=\"text-align: justify;\"><b>Il s&rsquo;agit d&rsquo;un compte personnel o\u00f9 vous cumulez chaque ann\u00e9e des heures de formation en euros tout au long de votre carri\u00e8re professionnelle. <\/b>Ces derni\u00e8res sont mobilisables \u00e0 tout moment afin de vous former. Les formations \u00e9ligibles au CPF sont souvent des formations qualifiantes ou certifiantes. Toutefois, il permet aussi de r\u00e9aliser un bilan de comp\u00e9tences, une Validation des Acquis de l&rsquo;Exp\u00e9rience (VAE), ou passer le permis de conduire.<\/p>\n<h2 style=\"text-align: justify;\">La Pr\u00e9paration Op\u00e9rationnelle \u00e0 l\u2019Emploi Individuelle (POEI)<\/h2>\n<p style=\"text-align: justify;\"><b>Elle permet de suivre une formation pour r\u00e9pondre aux besoins pr\u00e9cis d\u2019une offre d\u2019emploi d\u00e9pos\u00e9e par une entreprise sur la plateforme de P\u00f4le Emploi.<\/b> Ainsi, la POEI est une mise \u00e0 niveau op\u00e9rationnelle sur des comp\u00e9tences pr\u00e9cises.<\/p>\n<h2 style=\"text-align: justify;\">La Pr\u00e9paration Op\u00e9rationnelle \u00e0 l\u2019Emploi Collective (POEC)<\/h2>\n<p style=\"text-align: justify;\"><b>Au m\u00eame titre que la POEI, elle permet de former plusieurs personnes inscrites \u00e0 P\u00f4le emploi pour r\u00e9pondre \u00e0 des besoins de recrutement sur des postes pr\u00e9cis.<\/b> Elle est \u00e0 l&rsquo;initiative des Op\u00e9rateurs de Comp\u00e9tences (OPCO), des branches professionnelles et des entreprises. Le dispositif a pour but d&rsquo;effectuer un maximum de recrutement \u00e0 la fin de la pr\u00e9paration.<\/p>\n<h2 class=\"titre-bloc-bold\" style=\"text-align: justify;\">L\u2019aide individuelle \u00e0 la formation (AIF)<\/h2>\n<p style=\"text-align: justify;\"><b>La prestation concerne les formations qui ne sont pas couvertes par les autres dispositifs de financement de formation.<\/b> Ainsi, il s&rsquo;agit d&rsquo;un compl\u00e9ment total ou partiel des aides propos\u00e9es par les collectivit\u00e9s territoriales et les OPCO.<\/p>\n<h2 class=\"titre-bloc-bold\" style=\"text-align: justify;\">Les actions de formation conventionn\u00e9es (AFC)<\/h2>\n<p style=\"text-align: justify;\"><b>Ce dispositif sert \u00e0 compl\u00e9ter des comp\u00e9tences pour mieux r\u00e9pondre aux besoins et aux exigences du march\u00e9 du travail.<\/b> Les actions permettent ainsi d&rsquo;ajuster le profil d&rsquo;un demandeur d&#8217;emploi pour faciliter l&rsquo;acc\u00e8s \u00e0 un nouveau poste de travail. Elles peuvent \u00eatre mises en place individuellement ou collectivement et sont prises en charge par P\u00f4le Emploi.<\/p>\n<h2 style=\"text-align: justify;\">L&rsquo;action de formation pr\u00e9alable au recrutement (AFPR)<\/h2>\n<p>&nbsp;<\/p>\n<p style=\"text-align: justify;\"><b>C&rsquo;est un financement de formation servant \u00e0 acqu\u00e9rir des comp\u00e9tences essentielles \u00e0 un emploi propos\u00e9 par P\u00f4le Emploi.<\/b> La prestation permet de mettre \u00e0 niveau les comp\u00e9tences de la personne form\u00e9e pour faciliter son recrutement sur un poste pr\u00e9cis. En r\u00e9alit\u00e9, il s&rsquo;agit d&rsquo;une aide plut\u00f4t destin\u00e9e aux entreprises qui souhaitent la recruter. Toutefois, elles doivent s\u2019engager \u00e0 recruter la personne \u00e0 l\u2019issue de sa formation.<\/p>\n<h2 style=\"text-align: justify;\">Ch\u00e8que formation<\/h2>\n<p style=\"text-align: justify;\"><b>Le Ch\u00e8que Formation est une aide attribu\u00e9e par la R\u00e9gion \u00e0 toute personne souhaitant suivre une formation \u00e9ligible au Compte Personnel de Formation.<\/b> Elle prend la forme d\u2019abondements et compl\u00e8te le financement individuel via le CPF.<\/p>\n<h2 style=\"text-align: justify;\">La r\u00e9mun\u00e9ration des formations de P\u00f4le Emploi (RFPE)<\/h2>\n<p style=\"text-align: justify;\">Si vous n\u2019\u00eates pas b\u00e9n\u00e9ficiaire de l\u2019ARE mais que vous \u00eates inscrit\u00a0\u00e0 P\u00f4le emploi et souhaiter suivre une formation conventionn\u00e9e, vous pouvez faire une demande de r\u00e9mun\u00e9ration des formations de P\u00f4le emploi (RFPE). <b>Cette aide financi\u00e8re vous permet de suivre la formation tout en \u00e9tant r\u00e9mun\u00e9r\u00e9.<\/b> Cette aide est vers\u00e9e tous les mois et son montant d\u00e9pend de la dur\u00e9e de la formation choisie ainsi que de votre situation.<\/p>\n<h2 style=\"text-align: justify;\">La r\u00e9mun\u00e9ration de fin de formation (RFF)<\/h2>\n<p style=\"text-align: justify;\"><b>Si vous \u00eates inscrit\u00a0\u00e0 P\u00f4le emploi et que votre indemnisation arrive \u00e0 son terme avant la fin de votre formation, vous pouvez b\u00e9n\u00e9ficier de la r\u00e9mun\u00e9ration de fin de formation.<\/b> Ses conditions d\u2019attribution varient selon votre situation et la formation suivie. La RFF prend le relai de l\u2019ARE si celle-ci s\u2019arr\u00eate au cours de la formation et ce jusqu\u2019\u00e0 la fin de cette derni\u00e8re. Son montant est \u00e9gal \u00e0 celui de l\u2019ARE per\u00e7ue au moment o\u00f9 celle-ci s\u2019arr\u00eate.<\/p>\n<div class='cta-block'><div class='text'>Simulez toutes vos aides en 2 min.<\/div><a href='https:\/\/www.mes-allocs.fr\/ab-app?origin=guides\/wp-json\/wp\/v2\/posts\/51404' class='app-button fit'>Simulation gratuite<\/a><\/div>\n","protected":false},"excerpt":{"rendered":"<p>En tant que stagiaire de la formation professionnelle, il est possible de percevoir des aides \u00e0 la formation afin d&rsquo;acqu\u00e9rir des nouvelles comp\u00e9tences, faciliter un retour \u00e0 l&#8217;emploi ou changer de m\u00e9tier. Alors, aide stagiaire de la formation professionnelle : comment en b\u00e9n\u00e9ficier ? C&rsquo;est quoi un stagiaire de la formation professionnelle ? Un demandeur [&hellip;]<\/p>\n","protected":false},"author":14,"featured_media":57359,"comment_status":"closed","ping_status":"open","sticky":false,"template":"","format":"standard","meta":{"amp_status":"","footnotes":""},"categories":[2045,19732],"tags":[],"class_list":["post-51404","post","type-post","status-publish","format-standard","has-post-thumbnail","hentry","category-aide-formation","category-formation-pour-adulte"],"yoast_head":"<!-- This site is optimized with the Yoast SEO plugin v14.9 - https:\/\/yoast.com\/wordpress\/plugins\/seo\/ -->\n<title>Quelles aides pour les stagiaires de la formation professionnelle ?<\/title>\n<meta name=\"description\" content=\"En tant que stagiaire de la formation formation professionnelle, il est possible de percevoir des aides \u00e0 la formation.\" \/>\n<meta name=\"robots\" content=\"index, follow, max-snippet:-1, max-image-preview:large, max-video-preview:-1\" \/>\n<link rel=\"canonical\" href=\"https:\/\/www.mes-allocs.fr\/guides\/aide-formation\/formation-pour-adulte\/aide-stagiaire-de-la-formation-professionnelle\/\" \/>\n<meta property=\"og:locale\" content=\"fr_FR\" \/>\n<meta property=\"og:type\" content=\"article\" \/>\n<meta property=\"og:title\" content=\"Quelles aides pour les stagiaires de la formation professionnelle ?\" \/>\n<meta property=\"og:description\" content=\"En tant que stagiaire de la formation formation professionnelle, il est possible de percevoir des aides \u00e0 la formation.\" \/>\n<meta property=\"og:url\" content=\"https:\/\/www.mes-allocs.fr\/guides\/aide-formation\/formation-pour-adulte\/aide-stagiaire-de-la-formation-professionnelle\/\" \/>\n<meta property=\"og:site_name\" content=\"Mes-Allocs.fr\" \/>\n<meta property=\"article:published_time\" content=\"2022-10-26T16:17:42+00:00\" \/>\n<meta property=\"article:modified_time\" content=\"2025-07-16T09:06:49+00:00\" \/>\n<meta property=\"og:image\" content=\"https:\/\/www.mes-allocs.fr\/guides\/wp-content\/uploads\/2022\/09\/Quelle-aide-pour-stagiaire-de-la-formation-professionnelle-2.jpeg?wsr\" \/>\n\t<meta property=\"og:image:width\" content=\"612\" \/>\n\t<meta property=\"og:image:height\" content=\"408\" \/>\n<meta name=\"twitter:card\" content=\"summary_large_image\" \/>\n<script type=\"application\/ld+json\" class=\"yoast-schema-graph\">{\"@context\":\"https:\/\/schema.org\",\"@graph\":[{\"@type\":\"WebSite\",\"@id\":\"https:\/\/www.mes-allocs.fr\/guides\/#website\",\"url\":\"https:\/\/www.mes-allocs.fr\/guides\/\",\"name\":\"Mes-Allocs.fr\",\"description\":\"\",\"potentialAction\":[{\"@type\":\"SearchAction\",\"target\":\"https:\/\/www.mes-allocs.fr\/guides\/?s={search_term_string}\",\"query-input\":\"required name=search_term_string\"}],\"inLanguage\":\"fr-FR\"},{\"@type\":\"ImageObject\",\"@id\":\"https:\/\/www.mes-allocs.fr\/guides\/aide-formation\/formation-pour-adulte\/aide-stagiaire-de-la-formation-professionnelle\/#primaryimage\",\"inLanguage\":\"fr-FR\",\"url\":\"https:\/\/www.mes-allocs.fr\/guides\/wp-content\/uploads\/2022\/09\/Quelle-aide-pour-stagiaire-de-la-formation-professionnelle-2.jpeg?wsr\",\"width\":612,\"height\":408,\"caption\":\"Quelle aide pour stagiaire de la formation professionnelle\"},{\"@type\":\"WebPage\",\"@id\":\"https:\/\/www.mes-allocs.fr\/guides\/aide-formation\/formation-pour-adulte\/aide-stagiaire-de-la-formation-professionnelle\/#webpage\",\"url\":\"https:\/\/www.mes-allocs.fr\/guides\/aide-formation\/formation-pour-adulte\/aide-stagiaire-de-la-formation-professionnelle\/\",\"name\":\"Quelles aides pour les stagiaires de la formation professionnelle ?\",\"isPartOf\":{\"@id\":\"https:\/\/www.mes-allocs.fr\/guides\/#website\"},\"primaryImageOfPage\":{\"@id\":\"https:\/\/www.mes-allocs.fr\/guides\/aide-formation\/formation-pour-adulte\/aide-stagiaire-de-la-formation-professionnelle\/#primaryimage\"},\"datePublished\":\"2022-10-26T16:17:42+00:00\",\"dateModified\":\"2025-07-16T09:06:49+00:00\",\"author\":{\"@id\":\"https:\/\/www.mes-allocs.fr\/guides\/#\/schema\/person\/a3de97298fd0ffc005ebdd5628b03ca8\"},\"description\":\"En tant que stagiaire de la formation formation professionnelle, il est possible de percevoir des aides \\u00e0 la formation.\",\"inLanguage\":\"fr-FR\"},{\"@type\":\"Person\",\"@id\":\"https:\/\/www.mes-allocs.fr\/guides\/#\/schema\/person\/a3de97298fd0ffc005ebdd5628b03ca8\",\"name\":\"Marina Ada Ondo\",\"image\":{\"@type\":\"ImageObject\",\"@id\":\"https:\/\/www.mes-allocs.fr\/guides\/#personlogo\",\"inLanguage\":\"fr-FR\",\"url\":\"https:\/\/www.mes-allocs.fr\/guides\/wp-content\/uploads\/2022\/02\/Photo-de-profil-150x150.png\",\"caption\":\"Marina Ada Ondo\"},\"description\":\"Marina est r\\u00e9dactrice au sein de l'\\u00e9quipe Mes Allocs, sp\\u00e9cialis\\u00e9e sur les aides aux jeunes. Dipl\\u00f4m\\u00e9e de l'ISFJ, elle rejoint Mes Allocs apr\\u00e8s une premi\\u00e8re exp\\u00e9rience en communication chez Little Africa, une agence de communication \\u00e0 Paris. Sur son temps libre, Marina lit beaucoup et passe ses dimanches au mus\\u00e9e.\",\"sameAs\":[\"https:\/\/www.linkedin.com\/in\/marinaadaondo\/\"]}]}<\/script>\n<!-- \/ Yoast SEO plugin. -->","amp_validity":null,"acf":{"faq":{"1":{"question":"C'est quoi un stagiaire de la formation professionnelle ?","answer":"Une personne demandeur d'emploi devient stagiaire de la formation professionnelle, lorsqu'elle suit une action de formation. Il rel\u00e8ve alors de la cat\u00e9gorie des demandeurs d'emploi non tenus de faire des actes positifs de recherche d'emploi."},"2":{"question":"Comment obtenir la prime de 1000 euros formation ?","answer":"Vous devez \u00eatre \u00e0 la recherche active d'un emploi et \u00eatre inscrit \u00e0 P\u00f4le emploi tout en n'ayant \u00ab exerc\u00e9 aucune activit\u00e9 professionnelle \u00bb pendant 12 mois durant les 15 derniers mois."},"3":{"question":"Quand on est en formation Est-il possible de cumuler le RSA ?","answer":"En cas de r\u00e9mun\u00e9ration d'un stagiaire b\u00e9n\u00e9ficiaire du RSA, il est tout \u00e0 fait possible de cumuler la gratification de stage et le revenu g\u00e9n\u00e9r\u00e9 par le RSA. Cependant, le fait de percevoir une r\u00e9mun\u00e9ration pendant un stage de formation professionnelle n'est pas sans cons\u00e9quence sur le montant du RSA."},"4":{"question":"Quand un stage est r\u00e9mun\u00e9r\u00e9 ?","answer":"Une gratification minimale est vers\u00e9e au stagiaire si la dur\u00e9e du stage est sup\u00e9rieure \u00e0 2 mois cons\u00e9cutifs (soit l'\u00e9quivalent de 44 jours \u00e0 7 heures par jour) au cours de la m\u00eame ann\u00e9e scolaire ou universitaire."},"5":{"question":"Comment fonctionne l'AFPR ?","answer":"L'action de formation pr\u00e9alable au recrutement (AFPR) est une aide permettant aux personnes inscrites sur la liste des demandeurs d'emploi de b\u00e9n\u00e9ficier d'une remise \u00e0 niveau de ses comp\u00e9tences afin de postuler \u00e0 une offre d'emploi."},"6":{"question":"Qu'est-ce que la formation continue d'adultes ?","answer":"La formation professionnelle continue permet d'acqu\u00e9rir de nouvelles comp\u00e9tences durant sa vie active pour le retour ou le maintien dans l'emploi et pour s\u00e9curiser ou optimiser les parcours professionnels.\r\n"},"7":{"question":"","answer":""},"8":{"question":"","answer":""},"9":{"question":"","answer":""},"10":{"question":"","answer":""},"11":{"question":"","answer":""},"12":{"question":"","answer":""},"13":{"question":"","answer":""},"14":{"question":"","answer":""},"15":{"question":"","answer":""},"16":{"question":"","answer":""}}},"_links":{"self":[{"href":"https:\/\/www.mes-allocs.fr\/guides\/wp-json\/wp\/v2\/posts\/51404","targetHints":{"allow":["GET"]}}],"collection":[{"href":"https:\/\/www.mes-allocs.fr\/guides\/wp-json\/wp\/v2\/posts"}],"about":[{"href":"https:\/\/www.mes-allocs.fr\/guides\/wp-json\/wp\/v2\/types\/post"}],"author":[{"embeddable":true,"href":"https:\/\/www.mes-allocs.fr\/guides\/wp-json\/wp\/v2\/users\/14"}],"replies":[{"embeddable":true,"href":"https:\/\/www.mes-allocs.fr\/guides\/wp-json\/wp\/v2\/comments?post=51404"}],"version-history":[{"count":11,"href":"https:\/\/www.mes-allocs.fr\/guides\/wp-json\/wp\/v2\/posts\/51404\/revisions"}],"predecessor-version":[{"id":102344,"href":"https:\/\/www.mes-allocs.fr\/guides\/wp-json\/wp\/v2\/posts\/51404\/revisions\/102344"}],"wp:featuredmedia":[{"embeddable":true,"href":"https:\/\/www.mes-allocs.fr\/guides\/wp-json\/wp\/v2\/media\/57359"}],"wp:attachment":[{"href":"https:\/\/www.mes-allocs.fr\/guides\/wp-json\/wp\/v2\/media?parent=51404"}],"wp:term":[{"taxonomy":"category","embeddable":true,"href":"https:\/\/www.mes-allocs.fr\/guides\/wp-json\/wp\/v2\/categories?post=51404"},{"taxonomy":"post_tag","embeddable":true,"href":"https:\/\/www.mes-allocs.fr\/guides\/wp-json\/wp\/v2\/tags?post=51404"}],"curies":[{"name":"wp","href":"https:\/\/api.w.org\/{rel}","templated":true}]}}