{"id":51222,"date":"2022-10-26T18:35:15","date_gmt":"2022-10-26T16:35:15","guid":{"rendered":"https:\/\/www.mes-allocs.fr\/guides\/?p=51222"},"modified":"2025-07-16T11:08:33","modified_gmt":"2025-07-16T09:08:33","slug":"financement-de-formation-a-distance-dun-demandeur-demploi","status":"publish","type":"post","link":"https:\/\/www.mes-allocs.fr\/guides\/aide-formation\/financement-de-formation-a-distance-dun-demandeur-demploi\/","title":{"rendered":"Financement de formation \u00e0 distance d&rsquo;un demandeur d&#8217;emploi"},"content":{"rendered":"<p style=\"text-align: justify;\"><b><img loading=\"lazy\" decoding=\"async\" class=\"alignnone wp-image-56960 size-full\" title=\"Financement de formation a distance dun demandeur demploi\" src=\"https:\/\/www.mes-allocs.fr\/guides\/wp-content\/uploads\/2022\/10\/Financement-de-formation-a-distance-dun-demandeur-demploi-e1665411038672.jpeg\" alt=\"Financement de formation a distance dun demandeur demploi\" width=\"1560\" height=\"210\" srcset=\"https:\/\/www.mes-allocs.fr\/guides\/wp-content\/uploads\/2022\/10\/Financement-de-formation-a-distance-dun-demandeur-demploi-e1665411038672.jpeg 1560w, https:\/\/www.mes-allocs.fr\/guides\/wp-content\/uploads\/2022\/10\/Financement-de-formation-a-distance-dun-demandeur-demploi-e1665411038672-300x40.jpeg 300w, https:\/\/www.mes-allocs.fr\/guides\/wp-content\/uploads\/2022\/10\/Financement-de-formation-a-distance-dun-demandeur-demploi-e1665411038672-1024x138.jpeg 1024w, https:\/\/www.mes-allocs.fr\/guides\/wp-content\/uploads\/2022\/10\/Financement-de-formation-a-distance-dun-demandeur-demploi-e1665411038672-768x103.jpeg 768w, https:\/\/www.mes-allocs.fr\/guides\/wp-content\/uploads\/2022\/10\/Financement-de-formation-a-distance-dun-demandeur-demploi-e1665411038672-1536x207.jpeg 1536w, https:\/\/www.mes-allocs.fr\/guides\/wp-content\/uploads\/2022\/10\/Financement-de-formation-a-distance-dun-demandeur-demploi-e1665411038672-600x81.jpeg 600w\" sizes=\"auto, (max-width: 1560px) 100vw, 1560px\" \/>Vous \u00eates demandeur d&#8217;emploi et vous souhaitez suivre une formation \u00e0 distance, mais vous ne savez pas comment la financer ? Il existe diff\u00e9rentes <a href=\"https:\/\/www.mes-allocs.fr\/guides\/aide-formation\/\">aides financi\u00e8res \u00e0 la formation<\/a> afin de faciliter votre r\u00e9insertion dans le march\u00e9 du travail. Alors, financement formation \u00e0 distance demandeur d&#8217;emploi : comment en b\u00e9n\u00e9ficier ?<\/b><\/p>\n<div class='cta-block'><div class='text'>Simulez toutes vos aides en 2 min.<\/div><a href='https:\/\/www.mes-allocs.fr\/ab-app?origin=guides\/wp-json\/wp\/v2\/posts\/51222' class='app-button fit'>Simulation gratuite<\/a><\/div>\n<h1 style=\"text-align: justify;\">L&rsquo;Aide Individuelle \u00e0 la Formation (AIF)<\/h1>\n<p style=\"text-align: justify;\"><b>Il s&rsquo;agit d&rsquo;un financement qui permet de faciliter le retour ou l&rsquo;acc\u00e8s \u00e0 l&#8217;emploi.<\/b> Elle peut prendre en charge ou co-financer les frais p\u00e9dagogiques de formation lorsque votre projet de formation est valid\u00e9 par votre conseiller P\u00f4le emploi dans le cadre du Projet Personnalis\u00e9 d&rsquo;Acc\u00e8s \u00e0 l&rsquo;Emploi (PPAE). Il peut s&rsquo;agir d&rsquo;une formation en ligne ou en pr\u00e9sentiel.<\/p>\n<p style=\"text-align: justify;\"><b>Afin d&rsquo;\u00eatre \u00e9ligible \u00e0 l&rsquo;Aide Individuelle \u00e0 la Formation (<a href=\"https:\/\/www.mes-allocs.fr\/guides\/aide-formation\/aif-pole-emploi\/\">AIF<\/a>), vous devez \u00eatre accompagn\u00e9 au titre d&rsquo;un contrat de s\u00e9curisation personnelle (CSP\/CTP\/CRP).<\/b> En outre, il ne faut pas b\u00e9n\u00e9ficier de la Pr\u00e9paration Op\u00e9rationnelle \u00e0 l&rsquo;Emploi (POE) ou de l&rsquo;Action de Formation Pr\u00e9alable au Recrutement (AFPR). <b>La formation a vis\u00e9 professionnel doit durer entre 1 et 3 ans maximum.<\/b><\/p>\n<p style=\"text-align: justify;\"><b>Lorsque le projet est valid\u00e9 par P\u00f4le Emploi, il est possible de faire une demande en ligne via votre compte de demandeur d&#8217;emploi. <\/b>L&rsquo;organisme de formation doit alors compl\u00e9ter la fiche que vous devez ensuite faire valider par la structure au plus tard 15 jours avant votre entr\u00e9e en formation.<\/p>\n<p><iframe loading=\"lazy\" title=\"Les aides \u00e0 la formation\" width=\"500\" height=\"281\" src=\"https:\/\/www.youtube.com\/embed\/gs3ZRHqtzmY?feature=oembed\" frameborder=\"0\" allow=\"accelerometer; autoplay; clipboard-write; encrypted-media; gyroscope; picture-in-picture; web-share\" referrerpolicy=\"strict-origin-when-cross-origin\" allowfullscreen><\/iframe><\/p>\n<h1 style=\"text-align: justify;\">L&rsquo;Aide Individuelle R\u00e9gionale vers l&rsquo;Emploi (AIRE)<\/h1>\n<p style=\"text-align: justify;\"><b>L&rsquo;aide financi\u00e8re permet aux <a href=\"https:\/\/www.mes-allocs.fr\/guides\/aide-formation\/quel-financement-de-formation-pour-demandeur-demploi\/\">demandeurs d&#8217;emploi<\/a> des r\u00e9gions sp\u00e9cifiques de se former gr\u00e2ce \u00e0 un fonds d\u00e9bloqu\u00e9 par les conseils r\u00e9gionaux selon ses besoins.<\/b><\/p>\n<p style=\"text-align: justify;\"><b>En \u00cele-de-France, vous pouvez en b\u00e9n\u00e9ficier si vous \u00eates :<\/b><\/p>\n<ul>\n<li style=\"text-align: justify;\">Demandeurs d&#8217;emploi ;<\/li>\n<li style=\"text-align: justify;\">En insertion professionnelle ;<\/li>\n<li style=\"text-align: justify;\">Travailleur handicap\u00e9 ;<\/li>\n<li style=\"text-align: justify;\">Issu d&rsquo;un quartier prioritaire de la ville (QPV).<\/li>\n<\/ul>\n<p style=\"text-align: justify;\">La <a href=\"https:\/\/www.mes-allocs.fr\/guides\/aide-formation\/actions-du-plan-de-formation-professionnelle\/\">formation<\/a> doit \u00eatre certifi\u00e9e \u00e9ligible \u00e0 ce dispositif. <b>En outre, vous devez fournir une promesse d&#8217;embauche conditionn\u00e9e \u00e0 la r\u00e9alisation d&rsquo;une formation certifiante.<\/b><\/p>\n<p class=\"p1\"><div class='shortcode disclaimer'><div class='title'>Attention<\/div><div class='content'>Cette aide n&rsquo;est plus disponible depuis le 1er janvier 2025 <\/div><\/div><\/p>\n<h1 style=\"text-align: justify;\">L&rsquo;Action de Formation Conventionn\u00e9e (AFC)<\/h1>\n<p style=\"text-align: justify;\"><b>L&rsquo;AFC est une formation qui a pour objectif de faciliter le retour \u00e0 l&#8217;emploi en comblant les \u00e9carts entre les comp\u00e9tences du demandeur d&#8217;emploi et les exigences du march\u00e9 du travail. <\/b>C&rsquo;est un dispositif qui s&rsquo;adresse \u00e0 tous les demandeurs d&#8217;emploi inscrit chez P\u00f4le emploi et ce dernier effectue les d\u00e9marches avec l&rsquo;organisme de formation directement.<\/p>\n<p style=\"text-align: justify;\"><b>Pour profiter de cette aide, vous pouvez demander \u00e0 votre conseiller P\u00f4le emploi de vous renseigner sur le dispositif de prise en charge ou c&rsquo;est lui qui vous le propose directement.<\/b> Dans tous les cas, le professionnel est impliqu\u00e9 dans l&rsquo;obtention du financement.<\/p>\n<h1 style=\"text-align: justify;\">La Pr\u00e9paration Op\u00e9rationnelle \u00e0 l&rsquo;Emploi Individuel (POEI)<\/h1>\n<p style=\"text-align: justify;\"><b>Elle permet \u00e0 un demandeur d&#8217;emploi de suivre une formation qui requiert certaines comp\u00e9tences en relation avec une offre d&#8217;emploi de P\u00f4le Emploi et n\u00e9cessaire\u00a0\u00e0 l&#8217;embauche.<\/b><\/p>\n<p style=\"text-align: justify;\"><b>Pour b\u00e9n\u00e9ficier de la prestation, vous devez \u00eatre un employeur du secteur priv\u00e9 ou publique qui veut conclure :<\/b><\/p>\n<ul>\n<li style=\"text-align: justify;\">Un Contrat \u00e0 Dur\u00e9e Ind\u00e9termin\u00e9e (CDI) ;<\/li>\n<li style=\"text-align: justify;\">Un Contrat \u00e0 Dur\u00e9e D\u00e9termin\u00e9e (CDD) ;<\/li>\n<li style=\"text-align: justify;\">Un contrat de professionnalisation de 6 mois minimum ;<\/li>\n<li style=\"text-align: justify;\">Un contrat d&rsquo;apprentissage de 6 mois minimum ;<\/li>\n<li>Un contrat saisonnier d&rsquo;au moins 4 mois;<\/li>\n<li>Un ou plusieurs contrats de mission totalisant au moins 6 mois dans les 9 mois suivant la formation.<\/li>\n<\/ul>\n<p>La formation, d\u2019une dur\u00e9e comprise entre 300 et 600 heures selon vous besoins, est d\u00e9finie conjointement par l\u2019employeur, France Travail et vous-m\u00eame, et peut \u00eatre r\u00e9alis\u00e9e en interne ou par un organisme externe. L\u2019aide financi\u00e8re accord\u00e9e \u00e0 l\u2019employeur correspond au co\u00fbt r\u00e9el de la formation, dans la limite fix\u00e9e par France Travail.<\/p>\n<p style=\"text-align: justify;\">Le demandeur d&#8217;emploi r\u00e9mun\u00e9r\u00e9 en tant que \u00ab stagiaire de la formation professionnelle \u00bb.<b> Dans ce cadre, il peut b\u00e9n\u00e9ficier de :<\/b><\/p>\n<ul>\n<li style=\"text-align: justify;\">L&rsquo;Allocation d&rsquo;Aide au Retour \u00e0 l&rsquo;Emploi Formation (AREF) en tant que demandeur d&#8217;emploi indemnis\u00e9 ;<\/li>\n<li style=\"text-align: justify;\">La R\u00e9mun\u00e9ration de Formation de P\u00f4le Emploi (RFPE) s&rsquo;il fait partie des demandeurs d&#8217;emploi non-indemnis\u00e9s.<\/li>\n<\/ul>\n<p style=\"text-align: justify;\"><b>Il est aussi possible de toucher une Aide au Frais Associ\u00e9s \u00e0 la Formation (AFAF) regroupant le transport, le repas et l&rsquo;h\u00e9bergement, except\u00e9 si la formation est faite \u00e0 l&rsquo;\u00e9tranger.<\/b><\/p>\n<h1 style=\"text-align: justify;\">La Pr\u00e9paration Op\u00e9rationnelle \u00e0 l&rsquo;Emploi Collective (POEC)<\/h1>\n<p style=\"text-align: justify;\">La POE collective permet aux demandeurs d&#8217;emploi de faire une formation pour acqu\u00e9rir des comp\u00e9tences indispensables \u00e0 l&rsquo;occupation d&rsquo;un m\u00e9tier dont les besoins de recrutement sont forts.\u00a0<b>L&rsquo;aide est destin\u00e9e \u00e0 tous les demandeurs d&#8217;emploi, indemnis\u00e9 ou non, inscrit au P\u00f4le emploi. <\/b>Tous les employeurs qui ont des besoins en mati\u00e8re de recrutement et comp\u00e9tences peuvent aussi b\u00e9n\u00e9ficier de la prestation.<\/p>\n<p style=\"text-align: justify;\"><b>Pour l&rsquo;obtenir, les entreprises doivent faire une demande aupr\u00e8s de l&rsquo;OPCO, qui doit faire un partenariat avec P\u00f4le Emploi. <\/b>Ensuite, c&rsquo;est au conseiller P\u00f4le emploi de transmettre l&rsquo;information aux demandeurs d&#8217;emploi.<\/p>\n<h1 style=\"text-align: justify;\">Le Compte Personnel de Formation (CPF)<\/h1>\n<p>&nbsp;<\/p>\n<p style=\"text-align: justify;\"><b>Ancien DIF, il permet d&rsquo;acqu\u00e9rir des droits \u00e0 la formation professionnelle mobilisables tout au long de la carri\u00e8re professionnelle. <\/b>En effet, d\u00e8s l&rsquo;entr\u00e9e dans la vie active, vous cumulez des euros en droit \u00e0 la formation. <b>Un salari\u00e9 ou un travailleur ind\u00e9pendant \u00e0 temps complet peut b\u00e9n\u00e9ficier de 500 euros par an dans une limite de 5 000 euros. Concernant, les salari\u00e9s peu qualifi\u00e9s, ils peuvent cumuler 800 euros par an, plafonn\u00e9 \u00e0 8 000 euros.<\/b> Vous pouvez disposer de vos droits jusqu&rsquo;\u00e0 la date \u00e0 laquelle vous faites faite valoir l\u2019ensemble de vos droits \u00e0 la retraite.<\/p>\n<p style=\"text-align: justify;\">Chaque personne dispose, sur le site officiel moncompteformation.gouv.fr d\u2019un espace personnel s\u00e9curis\u00e9 lui permettant de s\u2019identifier sur son Compte personnel de formation (CPF).<\/p>\n<h1 style=\"text-align: justify;\">Le Projet de Transition Professionnelle (PTP)<\/h1>\n<p style=\"text-align: justify;\">L<b>e PTP ou CPF de transition est un dispositif de mobilisation du CPF permettant aux salari\u00e9s qui veulent changer de m\u00e9tier de financer des formations en lien avec leur projet professionnel. <\/b>Ainsi, le salari\u00e9 peut b\u00e9n\u00e9ficier d\u2019un droit \u00e0 cong\u00e9 et d\u2019un maintien de sa r\u00e9mun\u00e9ration pendant la dur\u00e9e de l\u2019action de formation.\u00a0<b>Elle s&rsquo;adresse aux demandeurs d&#8217;emploi lorsqu&rsquo;ils ont \u00e9t\u00e9 licenci\u00e9s\u00a0pour motif \u00e9conomique ou pour inaptitude, et qu&rsquo;ils n&rsquo;ont pas suivi de formation entre le licenciement et le nouvel emploi.<\/b><\/p>\n<p class=\"amp-wp-7d27179\" style=\"text-align: justify;\" data-amp-original-style=\"text-align: justify;\"><b>Concernant les formations qu\u2019il est possible d\u2019effectuer dans le cadre d\u2019un CPF de transition, elles doivent r\u00e9pondre aux crit\u00e8res suivants :<\/b><\/p>\n<ul class=\"list-1\">\n<li style=\"text-align: justify;\">\u00catre \u00e9ligibles au CPF ;<\/li>\n<li class=\"amp-wp-7d27179\" style=\"text-align: justify;\" data-amp-original-style=\"text-align: justify;\">\u00catre certifiantes : toutes les formations qui permettent d\u2019obtenir une certification professionnelle reconnue sont \u00e9ligibles. Il s\u2019agit de toutes les formations recens\u00e9es sur le R\u00e9pertoire national des certifications professionnelles (RNCP)\u00a0;<\/li>\n<li style=\"text-align: justify;\">\u00catre suivies dans le but de changer de m\u00e9tier ou de profession.<\/li>\n<\/ul>\n<p style=\"text-align: justify;\"><div class='cta-block'><div class='text'>Simulez toutes vos aides en 2 min.<\/div><a href='https:\/\/www.mes-allocs.fr\/ab-app?origin=guides\/wp-json\/wp\/v2\/posts\/51222' class='app-button fit'>Simulation gratuite<\/a><\/div><\/p>\n","protected":false},"excerpt":{"rendered":"<p>Vous \u00eates demandeur d&#8217;emploi et vous souhaitez suivre une formation \u00e0 distance, mais vous ne savez pas comment la financer ? Il existe diff\u00e9rentes aides financi\u00e8res \u00e0 la formation afin de faciliter votre r\u00e9insertion dans le march\u00e9 du travail. Alors, financement formation \u00e0 distance demandeur d&#8217;emploi : comment en b\u00e9n\u00e9ficier ? L&rsquo;Aide Individuelle \u00e0 la [&hellip;]<\/p>\n","protected":false},"author":14,"featured_media":56958,"comment_status":"closed","ping_status":"open","sticky":false,"template":"","format":"standard","meta":{"amp_status":"","footnotes":""},"categories":[2045],"tags":[],"class_list":["post-51222","post","type-post","status-publish","format-standard","has-post-thumbnail","hentry","category-aide-formation"],"yoast_head":"<!-- This site is optimized with the Yoast SEO plugin v14.9 - https:\/\/yoast.com\/wordpress\/plugins\/seo\/ -->\n<title>Financement de formation \u00e0 distance d&#039;un demandeur d&#039;emploi | Mes-Allocs.fr<\/title>\n<meta name=\"description\" content=\"Il existe diff\u00e9rents financements de formation pour les demandeurs d&#039;emploi afin de faciliter votre r\u00e9insertion dans le march\u00e9 du travail.\" \/>\n<meta name=\"robots\" content=\"index, follow, max-snippet:-1, max-image-preview:large, max-video-preview:-1\" \/>\n<link rel=\"canonical\" href=\"https:\/\/www.mes-allocs.fr\/guides\/aide-formation\/financement-de-formation-a-distance-dun-demandeur-demploi\/\" \/>\n<meta property=\"og:locale\" content=\"fr_FR\" \/>\n<meta property=\"og:type\" content=\"article\" \/>\n<meta property=\"og:title\" content=\"Financement de formation \u00e0 distance d&#039;un demandeur d&#039;emploi | Mes-Allocs.fr\" \/>\n<meta property=\"og:description\" content=\"Il existe diff\u00e9rents financements de formation pour les demandeurs d&#039;emploi afin de faciliter votre r\u00e9insertion dans le march\u00e9 du travail.\" \/>\n<meta property=\"og:url\" content=\"https:\/\/www.mes-allocs.fr\/guides\/aide-formation\/financement-de-formation-a-distance-dun-demandeur-demploi\/\" \/>\n<meta property=\"og:site_name\" content=\"Mes-Allocs.fr\" \/>\n<meta property=\"article:published_time\" content=\"2022-10-26T16:35:15+00:00\" \/>\n<meta property=\"article:modified_time\" content=\"2025-07-16T09:08:33+00:00\" \/>\n<meta property=\"og:image\" content=\"https:\/\/www.mes-allocs.fr\/guides\/wp-content\/uploads\/2022\/10\/Financement-de-formation-a-distance-dun-demandeur-demploi-2.jpeg?wsr\" \/>\n\t<meta property=\"og:image:width\" content=\"612\" \/>\n\t<meta property=\"og:image:height\" content=\"408\" \/>\n<meta name=\"twitter:card\" content=\"summary_large_image\" \/>\n<script type=\"application\/ld+json\" class=\"yoast-schema-graph\">{\"@context\":\"https:\/\/schema.org\",\"@graph\":[{\"@type\":\"WebSite\",\"@id\":\"https:\/\/www.mes-allocs.fr\/guides\/#website\",\"url\":\"https:\/\/www.mes-allocs.fr\/guides\/\",\"name\":\"Mes-Allocs.fr\",\"description\":\"\",\"potentialAction\":[{\"@type\":\"SearchAction\",\"target\":\"https:\/\/www.mes-allocs.fr\/guides\/?s={search_term_string}\",\"query-input\":\"required name=search_term_string\"}],\"inLanguage\":\"fr-FR\"},{\"@type\":\"ImageObject\",\"@id\":\"https:\/\/www.mes-allocs.fr\/guides\/aide-formation\/financement-de-formation-a-distance-dun-demandeur-demploi\/#primaryimage\",\"inLanguage\":\"fr-FR\",\"url\":\"https:\/\/www.mes-allocs.fr\/guides\/wp-content\/uploads\/2022\/10\/Financement-de-formation-a-distance-dun-demandeur-demploi-2.jpeg?wsr\",\"width\":612,\"height\":408,\"caption\":\"Financement de formation a distance dun demandeur demploi\"},{\"@type\":\"WebPage\",\"@id\":\"https:\/\/www.mes-allocs.fr\/guides\/aide-formation\/financement-de-formation-a-distance-dun-demandeur-demploi\/#webpage\",\"url\":\"https:\/\/www.mes-allocs.fr\/guides\/aide-formation\/financement-de-formation-a-distance-dun-demandeur-demploi\/\",\"name\":\"Financement de formation \\u00e0 distance d'un demandeur d'emploi | Mes-Allocs.fr\",\"isPartOf\":{\"@id\":\"https:\/\/www.mes-allocs.fr\/guides\/#website\"},\"primaryImageOfPage\":{\"@id\":\"https:\/\/www.mes-allocs.fr\/guides\/aide-formation\/financement-de-formation-a-distance-dun-demandeur-demploi\/#primaryimage\"},\"datePublished\":\"2022-10-26T16:35:15+00:00\",\"dateModified\":\"2025-07-16T09:08:33+00:00\",\"author\":{\"@id\":\"https:\/\/www.mes-allocs.fr\/guides\/#\/schema\/person\/a3de97298fd0ffc005ebdd5628b03ca8\"},\"description\":\"Il existe diff\\u00e9rents financements de formation pour les demandeurs d'emploi afin de faciliter votre r\\u00e9insertion dans le march\\u00e9 du travail.\",\"inLanguage\":\"fr-FR\"},{\"@type\":\"Person\",\"@id\":\"https:\/\/www.mes-allocs.fr\/guides\/#\/schema\/person\/a3de97298fd0ffc005ebdd5628b03ca8\",\"name\":\"Marina Ada Ondo\",\"image\":{\"@type\":\"ImageObject\",\"@id\":\"https:\/\/www.mes-allocs.fr\/guides\/#personlogo\",\"inLanguage\":\"fr-FR\",\"url\":\"https:\/\/www.mes-allocs.fr\/guides\/wp-content\/uploads\/2022\/02\/Photo-de-profil-150x150.png\",\"caption\":\"Marina Ada Ondo\"},\"description\":\"Marina est r\\u00e9dactrice au sein de l'\\u00e9quipe Mes Allocs, sp\\u00e9cialis\\u00e9e sur les aides aux jeunes. Dipl\\u00f4m\\u00e9e de l'ISFJ, elle rejoint Mes Allocs apr\\u00e8s une premi\\u00e8re exp\\u00e9rience en communication chez Little Africa, une agence de communication \\u00e0 Paris. Sur son temps libre, Marina lit beaucoup et passe ses dimanches au mus\\u00e9e.\",\"sameAs\":[\"https:\/\/www.linkedin.com\/in\/marinaadaondo\/\"]}]}<\/script>\n<!-- \/ Yoast SEO plugin. -->","amp_validity":null,"acf":{"faq":{"1":{"question":"Comment se faire payer une formation par la R\u00e9gion ?","answer":"Selon la l\u00e9gislation locale, le financement d'une formation par le conseil r\u00e9gional est envisageable sous forme de ch\u00e8ques de formation. La personne per\u00e7oit une somme d\u00e9termin\u00e9e en fonction de sa situation et de la pertinence de son dossier. La r\u00e9gion finance aussi les formations sous forme de r\u00e9mun\u00e9ration."},"2":{"question":"Comment obtenir la prime de 1000 euros formation ?","answer":"Pour percevoir cette aide exceptionnelle, vous devez :\r\n\u00catre \u00e0 la recherche active d'un emploi. \u00catre inscrit \u00e0 P\u00f4le emploi tout en n'ayant \u00ab exerc\u00e9 aucune activit\u00e9 professionnelle \u00bb pendant 12 mois durant les 15 derniers mois."},"3":{"question":"Est-ce qu'un employeur peut refuser un droit \u00e0 la formation ?","answer":"L'employeur est libre d'accepter ou non la demande de formation pr\u00e9vue par le plan, mais en pratique celle-ci est rarement refus\u00e9e."},"4":{"question":"Comment savoir si on peut toucher des aides ?","answer":"Mes Allocs dispose d'un simulateur en ligne qui offre la possibilit\u00e9 \u00e0 toute personne de conna\u00eetre rapidement ses droits aux prestations et aides sociales nationales ou locales. "},"5":{"question":"Comment rendre une formation \u00e9ligible au CPF 2025 ?","answer":"Afin de r\u00e9f\u00e9rencer son organisme de formation au CPF, d\u00e9poser une demande d'enregistrement dans l'un des deux r\u00e9pertoires nationaux (RS ou RNCP) est n\u00e9cessaire. Il est \u00e9galement crucial de mettre en place une certification \u00e9ligible au compte professionnel de formation."},"6":{"question":"Comment faire financer un bilan de comp\u00e9tences par P\u00f4le emploi ?","answer":"Si le bilan de comp\u00e9tences est adapt\u00e9 \u00e0 vos besoins, vous pouvez en faire la demande aupr\u00e8s de votre conseiller P\u00f4le Emploi. Il peut \u00eatre pris en charge en tout ou une partie par P\u00f4le emploi."},"7":{"question":"","answer":""},"8":{"question":"","answer":""},"9":{"question":"","answer":""},"10":{"question":"","answer":""},"11":{"question":"","answer":""},"12":{"question":"","answer":""},"13":{"question":"","answer":""},"14":{"question":"","answer":""},"15":{"question":"","answer":""},"16":{"question":"","answer":""}}},"_links":{"self":[{"href":"https:\/\/www.mes-allocs.fr\/guides\/wp-json\/wp\/v2\/posts\/51222","targetHints":{"allow":["GET"]}}],"collection":[{"href":"https:\/\/www.mes-allocs.fr\/guides\/wp-json\/wp\/v2\/posts"}],"about":[{"href":"https:\/\/www.mes-allocs.fr\/guides\/wp-json\/wp\/v2\/types\/post"}],"author":[{"embeddable":true,"href":"https:\/\/www.mes-allocs.fr\/guides\/wp-json\/wp\/v2\/users\/14"}],"replies":[{"embeddable":true,"href":"https:\/\/www.mes-allocs.fr\/guides\/wp-json\/wp\/v2\/comments?post=51222"}],"version-history":[{"count":9,"href":"https:\/\/www.mes-allocs.fr\/guides\/wp-json\/wp\/v2\/posts\/51222\/revisions"}],"predecessor-version":[{"id":102352,"href":"https:\/\/www.mes-allocs.fr\/guides\/wp-json\/wp\/v2\/posts\/51222\/revisions\/102352"}],"wp:featuredmedia":[{"embeddable":true,"href":"https:\/\/www.mes-allocs.fr\/guides\/wp-json\/wp\/v2\/media\/56958"}],"wp:attachment":[{"href":"https:\/\/www.mes-allocs.fr\/guides\/wp-json\/wp\/v2\/media?parent=51222"}],"wp:term":[{"taxonomy":"category","embeddable":true,"href":"https:\/\/www.mes-allocs.fr\/guides\/wp-json\/wp\/v2\/categories?post=51222"},{"taxonomy":"post_tag","embeddable":true,"href":"https:\/\/www.mes-allocs.fr\/guides\/wp-json\/wp\/v2\/tags?post=51222"}],"curies":[{"name":"wp","href":"https:\/\/api.w.org\/{rel}","templated":true}]}}