{"id":51195,"date":"2022-06-07T18:12:45","date_gmt":"2022-06-07T16:12:45","guid":{"rendered":"https:\/\/www.mes-allocs.fr\/guides\/?p=51195"},"modified":"2025-07-16T11:07:59","modified_gmt":"2025-07-16T09:07:59","slug":"formation-professionnelle-pour-adulte-reconversion","status":"publish","type":"post","link":"https:\/\/www.mes-allocs.fr\/guides\/aide-formation\/formation-pour-adulte\/formation-professionnelle-pour-adulte-reconversion\/","title":{"rendered":"Quelle formation professionnelle pour un adulte en reconversion ?"},"content":{"rendered":"<p style=\"text-align: justify;\"><b><img loading=\"lazy\" decoding=\"async\" class=\"alignnone wp-image-51619 size-full\" title=\"Quelle formation professionnelle pour un adulte en reconversion\" src=\"https:\/\/www.mes-allocs.fr\/guides\/wp-content\/uploads\/2022\/06\/Quelle-formation-professionnelle-pour-un-adulte-en-reconversion--e1654187930456.jpg\" alt=\"Quelle formation professionnelle pour un adulte en reconversion\" width=\"1560\" height=\"218\" srcset=\"https:\/\/www.mes-allocs.fr\/guides\/wp-content\/uploads\/2022\/06\/Quelle-formation-professionnelle-pour-un-adulte-en-reconversion--e1654187930456.jpg 1560w, https:\/\/www.mes-allocs.fr\/guides\/wp-content\/uploads\/2022\/06\/Quelle-formation-professionnelle-pour-un-adulte-en-reconversion--e1654187930456-300x42.jpg 300w, https:\/\/www.mes-allocs.fr\/guides\/wp-content\/uploads\/2022\/06\/Quelle-formation-professionnelle-pour-un-adulte-en-reconversion--e1654187930456-1024x143.jpg 1024w, https:\/\/www.mes-allocs.fr\/guides\/wp-content\/uploads\/2022\/06\/Quelle-formation-professionnelle-pour-un-adulte-en-reconversion--e1654187930456-768x107.jpg 768w, https:\/\/www.mes-allocs.fr\/guides\/wp-content\/uploads\/2022\/06\/Quelle-formation-professionnelle-pour-un-adulte-en-reconversion--e1654187930456-1536x215.jpg 1536w, https:\/\/www.mes-allocs.fr\/guides\/wp-content\/uploads\/2022\/06\/Quelle-formation-professionnelle-pour-un-adulte-en-reconversion--e1654187930456-600x84.jpg 600w\" sizes=\"auto, (max-width: 1560px) 100vw, 1560px\" \/>Pour d\u00e9velopper des comp\u00e9tences, acc\u00e9der \u00e0 l&#8217;emploi, ou encore changer de m\u00e9tier, une <a href=\"https:\/\/www.mes-allocs.fr\/guides\/aide-formation\/\">formation<\/a> professionnelle est un outil essentiel accessible \u00e0 tout le monde. Alors, formation professionnelle pour adulte reconversion : comment en b\u00e9n\u00e9ficier ?<\/b><\/p>\n<div class='cta-block'><div class='text'>Simulez toutes vos aides en 2 min.<\/div><a href='https:\/\/www.mes-allocs.fr\/ab-app?origin=guides\/wp-json\/wp\/v2\/posts\/51195' class='app-button fit'>Simulation gratuite<\/a><\/div>\n<h1 style=\"text-align: justify;\">C&rsquo;est quoi la formation professionnelle ?<\/h1>\n<p style=\"text-align: justify;\">La formation est un droit important destin\u00e9 \u00e0 tous les actifs et les <a href=\"https:\/\/www.mes-allocs.fr\/guides\/aide-formation\/quel-financement-de-formation-pour-demandeur-demploi\/\">demandeurs d&#8217;emploi.<\/a> <b>En effet, il s&rsquo;agit d&rsquo;une formation qui permet \u00e0 toute personne d&rsquo;acqu\u00e9rir les comp\u00e9tences et le savoir-faire sp\u00e9cifique \u00e0 un l&rsquo;exercice d&rsquo;un m\u00e9tier. <\/b>Ainsi, pour un adulte, elle offre la possibilit\u00e9 de r\u00e9aliser un projet professionnel d&rsquo;\u00e9volution ou de r\u00e9orientation. <b>La formation professionnelle rentre dans le cadre de la formation continue pour reprendre ses \u00e9tudes.<\/b> En revanche, chez les jeunes, il s&rsquo;agit de la formation initiale quand elle est r\u00e9alis\u00e9e dans la prolongation des \u00e9tudes.<\/p>\n<p style=\"text-align: justify;\"><b>Ce mode de formation pour <a href=\"https:\/\/www.mes-allocs.fr\/guides\/reconversion-professionnelle\/un-adulte-peut-faire-reconversion-professionnelle\/\">adultes<\/a> peut \u00eatre court, allant de quelques heures \u00e0 quelques jours, et permet d\u2019appr\u00e9hender l\u2019utilisation d\u2019un logiciel, d\u2019une technique ou de comprendre un secteur.<\/b> Cependant, il peut \u00e9galement s&rsquo;agir de formations qualifiantes, dipl\u00f4mantes\u00a0ou certifiantes et donc durer plusieurs ann\u00e9es (CAP, CQP, etc.). <b>L\u2019enseignement peut se faire en apprentissage, en contrat de qualification, \u00e0 distance ou en digital learning.<\/b><\/p>\n<p style=\"text-align: justify;\">Dans un monde qui \u00e9volue perp\u00e9tuellement, il est n\u00e9cessaire de pouvoir se reconvertir dans un autre m\u00e9tier. <b>Pour ce faire, la formation professionnelle est donc un outil important qui permet d\u2019acqu\u00e9rir, de renforcer ses <a href=\"https:\/\/www.mes-allocs.fr\/guides\/aide-formation\/construire-un-plan-de-developpement-des-competences\/\">comp\u00e9tences<\/a> ou d\u2019\u00e9voluer tout au long de la carri\u00e8re professionnelle.<\/b><\/p>\n<p><iframe loading=\"lazy\" title=\"Les aides \u00e0 la formation\" width=\"500\" height=\"281\" src=\"https:\/\/www.youtube.com\/embed\/gs3ZRHqtzmY?feature=oembed\" frameborder=\"0\" allow=\"accelerometer; autoplay; clipboard-write; encrypted-media; gyroscope; picture-in-picture; web-share\" referrerpolicy=\"strict-origin-when-cross-origin\" allowfullscreen><\/iframe><\/p>\n<h1 style=\"text-align: justify;\">Adulte en reconversion : pourquoi r\u00e9aliser une formation professionnelle ?<\/h1>\n<p style=\"text-align: justify;\"><b>Lorsque vous souhaitez op\u00e9rer une reconversion professionnelle, vous avez souvent besoin d&rsquo;acqu\u00e9rir de nouvelles comp\u00e9tences en vue d\u2019exercer un autre m\u00e9tier.<\/b> Le dispositif vous permet ainsi de vous former pendant ou en dehors de votre activit\u00e9 professionnelle pour les salari\u00e9s.\u00a0<b>Ainsi, il est possible d&rsquo;obtenir le dipl\u00f4me, la\u00a0certification ou la qualification indispensable pour pouvoir acc\u00e9der \u00e0 un autre secteur ou autre m\u00e9tier.<\/b><\/p>\n<p style=\"text-align: justify;\">Dans certains cas, afin d&rsquo;acc\u00e9der \u00e0 de nouvelles fonction, il est n\u00e9cessaire de mettre \u00e0 jour les comp\u00e9tences. <b>Ainsi, la formation professionnelle permet d&rsquo;acqu\u00e9rir de nouvelles aptitudes durant la vie active pour le retour ou le maintien dans l\u2019emploi et pour s\u00e9curiser ou optimiser le parcours professionnel.<\/b><\/p>\n<h1 style=\"text-align: justify;\">Les actions de\u00a0formation professionnelle<\/h1>\n<p style=\"text-align: justify;\">L\u2019action de formation est d\u00e9finie comme un parcours p\u00e9dagogique permettant d\u2019atteindre un objectif professionnel. <b>Il existe de nombreuses actions prises en compte dans le cadre de la formation professionnelle :<\/b><\/p>\n<ul>\n<li style=\"text-align: justify;\">La formation elle-m\u00eame : elle permet d&rsquo;acc\u00e9der ou de se maintenir dans\u00a0un emploi, de favoriser la mobilit\u00e9 professionnelle ou de d\u00e9velopper les comp\u00e9tences.<\/li>\n<li style=\"text-align: justify;\">Le bilan de comp\u00e9tences : elle offre la possibilit\u00e9 de faire le point sur la carri\u00e8re, les comp\u00e9tences, les motivations et constitue une \u00e9tape indispensable \u00e0 la r\u00e9ussite d\u2019une reconversion professionnelle.<\/li>\n<li style=\"text-align: justify;\">La Validation des Acquis de l&rsquo;Exp\u00e9rience : le dispositif consiste \u00e0 faire reconna\u00eetre les comp\u00e9tences professionnelles et les connaissances th\u00e9oriques afin de les convertir en dipl\u00f4me, titre ou certification \u00e9quivalent enregistr\u00e9 au r\u00e9pertoire national des certifications professionnelles (RNCP).<\/li>\n<li style=\"text-align: justify;\">L&rsquo;apprentissage : ce type de contrat d&rsquo;alternance permet d&rsquo;obtenir un\u00a0dipl\u00f4me ou une qualification professionnelle reconnue par l\u2019Etat, d&rsquo;avoir une exp\u00e9rience professionnelle dans le m\u00e9tier choisi et \u00eatre rapidement op\u00e9rationnel dans le nouvel emploi.<\/li>\n<\/ul>\n<h1 id=\"menu-4\" style=\"text-align: justify;\">Comment acc\u00e9der \u00e0 la formation professionnelle en reconversion ?<\/h1>\n<p style=\"text-align: justify;\">Pour se reconvertir professionnellement, la formation professionnelle est une bonne alternatives.\u00a0<b>En outre, elle est assur\u00e9e par diff\u00e9rents dispositifs, qui peuvent \u00eatre \u00e0 votre initiative ou celle de votre employeur tels que :<\/b><\/p>\n<ul>\n<li style=\"text-align: justify;\">Le Compte Personnel de Formation (CPF) : il s&rsquo;agit d&rsquo;un droit \u00e0 la formation professionnelle permettant d&rsquo;acqu\u00e9rir davantage de droits et garantit une autonomie dans la gestion des formations selon l&rsquo;int\u00e9r\u00eat.\u00a0Il remplace le DIF depuis le 1er janvier 2015.<\/li>\n<li style=\"text-align: justify;\">Le Plan de D\u00e9veloppement de Comp\u00e9tences (PDC) : c&rsquo;est un dispositif pr\u00e9vu par l&#8217;employeur chaque ann\u00e9e qui offre la possibilit\u00e9 de b\u00e2tir les actions de formation d\u2019une entreprise en fonction de sa strat\u00e9gie et de ses besoins.<\/li>\n<li style=\"text-align: justify;\">Le\u00a0Projet de Transition Professionnelle (PTP) :\u00a0ce droit \u00e0 la formation professionnelle permet de financer des formations longues de reconversion en b\u00e9n\u00e9ficiant d&rsquo;un cong\u00e9 associ\u00e9.<\/li>\n<li style=\"text-align: justify;\">Le Conseil en \u00c9volution Professionnelle (CEP) : c&rsquo;est un dispositif ouvert \u00e0 toute personne souhaitant faire un bilan sur sa situation professionnelle et \u00e9voluer professionnellement.<\/li>\n<\/ul>\n<h1 id=\"menu-5\" style=\"text-align: justify;\">Comment financer sa formation professionnelle pour une reconversion ?<\/h1>\n<p style=\"text-align: justify;\">Pour tous les salari\u00e9s qui ont un projet de formation pour se reconvertir, plusieurs dispositifs de financement existent.<\/p>\n<p style=\"text-align: justify;\"><b>Ainsi, en 2025, on peut comptabiliser 4 aides financi\u00e8res pour les salari\u00e9s :<\/b><\/p>\n<ul>\n<li style=\"text-align: justify;\">Le Compte Personnel de Formation (CPF) : il s&rsquo;agit d&rsquo;un dispositif qui permet \u00e0 toute personne\u00a0de cumuler des droits \u00e0 la formation professionnelle \u00e0 hauteur de 500 euros par an maximum et de les mobiliser \u00e0 tout moment.<\/li>\n<li style=\"text-align: justify;\">Le CPF de transition professionnelle : il permet \u00e0\u00a0salari\u00e9 d\u2019utiliser le CPF pour financer une reconversion professionnelle.<\/li>\n<li style=\"text-align: justify;\">Le plan de d\u00e9veloppement des comp\u00e9tences : \u00e0 l&rsquo;initiative de l&rsquo;entreprise, il permet la mise en place d\u2019actions de formation obligatoires et non obligatoires en rapport avec le secteur d\u2019activit\u00e9.<\/li>\n<li style=\"text-align: justify;\">La Pro-A ou promotion par alternance\u00a0: elle concerne les salari\u00e9s qui ne poss\u00e8dent pas le niveau de qualification concluant par une certification professionnelle enregistr\u00e9e au RNCP et qui correspond \u00e0 la licence.<\/li>\n<\/ul>\n<p style=\"text-align: justify;\"><b>De nombreux dispositifs sont pr\u00e9vus pour aider les demandeurs d&#8217;emploi \u00e0 se reconvertir tels que :<\/b><\/p>\n<ul>\n<li style=\"text-align: justify;\">L\u2019Aide de Retour \u00e0 l\u2019Emploi (ARE) : il s&rsquo;agit d&rsquo;une allocution\u00a0vers\u00e9e suite \u00e0 un licenciement, \u00e0 une rupture conventionnelle ou \u00e0 une d\u00e9mission sous certaines conditions. L&rsquo;aide est attribu\u00e9e sous forme d\u2019indemnit\u00e9s mensuelles calcul\u00e9es sur la base de l\u2019ancien salaire pour une dur\u00e9e maximale de 2 ans.<\/li>\n<li style=\"text-align: justify;\">L&rsquo;Aide de Retour \u00e0 l&rsquo;Emploi &#8211; Formation (AREF) : cette aide est adress\u00e9e aux personnes b\u00e9n\u00e9ficiant de l\u2019ARE et suivant une formation P\u00f4le Emploi dans le cadre du Projet Personnalis\u00e9 d\u2019Acc\u00e8s \u00e0 l\u2019Emploi (PPAE).<\/li>\n<li style=\"text-align: justify;\">La R\u00e9mun\u00e9ration de Formation de France Travail (RFFT) : la prestation est destin\u00e9e aux personnes ne pouvant percevoir l\u2019ARE et suivant une formation agr\u00e9\u00e9e par le France Travail.<\/li>\n<li style=\"text-align: justify;\">Les actions de Formation Conventionn\u00e9es (AFC) : c&rsquo;est une aide financi\u00e8re accord\u00e9e aux demandeurs d\u2019emploi qui suivent une formation pour combler l\u2019\u00e9cart entre leurs comp\u00e9tences actuelles et les comp\u00e9tences attendues sur le march\u00e9 du travail.<\/li>\n<\/ul>\n<div class='cta-block'><div class='text'>Simulez toutes vos aides en 2 min.<\/div><a href='https:\/\/www.mes-allocs.fr\/ab-app?origin=guides\/wp-json\/wp\/v2\/posts\/51195' class='app-button fit'>Simulation gratuite<\/a><\/div>\n","protected":false},"excerpt":{"rendered":"<p>Pour d\u00e9velopper des comp\u00e9tences, acc\u00e9der \u00e0 l&#8217;emploi, ou encore changer de m\u00e9tier, une formation professionnelle est un outil essentiel accessible \u00e0 tout le monde. Alors, formation professionnelle pour adulte reconversion : comment en b\u00e9n\u00e9ficier ? C&rsquo;est quoi la formation professionnelle ? La formation est un droit important destin\u00e9 \u00e0 tous les actifs et les demandeurs [&hellip;]<\/p>\n","protected":false},"author":14,"featured_media":51618,"comment_status":"closed","ping_status":"open","sticky":false,"template":"","format":"standard","meta":{"amp_status":"","footnotes":""},"categories":[2045,19732],"tags":[],"class_list":["post-51195","post","type-post","status-publish","format-standard","has-post-thumbnail","hentry","category-aide-formation","category-formation-pour-adulte"],"yoast_head":"<!-- This site is optimized with the Yoast SEO plugin v14.9 - https:\/\/yoast.com\/wordpress\/plugins\/seo\/ -->\n<title>Quelle formation professionnelle pour un adulte en reconversion ?<\/title>\n<meta name=\"description\" content=\"Pour d\u00e9velopper des comp\u00e9tences, acc\u00e9der \u00e0 l&#039;emploi ou encore se reconvertir, une formation professionnelle est un outil accessible \u00e0 tous.\" \/>\n<meta name=\"robots\" content=\"index, follow, max-snippet:-1, max-image-preview:large, max-video-preview:-1\" \/>\n<link rel=\"canonical\" href=\"https:\/\/www.mes-allocs.fr\/guides\/aide-formation\/formation-pour-adulte\/formation-professionnelle-pour-adulte-reconversion\/\" \/>\n<meta property=\"og:locale\" content=\"fr_FR\" \/>\n<meta property=\"og:type\" content=\"article\" \/>\n<meta property=\"og:title\" content=\"Quelle formation professionnelle pour un adulte en reconversion ?\" \/>\n<meta property=\"og:description\" content=\"Pour d\u00e9velopper des comp\u00e9tences, acc\u00e9der \u00e0 l&#039;emploi ou encore se reconvertir, une formation professionnelle est un outil accessible \u00e0 tous.\" \/>\n<meta property=\"og:url\" content=\"https:\/\/www.mes-allocs.fr\/guides\/aide-formation\/formation-pour-adulte\/formation-professionnelle-pour-adulte-reconversion\/\" \/>\n<meta property=\"og:site_name\" content=\"Mes-Allocs.fr\" \/>\n<meta property=\"article:published_time\" content=\"2022-06-07T16:12:45+00:00\" \/>\n<meta property=\"article:modified_time\" content=\"2025-07-16T09:07:59+00:00\" \/>\n<meta property=\"og:image\" content=\"https:\/\/www.mes-allocs.fr\/guides\/wp-content\/uploads\/2022\/06\/Quelle-formation-professionnelle-pour-un-adulte-en-reconversion-2.jpg?wsr\" \/>\n\t<meta property=\"og:image:width\" content=\"612\" \/>\n\t<meta property=\"og:image:height\" content=\"408\" \/>\n<meta name=\"twitter:card\" content=\"summary_large_image\" \/>\n<script type=\"application\/ld+json\" class=\"yoast-schema-graph\">{\"@context\":\"https:\/\/schema.org\",\"@graph\":[{\"@type\":\"WebSite\",\"@id\":\"https:\/\/www.mes-allocs.fr\/guides\/#website\",\"url\":\"https:\/\/www.mes-allocs.fr\/guides\/\",\"name\":\"Mes-Allocs.fr\",\"description\":\"\",\"potentialAction\":[{\"@type\":\"SearchAction\",\"target\":\"https:\/\/www.mes-allocs.fr\/guides\/?s={search_term_string}\",\"query-input\":\"required name=search_term_string\"}],\"inLanguage\":\"fr-FR\"},{\"@type\":\"ImageObject\",\"@id\":\"https:\/\/www.mes-allocs.fr\/guides\/aide-formation\/formation-pour-adulte\/formation-professionnelle-pour-adulte-reconversion\/#primaryimage\",\"inLanguage\":\"fr-FR\",\"url\":\"https:\/\/www.mes-allocs.fr\/guides\/wp-content\/uploads\/2022\/06\/Quelle-formation-professionnelle-pour-un-adulte-en-reconversion-2.jpg?wsr\",\"width\":612,\"height\":408,\"caption\":\"Quelle formation professionnelle pour un adulte en reconversion\"},{\"@type\":\"WebPage\",\"@id\":\"https:\/\/www.mes-allocs.fr\/guides\/aide-formation\/formation-pour-adulte\/formation-professionnelle-pour-adulte-reconversion\/#webpage\",\"url\":\"https:\/\/www.mes-allocs.fr\/guides\/aide-formation\/formation-pour-adulte\/formation-professionnelle-pour-adulte-reconversion\/\",\"name\":\"Quelle formation professionnelle pour un adulte en reconversion ?\",\"isPartOf\":{\"@id\":\"https:\/\/www.mes-allocs.fr\/guides\/#website\"},\"primaryImageOfPage\":{\"@id\":\"https:\/\/www.mes-allocs.fr\/guides\/aide-formation\/formation-pour-adulte\/formation-professionnelle-pour-adulte-reconversion\/#primaryimage\"},\"datePublished\":\"2022-06-07T16:12:45+00:00\",\"dateModified\":\"2025-07-16T09:07:59+00:00\",\"author\":{\"@id\":\"https:\/\/www.mes-allocs.fr\/guides\/#\/schema\/person\/a3de97298fd0ffc005ebdd5628b03ca8\"},\"description\":\"Pour d\\u00e9velopper des comp\\u00e9tences, acc\\u00e9der \\u00e0 l'emploi ou encore se reconvertir, une formation professionnelle est un outil accessible \\u00e0 tous.\",\"inLanguage\":\"fr-FR\"},{\"@type\":\"Person\",\"@id\":\"https:\/\/www.mes-allocs.fr\/guides\/#\/schema\/person\/a3de97298fd0ffc005ebdd5628b03ca8\",\"name\":\"Marina Ada Ondo\",\"image\":{\"@type\":\"ImageObject\",\"@id\":\"https:\/\/www.mes-allocs.fr\/guides\/#personlogo\",\"inLanguage\":\"fr-FR\",\"url\":\"https:\/\/www.mes-allocs.fr\/guides\/wp-content\/uploads\/2022\/02\/Photo-de-profil-150x150.png\",\"caption\":\"Marina Ada Ondo\"},\"description\":\"Marina est r\\u00e9dactrice au sein de l'\\u00e9quipe Mes Allocs, sp\\u00e9cialis\\u00e9e sur les aides aux jeunes. Dipl\\u00f4m\\u00e9e de l'ISFJ, elle rejoint Mes Allocs apr\\u00e8s une premi\\u00e8re exp\\u00e9rience en communication chez Little Africa, une agence de communication \\u00e0 Paris. Sur son temps libre, Marina lit beaucoup et passe ses dimanches au mus\\u00e9e.\",\"sameAs\":[\"https:\/\/www.linkedin.com\/in\/marinaadaondo\/\"]}]}<\/script>\n<!-- \/ Yoast SEO plugin. -->","amp_validity":null,"acf":{"faq":{"1":{"question":"Quel m\u00e9tier pour se reconvertir \u00e0 40 ans ?","answer":"Informatique, num\u00e9rique, sant\u00e9 et service \u00e0 la personne sont aujourd'hui des secteurs \u00e0 forts besoins, dans lesquels l'exp\u00e9rience et la maturit\u00e9 sont valoris\u00e9es. Ils sont donc particuli\u00e8rement propices pour une reconversion apr\u00e8s 40 ans."},"2":{"question":"Comment quitter un CDI pour une reconversion professionnelle ?","answer":"Pour d\u00e9missionner d'un CDI pour faire une reconversion professionnelle, deux modes de rupture de contrat sont possibles : la rupture conventionnelle et la d\u00e9mission. "},"3":{"question":"Quels sont les secteurs qui recrutent le plus ?","answer":"Les secteurs qui caracolent en t\u00eate demeurent les services, le commerce, l'industrie, la construction, l'h\u00f4tellerie-restauration et l'agriculture."},"4":{"question":"Comment se reconvertir sans perte de salaire ?","answer":"Pour profiter d'une reconversion professionnelle sans perte de salaire, 2 solutions sont envisageables : b\u00e9n\u00e9ficier d'aides et de dispositifs pour conserver sa r\u00e9mun\u00e9ration ou opter directement pour une formation r\u00e9mun\u00e9r\u00e9e."},"5":{"question":"Comment quitter un CDI sans perdre ses droits P\u00f4le emploi ?","answer":"Il est possible de quitter un CDI sans perdre ses droits au ch\u00f4mage, \u00e0 condition qu'il s'agisse d'une d\u00e9mission l\u00e9gitime. Dans les faits, seuls les salari\u00e9s priv\u00e9s d'emploi de mani\u00e8re involontaire peuvent pr\u00e9tendre au ch\u00f4mage."},"6":{"question":"Qui peut m'aider \u00e0 me reconvertir ?","answer":"Voici les principales institutions qui permettent de pr\u00e9parer une reconversion : \r\nL'AFPA\r\nMaFormation\r\nP\u00f4le emploi\r\nL'APEC \r\nLe r\u00e9seau GRETA\r\nL'Agefiph\r\nChambre des m\u00e9tiers et de l'artisanat\r\nLe CNAM"},"7":{"question":"","answer":""},"8":{"question":"","answer":""},"9":{"question":"","answer":""},"10":{"question":"","answer":""},"11":{"question":"","answer":""},"12":{"question":"","answer":""},"13":{"question":"","answer":""},"14":{"question":"","answer":""},"15":{"question":"","answer":""},"16":{"question":"","answer":""}}},"_links":{"self":[{"href":"https:\/\/www.mes-allocs.fr\/guides\/wp-json\/wp\/v2\/posts\/51195","targetHints":{"allow":["GET"]}}],"collection":[{"href":"https:\/\/www.mes-allocs.fr\/guides\/wp-json\/wp\/v2\/posts"}],"about":[{"href":"https:\/\/www.mes-allocs.fr\/guides\/wp-json\/wp\/v2\/types\/post"}],"author":[{"embeddable":true,"href":"https:\/\/www.mes-allocs.fr\/guides\/wp-json\/wp\/v2\/users\/14"}],"replies":[{"embeddable":true,"href":"https:\/\/www.mes-allocs.fr\/guides\/wp-json\/wp\/v2\/comments?post=51195"}],"version-history":[{"count":11,"href":"https:\/\/www.mes-allocs.fr\/guides\/wp-json\/wp\/v2\/posts\/51195\/revisions"}],"predecessor-version":[{"id":102349,"href":"https:\/\/www.mes-allocs.fr\/guides\/wp-json\/wp\/v2\/posts\/51195\/revisions\/102349"}],"wp:featuredmedia":[{"embeddable":true,"href":"https:\/\/www.mes-allocs.fr\/guides\/wp-json\/wp\/v2\/media\/51618"}],"wp:attachment":[{"href":"https:\/\/www.mes-allocs.fr\/guides\/wp-json\/wp\/v2\/media?parent=51195"}],"wp:term":[{"taxonomy":"category","embeddable":true,"href":"https:\/\/www.mes-allocs.fr\/guides\/wp-json\/wp\/v2\/categories?post=51195"},{"taxonomy":"post_tag","embeddable":true,"href":"https:\/\/www.mes-allocs.fr\/guides\/wp-json\/wp\/v2\/tags?post=51195"}],"curies":[{"name":"wp","href":"https:\/\/api.w.org\/{rel}","templated":true}]}}