{"id":51155,"date":"2022-06-01T17:22:28","date_gmt":"2022-06-01T15:22:28","guid":{"rendered":"https:\/\/www.mes-allocs.fr\/guides\/?p=51155"},"modified":"2025-07-16T10:58:04","modified_gmt":"2025-07-16T08:58:04","slug":"financement-formation-professionnelle-opco","status":"publish","type":"post","link":"https:\/\/www.mes-allocs.fr\/guides\/aide-formation\/formation-opco\/financement-formation-professionnelle-opco\/","title":{"rendered":"Financement de la formation professionnelle par les OPCO"},"content":{"rendered":"<p style=\"text-align: justify;\"><b><img loading=\"lazy\" decoding=\"async\" class=\"alignnone wp-image-51168 size-full\" title=\"Financement de la formation professionnelle par les OPCO\" src=\"https:\/\/www.mes-allocs.fr\/guides\/wp-content\/uploads\/2022\/05\/Financement-de-la-formation-professionnelle-par-les-OPCO-scaled-e1654009826674.jpg\" alt=\"Financement de la formation professionnelle par les OPCO\" width=\"2560\" height=\"576\" srcset=\"https:\/\/www.mes-allocs.fr\/guides\/wp-content\/uploads\/2022\/05\/Financement-de-la-formation-professionnelle-par-les-OPCO-scaled-e1654009826674.jpg 2560w, https:\/\/www.mes-allocs.fr\/guides\/wp-content\/uploads\/2022\/05\/Financement-de-la-formation-professionnelle-par-les-OPCO-scaled-e1654009826674-300x68.jpg 300w, https:\/\/www.mes-allocs.fr\/guides\/wp-content\/uploads\/2022\/05\/Financement-de-la-formation-professionnelle-par-les-OPCO-scaled-e1654009826674-1024x230.jpg 1024w, https:\/\/www.mes-allocs.fr\/guides\/wp-content\/uploads\/2022\/05\/Financement-de-la-formation-professionnelle-par-les-OPCO-scaled-e1654009826674-768x173.jpg 768w, https:\/\/www.mes-allocs.fr\/guides\/wp-content\/uploads\/2022\/05\/Financement-de-la-formation-professionnelle-par-les-OPCO-scaled-e1654009826674-1536x346.jpg 1536w, https:\/\/www.mes-allocs.fr\/guides\/wp-content\/uploads\/2022\/05\/Financement-de-la-formation-professionnelle-par-les-OPCO-scaled-e1654009826674-2048x461.jpg 2048w, https:\/\/www.mes-allocs.fr\/guides\/wp-content\/uploads\/2022\/05\/Financement-de-la-formation-professionnelle-par-les-OPCO-scaled-e1654009826674-600x135.jpg 600w\" sizes=\"auto, (max-width: 2560px) 100vw, 2560px\" \/>Toute personne, peu importe son statut professionnel, a droit \u00e0 la formation professionnelle. Les<a href=\"https:\/\/www.mes-allocs.fr\/guides\/aide-formation\/\"> aides \u00e0 la formation<\/a> peuvent \u00eatre financ\u00e9es par diff\u00e9rents organismes don\u2019t les OPCO. Alors, financement formation professionnelle OPCO : comment \u00e7a marche ?<\/b><\/p>\n<div class='cta-block'><div class='text'>Simulez toutes vos aides en 2 min.<\/div><a href='https:\/\/www.mes-allocs.fr\/ab-app?origin=guides\/wp-json\/wp\/v2\/posts\/51155' class='app-button fit'>Simulation gratuite<\/a><\/div>\n<h1 style=\"text-align: justify;\">Rappel : c\u2019est quoi un OPCO ?<\/h1>\n<p style=\"text-align: justify;\"><b>Un Op\u00e9rateur de Comp\u00e9tence (<a href=\"https:\/\/www.mes-allocs.fr\/guides\/aide-formation\/organisme-de-formation-opco\/\">OPCO<\/a>) d\u00e9signe un organisme d\u2019accompagnement \u00e0 la formation professionnelle.<\/b> Depuis le 1er avril 2019, les OPCO ont remplac\u00e9 les Organismes Paritaires Collecteurs Agr\u00e9\u00e9s (OPCA). <b>Ainsi, les 329 branches professionnelles sont r\u00e9parties sous 11 OPCO \u00e0 la place des 20 OPCA pr\u00e9c\u00e9dents.<\/b><\/p>\n<p style=\"text-align: justify;\"><b>Au m\u00eame titre que les anciens OPCA, les organismes accompagnent les <a href=\"https:\/\/www.mes-allocs.fr\/blog\/entreprises-quels-leviers-utiliser-pour-reduire-ses-factures-denergie\/\">entreprises<\/a> pour la formation professionnelle de leurs salari\u00e9s.<\/b> Toutes les petites et moyennes entreprises de moins de 50 salari\u00e9s profitent des services d\u2019accompagnement de proximit\u00e9. <b>Ce sont les OPCO qui jouent les interm\u00e9diaires entre les branches professionnelles et les entreprises.<\/b> <b>\u00c0 ce titre, ils les renseignent concernant la prise en charge des formations et lors de la d\u00e9finition de leurs besoins en formation. <\/b> Les structures garantissent la transmission aux salari\u00e9s de l\u2019information en entreprise sur la formation <a href=\"https:\/\/www.mes-allocs.fr\/guides\/aide-formation\/conge-de-formation-professionnelle\/\">professionnelle.<\/a><\/p>\n<h1 style=\"text-align: justify;\">Financement de la formation professionnelle par les OPCO<\/h1>\n<p style=\"text-align: justify;\"><b>Les OPCO ont pour r\u00f4le d\u2019assurer le financement de la formation professionnelle de tous les actifs d\u00e8s l\u2019\u00e2ge de 16 ans.<\/b> Cela concerne donc les salari\u00e9s, les non-salari\u00e9s, les agents publics, les apprentis et dirigeants d\u2019entreprises. <b>Ainsi, gr\u00e2ce aux Op\u00e9rateurs de Comp\u00e9tences, les entreprises, les commerces ou les industries peuvent financer la formation continue de leurs employ\u00e9s, ouvriers, agents de ma\u00eetrise et cadres.<\/b> Les OPCO prennent \u00e9galement le financement des contrats d\u2019apprentissage et les contrats de professionnalisation en charge.<\/p>\n<p style=\"text-align: justify;\"><b>Depuis l\u2019admission du Compte Personnel de Formation (CPF) en 2015, les OPCO relayent l\u2019entreprise pour toute formation \u00e9ligible au CPF.<\/b> <b>Ainsi, ils renseignent et aident les salari\u00e9s concernant la prise en charge de leurs formations professionnelles CPF.<\/b> Afin de savoir si une formation est \u00e9ligible au CPF, vous devez vous rendre dans votre espace personnel de CPF pour consulter le catalogue des formations concern\u00e9es.<\/p>\n<p><iframe loading=\"lazy\" title=\"Les aides \u00e0 la formation\" width=\"500\" height=\"281\" src=\"https:\/\/www.youtube.com\/embed\/gs3ZRHqtzmY?feature=oembed\" frameborder=\"0\" allow=\"accelerometer; autoplay; clipboard-write; encrypted-media; gyroscope; picture-in-picture; web-share\" referrerpolicy=\"strict-origin-when-cross-origin\" allowfullscreen><\/iframe><\/p>\n<h1 style=\"text-align: justify;\">Quels sont les OPCO ?<\/h1>\n<p style=\"text-align: justify;\"><b>Il est possible de consulter en d\u00e9tail la liste des OPCO aupr\u00e8s du minist\u00e8re du Travail et de France comp\u00e9tences.<\/b> En effet, ils regroupent chaque chaque convention collective nationale d\u2019ouvriers, employ\u00e9s, agents de ma\u00eetrise et cadres d\u2019entreprises, commerces et industries.<\/p>\n<p style=\"text-align: justify;\"><b>Ces 11 Op\u00e9rateurs de Comp\u00e9tences sont :<\/b><\/p>\n<ul>\n<li style=\"text-align: justify;\">AFDAS prend en charge les secteurs de la culture, des m\u00e9dias, des loisirs et du sport. C\u2019est l\u2019ancien OPCA AFDAS.<\/li>\n<li style=\"text-align: justify;\">ATLAS s\u2019occupe de ce qui est relatif aux secteurs des services financiers et de conseil. Il regroupe les anciens OPCA OPTALIA, AGEFOS-PME, OPCABAIA, FAFIEC et ACTALIANS.<\/li>\n<li style=\"text-align: justify;\">Uniformation est l\u2019OPCO de la Coh\u00e9sion sociale. Il regroupe les conventions.<\/li>\n<li style=\"text-align: justify;\">AKTO g\u00e8re le secteur des services \u00e0 forte intensit\u00e9 de main-d\u2019\u0153uvre. Il s\u2019agit de l\u2019ancien OPCA ESSFIMO.<\/li>\n<li style=\"text-align: justify;\">OCAPIAT est en charge des coop\u00e9ratives agricoles, l\u2019agriculture, la p\u00eache, les industries de l\u2019agroalimentaire et les territoires. Il succ\u00e8de aux anciens OPCA FAFSEA et OPCALIM en charge des coop\u00e9ratives agricoles et industries pr\u00e9cit\u00e9es.<\/li>\n<li style=\"text-align: justify;\">OPCO 2i est l&rsquo;OCPO interindustriel. \u00c0 cet effet, il concentre\u00a0<b><\/b>les conventions collectives d\u2019ouvriers, employ\u00e9s, agents de ma\u00eetrises et cadres de diverses industries. Il a pris la place du groupe compos\u00e9 de\u00a0AGEFOS-PME, OPCA DEFI, OPMCAI, OPCA 3+ et OPCAAIA.<\/li>\n<li style=\"text-align: justify;\">Construction accompagne la formation professionnelle des secteurs des BTP. C&rsquo;est l&rsquo;ancien OPCA Constructys qui s&rsquo;en chargeait.<\/li>\n<li style=\"text-align: justify;\">Mobilit\u00e9s concerne les secteurs de mobilit\u00e9, \u00e0 savoir les entreprises du transport et de l\u2019automobile. Il regroupe les anciens TRANSPORTS ET SERVICES, ANFA, AGEFOS PME et OPCALIA.<\/li>\n<li style=\"text-align: justify;\">Entreprises de proximit\u00e9 s&rsquo;occupent des secteurs de l\u2019artisanat, les professions lib\u00e9rales et les services de proximit\u00e9. Il regroupe les OPCA ACALIANS, AGEFOS-PME, FAFSEA, OPCALIA ET OPCALIM.<\/li>\n<li style=\"text-align: justify;\">Sant\u00e9 regroupe les structures de sant\u00e9 du secteur priv\u00e9. Il remplace UNIFAF.<\/li>\n<li style=\"text-align: justify;\">Commerce concerne la formation professionnelle des commerces et entreprises de commerce. L\u2019OPCO Commerce succ\u00e8de aux OPCA FORCO et INTERGROS.<\/li>\n<\/ul>\n<h1 style=\"text-align: justify;\">Comment conna\u00eetre l&rsquo;OPCO ?<\/h1>\n<p style=\"text-align: justify;\"><b>Pour conna\u00eetre votre OPCO afin de fiancer la formation professionnelle, vous devez trouver l&rsquo;identifiant de convention collective ou IDCC.<\/b> Chaque convention collective nationale d\u00e9tient un code IDCC. <b>Ce dernier est disponible sur la liste des IDCC mis \u00e0 jour chaque mois. Il s&rsquo;agit d&rsquo;un tableau Excel de correspondance entre code IDCC et OPCO t\u00e9l\u00e9chargeable sur le site du\u00a0minist\u00e8re du Travail.<\/b><\/p>\n<p style=\"text-align: justify;\"><b>Les entreprises doivent consulter le site web pour conna\u00eetre l\u2019OPCO auquel l&rsquo;entreprise se rattache.<\/b>\u00a0<b>Les salari\u00e9s peuvent trouver le code ICC sur leurs fiches de salaire.<\/b> Il est possible de se renseigner aupr\u00e8s des services des ressources humaines de votre entreprise.<\/p>\n<h2 style=\"text-align: justify;\">Conna\u00eetre l&rsquo;OPCO\u00a0sans convention collective nationale<\/h2>\n<p style=\"text-align: justify;\"><b>Concernant une activit\u00e9 qui ne rel\u00e8ve pas d une convention collective nationale, vous pouvez retrouver votre OPCO gr\u00e2ce au code NAF ou au num\u00e9ro de SIRET de votre entreprise.<\/b> Ces informations sont disponibles sur tous les documents administratifs de votre entreprise.<\/p>\n<h2 style=\"text-align: justify;\">Conna\u00eetre l&rsquo;OPCO en tant que demandeur d&#8217;emploi<\/h2>\n<p style=\"text-align: justify;\">P\u00f4le Emploi est l\u2019OPCO des personnes en recherche d\u2019emploi. <b>Si vous \u00eates en recherche d&#8217;emploi, vous pouvez vous faire financer une formation par la structure.<\/b> Il faut consulter le catalogue des offres de formations sur votre espace candidat. <b>Lorsque la formation est\u00a0\u00e9ligible au CPF, vous devez v\u00e9rifier le montant disponible sur votre Compte de Formation Personnel (CPF). <\/b>\u00c0 savoir que P\u00f4le emploi peut abonder le montant de votre formation \u00e9ligible au CPF s\u2019il est insuffisant.<\/p>\n<h2 style=\"text-align: justify;\">Conna\u00eetre l&rsquo;OPCO en tant que dirigeant d\u2019entreprise non salari\u00e9<\/h2>\n<p style=\"text-align: justify;\"><b>Le FAF AGEFICE prend en charge la formation professionnelle d&rsquo;un dirigeant d\u2019entreprise non-salari\u00e9.<\/b> C&rsquo;est le Fonds d\u2019assurance formation du commerce, de l\u2019industrie et des services. <b>En tant que dirigeant d\u2019entreprise, vous pouvez b\u00e9n\u00e9ficier de formations gratuites comme\u00a0la Mallette du Dirigeant.<\/b> C&rsquo;est un dispositif de financement d\u2019actions de formation exclusivement en pr\u00e9sentiel.<\/p>\n<h1 style=\"text-align: justify;\">Quels sont les autres dispositifs de financement de la formation professionnelle ?<\/h1>\n<p class=\"article-intro\" style=\"text-align: justify;\"><b>Vous avez plusieurs solutions pour financer une formation :<\/b><\/p>\n<ul>\n<li style=\"text-align: justify;\">L&rsquo;Aide Individuelle \u00e0 la Formation (AIF)<\/li>\n<li style=\"text-align: justify;\">L&rsquo;Action de Formation Pr\u00e9alable au Recrutement (AFPR)<\/li>\n<li style=\"text-align: justify;\">La Pr\u00e9paration Op\u00e9rationnelle \u00e0 l&rsquo;Emploi (POE)<\/li>\n<li style=\"text-align: justify;\">Le contrat de professionnalisation<\/li>\n<li style=\"text-align: justify;\">Le Plan de D\u00e9veloppement des Comp\u00e9tences (PDC)<\/li>\n<li style=\"text-align: justify;\">Le CPF de transition professionnelle<\/li>\n<li style=\"text-align: justify;\">Le dispositif Pro-A<\/li>\n<li style=\"text-align: justify;\">Le dispositif TranCo<\/li>\n<\/ul>\n<p style=\"text-align: justify;\"><div class='cta-block'><div class='text'>Simulez toutes vos aides en 2 min.<\/div><a href='https:\/\/www.mes-allocs.fr\/ab-app?origin=guides\/wp-json\/wp\/v2\/posts\/51155' class='app-button fit'>Simulation gratuite<\/a><\/div><\/p>\n","protected":false},"excerpt":{"rendered":"<p>Toute personne, peu importe son statut professionnel, a droit \u00e0 la formation professionnelle. Les aides \u00e0 la formation peuvent \u00eatre financ\u00e9es par diff\u00e9rents organismes don\u2019t les OPCO. Alors, financement formation professionnelle OPCO : comment \u00e7a marche ? Rappel : c\u2019est quoi un OPCO ? Un Op\u00e9rateur de Comp\u00e9tence (OPCO) d\u00e9signe un organisme d\u2019accompagnement \u00e0 la [&hellip;]<\/p>\n","protected":false},"author":14,"featured_media":51167,"comment_status":"closed","ping_status":"open","sticky":false,"template":"","format":"standard","meta":{"amp_status":"","footnotes":""},"categories":[2045,19720],"tags":[],"class_list":["post-51155","post","type-post","status-publish","format-standard","has-post-thumbnail","hentry","category-aide-formation","category-formation-opco"],"yoast_head":"<!-- This site is optimized with the Yoast SEO plugin v14.9 - https:\/\/yoast.com\/wordpress\/plugins\/seo\/ -->\n<title>Financement de la formation professionnelle par les OPCO | Mes-Allocs.fr<\/title>\n<meta name=\"description\" content=\"Toute personne \u00e0 droit \u00e0 la formation professionnelle. Elles peuvent \u00eatre financ\u00e9es par diff\u00e9rents organismes dont les OPCO.\" \/>\n<meta name=\"robots\" content=\"index, follow, max-snippet:-1, max-image-preview:large, max-video-preview:-1\" \/>\n<link rel=\"canonical\" href=\"https:\/\/www.mes-allocs.fr\/guides\/aide-formation\/formation-opco\/financement-formation-professionnelle-opco\/\" \/>\n<meta property=\"og:locale\" content=\"fr_FR\" \/>\n<meta property=\"og:type\" content=\"article\" \/>\n<meta property=\"og:title\" content=\"Financement de la formation professionnelle par les OPCO | Mes-Allocs.fr\" \/>\n<meta property=\"og:description\" content=\"Toute personne \u00e0 droit \u00e0 la formation professionnelle. Elles peuvent \u00eatre financ\u00e9es par diff\u00e9rents organismes dont les OPCO.\" \/>\n<meta property=\"og:url\" content=\"https:\/\/www.mes-allocs.fr\/guides\/aide-formation\/formation-opco\/financement-formation-professionnelle-opco\/\" \/>\n<meta property=\"og:site_name\" content=\"Mes-Allocs.fr\" \/>\n<meta property=\"article:published_time\" content=\"2022-06-01T15:22:28+00:00\" \/>\n<meta property=\"article:modified_time\" content=\"2025-07-16T08:58:04+00:00\" \/>\n<meta property=\"og:image\" content=\"https:\/\/www.mes-allocs.fr\/guides\/wp-content\/uploads\/2022\/05\/Financement-de-la-formation-professionnelle-par-les-OPCO3.jpg?wsr\" \/>\n\t<meta property=\"og:image:width\" content=\"612\" \/>\n\t<meta property=\"og:image:height\" content=\"408\" \/>\n<meta name=\"twitter:card\" content=\"summary_large_image\" \/>\n<script type=\"application\/ld+json\" class=\"yoast-schema-graph\">{\"@context\":\"https:\/\/schema.org\",\"@graph\":[{\"@type\":\"WebSite\",\"@id\":\"https:\/\/www.mes-allocs.fr\/guides\/#website\",\"url\":\"https:\/\/www.mes-allocs.fr\/guides\/\",\"name\":\"Mes-Allocs.fr\",\"description\":\"\",\"potentialAction\":[{\"@type\":\"SearchAction\",\"target\":\"https:\/\/www.mes-allocs.fr\/guides\/?s={search_term_string}\",\"query-input\":\"required name=search_term_string\"}],\"inLanguage\":\"fr-FR\"},{\"@type\":\"ImageObject\",\"@id\":\"https:\/\/www.mes-allocs.fr\/guides\/aide-formation\/formation-opco\/financement-formation-professionnelle-opco\/#primaryimage\",\"inLanguage\":\"fr-FR\",\"url\":\"https:\/\/www.mes-allocs.fr\/guides\/wp-content\/uploads\/2022\/05\/Financement-de-la-formation-professionnelle-par-les-OPCO3.jpg?wsr\",\"width\":612,\"height\":408,\"caption\":\"Financement de la formation professionnelle par les OPCO\"},{\"@type\":\"WebPage\",\"@id\":\"https:\/\/www.mes-allocs.fr\/guides\/aide-formation\/formation-opco\/financement-formation-professionnelle-opco\/#webpage\",\"url\":\"https:\/\/www.mes-allocs.fr\/guides\/aide-formation\/formation-opco\/financement-formation-professionnelle-opco\/\",\"name\":\"Financement de la formation professionnelle par les OPCO | Mes-Allocs.fr\",\"isPartOf\":{\"@id\":\"https:\/\/www.mes-allocs.fr\/guides\/#website\"},\"primaryImageOfPage\":{\"@id\":\"https:\/\/www.mes-allocs.fr\/guides\/aide-formation\/formation-opco\/financement-formation-professionnelle-opco\/#primaryimage\"},\"datePublished\":\"2022-06-01T15:22:28+00:00\",\"dateModified\":\"2025-07-16T08:58:04+00:00\",\"author\":{\"@id\":\"https:\/\/www.mes-allocs.fr\/guides\/#\/schema\/person\/a3de97298fd0ffc005ebdd5628b03ca8\"},\"description\":\"Toute personne \\u00e0 droit \\u00e0 la formation professionnelle. Elles peuvent \\u00eatre financ\\u00e9es par diff\\u00e9rents organismes dont les OPCO.\",\"inLanguage\":\"fr-FR\"},{\"@type\":\"Person\",\"@id\":\"https:\/\/www.mes-allocs.fr\/guides\/#\/schema\/person\/a3de97298fd0ffc005ebdd5628b03ca8\",\"name\":\"Marina Ada Ondo\",\"image\":{\"@type\":\"ImageObject\",\"@id\":\"https:\/\/www.mes-allocs.fr\/guides\/#personlogo\",\"inLanguage\":\"fr-FR\",\"url\":\"https:\/\/www.mes-allocs.fr\/guides\/wp-content\/uploads\/2022\/02\/Photo-de-profil-150x150.png\",\"caption\":\"Marina Ada Ondo\"},\"description\":\"Marina est r\\u00e9dactrice au sein de l'\\u00e9quipe Mes Allocs, sp\\u00e9cialis\\u00e9e sur les aides aux jeunes. Dipl\\u00f4m\\u00e9e de l'ISFJ, elle rejoint Mes Allocs apr\\u00e8s une premi\\u00e8re exp\\u00e9rience en communication chez Little Africa, une agence de communication \\u00e0 Paris. Sur son temps libre, Marina lit beaucoup et passe ses dimanches au mus\\u00e9e.\",\"sameAs\":[\"https:\/\/www.linkedin.com\/in\/marinaadaondo\/\"]}]}<\/script>\n<!-- \/ Yoast SEO plugin. -->","amp_validity":null,"acf":{"faq":{"1":{"question":"Comment se faire financer une formation par OPCO ?","answer":"Une fois l'adh\u00e9sion \u00e0 l'OPCO correspondant \u00e0 votre soci\u00e9t\u00e9 termin\u00e9, vous pouvez entreprendre les d\u00e9marches pour r\u00e9aliser le financement d'une formation. Il vous faudra alors trouver et r\u00e9aliser un devis sign\u00e9 avec un organisme de formation agr\u00e9\u00e9 DataDock."},"2":{"question":"Est-il obligatoire d'adh\u00e9rer \u00e0 un OPCO ?","answer":"L'adh\u00e9sion \u00e0 un OPCO est obligatoire d\u00e8s le premier salari\u00e9. C'est la branche professionnelle et, le cas \u00e9ch\u00e9ant, la convention collective qui identifie l'OPCO auquel adh\u00e9rer. "},"3":{"question":"Comment fonctionnent les OPCO ?","answer":"Un OPCO (Op\u00e9rateur de Comp\u00e9tences) est un organisme agr\u00e9\u00e9 par l'Etat qui a pour but d'aider les entreprises ne d\u00e9passant pas 50 salari\u00e9s \u00e0 accompagner et \u00e0 favoriser l'\u00e9volution professionnelle des salari\u00e9s par le biais de la formation continue."},"4":{"question":"Quelles sont les conditions pour qu'une entreprise puisse b\u00e9n\u00e9ficier d'un financement OPCO ?","answer":"Pour qu'une action de formation achet\u00e9e par une entreprise puisse \u00eatre prise en charge par l'OPCO, elle doit \u00eatre r\u00e9alis\u00e9e par un organisme de formation r\u00e9pondant aux crit\u00e8res de qualit\u00e9 de l'offre de formation fix\u00e9s par la r\u00e9glementation et inscrit sur le \u00ab catalogue de r\u00e9f\u00e9rence \u00bb de l'OPCO."},"5":{"question":"Comment savoir si un organisme est habilit\u00e9 par l'OPCO ?","answer":"Pour savoir quel OPCO s'occupe de votre entreprise, vous pouvez d\u00e8s maintenant vous rediriger vers le site du minist\u00e8re du travail. Le site du minist\u00e8re renseigne les informations concernant les OPCO. Vous pouvez y t\u00e9l\u00e9charger la table de correspondance OPCO-IDCC pour trouver votre OPCO."},"6":{"question":"Comment referencer une formation ?","answer":"Afin de r\u00e9f\u00e9rencer son organisme de formation au CPF, d\u00e9poser une demande d'enregistrement dans l'un des deux r\u00e9pertoires nationaux (RS ou RNCP) est n\u00e9cessaire. Il est \u00e9galement crucial de mettre en place une certification \u00e9ligible au compte professionnel de formation."},"7":{"question":"","answer":""},"8":{"question":"","answer":""},"9":{"question":"","answer":""},"10":{"question":"","answer":""},"11":{"question":"","answer":""},"12":{"question":"","answer":""},"13":{"question":"","answer":""},"14":{"question":"","answer":""},"15":{"question":"","answer":""},"16":{"question":"","answer":""}}},"_links":{"self":[{"href":"https:\/\/www.mes-allocs.fr\/guides\/wp-json\/wp\/v2\/posts\/51155","targetHints":{"allow":["GET"]}}],"collection":[{"href":"https:\/\/www.mes-allocs.fr\/guides\/wp-json\/wp\/v2\/posts"}],"about":[{"href":"https:\/\/www.mes-allocs.fr\/guides\/wp-json\/wp\/v2\/types\/post"}],"author":[{"embeddable":true,"href":"https:\/\/www.mes-allocs.fr\/guides\/wp-json\/wp\/v2\/users\/14"}],"replies":[{"embeddable":true,"href":"https:\/\/www.mes-allocs.fr\/guides\/wp-json\/wp\/v2\/comments?post=51155"}],"version-history":[{"count":7,"href":"https:\/\/www.mes-allocs.fr\/guides\/wp-json\/wp\/v2\/posts\/51155\/revisions"}],"predecessor-version":[{"id":102315,"href":"https:\/\/www.mes-allocs.fr\/guides\/wp-json\/wp\/v2\/posts\/51155\/revisions\/102315"}],"wp:featuredmedia":[{"embeddable":true,"href":"https:\/\/www.mes-allocs.fr\/guides\/wp-json\/wp\/v2\/media\/51167"}],"wp:attachment":[{"href":"https:\/\/www.mes-allocs.fr\/guides\/wp-json\/wp\/v2\/media?parent=51155"}],"wp:term":[{"taxonomy":"category","embeddable":true,"href":"https:\/\/www.mes-allocs.fr\/guides\/wp-json\/wp\/v2\/categories?post=51155"},{"taxonomy":"post_tag","embeddable":true,"href":"https:\/\/www.mes-allocs.fr\/guides\/wp-json\/wp\/v2\/tags?post=51155"}],"curies":[{"name":"wp","href":"https:\/\/api.w.org\/{rel}","templated":true}]}}