{"id":51092,"date":"2022-05-31T19:01:03","date_gmt":"2022-05-31T17:01:03","guid":{"rendered":"https:\/\/www.mes-allocs.fr\/guides\/?p=51092"},"modified":"2025-07-16T10:58:52","modified_gmt":"2025-07-16T08:58:52","slug":"ca-veut-dire-quoi-une-formation-opco-sante","status":"publish","type":"post","link":"https:\/\/www.mes-allocs.fr\/guides\/aide-formation\/formation-opco\/ca-veut-dire-quoi-une-formation-opco-sante\/","title":{"rendered":"\u00c7a veut dire quoi une formation OPCO sant\u00e9 ?"},"content":{"rendered":"<p style=\"text-align: justify;\"><b><img loading=\"lazy\" decoding=\"async\" class=\"alignnone wp-image-51138 size-full\" title=\"Tout savoir sur la formation OPCO Sante\" src=\"https:\/\/www.mes-allocs.fr\/guides\/wp-content\/uploads\/2022\/05\/Tout-savoir-sur-la-formation-OPCO-Sante-scaled-e1653931114724.jpg\" alt=\"Tout savoir sur la formation OPCO Sante\" width=\"2560\" height=\"435\" srcset=\"https:\/\/www.mes-allocs.fr\/guides\/wp-content\/uploads\/2022\/05\/Tout-savoir-sur-la-formation-OPCO-Sante-scaled-e1653931114724.jpg 2560w, https:\/\/www.mes-allocs.fr\/guides\/wp-content\/uploads\/2022\/05\/Tout-savoir-sur-la-formation-OPCO-Sante-scaled-e1653931114724-300x51.jpg 300w, https:\/\/www.mes-allocs.fr\/guides\/wp-content\/uploads\/2022\/05\/Tout-savoir-sur-la-formation-OPCO-Sante-scaled-e1653931114724-1024x174.jpg 1024w, https:\/\/www.mes-allocs.fr\/guides\/wp-content\/uploads\/2022\/05\/Tout-savoir-sur-la-formation-OPCO-Sante-scaled-e1653931114724-768x131.jpg 768w, https:\/\/www.mes-allocs.fr\/guides\/wp-content\/uploads\/2022\/05\/Tout-savoir-sur-la-formation-OPCO-Sante-scaled-e1653931114724-1536x261.jpg 1536w, https:\/\/www.mes-allocs.fr\/guides\/wp-content\/uploads\/2022\/05\/Tout-savoir-sur-la-formation-OPCO-Sante-scaled-e1653931114724-2048x348.jpg 2048w, https:\/\/www.mes-allocs.fr\/guides\/wp-content\/uploads\/2022\/05\/Tout-savoir-sur-la-formation-OPCO-Sante-scaled-e1653931114724-600x102.jpg 600w\" sizes=\"auto, (max-width: 2560px) 100vw, 2560px\" \/>Comme son nom l&rsquo;indique, l&rsquo;OPCO Sant\u00e9 est l&rsquo;Op\u00e9rateur de Comp\u00e9tences du secteur de la sant\u00e9. Au m\u00eame titre que les 10 autres OPCO, cette<a href=\"https:\/\/www.mes-allocs.fr\/guides\/aide-formation\/\"> aide \u00e0 la formation<\/a> a \u00e9t\u00e9 cr\u00e9\u00e9e \u00e0 la suite de la loi \u00ab Pour la libert\u00e9 de choisir son avenir professionnel \u00bb le 1er avril 2019 afin de r\u00e9former la formation professionnelle continue. Alors, comment b\u00e9n\u00e9ficier de la formation OPCO Sant\u00e9 ?<\/b><\/p>\n<div class='cta-block'><div class='text'>Simulez toutes vos aides en 2 min.<\/div><a href='https:\/\/www.mes-allocs.fr\/ab-app?origin=guides\/wp-json\/wp\/v2\/posts\/51092' class='app-button fit'>Simulation gratuite<\/a><\/div>\n<h1 style=\"text-align: justify;\">C&rsquo;est quoi l&rsquo;OPCO Sant\u00e9 ?<\/h1>\n<p style=\"text-align: justify;\">L&rsquo;<a href=\"https:\/\/www.mes-allocs.fr\/guides\/aide-formation\/organisme-de-formation-opco\/\">OPCO<\/a> Sant\u00e9 reprend une partie ou l&rsquo;int\u00e9gralit\u00e9 des missions qui \u00e9taient auparavant attribu\u00e9es \u00e0 OPCALIA, ACTALIANS et UNIFAF. <b>Elle a pour r\u00f4le de participer au d\u00e9veloppement des comp\u00e9tences des salari\u00e9s \u00e9voluant dans le domaine d&rsquo;activit\u00e9 la concernant directement, \u00e0 savoir le secteur de la sant\u00e9.<\/b> La formation professionnelle est donc un enjeu majeur pour l&rsquo;OPCO Sant\u00e9 qui est charg\u00e9 d&rsquo;en g\u00e9rer les fonds. <b>Ainsi, elle assure le financement des contrats d\u2019<a href=\"https:\/\/www.mes-allocs.fr\/guides\/aide-logement\/apl-etudiant-alternance\/\">alternance<\/a>, apporte un appui technique aux branches professionnelles, favorise la transition professionnelle des salari\u00e9s et assure un service de proximit\u00e9 aux tr\u00e8s petites, petites et moyennes entreprises (TPE\/PME).<\/b><\/p>\n<p style=\"text-align: justify;\">L\u2019objectif de cet OPCO est de donner les moyens \u00e0 toute personne, peu importe son statut et son poste d\u2019acc\u00e9der \u00e0 la formation pour \u00e9voluer, se <a href=\"https:\/\/www.mes-allocs.fr\/guides\/reconversion-professionnelle\/formation-a-distance\/\">reconvertir<\/a>, ou pourvoir \u00e0 de nouvelles fonctions au sein d&rsquo;une l\u2019entreprise.<\/p>\n<p style=\"text-align: justify;\"><b>L&rsquo;OPCO Sant\u00e9 prend en compte 4 secteurs :<\/b><\/p>\n<ul>\n<li style=\"text-align: justify;\">Le secteur sanitaire, social et m\u00e9dico-social priv\u00e9 \u00e0 but non-lucratif<\/li>\n<li style=\"text-align: justify;\">Le secteur des services de sant\u00e9 au travail interentreprises (SSTI)<\/li>\n<li style=\"text-align: justify;\">Le secteur de l&rsquo;hospitalisation priv\u00e9e<\/li>\n<li style=\"text-align: justify;\">Le secteur du thermalisme<\/li>\n<\/ul>\n<p style=\"text-align: justify;\">La structure peut aussi prendre en charge le secteur des entreprises ne\u00a0relevant pas d&rsquo;une convention collective, mais partageant des besoins proches en termes formations collectives.<\/p>\n<p style=\"text-align: justify;\"><b>Au total, c&rsquo;est plus d&rsquo;1 million\u00a0de salari\u00e9s qui sont d\u00e9pendants de l&rsquo;OPCO Sant\u00e9 et qui \u00e9voluent quotidiennement dans des milliers de structures et d&rsquo;\u00e9tablissements de sant\u00e9.<\/b><\/p>\n<p><iframe loading=\"lazy\" title=\"Les aides \u00e0 la formation\" width=\"500\" height=\"281\" src=\"https:\/\/www.youtube.com\/embed\/gs3ZRHqtzmY?feature=oembed\" frameborder=\"0\" allow=\"accelerometer; autoplay; clipboard-write; encrypted-media; gyroscope; picture-in-picture; web-share\" referrerpolicy=\"strict-origin-when-cross-origin\" allowfullscreen><\/iframe><\/p>\n<h2 style=\"text-align: justify;\">Qui peut b\u00e9n\u00e9ficier du financement de l&rsquo;OPCO Sant\u00e9 ?<\/h2>\n<p style=\"text-align: justify;\"><b>Afin de pr\u00e9tendre \u00e0 un financement de l&rsquo;OPCO Sant\u00e9, notamment via votre Compte Personnel de Formation (CPF), vous devez :<\/b><\/p>\n<ul>\n<li style=\"text-align: justify;\">\u00catre salari\u00e9 d\u2019un \u00e9tablissement du secteur adh\u00e9rent \u00e0 l\u2019OPCO Sant\u00e9<\/li>\n<li style=\"text-align: justify;\">Poss\u00e9dez au minimum 500 euros sur votre compte CPF \u00e0 date de la demande<\/li>\n<li style=\"text-align: justify;\">Mobiliser l\u2019int\u00e9gralit\u00e9 de vos droits disponibles sur votre CPF pour votre projet formation<\/li>\n<li style=\"text-align: justify;\">Votre projet concerne une certification d\u00e9finie par la CPNE-FP d\u00e9finie et r\u00e9visable tous les 2 ans<\/li>\n<\/ul>\n<p>\u00c0 savoir que la strat\u00e9gie nationale de pr\u00e9vention et de lutte contre la pauvret\u00e9 a engag\u00e9 un large plan de formation continue en faveur des travailleurs sociaux. Nomm\u00e9 \u00ab Plan Pauvret\u00e9 \u00bb, il permet de former 50 000 professionnels chaque ann\u00e9e.<\/p>\n<h2 style=\"text-align: justify;\">Quelles sont les formations \u00e9ligibles au financement de l&rsquo;OPCO Sant\u00e9 ?<\/h2>\n<p style=\"text-align: justify;\"><b>Pour b\u00e9n\u00e9ficier de ce financement, il faut obligatoirement que la formation suivie soit \u00e9ligible au dispositif :<\/b><\/p>\n<ul>\n<li style=\"text-align: justify;\">Tous les dipl\u00f4mes de sant\u00e9 \u00e9ligibles \u00e0 la pro-A<\/li>\n<li style=\"text-align: justify;\">Le\u00a0Certificat d\u2019Aptitude aux Fonctions de Directeur d\u2019\u00c9tablissement ou de Service d\u2019intervention sociale (CAFDES)<\/li>\n<li style=\"text-align: justify;\">Le Dipl\u00f4me d\u2019\u00c9tat Ing\u00e9nierie Sociale (DEIS)<\/li>\n<li style=\"text-align: justify;\">Le dipl\u00f4me de cadre de sant\u00e9, ou d&rsquo;auxiliaire de pu\u00e9riculture<\/li>\n<li style=\"text-align: justify;\">Le Dipl\u00f4me d&rsquo;Infirmier(e)-Anesth\u00e9siste Dipl\u00f4m\u00e9(e) d\u2019\u00c9tat (IADE)<\/li>\n<li style=\"text-align: justify;\">Le Dipl\u00f4me d&rsquo;\u00c9tat de la Jeunesse, de l&rsquo;\u00c9ducation Populaire et du Sport (DEJEPS)<\/li>\n<li style=\"text-align: justify;\">Le dipl\u00f4me d&rsquo;attach\u00e9 de recherche clinique, etc.<\/li>\n<\/ul>\n<p style=\"text-align: justify;\">On peut ajouter les actions \u00e9ligibles de droit \u00e0 savoir le Certificat de connaissances et de comp\u00e9tences professionnelles (Cl\u00e9A), la Validation des Acquis de l\u2019Exp\u00e9rience (VAE) et le permis B lorsqu\u2019il a une vocation professionnelle dans le secteur de la sant\u00e9.<\/p>\n<h2 style=\"text-align: justify;\">Adresse et coordonn\u00e9es de l&rsquo;OPCO Sant\u00e9<\/h2>\n<p style=\"text-align: justify;\"><b>Le si\u00e8ge social de l&rsquo;OPCO Sant\u00e9 se trouve au :<\/b><\/p>\n<ul>\n<li style=\"text-align: justify;\">31 rue Anatole France &#8211; 92300 Levallois Perret<\/li>\n<\/ul>\n<p style=\"text-align: justify;\"><b>Vous pouvez les contacter au :<\/b><\/p>\n<ul>\n<li style=\"text-align: justify;\">01.49.68.10.10<\/li>\n<li style=\"text-align: justify;\">ou vous rendre sur leur site internet officiel pour davantage d&rsquo;informations : www.opco-sante.fr\/.<\/li>\n<\/ul>\n<h1 style=\"text-align: justify;\">Quels sont les autres OPCO ?<\/h1>\n<p style=\"text-align: justify;\">Le gouvernement a souhait\u00e9 simplifier les r\u00e8gles de financement des formations professionnelles et ainsi uniformiser le financement de la formation professionnelle dans tous les secteurs d&rsquo;activit\u00e9s. <b>Ainsi, avant le 1er janvier 2019, on pouvait compter 20 Organismes Paritaires Collecteur Agr\u00e9\u00e9s (OPCA) d\u00e9pendant des secteurs ou des branches professionnelles.<\/b> Elles \u00e9taient charg\u00e9es des collecter les contributions des entreprises, de mutualiser ces fonds et de les redistribuer aux entreprises adh\u00e9rentes pour financer les plans de formation, les CPF des salari\u00e9s, les contrats et p\u00e9riode de professionnalisation et d\u2019alternance.<\/p>\n<p style=\"text-align: justify;\"><b>D\u00e9sormais, ce sont 11 OPCO qui ont remplac\u00e9 les 20 OPCA, dans lesquels se r\u00e9partissent 329 branches professionnelles :<\/b><\/p>\n<ul>\n<li style=\"text-align: justify;\">OPCO 2i (interindustriel) est l\u2019op\u00e9rateur de comp\u00e9tences des secteurs de la m\u00e9tallurgie, de la chimie, de la pharmacie et du papier-carton. Il succ\u00e8de aux OPCAS AFEFOS-PME, OPCALIA, OPCAIM, OPCA DEFI et OPCA 3+<\/li>\n<li style=\"text-align: justify;\">AFDAS est l&rsquo;op\u00e9rateur de comp\u00e9tences des secteurs de la culture, des t\u00e9l\u00e9communications, du sport, du tourisme, des m\u00e9dias, des loisirs et du divertissement. Elle prend le relai de l&rsquo;AFDAS, OPCALIA, FAFIH, et UNIFORMATION. Il s&rsquo;agit de l&rsquo;OPCO de r\u00e9f\u00e9rence pour les artistes et les intermittents du spectacle.<\/li>\n<li style=\"text-align: justify;\">ATLAS est l\u2019op\u00e9rateur de comp\u00e9tences des secteurs des services financiers, de l\u2019assurance et du conseil. Il remplace FAFIEC, OPCABAIA, AGEFOS-PME, OPCALIA, et ACTALIANS.<\/li>\n<li style=\"text-align: justify;\">Uniformation est l&rsquo;op\u00e9rateur de comp\u00e9tence des secteurs des services aux personnes, de l\u2019enseignement, de la formation, de l\u2019insertion et du sport. Anciennement \u00ab\u00a0OPCO de la\u00a0 Coh\u00e9sion sociale \u00bb, il prend la place d&rsquo;UNIFORMATION et FAFSEA.<\/li>\n<li style=\"text-align: justify;\">Opcommerce est l\u2019op\u00e9rateur de comp\u00e9tences du secteur du commerce. Il succ\u00e8de aux OPCA suivants : AFEFOS-PME, FAFSEA, FORCO et INTERGROS.<\/li>\n<li style=\"text-align: justify;\">Constructys,\u00a0anciennement \u00ab OPCO Construction \u00bb, est l\u2019op\u00e9rateur de comp\u00e9tences des secteurs du b\u00e2timent, de la n\u00e9goce des mat\u00e9riaux de construction, du bois et des travaux publics. Il prend la place de CONSTRUCTYS et INTERGROS.<\/li>\n<li style=\"text-align: justify;\">OPCO EP est l&rsquo;<b><\/b>OPCO des Entreprises de proximit\u00e9. Il s&rsquo;agit de l&rsquo;op\u00e9rateur de comp\u00e9tences inter-branches. Cet OPCO succ\u00e8de partiellement aux missions des OPCA OPCALIM, AGEFOS-PME, ACTALIANS, FAFSEA et OPCALIA.<\/li>\n<li style=\"text-align: justify;\">AKTO, qui \u00e9tait \u00ab ESSFIMO \u00bb, est l&rsquo;op\u00e9rateur de comp\u00e9tences inter-branches. Il remplace OPCALIA, AGEFOS-PME, FAF-TT, FAFIH, OPCA Transports et services, INTEGROS et ACTALIANS.<\/li>\n<li style=\"text-align: justify;\">OPCO Mobilit\u00e9s est l&rsquo;op\u00e9rateur de comp\u00e9tences des secteurs du transport routier et du transport maritime. Il succ\u00e8de aux OPCA Transports et services, ANFA, OPCALI et AGEFOS-PME.<\/li>\n<li style=\"text-align: justify;\">OCAPIAT est l&rsquo;op\u00e9rateur de comp\u00e9tences des secteurs de l\u2019agriculture, de l\u2019industrie alimentaire, des activit\u00e9s maritimes. Cet OPCO succ\u00e8de pour ces secteurs aux OPCA FAFSEA, OPCALIM AGEFOS-PM et INTEGROS.<\/li>\n<\/ul>\n<div class='cta-block'><div class='text'>Simulez toutes vos aides en 2 min.<\/div><a href='https:\/\/www.mes-allocs.fr\/ab-app?origin=guides\/wp-json\/wp\/v2\/posts\/51092' class='app-button fit'>Simulation gratuite<\/a><\/div>\n","protected":false},"excerpt":{"rendered":"<p>Comme son nom l&rsquo;indique, l&rsquo;OPCO Sant\u00e9 est l&rsquo;Op\u00e9rateur de Comp\u00e9tences du secteur de la sant\u00e9. Au m\u00eame titre que les 10 autres OPCO, cette aide \u00e0 la formation a \u00e9t\u00e9 cr\u00e9\u00e9e \u00e0 la suite de la loi \u00ab Pour la libert\u00e9 de choisir son avenir professionnel \u00bb le 1er avril 2019 afin de r\u00e9former la [&hellip;]<\/p>\n","protected":false},"author":14,"featured_media":51137,"comment_status":"closed","ping_status":"open","sticky":false,"template":"","format":"standard","meta":{"amp_status":"","footnotes":""},"categories":[2045,19720],"tags":[],"class_list":["post-51092","post","type-post","status-publish","format-standard","has-post-thumbnail","hentry","category-aide-formation","category-formation-opco"],"yoast_head":"<!-- This site is optimized with the Yoast SEO plugin v14.9 - https:\/\/yoast.com\/wordpress\/plugins\/seo\/ -->\n<title>\u00c7a veut dire quoi une formation OPCO sant\u00e9 ? | Mes-Allocs.fr<\/title>\n<meta name=\"description\" content=\"L&#039;OPCO Sant\u00e9 a \u00e9t\u00e9 cr\u00e9\u00e9 suite \u00e0 la loi \u00ab Pour la libert\u00e9 de choisir son avenir professionnel \u00bb afin de r\u00e9former la formation professionnelle.\" \/>\n<meta name=\"robots\" content=\"index, follow, max-snippet:-1, max-image-preview:large, max-video-preview:-1\" \/>\n<link rel=\"canonical\" href=\"https:\/\/www.mes-allocs.fr\/guides\/aide-formation\/formation-opco\/ca-veut-dire-quoi-une-formation-opco-sante\/\" \/>\n<meta property=\"og:locale\" content=\"fr_FR\" \/>\n<meta property=\"og:type\" content=\"article\" \/>\n<meta property=\"og:title\" content=\"\u00c7a veut dire quoi une formation OPCO sant\u00e9 ? | Mes-Allocs.fr\" \/>\n<meta property=\"og:description\" content=\"L&#039;OPCO Sant\u00e9 a \u00e9t\u00e9 cr\u00e9\u00e9 suite \u00e0 la loi \u00ab Pour la libert\u00e9 de choisir son avenir professionnel \u00bb afin de r\u00e9former la formation professionnelle.\" \/>\n<meta property=\"og:url\" content=\"https:\/\/www.mes-allocs.fr\/guides\/aide-formation\/formation-opco\/ca-veut-dire-quoi-une-formation-opco-sante\/\" \/>\n<meta property=\"og:site_name\" content=\"Mes-Allocs.fr\" \/>\n<meta property=\"article:published_time\" content=\"2022-05-31T17:01:03+00:00\" \/>\n<meta property=\"article:modified_time\" content=\"2025-07-16T08:58:52+00:00\" \/>\n<meta property=\"og:image\" content=\"https:\/\/www.mes-allocs.fr\/guides\/wp-content\/uploads\/2022\/05\/Tout-savoir-sur-la-formation-OPCO-Sante2.jpg?wsr\" \/>\n\t<meta property=\"og:image:width\" content=\"612\" \/>\n\t<meta property=\"og:image:height\" content=\"408\" \/>\n<meta name=\"twitter:card\" content=\"summary_large_image\" \/>\n<script type=\"application\/ld+json\" class=\"yoast-schema-graph\">{\"@context\":\"https:\/\/schema.org\",\"@graph\":[{\"@type\":\"WebSite\",\"@id\":\"https:\/\/www.mes-allocs.fr\/guides\/#website\",\"url\":\"https:\/\/www.mes-allocs.fr\/guides\/\",\"name\":\"Mes-Allocs.fr\",\"description\":\"\",\"potentialAction\":[{\"@type\":\"SearchAction\",\"target\":\"https:\/\/www.mes-allocs.fr\/guides\/?s={search_term_string}\",\"query-input\":\"required name=search_term_string\"}],\"inLanguage\":\"fr-FR\"},{\"@type\":\"ImageObject\",\"@id\":\"https:\/\/www.mes-allocs.fr\/guides\/aide-formation\/formation-opco\/ca-veut-dire-quoi-une-formation-opco-sante\/#primaryimage\",\"inLanguage\":\"fr-FR\",\"url\":\"https:\/\/www.mes-allocs.fr\/guides\/wp-content\/uploads\/2022\/05\/Tout-savoir-sur-la-formation-OPCO-Sante2.jpg?wsr\",\"width\":612,\"height\":408,\"caption\":\"Tout savoir sur la formation OPCO Sante\"},{\"@type\":\"WebPage\",\"@id\":\"https:\/\/www.mes-allocs.fr\/guides\/aide-formation\/formation-opco\/ca-veut-dire-quoi-une-formation-opco-sante\/#webpage\",\"url\":\"https:\/\/www.mes-allocs.fr\/guides\/aide-formation\/formation-opco\/ca-veut-dire-quoi-une-formation-opco-sante\/\",\"name\":\"\\u00c7a veut dire quoi une formation OPCO sant\\u00e9 ? | Mes-Allocs.fr\",\"isPartOf\":{\"@id\":\"https:\/\/www.mes-allocs.fr\/guides\/#website\"},\"primaryImageOfPage\":{\"@id\":\"https:\/\/www.mes-allocs.fr\/guides\/aide-formation\/formation-opco\/ca-veut-dire-quoi-une-formation-opco-sante\/#primaryimage\"},\"datePublished\":\"2022-05-31T17:01:03+00:00\",\"dateModified\":\"2025-07-16T08:58:52+00:00\",\"author\":{\"@id\":\"https:\/\/www.mes-allocs.fr\/guides\/#\/schema\/person\/a3de97298fd0ffc005ebdd5628b03ca8\"},\"description\":\"L'OPCO Sant\\u00e9 a \\u00e9t\\u00e9 cr\\u00e9\\u00e9 suite \\u00e0 la loi \\u00ab Pour la libert\\u00e9 de choisir son avenir professionnel \\u00bb afin de r\\u00e9former la formation professionnelle.\",\"inLanguage\":\"fr-FR\"},{\"@type\":\"Person\",\"@id\":\"https:\/\/www.mes-allocs.fr\/guides\/#\/schema\/person\/a3de97298fd0ffc005ebdd5628b03ca8\",\"name\":\"Marina Ada Ondo\",\"image\":{\"@type\":\"ImageObject\",\"@id\":\"https:\/\/www.mes-allocs.fr\/guides\/#personlogo\",\"inLanguage\":\"fr-FR\",\"url\":\"https:\/\/www.mes-allocs.fr\/guides\/wp-content\/uploads\/2022\/02\/Photo-de-profil-150x150.png\",\"caption\":\"Marina Ada Ondo\"},\"description\":\"Marina est r\\u00e9dactrice au sein de l'\\u00e9quipe Mes Allocs, sp\\u00e9cialis\\u00e9e sur les aides aux jeunes. Dipl\\u00f4m\\u00e9e de l'ISFJ, elle rejoint Mes Allocs apr\\u00e8s une premi\\u00e8re exp\\u00e9rience en communication chez Little Africa, une agence de communication \\u00e0 Paris. Sur son temps libre, Marina lit beaucoup et passe ses dimanches au mus\\u00e9e.\",\"sameAs\":[\"https:\/\/www.linkedin.com\/in\/marinaadaondo\/\"]}]}<\/script>\n<!-- \/ Yoast SEO plugin. -->","amp_validity":null,"acf":{"faq":{"1":{"question":"Comment fonctionne l'OPCO sant\u00e9 ?","answer":"L'OPCO Sant\u00e9 est pourvu des m\u00eames missions que les 10 autres OPCO. Son r\u00f4le est de participer activement au d\u00e9veloppement des comp\u00e9tences des salari\u00e9s \u00e9voluant dans le domaine d'activit\u00e9 qui la concerne directement, \u00e0 savoir le secteur de la sant\u00e9."},"2":{"question":"Qui remplace uniformation ?","answer":"L'OPCO de la Coh\u00e9sion sociale a re\u00e7u son agr\u00e9ment du Minist\u00e8re du travail au 1er avril 2019. Il s'est construit sur les bases d'Uniformation et ses 20 branches professionnelles inclues dans son p\u00e9rim\u00e8tre."},"3":{"question":"Quel OPCO ?","answer":"Pour savoir quel OPCO s'occupe de votre entreprise, vous pouvez d\u00e8s maintenant vous rediriger vers le site du minist\u00e8re du travail. Le site du minist\u00e8re renseigne les informations concernant les OPCO. Vous pouvez y t\u00e9l\u00e9charger la table de correspondance OPCO-IDCC pour trouver votre OPCO."},"4":{"question":"Quel OPCO pour opcalia ?","answer":"Le nouvel OPCO de la Sant\u00e9 reprend, partiellement ou totalement, les champs de comp\u00e9tences des OPCA UNIFAF, ACTALIANS et OPCALIA."},"5":{"question":"Quel OPCO si pas de convention collective ?","answer":"Chaque Opco pourra accueillir les entreprises ne relevant pas d'une convention collective nationale ou d'un accord national de branche sur la formation dont l'activit\u00e9 principale rel\u00e8ve de son champ d'intervention."},"6":{"question":"Qui est concern\u00e9 par l'OPCO ?","answer":"Un OPCO (Op\u00e9rateur de Comp\u00e9tences) est un organisme agr\u00e9\u00e9 par l'Etat qui a pour but d'aider les entreprises ne d\u00e9passant pas 50 salari\u00e9s \u00e0 accompagner et \u00e0 favoriser l'\u00e9volution professionnelle des salari\u00e9s par le biais de la formation continue."},"7":{"question":"","answer":""},"8":{"question":"","answer":""},"9":{"question":"","answer":""},"10":{"question":"","answer":""},"11":{"question":"","answer":""},"12":{"question":"","answer":""},"13":{"question":"","answer":""},"14":{"question":"","answer":""},"15":{"question":"","answer":""},"16":{"question":"","answer":""}}},"_links":{"self":[{"href":"https:\/\/www.mes-allocs.fr\/guides\/wp-json\/wp\/v2\/posts\/51092","targetHints":{"allow":["GET"]}}],"collection":[{"href":"https:\/\/www.mes-allocs.fr\/guides\/wp-json\/wp\/v2\/posts"}],"about":[{"href":"https:\/\/www.mes-allocs.fr\/guides\/wp-json\/wp\/v2\/types\/post"}],"author":[{"embeddable":true,"href":"https:\/\/www.mes-allocs.fr\/guides\/wp-json\/wp\/v2\/users\/14"}],"replies":[{"embeddable":true,"href":"https:\/\/www.mes-allocs.fr\/guides\/wp-json\/wp\/v2\/comments?post=51092"}],"version-history":[{"count":8,"href":"https:\/\/www.mes-allocs.fr\/guides\/wp-json\/wp\/v2\/posts\/51092\/revisions"}],"predecessor-version":[{"id":102317,"href":"https:\/\/www.mes-allocs.fr\/guides\/wp-json\/wp\/v2\/posts\/51092\/revisions\/102317"}],"wp:featuredmedia":[{"embeddable":true,"href":"https:\/\/www.mes-allocs.fr\/guides\/wp-json\/wp\/v2\/media\/51137"}],"wp:attachment":[{"href":"https:\/\/www.mes-allocs.fr\/guides\/wp-json\/wp\/v2\/media?parent=51092"}],"wp:term":[{"taxonomy":"category","embeddable":true,"href":"https:\/\/www.mes-allocs.fr\/guides\/wp-json\/wp\/v2\/categories?post=51092"},{"taxonomy":"post_tag","embeddable":true,"href":"https:\/\/www.mes-allocs.fr\/guides\/wp-json\/wp\/v2\/tags?post=51092"}],"curies":[{"name":"wp","href":"https:\/\/api.w.org\/{rel}","templated":true}]}}