{"id":51087,"date":"2022-05-31T18:57:17","date_gmt":"2022-05-31T16:57:17","guid":{"rendered":"https:\/\/www.mes-allocs.fr\/guides\/?p=51087"},"modified":"2025-07-16T10:49:35","modified_gmt":"2025-07-16T08:49:35","slug":"modele-de-lettre-de-demande-de-financement-de-formation-a-son-employeur","status":"publish","type":"post","link":"https:\/\/www.mes-allocs.fr\/guides\/aide-formation\/financement-formation\/modele-de-lettre-de-demande-de-financement-de-formation-a-son-employeur\/","title":{"rendered":"Mod\u00e8le de lettre de demande de financement de formation \u00e0 son employeur"},"content":{"rendered":"<p style=\"text-align: justify;\"><b><img loading=\"lazy\" decoding=\"async\" class=\"alignnone wp-image-51142 size-full\" title=\"Lettre de demande de financement de formation a son employeur\" src=\"https:\/\/www.mes-allocs.fr\/guides\/wp-content\/uploads\/2022\/05\/Lettre-de-demande-de-financement-de-formation-a-son-employeur-scaled-e1653931633743.jpg\" alt=\"Lettre de demande de financement de formation a son employeur\" width=\"2560\" height=\"550\" srcset=\"https:\/\/www.mes-allocs.fr\/guides\/wp-content\/uploads\/2022\/05\/Lettre-de-demande-de-financement-de-formation-a-son-employeur-scaled-e1653931633743.jpg 2560w, https:\/\/www.mes-allocs.fr\/guides\/wp-content\/uploads\/2022\/05\/Lettre-de-demande-de-financement-de-formation-a-son-employeur-scaled-e1653931633743-300x64.jpg 300w, https:\/\/www.mes-allocs.fr\/guides\/wp-content\/uploads\/2022\/05\/Lettre-de-demande-de-financement-de-formation-a-son-employeur-scaled-e1653931633743-1024x220.jpg 1024w, https:\/\/www.mes-allocs.fr\/guides\/wp-content\/uploads\/2022\/05\/Lettre-de-demande-de-financement-de-formation-a-son-employeur-scaled-e1653931633743-768x165.jpg 768w, https:\/\/www.mes-allocs.fr\/guides\/wp-content\/uploads\/2022\/05\/Lettre-de-demande-de-financement-de-formation-a-son-employeur-scaled-e1653931633743-1536x330.jpg 1536w, https:\/\/www.mes-allocs.fr\/guides\/wp-content\/uploads\/2022\/05\/Lettre-de-demande-de-financement-de-formation-a-son-employeur-scaled-e1653931633743-2048x440.jpg 2048w, https:\/\/www.mes-allocs.fr\/guides\/wp-content\/uploads\/2022\/05\/Lettre-de-demande-de-financement-de-formation-a-son-employeur-scaled-e1653931633743-600x129.jpg 600w\" sizes=\"auto, (max-width: 2560px) 100vw, 2560px\" \/>Vous \u00eates un salari\u00e9 en CDD ou CDI et vous souhaitez effectuer une formation afin de monter en comp\u00e9tences ou vous orienter vers un nouveau m\u00e9tier ? En France, il est possible de b\u00e9n\u00e9ficier d&rsquo;une <a href=\"https:\/\/www.mes-allocs.fr\/guides\/aide-formation\/\">aide \u00e0 la formation<\/a> de votre employeur. Alors, comment r\u00e9diger une lettre de demande de financement de formation \u00e0 son employeur ?<\/b><\/p>\n<div class='cta-block'><div class='text'>Simulez toutes vos aides en 2 min.<\/div><a href='https:\/\/www.mes-allocs.fr\/ab-app?origin=guides\/wp-json\/wp\/v2\/posts\/51087' class='app-button fit'>Simulation gratuite<\/a><\/div>\n<h1 style=\"text-align: justify;\">Le financement d&rsquo;une formation par l&#8217;employeur<\/h1>\n<p style=\"text-align: justify;\">En France,\u00a0au sein d&rsquo;une entreprise, chaque salari\u00e9 peut b\u00e9n\u00e9ficier de nombreux droits \u00e0 la formation. <b>Pour cela, la formation doit \u00eatre n\u00e9cessaire au maintien dans l&rsquo;<a href=\"https:\/\/www.mes-allocs.fr\/guides\/aide-formation\/quel-financement-de-formation-pour-demandeur-demploi\/\">emploi<\/a>, \u00e0 un reclassement dans une autre cat\u00e9gorie ou encore relative \u00e0 la sant\u00e9 et la s\u00e9curit\u00e9 au travail.<\/b><\/p>\n<p style=\"text-align: justify;\"><b>La formation peut \u00eatre effectu\u00e9e dans le cadre du <a href=\"https:\/\/www.mes-allocs.fr\/guides\/aide-formation\/construire-un-plan-de-developpement-des-competences\/\">Plan de D\u00e9veloppement des Comp\u00e9tences<\/a>\u00a0(PDC) ou \u00e0 l&rsquo;initiative du salari\u00e9 qui souhaite pr\u00e9parer une <a href=\"https:\/\/www.mes-allocs.fr\/guides\/reconversion-professionnelle\/comment-reussir-un-entretien-d-embauche\/\">reconversion professionnelle<\/a> ou acqu\u00e9rir de nouvelles comp\u00e9tences en vue d&rsquo;une promotion ou pour s&rsquo;adapter \u00e0 de nouvelles technologies par exemple.<\/b> Pour ce faire, le financement peut aussi \u00eatre enti\u00e8rement pris en charge par l&#8217;employeur.<\/p>\n<p style=\"text-align: justify;\">En effet, ce dernier \u00e0 l&rsquo;obligation de cotiser \u00e0 hauteur de 0,55 % de sa masse salariale jusqu&rsquo;\u00e0 10 salari\u00e9s ou de 1 % \u00e0 partir de 11 salari\u00e9s, voire plus selon les accords de branches. <b>Mais selon la taille de l&rsquo;entreprise, le nombre de formations financ\u00e9es par l&#8217;employeur peut \u00eatre limit\u00e9 dans le cadre de son budget annuel. <\/b>Il doit alors effectuer un choix parmi\u00a0les salari\u00e9s souhaitant suivre une formation.<\/p>\n<p><iframe loading=\"lazy\" title=\"Les aides \u00e0 la formation\" width=\"500\" height=\"281\" src=\"https:\/\/www.youtube.com\/embed\/gs3ZRHqtzmY?feature=oembed\" frameborder=\"0\" allow=\"accelerometer; autoplay; clipboard-write; encrypted-media; gyroscope; picture-in-picture; web-share\" referrerpolicy=\"strict-origin-when-cross-origin\" allowfullscreen><\/iframe><\/p>\n<h1 style=\"text-align: justify;\">Comment r\u00e9diger une lettre de demande de financement de formation \u00e0 son employeur ?<\/h1>\n<p style=\"text-align: justify;\">Pour faire une demande de financement, vous pouvez \u00eatre amen\u00e9 \u00e0 expliquer votre d\u00e9marche \u00e0 l&rsquo;entreprise<span data-reader-unique-id=\"38\">\u00a0dans un courrier postale avec accus\u00e9 de r\u00e9ception. <b>Il faut d\u00e9tailler votre parcours, vos ambitions professionnelles, les pr\u00e9misses de votre projet de formation et les raisons pour lesquelles un financement de formation est indispensable.<\/b><\/span><\/p>\n<p style=\"text-align: justify;\">Vous pouvez utiliser notre mod\u00e8le de lettre de motivation pour obtenir un financement de la part <span data-reader-unique-id=\"40\">de l&rsquo;entreprise. <b>Attention, il faut adapter le courrier \u00e0 votre situation et pr\u00e9ciser l&rsquo;utilit\u00e9 de la formation choisie pour vous-m\u00eame, mais aussi pour votre employeur.<\/b> Vous pouvez fournir\u00a0des documents utiles comme le programme d\u00e9taill\u00e9 de la formation par exemple.<\/span><\/p>\n<p style=\"text-align: justify;\" data-reader-unique-id=\"57\"><b>Exemple de courrier pour demander le financement d&rsquo;une formation \u00e0 l&rsquo;entreprise :<\/b><\/p>\n<table style=\"height: 1498px; width: 68.12227074235807%; border-collapse: collapse; border-color: #000000; background-color: #f5f0f0; border-style: solid;\" cellpadding=\"10\">\n<tbody>\n<tr style=\"height: 1560px;\">\n<td style=\"width: 100%; height: 1560px;\"><b><i>[ Coordonn\u00e9e du demandeur]<\/i><\/b><\/p>\n<p>Nom et Pr\u00e9nom<\/p>\n<p>Adresse\u00a0Code Postal et Ville<\/p>\n<p>Num\u00e9ro de t\u00e9l\u00e9phone<\/p>\n<p>Adresse e-mail<\/p>\n<p style=\"text-align: right;\"><b><i>[ Coordonn\u00e9es de l&#8217;employeur ]<\/i><\/b><\/p>\n<p style=\"text-align: right;\">Nom de l&rsquo;entreprise<\/p>\n<p style=\"text-align: right;\">Raison sociale<\/p>\n<p style=\"text-align: right;\">Code Postale et Ville<\/p>\n<p>&nbsp;<\/p>\n<p style=\"text-align: right;\">\u00c0 <b><i>[ville]<\/i><\/b>, le <b><i>[date]<\/i><\/b><\/p>\n<p>Objet : Demande de formation professionnelle<\/p>\n<p>Pi\u00e8ces-jointes : <b><i>[les documents]<\/i><\/b><\/p>\n<p style=\"text-align: justify;\">Madame, Monsieur,<\/p>\n<p style=\"text-align: justify;\">Employ\u00e9<b>(e)<\/b> de <i><b>[secteur]<\/b><\/i> dans votre entreprise en tant que <b><i>[fonction souhait\u00e9e]<\/i><\/b>, je d\u00e9sire aujourd\u2019hui me r\u00e9orienter professionnellement vers le m\u00e9tier\/poste de\u00a0<b><i>[nom du m\u00e9tier\/poste vis\u00e9]<\/i><\/b>.<\/p>\n<p style=\"text-align: justify;\">Par la pr\u00e9sente, je vous adresse une requ\u00eate de prise en charge de ma formation de <b><i>[formation]<\/i><\/b> de <b><i>[nom de l\u2019organisme]<\/i><\/b>, dans le cadre de <i><b>[nature du dispositif]<\/b><\/i>. Par ailleurs, je vous ai transmis la fiche descriptive de cette formation en pi\u00e8ce jointe. En cons\u00e9quence, je vous demande de m\u2019octroyer <b><i>[temps de cong\u00e9]<\/i><\/b> de cong\u00e9s sans solde, temps n\u00e9cessaire \u00e0 cette formation, et vous propose de contribuer financi\u00e8rement, \u00e0 hauteur de <b><i>[montant du financement]<\/i><\/b> pour le co\u00fbt qui est non support\u00e9 par mon Compte Personnel de Formation.<\/p>\n<p style=\"text-align: justify;\">Titulaire d\u2019un <i><b>[<\/b><\/i><b><i>dipl\u00f4me de plus coh\u00e9rent avec la formation]<\/i><\/b>, je pratique mon m\u00e9tier depuis maintenant [<b><i>nombre d&rsquo;ann\u00e9es<\/i><\/b>], dont <b><i>[indiquer le nombre]<\/i><\/b> au sein de votre entreprise <b><i>(\u00e0 ne noter que si vous avez d\u00e9j\u00e0 travaill\u00e9 pour cet employeur)<\/i><\/b>. Durant ma carri\u00e8re, j\u2019ai occup\u00e9 les fonctions suivantes de <b><i>[fonctions occup\u00e9es]<\/i><\/b> pendant <b><i>[nombre d\u2019ann\u00e9es]<\/i><\/b> ann\u00e9es. Cela m\u2019a rendu possible l\u2019assimilation de nombreuses comp\u00e9tences, comme <b><i>[comp\u00e9tences les plus coh\u00e9rentes avec la formation]<\/i><\/b>, ainsi que l\u2019assimilation de qualit\u00e9s de <b><i>[qualit\u00e9s les plus coh\u00e9rentes avec la formation]<\/i><\/b>.<\/p>\n<p style=\"text-align: justify;\">Je d\u00e9sire aujourd\u2019hui, professionnellement comme personnellement, orienter ma carri\u00e8re vers le m\u00e9tier de <b><i>[le m\u00e9tier]<\/i><\/b>, pour pouvoir \u00e9voluer dans l\u2019entreprise quand un poste de cette nature viendra \u00e0 \u00eatre vacant ou cr\u00e9\u00e9 <b><i>(\u00e0 noter seulement si c\u2019est un poste qui est prochainement pr\u00e9sent dans l\u2019entreprise)<\/i><\/b>.<\/p>\n<p style=\"text-align: justify;\">C\u2019est naturellement que j\u2019ai choisi d\u2019aller dans cette voie, car je suis <b><i>[traits de personnalit\u00e9 pertinents]<\/i><\/b> et j\u2019ai <b><i>[exp\u00e9riences pertinentes]<\/i><\/b>.<\/p>\n<p style=\"text-align: justify;\">Je vous remercie par avance de la consid\u00e9ration que vous porterez \u00e0 ma demande, et suis \u00e0 votre enti\u00e8re disposition pour convenir d\u2019un entretien afin de vous expliquer plus en d\u00e9tail mon projet.<\/p>\n<p style=\"text-align: justify;\">Dans l\u2019attente de votre r\u00e9ponse, qui j\u2019esp\u00e8re sera positive, veuillez agr\u00e9er, Madame, Monsieur, l\u2019expression de mes sentiments distingu\u00e9s.<\/p>\n<p style=\"text-align: right;\">Signature<\/p>\n<p style=\"text-align: right;\">Pr\u00e9nom et Nom<\/p>\n<\/td>\n<\/tr>\n<\/tbody>\n<\/table>\n<h1 style=\"text-align: justify;\">Quels sont les autres financements pour suivre une formation ?<\/h1>\n<p style=\"text-align: justify;\"><b>Vous disposez de diff\u00e9rents outils de la formation professionnelle que vous pouvez d\u00e9cider de mettre en \u0153uvre dans le cadre de la formation :<\/b><\/p>\n<ul>\n<li style=\"text-align: justify;\"><b>Le Compte Personnel de Formation (CPF)<\/b> : tout au long de la carri\u00e8re professionnelle, vous pouvez cumuler des heures de formation afin de suivre une formation qualifiante pour concr\u00e9tiser un projet professionnel ou personnel. Le CPF s&rsquo;adresse\u00a0aux salari\u00e9s du secteur priv\u00e9, aux demandeurs d&#8217;emploi, aux apprentis et aux travailleurs handicap\u00e9s.<\/li>\n<li style=\"text-align: justify;\"><b>Le Cong\u00e9 Individuel de Formation (CIF)<\/b> : il permet de suivre et de financer la formation de votre choix pour concr\u00e9tiser un projet professionnel ou personnel. Le dispositif est destin\u00e9 aux salari\u00e9s en CDI ou CDD et aux int\u00e9rimaires. Les demandeurs d&#8217;emploi peuvent avoir acc\u00e8s au CIF-CDD.<\/li>\n<li style=\"text-align: justify;\"><b>La Validation des Acquis de l&rsquo;Exp\u00e9rience (VAE)<\/b> : elle offre la possibilit\u00e9 d&rsquo;obtenir un\u00a0dipl\u00f4me, un titre professionnel ou\u00a0un certificat de qualification professionnelle,\u00a0sans passer par une formation. Elle s&rsquo;adresse \u00e0 tous les\u00a0actifs sans\u00a0limite d\u2019\u00e2ge et sans\u00a0aucune condition de dipl\u00f4me ou de niveau scolaire.<\/li>\n<li style=\"text-align: justify;\"><b>Le Bilan de Comp\u00e9tences (BC)<\/b> : il s&rsquo;agit d&rsquo;un\u00a0soutien dans l\u2019\u00e9laboration du projet professionnel. L&rsquo;aide est destin\u00e9e aux salari\u00e9s en CDI ou CDD, int\u00e9rimaires, salari\u00e9s des secteurs publics\u00a0et priv\u00e9s. La dur\u00e9e du Bilan de Comp\u00e9tences\u00a0est au maximum de 24 heures et il est r\u00e9alis\u00e9,\u00a0\u00e0 titre individuel,\u00a0par un organisme de formation.<\/li>\n<li style=\"text-align: justify;\"><b>Le Conseil en \u00c9volution Professionnelle (CEP)<\/b> : il permet de faire le point sur la carri\u00e8re professionnelle, d\u2019encourager l\u2019\u00e9volution et la s\u00e9curisation de l\u2019emploi. Il est accessible aux salari\u00e9s du priv\u00e9 et du public, les non-salari\u00e9s, les demandeurs d&#8217;emploi, les apprentis et les\u00a0jeunes qui sont sortis du syst\u00e8me scolaire sans\u00a0qualification ni dipl\u00f4me.<\/li>\n<\/ul>\n<p style=\"text-align: justify;\"><b>Dans le cadre de sa politique de Ressources Humaines et de la Gestion pr\u00e9visionnelle des emplois et des comp\u00e9tences (GPEC), votre employeur dispose d&rsquo;outils pour vous aider \u00e0 vous former :<\/b><\/p>\n<ul>\n<li style=\"text-align: justify;\"><b>L&rsquo;entretien professionnel <\/b>: c&rsquo;est un rendez-vous obligatoire entre le salari\u00e9 et l&#8217;employeur. Il permet d&rsquo;envisager les perspectives d&rsquo;\u00e9volution professionnelle du salari\u00e9 et les formations qui peuvent y contribuer.<\/li>\n<li style=\"text-align: justify;\"><b>La p\u00e9riode de professionnalisation<\/b> : elle permet \u00e0 un salari\u00e9 de se former tout en continuant son activit\u00e9 professionnelle. C\u2019est un temps particulier accord\u00e9 par l\u2019employeur \u00e0 un salari\u00e9 afin qu\u2019il puisse acqu\u00e9rir par la formation en alternance un dipl\u00f4me ou une certification professionnelle.<\/li>\n<\/ul>\n<div class='cta-block'><div class='text'>Simulez toutes vos aides en 2 min.<\/div><a href='https:\/\/www.mes-allocs.fr\/ab-app?origin=guides\/wp-json\/wp\/v2\/posts\/51087' class='app-button fit'>Simulation gratuite<\/a><\/div>\n","protected":false},"excerpt":{"rendered":"<p>Vous \u00eates un salari\u00e9 en CDD ou CDI et vous souhaitez effectuer une formation afin de monter en comp\u00e9tences ou vous orienter vers un nouveau m\u00e9tier ? En France, il est possible de b\u00e9n\u00e9ficier d&rsquo;une aide \u00e0 la formation de votre employeur. Alors, comment r\u00e9diger une lettre de demande de financement de formation \u00e0 son [&hellip;]<\/p>\n","protected":false},"author":14,"featured_media":51143,"comment_status":"closed","ping_status":"open","sticky":false,"template":"","format":"standard","meta":{"amp_status":"","footnotes":""},"categories":[2045,5605],"tags":[],"class_list":["post-51087","post","type-post","status-publish","format-standard","has-post-thumbnail","hentry","category-aide-formation","category-financement-formation"],"yoast_head":"<!-- This site is optimized with the Yoast SEO plugin v14.9 - https:\/\/yoast.com\/wordpress\/plugins\/seo\/ -->\n<title>Mod\u00e8le lettre de demande de financement de formation \u00e0 l&#039;employeur<\/title>\n<meta name=\"description\" content=\"Vous \u00eates un salari\u00e9 en CDD ou CDI et vous souhaiteriez effectuer une formation ? Vous pouvez obtenir un financement de votre employeur.\" \/>\n<meta name=\"robots\" content=\"index, follow, max-snippet:-1, max-image-preview:large, max-video-preview:-1\" \/>\n<link rel=\"canonical\" href=\"https:\/\/www.mes-allocs.fr\/guides\/aide-formation\/financement-formation\/modele-de-lettre-de-demande-de-financement-de-formation-a-son-employeur\/\" \/>\n<meta property=\"og:locale\" content=\"fr_FR\" \/>\n<meta property=\"og:type\" content=\"article\" \/>\n<meta property=\"og:title\" content=\"Mod\u00e8le lettre de demande de financement de formation \u00e0 l&#039;employeur\" \/>\n<meta property=\"og:description\" content=\"Vous \u00eates un salari\u00e9 en CDD ou CDI et vous souhaiteriez effectuer une formation ? Vous pouvez obtenir un financement de votre employeur.\" \/>\n<meta property=\"og:url\" content=\"https:\/\/www.mes-allocs.fr\/guides\/aide-formation\/financement-formation\/modele-de-lettre-de-demande-de-financement-de-formation-a-son-employeur\/\" \/>\n<meta property=\"og:site_name\" content=\"Mes-Allocs.fr\" \/>\n<meta property=\"article:published_time\" content=\"2022-05-31T16:57:17+00:00\" \/>\n<meta property=\"article:modified_time\" content=\"2025-07-16T08:49:35+00:00\" \/>\n<meta property=\"og:image\" content=\"https:\/\/www.mes-allocs.fr\/guides\/wp-content\/uploads\/2022\/05\/Lettre-de-demande-de-financement-de-formation-a-son-employeur3-1.jpg?wsr\" \/>\n\t<meta property=\"og:image:width\" content=\"612\" \/>\n\t<meta property=\"og:image:height\" content=\"408\" \/>\n<meta name=\"twitter:card\" content=\"summary_large_image\" \/>\n<script type=\"application\/ld+json\" class=\"yoast-schema-graph\">{\"@context\":\"https:\/\/schema.org\",\"@graph\":[{\"@type\":\"WebSite\",\"@id\":\"https:\/\/www.mes-allocs.fr\/guides\/#website\",\"url\":\"https:\/\/www.mes-allocs.fr\/guides\/\",\"name\":\"Mes-Allocs.fr\",\"description\":\"\",\"potentialAction\":[{\"@type\":\"SearchAction\",\"target\":\"https:\/\/www.mes-allocs.fr\/guides\/?s={search_term_string}\",\"query-input\":\"required name=search_term_string\"}],\"inLanguage\":\"fr-FR\"},{\"@type\":\"ImageObject\",\"@id\":\"https:\/\/www.mes-allocs.fr\/guides\/aide-formation\/financement-formation\/modele-de-lettre-de-demande-de-financement-de-formation-a-son-employeur\/#primaryimage\",\"inLanguage\":\"fr-FR\",\"url\":\"https:\/\/www.mes-allocs.fr\/guides\/wp-content\/uploads\/2022\/05\/Lettre-de-demande-de-financement-de-formation-a-son-employeur3-1.jpg?wsr\",\"width\":612,\"height\":408,\"caption\":\"Lettre de demande de financement de formation a son employeur\"},{\"@type\":\"WebPage\",\"@id\":\"https:\/\/www.mes-allocs.fr\/guides\/aide-formation\/financement-formation\/modele-de-lettre-de-demande-de-financement-de-formation-a-son-employeur\/#webpage\",\"url\":\"https:\/\/www.mes-allocs.fr\/guides\/aide-formation\/financement-formation\/modele-de-lettre-de-demande-de-financement-de-formation-a-son-employeur\/\",\"name\":\"Mod\\u00e8le lettre de demande de financement de formation \\u00e0 l'employeur\",\"isPartOf\":{\"@id\":\"https:\/\/www.mes-allocs.fr\/guides\/#website\"},\"primaryImageOfPage\":{\"@id\":\"https:\/\/www.mes-allocs.fr\/guides\/aide-formation\/financement-formation\/modele-de-lettre-de-demande-de-financement-de-formation-a-son-employeur\/#primaryimage\"},\"datePublished\":\"2022-05-31T16:57:17+00:00\",\"dateModified\":\"2025-07-16T08:49:35+00:00\",\"author\":{\"@id\":\"https:\/\/www.mes-allocs.fr\/guides\/#\/schema\/person\/a3de97298fd0ffc005ebdd5628b03ca8\"},\"description\":\"Vous \\u00eates un salari\\u00e9 en CDD ou CDI et vous souhaiteriez effectuer une formation ? Vous pouvez obtenir un financement de votre employeur.\",\"inLanguage\":\"fr-FR\"},{\"@type\":\"Person\",\"@id\":\"https:\/\/www.mes-allocs.fr\/guides\/#\/schema\/person\/a3de97298fd0ffc005ebdd5628b03ca8\",\"name\":\"Marina Ada Ondo\",\"image\":{\"@type\":\"ImageObject\",\"@id\":\"https:\/\/www.mes-allocs.fr\/guides\/#personlogo\",\"inLanguage\":\"fr-FR\",\"url\":\"https:\/\/www.mes-allocs.fr\/guides\/wp-content\/uploads\/2022\/02\/Photo-de-profil-150x150.png\",\"caption\":\"Marina Ada Ondo\"},\"description\":\"Marina est r\\u00e9dactrice au sein de l'\\u00e9quipe Mes Allocs, sp\\u00e9cialis\\u00e9e sur les aides aux jeunes. Dipl\\u00f4m\\u00e9e de l'ISFJ, elle rejoint Mes Allocs apr\\u00e8s une premi\\u00e8re exp\\u00e9rience en communication chez Little Africa, une agence de communication \\u00e0 Paris. Sur son temps libre, Marina lit beaucoup et passe ses dimanches au mus\\u00e9e.\",\"sameAs\":[\"https:\/\/www.linkedin.com\/in\/marinaadaondo\/\"]}]}<\/script>\n<!-- \/ Yoast SEO plugin. -->","amp_validity":null,"acf":{"faq":{"1":{"question":"Pourquoi demander une formation \u00e0 son employeur ?","answer":"Au regard de l'\u00e9volution technologique et pour veiller au maintien de leurs capacit\u00e9s \u00e0 occuper leur emploi, l'employeur se doit de proposer des formations \u00e0 ses salari\u00e9s dans le cadre du plan de d\u00e9veloppement des comp\u00e9tences."},"2":{"question":"Comment se faire financer une formation sans CPF ?","answer":"Le compte professionnel de pr\u00e9vention (C2P) permet aux travailleurs de cumuler des points pour financer une formation. Le compte d'engagement citoyen (CEC) permet aussi d'acqu\u00e9rir des droits \u00e0 la formation qui vont venir s'agr\u00e9ger \u00e0 votre CPF."},"3":{"question":"Quand formuler la demande de formation aupr\u00e8s de l'employeur ?","answer":"La demande doit se faire aupr\u00e8s de l'organisme de formation puis une demande d'autorisation \u00e0 son employeur au moins 2 mois avant le d\u00e9but de la formation (4 mois pour une formation de plus de 6 mois)."},"4":{"question":"Pourquoi vous avez choisi cette formation ?","answer":"Il faut parler des points forts de vos \u00e9tudes, et pr\u00e9ciser ce qu'elles vous ont apport\u00e9. En outre, vous devez citer les connaissances utiles que vous avez acquises pour occuper le poste."},"5":{"question":"Est-ce qu'un employeur peut refuser un droit \u00e0 la formation ?","answer":"L'employeur est libre d'accepter ou non la demande de formation pr\u00e9vue par le plan, mais en pratique celle-ci est rarement refus\u00e9e."},"6":{"question":"Comment faire une formation en entreprise ?","answer":"Pour faire valoir vos droits, vous pouvez effectuer plusieurs d\u00e9marches en fonction de votre besoin. Ainsi, vous devez vous adresser \u00e0 votre entreprise ou \u00e0 son OPCO. "},"7":{"question":"","answer":""},"8":{"question":"","answer":""},"9":{"question":"","answer":""},"10":{"question":"","answer":""},"11":{"question":"","answer":""},"12":{"question":"","answer":""},"13":{"question":"","answer":""},"14":{"question":"","answer":""},"15":{"question":"","answer":""},"16":{"question":"","answer":""}}},"_links":{"self":[{"href":"https:\/\/www.mes-allocs.fr\/guides\/wp-json\/wp\/v2\/posts\/51087","targetHints":{"allow":["GET"]}}],"collection":[{"href":"https:\/\/www.mes-allocs.fr\/guides\/wp-json\/wp\/v2\/posts"}],"about":[{"href":"https:\/\/www.mes-allocs.fr\/guides\/wp-json\/wp\/v2\/types\/post"}],"author":[{"embeddable":true,"href":"https:\/\/www.mes-allocs.fr\/guides\/wp-json\/wp\/v2\/users\/14"}],"replies":[{"embeddable":true,"href":"https:\/\/www.mes-allocs.fr\/guides\/wp-json\/wp\/v2\/comments?post=51087"}],"version-history":[{"count":11,"href":"https:\/\/www.mes-allocs.fr\/guides\/wp-json\/wp\/v2\/posts\/51087\/revisions"}],"predecessor-version":[{"id":102292,"href":"https:\/\/www.mes-allocs.fr\/guides\/wp-json\/wp\/v2\/posts\/51087\/revisions\/102292"}],"wp:featuredmedia":[{"embeddable":true,"href":"https:\/\/www.mes-allocs.fr\/guides\/wp-json\/wp\/v2\/media\/51143"}],"wp:attachment":[{"href":"https:\/\/www.mes-allocs.fr\/guides\/wp-json\/wp\/v2\/media?parent=51087"}],"wp:term":[{"taxonomy":"category","embeddable":true,"href":"https:\/\/www.mes-allocs.fr\/guides\/wp-json\/wp\/v2\/categories?post=51087"},{"taxonomy":"post_tag","embeddable":true,"href":"https:\/\/www.mes-allocs.fr\/guides\/wp-json\/wp\/v2\/tags?post=51087"}],"curies":[{"name":"wp","href":"https:\/\/api.w.org\/{rel}","templated":true}]}}