{"id":51083,"date":"2022-06-03T17:07:53","date_gmt":"2022-06-03T15:07:53","guid":{"rendered":"https:\/\/www.mes-allocs.fr\/guides\/?p=51083"},"modified":"2025-06-20T12:38:35","modified_gmt":"2025-06-20T10:38:35","slug":"actualisation-pole-emploi-avec-afpr","status":"publish","type":"post","link":"https:\/\/www.mes-allocs.fr\/guides\/chomage\/formation-afpr\/actualisation-pole-emploi-avec-afpr\/","title":{"rendered":"Comment effectuer une actualisation P\u00f4le Emploi avec AFPR ?"},"content":{"rendered":"<p style=\"text-align: justify;\"><b><img loading=\"lazy\" decoding=\"async\" class=\"alignnone wp-image-51606 size-full\" title=\"Comment effectuer une actualisation Pole Emploi avec AFPR\" src=\"https:\/\/www.mes-allocs.fr\/guides\/wp-content\/uploads\/2022\/05\/Comment-effectuer-une-actualisation-Pole-Emploi-avec-AFPR--e1654187386372.jpg\" alt=\"Comment effectuer une actualisation Pole Emploi avec AFPR\" width=\"1560\" height=\"202\" srcset=\"https:\/\/www.mes-allocs.fr\/guides\/wp-content\/uploads\/2022\/05\/Comment-effectuer-une-actualisation-Pole-Emploi-avec-AFPR--e1654187386372.jpg 1560w, https:\/\/www.mes-allocs.fr\/guides\/wp-content\/uploads\/2022\/05\/Comment-effectuer-une-actualisation-Pole-Emploi-avec-AFPR--e1654187386372-300x39.jpg 300w, https:\/\/www.mes-allocs.fr\/guides\/wp-content\/uploads\/2022\/05\/Comment-effectuer-une-actualisation-Pole-Emploi-avec-AFPR--e1654187386372-1024x133.jpg 1024w, https:\/\/www.mes-allocs.fr\/guides\/wp-content\/uploads\/2022\/05\/Comment-effectuer-une-actualisation-Pole-Emploi-avec-AFPR--e1654187386372-768x99.jpg 768w, https:\/\/www.mes-allocs.fr\/guides\/wp-content\/uploads\/2022\/05\/Comment-effectuer-une-actualisation-Pole-Emploi-avec-AFPR--e1654187386372-1536x199.jpg 1536w, https:\/\/www.mes-allocs.fr\/guides\/wp-content\/uploads\/2022\/05\/Comment-effectuer-une-actualisation-Pole-Emploi-avec-AFPR--e1654187386372-600x78.jpg 600w\" sizes=\"auto, (max-width: 1560px) 100vw, 1560px\" \/>Toutes les personnes au ch\u00f4mage inscrites \u00e0 P\u00f4le Emploi doivent obligatoirement s&rsquo;actualiser afin de d\u00e9clarer toute information concernant une situation professionnelle ou personnelle. La formation compte parmi les informations \u00e0 d\u00e9clarer lors de la r\u00e9alisation de l\u2019actualisation mensuelle. Alors, actualisation pole emploi avec <a href=\"https:\/\/www.mes-allocs.fr\/guides\/chomage\/afpr\/\">AFPR<\/a> : comment effectuer la d\u00e9marche ?<\/b><\/p>\n<p><strong>Le 24 avril 2024, l&rsquo;action de formation pr\u00e9alable au recrutement (AFPR) a \u00e9t\u00e9 supprim\u00e9e.<\/strong><\/p>\n<div class='cta-block'><div class='text'>Simulez vos aides en 2 min.<\/div><a href='https:\/\/www.mes-allocs.fr\/ab-app?origin=guides\/wp-json\/wp\/v2\/posts\/51083' class='app-button fit'>Simulation gratuite<\/a><\/div>\n<hr style=\"text-align: justify;\" \/>\n<h1 style=\"text-align: justify;\">C&rsquo;est l&rsquo;actualisation P\u00f4le Emploi ?<\/h1>\n<p style=\"text-align: justify;\"><b>L&rsquo;actualisation de\u00a0<a href=\"https:\/\/www.mes-allocs.fr\/guides\/chomage\/pole-emploi-actualisation-avril-2022\/\">P\u00f4le Emploi<\/a> d\u00e9signe la mise \u00e0 jour de vos informations.<\/b> Ces derni\u00e8res peuvent \u00eatre en lien avec\u00a0votre projet professionnel, vos droits au ch\u00f4mage ainsi que votre vie personnelle et familiale. <b>Vous devez r\u00e9aliser la d\u00e9marche chaque mois aupr\u00e8s de la structure entre le 26 du mois, et le 15 du mois suivant.<\/b> <b>Ainsi, cette derni\u00e8re permet de mettre \u00e0 jour votre profil de demandeur d\u2019emploi pour la conservation des droits vers\u00e9s et le maintien de vos<a href=\"https:\/\/www.mes-allocs.fr\/guides\/chomage\/calcul-indemnite-chomage-apres-csp\/\"> indemnit\u00e9s.<\/a><\/b><\/p>\n<p style=\"text-align: justify;\"><i>Par exemple, si la\u00a0p\u00e9riode de ch\u00f4mage s\u2019allonge, il faut le notifier afin de continuer \u00e0 recevoir votre indemnit\u00e9 de ch\u00f4mage. \u00c0 contrario, si vous sign\u00e9 un contrat de professionnalisation,\u00a0ou toute autre action de formation, vous devez aussi le pr\u00e9ciser dans votre actualisation.<\/i><\/p>\n<h1 style=\"text-align: justify;\">Comment faire effectuer une actualisation P\u00f4le Emploi avec AFPR ?<\/h1>\n<p style=\"text-align: justify;\"><b>L&rsquo;AFPR ou <a href=\"https:\/\/www.mes-allocs.fr\/guides\/aide-formation\/afpr-pole-emploi\/\">Action\u00a0de Formation Pr\u00e9alable au Recrutement<\/a> est une formation visant \u00e0 combler les diff\u00e9rences de comp\u00e9tences entre le demandeur d&#8217;emploi et le poste souhait\u00e9.<\/b> Vous pouvez pr\u00e9tendre \u00e0 400 heures de formation maximum.<b> La formation est \u00e9ligible pour :<\/b><\/p>\n<ul>\n<li style=\"text-align: justify;\">Les offres d&#8217;emploi concernant les Contrats \u00e0 Dur\u00e9e D\u00e9termin\u00e9 de minimum 6 mois et de maximum 12 mois pour les entreprises du secteur priv\u00e9 et public<\/li>\n<li style=\"text-align: justify;\">Les missions d&rsquo;int\u00e9rim\u00a0d\u2019au moins\u00a06\u00a0mois dans les 9\u00a0mois suivants la formation<\/li>\n<li style=\"text-align: justify;\">Les contrats de professionnalisation ou les contrats de travail temporaire pour des missions de 6 mois minimum au cours des 9 prochains mois<\/li>\n<\/ul>\n<p style=\"text-align: justify;\"><b>Vous pouvez effectuer votre actualisation de l&rsquo;AFPR \u00e0 P\u00f4le Emploi via :<img loading=\"lazy\" decoding=\"async\" class=\"size-medium wp-image-51607 alignright\" title=\"Comment effectuer une actualisation Pole Emploi avec AFPR\" src=\"https:\/\/www.mes-allocs.fr\/guides\/wp-content\/uploads\/2022\/05\/Comment-effectuer-une-actualisation-Pole-Emploi-avec-AFPR-2-300x200.jpg\" alt=\"Comment effectuer une actualisation Pole Emploi avec AFPR\" width=\"300\" height=\"200\" srcset=\"https:\/\/www.mes-allocs.fr\/guides\/wp-content\/uploads\/2022\/05\/Comment-effectuer-une-actualisation-Pole-Emploi-avec-AFPR-2-300x200.jpg 300w, https:\/\/www.mes-allocs.fr\/guides\/wp-content\/uploads\/2022\/05\/Comment-effectuer-une-actualisation-Pole-Emploi-avec-AFPR-2-600x400.jpg 600w, https:\/\/www.mes-allocs.fr\/guides\/wp-content\/uploads\/2022\/05\/Comment-effectuer-une-actualisation-Pole-Emploi-avec-AFPR-2.jpg 612w\" sizes=\"auto, (max-width: 300px) 100vw, 300px\" \/><\/b><\/p>\n<ul>\n<li style=\"text-align: justify;\">Votre espace personnel, depuis l\u2019application mobile<\/li>\n<li style=\"text-align: justify;\">Le site web de\u00a0poleemploi.fr, avec votre identifiant, mot de passe ainsi que votre code postal<\/li>\n<li style=\"text-align: justify;\">Le t\u00e9l\u00e9phone, aupr\u00e8s d\u2019un conseiller p\u00f4le emploi en contactant le 39 49<\/li>\n<\/ul>\n<p style=\"text-align: justify;\"><b>Attention, il\u00a0vous faut d\u00e9clarer les dates de d\u00e9but et de fin de formation afin d\u2019informer P\u00f4le Emploi de votre activit\u00e9 professionne<\/b>lle.<\/p>\n<h2 style=\"text-align: justify;\">D\u00e9clarer une formation valid\u00e9e ou prescrite par P\u00f4le Emploi<\/h2>\n<p style=\"text-align: justify;\">Les formalit\u00e9s relatives \u00e0 une formation valid\u00e9e ou prescrite par P\u00f4le Emploi sont rapides \u00e0 effectuer. En effet, elles ne n\u00e9cessitent aucune pr\u00e9sentation de justificatifs. <b>Vous avez simplement la case \u00ab oui \u00bb \u00e0 cocher lorsque l&rsquo;on vous demande si vous suivez ou \u00eates inscrit \u00e0 une formation.<\/b><\/p>\n<h2 style=\"text-align: justify;\">D\u00e9clarer une formation dont l&rsquo;organisme n\u2019a pas connaissance<\/h2>\n<p style=\"text-align: justify;\"><b>Concernant une formation pass\u00e9e sans que P\u00f4le Emploi n\u2019ait \u00e9t\u00e9 notifi\u00e9, il faut simplement r\u00e9pondre cocher \u00ab oui \u00bb lorsque l\u2019on vous demande si vous avez suivi une formation.<\/b> Apr\u00e8s avoir rempli le formulaire et finit la proc\u00e9dure, l&rsquo;organisme vous envoie un courrier dans lequel un changement de situation est notifi\u00e9.<b> Vous devez le renvoyer accompagn\u00e9 des justificatifs n\u00e9cessaires :<\/b><\/p>\n<ul>\n<li style=\"text-align: justify;\">Ces derni\u00e8res peuvent \u00eatre envoy\u00e9es via la rubrique \u00ab\u00a0Mes \u00e9changes avec P\u00f4le emploi\u00a0\u00bb puis dans \u00ab\u00a0Transmettre un document\u00a0\u00bb<\/li>\n<li style=\"text-align: justify;\">Il faut ensuite s\u00e9lectionner \u00ab\u00a0Actualisation \u2013 changement de situation\u00a0\u00bb<\/li>\n<\/ul>\n<p style=\"text-align: justify;\"><b>Il vous est aussi possible d\u2019envoyer vos documents par voie postale \u00e0 l\u2019adresse de votre agence P\u00f4le Emploi.<\/b><\/p>\n<h1 style=\"text-align: justify;\">Quelle r\u00e9mun\u00e9ration pendant une AFPR ?<\/h1>\n<p style=\"text-align: justify;\"><b>Lorsque vous suivez une AFPR, vous b\u00e9n\u00e9ficiez du statut de \u00ab stagiaire de la formation professionnelle \u00bb. \u00c0 ce titre, vous pouvez recevoir une r\u00e9mun\u00e9ration de formation :<\/b><\/p>\n<ul>\n<li style=\"text-align: justify;\">Si vous \u00eates indemnis\u00e9(e) au titre de l\u2019ARE : dans ce cas, l\u2019Aide au Retour \u00e0 l\u2019Emploi &#8211; Formation (AREF) est vers\u00e9e. Son montant minimum est de 22,61 euros par jour. Si au cours de de la p\u00e9riode de formation, vous avez \u00e9puis\u00e9 vos droits, la R\u00e9mun\u00e9ration de Fin de Formation (RFF) peut prendre le relais.<\/li>\n<li style=\"text-align: justify;\">Si vous n&rsquo;\u00eates pas indemnis\u00e9(e)par P\u00f4le Emploi : une R\u00e9mun\u00e9ration de Formation P\u00f4le Emploi (RFPE) est alors accord\u00e9e. Son montant est de 712,40 euros par mois maximum pour une formation \u00e0 temps plein et peut atteindre 2.009,82 euros pour les travailleurs handicap\u00e9s.<\/li>\n<\/ul>\n<p style=\"text-align: justify;\"><b>\u00c0 savoir qu&rsquo;en aucun cas, cette gratification ne peut \u00eatre assimil\u00e9e \u00e0 un salaire. Elle ne doit donc pas \u00eatre d\u00e9clar\u00e9e.<\/b> Lorsque vous d\u00e9cidez d\u2019interrompre d\u00e9finitivement votre formation alors que celle-ci a d\u00e9j\u00e0 commenc\u00e9, il est indispensable que vous en informiez votre conseiller.<\/p>\n<p><b>En compl\u00e9ment, il est possible de b\u00e9n\u00e9ficier d\u2019une aide \u00e0 la mobilit\u00e9 afin de prendre en charge les frais de restauration, de d\u00e9placement et d\u2019h\u00e9bergement.<\/b><\/p>\n<h2 style=\"text-align: justify;\">L&rsquo;actuation P\u00f4le Emploi avec AFPR, est-elle obligatoire ?<\/h2>\n<p style=\"text-align: justify;\">Effectivement, l&rsquo;AFPR compte parmi les \u00e9l\u00e9ments indispensables \u00e0 d\u00e9clarer aupr\u00e8s de P\u00f4le Emploi. <b>En effet, tout comme une actualisation classique, d\u00e9clarer votre AFPR permet \u00e0 l&rsquo;organisme de calculer le montant de l\u2019allocation que vous allez percevoir en toute connaissance de cause.<\/b><\/p>\n<p style=\"text-align: justify;\"><b>Une AFPR, comme un bilan de comp\u00e9tence ou une VAE fait toujours l\u2019objet d\u2019une indemnisation autre que les allocations ch\u00f4mage.<\/b> Le cumul des indemnit\u00e9s de ch\u00f4mage avec le salaire per\u00e7u est interdit. Pour emp\u00eacher le cumul de l\u2019indemnisation du ch\u00f4mage avec des actions de formation r\u00e9mun\u00e9r\u00e9es, P\u00f4le Emploi suit particuli\u00e8rement ces processus d\u2019actualisation.\u00a0<b>En outre, la formation d\u00e9clar\u00e9e permet \u00e0 P\u00f4le Emploi de suivre vos nouvelles qualifications professionnelles, et donc, de votre \u00e9volution professionnelle en g\u00e9n\u00e9ral.<\/b><\/p>\n<p><iframe loading=\"lazy\" title=\"L&#039;AFPR\" width=\"500\" height=\"281\" src=\"https:\/\/www.youtube.com\/embed\/48z8PGc0qIk?feature=oembed\" frameborder=\"0\" allow=\"accelerometer; autoplay; clipboard-write; encrypted-media; gyroscope; picture-in-picture; web-share\" referrerpolicy=\"strict-origin-when-cross-origin\" allowfullscreen><\/iframe><\/p>\n<h1 style=\"text-align: justify;\">Quelles cons\u00e9quences en cas de non-d\u00e9claration de l&rsquo;AFPR ?<\/h1>\n<p style=\"text-align: justify;\"><b>Toute information non actualis\u00e9e, ou avec du retard, peut entra\u00eener une d\u00e9sinscription de P\u00f4le Emploi sur la liste des demandeurs d\u2019emploi, peut-\u00eatre m\u00eame une radiation.<\/b> Cela signifie l\u2019interruption du versement de vos allocations ch\u00f4mage. Il vous est alors demand\u00e9 de rembourser les indemnit\u00e9s qui vous ont \u00e9t\u00e9 vers\u00e9es \u00e0 tort.<img loading=\"lazy\" decoding=\"async\" class=\"size-medium wp-image-51609 alignright\" title=\"Comment effectuer une actualisation Pole Emploi avec AFPR\" src=\"https:\/\/www.mes-allocs.fr\/guides\/wp-content\/uploads\/2022\/05\/Comment-effectuer-une-actualisation-Pole-Emploi-avec-AFPR-3-300x184.jpg\" alt=\"Comment effectuer une actualisation Pole Emploi avec AFPR\" width=\"300\" height=\"184\" srcset=\"https:\/\/www.mes-allocs.fr\/guides\/wp-content\/uploads\/2022\/05\/Comment-effectuer-une-actualisation-Pole-Emploi-avec-AFPR-3-300x184.jpg 300w, https:\/\/www.mes-allocs.fr\/guides\/wp-content\/uploads\/2022\/05\/Comment-effectuer-une-actualisation-Pole-Emploi-avec-AFPR-3-600x368.jpg 600w, https:\/\/www.mes-allocs.fr\/guides\/wp-content\/uploads\/2022\/05\/Comment-effectuer-une-actualisation-Pole-Emploi-avec-AFPR-3.jpg 612w\" sizes=\"auto, (max-width: 300px) 100vw, 300px\" \/><\/p>\n<p style=\"text-align: justify;\">Toutefois, vous pouvez corriger un oubli durant de changement de situation ou une erreur durant l\u2019actualisation. <b>En effet, vous avez la possibilit\u00e9 de toujours revenir sur votre d\u00e9claration et effectuer des modifications jusqu\u2019\u00e0 la fin de la p\u00e9riode d\u2019actualisation. <\/b>Il vous suffit tout simplement de contacter votre conseiller P\u00f4le Emploi ou de composer le 39 49. Si vous vous \u00eates aper\u00e7u de votre erreur le jour m\u00eame de votre actualisation, il est encore possible de corriger votre d\u00e9claration sur votre espace personnel.<\/p>\n<h1 style=\"text-align: justify;\">Quelles aides accord\u00e9es \u00e0 l&#8217;employeur pour\u00a0<span class=\"amp-wp-e98f482\" data-amp-original-style=\"color: #c43b3b;\">l&rsquo;AFPR ?\u00a0<\/span><\/h1>\n<p style=\"text-align: justify;\"><b>\u00c0 la suite de la formation, lorsque l&#8217;employeur vous embauche, il peut b\u00e9n\u00e9ficier d&rsquo;une aide financi\u00e8re \u00e0 la formation :<\/b><\/p>\n<ul>\n<li class=\"amp-wp-7d27179\" style=\"text-align: justify;\" data-amp-original-style=\"text-align: justify;\">Concernant les formations au sein de l\u2019entreprise (interne) : il per\u00e7oit 5 euros net maximum par heure de formation \u00e0 hauteur\u00a0de 2 000 euros maximum<\/li>\n<li class=\"amp-wp-7d27179\" style=\"text-align: justify;\" data-amp-original-style=\"text-align: justify;\">Concernant les formations aupr\u00e8s d\u2019un organisme (externe) : il per\u00e7oit 8 euros net maximum par heure de formation\u00a0dans la limite de 3 200 euros<\/li>\n<\/ul>\n<p style=\"text-align: justify;\"><b>Cette somme ne peut pas exc\u00e9der le co\u00fbt r\u00e9el de la formation. Il est attribu\u00e9\u00a0par P\u00f4le Emploi apr\u00e8s d\u00e9cision \u00e0 l\u2019aide du bilan\u00a0de la convention ainsi que du contrat de travail.<\/b><\/p>\n<div class='cta-block'><div class='text'>Simulez toutes vos aides en 2 min.<\/div><a href='https:\/\/www.mes-allocs.fr\/ab-app?origin=guides\/wp-json\/wp\/v2\/posts\/51083' class='app-button fit'>Simulation gratuite<\/a><\/div>\n","protected":false},"excerpt":{"rendered":"<p>Toutes les personnes au ch\u00f4mage inscrites \u00e0 P\u00f4le Emploi doivent obligatoirement s&rsquo;actualiser afin de d\u00e9clarer toute information concernant une situation professionnelle ou personnelle. La formation compte parmi les informations \u00e0 d\u00e9clarer lors de la r\u00e9alisation de l\u2019actualisation mensuelle. Alors, actualisation pole emploi avec AFPR : comment effectuer la d\u00e9marche ? Le 24 avril 2024, l&rsquo;action [&hellip;]<\/p>\n","protected":false},"author":14,"featured_media":51609,"comment_status":"closed","ping_status":"open","sticky":false,"template":"","format":"standard","meta":{"amp_status":"","footnotes":""},"categories":[46123,2989],"tags":[],"class_list":["post-51083","post","type-post","status-publish","format-standard","has-post-thumbnail","hentry","category-formation-afpr","category-chomage"],"yoast_head":"<!-- This site is optimized with the Yoast SEO plugin v14.9 - https:\/\/yoast.com\/wordpress\/plugins\/seo\/ -->\n<title>Comment effectuer une actualisation P\u00f4le Emploi avec AFPR ? | Mes-Allocs.fr<\/title>\n<meta name=\"description\" content=\"Une formation doit obligatoirement \u00eatre d\u00e9clarer lors de la r\u00e9alisation de l\u2019actualisation mensuelle des demandeurs d&#039;emploi \u00e0 P\u00f4le Emploi.\" \/>\n<meta name=\"robots\" content=\"index, follow, max-snippet:-1, max-image-preview:large, max-video-preview:-1\" \/>\n<link rel=\"canonical\" href=\"https:\/\/www.mes-allocs.fr\/guides\/chomage\/formation-afpr\/actualisation-pole-emploi-avec-afpr\/\" \/>\n<meta property=\"og:locale\" content=\"fr_FR\" \/>\n<meta property=\"og:type\" content=\"article\" \/>\n<meta property=\"og:title\" content=\"Comment effectuer une actualisation P\u00f4le Emploi avec AFPR ? | Mes-Allocs.fr\" \/>\n<meta property=\"og:description\" content=\"Une formation doit obligatoirement \u00eatre d\u00e9clarer lors de la r\u00e9alisation de l\u2019actualisation mensuelle des demandeurs d&#039;emploi \u00e0 P\u00f4le Emploi.\" \/>\n<meta property=\"og:url\" content=\"https:\/\/www.mes-allocs.fr\/guides\/chomage\/formation-afpr\/actualisation-pole-emploi-avec-afpr\/\" \/>\n<meta property=\"og:site_name\" content=\"Mes-Allocs.fr\" \/>\n<meta property=\"article:published_time\" content=\"2022-06-03T15:07:53+00:00\" \/>\n<meta property=\"article:modified_time\" content=\"2025-06-20T10:38:35+00:00\" \/>\n<meta property=\"og:image\" content=\"https:\/\/www.mes-allocs.fr\/guides\/wp-content\/uploads\/2022\/05\/Comment-effectuer-une-actualisation-Pole-Emploi-avec-AFPR-3.jpg?wsr\" \/>\n\t<meta property=\"og:image:width\" content=\"612\" \/>\n\t<meta property=\"og:image:height\" content=\"375\" \/>\n<meta name=\"twitter:card\" content=\"summary_large_image\" \/>\n<script type=\"application\/ld+json\" class=\"yoast-schema-graph\">{\"@context\":\"https:\/\/schema.org\",\"@graph\":[{\"@type\":\"WebSite\",\"@id\":\"https:\/\/www.mes-allocs.fr\/guides\/#website\",\"url\":\"https:\/\/www.mes-allocs.fr\/guides\/\",\"name\":\"Mes-Allocs.fr\",\"description\":\"\",\"potentialAction\":[{\"@type\":\"SearchAction\",\"target\":\"https:\/\/www.mes-allocs.fr\/guides\/?s={search_term_string}\",\"query-input\":\"required name=search_term_string\"}],\"inLanguage\":\"fr-FR\"},{\"@type\":\"ImageObject\",\"@id\":\"https:\/\/www.mes-allocs.fr\/guides\/chomage\/formation-afpr\/actualisation-pole-emploi-avec-afpr\/#primaryimage\",\"inLanguage\":\"fr-FR\",\"url\":\"https:\/\/www.mes-allocs.fr\/guides\/wp-content\/uploads\/2022\/05\/Comment-effectuer-une-actualisation-Pole-Emploi-avec-AFPR-3.jpg?wsr\",\"width\":612,\"height\":375,\"caption\":\"Comment effectuer une actualisation Pole Emploi avec AFPR\"},{\"@type\":\"WebPage\",\"@id\":\"https:\/\/www.mes-allocs.fr\/guides\/chomage\/formation-afpr\/actualisation-pole-emploi-avec-afpr\/#webpage\",\"url\":\"https:\/\/www.mes-allocs.fr\/guides\/chomage\/formation-afpr\/actualisation-pole-emploi-avec-afpr\/\",\"name\":\"Comment effectuer une actualisation P\\u00f4le Emploi avec AFPR ? | Mes-Allocs.fr\",\"isPartOf\":{\"@id\":\"https:\/\/www.mes-allocs.fr\/guides\/#website\"},\"primaryImageOfPage\":{\"@id\":\"https:\/\/www.mes-allocs.fr\/guides\/chomage\/formation-afpr\/actualisation-pole-emploi-avec-afpr\/#primaryimage\"},\"datePublished\":\"2022-06-03T15:07:53+00:00\",\"dateModified\":\"2025-06-20T10:38:35+00:00\",\"author\":{\"@id\":\"https:\/\/www.mes-allocs.fr\/guides\/#\/schema\/person\/a3de97298fd0ffc005ebdd5628b03ca8\"},\"description\":\"Une formation doit obligatoirement \\u00eatre d\\u00e9clarer lors de la r\\u00e9alisation de l\\u2019actualisation mensuelle des demandeurs d'emploi \\u00e0 P\\u00f4le Emploi.\",\"inLanguage\":\"fr-FR\"},{\"@type\":\"Person\",\"@id\":\"https:\/\/www.mes-allocs.fr\/guides\/#\/schema\/person\/a3de97298fd0ffc005ebdd5628b03ca8\",\"name\":\"Marina Ada Ondo\",\"image\":{\"@type\":\"ImageObject\",\"@id\":\"https:\/\/www.mes-allocs.fr\/guides\/#personlogo\",\"inLanguage\":\"fr-FR\",\"url\":\"https:\/\/www.mes-allocs.fr\/guides\/wp-content\/uploads\/2022\/02\/Photo-de-profil-150x150.png\",\"caption\":\"Marina Ada Ondo\"},\"description\":\"Marina est r\\u00e9dactrice au sein de l'\\u00e9quipe Mes Allocs, sp\\u00e9cialis\\u00e9e sur les aides aux jeunes. Dipl\\u00f4m\\u00e9e de l'ISFJ, elle rejoint Mes Allocs apr\\u00e8s une premi\\u00e8re exp\\u00e9rience en communication chez Little Africa, une agence de communication \\u00e0 Paris. Sur son temps libre, Marina lit beaucoup et passe ses dimanches au mus\\u00e9e.\",\"sameAs\":[\"https:\/\/www.linkedin.com\/in\/marinaadaondo\/\"]}]}<\/script>\n<!-- \/ Yoast SEO plugin. -->","amp_validity":null,"acf":{"faq":{"1":{"question":"Pourquoi d\u00e9clarer formation P\u00f4le emploi ?","answer":"D\u00e9clarer vos formations permet d'\u00e9viter que des allocations ch\u00f4mage ne soient vers\u00e9es \u00e0 tort par P\u00f4le emploi, que vous devrez rembourser plus tard. Disposer des informations li\u00e9es \u00e0 une formation\/stage que vous suivez permet \u00e0 P\u00f4le emploi de mieux adapter ses actions d'accompagnement."},"2":{"question":"Quel statut quand on est en formation ?","answer":"Lorsque vous suivez une formation, votre statut change. Vous devez un \"stagiaire de la formation professionnelle\" et relevez de la cat\u00e9gorie 4 des demandeurs d'emploi."},"3":{"question":"Quelle est la r\u00e9mun\u00e9ration d'une formation ?","answer":"Si vous avez entre 16 ans et 18 ans, votre r\u00e9mun\u00e9ration mensuelle est de 200 \u20ac. Si vous avez entre 18 et 25 ans, votre r\u00e9mun\u00e9ration mensuelle est de 500 \u20ac. Si vous avez plus de 25 ans,votre r\u00e9mun\u00e9ration mensuelle est de 685 \u20ac."},"4":{"question":"C'est quoi la r\u00e9mun\u00e9ration de fin de formation ?","answer":"La RFF est une r\u00e9mun\u00e9ration formation qui permet aux demandeurs d'emploi d'\u00eatre r\u00e9mun\u00e9r\u00e9s entre la fin de leurs droits en ARE-F, ASP-F ou ATI-F et la fin de la formation."},"5":{"question":"Quel est le montant de la RFPE ?","answer":"Le montant de la RFPE est calqu\u00e9 sur celui de la r\u00e9mun\u00e9ration des stagiaires de la formation professionnelle (RSFP), dont le montant est fix\u00e9 par d\u00e9cret. Selon votre situation, son montant varie entre 200 \u20ac et 685\u20ac (avec un plafond de 1932.52\u20ac pour les travailleurs handicap\u00e9s)."},"6":{"question":"Qu'est-ce qu'une formation pour P\u00f4le emploi ?","answer":"La formation continue contribue, selon diff\u00e9rents dispositifs que vous soyez salari\u00e9 ou demandeur d'emploi, \u00e0 entretenir et adapter vos comp\u00e9tences professionnelles tout au long de la vie."},"7":{"question":"","answer":""},"8":{"question":"","answer":""},"9":{"question":"","answer":""},"10":{"question":"","answer":""},"11":{"question":"","answer":""},"12":{"question":"","answer":""},"13":{"question":"","answer":""},"14":{"question":"","answer":""},"15":{"question":"","answer":""},"16":{"question":"","answer":""}}},"_links":{"self":[{"href":"https:\/\/www.mes-allocs.fr\/guides\/wp-json\/wp\/v2\/posts\/51083","targetHints":{"allow":["GET"]}}],"collection":[{"href":"https:\/\/www.mes-allocs.fr\/guides\/wp-json\/wp\/v2\/posts"}],"about":[{"href":"https:\/\/www.mes-allocs.fr\/guides\/wp-json\/wp\/v2\/types\/post"}],"author":[{"embeddable":true,"href":"https:\/\/www.mes-allocs.fr\/guides\/wp-json\/wp\/v2\/users\/14"}],"replies":[{"embeddable":true,"href":"https:\/\/www.mes-allocs.fr\/guides\/wp-json\/wp\/v2\/comments?post=51083"}],"version-history":[{"count":9,"href":"https:\/\/www.mes-allocs.fr\/guides\/wp-json\/wp\/v2\/posts\/51083\/revisions"}],"predecessor-version":[{"id":100907,"href":"https:\/\/www.mes-allocs.fr\/guides\/wp-json\/wp\/v2\/posts\/51083\/revisions\/100907"}],"wp:featuredmedia":[{"embeddable":true,"href":"https:\/\/www.mes-allocs.fr\/guides\/wp-json\/wp\/v2\/media\/51609"}],"wp:attachment":[{"href":"https:\/\/www.mes-allocs.fr\/guides\/wp-json\/wp\/v2\/media?parent=51083"}],"wp:term":[{"taxonomy":"category","embeddable":true,"href":"https:\/\/www.mes-allocs.fr\/guides\/wp-json\/wp\/v2\/categories?post=51083"},{"taxonomy":"post_tag","embeddable":true,"href":"https:\/\/www.mes-allocs.fr\/guides\/wp-json\/wp\/v2\/tags?post=51083"}],"curies":[{"name":"wp","href":"https:\/\/api.w.org\/{rel}","templated":true}]}}