{"id":51053,"date":"2022-06-24T18:13:06","date_gmt":"2022-06-24T16:13:06","guid":{"rendered":"https:\/\/www.mes-allocs.fr\/guides\/?p=51053"},"modified":"2026-03-13T17:49:48","modified_gmt":"2026-03-13T16:49:48","slug":"agirc-arrco-retraite","status":"publish","type":"post","link":"https:\/\/www.mes-allocs.fr\/guides\/retraite\/caisses-de-retraite\/agirc-arrco-retraite\/","title":{"rendered":"La retraite compl\u00e9mentaire Agirc-Arrco"},"content":{"rendered":"<p><img loading=\"lazy\" decoding=\"async\" class=\"aligncenter wp-image-51067\" title=\"agirc arrco retraite\" src=\"https:\/\/www.mes-allocs.fr\/guides\/wp-content\/uploads\/2022\/05\/jordan-whitt-I_xDkcd12ck-unsplash-e1653670052287-300x62.jpg\" alt=\"agirc arrco retraite\" width=\"813\" height=\"168\" srcset=\"https:\/\/www.mes-allocs.fr\/guides\/wp-content\/uploads\/2022\/05\/jordan-whitt-I_xDkcd12ck-unsplash-e1653670052287-300x62.jpg 300w, https:\/\/www.mes-allocs.fr\/guides\/wp-content\/uploads\/2022\/05\/jordan-whitt-I_xDkcd12ck-unsplash-e1653670052287-1024x212.jpg 1024w, https:\/\/www.mes-allocs.fr\/guides\/wp-content\/uploads\/2022\/05\/jordan-whitt-I_xDkcd12ck-unsplash-e1653670052287-768x159.jpg 768w, https:\/\/www.mes-allocs.fr\/guides\/wp-content\/uploads\/2022\/05\/jordan-whitt-I_xDkcd12ck-unsplash-e1653670052287-1536x318.jpg 1536w, https:\/\/www.mes-allocs.fr\/guides\/wp-content\/uploads\/2022\/05\/jordan-whitt-I_xDkcd12ck-unsplash-e1653670052287-600x124.jpg 600w, https:\/\/www.mes-allocs.fr\/guides\/wp-content\/uploads\/2022\/05\/jordan-whitt-I_xDkcd12ck-unsplash-e1653670052287.jpg 1920w\" sizes=\"auto, (max-width: 813px) 100vw, 813px\" \/><\/p>\n<p style=\"text-align: justify;\">[Mis \u00e0 jour le 13\/03\/2026] En France, la retraite compl\u00e9mentaire des salari\u00e9s, dite Agirc-Arrco, est une retraite qui compl\u00e8te la <a href=\"https:\/\/www.mes-allocs.fr\/guides\/retraite\/\" target=\"_blank\" rel=\"noopener\">retraite<\/a> obligatoire de base de ses salari\u00e9s. Celle-ci est vers\u00e9e par la Caisse Nationale d&rsquo;Assurance Vieillesse pour le r\u00e9gime g\u00e9n\u00e9ral, ou par la MSA pour les salari\u00e9s agricoles.\u00a0Mes Allocs vous explique tout sur la <strong>retraite compl\u00e9mentaire Agirc-Arrco<\/strong>.<\/p>\n<div class='cta-block'><div class='text'>Simulez votre retraite en 2 min.<\/div><a href='https:\/\/www.mes-allocs.fr\/formulaire\/retraite?utm_source=seo&origin=guides\/wp-json\/wp\/v2\/posts\/51053' class='app-button fit'>Simulation gratuite<\/a><\/div>\n<h1><strong>L\u2019Agirc-Arrco : un r\u00e9gime compl\u00e9mentaire cl\u00e9 pour les salari\u00e9s du priv\u00e9<\/strong><\/h1>\n<h2><strong>Qu\u2019est-ce que l\u2019Agirc-Arrco ?<\/strong><\/h2>\n<p><span style=\"font-weight: 400;\">L\u2019<\/span><b>Agirc-Arrco<\/b><span style=\"font-weight: 400;\"> est un r\u00e9gime de retraite compl\u00e9mentaire cr\u00e9\u00e9 pour les salari\u00e9s du secteur priv\u00e9. Il est n\u00e9 de la fusion en 2019 entre l\u2019<\/span><b>ARRCO<\/b><span style=\"font-weight: 400;\"> (Association des R\u00e9gimes de Retraite Compl\u00e9mentaire des Salari\u00e9s) et l\u2019<\/span><b>AGIRC<\/b><span style=\"font-weight: 400;\"> (Association G\u00e9n\u00e9rale des Institutions de Retraites des Cadres). Cette fusion a permis de simplifier le syst\u00e8me de retraite compl\u00e9mentaire en France et de garantir une meilleure \u00e9galit\u00e9 entre cadres et non-cadres.<\/span><\/p>\n<p><span style=\"font-weight: 400;\">Aujourd&rsquo;hui, tous les salari\u00e9s du secteur priv\u00e9, qu&rsquo;ils soient cadres ou non, cotisent au r\u00e9gime Agirc-Arrco. Le principe est simple : les cotisations des salari\u00e9s sont transform\u00e9es en points, qui seront ensuite utilis\u00e9s pour calculer leur pension \u00e0 la retraite. Cela permet d\u2019assurer une retraite plus flexible et \u00e9quitable.<\/span><\/p>\n<h2><strong>Le fonctionnement de l\u2019Agirc-Arrco<\/strong><\/h2>\n<p><span style=\"font-weight: 400;\">Chaque mois, les employeurs pr\u00e9l\u00e8vent les cotisations des salari\u00e9s pour la retraite compl\u00e9mentaire et les d\u00e9clarent aupr\u00e8s des caisses de retraite Agirc-Arrco. Les cotisations sont ensuite converties en points, selon un taux de conversion fix\u00e9 par les caisses chaque ann\u00e9e.<\/span><\/p>\n<p><span style=\"font-weight: 400;\">L\u2019Agirc-Arrco a la responsabilit\u00e9 de <\/span><b>transformer les cotisations en points<\/b><span style=\"font-weight: 400;\"> chaque ann\u00e9e, <\/span><b>d\u2019informer les salari\u00e9s<\/b><span style=\"font-weight: 400;\"> sur leurs droits \u00e0 la retraite et <\/span><b>de calculer<\/b><span style=\"font-weight: 400;\"> le montant de la retraite compl\u00e9mentaire lorsqu\u2019un salari\u00e9 prend sa retraite.<\/span><\/p>\n<p><span style=\"font-weight: 400;\">L\u2019une des sp\u00e9cificit\u00e9s de l\u2019Agirc-Arrco r\u00e9side dans le fait que le nombre de points accumul\u00e9s pendant la carri\u00e8re d\u2019un salari\u00e9 d\u00e9pend du montant de ses cotisations, mais aussi de son salaire. En g\u00e9n\u00e9ral, les salaires plus \u00e9lev\u00e9s permettent d\u2019acqu\u00e9rir plus de points, et donc de b\u00e9n\u00e9ficier d\u2019une pension plus \u00e9lev\u00e9e \u00e0 la retraite.<\/span><\/p>\n<h1><strong>Le r\u00e9gime AGIRC-ARRCO : le nombre de points<\/strong><\/h1>\n<p><span style=\"font-weight: 400;\">Le nombre de points que vous accumulez pendant votre carri\u00e8re est un indicateur essentiel pour comprendre votre future pension. Sur votre <\/span><b>relev\u00e9 de points Agirc-Arrco<\/b><span style=\"font-weight: 400;\">, vous pourrez retracer l\u2019ensemble de votre parcours professionnel dans le secteur priv\u00e9, et voir le total de vos points accumul\u00e9s.<\/span><\/p>\n<p><span style=\"font-weight: 400;\">Dans le cas o\u00f9 un salari\u00e9 a exerc\u00e9 plusieurs activit\u00e9s relevant de diff\u00e9rents r\u00e9gimes, il devra se rapprocher des diff\u00e9rentes caisses de retraite compl\u00e9mentaires pour garantir que l\u2019ensemble de ses points soit pris en compte.<\/span><\/p>\n<h2><iframe loading=\"lazy\" src=\"\/\/www.youtube.com\/embed\/nZ79Bmawt_M\" width=\"560\" height=\"314\" allowfullscreen=\"allowfullscreen\"><\/iframe><\/h2>\n<h1><strong>Comment pr\u00e9parer sa retraite compl\u00e9mentaire ?<\/strong><\/h1>\n<p><span style=\"font-weight: 400;\">Il est important de suivre l\u2019\u00e9volution de vos points Agirc-Arrco tout au long de votre carri\u00e8re. Pour cela, il est recommand\u00e9 de consulter r\u00e9guli\u00e8rement votre <\/span><b>espace personnel Agirc-Arrco<\/b><span style=\"font-weight: 400;\"> en ligne. Cet espace vous permet de visualiser l\u2019ensemble de vos points accumul\u00e9s, de v\u00e9rifier vos droits et d\u2019estimer le montant de votre future retraite compl\u00e9mentaire.<\/span><\/p>\n<p><span style=\"font-weight: 400;\">Il est \u00e9galement possible de demander un <\/span><b>entretien d\u2019information retraite<\/b><span style=\"font-weight: 400;\"> aupr\u00e8s de l\u2019Agirc-Arrco pour mieux comprendre vos droits et anticiper votre d\u00e9part \u00e0 la retraite.<\/span><\/p>\n<h1><strong>Rappel: le syst\u00e8me de retraite en France<\/strong><\/h1>\n<h2><strong>Les niveaux du syst\u00e8me de retraite en France<\/strong><\/h2>\n<p><span style=\"font-weight: 400;\">Le syst\u00e8me de retraite fran\u00e7ais se divise en trois niveaux principaux : la retraite de base, la retraite compl\u00e9mentaire et la retraite suppl\u00e9mentaire.<\/span><\/p>\n<p><b>La retraite de base<\/b><span style=\"font-weight: 400;\">, dite obligatoire, constitue le premier niveau de protection sociale. Elle repose sur un m\u00e9canisme de solidarit\u00e9 interg\u00e9n\u00e9rationnelle, o\u00f9 les cotisations des actifs actuels financent les pensions des retrait\u00e9s actuels. Elle est g\u00e9r\u00e9e par l&rsquo;Assurance Vieillesse de la S\u00e9curit\u00e9 Sociale pour le secteur priv\u00e9, ou par la MSA pour les salari\u00e9s agricoles.<\/span><\/p>\n<p><b>La retraite compl\u00e9mentaire<\/b><span style=\"font-weight: 400;\">, \u00e9galement obligatoire, compl\u00e8te la pension de base. Elle est construite sur un m\u00e9canisme de r\u00e9partition, o\u00f9 les cotisations des salari\u00e9s sont transform\u00e9es en points, qui serviront \u00e0 calculer la pension compl\u00e9mentaire \u00e0 la retraite. Le r\u00e9gime compl\u00e9mentaire le plus connu est l&rsquo;Agirc-Arrco, qui concerne les salari\u00e9s du secteur priv\u00e9.<\/span><\/p>\n<p><span style=\"font-weight: 400;\">Enfin, <\/span><b>la retraite suppl\u00e9mentaire<\/b><span style=\"font-weight: 400;\"> regroupe les dispositifs volontaires, comme les plans d\u2019\u00e9pargne salariale ou les assurances retraite priv\u00e9es, qui viennent compl\u00e9ter les deux premiers niveaux.<\/span><\/p>\n<h2><strong>Les diff\u00e9rents r\u00e9gimes de retraite en France<\/strong><\/h2>\n<h3><strong>Le r\u00e9gime de base<\/strong><\/h3>\n<p><span style=\"font-weight: 400;\">Le r\u00e9gime de base est g\u00e9r\u00e9 par diff\u00e9rentes caisses de retraite en fonction du secteur d\u2019activit\u00e9. Les salari\u00e9s du secteur priv\u00e9 rel\u00e8vent g\u00e9n\u00e9ralement de la <\/span><b>Caisse Nationale d&rsquo;Assurance Vieillesse<\/b><span style=\"font-weight: 400;\"> (CNAV) ou de la <\/span><b>CARSAT<\/b><span style=\"font-weight: 400;\"> (Caisse d&rsquo;Assurance Retraite et de la Sant\u00e9 au Travail). Les exploitants agricoles et les salari\u00e9s du secteur agricole d\u00e9pendent de la <\/span><b>Mutualit\u00e9 Sociale Agricole<\/b><span style=\"font-weight: 400;\"> (MSA).<\/span><\/p>\n<p><span style=\"font-weight: 400;\">Les travailleurs ind\u00e9pendants, quant \u00e0 eux, \u00e9taient auparavant affili\u00e9s au <\/span><b>R\u00e9gime Social des Ind\u00e9pendants<\/b><span style=\"font-weight: 400;\"> (RSI), qui a \u00e9t\u00e9 remplac\u00e9 par l&rsquo;<\/span><b>Assurance Retraite<\/b><span style=\"font-weight: 400;\"> depuis 2018. Les fonctionnaires et les agents publics, enfin, d\u00e9pendent de r\u00e9gimes sp\u00e9cifiques comme la <\/span><b>CNRACL<\/b><span style=\"font-weight: 400;\"> ou la <\/span><b>SNCF<\/b><span style=\"font-weight: 400;\">.<\/span><\/p>\n<h2><strong>Les r\u00e9gimes compl\u00e9mentaires<\/strong><\/h2>\n<p><span style=\"font-weight: 400;\">Si les caisses de retraite de base g\u00e8rent principalement la retraite obligatoire, d\u2019autres caisses prennent en charge les r\u00e9gimes compl\u00e9mentaires. Parmi les plus connus, on retrouve :<\/span><\/p>\n<ul>\n<li style=\"font-weight: 400;\" aria-level=\"1\"><b>L\u2019Agirc-Arrco<\/b><span style=\"font-weight: 400;\">, qui concerne les salari\u00e9s du secteur priv\u00e9.<\/span><\/li>\n<li style=\"font-weight: 400;\" aria-level=\"1\"><b>La RAFP<\/b><span style=\"font-weight: 400;\">, qui est r\u00e9serv\u00e9e aux fonctionnaires.<\/span><\/li>\n<li style=\"font-weight: 400;\" aria-level=\"1\"><b>L\u2019Ircantec<\/b><span style=\"font-weight: 400;\">, pour les salari\u00e9s non-titulaires du secteur public.<\/span><\/li>\n<\/ul>\n<p><span style=\"font-weight: 400;\">Ces r\u00e9gimes sont \u00e9galement fond\u00e9s sur un syst\u00e8me de r\u00e9partition, mais ils sont distincts du r\u00e9gime de base, permettant d&rsquo;assurer une pension plus \u00e9lev\u00e9e pour les salari\u00e9s du priv\u00e9.<\/span><\/p>\n<h2><strong>Le fonctionnement des r\u00e9gimes compl\u00e9mentaires<\/strong><\/h2>\n<p><span style=\"font-weight: 400;\">La retraite compl\u00e9mentaire, en particulier l\u2019Agirc-Arrco, se distingue par son fonctionnement bas\u00e9 sur le <\/span><b>syst\u00e8me de points<\/b><span style=\"font-weight: 400;\">. Chaque mois, les salari\u00e9s cotisent \u00e0 hauteur d\u2019un certain pourcentage de leur salaire. Ces cotisations sont ensuite converties en points. Le nombre de points acquis d\u00e9pend du montant des cotisations vers\u00e9es, et ce syst\u00e8me permet de calculer le montant de la pension de retraite.<\/span><\/p>\n<p><span style=\"font-weight: 400;\">La valeur du point Agirc-Arrco peut varier selon les ann\u00e9es et les accords interprofessionnels, mais elle reste un indicateur essentiel pour d\u00e9terminer la pension. Lorsque le salari\u00e9 part en retraite, le total de ses points est multipli\u00e9 par la valeur du point pour d\u00e9terminer le montant de sa pension compl\u00e9mentaire.<\/span><\/p>\n<p><span style=\"font-weight: 400;\">Il est important de noter que la retraite compl\u00e9mentaire est vers\u00e9e int\u00e9gralement lorsque le salari\u00e9 a atteint le <\/span><b>taux plein<\/b><span style=\"font-weight: 400;\"> pour sa retraite de base. Si la retraite de base est obtenue \u00e0 taux minor\u00e9, la pension compl\u00e9mentaire sera r\u00e9duite en cons\u00e9quence.<\/span><\/p>\n<div id=\"quest-ce-que-larrco-et-lagirc\" class=\"ce_text block\">\n<div class='cta-block'><div class='text'>Simulez votre retraite en 2 min.<\/div><a href='https:\/\/www.mes-allocs.fr\/formulaire\/retraite?utm_source=seo&origin=guides\/wp-json\/wp\/v2\/posts\/51053' class='app-button fit'>Simulation gratuite<\/a><\/div>\n<\/div>\n","protected":false},"excerpt":{"rendered":"<p>[Mis \u00e0 jour le 13\/03\/2026] En France, la retraite compl\u00e9mentaire des salari\u00e9s, dite Agirc-Arrco, est une retraite qui compl\u00e8te la retraite obligatoire de base de ses salari\u00e9s. Celle-ci est vers\u00e9e par la Caisse Nationale d&rsquo;Assurance Vieillesse pour le r\u00e9gime g\u00e9n\u00e9ral, ou par la MSA pour les salari\u00e9s agricoles.\u00a0Mes Allocs vous explique tout sur la retraite [&hellip;]<\/p>\n","protected":false},"author":13,"featured_media":51067,"comment_status":"closed","ping_status":"open","sticky":false,"template":"","format":"standard","meta":{"amp_status":"","footnotes":""},"categories":[22793,19177],"tags":[],"class_list":["post-51053","post","type-post","status-publish","format-standard","has-post-thumbnail","hentry","category-caisses-de-retraite","category-retraite"],"yoast_head":"<!-- This site is optimized with the Yoast SEO plugin v14.9 - https:\/\/yoast.com\/wordpress\/plugins\/seo\/ -->\n<title>La retraite compl\u00e9mentaire Agirc-Arrco | Mes-Allocs.fr<\/title>\n<meta name=\"description\" content=\"La\u00a0retraite compl\u00e9mentaire des salari\u00e9s, dite\u00a0Agirc-Arrco,\u00a0est une\u00a0retraite qui compl\u00e8te la retraite obligatoire de base de ses salari\u00e9s.\" \/>\n<meta name=\"robots\" content=\"index, follow, max-snippet:-1, max-image-preview:large, max-video-preview:-1\" \/>\n<link rel=\"canonical\" href=\"https:\/\/www.mes-allocs.fr\/guides\/retraite\/caisses-de-retraite\/agirc-arrco-retraite\/\" \/>\n<meta property=\"og:locale\" content=\"fr_FR\" \/>\n<meta property=\"og:type\" content=\"article\" \/>\n<meta property=\"og:title\" content=\"La retraite compl\u00e9mentaire Agirc-Arrco | Mes-Allocs.fr\" \/>\n<meta property=\"og:description\" content=\"La\u00a0retraite compl\u00e9mentaire des salari\u00e9s, dite\u00a0Agirc-Arrco,\u00a0est une\u00a0retraite qui compl\u00e8te la retraite obligatoire de base de ses salari\u00e9s.\" \/>\n<meta property=\"og:url\" content=\"https:\/\/www.mes-allocs.fr\/guides\/retraite\/caisses-de-retraite\/agirc-arrco-retraite\/\" \/>\n<meta property=\"og:site_name\" content=\"Mes-Allocs.fr\" \/>\n<meta property=\"article:published_time\" content=\"2022-06-24T16:13:06+00:00\" \/>\n<meta property=\"article:modified_time\" content=\"2026-03-13T16:49:48+00:00\" \/>\n<meta property=\"og:image\" content=\"https:\/\/www.mes-allocs.fr\/guides\/wp-content\/uploads\/2022\/05\/jordan-whitt-I_xDkcd12ck-unsplash-e1653670052287.jpg?wsr\" \/>\n\t<meta property=\"og:image:width\" content=\"1920\" \/>\n\t<meta property=\"og:image:height\" content=\"398\" \/>\n<meta name=\"twitter:card\" content=\"summary_large_image\" \/>\n<script type=\"application\/ld+json\" class=\"yoast-schema-graph\">{\"@context\":\"https:\/\/schema.org\",\"@graph\":[{\"@type\":\"WebSite\",\"@id\":\"https:\/\/www.mes-allocs.fr\/guides\/#website\",\"url\":\"https:\/\/www.mes-allocs.fr\/guides\/\",\"name\":\"Mes-Allocs.fr\",\"description\":\"\",\"potentialAction\":[{\"@type\":\"SearchAction\",\"target\":\"https:\/\/www.mes-allocs.fr\/guides\/?s={search_term_string}\",\"query-input\":\"required name=search_term_string\"}],\"inLanguage\":\"fr-FR\"},{\"@type\":\"ImageObject\",\"@id\":\"https:\/\/www.mes-allocs.fr\/guides\/retraite\/caisses-de-retraite\/agirc-arrco-retraite\/#primaryimage\",\"inLanguage\":\"fr-FR\",\"url\":\"https:\/\/www.mes-allocs.fr\/guides\/wp-content\/uploads\/2022\/05\/jordan-whitt-I_xDkcd12ck-unsplash-e1653670052287.jpg?wsr\",\"width\":1920,\"height\":398,\"caption\":\"agirc arrco retraite\"},{\"@type\":\"WebPage\",\"@id\":\"https:\/\/www.mes-allocs.fr\/guides\/retraite\/caisses-de-retraite\/agirc-arrco-retraite\/#webpage\",\"url\":\"https:\/\/www.mes-allocs.fr\/guides\/retraite\/caisses-de-retraite\/agirc-arrco-retraite\/\",\"name\":\"La retraite compl\\u00e9mentaire Agirc-Arrco | Mes-Allocs.fr\",\"isPartOf\":{\"@id\":\"https:\/\/www.mes-allocs.fr\/guides\/#website\"},\"primaryImageOfPage\":{\"@id\":\"https:\/\/www.mes-allocs.fr\/guides\/retraite\/caisses-de-retraite\/agirc-arrco-retraite\/#primaryimage\"},\"datePublished\":\"2022-06-24T16:13:06+00:00\",\"dateModified\":\"2026-03-13T16:49:48+00:00\",\"author\":{\"@id\":\"https:\/\/www.mes-allocs.fr\/guides\/#\/schema\/person\/c22c1269332026958a3b5505f80b5404\"},\"description\":\"La\\u00a0retraite compl\\u00e9mentaire des salari\\u00e9s, dite\\u00a0Agirc-Arrco,\\u00a0est une\\u00a0retraite qui compl\\u00e8te la retraite obligatoire de base de ses salari\\u00e9s.\",\"inLanguage\":\"fr-FR\"},{\"@type\":\"Person\",\"@id\":\"https:\/\/www.mes-allocs.fr\/guides\/#\/schema\/person\/c22c1269332026958a3b5505f80b5404\",\"name\":\"Flavien Fritz\",\"image\":{\"@type\":\"ImageObject\",\"@id\":\"https:\/\/www.mes-allocs.fr\/guides\/#personlogo\",\"inLanguage\":\"fr-FR\",\"url\":\"https:\/\/www.mes-allocs.fr\/guides\/wp-content\/uploads\/2021\/11\/Flavien-1-150x150.png\",\"caption\":\"Flavien Fritz\"},\"description\":\"Flavien est r\\u00e9dacteur au sein de l'\\u00e9quipe Mes Allocs, sp\\u00e9cialis\\u00e9 en droit priv\\u00e9. Dipl\\u00f4m\\u00e9 de l'Institut Catholique de Vend\\u00e9e, il rejoint Mes Allocs apr\\u00e8s une premi\\u00e8re exp\\u00e9rience entrepreneuriale.\",\"sameAs\":[\"https:\/\/fr.linkedin.com\/in\/flavienfritz\"]}]}<\/script>\n<!-- \/ Yoast SEO plugin. -->","amp_validity":null,"acf":{"faq":{"1":{"question":"Quelles sont les caisses de retraite compl\u00e9mentaires ?","answer":"Certaines prestations sont \u00e9galement possibles par les caisses de retraite compl\u00e9mentaires :\r\n<br> <a href=\"https:\/\/www.mes-allocs.fr\/guides\/retraite\/retraite-arrco\/\">Lire la suite<\/a>\r\n"},"2":{"question":"Comment se calculre la retraite compl\u00e9mentaire ?","answer":"La retraite compl\u00e9mentaire se calcule en points.\r\n<br> <a href=\"https:\/\/www.mes-allocs.fr\/guides\/retraite\/retraite-arrco\/\">Lire la suite<\/a>\r\n"},"3":{"question":"Quand est vers\u00e9e enti\u00e8rement la retraite compl\u00e9mentaire ?","answer":"La retraite compl\u00e9mentaire est vers\u00e9e enti\u00e8rement dans le cas o\u00f9 le retrait\u00e9 a obtenu sa retraite de base au taux maximum de 50 % (aussi appel\u00e9 \"taux plein\").\u00a0\r\n<br> <a href=\"https:\/\/www.mes-allocs.fr\/guides\/retraite\/retraite-arrco\/\">Lire la suite<\/a>\r\n"},"4":{"question":"Qu'est-ce que l'Agirc-Arrco ?","answer":"L'Agirc-Arrco est un r\u00e9gime de retraite compl\u00e9mentaire auquel tous les salari\u00e9s du secteur priv\u00e9 cotisent obligatoirement.\r\n<br> <a href=\"https:\/\/www.mes-allocs.fr\/guides\/retraite\/retraite-arrco\/\">Lire la suite<\/a>\r\n"},"5":{"question":"A quoi sert le nombre de points de l'Agirc-Arrco ?","answer":"Votre relev\u00e9 de points\u00a0Agirc-Arrco va vous permettre de retracer l\u2019ensemble de votre carri\u00e8re de salari\u00e9 dans le secteur priv\u00e9.\r\n<br> <a href=\"https:\/\/www.mes-allocs.fr\/guides\/retraite\/retraite-arrco\/\">Lire la suite<\/a>\r\n"},"6":{"question":"","answer":""},"7":{"question":"","answer":""},"8":{"question":"","answer":""},"9":{"question":"","answer":""},"10":{"question":"","answer":""},"11":{"question":"","answer":""},"12":{"question":"","answer":""},"13":{"question":"","answer":""},"14":{"question":"","answer":""},"15":{"question":"","answer":""},"16":{"question":"","answer":""}}},"_links":{"self":[{"href":"https:\/\/www.mes-allocs.fr\/guides\/wp-json\/wp\/v2\/posts\/51053","targetHints":{"allow":["GET"]}}],"collection":[{"href":"https:\/\/www.mes-allocs.fr\/guides\/wp-json\/wp\/v2\/posts"}],"about":[{"href":"https:\/\/www.mes-allocs.fr\/guides\/wp-json\/wp\/v2\/types\/post"}],"author":[{"embeddable":true,"href":"https:\/\/www.mes-allocs.fr\/guides\/wp-json\/wp\/v2\/users\/13"}],"replies":[{"embeddable":true,"href":"https:\/\/www.mes-allocs.fr\/guides\/wp-json\/wp\/v2\/comments?post=51053"}],"version-history":[{"count":24,"href":"https:\/\/www.mes-allocs.fr\/guides\/wp-json\/wp\/v2\/posts\/51053\/revisions"}],"predecessor-version":[{"id":110511,"href":"https:\/\/www.mes-allocs.fr\/guides\/wp-json\/wp\/v2\/posts\/51053\/revisions\/110511"}],"wp:featuredmedia":[{"embeddable":true,"href":"https:\/\/www.mes-allocs.fr\/guides\/wp-json\/wp\/v2\/media\/51067"}],"wp:attachment":[{"href":"https:\/\/www.mes-allocs.fr\/guides\/wp-json\/wp\/v2\/media?parent=51053"}],"wp:term":[{"taxonomy":"category","embeddable":true,"href":"https:\/\/www.mes-allocs.fr\/guides\/wp-json\/wp\/v2\/categories?post=51053"},{"taxonomy":"post_tag","embeddable":true,"href":"https:\/\/www.mes-allocs.fr\/guides\/wp-json\/wp\/v2\/tags?post=51053"}],"curies":[{"name":"wp","href":"https:\/\/api.w.org\/{rel}","templated":true}]}}