{"id":51045,"date":"2022-05-31T18:41:59","date_gmt":"2022-05-31T16:41:59","guid":{"rendered":"https:\/\/www.mes-allocs.fr\/guides\/?p=51045"},"modified":"2025-07-16T11:06:57","modified_gmt":"2025-07-16T09:06:57","slug":"comment-financer-une-formation-de-reconversion-professionnelle","status":"publish","type":"post","link":"https:\/\/www.mes-allocs.fr\/guides\/aide-formation\/formation-pour-adulte\/comment-financer-une-formation-de-reconversion-professionnelle\/","title":{"rendered":"Comment financer une formation de reconversion professionnelle ?"},"content":{"rendered":"<p style=\"text-align: justify;\"><b><img loading=\"lazy\" decoding=\"async\" class=\"alignnone wp-image-51124 size-large\" title=\"Comment financer une formation de reconversion professionnelle\" src=\"https:\/\/www.mes-allocs.fr\/guides\/wp-content\/uploads\/2022\/05\/Comment-financer-une-formation-de-reconversion-professionnelle--scaled-e1653923781456-1024x197.jpg\" alt=\"Comment financer une formation de reconversion professionnelle\" width=\"1024\" height=\"197\" srcset=\"https:\/\/www.mes-allocs.fr\/guides\/wp-content\/uploads\/2022\/05\/Comment-financer-une-formation-de-reconversion-professionnelle--scaled-e1653923781456-1024x197.jpg 1024w, https:\/\/www.mes-allocs.fr\/guides\/wp-content\/uploads\/2022\/05\/Comment-financer-une-formation-de-reconversion-professionnelle--scaled-e1653923781456-300x58.jpg 300w, https:\/\/www.mes-allocs.fr\/guides\/wp-content\/uploads\/2022\/05\/Comment-financer-une-formation-de-reconversion-professionnelle--scaled-e1653923781456-768x148.jpg 768w, https:\/\/www.mes-allocs.fr\/guides\/wp-content\/uploads\/2022\/05\/Comment-financer-une-formation-de-reconversion-professionnelle--scaled-e1653923781456-1536x295.jpg 1536w, https:\/\/www.mes-allocs.fr\/guides\/wp-content\/uploads\/2022\/05\/Comment-financer-une-formation-de-reconversion-professionnelle--scaled-e1653923781456-2048x394.jpg 2048w, https:\/\/www.mes-allocs.fr\/guides\/wp-content\/uploads\/2022\/05\/Comment-financer-une-formation-de-reconversion-professionnelle--scaled-e1653923781456-600x115.jpg 600w\" sizes=\"auto, (max-width: 1024px) 100vw, 1024px\" \/>Vous souhaitez r\u00e9aliser un projet de reconversion professionnelle, mais vous ne savez pas comment financer la formation ? Il existe de nombreuses <a href=\"https:\/\/www.mes-allocs.fr\/guides\/aide-formation\/\">aides \u00e0 la formation<\/a> attribu\u00e9es en fonction de votre situation professionnelle. Alors, comment financer une formation de reconversion professionnelle ?<\/b><\/p>\n<div class='cta-block'><div class='text'>Simulez toutes vos aides en 2 min.<\/div><a href='https:\/\/www.mes-allocs.fr\/ab-app?origin=guides\/wp-json\/wp\/v2\/posts\/51045' class='app-button fit'>Simulation gratuite<\/a><\/div>\n<h1 style=\"text-align: justify;\">Le Compte Personnel de Formation (CPF)<\/h1>\n<p style=\"text-align: justify;\">Il s&rsquo;agit d&rsquo;un des dispositifs de financement de la formation professionnelle. <b>Le <a href=\"https:\/\/www.mes-allocs.fr\/guides\/aide-formation\/eligibilite-cpf\/\">Compte Personnel de Formation<\/a> (CPF) permet d&rsquo;accumuler des droits \u00e0 la formation sous forme d&rsquo;euros tout au long de la carri\u00e8re professionnelle.<\/b> Ce compte facilite la reconversion dans un autre domaine. Cependant, le CPF est utilisable pour certaines formations seulement recens\u00e9es dans l\u2019espace personnel des salari\u00e9s.<\/p>\n<p style=\"text-align: justify;\"><b>Le CPF est destin\u00e9 \u00e0 tous les actifs tels que les salari\u00e9s, les ind\u00e9pendants, les entrepreneurs et les demandeurs d\u2019emploi. Vous pouvez acqu\u00e9rir 500 euros par ann\u00e9e pour un travail \u00e0 temps plein, cumulable jusqu\u2019\u00e0 5 000 euros. <\/b>La somme s&rsquo;\u00e9l\u00e8ve \u00e0 800 euros pour les salari\u00e9s peu qualifi\u00e9s avec un plafond de 8 000 euros.<\/p>\n<p style=\"text-align: justify;\"><b>Pour en b\u00e9n\u00e9ficier, la formation peut se faire en dehors du temps de travail sans besoin d&rsquo;avertir l&#8217;employeur. <\/b>Dans le cas contraire, vous devez envoyer une demande en courrier recommand\u00e9, 60 jours avant le d\u00e9but de la formation si celle-ci dure moins de 6 mois, 120 jours sinon. <b>L\u2019employeur a alors 30 jours pour valider ou non la demande.<\/b><\/p>\n<p style=\"text-align: justify;\">\u00c0 savoir que pour les agents de la fonction publique, ces droits \u00e0 la formation sont comptabilis\u00e9s en heures et non pas en euros.<\/p>\n<p><iframe loading=\"lazy\" title=\"Les aides \u00e0 la formation\" width=\"500\" height=\"281\" src=\"https:\/\/www.youtube.com\/embed\/gs3ZRHqtzmY?feature=oembed\" frameborder=\"0\" allow=\"accelerometer; autoplay; clipboard-write; encrypted-media; gyroscope; picture-in-picture; web-share\" referrerpolicy=\"strict-origin-when-cross-origin\" allowfullscreen><\/iframe><\/p>\n<h1 style=\"text-align: justify;\">Le projet de transition professionnelle (PTP)<\/h1>\n<p style=\"text-align: justify;\"><b>Aussi appel\u00e9 CPF de transition professionnel, le dispositif vise \u00e0 renforcer la qualification des salari\u00e9s de l&rsquo;entreprise pour faciliter leur \u00e9volution professionnelle dans l\u2019entreprise ou leur reconversion professionnelle.<\/b> Il permet de s&rsquo;absenter de l&rsquo;entreprise durant toute la dur\u00e9e de la formation, sans que l\u2019employeur puisse s\u2019y opposer. <b>Afin d&rsquo;en b\u00e9n\u00e9ficier, vous devez \u00e9laborer un projet professionnel de formation, effectuer un devis aupr\u00e8s du prestataire choisi et pr\u00e9senter votre projet \u00e0 la Commission paritaire interprofessionnel r\u00e9gionale qui statue sur sa pertinence.<\/b><\/p>\n<p style=\"text-align: justify;\"><b>Le projet de transition professionnelle s&rsquo;adresse aux salari\u00e9s en CDD, en CDI (avec 24 mois d\u2019anciennet\u00e9), les int\u00e9rimaires et <a href=\"https:\/\/www.mes-allocs.fr\/guides\/aides-par-situation\/aides-intermittent-du-spectacle\/\">intermittents du spectacle<\/a> sous certaines conditions.<\/b> Il prend en charge les frais de formation jusqu&rsquo;\u00e0 18 000 euros (maximum 27.45 euros de l\u2019heure) et le maintien du salaire le temps de la formation. \u00c0 savoir que pendant la dur\u00e9e de la formation, le contrat est suspendu, mais le demandeur conserve son statut de salari\u00e9 au sein de la soci\u00e9t\u00e9.<\/p>\n<p style=\"text-align: justify;\"><b>Pour percevoir le financement, la demande doit \u00eatre fa\u00eete 60 jours avant le d\u00e9but de la formation si celle-ci dure moins de 6 mois, 120 jours au-del\u00e0 de cette dur\u00e9e. <\/b>L\u2019employeur dispose de 30 jours pour donner sa r\u00e9ponse, en sachant qu\u2019il ne peut pas refuser cette demande, sauf si les crit\u00e8res ne sont pas remplis par le salari\u00e9 ou si cela engendre une grande difficult\u00e9 pour l\u2019entreprise. <b>Dans ce dernier contexte, il peut obliger le salari\u00e9 \u00e0 retarder de 9 mois maximum le suivi de sa formation.<\/b><\/p>\n<h1 style=\"text-align: justify;\">Le Plan de D\u00e9veloppement des Comp\u00e9tences (PDC)<\/h1>\n<p style=\"text-align: justify;\"><b>Il a pour objectif d&rsquo;assurer le maintien dans l\u2019emploi du salari\u00e9 et de lui permettre monter en comp\u00e9tences, au regard de l\u2019\u00e9volution des emplois, des technologies et des organisations. <\/b>C&rsquo;est l\u2019ensemble des actions de formation professionnelle, de bilans de comp\u00e9tences et de <a href=\"https:\/\/www.mes-allocs.fr\/guides\/aide-formation\/pole-emploi-vae\/\">validation des acquis de l\u2019exp\u00e9rience<\/a> mises en place par l\u2019entreprise pour les salari\u00e9s.<\/p>\n<p style=\"text-align: justify;\"><b>Le PDC est destin\u00e9 \u00e0 tous les salari\u00e9s, qui ne peuvent pas la refuser, car elle rentre dans le cadre de son contrat de travail. <\/b>Un refus peut \u00eatre consid\u00e9r\u00e9 comme une faute pouvant justifier son licenciement, sauf s\u2019il s\u2019agit d\u2019un bilan de comp\u00e9tences, d\u2019une Validation des Acquis de l&rsquo;Exp\u00e9rience ou d\u2019une formation exerc\u00e9e en dehors du temps de travail.<\/p>\n<p style=\"text-align: justify;\"><b>La demande de formation peut \u00eatre \u00e0 l\u2019initiative des 2 parties.<\/b> En revanche, si la demande \u00e9mane du salari\u00e9, l\u2019employeur est libre de refuser ou d\u2019accepter.<\/p>\n<h1 style=\"text-align: justify;\">La reconversion ou promotion par l&rsquo;alternance Pro-A<\/h1>\n<p style=\"text-align: justify;\">Le Pro-A s&rsquo;adresse aux salari\u00e9s souhaitant b\u00e9n\u00e9ficier d\u2019une promotion professionnelle ou ceux changeant de m\u00e9tier. <b>Cette alternance permet d&rsquo;obtenir un niveau de qualification sup\u00e9rieure \u00e0 celui que poss\u00e8de le salari\u00e9 ou \u00e9quivalent s\u2019il s\u2019agit d\u2019une reconversion.<\/b> Elle permet \u00e0 l&rsquo;entreprise de renforcer les comp\u00e9tences de ses employ\u00e9s pour p\u00e9renniser leur engagement dans l\u2019entreprise et faciliter la mobilit\u00e9 interne.<\/p>\n<p style=\"text-align: justify;\"><b>Elle est destin\u00e9e \u00e0 tous les salari\u00e9s en CDI, en contrat unique d\u2019insertion \u00e0 dur\u00e9e ind\u00e9termin\u00e9e, sportifs ou entra\u00eeneurs professionnels en CDD.<\/b> Vous devez effectuer la formation\u00a0sur le temps de travail avec maintien de la r\u00e9mun\u00e9ration ou en dehors avec l&rsquo;accord de l&#8217;employeur. <b>Sa dur\u00e9e peut varier entre 6 et 12 mois, avec une possible reconduction du dispositif jusqu\u2019\u00e0 36 mois.<\/b><\/p>\n<p style=\"text-align: justify;\"><b>Vous devez faire une\u00a0demande de Pro-A \u00e0 votre employeur par lettre recommand\u00e9e avec accus\u00e9 de r\u00e9ception.<\/b><\/p>\n<h1 style=\"text-align: justify;\">L&rsquo;action de formation de P\u00f4le Emploi<\/h1>\n<p style=\"text-align: justify;\"><b>Cet outil de reconversion facilite le retour \u00e0 l\u2019emploi des demandeurs d\u2019emploi en comblant le foss\u00e9 entre leurs comp\u00e9tences actuelles et les exigences du march\u00e9 de l\u2019emploi. <\/b>\u00c0 travers la formation effectu\u00e9e, vous pouvez acqu\u00e9rir un dipl\u00f4me n\u00e9cessaire \u00e0 la reconversion par exemple.<\/p>\n<p style=\"text-align: justify;\"><b>La totalit\u00e9 de la formation est prise en charge par P\u00f4le Emploi qui verse directement la somme \u00e0 l\u2019organisme de formation choisi.<\/b> Aucune participation n\u2019est demand\u00e9e au b\u00e9n\u00e9ficiaire.<\/p>\n<h1 style=\"text-align: justify;\">La\u00a0Pr\u00e9paration op\u00e9rationnelle \u00e0 l\u2019emploi collective (POEC)<\/h1>\n<p style=\"text-align: justify;\">Le dispositif favorise la r\u00e9insertion durable des demandeurs d\u2019emploi. <b>Elle permet de suivre des formations visant \u00e0 acqu\u00e9rir les comp\u00e9tences recherch\u00e9es dans des secteurs en p\u00e9nurie de main d\u2019\u0153uvre.\u00a0<\/b>La POEC est destin\u00e9e aux demandeurs d\u2019emploi sans condition de r\u00e9mun\u00e9ration.<\/p>\n<p style=\"text-align: justify;\"><b>Afin d&rsquo;en b\u00e9n\u00e9ficier, il faut faire valider votre projet de formation par votre conseiller P\u00f4le Emploi avant tout financement possible. <\/b>En effet, votre d\u00e9marche de formation doit \u00eatre coh\u00e9rente avec votre Projet Personnalis\u00e9 d\u2019Acc\u00e8s \u00e0 l\u2019Emploi (PPAE). Les formations r\u00e9alis\u00e9es dans le cadre de la POEC et les modalit\u00e9s d\u2019inscription sont \u00e9galement diffus\u00e9es sur le service \u00ab trouver ma formation \u00bb sur pole-emploi.fr ou sur l\u2019application mobile Ma formation, avec le pictogramme \u00ab financ\u00e9e par OPCO \u00bb.<\/p>\n<h1 id=\"chapter_8\" style=\"text-align: justify;\">L&rsquo;Aide Individuelle \u00e0 la Formation (AIF)<\/h1>\n<p style=\"text-align: justify;\">Vous pouvez mobiliser ce dispositif en dernier recours lorsque vous ne pouvez pas b\u00e9n\u00e9ficier des autres aides existantes ou qu\u2019elles ne permettent pas de payer dans la totalit\u00e9 la formation souhait\u00e9e dans le cadre d\u2019une reconversion. <b>La formation en question doit avoir pour objectif de combler le foss\u00e9 entre les comp\u00e9tences actuelles du b\u00e9n\u00e9ficiaire et les exigences du poste souhait\u00e9.<\/b><\/p>\n<p style=\"text-align: justify;\"><b>Pour y pr\u00e9tendre, le demandeur en recherche d&#8217;emploi doit \u00eatre accompagn\u00e9 dans le cadre d\u2019un contrat de s\u00e9curisation professionnelle (CSP).<\/b>\u00a0S\u2019il b\u00e9n\u00e9ficie d\u00e9j\u00e0 de la POE, il n\u2019est pas \u00e9ligible \u00e0 ce dispositif.<\/p>\n<div class='cta-block'><div class='text'>Simulez toutes vos aides en 2 min.<\/div><a href='https:\/\/www.mes-allocs.fr\/ab-app?origin=guides\/wp-json\/wp\/v2\/posts\/51045' class='app-button fit'>Simulation gratuite<\/a><\/div>\n","protected":false},"excerpt":{"rendered":"<p>Vous souhaitez r\u00e9aliser un projet de reconversion professionnelle, mais vous ne savez pas comment financer la formation ? Il existe de nombreuses aides \u00e0 la formation attribu\u00e9es en fonction de votre situation professionnelle. Alors, comment financer une formation de reconversion professionnelle ? Le Compte Personnel de Formation (CPF) Il s&rsquo;agit d&rsquo;un des dispositifs de financement [&hellip;]<\/p>\n","protected":false},"author":14,"featured_media":51122,"comment_status":"closed","ping_status":"open","sticky":false,"template":"","format":"standard","meta":{"amp_status":"","footnotes":""},"categories":[2045,19732],"tags":[],"class_list":["post-51045","post","type-post","status-publish","format-standard","has-post-thumbnail","hentry","category-aide-formation","category-formation-pour-adulte"],"yoast_head":"<!-- This site is optimized with the Yoast SEO plugin v14.9 - https:\/\/yoast.com\/wordpress\/plugins\/seo\/ -->\n<title>Comment financer une formation de reconversion professionnelle ?<\/title>\n<meta name=\"description\" content=\"Il existe des financements attribu\u00e9s en fonction de votre situation professionnelle pour financer une reconversion professionnelle.\" \/>\n<meta name=\"robots\" content=\"index, follow, max-snippet:-1, max-image-preview:large, max-video-preview:-1\" \/>\n<link rel=\"canonical\" href=\"https:\/\/www.mes-allocs.fr\/guides\/aide-formation\/formation-pour-adulte\/comment-financer-une-formation-de-reconversion-professionnelle\/\" \/>\n<meta property=\"og:locale\" content=\"fr_FR\" \/>\n<meta property=\"og:type\" content=\"article\" \/>\n<meta property=\"og:title\" content=\"Comment financer une formation de reconversion professionnelle ?\" \/>\n<meta property=\"og:description\" content=\"Il existe des financements attribu\u00e9s en fonction de votre situation professionnelle pour financer une reconversion professionnelle.\" \/>\n<meta property=\"og:url\" content=\"https:\/\/www.mes-allocs.fr\/guides\/aide-formation\/formation-pour-adulte\/comment-financer-une-formation-de-reconversion-professionnelle\/\" \/>\n<meta property=\"og:site_name\" content=\"Mes-Allocs.fr\" \/>\n<meta property=\"article:published_time\" content=\"2022-05-31T16:41:59+00:00\" \/>\n<meta property=\"article:modified_time\" content=\"2025-07-16T09:06:57+00:00\" \/>\n<meta property=\"og:image\" content=\"https:\/\/www.mes-allocs.fr\/guides\/wp-content\/uploads\/2022\/05\/Comment-financer-une-formation-de-reconversion-professionnelle-3.jpg?wsr\" \/>\n\t<meta property=\"og:image:width\" content=\"612\" \/>\n\t<meta property=\"og:image:height\" content=\"509\" \/>\n<meta name=\"twitter:card\" content=\"summary_large_image\" \/>\n<script type=\"application\/ld+json\" class=\"yoast-schema-graph\">{\"@context\":\"https:\/\/schema.org\",\"@graph\":[{\"@type\":\"WebSite\",\"@id\":\"https:\/\/www.mes-allocs.fr\/guides\/#website\",\"url\":\"https:\/\/www.mes-allocs.fr\/guides\/\",\"name\":\"Mes-Allocs.fr\",\"description\":\"\",\"potentialAction\":[{\"@type\":\"SearchAction\",\"target\":\"https:\/\/www.mes-allocs.fr\/guides\/?s={search_term_string}\",\"query-input\":\"required name=search_term_string\"}],\"inLanguage\":\"fr-FR\"},{\"@type\":\"ImageObject\",\"@id\":\"https:\/\/www.mes-allocs.fr\/guides\/aide-formation\/formation-pour-adulte\/comment-financer-une-formation-de-reconversion-professionnelle\/#primaryimage\",\"inLanguage\":\"fr-FR\",\"url\":\"https:\/\/www.mes-allocs.fr\/guides\/wp-content\/uploads\/2022\/05\/Comment-financer-une-formation-de-reconversion-professionnelle-3.jpg?wsr\",\"width\":612,\"height\":509,\"caption\":\"temoignage de reconversion professionnelle \\u00e0 50 ans\"},{\"@type\":\"WebPage\",\"@id\":\"https:\/\/www.mes-allocs.fr\/guides\/aide-formation\/formation-pour-adulte\/comment-financer-une-formation-de-reconversion-professionnelle\/#webpage\",\"url\":\"https:\/\/www.mes-allocs.fr\/guides\/aide-formation\/formation-pour-adulte\/comment-financer-une-formation-de-reconversion-professionnelle\/\",\"name\":\"Comment financer une formation de reconversion professionnelle ?\",\"isPartOf\":{\"@id\":\"https:\/\/www.mes-allocs.fr\/guides\/#website\"},\"primaryImageOfPage\":{\"@id\":\"https:\/\/www.mes-allocs.fr\/guides\/aide-formation\/formation-pour-adulte\/comment-financer-une-formation-de-reconversion-professionnelle\/#primaryimage\"},\"datePublished\":\"2022-05-31T16:41:59+00:00\",\"dateModified\":\"2025-07-16T09:06:57+00:00\",\"author\":{\"@id\":\"https:\/\/www.mes-allocs.fr\/guides\/#\/schema\/person\/a3de97298fd0ffc005ebdd5628b03ca8\"},\"description\":\"Il existe des financements attribu\\u00e9s en fonction de votre situation professionnelle pour financer une reconversion professionnelle.\",\"inLanguage\":\"fr-FR\"},{\"@type\":\"Person\",\"@id\":\"https:\/\/www.mes-allocs.fr\/guides\/#\/schema\/person\/a3de97298fd0ffc005ebdd5628b03ca8\",\"name\":\"Marina Ada Ondo\",\"image\":{\"@type\":\"ImageObject\",\"@id\":\"https:\/\/www.mes-allocs.fr\/guides\/#personlogo\",\"inLanguage\":\"fr-FR\",\"url\":\"https:\/\/www.mes-allocs.fr\/guides\/wp-content\/uploads\/2022\/02\/Photo-de-profil-150x150.png\",\"caption\":\"Marina Ada Ondo\"},\"description\":\"Marina est r\\u00e9dactrice au sein de l'\\u00e9quipe Mes Allocs, sp\\u00e9cialis\\u00e9e sur les aides aux jeunes. Dipl\\u00f4m\\u00e9e de l'ISFJ, elle rejoint Mes Allocs apr\\u00e8s une premi\\u00e8re exp\\u00e9rience en communication chez Little Africa, une agence de communication \\u00e0 Paris. Sur son temps libre, Marina lit beaucoup et passe ses dimanches au mus\\u00e9e.\",\"sameAs\":[\"https:\/\/www.linkedin.com\/in\/marinaadaondo\/\"]}]}<\/script>\n<!-- \/ Yoast SEO plugin. -->","amp_validity":null,"acf":{"faq":{"1":{"question":"Qui peut m'aider \u00e0 me reconvertir ?","answer":"Voici les principales institutions qui permettent de pr\u00e9parer une reconversion : l'AFPA, MaFormation, P\u00f4le emploi, l'APEC, le r\u00e9seau GRETA, l'Agefiph, la chambre des m\u00e9tiers et de l'artisanat ou le CNAM."},"2":{"question":"Comment financer une formation pour adulte ?","answer":"Le financement se fait par le biais de l'OPCO, P\u00f4le Emploi, votre employeur, etc. "},"3":{"question":"Comment se reconvertir sans perte de salaire ?","answer":"Pour profiter d'une reconversion professionnelle sans perte de salaire, vous pouvez b\u00e9n\u00e9ficier d'aides et de dispositifs pour conserver sa r\u00e9mun\u00e9ration ou opter directement pour une formation r\u00e9mun\u00e9r\u00e9e."},"4":{"question":"Comment faire une formation tout en \u00e9tant salari\u00e9 ?","answer":"Le \u00ab Cong\u00e9 Individuel de Formation \u00bb, le Compte Personnel de Formation, la p\u00e9riode de professionnalisation, la VAE, ou le contrat de s\u00e9curisation professionnelle vous permet de suspendre votre contrat de travail pour suivre une formation. "},"5":{"question":"Comment se faire payer une formation par la R\u00e9gion ?","answer":"Selon la l\u00e9gislation locale, le financement d'une formation par le conseil r\u00e9gional est envisageable sous forme de ch\u00e8ques de formation. La personne per\u00e7oit une somme d\u00e9termin\u00e9e en fonction de sa situation et de la pertinence de son dossier. La r\u00e9gion finance aussi les formations sous forme de r\u00e9mun\u00e9ration."},"6":{"question":"Puis-je faire une formation pendant les heures de travail ? ","answer":"Si la formation se d\u00e9roule pendant le temps de travail, le salari\u00e9 doit pr\u00e9alablement demander l'autorisation de l'employeur. En cas d'accord, les heures consacr\u00e9es \u00e0 la formation pendant le temps de travail constituent un temps de travail effectif et donnent lieu au maintien de la r\u00e9mun\u00e9ration du salari\u00e9. "},"7":{"question":"","answer":""},"8":{"question":"","answer":""},"9":{"question":"","answer":""},"10":{"question":"","answer":""},"11":{"question":"","answer":""},"12":{"question":"","answer":""},"13":{"question":"","answer":""},"14":{"question":"","answer":""},"15":{"question":"","answer":""},"16":{"question":"","answer":""}}},"_links":{"self":[{"href":"https:\/\/www.mes-allocs.fr\/guides\/wp-json\/wp\/v2\/posts\/51045","targetHints":{"allow":["GET"]}}],"collection":[{"href":"https:\/\/www.mes-allocs.fr\/guides\/wp-json\/wp\/v2\/posts"}],"about":[{"href":"https:\/\/www.mes-allocs.fr\/guides\/wp-json\/wp\/v2\/types\/post"}],"author":[{"embeddable":true,"href":"https:\/\/www.mes-allocs.fr\/guides\/wp-json\/wp\/v2\/users\/14"}],"replies":[{"embeddable":true,"href":"https:\/\/www.mes-allocs.fr\/guides\/wp-json\/wp\/v2\/comments?post=51045"}],"version-history":[{"count":8,"href":"https:\/\/www.mes-allocs.fr\/guides\/wp-json\/wp\/v2\/posts\/51045\/revisions"}],"predecessor-version":[{"id":102346,"href":"https:\/\/www.mes-allocs.fr\/guides\/wp-json\/wp\/v2\/posts\/51045\/revisions\/102346"}],"wp:featuredmedia":[{"embeddable":true,"href":"https:\/\/www.mes-allocs.fr\/guides\/wp-json\/wp\/v2\/media\/51122"}],"wp:attachment":[{"href":"https:\/\/www.mes-allocs.fr\/guides\/wp-json\/wp\/v2\/media?parent=51045"}],"wp:term":[{"taxonomy":"category","embeddable":true,"href":"https:\/\/www.mes-allocs.fr\/guides\/wp-json\/wp\/v2\/categories?post=51045"},{"taxonomy":"post_tag","embeddable":true,"href":"https:\/\/www.mes-allocs.fr\/guides\/wp-json\/wp\/v2\/tags?post=51045"}],"curies":[{"name":"wp","href":"https:\/\/api.w.org\/{rel}","templated":true}]}}