{"id":50974,"date":"2022-05-31T18:41:15","date_gmt":"2022-05-31T16:41:15","guid":{"rendered":"https:\/\/www.mes-allocs.fr\/guides\/?p=50974"},"modified":"2025-07-16T11:06:22","modified_gmt":"2025-07-16T09:06:22","slug":"quest-ce-qu-une-action-de-formation","status":"publish","type":"post","link":"https:\/\/www.mes-allocs.fr\/guides\/aide-formation\/action-de-formation-conventionnee\/quest-ce-qu-une-action-de-formation\/","title":{"rendered":"Qu&rsquo;est ce qu&rsquo;une action de formation ?"},"content":{"rendered":"<p style=\"text-align: justify;\"><b><img loading=\"lazy\" decoding=\"async\" class=\"alignnone wp-image-51119 size-large\" title=\"Quest ce quune action de formation\" src=\"https:\/\/www.mes-allocs.fr\/guides\/wp-content\/uploads\/2022\/05\/Quest-ce-quune-action-de-formation--scaled-e1653923524743-1024x210.jpg\" alt=\"Quest ce quune action de formation\" width=\"1024\" height=\"210\" srcset=\"https:\/\/www.mes-allocs.fr\/guides\/wp-content\/uploads\/2022\/05\/Quest-ce-quune-action-de-formation--scaled-e1653923524743-1024x210.jpg 1024w, https:\/\/www.mes-allocs.fr\/guides\/wp-content\/uploads\/2022\/05\/Quest-ce-quune-action-de-formation--scaled-e1653923524743-300x61.jpg 300w, https:\/\/www.mes-allocs.fr\/guides\/wp-content\/uploads\/2022\/05\/Quest-ce-quune-action-de-formation--scaled-e1653923524743-768x157.jpg 768w, https:\/\/www.mes-allocs.fr\/guides\/wp-content\/uploads\/2022\/05\/Quest-ce-quune-action-de-formation--scaled-e1653923524743-1536x314.jpg 1536w, https:\/\/www.mes-allocs.fr\/guides\/wp-content\/uploads\/2022\/05\/Quest-ce-quune-action-de-formation--scaled-e1653923524743-2048x419.jpg 2048w, https:\/\/www.mes-allocs.fr\/guides\/wp-content\/uploads\/2022\/05\/Quest-ce-quune-action-de-formation--scaled-e1653923524743-600x123.jpg 600w\" sizes=\"auto, (max-width: 1024px) 100vw, 1024px\" \/>La formation professionnelle est un droit essentiel pour les salari\u00e9s. Il s&rsquo;agit d&rsquo;une <a href=\"https:\/\/www.mes-allocs.fr\/guides\/aide-formation\/\">aide \u00e0 la formation<\/a> indispensable pour \u00e9voluer ou se reconvertir professionnellement. Alors, qu&rsquo;est ce qu&rsquo;une action de formation ?<\/b><\/p>\n<div class='cta-block'><div class='text'>Simulez toutes vos aides en 2 min.<\/div><a href='https:\/\/www.mes-allocs.fr\/ab-app?origin=guides\/wp-json\/wp\/v2\/posts\/50974' class='app-button fit'>Simulation gratuite<\/a><\/div>\n<h1 style=\"text-align: justify;\">Qu&rsquo;est-ce qu&rsquo;une action de formation ?<\/h1>\n<p style=\"text-align: justify;\">La loi du 5 septembre 2018 \u00ab pour la libert\u00e9 de choisir son avenir professionnel \u00bb donne une nouvelle\u00a0d\u00e9finition de l\u2019action de formation depuis le 1er janvier 2019. <b>Ainsi, l&rsquo;action de formation se d\u00e9finit comme un parcours p\u00e9dagogique permettant d\u2019atteindre un objectif professionnel.<\/b><\/p>\n<div style=\"text-align: justify;\"><b>Le plan de formation rassemble toutes les actions de formation mises en \u0153uvre au sein de l&rsquo;<a href=\"https:\/\/www.mes-allocs.fr\/blog\/financement-formation-entreprise-guide-des-professionnels\/\">entreprise<\/a> afin de :<\/b><\/div>\n<div>\n<ul>\n<li style=\"text-align: justify;\">Permettre \u00e0 toute personne sans qualification professionnelle ou sans contrat de travail d\u2019acc\u00e9der dans les meilleures conditions \u00e0 un emploi<\/li>\n<li style=\"text-align: justify;\">Favoriser l\u2019adaptation des travailleurs \u00e0 leur poste de travail, \u00e0 l\u2019\u00e9volution des emplois ainsi que leur maintien dans l\u2019emploi et de participer au d\u00e9veloppement des comp\u00e9tences<\/li>\n<li style=\"text-align: justify;\">R\u00e9duire les risques d\u2019une qualification inadapt\u00e9e \u00e0 l\u2019\u00e9volution des techniques et des structures de l\u2019entreprise<\/li>\n<li style=\"text-align: justify;\">Favoriser la mobilit\u00e9 professionnelle<\/li>\n<\/ul>\n<p style=\"text-align: justify;\"><b>Ces actions de formation peuvent prendre diff\u00e9rentes formes et sont tr\u00e8s encadr\u00e9es,\u00a0mais toute personne qui en a besoin dans le cadre de son emploi actuel, ou dans la perspective d\u2019un emploi futur, peut en b\u00e9n\u00e9ficier.<\/b><\/p>\n<h2 style=\"text-align: justify;\">Les actions de formation\u00a0d\u2019adaptation au poste de travail<\/h2>\n<p style=\"text-align: justify;\"><b>Les actions de formation des entreprises correspondent aux apprentissages pouvant \u00eatre directement utilis\u00e9s par le salari\u00e9 dans l&rsquo;exercice de ses fonctions, au moment du suivi de la formation.\u00a0<\/b>Elles ont pour objectif de maintenir vos comp\u00e9tences dans le poste que vous occupez actuellement et de les rendre plus efficaces afin d&rsquo;accro\u00eetre votre polyvalence et votre autonomie.<\/p>\n<p style=\"text-align: justify;\">Les actions de formation professionnelle li\u00e9es au maintien dans l\u2019emploi font aussi partie des actions de formation en situation de travail. <b>En effet, l&#8217;employeur ayant l\u2019obligation de maintenir l\u2019employabilit\u00e9 de ses salari\u00e9s, ces actions de formation doivent \u00eatre r\u00e9alis\u00e9es \u00e0 son initiative dans le cadre du <a href=\"https:\/\/www.mes-allocs.fr\/guides\/aide-formation\/construire-un-plan-de-developpement-des-competences\/\">Plan de D\u00e9veloppement des Comp\u00e9tences<\/a> (PDC).<\/b> Elles servent \u00e0 anticiper et \u00e0 r\u00e9pondre \u00e0 l\u2019\u00e9volution des techniques et structures de l\u2019entreprise, et ainsi pr\u00e9venir les risques d\u2019inadaptation des salari\u00e9s face au changement.<\/p>\n<p style=\"text-align: justify;\"><b>Ces actions peuvent \u00eatre r\u00e9alis\u00e9es en partie ou en totalit\u00e9 \u00e0 distance, ou bien en situation de travail.<\/b> Elles sont\u00a0dispens\u00e9es par un organisme de formation, formateur ind\u00e9pendant, ou tout type de prestataire de formation. <b>En outre, elles se d\u00e9roulent donc sur le temps du travail du salari\u00e9 qui ne peut la refuser, et donnent lieu au maintien de sa <a href=\"https:\/\/www.mes-allocs.fr\/guides\/aide-formation\/off-pole-emploi\/\">r\u00e9mun\u00e9ration.<\/a><\/b><\/p>\n<h2 style=\"text-align: justify;\">Les actions de formation li\u00e9es au d\u00e9veloppement des comp\u00e9tences<\/h2>\n<p style=\"text-align: justify;\"><b>Les\u00a0actions destin\u00e9es \u00e0 d\u00e9velopper les comp\u00e9tences sont n\u00e9cessaires lorsque les comp\u00e9tences acquises en formation ne sont pas exclusivement exploitables dans le cadre du poste de travail actuel du salari\u00e9.<\/b> En effet, ces actions vous offrent l&rsquo;opportunit\u00e9 d&rsquo;\u00e9voluer hi\u00e9rarchiquement dans un m\u00e9tier ou dans une autre entreprise.<\/p>\n<p style=\"text-align: justify;\"><b>Elles peuvent \u00eatre \u00e0 votre propre initiative afin de faire\u00a0\u00e9voluer votre carri\u00e8re ou r\u00e9pondre \u00e0 un besoin de l\u2019employeur dans le cadre de la gestion des comp\u00e9tences de l\u2019entreprise. <\/b>Ainsi, vous pouvez les r\u00e9aliser hors du temps de travail si vous le souhaitez, en mobilisant votre Compte Personnel de Formation (CPF), ou pendant le temps de travail en maintenant votre r\u00e9mun\u00e9ration.<\/p>\n<p style=\"text-align: justify;\"><b>Il existe quatre types d&rsquo;actions de formation :<\/b><\/p>\n<ul>\n<li style=\"text-align: justify;\"><b>Les actions de formation<\/b> : elles peuvent \u00eatre r\u00e9alis\u00e9es en tout ou en partie \u00e0 distance. Elles peuvent \u00e9galement \u00eatre r\u00e9alis\u00e9es en situation de travail (article L6313-2 Code du travail)<\/li>\n<li style=\"text-align: justify;\"><b>Les bilans de comp\u00e9tences<\/b> : le bilan de comp\u00e9tence permet \u00e0 un salari\u00e9 d&rsquo;analyser et d&rsquo;\u00e9valuer ses comp\u00e9tences professionnelles et personnelles, ainsi que ses aptitudes et ses motivations<\/li>\n<li style=\"text-align: justify;\"><b>La Validation des Acquis de l&rsquo;Exp\u00e9rience<\/b> : toute personne engag\u00e9e dans la vie active depuis au moins un an peut faire reconna\u00eetre son exp\u00e9rience, et la transformer en dipl\u00f4me, titre ou certification professionnelle\u00a0via la Validation des Acquis de l&rsquo;Exp\u00e9rience.<\/li>\n<li style=\"text-align: justify;\"><b>L\u2019apprentissage avec la promotion par alternance Pro-A<\/b> : elle vise \u00e0 favoriser, par une formation en alternance, le maintien dans l&#8217;emploi des salari\u00e9s les moins qualifi\u00e9s. Ainsi, toutes actions anticipent une \u00e9volution des fonctions du salari\u00e9 et ont pour objectif l\u2019acquisition de nouvelles comp\u00e9tences.<\/li>\n<\/ul>\n<p><iframe loading=\"lazy\" title=\"Les aides \u00e0 la formation\" width=\"500\" height=\"281\" src=\"https:\/\/www.youtube.com\/embed\/gs3ZRHqtzmY?feature=oembed\" frameborder=\"0\" allow=\"accelerometer; autoplay; clipboard-write; encrypted-media; gyroscope; picture-in-picture; web-share\" referrerpolicy=\"strict-origin-when-cross-origin\" allowfullscreen><\/iframe><\/p>\n<h2 style=\"text-align: justify;\">Les actions de formation\u00a0li\u00e9es \u00e0 la reconversion ou \u00e0 la r\u00e9insertion professionnelle<\/h2>\n<p style=\"text-align: justify;\">Ces actions de formation sont essentiellement mises en place \u00e0 l\u2019initiative du salari\u00e9. <b>Elles n&rsquo;entrent pas\u00a0dans le champ de la qualification du salari\u00e9 au moment o\u00f9 il se forme, et sont utilis\u00e9es majoritairement quand le contrat de travail est ou va \u00eatre rompu (suite \u00e0 une d\u00e9mission par exemple) ou mis en danger (licenciement).\u00a0<\/b>Ainsi, les actions peuvent permettre de changer de m\u00e9tier, mais \u00e9galement de se r\u00e9ins\u00e9rer professionnellement.<\/p>\n<p style=\"text-align: justify;\"><b>Bien souvent, le salari\u00e9 m\u00e8ne ces actions en dehors de son temps de travail en mobilisant son Compte de Formation Personnel pour financer son action de formation (FOAD, cours du soir, bilan de comp\u00e9tences, VAE) ou en ayant recours \u00e0 des aides sp\u00e9cifiques de P\u00f4le Emploi.<\/b> Vous pouvez aussi solliciter un cong\u00e9 comme dans le cas du CPF de transition professionnelle ou du cong\u00e9 de bilan de comp\u00e9tences aupr\u00e8s de votre employeur.<\/p>\n<p style=\"text-align: justify;\">Le salari\u00e9 peut \u00e9galement solliciter son employeur dans le cas o\u00f9 son contrat de travail serait menac\u00e9 (licenciement \u00e9conomique, m\u00e9sentente, etc.) pour activer le Plan de D\u00e9veloppement des Comp\u00e9tences ou avoir recours \u00e0 l\u2019outplacement.<\/p>\n<p style=\"text-align: justify;\"><b>Voici quelques exemples de formations li\u00e9es :<\/b><\/p>\n<ul>\n<li style=\"text-align: justify;\">R\u00e9aliser un bilan de comp\u00e9tences pour d\u00e9finir un projet de reconversion<\/li>\n<li style=\"text-align: justify;\">Obtenir une VAE pour pouvoir changer d\u2019entreprise et favoriser son employabilit\u00e9 sur le march\u00e9 du travail<\/li>\n<li style=\"text-align: justify;\">Acqu\u00e9rir une qualification (certification, titre professionnel ou habilitation) pour exercer dans une profession sp\u00e9cifique<\/li>\n<li style=\"text-align: justify;\">Apprendre un nouveau m\u00e9tier<\/li>\n<\/ul>\n<h2 style=\"text-align: justify;\">Les modalit\u00e9s de mise en \u0153uvre de l\u2019action de formation<\/h2>\n<div style=\"text-align: justify;\">D\u00e9sormais, le programme n\u2019est plus l\u2019\u00e9l\u00e9ment central d&rsquo;un plan de formation. Il est remplac\u00e9 par la construction du parcours favorisant la r\u00e9alisation d&rsquo;une activit\u00e9 professionnelle. <b>Ainsi, cela concerne les actions financ\u00e9es par les op\u00e9rateurs de comp\u00e9tences (OPCO), l\u2019\u00c9tat, les r\u00e9gions, P\u00f4le emploi, et l\u2019AGEFIPH qui doivent s\u2019assurer qu\u2019ils financent une action de formation professionnelle \u00e0 un organisme de formation disposant d\u2019un num\u00e9ro d\u2019activit\u00e9 et ayant la capacit\u00e9 \u00e0 dispenser une formation de qualit\u00e9.<\/b><\/div>\n<div style=\"text-align: justify;\"><\/div>\n<div style=\"text-align: justify;\"><b>Si l\u2019action\u00a0de d\u00e9veloppement des comp\u00e9tences est financ\u00e9e par un organisme ext\u00e9rieur, elle doit faire l\u2019objet d\u2019une convention comportant les\u00a0\u00e9l\u00e9ments suivants :<\/b><\/div>\n<div>\n<ul>\n<li style=\"text-align: justify;\">L\u2019intitul\u00e9, l\u2019objectif et le contenu de l\u2019action<\/li>\n<li style=\"text-align: justify;\">Les moyens pr\u00e9vus<\/li>\n<li style=\"text-align: justify;\">\u00a0La dur\u00e9e et la p\u00e9riode de r\u00e9alisation, ainsi que les modalit\u00e9s de d\u00e9roulement, de suivi et de sanction de l\u2019action<\/li>\n<li style=\"text-align: justify;\">\u00a0Le prix de l\u2019action et les modalit\u00e9s de r\u00e8glement<\/li>\n<\/ul>\n<div class='cta-block'><div class='text'>Simulez toutes vos aides en 2 min.<\/div><a href='https:\/\/www.mes-allocs.fr\/ab-app?origin=guides\/wp-json\/wp\/v2\/posts\/50974' class='app-button fit'>Simulation gratuite<\/a><\/div>\n<\/div>\n<\/div>\n","protected":false},"excerpt":{"rendered":"<p>La formation professionnelle est un droit essentiel pour les salari\u00e9s. Il s&rsquo;agit d&rsquo;une aide \u00e0 la formation indispensable pour \u00e9voluer ou se reconvertir professionnellement. Alors, qu&rsquo;est ce qu&rsquo;une action de formation ? Qu&rsquo;est-ce qu&rsquo;une action de formation ? La loi du 5 septembre 2018 \u00ab pour la libert\u00e9 de choisir son avenir professionnel \u00bb donne [&hellip;]<\/p>\n","protected":false},"author":14,"featured_media":51117,"comment_status":"closed","ping_status":"open","sticky":false,"template":"","format":"standard","meta":{"amp_status":"","footnotes":""},"categories":[20701,2045],"tags":[],"class_list":["post-50974","post","type-post","status-publish","format-standard","has-post-thumbnail","hentry","category-action-de-formation-conventionnee","category-aide-formation"],"yoast_head":"<!-- This site is optimized with the Yoast SEO plugin v14.9 - https:\/\/yoast.com\/wordpress\/plugins\/seo\/ -->\n<title>Qu&#039;est ce qu&#039;une action de formation ? | Mes-Allocs.fr<\/title>\n<meta name=\"description\" content=\"La formation professionnelle est un outil pour \u00e9voluer ou se reconvertir professionnellement \u00e0 travers les actions de formation.\" \/>\n<meta name=\"robots\" content=\"index, follow, max-snippet:-1, max-image-preview:large, max-video-preview:-1\" \/>\n<link rel=\"canonical\" href=\"https:\/\/www.mes-allocs.fr\/guides\/aide-formation\/action-de-formation-conventionnee\/quest-ce-qu-une-action-de-formation\/\" \/>\n<meta property=\"og:locale\" content=\"fr_FR\" \/>\n<meta property=\"og:type\" content=\"article\" \/>\n<meta property=\"og:title\" content=\"Qu&#039;est ce qu&#039;une action de formation ? | Mes-Allocs.fr\" \/>\n<meta property=\"og:description\" content=\"La formation professionnelle est un outil pour \u00e9voluer ou se reconvertir professionnellement \u00e0 travers les actions de formation.\" \/>\n<meta property=\"og:url\" content=\"https:\/\/www.mes-allocs.fr\/guides\/aide-formation\/action-de-formation-conventionnee\/quest-ce-qu-une-action-de-formation\/\" \/>\n<meta property=\"og:site_name\" content=\"Mes-Allocs.fr\" \/>\n<meta property=\"article:published_time\" content=\"2022-05-31T16:41:15+00:00\" \/>\n<meta property=\"article:modified_time\" content=\"2025-07-16T09:06:22+00:00\" \/>\n<meta property=\"og:image\" content=\"https:\/\/www.mes-allocs.fr\/guides\/wp-content\/uploads\/2022\/05\/Quest-ce-quune-action-de-formation-3.jpg?wsr\" \/>\n\t<meta property=\"og:image:width\" content=\"612\" \/>\n\t<meta property=\"og:image:height\" content=\"408\" \/>\n<meta name=\"twitter:card\" content=\"summary_large_image\" \/>\n<script type=\"application\/ld+json\" class=\"yoast-schema-graph\">{\"@context\":\"https:\/\/schema.org\",\"@graph\":[{\"@type\":\"WebSite\",\"@id\":\"https:\/\/www.mes-allocs.fr\/guides\/#website\",\"url\":\"https:\/\/www.mes-allocs.fr\/guides\/\",\"name\":\"Mes-Allocs.fr\",\"description\":\"\",\"potentialAction\":[{\"@type\":\"SearchAction\",\"target\":\"https:\/\/www.mes-allocs.fr\/guides\/?s={search_term_string}\",\"query-input\":\"required name=search_term_string\"}],\"inLanguage\":\"fr-FR\"},{\"@type\":\"ImageObject\",\"@id\":\"https:\/\/www.mes-allocs.fr\/guides\/aide-formation\/action-de-formation-conventionnee\/quest-ce-qu-une-action-de-formation\/#primaryimage\",\"inLanguage\":\"fr-FR\",\"url\":\"https:\/\/www.mes-allocs.fr\/guides\/wp-content\/uploads\/2022\/05\/Quest-ce-quune-action-de-formation-3.jpg?wsr\",\"width\":612,\"height\":408,\"caption\":\"Quest ce quune action de formation\"},{\"@type\":\"WebPage\",\"@id\":\"https:\/\/www.mes-allocs.fr\/guides\/aide-formation\/action-de-formation-conventionnee\/quest-ce-qu-une-action-de-formation\/#webpage\",\"url\":\"https:\/\/www.mes-allocs.fr\/guides\/aide-formation\/action-de-formation-conventionnee\/quest-ce-qu-une-action-de-formation\/\",\"name\":\"Qu'est ce qu'une action de formation ? | Mes-Allocs.fr\",\"isPartOf\":{\"@id\":\"https:\/\/www.mes-allocs.fr\/guides\/#website\"},\"primaryImageOfPage\":{\"@id\":\"https:\/\/www.mes-allocs.fr\/guides\/aide-formation\/action-de-formation-conventionnee\/quest-ce-qu-une-action-de-formation\/#primaryimage\"},\"datePublished\":\"2022-05-31T16:41:15+00:00\",\"dateModified\":\"2025-07-16T09:06:22+00:00\",\"author\":{\"@id\":\"https:\/\/www.mes-allocs.fr\/guides\/#\/schema\/person\/a3de97298fd0ffc005ebdd5628b03ca8\"},\"description\":\"La formation professionnelle est un outil pour \\u00e9voluer ou se reconvertir professionnellement \\u00e0 travers les actions de formation.\",\"inLanguage\":\"fr-FR\"},{\"@type\":\"Person\",\"@id\":\"https:\/\/www.mes-allocs.fr\/guides\/#\/schema\/person\/a3de97298fd0ffc005ebdd5628b03ca8\",\"name\":\"Marina Ada Ondo\",\"image\":{\"@type\":\"ImageObject\",\"@id\":\"https:\/\/www.mes-allocs.fr\/guides\/#personlogo\",\"inLanguage\":\"fr-FR\",\"url\":\"https:\/\/www.mes-allocs.fr\/guides\/wp-content\/uploads\/2022\/02\/Photo-de-profil-150x150.png\",\"caption\":\"Marina Ada Ondo\"},\"description\":\"Marina est r\\u00e9dactrice au sein de l'\\u00e9quipe Mes Allocs, sp\\u00e9cialis\\u00e9e sur les aides aux jeunes. Dipl\\u00f4m\\u00e9e de l'ISFJ, elle rejoint Mes Allocs apr\\u00e8s une premi\\u00e8re exp\\u00e9rience en communication chez Little Africa, une agence de communication \\u00e0 Paris. Sur son temps libre, Marina lit beaucoup et passe ses dimanches au mus\\u00e9e.\",\"sameAs\":[\"https:\/\/www.linkedin.com\/in\/marinaadaondo\/\"]}]}<\/script>\n<!-- \/ Yoast SEO plugin. -->","amp_validity":null,"acf":{"faq":{"1":{"question":"Quels sont les types d'action de formation ?","answer":"Il y a 4 types d'action de formation : les actions de formation, les actions de bilan de comp\u00e9tences, les actions de validation des acquis de l'exp\u00e9rience et l'apprentissage. "},"2":{"question":"Quels sont les objectifs des actions de formation ?","answer":"Les objectifs des actions de formation sont de d\u00e9velopper les comp\u00e9tences que ce soit en lien ou non avec leur poste de travail et d'obtenir une qualification plus \u00e9lev\u00e9e."},"3":{"question":"Qui peut dispenser une action de formation ?","answer":"Une entreprise peut organiser elle-m\u00eame la formation de ses salari\u00e9s ou faire appel \u00e0 un prestataire ext\u00e9rieur."},"4":{"question":"Pourquoi \u00e9valuer une action de formation ?","answer":"Elle a lieu plusieurs mois \u00e0 la suite de la formation et permet de voir si les nouvelles comp\u00e9tences acquises ont eu un effet sur l'efficacit\u00e9 du form\u00e9 et de son \u00e9quipe et sur l'\u00e9volution de l'organisation."},"5":{"question":"Quels sont les 2 types d'actions de formations contenues dans le PDC ?","answer":"Le plan de d\u00e9veloppement des comp\u00e9tences pr\u00e9sent\u00e9 par l'employeur distingue 2 types d'actions de formation : les actions de formation obligatoires, en application d'accords ou conventions collectives et les autres actions de formation, dites non-obligatoires."},"6":{"question":"Comment choisir une action de formation ?","answer":"Les crit\u00e8res \u00e0 prendre en compte pour choisir sa formation sont multiples : l'insertion professionnelle, l'ad\u00e9quation de la formation avec son projet, le programme, la reconnaissance de la formation et de l'\u00e9cole, mais aussi sa dur\u00e9e et son co\u00fbt."},"7":{"question":"","answer":""},"8":{"question":"","answer":""},"9":{"question":"","answer":""},"10":{"question":"","answer":""},"11":{"question":"","answer":""},"12":{"question":"","answer":""},"13":{"question":"","answer":""},"14":{"question":"","answer":""},"15":{"question":"","answer":""},"16":{"question":"","answer":""}}},"_links":{"self":[{"href":"https:\/\/www.mes-allocs.fr\/guides\/wp-json\/wp\/v2\/posts\/50974","targetHints":{"allow":["GET"]}}],"collection":[{"href":"https:\/\/www.mes-allocs.fr\/guides\/wp-json\/wp\/v2\/posts"}],"about":[{"href":"https:\/\/www.mes-allocs.fr\/guides\/wp-json\/wp\/v2\/types\/post"}],"author":[{"embeddable":true,"href":"https:\/\/www.mes-allocs.fr\/guides\/wp-json\/wp\/v2\/users\/14"}],"replies":[{"embeddable":true,"href":"https:\/\/www.mes-allocs.fr\/guides\/wp-json\/wp\/v2\/comments?post=50974"}],"version-history":[{"count":8,"href":"https:\/\/www.mes-allocs.fr\/guides\/wp-json\/wp\/v2\/posts\/50974\/revisions"}],"predecessor-version":[{"id":102341,"href":"https:\/\/www.mes-allocs.fr\/guides\/wp-json\/wp\/v2\/posts\/50974\/revisions\/102341"}],"wp:featuredmedia":[{"embeddable":true,"href":"https:\/\/www.mes-allocs.fr\/guides\/wp-json\/wp\/v2\/media\/51117"}],"wp:attachment":[{"href":"https:\/\/www.mes-allocs.fr\/guides\/wp-json\/wp\/v2\/media?parent=50974"}],"wp:term":[{"taxonomy":"category","embeddable":true,"href":"https:\/\/www.mes-allocs.fr\/guides\/wp-json\/wp\/v2\/categories?post=50974"},{"taxonomy":"post_tag","embeddable":true,"href":"https:\/\/www.mes-allocs.fr\/guides\/wp-json\/wp\/v2\/tags?post=50974"}],"curies":[{"name":"wp","href":"https:\/\/api.w.org\/{rel}","templated":true}]}}