{"id":50965,"date":"2022-06-01T17:23:25","date_gmt":"2022-06-01T15:23:25","guid":{"rendered":"https:\/\/www.mes-allocs.fr\/guides\/?p=50965"},"modified":"2025-07-16T11:02:37","modified_gmt":"2025-07-16T09:02:37","slug":"cest-quoi-une-formation-continue","status":"publish","type":"post","link":"https:\/\/www.mes-allocs.fr\/guides\/aide-formation\/cest-quoi-une-formation-continue\/","title":{"rendered":"C&rsquo;est quoi une formation continue ?"},"content":{"rendered":"<p style=\"text-align: justify;\"><b><img loading=\"lazy\" decoding=\"async\" class=\"alignnone wp-image-51110 size-large\" title=\"Cest quoi une formation continue\" src=\"https:\/\/www.mes-allocs.fr\/guides\/wp-content\/uploads\/2022\/05\/Cest-quoi-une-formation-continue--scaled-e1653923028165-1024x222.jpg\" alt=\"Cest quoi une formation continue\" width=\"1024\" height=\"222\" srcset=\"https:\/\/www.mes-allocs.fr\/guides\/wp-content\/uploads\/2022\/05\/Cest-quoi-une-formation-continue--scaled-e1653923028165-1024x222.jpg 1024w, https:\/\/www.mes-allocs.fr\/guides\/wp-content\/uploads\/2022\/05\/Cest-quoi-une-formation-continue--scaled-e1653923028165-300x65.jpg 300w, https:\/\/www.mes-allocs.fr\/guides\/wp-content\/uploads\/2022\/05\/Cest-quoi-une-formation-continue--scaled-e1653923028165-768x167.jpg 768w, https:\/\/www.mes-allocs.fr\/guides\/wp-content\/uploads\/2022\/05\/Cest-quoi-une-formation-continue--scaled-e1653923028165-1536x334.jpg 1536w, https:\/\/www.mes-allocs.fr\/guides\/wp-content\/uploads\/2022\/05\/Cest-quoi-une-formation-continue--scaled-e1653923028165-2048x445.jpg 2048w, https:\/\/www.mes-allocs.fr\/guides\/wp-content\/uploads\/2022\/05\/Cest-quoi-une-formation-continue--scaled-e1653923028165-600x130.jpg 600w\" sizes=\"auto, (max-width: 1024px) 100vw, 1024px\" \/>En France, il existe deux types de formation, compl\u00e9mentaires mais diff\u00e9rents : la formation initiale et la formation continue. En effet, il s\u2019agit de deux <a href=\"https:\/\/www.mes-allocs.fr\/guides\/aide-formation\/\">aides \u00e0 la formation<\/a> de l\u2019apprentissage et du d\u00e9veloppement des comp\u00e9tences. Alors, c\u2019est quoi une formation continue ?<\/b><\/p>\n<div class='cta-block'><div class='text'>Simulez toutes vos aides en 2 min.<\/div><a href='https:\/\/www.mes-allocs.fr\/ab-app?origin=guides\/wp-json\/wp\/v2\/posts\/50965' class='app-button fit'>Simulation gratuite<\/a><\/div>\n<h1 style=\"text-align: justify;\"><b>C\u2019est quoi une formation continue ?<\/b><\/h1>\n<p style=\"text-align: justify;\"><b>La formation continue, ou formation pour adultes, d\u00e9signe une formation accessible tout au long de la carri\u00e8re <a href=\"https:\/\/www.mes-allocs.fr\/guides\/aide-formation\/conge-de-formation-professionnelle\/\">professionnelle<\/a>.<\/b> En optant pour cette formation, vous \u00eates consid\u00e9r\u00e9 comme un \u00ab stagiaire de la formation professionnelle continue \u00bb.<\/p>\n<p style=\"text-align: justify;\"><b>Ainsi, l\u2019objectif de ce type de formation est d\u2019am\u00e9liorer les comp\u00e9tences, en d\u00e9velopper de nouvelles pour \u00e9voluer professionnellement au sein d\u2019une entreprise, compl\u00e9ter un cursus de formation initiale ou alors pr\u00e9parer un projet de reconversion professionnelle. <\/b> Tout cela est possible dans des d\u00e9lais plus courts que dans le cadre d\u2019une formation initiale. En effet, la dur\u00e9e des formations va de quelques jours \u00e0 plusieurs semaines ou plus.<\/p>\n<p style=\"text-align: justify;\"><b>Afin de s\u2019adapter aux contraintes de chaque personne en formation, il existe de nombreux modes d\u2019enseignement comme les <a href=\"https:\/\/www.mes-allocs.fr\/guides\/reconversion-professionnelle\/formation-a-distance\/\">formations \u00e0 distance<\/a>, les cours du soir, l\u2019alternance ou encore le e-learning. <\/b> Vous pouvez suivre votre formation en dehors du temps de travail, donc plut\u00f4t le soir, le week-end et durant le temps libre. Pour pouvoir \u00e9tudier en journ\u00e9e en centre de formation, chez vous ou profiter d\u2019une r\u00e9duction de temps de travail, il est n\u00e9cessaire de n\u00e9gocier avec votre employeur.<\/p>\n<p style=\"text-align: justify;\"><b>La formation continue vous permet d\u2019obtenir un dipl\u00f4me d\u2019\u00c9tat, un titre professionnel ou une certification enregistr\u00e9e au R\u00e9pertoire National des Certifications Professionnelles (RNCP). <\/b> C\u2019est ce dernier qui t\u00e9moigne de votre expertise et savoir-faire dans le domaine vis\u00e9.<\/p>\n<p><iframe loading=\"lazy\" title=\"Les aides \u00e0 la formation\" width=\"500\" height=\"281\" src=\"https:\/\/www.youtube.com\/embed\/gs3ZRHqtzmY?feature=oembed\" frameborder=\"0\" allow=\"accelerometer; autoplay; clipboard-write; encrypted-media; gyroscope; picture-in-picture; web-share\" referrerpolicy=\"strict-origin-when-cross-origin\" allowfullscreen><\/iframe><\/p>\n<h2 style=\"text-align: justify;\">Qui peut b\u00e9n\u00e9ficier de la formation continue ?<\/h2>\n<section class=\"content-block content-block--no-padding-bottom content-block--no-padding-top content-block--max-width\">\n<div class=\"content-block__inner\">\n<div class=\"content-block__content\">\n<p style=\"text-align: justify;\">La formation continue s\u2019adresse aux dipl\u00f4m\u00e9s depuis plus de 2 ans. <b>Ainsi, les salari\u00e9s, les int\u00e9rimaires, les <a href=\"https:\/\/www.mes-allocs.fr\/guides\/aides-sante\/allocation-veuvage-independant\/\">ind\u00e9pendants<\/a>, les entrepreneurs, les retrait\u00e9s ou encore les demandeurs d\u2019emploi ayant quitt\u00e9 la formation initiale peuvent b\u00e9n\u00e9ficier de ce type de formation.<\/b> Elle est accessible \u00e0 tout \u00e2ge et s\u2019adresse \u00e0 une grande diversit\u00e9 de personnes qui ont d\u00e9j\u00e0 pu entrer dans la vie active et qui cherchent \u00e0 d\u00e9velopper leurs comp\u00e9tences pour diff\u00e9rentes raisons.<\/p>\n<h2 style=\"text-align: justify;\">Comment fiancer une formation continue ?<\/h2>\n<p style=\"text-align: justify;\">Le Compte Personnel de Formation (CPF) reste le dispositif de r\u00e9f\u00e9rence pour pouvoir financer une formation \u00e0 tout moment de sa carri\u00e8re professionnelle. <b>Il s\u2019agit d\u2019un compte aliment\u00e9 en fonction du nombre d\u2019heures travaill\u00e9es au cours de l\u2019ann\u00e9e \u00e9coul\u00e9e.<\/b> En effet, en exer\u00e7ant une activit\u00e9 professionnelle, vous pouvez percevoir un montant de 500 euros chaque ann\u00e9e sur leur solde CPF dans la limite d\u2019un plafond de 5 000 euros. Cette somme peut s\u2019\u00e9lever \u00e0 800 euros pour les salari\u00e9s les moins qualifi\u00e9s. <b>Ainsi, vous pouvez financer la formation continue de votre choix tant qu\u2019elle figure dans le r\u00e9pertoire de moncompteformation.<\/b> Un grand nombre d\u2019entre elles sont accessibles \u00e0 distance, ce qui permet aux adultes en reconversion de se former \u00e0 leur rythme en tenant compte de leurs obligations professionnelles et contraintes personnelles.<\/p>\n<p style=\"text-align: justify;\"><b>Toutefois, d\u2019autres dispositifs de financement peuvent \u00eatre mobilis\u00e9s en fonction de votre situation. <\/b><\/p>\n<p style=\"text-align: justify;\"><b>Pour les demandeurs d\u2019emploi :<\/b><\/p>\n<ul>\n<li style=\"text-align: justify;\">L\u2019Aide de Retour \u00e0 l\u2019Emploi Formation (AREF)<\/li>\n<li style=\"text-align: justify;\">La R\u00e9mun\u00e9ration des Formations de P\u00f4le Emploi (RFPE)<\/li>\n<li style=\"text-align: justify;\">L\u2019Action de Formation Pr\u00e9alable au Recrutement (AFPR)<\/li>\n<li style=\"text-align: justify;\">La Pr\u00e9paration Op\u00e9rationnelle \u00e0 l\u2019Emploi Individuelle (POEI)<\/li>\n<li style=\"text-align: justify;\">La\u00a0Pr\u00e9paration Op\u00e9rationnelle \u00e0 l&rsquo;Emploi Collective (POEC)<\/li>\n<li style=\"text-align: justify;\">Les Actions de Formation Conventionn\u00e9es (AFC)<\/li>\n<li style=\"text-align: justify;\">L&rsquo;Aide Individuelle \u00e0 la Formation (AIF)<\/li>\n<li style=\"text-align: justify;\">La R\u00e9mun\u00e9ration de Fin de Formation (RFF)<\/li>\n<li style=\"text-align: justify;\">Le ch\u00e8que formation<\/li>\n<\/ul>\n<p style=\"text-align: justify;\"><b>Pour les salari\u00e9s :<\/b><\/p>\n<\/div>\n<div>\n<ul>\n<li style=\"text-align: justify;\">L&rsquo;OPCO de votre entreprise<\/li>\n<li style=\"text-align: justify;\">Le plan de d\u00e9veloppement de comp\u00e9tences<\/li>\n<li style=\"text-align: justify;\">Le\u00a0CPF de transition professionnelle (CPF-T)<\/li>\n<li style=\"text-align: justify;\">La reconversion ou promotion par l&rsquo;alternance (Pro-A)<\/li>\n<\/ul>\n<p style=\"text-align: justify;\"><b>Pour les fonctionnaires :<\/b><\/p>\n<ul>\n<li style=\"text-align: justify;\">Le cong\u00e9 de Formation Professionnelle (CFP)<\/li>\n<li style=\"text-align: justify;\">La p\u00e9riode de professionnalisation (FPH)<\/li>\n<li style=\"text-align: justify;\">Le cong\u00e9 de formation-mobilit\u00e9 des fonctionnaires de l\u2019\u00c9tat<\/li>\n<\/ul>\n<p style=\"text-align: justify;\"><b>Pour les non-salari\u00e9s :<\/b><\/p>\n<ul>\n<li style=\"text-align: justify;\">L&rsquo;Association de Gestion et du Financement de la Formation des Chefs d\u2019Entreprise (AGEFICE)<\/li>\n<li style=\"text-align: justify;\">Le\u00a0Fonds d&rsquo;Assurance Formation des Chefs Exer\u00e7ant une Activit\u00e9 Artisanale (FAFCEA)<\/li>\n<li style=\"text-align: justify;\">Le\u00a0Fonds d&rsquo;Assurance Formation Professions m\u00e9dicales (FAFPM)<\/li>\n<li style=\"text-align: justify;\">Le\u00a0Fonds Interprofessionnels de Formation des Professions Lib\u00e9rales (FIF-PL)<\/li>\n<li style=\"text-align: justify;\">Le Fonds pour la formation des entrepreneurs du vivant (VIVEA)<\/li>\n<\/ul>\n<p style=\"text-align: justify;\"><b>Pour les personnes en situation de handicap :<\/b><\/p>\n<ul>\n<li><span style=\"text-align: justify;\">L&rsquo;Association de Gestion du Fonds pour l&rsquo;Insertion des Personnes Handicap\u00e9es (AGEFIPH)<\/span><\/li>\n<li style=\"text-align: justify;\">Le Fonds d&rsquo;Insertion des Personnes Handicap\u00e9es dans la Fonction Publique (FIPHFP)<\/li>\n<\/ul>\n<h1 style=\"text-align: justify;\">La formation initiale, qu&rsquo;est-ce que c&rsquo;est ?<\/h1>\n<p style=\"text-align: justify;\">La formation initiale correspond au parcours de formation classique d&rsquo;un \u00e9l\u00e8ve sous le statut scolaire ou d&rsquo;un \u00e9tudiant sous le statut universitaire. <b>Elle d\u00e9signe le cursus scolaire habituel que suivent les \u00e9tudiants qui n&rsquo;ont pas interrompu leurs \u00e9tudes.<\/b> Lorsque vous suivez une formation initiale, vous b\u00e9n\u00e9ficiez du statut d&rsquo;\u00e9tudiant.<\/p>\n<p style=\"text-align: justify;\"><i>Par exemple, un jeune dipl\u00f4m\u00e9 d&rsquo;un BTS qui d\u00e9cide de poursuivre ses \u00e9tudes dans l&rsquo;enseignement sup\u00e9rieur en rejoignant une Licence Pro avant d&rsquo;encha\u00eener sur un Master emprunte une formation initiale.<\/i><\/p>\n<p style=\"text-align: justify;\">Ce type de formation permet aux jeunes de se former \u00e0 un m\u00e9tier, ou \u00e0 un domaine d&rsquo;activit\u00e9 en fonction de leur projet professionnel. <b>Dans ce contexte, vous pouvez acqu\u00e9rir de nouvelles comp\u00e9tences et valider un ensemble de connaissance, et de savoir-faire pour obtenir un dipl\u00f4me ou une certification professionnelle reconnue par les recruteurs.<\/b> La formation initiale a pour but de trouver un emploi une fois son parcours de formation valid\u00e9.<\/p>\n<h2 style=\"text-align: justify;\">Qui peut b\u00e9n\u00e9ficier de la formation initiale ?<\/h2>\n<p style=\"text-align: justify;\"><b>La formation initiale est donc destin\u00e9e en priorit\u00e9 aux jeunes adultes qui n&rsquo;ont pas encore mis les pieds dans le monde du travail et qui\u00a0souhaitent\u00a0se former \u00e0 travers diff\u00e9rents parcours de formation : lyc\u00e9e professionnel, cursus universitaire, grandes \u00e9coles, \u00e9coles d&rsquo;ing\u00e9nieurs, etc.<\/b> Toutefois, cela ne vaut pas pour les stagiaires et les alternants.<\/p>\n<h2 style=\"text-align: justify;\">Comment financer une formation initiale ?<\/h2>\n<p style=\"text-align: justify;\"><b>Dans beaucoup de cas, les \u00e9tudiants en formation initiale doivent\u00a0travailler pendant leurs \u00e9tudes ou solliciter un pr\u00eat \u00e9tudiant pour pouvoir financer leur formation et\/ou assurer leurs d\u00e9penses telles que le loyer, l&rsquo;alimentation, les factures, etc.<\/b> En effet, les parents n&rsquo;ont pas toujours la possibilit\u00e9 de donner un coup de pouce financier. <b>En fonction de votre situation, vous pouvez \u00e9galement obtenir une bourse \u00e9tudiante sur crit\u00e8res sociaux, les aides au logement, ou encore des aides de la r\u00e9gion, pour pouvoir r\u00e9duire les frais de la vie courante.<\/b><\/p>\n<p style=\"text-align: justify;\"><b>La formation en alternance,\u00a0contrat d&rsquo;apprentissage ou contrat de professionnalisation, reste une bonne alternative afin de subvenir \u00e0 vos besoins tout en gagnant en exp\u00e9rience.<\/b><\/p>\n<div class='cta-block'><div class='text'>Simulez toutes vos aides en 2 min.<\/div><a href='https:\/\/www.mes-allocs.fr\/ab-app?origin=guides\/wp-json\/wp\/v2\/posts\/50965' class='app-button fit'>Simulation gratuite<\/a><\/div>\n<\/div>\n<\/div>\n<\/section>\n","protected":false},"excerpt":{"rendered":"<p>En France, il existe deux types de formation, compl\u00e9mentaires mais diff\u00e9rents : la formation initiale et la formation continue. En effet, il s\u2019agit de deux aides \u00e0 la formation de l\u2019apprentissage et du d\u00e9veloppement des comp\u00e9tences. Alors, c\u2019est quoi une formation continue ? C\u2019est quoi une formation continue ? La formation continue, ou formation pour [&hellip;]<\/p>\n","protected":false},"author":14,"featured_media":51109,"comment_status":"closed","ping_status":"open","sticky":false,"template":"","format":"standard","meta":{"amp_status":"","footnotes":""},"categories":[2045],"tags":[],"class_list":["post-50965","post","type-post","status-publish","format-standard","has-post-thumbnail","hentry","category-aide-formation"],"yoast_head":"<!-- This site is optimized with the Yoast SEO plugin v14.9 - https:\/\/yoast.com\/wordpress\/plugins\/seo\/ -->\n<title>C&#039;est quoi une formation continue ? | Mes-Allocs.fr<\/title>\n<meta name=\"description\" content=\"En France, il existe deux types de formation, compl\u00e9mentaire mais diff\u00e9rent : la formation initiale et la formation continue.\" \/>\n<meta name=\"robots\" content=\"index, follow, max-snippet:-1, max-image-preview:large, max-video-preview:-1\" \/>\n<link rel=\"canonical\" href=\"https:\/\/www.mes-allocs.fr\/guides\/aide-formation\/cest-quoi-une-formation-continue\/\" \/>\n<meta property=\"og:locale\" content=\"fr_FR\" \/>\n<meta property=\"og:type\" content=\"article\" \/>\n<meta property=\"og:title\" content=\"C&#039;est quoi une formation continue ? | Mes-Allocs.fr\" \/>\n<meta property=\"og:description\" content=\"En France, il existe deux types de formation, compl\u00e9mentaire mais diff\u00e9rent : la formation initiale et la formation continue.\" \/>\n<meta property=\"og:url\" content=\"https:\/\/www.mes-allocs.fr\/guides\/aide-formation\/cest-quoi-une-formation-continue\/\" \/>\n<meta property=\"og:site_name\" content=\"Mes-Allocs.fr\" \/>\n<meta property=\"article:published_time\" content=\"2022-06-01T15:23:25+00:00\" \/>\n<meta property=\"article:modified_time\" content=\"2025-07-16T09:02:37+00:00\" \/>\n<meta property=\"og:image\" content=\"https:\/\/www.mes-allocs.fr\/guides\/wp-content\/uploads\/2022\/05\/Cest-quoi-une-formation-continue-2.jpg?wsr\" \/>\n\t<meta property=\"og:image:width\" content=\"612\" \/>\n\t<meta property=\"og:image:height\" content=\"408\" \/>\n<meta name=\"twitter:card\" content=\"summary_large_image\" \/>\n<script type=\"application\/ld+json\" class=\"yoast-schema-graph\">{\"@context\":\"https:\/\/schema.org\",\"@graph\":[{\"@type\":\"WebSite\",\"@id\":\"https:\/\/www.mes-allocs.fr\/guides\/#website\",\"url\":\"https:\/\/www.mes-allocs.fr\/guides\/\",\"name\":\"Mes-Allocs.fr\",\"description\":\"\",\"potentialAction\":[{\"@type\":\"SearchAction\",\"target\":\"https:\/\/www.mes-allocs.fr\/guides\/?s={search_term_string}\",\"query-input\":\"required name=search_term_string\"}],\"inLanguage\":\"fr-FR\"},{\"@type\":\"ImageObject\",\"@id\":\"https:\/\/www.mes-allocs.fr\/guides\/aide-formation\/cest-quoi-une-formation-continue\/#primaryimage\",\"inLanguage\":\"fr-FR\",\"url\":\"https:\/\/www.mes-allocs.fr\/guides\/wp-content\/uploads\/2022\/05\/Cest-quoi-une-formation-continue-2.jpg?wsr\",\"width\":612,\"height\":408,\"caption\":\"Cest quoi une formation continue\"},{\"@type\":\"WebPage\",\"@id\":\"https:\/\/www.mes-allocs.fr\/guides\/aide-formation\/cest-quoi-une-formation-continue\/#webpage\",\"url\":\"https:\/\/www.mes-allocs.fr\/guides\/aide-formation\/cest-quoi-une-formation-continue\/\",\"name\":\"C'est quoi une formation continue ? | Mes-Allocs.fr\",\"isPartOf\":{\"@id\":\"https:\/\/www.mes-allocs.fr\/guides\/#website\"},\"primaryImageOfPage\":{\"@id\":\"https:\/\/www.mes-allocs.fr\/guides\/aide-formation\/cest-quoi-une-formation-continue\/#primaryimage\"},\"datePublished\":\"2022-06-01T15:23:25+00:00\",\"dateModified\":\"2025-07-16T09:02:37+00:00\",\"author\":{\"@id\":\"https:\/\/www.mes-allocs.fr\/guides\/#\/schema\/person\/a3de97298fd0ffc005ebdd5628b03ca8\"},\"description\":\"En France, il existe deux types de formation, compl\\u00e9mentaire mais diff\\u00e9rent : la formation initiale et la formation continue.\",\"inLanguage\":\"fr-FR\"},{\"@type\":\"Person\",\"@id\":\"https:\/\/www.mes-allocs.fr\/guides\/#\/schema\/person\/a3de97298fd0ffc005ebdd5628b03ca8\",\"name\":\"Marina Ada Ondo\",\"image\":{\"@type\":\"ImageObject\",\"@id\":\"https:\/\/www.mes-allocs.fr\/guides\/#personlogo\",\"inLanguage\":\"fr-FR\",\"url\":\"https:\/\/www.mes-allocs.fr\/guides\/wp-content\/uploads\/2022\/02\/Photo-de-profil-150x150.png\",\"caption\":\"Marina Ada Ondo\"},\"description\":\"Marina est r\\u00e9dactrice au sein de l'\\u00e9quipe Mes Allocs, sp\\u00e9cialis\\u00e9e sur les aides aux jeunes. Dipl\\u00f4m\\u00e9e de l'ISFJ, elle rejoint Mes Allocs apr\\u00e8s une premi\\u00e8re exp\\u00e9rience en communication chez Little Africa, une agence de communication \\u00e0 Paris. Sur son temps libre, Marina lit beaucoup et passe ses dimanches au mus\\u00e9e.\",\"sameAs\":[\"https:\/\/www.linkedin.com\/in\/marinaadaondo\/\"]}]}<\/script>\n<!-- \/ Yoast SEO plugin. -->","amp_validity":null,"acf":{"faq":{"1":{"question":"C'est quoi la formation continue en France ?","answer":"La formation continue est un mode d'apprentissage propos\u00e9 aux professionnels salari\u00e9s et aux demandeurs d'emploi en vue d'am\u00e9liorer leurs comp\u00e9tences ou d'acqu\u00e9rir de nouvelles connaissances professionnelles."},"2":{"question":"Quelle est la diff\u00e9rence entre formation initiale et continue ?","answer":"La formation initiale est plut\u00f4t destin\u00e9e aux jeunes, tandis que la formation continue s'adresse aux salari\u00e9s, demandeurs d'emploi, entrepreneurs ou jeunes dipl\u00f4m\u00e9s souhaitant d\u00e9velopper un savoir-faire sp\u00e9cifique ou des comp\u00e9tences."},"3":{"question":"Comment se d\u00e9roule la formation continue ?","answer":"Dans le cadre d'une formation continue, il est possible de suivre les cours en pr\u00e9sentiel, c'est\u2013\u00e0-dire que le salari\u00e9 assiste \u00e0 une formation \u00e0 l'emploi, en se rendant dans un centre de formation ou en suivant une formation \u00e0 distance, par le biais des formations en ligne."},"4":{"question":"Quand est-on en formation continue ?","answer":"La formation continue concerne les dipl\u00f4m\u00e9s depuis plus de deux ans, les \u00e9tudiants en alternance, les personnes d\u00e9j\u00e0 en activit\u00e9 ou poss\u00e9dant une exp\u00e9rience professionnelle, qu'il s'agisse de salari\u00e9s, d'ind\u00e9pendants, de demandeurs d'emploi ou m\u00eame des retrait\u00e9s qui choisissent de reprendre des \u00e9tudes."},"5":{"question":"Pourquoi faire une formation continue ? ","answer":"La formation continue peut permettre de gagner en comp\u00e9tence afin d'\u00e9voluer au sein de son entreprise et d'acc\u00e9der \u00e0 un poste plus \u00e9lev\u00e9, ou encore d'acqu\u00e9rir de nouvelles comp\u00e9tences pour une reconversion professionnelle. "},"6":{"question":"Quand s'arr\u00eate la formation initiale ?","answer":"La formation initiale s'arr\u00eate \u00e0 l'obtention d'un dipl\u00f4me reconnu par la fonction publique. "},"7":{"question":"","answer":""},"8":{"question":"","answer":""},"9":{"question":"","answer":""},"10":{"question":"","answer":""},"11":{"question":"","answer":""},"12":{"question":"","answer":""},"13":{"question":"","answer":""},"14":{"question":"","answer":""},"15":{"question":"","answer":""},"16":{"question":"","answer":""}}},"_links":{"self":[{"href":"https:\/\/www.mes-allocs.fr\/guides\/wp-json\/wp\/v2\/posts\/50965","targetHints":{"allow":["GET"]}}],"collection":[{"href":"https:\/\/www.mes-allocs.fr\/guides\/wp-json\/wp\/v2\/posts"}],"about":[{"href":"https:\/\/www.mes-allocs.fr\/guides\/wp-json\/wp\/v2\/types\/post"}],"author":[{"embeddable":true,"href":"https:\/\/www.mes-allocs.fr\/guides\/wp-json\/wp\/v2\/users\/14"}],"replies":[{"embeddable":true,"href":"https:\/\/www.mes-allocs.fr\/guides\/wp-json\/wp\/v2\/comments?post=50965"}],"version-history":[{"count":9,"href":"https:\/\/www.mes-allocs.fr\/guides\/wp-json\/wp\/v2\/posts\/50965\/revisions"}],"predecessor-version":[{"id":102333,"href":"https:\/\/www.mes-allocs.fr\/guides\/wp-json\/wp\/v2\/posts\/50965\/revisions\/102333"}],"wp:featuredmedia":[{"embeddable":true,"href":"https:\/\/www.mes-allocs.fr\/guides\/wp-json\/wp\/v2\/media\/51109"}],"wp:attachment":[{"href":"https:\/\/www.mes-allocs.fr\/guides\/wp-json\/wp\/v2\/media?parent=50965"}],"wp:term":[{"taxonomy":"category","embeddable":true,"href":"https:\/\/www.mes-allocs.fr\/guides\/wp-json\/wp\/v2\/categories?post=50965"},{"taxonomy":"post_tag","embeddable":true,"href":"https:\/\/www.mes-allocs.fr\/guides\/wp-json\/wp\/v2\/tags?post=50965"}],"curies":[{"name":"wp","href":"https:\/\/api.w.org\/{rel}","templated":true}]}}