{"id":50911,"date":"2022-05-31T18:56:06","date_gmt":"2022-05-31T16:56:06","guid":{"rendered":"https:\/\/www.mes-allocs.fr\/guides\/?p=50911"},"modified":"2025-07-16T11:07:41","modified_gmt":"2025-07-16T09:07:41","slug":"les-differents-financements-de-la-formation-professionnelle","status":"publish","type":"post","link":"https:\/\/www.mes-allocs.fr\/guides\/aide-formation\/formation-pour-adulte\/les-differents-financements-de-la-formation-professionnelle\/","title":{"rendered":"Les diff\u00e9rents financements de la formation professionnelle"},"content":{"rendered":"<p style=\"text-align: justify;\"><b><img loading=\"lazy\" decoding=\"async\" class=\"alignnone wp-image-51126 size-large\" title=\"Les differents financements de la formation professionnelle\" src=\"https:\/\/www.mes-allocs.fr\/guides\/wp-content\/uploads\/2022\/05\/Les-differents-financements-de-la-formation-professionnelle-scaled-e1653924058832-1024x258.jpg\" alt=\"Les differents financements de la formation professionnelle\" width=\"1024\" height=\"258\" srcset=\"https:\/\/www.mes-allocs.fr\/guides\/wp-content\/uploads\/2022\/05\/Les-differents-financements-de-la-formation-professionnelle-scaled-e1653924058832-1024x258.jpg 1024w, https:\/\/www.mes-allocs.fr\/guides\/wp-content\/uploads\/2022\/05\/Les-differents-financements-de-la-formation-professionnelle-scaled-e1653924058832-300x76.jpg 300w, https:\/\/www.mes-allocs.fr\/guides\/wp-content\/uploads\/2022\/05\/Les-differents-financements-de-la-formation-professionnelle-scaled-e1653924058832-768x194.jpg 768w, https:\/\/www.mes-allocs.fr\/guides\/wp-content\/uploads\/2022\/05\/Les-differents-financements-de-la-formation-professionnelle-scaled-e1653924058832-1536x388.jpg 1536w, https:\/\/www.mes-allocs.fr\/guides\/wp-content\/uploads\/2022\/05\/Les-differents-financements-de-la-formation-professionnelle-scaled-e1653924058832-2048x517.jpg 2048w, https:\/\/www.mes-allocs.fr\/guides\/wp-content\/uploads\/2022\/05\/Les-differents-financements-de-la-formation-professionnelle-scaled-e1653924058832-600x151.jpg 600w\" sizes=\"auto, (max-width: 1024px) 100vw, 1024px\" \/>Le financement est un point essentiel pour toute personne qui souhaite suivre une formation professionnelle. En France, il existe de nombreuses <a href=\"https:\/\/www.mes-allocs.fr\/guides\/aide-formation\/\">aides \u00e0 la formation<\/a> pour financer tout ou une partie de votre projet. Les organismes de financement accordent les aides en fonction de la situation professionnelle. Alors, quelles sont les diff\u00e9rents financements de la formation professionnelle ?<\/b><\/p>\n<div class='cta-block'><div class='text'>Simulez toutes vos aides en 2 min.<\/div><a href='https:\/\/www.mes-allocs.fr\/ab-app?origin=guides\/wp-json\/wp\/v2\/posts\/50911' class='app-button fit'>Simulation gratuite<\/a><\/div>\n<h1 style=\"text-align: justify;\">Financement de la formation professionnelle pour un salari\u00e9<\/h1>\n<p style=\"text-align: justify;\">Tous les salari\u00e9s peuvent b\u00e9n\u00e9ficier d\u2019un financement d\u2019heures de formation. <b>Lorsque l\u2019action de formation est initi\u00e9e par l\u2019employeur alors celui-ci doit maintenir partiellement ou totalement la r\u00e9mun\u00e9ration du salari\u00e9. <\/b> Les frais p\u00e9dagogiques de formation sont pris en charge par <a href=\"https:\/\/www.mes-allocs.fr\/guides\/aide-formation\/formation-opco\/organisme-de-formation-opco\/\">l\u2019OPCO<\/a> de l\u2019entreprise.<\/p>\n<p style=\"text-align: justify;\"><b>En revanche, si la formation professionnelle est \u00e0 l\u2019initiative du salari\u00e9, ce dernier dispose de diff\u00e9rents financements.<\/b><\/p>\n<h2 style=\"text-align: justify;\">Le Compte Personnel de Formation (CPF)<\/h2>\n<p style=\"text-align: justify;\"><b>Depuis la Loi \u00ab Pour la libert\u00e9 de choisir son avenir professionnel \u00bb de septembre 2018, il est possible de cumuler de l\u2019argent sur le compte <a href=\"https:\/\/www.mes-allocs.fr\/guides\/aide-formation\/compte-personnel-formation-cpf\/\">CPF<\/a> afin de pouvoir vous former \u00e0 tout moment de votre carri\u00e8re professionnelle.<\/b> Ainsi, chaque ann\u00e9e, 500 euros sont ajout\u00e9s sur le compte (pour un travail \u00e0 temps plein) avec un plafond de 5 000 euros. Ce montant s\u2019\u00e9l\u00e8ve \u00e0 800 euros pour un salari\u00e9 non-qualifi\u00e9, plafonn\u00e9 \u00e0 8 000 euros.<\/p>\n<p style=\"text-align: justify;\"><b>Avec ce dispositif, le salaire est conserv\u00e9 lors de la formation. En outre, si le solde CPF est insuffisant pour financer la formation, il existe des abondements possibles.<\/b><\/p>\n<h2 style=\"text-align: justify;\">Le\u00a0Plan de D\u00e9veloppement des Comp\u00e9tences (PDC)<\/h2>\n<p style=\"text-align: justify;\"><b>Anciennement appel\u00e9 Plan de Formation, c\u2019est l\u2019employeur qui est \u00e0 l\u2019initiative de ce dispositif afin de permettre \u00e0 ses employ\u00e9s d\u2019\u00eatre form\u00e9 pour le maintien ou l\u2019obtention de nouvelles comp\u00e9tences ainsi que l\u2019\u00e9volution professionnellement au sein de l\u2019entreprise.<\/b><\/p>\n<p style=\"text-align: justify;\"><b>Les frais suppl\u00e9mentaires (h\u00e9bergement, d\u00e9placement, repas) pouvant \u00eatre engendr\u00e9s par la d\u00e9marche sont pris en charge par l\u2019employeur.<\/b><\/p>\n<h2 style=\"text-align: justify;\">Le\u00a0CPF de transition professionnelle (CPF-T)<\/h2>\n<p style=\"text-align: justify;\"><b>Remplac\u00e9 par le CPF de transition professionnelle, l\u2019ancien DIF offre aux salari\u00e9s la possibilit\u00e9 de suivre une formation afin de se reconvertir.<\/b> Le processus est propre au salari\u00e9 et doit \u00eatre initi\u00e9 par lui-m\u00eame. <b>Le dispositif est accord\u00e9 par votre employeur et vous continuez de recevoir votre salaire durant la dur\u00e9e de la formation.<\/b><\/p>\n<p style=\"text-align: justify;\"><b>Contrairement au Plan de Comp\u00e9tences qui concerne un secteur en relation avec le domaine d\u2019activit\u00e9 professionnelle, le CPF de transition professionnelle peut concerner un domaine de formation diff\u00e9rent.<\/b><\/p>\n<h2 style=\"text-align: justify;\">Pro-A<\/h2>\n<p style=\"text-align: justify;\">Ce dispositif favorise l\u2019\u00e9volution, la promotion professionnelle et le maintien dans l\u2019emploi des salari\u00e9s. <b>Il concerne particuli\u00e8rement les employ\u00e9s dont la qualification est insuffisante au regard de l\u2019\u00e9volution des technologies ou de l\u2019organisation du travail.<\/b> Le Pro-A fait est un compl\u00e9ment du Plan de Comp\u00e9tences et\/ou du Compte Personnel de Formation. <b>Il peut \u00eatre \u00e0 l\u2019initiative du salari\u00e9 ou de l\u2019entreprise dans le cadre d\u2019une \u00e9volution, d\u2019une r\u00e9orientation professionnelle ou d\u2019une mont\u00e9e en comp\u00e9tences.<\/b><\/p>\n<p><iframe loading=\"lazy\" title=\"Les aides \u00e0 la formation\" width=\"500\" height=\"281\" src=\"https:\/\/www.youtube.com\/embed\/gs3ZRHqtzmY?feature=oembed\" frameborder=\"0\" allow=\"accelerometer; autoplay; clipboard-write; encrypted-media; gyroscope; picture-in-picture; web-share\" referrerpolicy=\"strict-origin-when-cross-origin\" allowfullscreen><\/iframe><\/p>\n<h1 style=\"text-align: justify;\">Financement de la formation professionnelle pour un demandeur d&#8217;emploi<\/h1>\n<p style=\"text-align: justify;\"><b>Plusieurs organismes de financement peuvent financer les formations des demandeurs d\u2019emploi ou les indemniser pendant la formation.<\/b><\/p>\n<h2 style=\"text-align: justify;\">Le Compte Personnel de Formation (CPF)<\/h2>\n<p style=\"text-align: justify;\"><b>Comme les salari\u00e9s, les demandeurs d&#8217;emploi peuvent b\u00e9n\u00e9ficier du montant disponible sur le CPF pour financer leurs actions de formation.<\/b><\/p>\n<h2 style=\"text-align: justify;\">L&rsquo;Aide de Retour \u00e0 l\u2019Emploi Formation (AREF)<\/h2>\n<p style=\"text-align: justify;\"><b>Elle est adress\u00e9e aux b\u00e9n\u00e9ficiaires de l&rsquo;Allocation de Retour \u00e0 l\u2019Emploi (ARE) suivant une formation de P\u00f4le Emploi dans le cadre du Projet Personnalis\u00e9 d\u2019Acc\u00e8s \u00e0 l\u2019Emploi (PPAE).<\/b> Le montant de l&rsquo;allocation \u00e9quivaut g\u00e9n\u00e9ralement\u00a0\u00e0 l&rsquo;ARE de base. Toutefois, le montant minimal est diff\u00e9rent pour les salari\u00e9s qui travaillaient \u00e0 temps partiel.<\/p>\n<h2 style=\"text-align: justify;\">La R\u00e9mun\u00e9ration des Formations de France Travail (RFFT)<\/h2>\n<p style=\"text-align: justify;\"><b>Il s&rsquo;agit d&rsquo;une indemnit\u00e9 attribu\u00e9e aux demandeurs d&#8217;emploi qui suivent une formation agr\u00e9\u00e9e par P\u00f4le Emploi dans le cadre du Projet Personnalis\u00e9 d\u2019Acc\u00e8s \u00e0 l\u2019Emploi (PPAE). <\/b>Elle est accessible aux demandeurs d\u2019emploi qui ne sont pas ou plus \u00e9ligibles aux diff\u00e9rents droits existants, qu\u2019il s\u2019agisse de l\u2019ARE ou de l\u2019ASP.<\/p>\n<h2 style=\"text-align: justify;\">L&rsquo;Action de Formation Pr\u00e9alable au Recrutement (AFPR)<\/h2>\n<p style=\"text-align: justify;\"><b>Ce dispositif sert \u00e0 combler l&rsquo;\u00e9cart entre les comp\u00e9tences que d\u00e9tiennent le candidat et celles que requiert l&#8217;emploi propos\u00e9 par P\u00f4le Emploi. <\/b>Elle concerne les offres d\u2019emploi qui affiche la mention \u00ab\u00a0Action de Formation Pr\u00e9alable au Recrutement\u00a0\u00bb.<\/p>\n<h2 style=\"text-align: justify;\">La Pr\u00e9paration Op\u00e9rationnelle \u00e0 l\u2019Emploi Individuelle (POEI)<\/h2>\n<p style=\"text-align: justify;\"><b>C&rsquo;est une aide pour les demandeurs d&#8217;emploi qui suivent une formation pour acqu\u00e9rir les comp\u00e9tences n\u00e9cessaires \u00e0 une offre d\u00e9pos\u00e9e par une entreprise aupr\u00e8s de P\u00f4le Emploi. <\/b>Si \u00e0 la fin de la formation, vous atteignez le niveau requis alors l\u2019employeur est tenu de vous embaucher.<\/p>\n<h2 style=\"text-align: justify;\">Les Actions de Formation Conventionn\u00e9es (AFC)<\/h2>\n<p style=\"text-align: justify;\"><b>Il permet de compl\u00e9ter les comp\u00e9tences d&rsquo;une personne en recherche d&#8217;emploi en les ramenant au niveau d&rsquo;exigence du march\u00e9 du travail par une formation adapt\u00e9e.<\/b> C&rsquo;est dans ce contexte que P\u00f4le Emploi ach\u00e8te r\u00e9guli\u00e8rement des places de formations aupr\u00e8s de diff\u00e9rents organismes de formation et dans des domaines de comp\u00e9tences ou des secteurs d\u2019activit\u00e9s o\u00f9 la demande d\u2019emploi est insuffisante.<\/p>\n<h2 style=\"text-align: justify;\">L&rsquo;Aide Individuelle \u00e0 la Formation (AIF)<\/h2>\n<p style=\"text-align: justify;\"><b>L&rsquo;AIF est une prestation permettant de suivre une formation non prise en charge par d\u2019autres dispositifs de financements collectifs ou individuels. <\/b>Elle compl\u00e8te les aides des collectivit\u00e9s territoriales ou des OPCO en s&rsquo;adressant aux demandeurs d\u2019emploi, aux personnes en CRP (Convention de Reclassement Personnalis\u00e9), en CTP (Contrat de Transition Professionnel) ou en CSP (Contrat S\u00e9curisation Professionnelle).<\/p>\n<h2 style=\"text-align: justify;\">La\u00a0Pr\u00e9paration Op\u00e9rationnelle \u00e0 l&rsquo;Emploi Collective (POEC)<\/h2>\n<p style=\"text-align: justify;\"><b>La POEC donne la possibilit\u00e9 aux demandeurs d\u2019emploi de se former \u00e0 des m\u00e9tiers o\u00f9\u00a0les entreprises rencontrent des difficult\u00e9s pour recruter.<\/b> Elle est mise en place sur d\u00e9cision des partenaires sociaux d\u2019une branche professionnelle.<\/p>\n<h2 style=\"text-align: justify;\">La R\u00e9mun\u00e9ration de Fin de Formation (RFF)<\/h2>\n<p style=\"text-align: justify;\"><b>Elle est destin\u00e9e aux demandeurs d&#8217;emploi en fin de droits qui ont entam\u00e9 une formation et ne l\u2019ont pas encore termin\u00e9e. <\/b>Ainsi, elle permet d&rsquo;obtenir une indemnisation jusqu&rsquo;\u00e0 la fin de la formation par P\u00f4le Emploi.<\/p>\n<h2 style=\"text-align: justify;\">Le ch\u00e8que formation<\/h2>\n<p style=\"text-align: justify;\"><b>Il est fourni par le Conseil r\u00e9gional et permet de suivre une formation professionnelle d\u00e9livrant un dipl\u00f4me ou un titre professionnel enregistr\u00e9 au R\u00e9pertoire National des Certifications Professionnelles (RNCP) ou \u00e9ligible au Compte Personnel de Formation (CPF).<\/b><\/p>\n<h1 style=\"text-align: justify;\">Financement de la formation professionnelle pour la fonction publique<\/h1>\n<p style=\"text-align: justify;\"><b>La fonction publique d\u00e9signe l&rsquo;ensemble des agents qui appartiennent \u00e0 la fonction publique de l&rsquo;\u00c9tat, la fonction publique territoriale et la fonction publique hospitali\u00e8re. <\/b>Tous comme les salari\u00e9s, les fonctionnaires b\u00e9n\u00e9ficient d&rsquo;aides au financement pour la formation professionnelle.<\/p>\n<h2 style=\"text-align: justify;\">Le\u00a0Compte Personnel de Formation (CPF)<\/h2>\n<p style=\"text-align: justify;\"><b>Tout comme les employ\u00e9s du priv\u00e9, les fonctionnaires disposent d\u2019un CPF. <\/b>N\u00e9anmoins, le dispositif ne concerne pas les actions de formation relatives \u00e0 l&rsquo;adaptation aux fonctions exerc\u00e9es.<\/p>\n<h2 style=\"text-align: justify;\">Le cong\u00e9 de Formation Professionnelle (CFP)<\/h2>\n<p style=\"text-align: justify;\"><b>Le CFP permet de parfaire la formation personnelle en finan\u00e7ant des stages de formation professionnel ou personnel qui ne sont pas propos\u00e9s par l&rsquo;administration.<\/b> Il prend aussi en compte les actions organis\u00e9es par l&rsquo;administration en vue de la pr\u00e9paration aux concours administratifs.<\/p>\n<h2 style=\"text-align: justify;\">La p\u00e9riode de professionnalisation (FPH)<\/h2>\n<p style=\"text-align: justify;\"><b>Elle est d\u00e9di\u00e9e particuli\u00e8rement aux agents de la fonction publique hospitali\u00e8re.<\/b> <b>Cette p\u00e9riode donne la possibilit\u00e9 de se former pour acqu\u00e9rir de nouvelles fonctions.<\/b> La professionnalisation allie formation th\u00e9orique et pratique pour un apprentissage en alternance.<\/p>\n<h2 style=\"text-align: justify;\">Le cong\u00e9 de formation-mobilit\u00e9 des fonctionnaires de l\u2019\u00c9tat<\/h2>\n<p style=\"text-align: justify;\"><b>Il s\u2019agit d\u2019un cong\u00e9 destin\u00e9 \u00e0 favoriser la mobilit\u00e9 et le d\u00e9tachement d&rsquo;un fonctionnaire d&rsquo;un corps administratif \u00e0 un autre par la mise en \u0153uvre d&rsquo;une formation.<\/b><\/p>\n<h1 style=\"text-align: justify;\">Financement de la formation professionnelle pour les non-salari\u00e9s<\/h1>\n<p style=\"text-align: justify;\"><b>Un non-salari\u00e9 est un\u00a0travailleur ind\u00e9pendant non r\u00e9mun\u00e9r\u00e9\u00a0par le biais d&rsquo;un salaire.\u00a0<\/b>Cette d\u00e9nomination d\u00e9signe les lib\u00e9raux, les artisans, les commer\u00e7ants, etc.<\/p>\n<h2 style=\"text-align: justify;\">L&rsquo;Association de Gestion et du Financement de la Formation des Chefs d\u2019Entreprise (AGEFICE)<\/h2>\n<p style=\"text-align: justify;\"><b>L&rsquo;AGEFICE finance les formations destin\u00e9es aux dirigeants non-salari\u00e9s.<\/b> La prise en charge est \u00e9galement possible pour le conjoint collaborateur ou le conjoint-associ\u00e9. <b>Le financement\u00a0concerne les co\u00fbts p\u00e9dagogiques et inclut un \u00ab\u00a0forfait d\u00e9placement\u00a0\u00bb.<\/b><\/p>\n<h2 style=\"text-align: justify;\">Le\u00a0Fonds d&rsquo;Assurance Formation des Chefs Exer\u00e7ant une Activit\u00e9 Artisanale (FAFCEA)<\/h2>\n<p style=\"text-align: justify;\"><b>Le FAFCEA finance les formations destin\u00e9es aux chefs d&rsquo;entreprise et autoentrepreneurs exer\u00e7ant une activit\u00e9 artisanale.<\/b> Le financement prend en charge les stages de formation technique, les stages professionnels, les stages de formation transversaux et les stages sp\u00e9cifiques.<\/p>\n<h2 style=\"text-align: justify;\">Le\u00a0Fonds d&rsquo;Assurance Formation Professions m\u00e9dicales (FAFPM)<\/h2>\n<p style=\"text-align: justify;\"><b>Le FAFPM finance les formations destin\u00e9es aux m\u00e9decins exer\u00e7ant \u00e0 titre lib\u00e9ral. <\/b>Le financement prend en compte les congr\u00e8s, s\u00e9minaires, cours et colloques en France ou \u00e0 l&rsquo;\u00e9tranger, incluant des sessions de formation sur des th\u00e8mes pr\u00e9cis, ainsi que les formations dipl\u00f4mantes, langues \u00e9trang\u00e8res ou la participation \u00e0 des congr\u00e8s ou essais cliniques.<\/p>\n<h2 style=\"text-align: justify;\">Le\u00a0Fonds Interprofessionnels de Formation des Professions Lib\u00e9rales (FIF-PL)<\/h2>\n<p style=\"text-align: justify;\"><b>Le dispositif finance les formations destin\u00e9es aux membres des professions lib\u00e9rales. <\/b>La prise en charge est \u00e9galement possible pour le conjoint collaborateur.<\/p>\n<h2>Le Fonds pour la formation des entrepreneurs du vivant (VIVEA)<\/h2>\n<p style=\"text-align: justify;\"><b>L&rsquo;outil finance les formations destin\u00e9es aux chefs d&rsquo;entreprise agricole, du paysage ou de travaux forestiers.<\/b> La prise en charge est \u00e9galement possible pour le conjoint collaborateur.<\/p>\n<h1 style=\"text-align: justify;\">Financement de la formation professionnelle pour les personnes en situation de handicap<\/h1>\n<p style=\"text-align: justify;\">Il n&rsquo;est pas toujours \u00e9vident pour les personnes handicap\u00e9es d&rsquo;acc\u00e9der \u00e0 la formation professionnelle, notamment \u00e0 cause des dispositions particuli\u00e8res qui doivent \u00eatre mises en place. <b>Toutefois, plusieurs dispositifs permettent leur insertion professionnelle ou maintien dans l&#8217;emploi par la formation.<\/b><\/p>\n<h2 style=\"text-align: justify;\">L&rsquo;Association de Gestion du Fonds pour l&rsquo;Insertion des Personnes Handicap\u00e9es (AGEFIPH)<\/h2>\n<p style=\"text-align: justify;\"><b>L\u2019AGEFIPH finance les formations courtes des personnes handicap\u00e9es b\u00e9n\u00e9ficiaires de l\u2019obligation d&#8217;emploi, les travailleurs reconnus handicap\u00e9s par la Commission des Droits et de l\u2019Autonomie des Personnes Handicap\u00e9es (CDAPH), les titulaires de la carte d\u2019invalidit\u00e9 et de l\u2019Allocation Adulte Handicap\u00e9 (AAH).<\/b><\/p>\n<h2 style=\"text-align: justify;\">Le Fonds d&rsquo;Insertion des Personnes Handicap\u00e9es dans la Fonction Publique (FIPHFP)<\/h2>\n<p style=\"text-align: justify;\"><b>Le FIPHFP finance les formations destin\u00e9es \u00e0 l\u2019insertion professionnelle des personnes en situation de handicap comme une formation qualifiante ou dipl\u00f4mante, une formation \u00e0 la fonction de tuteur, ou encore une formation pour les personnes susceptibles d\u2019\u00eatre au contact avec des personnes handicap\u00e9es.<\/b><\/p>\n<div class='cta-block'><div class='text'>Simulez toutes vos aides en 2 min.<\/div><a href='https:\/\/www.mes-allocs.fr\/ab-app?origin=guides\/wp-json\/wp\/v2\/posts\/50911' class='app-button fit'>Simulation gratuite<\/a><\/div>\n","protected":false},"excerpt":{"rendered":"<p>Le financement est un point essentiel pour toute personne qui souhaite suivre une formation professionnelle. En France, il existe de nombreuses aides \u00e0 la formation pour financer tout ou une partie de votre projet. Les organismes de financement accordent les aides en fonction de la situation professionnelle. Alors, quelles sont les diff\u00e9rents financements de la [&hellip;]<\/p>\n","protected":false},"author":14,"featured_media":51127,"comment_status":"closed","ping_status":"open","sticky":false,"template":"","format":"standard","meta":{"amp_status":"","footnotes":""},"categories":[2045,19732],"tags":[],"class_list":["post-50911","post","type-post","status-publish","format-standard","has-post-thumbnail","hentry","category-aide-formation","category-formation-pour-adulte"],"yoast_head":"<!-- This site is optimized with the Yoast SEO plugin v14.9 - https:\/\/yoast.com\/wordpress\/plugins\/seo\/ -->\n<title>Les diff\u00e9rents financements de la formation professionnelle | Mes-Allocs.fr<\/title>\n<meta name=\"description\" content=\"En France, il existe de nombreuses aides \u00e0 la formation pour financer votre projet en fonction de la situation professionnelle.\" \/>\n<meta name=\"robots\" content=\"index, follow, max-snippet:-1, max-image-preview:large, max-video-preview:-1\" \/>\n<link rel=\"canonical\" href=\"https:\/\/www.mes-allocs.fr\/guides\/aide-formation\/formation-pour-adulte\/les-differents-financements-de-la-formation-professionnelle\/\" \/>\n<meta property=\"og:locale\" content=\"fr_FR\" \/>\n<meta property=\"og:type\" content=\"article\" \/>\n<meta property=\"og:title\" content=\"Les diff\u00e9rents financements de la formation professionnelle | Mes-Allocs.fr\" \/>\n<meta property=\"og:description\" content=\"En France, il existe de nombreuses aides \u00e0 la formation pour financer votre projet en fonction de la situation professionnelle.\" \/>\n<meta property=\"og:url\" content=\"https:\/\/www.mes-allocs.fr\/guides\/aide-formation\/formation-pour-adulte\/les-differents-financements-de-la-formation-professionnelle\/\" \/>\n<meta property=\"og:site_name\" content=\"Mes-Allocs.fr\" \/>\n<meta property=\"article:published_time\" content=\"2022-05-31T16:56:06+00:00\" \/>\n<meta property=\"article:modified_time\" content=\"2025-07-16T09:07:41+00:00\" \/>\n<meta property=\"og:image\" content=\"https:\/\/www.mes-allocs.fr\/guides\/wp-content\/uploads\/2022\/05\/Les-differents-financements-de-la-formation-professionnelle2.jpg?wsr\" \/>\n\t<meta property=\"og:image:width\" content=\"612\" \/>\n\t<meta property=\"og:image:height\" content=\"408\" \/>\n<meta name=\"twitter:card\" content=\"summary_large_image\" \/>\n<script type=\"application\/ld+json\" class=\"yoast-schema-graph\">{\"@context\":\"https:\/\/schema.org\",\"@graph\":[{\"@type\":\"WebSite\",\"@id\":\"https:\/\/www.mes-allocs.fr\/guides\/#website\",\"url\":\"https:\/\/www.mes-allocs.fr\/guides\/\",\"name\":\"Mes-Allocs.fr\",\"description\":\"\",\"potentialAction\":[{\"@type\":\"SearchAction\",\"target\":\"https:\/\/www.mes-allocs.fr\/guides\/?s={search_term_string}\",\"query-input\":\"required name=search_term_string\"}],\"inLanguage\":\"fr-FR\"},{\"@type\":\"ImageObject\",\"@id\":\"https:\/\/www.mes-allocs.fr\/guides\/aide-formation\/formation-pour-adulte\/les-differents-financements-de-la-formation-professionnelle\/#primaryimage\",\"inLanguage\":\"fr-FR\",\"url\":\"https:\/\/www.mes-allocs.fr\/guides\/wp-content\/uploads\/2022\/05\/Les-differents-financements-de-la-formation-professionnelle2.jpg?wsr\",\"width\":612,\"height\":408,\"caption\":\"Les differents financements de la formation professionnelle\"},{\"@type\":\"WebPage\",\"@id\":\"https:\/\/www.mes-allocs.fr\/guides\/aide-formation\/formation-pour-adulte\/les-differents-financements-de-la-formation-professionnelle\/#webpage\",\"url\":\"https:\/\/www.mes-allocs.fr\/guides\/aide-formation\/formation-pour-adulte\/les-differents-financements-de-la-formation-professionnelle\/\",\"name\":\"Les diff\\u00e9rents financements de la formation professionnelle | Mes-Allocs.fr\",\"isPartOf\":{\"@id\":\"https:\/\/www.mes-allocs.fr\/guides\/#website\"},\"primaryImageOfPage\":{\"@id\":\"https:\/\/www.mes-allocs.fr\/guides\/aide-formation\/formation-pour-adulte\/les-differents-financements-de-la-formation-professionnelle\/#primaryimage\"},\"datePublished\":\"2022-05-31T16:56:06+00:00\",\"dateModified\":\"2025-07-16T09:07:41+00:00\",\"author\":{\"@id\":\"https:\/\/www.mes-allocs.fr\/guides\/#\/schema\/person\/a3de97298fd0ffc005ebdd5628b03ca8\"},\"description\":\"En France, il existe de nombreuses aides \\u00e0 la formation pour financer votre projet en fonction de la situation professionnelle.\",\"inLanguage\":\"fr-FR\"},{\"@type\":\"Person\",\"@id\":\"https:\/\/www.mes-allocs.fr\/guides\/#\/schema\/person\/a3de97298fd0ffc005ebdd5628b03ca8\",\"name\":\"Marina Ada Ondo\",\"image\":{\"@type\":\"ImageObject\",\"@id\":\"https:\/\/www.mes-allocs.fr\/guides\/#personlogo\",\"inLanguage\":\"fr-FR\",\"url\":\"https:\/\/www.mes-allocs.fr\/guides\/wp-content\/uploads\/2022\/02\/Photo-de-profil-150x150.png\",\"caption\":\"Marina Ada Ondo\"},\"description\":\"Marina est r\\u00e9dactrice au sein de l'\\u00e9quipe Mes Allocs, sp\\u00e9cialis\\u00e9e sur les aides aux jeunes. Dipl\\u00f4m\\u00e9e de l'ISFJ, elle rejoint Mes Allocs apr\\u00e8s une premi\\u00e8re exp\\u00e9rience en communication chez Little Africa, une agence de communication \\u00e0 Paris. Sur son temps libre, Marina lit beaucoup et passe ses dimanches au mus\\u00e9e.\",\"sameAs\":[\"https:\/\/www.linkedin.com\/in\/marinaadaondo\/\"]}]}<\/script>\n<!-- \/ Yoast SEO plugin. -->","amp_validity":null,"acf":{"faq":{"1":{"question":"Quels sont les financeurs de la formation professionnelle ?","answer":"Le financement se fait par le biais de P\u00f4le Emploi, les OPCO, l'employeur, la r\u00e9gion, etc. "},"2":{"question":"Qui finance la formation en entreprise ?","answer":"Depuis le 1er janvier 2019, une contribution l\u00e9gale unique est demand\u00e9e aux entreprises pour la formation professionnelle et l'apprentissage. "},"3":{"question":"Qui finance la formation infirmier ?","answer":"En g\u00e9n\u00e9ral, c'est le conseil r\u00e9gional qui prend en charge les formations infirmi\u00e8res. "},"4":{"question":"Qui finance la formation en alternance ?","answer":"Le financement de la formation en contrat d'apprentissage d\u00e9pend de l'OPCO auquel est rattach\u00e9e l'entreprise et repose sur la part Quota Obligatoire de la Taxe d'apprentissage vers\u00e9e chaque ann\u00e9e par celle-ci. Elle sera revers\u00e9e \u00e0 l'organisme d\u00e9sign\u00e9 en charge de la formation de l'apprenti."},"5":{"question":"Quel type de formation choisir ?","answer":"Les crit\u00e8res \u00e0 prendre en compte pour choisir sa formation sont multiples : l'insertion professionnelle, l'ad\u00e9quation de la formation avec son projet, le programme, la reconnaissance de la formation et de l'\u00e9cole, mais aussi sa dur\u00e9e et son co\u00fbt."},"6":{"question":"Quelles sont les obligations de l'employeur en mati\u00e8re de formation ?","answer":"En mati\u00e8re de formation professionnelle, vous avez plusieurs obligations \u00e0 l'\u00e9gard des salari\u00e9s que vous employez, notamment : la participation au financement de la formation, l'adaptation du salari\u00e9 \u00e0 son poste de travail, le maintien dans son emploi et le financement des formations obligatoires."},"7":{"question":"","answer":""},"8":{"question":"","answer":""},"9":{"question":"","answer":""},"10":{"question":"","answer":""},"11":{"question":"","answer":""},"12":{"question":"","answer":""},"13":{"question":"","answer":""},"14":{"question":"","answer":""},"15":{"question":"","answer":""},"16":{"question":"","answer":""}}},"_links":{"self":[{"href":"https:\/\/www.mes-allocs.fr\/guides\/wp-json\/wp\/v2\/posts\/50911","targetHints":{"allow":["GET"]}}],"collection":[{"href":"https:\/\/www.mes-allocs.fr\/guides\/wp-json\/wp\/v2\/posts"}],"about":[{"href":"https:\/\/www.mes-allocs.fr\/guides\/wp-json\/wp\/v2\/types\/post"}],"author":[{"embeddable":true,"href":"https:\/\/www.mes-allocs.fr\/guides\/wp-json\/wp\/v2\/users\/14"}],"replies":[{"embeddable":true,"href":"https:\/\/www.mes-allocs.fr\/guides\/wp-json\/wp\/v2\/comments?post=50911"}],"version-history":[{"count":9,"href":"https:\/\/www.mes-allocs.fr\/guides\/wp-json\/wp\/v2\/posts\/50911\/revisions"}],"predecessor-version":[{"id":102347,"href":"https:\/\/www.mes-allocs.fr\/guides\/wp-json\/wp\/v2\/posts\/50911\/revisions\/102347"}],"wp:featuredmedia":[{"embeddable":true,"href":"https:\/\/www.mes-allocs.fr\/guides\/wp-json\/wp\/v2\/media\/51127"}],"wp:attachment":[{"href":"https:\/\/www.mes-allocs.fr\/guides\/wp-json\/wp\/v2\/media?parent=50911"}],"wp:term":[{"taxonomy":"category","embeddable":true,"href":"https:\/\/www.mes-allocs.fr\/guides\/wp-json\/wp\/v2\/categories?post=50911"},{"taxonomy":"post_tag","embeddable":true,"href":"https:\/\/www.mes-allocs.fr\/guides\/wp-json\/wp\/v2\/tags?post=50911"}],"curies":[{"name":"wp","href":"https:\/\/api.w.org\/{rel}","templated":true}]}}