{"id":50905,"date":"2022-06-07T18:10:29","date_gmt":"2022-06-07T16:10:29","guid":{"rendered":"https:\/\/www.mes-allocs.fr\/guides\/?p=50905"},"modified":"2026-01-29T17:34:57","modified_gmt":"2026-01-29T16:34:57","slug":"demenagement-mobili-jeune","status":"publish","type":"post","link":"https:\/\/www.mes-allocs.fr\/guides\/aide-mobilite\/mobili-jeune\/demenagement-mobili-jeune\/","title":{"rendered":"Aide au d\u00e9m\u00e9nagement Mobili-Jeune"},"content":{"rendered":"<p><img loading=\"lazy\" decoding=\"async\" class=\"alignnone wp-image-50940 \" title=\"Aide au demenagement Mobili Jeune\" src=\"https:\/\/www.mes-allocs.fr\/guides\/wp-content\/uploads\/2022\/05\/Aide-au-demenagement-Mobili-Jeune-e1653493873224.jpg\" alt=\"Aide au demenagement Mobili Jeune\" width=\"1341\" height=\"248\" srcset=\"https:\/\/www.mes-allocs.fr\/guides\/wp-content\/uploads\/2022\/05\/Aide-au-demenagement-Mobili-Jeune-e1653493873224.jpg 1000w, https:\/\/www.mes-allocs.fr\/guides\/wp-content\/uploads\/2022\/05\/Aide-au-demenagement-Mobili-Jeune-e1653493873224-300x56.jpg 300w, https:\/\/www.mes-allocs.fr\/guides\/wp-content\/uploads\/2022\/05\/Aide-au-demenagement-Mobili-Jeune-e1653493873224-768x142.jpg 768w, https:\/\/www.mes-allocs.fr\/guides\/wp-content\/uploads\/2022\/05\/Aide-au-demenagement-Mobili-Jeune-e1653493873224-600x111.jpg 600w\" sizes=\"auto, (max-width: 1341px) 100vw, 1341px\" \/><\/p>\n<p style=\"text-align: justify;\">[Mis \u00e0 jour le 29\/01\/2026] L&rsquo;aide Mobili-Jeune est une <a href=\"https:\/\/www.mes-allocs.fr\/guides\/aide-mobilite\">aide \u00e0 la mobilit\u00e9<\/a> adress\u00e9e aux jeunes qui d\u00e9m\u00e9nagent pour des raisons scolaires ou professionnelles. Elle permet de prendre en charge une partie du loyer ou redevance pour les foyers ou r\u00e9sidences sociales pendant une formation en alternance. Alors, Mobili-Jeune d\u00e9m\u00e9nagement : comment en b\u00e9n\u00e9ficier ?<\/p>\n<div class='cta-block'><div class='text'>Simulez toutes vos aides en 2 min.<\/div><a href='https:\/\/www.mes-allocs.fr\/ab-app?origin=guides\/wp-json\/wp\/v2\/posts\/50905' class='app-button fit'>Simulation gratuite<\/a><\/div>\n<h1 style=\"text-align: justify;\">Mobili-Jeune, qu&rsquo;est-ce que c&rsquo;est ?<\/h1>\n<p style=\"text-align: justify;\"><b>Le\u00a0dispositif de <a href=\"https:\/\/www.mes-allocs.fr\/guides\/aide-mobilite\/mobili-jeune\/action-logement-mobili-jeune\/\">Mobili-Jeune<\/a> est une subvention pour le logement qui sert \u00e0 r\u00e9duire le montant de votre loyer.\u00a0<\/b>Elle est r\u00e9serv\u00e9e en priorit\u00e9 aux jeunes de moins de 30 ans suivant une formation en alternance dans une entreprise du secteur priv\u00e9 non-agricole. <b>Les personnes \u00e9ligibles \u00e0 cette aide sont souvent \u00e9galement concern\u00e9es par les crit\u00e8res d&rsquo;un bail mobilit\u00e9, qui permet de louer un logement pour une dur\u00e9e de 1 \u00e0 11 mois.<\/b><\/p>\n<p style=\"text-align: justify;\"><b><a href=\"https:\/\/www.mes-allocs.fr\/guides\/aide-pour-demenagement\/action-logement-aide-demenagement\/\">Action Logement<\/a> est l&rsquo;organisme en charge du versement de l&rsquo;aide Mobili-Jeune, mais aussi de nombreuses autres aides au logement. Ce qui fait de la structure une\u00a0actrice de r\u00e9f\u00e9rence dans le\u00a0domaine\u00a0du logement social.<\/b> En effet, elle a pour mission\u00a0principale de faciliter l&rsquo;acc\u00e8s au logement et accompagner les salari\u00e9s dans leur mobilit\u00e9 r\u00e9sidentielle et professionnelle. <b>En plus de fournir des aides financi\u00e8res, Action Logement finance \u00e9galement la construction de logements sociaux, notamment en zone tendue.<\/b><\/p>\n<h1 style=\"text-align: justify;\">Les conditions d&rsquo;attribution<\/h1>\n<p style=\"text-align: justify;\"><b>Pour b\u00e9n\u00e9ficier de l&rsquo;aide au logement, vous devez respecter les conditions suivantes :<\/b><\/p>\n<ul>\n<li>\u00catre \u00e2g\u00e9 de\u00a0moins de 30 ans<\/li>\n<li>\u00catre\u00a0un contrat d\u2019apprentissage ou de contrat de professionnalisation dans une entreprise<\/li>\n<li>\u00catre salari\u00e9 dans une entreprise du secteur priv\u00e9 et non agricole<\/li>\n<li>Ne pas avoir\u00a0un dossier mobili-jeune\u00a0en cours chez Action Logement<\/li>\n<li>Avoir un salaire mensuel brut inf\u00e9rieur ou \u00e9gal \u00e0 120% du SMIC<\/li>\n<li>D\u00e9poser votre demande 3 mois avant la date du d\u00e9but de votre formation ou 3 mois apr\u00e8s le d\u00e9but de la date d\u2019ex\u00e9cution du contrat d\u2019alternance<\/li>\n<\/ul>\n<p style=\"text-align: justify;\"><b>Afin de percevoir l&rsquo;allocation, le logement aussi doit r\u00e9pondre \u00e0 des crit\u00e8res d&rsquo;\u00e9ligibilit\u00e9 :<img loading=\"lazy\" decoding=\"async\" class=\"size-medium wp-image-50941 alignright\" title=\"Aide au demenagement Mobili Jeune\" src=\"https:\/\/www.mes-allocs.fr\/guides\/wp-content\/uploads\/2022\/05\/Aide-au-demenagement-Mobili-Jeune2-300x200.jpg\" alt=\"Aide au demenagement Mobili Jeune\" width=\"300\" height=\"200\" srcset=\"https:\/\/www.mes-allocs.fr\/guides\/wp-content\/uploads\/2022\/05\/Aide-au-demenagement-Mobili-Jeune2-300x200.jpg 300w, https:\/\/www.mes-allocs.fr\/guides\/wp-content\/uploads\/2022\/05\/Aide-au-demenagement-Mobili-Jeune2-600x400.jpg 600w, https:\/\/www.mes-allocs.fr\/guides\/wp-content\/uploads\/2022\/05\/Aide-au-demenagement-Mobili-Jeune2.jpg 612w\" sizes=\"auto, (max-width: 300px) 100vw, 300px\" \/><\/b><\/p>\n<ul>\n<li>\u00catre locataire ou colocataire durant votre formation<\/li>\n<li>Avoir une date d\u2019effet de votre bail 3 mois avant ou 3 mois apr\u00e8s la date d\u2019ex\u00e9cution de votre contrat d\u2019alternance<\/li>\n<li>Changer de r\u00e9sidence principale pour vous rapprocher de votre lieu de travail. Deux cas sont possibles :\n<ul class=\"list--check\">\n<li>Votre nouveau logement est \u00e0 plus de 70km de votre ancienne adresse, ou \u00e0 d\u00e9faut, votre temps de trajet est sup\u00e9rieur \u00e0 40 minutes entre ces deux adresses (v\u00e9hicules motoris\u00e9s et immatricul\u00e9s, transports en commun)<\/li>\n<li>Vous justifiez d\u2019une double charge de loyer (c\u2019est-\u00e0-dire que, sur la m\u00eame p\u00e9riode, vous occupez deux logements)<\/li>\n<\/ul>\n<\/li>\n<\/ul>\n<p style=\"text-align: justify;\"><b>L&rsquo;aide financi\u00e8re est r\u00e9serv\u00e9e aux jeunes louant un logement vide ou meubl\u00e9, lou\u00e9 seul ou en colocation. <\/b>Dans ce dernier cas, le calcul du montant de l\u2019aide est fait sur la base de votre quote-part. Ainsi, chaque colocataire \u00e9ligible au dispositif doit d\u00e9poser sa propre demande d\u2019aide.<\/p>\n<h1 style=\"text-align: justify;\">Le montant de l&rsquo;aide<\/h1>\n<p style=\"text-align: justify;\">Le montant de l&rsquo;aide varie en fonction de votre loyer. Il peut aller de 10 \u00e0 100 euros maximum par mois. <b>Ainsi, la somme est calcul\u00e9e en fonction :<\/b><\/p>\n<ul class=\"list--check\">\n<li style=\"text-align: justify;\">Des autres aides au logement per\u00e7ues : Aide Personnalis\u00e9e au Logement (APL) et Allocation de Logement Sociale (ALS)<\/li>\n<li style=\"text-align: justify;\">De la quote-part de loyer (charges comprises)<\/li>\n<li style=\"text-align: justify;\">Des justificatifs transmis par le demandeur<\/li>\n<\/ul>\n<h1 style=\"text-align: justify;\">Comment demander l&rsquo;aide Mobili-Jeune ?<\/h1>\n<p style=\"text-align: justify;\">La demande d&rsquo;aide doit se faire au plus t\u00f4t 3 mois avant le d\u00e9but de la formation et au plus tard 3 mois apr\u00e8s. <b>Vous ne pouvez effectuer votre demande qu&rsquo;en ligne sur le site d&rsquo;Action\u00a0Logement :<\/b><\/p>\n<ul>\n<li style=\"text-align: justify;\">Vous devez vous connecter sur le site puis cliquer sur \u00ab Faire ma demande \u00bb puis sur \u00ab\u00a0Tester mon \u00e9ligibilit\u00e9 \u00bb<\/li>\n<li style=\"text-align: justify;\">Il faut r\u00e9pondre aux 8 questions du test concernant votre nom, pr\u00e9nom, date de naissance, date de votre cycle de formation, date d\u2019effet du bail, montant du salaire brut mensuel, etc.<\/li>\n<li style=\"text-align: justify;\">Ensuite, un compte personnel doit \u00eatre cr\u00e9\u00e9. Vous recevez le code d&rsquo;activation que vous devez saisir pour confirmer la cr\u00e9ation du compte. Il faut ensuite cliquez sur les deux carr\u00e9s en bas de la page \u00ab\u00a0je d\u00e9clare\u2026 et j&rsquo;accepte&#8230;\u00bb.<\/li>\n<li style=\"text-align: justify;\">Pour finir, cliquer sur le bouton \u00ab\u00a0Cr\u00e9er mon compte \u00bb<\/li>\n<li style=\"text-align: justify;\">Vous devez faire la demande d&rsquo;aide Mobili-Jeune et transmettre les informations demand\u00e9es sur vous-m\u00eame, votre logement et votre situation professionnelle<\/li>\n<li style=\"text-align: justify;\">Il reste \u00e0 d\u00e9poser les documents obligatoires sur votre espace personnel.<\/li>\n<\/ul>\n<p style=\"text-align: justify;\"><b>\u00c0 noter que vous disposez de 15 jours pour ajouter des documents lorsque c&rsquo;est n\u00e9cessaire.<\/b><\/p>\n<p><iframe loading=\"lazy\" title=\"L&#039;aide Mobili jeune\" width=\"500\" height=\"281\" src=\"https:\/\/www.youtube.com\/embed\/tu3qdMGINEM?feature=oembed\" frameborder=\"0\" allow=\"accelerometer; autoplay; clipboard-write; encrypted-media; gyroscope; picture-in-picture; web-share\" referrerpolicy=\"strict-origin-when-cross-origin\" allowfullscreen><\/iframe><\/p>\n<h1 style=\"text-align: justify;\">Quelles sont les pi\u00e8ces justificatives ?<\/h1>\n<p style=\"text-align: justify;\"><b>Pour que votre dossier soit \u00e9tudi\u00e9, plusieurs documents sont n\u00e9cessaires :<\/b><\/p>\n<ul>\n<li style=\"text-align: justify;\">Une pi\u00e8ce d&rsquo;identit\u00e9 (<abbr title=\"Carte Nationale d'Identit\u00e9\">CNI<\/abbr>, passeport, titre de s\u00e9jour)<\/li>\n<li style=\"text-align: justify;\">La convention de subvention pr\u00e9alablement t\u00e9l\u00e9charg\u00e9e, imprim\u00e9e et sign\u00e9e<\/li>\n<li style=\"text-align: justify;\">Le contrat d&rsquo;apprentissage ou de professionnalisation<\/li>\n<li style=\"text-align: justify;\">Le contrat de location ou convention d&rsquo;occupation<\/li>\n<li style=\"text-align: justify;\">La notification ou le r\u00e9capitulatif <abbr title=\"Caisse d'Allocations Familiales\">CAF<\/abbr> de vos versements <abbr title=\"Aide Personnalis\u00e9e au Logement\">APL<\/abbr><\/li>\n<li style=\"text-align: justify;\">Un Relev\u00e9 d&rsquo;Identit\u00e9 Bancaire<\/li>\n<li style=\"text-align: justify;\">Le dernier avis d&rsquo;\u00e9ch\u00e9ance de loyer ou quittance de loyer<\/li>\n<\/ul>\n<p style=\"text-align: justify;\"><b>En cas de changement de situation pendant la formation, il convient de transmettre les nouveaux documents justificatifs \u00e0 Action Logement.<\/b><\/p>\n<h1 style=\"text-align: justify;\">Le versement de l&rsquo;aide<\/h1>\n<p style=\"text-align: justify;\"><b>G\u00e9n\u00e9ralement, la r\u00e9ponse est communiqu\u00e9e sous 8 jours par mail.<\/b> Il est possible que le d\u00e9lai se rallonge selon les r\u00e9gions et la situation. <b>Cependant, pass\u00e9 ce d\u00e9lai, l&rsquo;aide est consid\u00e9r\u00e9e comme accord\u00e9e. En revanche, en cas de refus, il est possible de s&rsquo;opposer \u00e0 la d\u00e9cision.<\/b>\u00a0Par la suite, vous recevez r\u00e9guli\u00e8rement des mails\u00a0pour informer de la transmission des quittances de loyer en retour par mail.<img loading=\"lazy\" decoding=\"async\" class=\"size-medium wp-image-50942 alignright\" title=\"Aide au demenagement Mobili Jeune\" src=\"https:\/\/www.mes-allocs.fr\/guides\/wp-content\/uploads\/2022\/05\/Aide-au-demenagement-Mobili-Jeune3-300x200.jpg\" alt=\"Aide au demenagement Mobili Jeune\" width=\"300\" height=\"200\" srcset=\"https:\/\/www.mes-allocs.fr\/guides\/wp-content\/uploads\/2022\/05\/Aide-au-demenagement-Mobili-Jeune3-300x200.jpg 300w, https:\/\/www.mes-allocs.fr\/guides\/wp-content\/uploads\/2022\/05\/Aide-au-demenagement-Mobili-Jeune3-600x400.jpg 600w, https:\/\/www.mes-allocs.fr\/guides\/wp-content\/uploads\/2022\/05\/Aide-au-demenagement-Mobili-Jeune3.jpg 612w\" sizes=\"auto, (max-width: 300px) 100vw, 300px\" \/><\/p>\n<p style=\"text-align: justify;\"><b>L&rsquo;aide couvre toute la p\u00e9riode de formation\u00a0jusqu&rsquo;\u00e0 12 mois et peut \u00eatre renouvel\u00e9e chaque ann\u00e9e tant que vous remplissez les crit\u00e8res.<\/b> L&rsquo;allocation\u00a0est vers\u00e9e selon vos besoins, et vous avez la possibilit\u00e9 de modifier le rythme de versement au cours de l&rsquo;ann\u00e9e. <b>Ainsi, l&rsquo;aide peut \u00eatre touch\u00e9e chaque mois, tous les deux mois ou chaque semestre.<\/b><\/p>\n<h1 style=\"text-align: justify;\">Comment cumuler l&rsquo;aide Mobili-Jeunes avec d&rsquo;autres aides ?<\/h1>\n<p style=\"text-align: justify;\"><b>Vous pouvez cumuler l&rsquo;aide avec les aides au logement suivantes :<\/b><\/p>\n<ul>\n<li style=\"text-align: justify;\"><b>Les allocations logement de la CAF<\/b>\u00a0: elles d\u00e9signent l&rsquo;Aide Personnalis\u00e9e au Logement (APL) ou l&rsquo;<abbr title=\"Allocation de Logement Sociale\">Allocation de Logement Sociale (ALS<\/abbr>)<\/li>\n<li style=\"text-align: justify;\"><b>La garantie Visale<\/b>\u00a0:\u00a0c&rsquo;est une caution attribu\u00e9e par Action logement au locataire. La garantie Visale prend en charge les sommes dues avant de se faire rembourser par le locataire en cas d&rsquo;impay\u00e9s de loyer ou de charges<\/li>\n<li style=\"text-align: justify;\"><b>L\u2019avance Loca-Pass\u00a0<\/b>:\u00a0il s&rsquo;agit d&rsquo;un pr\u00eat sans int\u00e9r\u00eats accord\u00e9 toujours par Action Logement au locataire pour financer le d\u00e9p\u00f4t de garantie avant l&rsquo;entr\u00e9e dans les lieux<\/li>\n<\/ul>\n<div class='cta-block'><div class='text'>Simulez toutes vos aides en 2 min.<\/div><a href='https:\/\/www.mes-allocs.fr\/ab-app?origin=guides\/wp-json\/wp\/v2\/posts\/50905' class='app-button fit'>Simulation gratuite<\/a><\/div>\n","protected":false},"excerpt":{"rendered":"<p>[Mis \u00e0 jour le 29\/01\/2026] L&rsquo;aide Mobili-Jeune est une aide \u00e0 la mobilit\u00e9 adress\u00e9e aux jeunes qui d\u00e9m\u00e9nagent pour des raisons scolaires ou professionnelles. Elle permet de prendre en charge une partie du loyer ou redevance pour les foyers ou r\u00e9sidences sociales pendant une formation en alternance. Alors, Mobili-Jeune d\u00e9m\u00e9nagement : comment en b\u00e9n\u00e9ficier ? [&hellip;]<\/p>\n","protected":false},"author":14,"featured_media":50941,"comment_status":"closed","ping_status":"open","sticky":false,"template":"","format":"standard","meta":{"amp_status":"","footnotes":""},"categories":[29,4163],"tags":[],"class_list":["post-50905","post","type-post","status-publish","format-standard","has-post-thumbnail","hentry","category-aide-mobilite","category-mobili-jeune"],"yoast_head":"<!-- This site is optimized with the Yoast SEO plugin v14.9 - https:\/\/yoast.com\/wordpress\/plugins\/seo\/ -->\n<title>Aide au d\u00e9m\u00e9nagement Mobili-Jeune | Mes-Allocs.fr<\/title>\n<meta name=\"description\" content=\"L&#039;aide Mobili-Jeune est une aide adress\u00e9e aux jeunes qui d\u00e9m\u00e9nagent pour des raisons scolaires ou professionnelles.\" \/>\n<meta name=\"robots\" content=\"index, follow, max-snippet:-1, max-image-preview:large, max-video-preview:-1\" \/>\n<link rel=\"canonical\" href=\"https:\/\/www.mes-allocs.fr\/guides\/aide-mobilite\/mobili-jeune\/demenagement-mobili-jeune\/\" \/>\n<meta property=\"og:locale\" content=\"fr_FR\" \/>\n<meta property=\"og:type\" content=\"article\" \/>\n<meta property=\"og:title\" content=\"Aide au d\u00e9m\u00e9nagement Mobili-Jeune | Mes-Allocs.fr\" \/>\n<meta property=\"og:description\" content=\"L&#039;aide Mobili-Jeune est une aide adress\u00e9e aux jeunes qui d\u00e9m\u00e9nagent pour des raisons scolaires ou professionnelles.\" \/>\n<meta property=\"og:url\" content=\"https:\/\/www.mes-allocs.fr\/guides\/aide-mobilite\/mobili-jeune\/demenagement-mobili-jeune\/\" \/>\n<meta property=\"og:site_name\" content=\"Mes-Allocs.fr\" \/>\n<meta property=\"article:published_time\" content=\"2022-06-07T16:10:29+00:00\" \/>\n<meta property=\"article:modified_time\" content=\"2026-01-29T16:34:57+00:00\" \/>\n<meta property=\"og:image\" content=\"https:\/\/www.mes-allocs.fr\/guides\/wp-content\/uploads\/2022\/05\/Aide-au-demenagement-Mobili-Jeune2.jpg?wsr\" \/>\n\t<meta property=\"og:image:width\" content=\"612\" \/>\n\t<meta property=\"og:image:height\" content=\"408\" \/>\n<meta name=\"twitter:card\" content=\"summary_large_image\" \/>\n<script type=\"application\/ld+json\" class=\"yoast-schema-graph\">{\"@context\":\"https:\/\/schema.org\",\"@graph\":[{\"@type\":\"WebSite\",\"@id\":\"https:\/\/www.mes-allocs.fr\/guides\/#website\",\"url\":\"https:\/\/www.mes-allocs.fr\/guides\/\",\"name\":\"Mes-Allocs.fr\",\"description\":\"\",\"potentialAction\":[{\"@type\":\"SearchAction\",\"target\":\"https:\/\/www.mes-allocs.fr\/guides\/?s={search_term_string}\",\"query-input\":\"required name=search_term_string\"}],\"inLanguage\":\"fr-FR\"},{\"@type\":\"ImageObject\",\"@id\":\"https:\/\/www.mes-allocs.fr\/guides\/aide-mobilite\/mobili-jeune\/demenagement-mobili-jeune\/#primaryimage\",\"inLanguage\":\"fr-FR\",\"url\":\"https:\/\/www.mes-allocs.fr\/guides\/wp-content\/uploads\/2022\/05\/Aide-au-demenagement-Mobili-Jeune2.jpg?wsr\",\"width\":612,\"height\":408,\"caption\":\"apl et pension invalidit\\u00e9\"},{\"@type\":\"WebPage\",\"@id\":\"https:\/\/www.mes-allocs.fr\/guides\/aide-mobilite\/mobili-jeune\/demenagement-mobili-jeune\/#webpage\",\"url\":\"https:\/\/www.mes-allocs.fr\/guides\/aide-mobilite\/mobili-jeune\/demenagement-mobili-jeune\/\",\"name\":\"Aide au d\\u00e9m\\u00e9nagement Mobili-Jeune | Mes-Allocs.fr\",\"isPartOf\":{\"@id\":\"https:\/\/www.mes-allocs.fr\/guides\/#website\"},\"primaryImageOfPage\":{\"@id\":\"https:\/\/www.mes-allocs.fr\/guides\/aide-mobilite\/mobili-jeune\/demenagement-mobili-jeune\/#primaryimage\"},\"datePublished\":\"2022-06-07T16:10:29+00:00\",\"dateModified\":\"2026-01-29T16:34:57+00:00\",\"author\":{\"@id\":\"https:\/\/www.mes-allocs.fr\/guides\/#\/schema\/person\/a3de97298fd0ffc005ebdd5628b03ca8\"},\"description\":\"L'aide Mobili-Jeune est une aide adress\\u00e9e aux jeunes qui d\\u00e9m\\u00e9nagent pour des raisons scolaires ou professionnelles.\",\"inLanguage\":\"fr-FR\"},{\"@type\":\"Person\",\"@id\":\"https:\/\/www.mes-allocs.fr\/guides\/#\/schema\/person\/a3de97298fd0ffc005ebdd5628b03ca8\",\"name\":\"Marina Ada Ondo\",\"image\":{\"@type\":\"ImageObject\",\"@id\":\"https:\/\/www.mes-allocs.fr\/guides\/#personlogo\",\"inLanguage\":\"fr-FR\",\"url\":\"https:\/\/www.mes-allocs.fr\/guides\/wp-content\/uploads\/2022\/02\/Photo-de-profil-150x150.png\",\"caption\":\"Marina Ada Ondo\"},\"description\":\"Marina est r\\u00e9dactrice au sein de l'\\u00e9quipe Mes Allocs, sp\\u00e9cialis\\u00e9e sur les aides aux jeunes. Dipl\\u00f4m\\u00e9e de l'ISFJ, elle rejoint Mes Allocs apr\\u00e8s une premi\\u00e8re exp\\u00e9rience en communication chez Little Africa, une agence de communication \\u00e0 Paris. Sur son temps libre, Marina lit beaucoup et passe ses dimanches au mus\\u00e9e.\",\"sameAs\":[\"https:\/\/www.linkedin.com\/in\/marinaadaondo\/\"]}]}<\/script>\n<!-- \/ Yoast SEO plugin. -->","amp_validity":null,"acf":{"faq":{"1":{"question":"Comment prolonger Mobili jeune ?","answer":"Mobili-jeune est vers\u00e9e durant la totalit\u00e9 de la p\u00e9riode de formation en alternance dans la limite de trois ans. Attention, l'aide n'est pas renouvelable.   "},"2":{"question":"Comment faire une nouvelle demande Mobili jeune ?","answer":"Le dossier se fait en ligne sur Action Logement. Une fois sur la page d'accueil, cliquez simplement sur \u00ab Testez mon \u00e9ligibilit\u00e9 et faire ma demande en ligne \u00bb. Au total, 8 questions vous seront pos\u00e9es. Vous devez y r\u00e9pondre puis cr\u00e9er votre compte via lequel il faut faire la demande. "},"3":{"question":"Quelle heure pour Mobili jeune ?","answer":"Vous devez effectuer votre demande entre 16h et 18h. "},"4":{"question":"Comment obtenir le coup de pouce de 1000 euros ?","answer":"Pour percevoir l'aide de 1 000 euros, un jeune \u00e9ligible au dispositif doit adresser une demande dans les trois mois au maximum apr\u00e8s la date d'effet de son bail ou de la convention d'occupation. La d\u00e9marche s'effectue en ligne sur le site d'Action Logement."},"5":{"question":"Comment contacter Action Logement aide Mobili jeune ?","answer":"Le groupe Action Logement (qui verse l'aide Mobili-Jeune) est joignable par t\u00e9l\u00e9phone au 0970 800 800 (du lundi au vendredi, de 9h \u00e0 18h30, num\u00e9ro non surtax\u00e9)."},"6":{"question":"Quel est le montant de l'aide Mobili jeune ?","answer":"Le montant peut varier de 10 \u20ac minimum par mois \u00e0 100 \u20ac maximum."},"7":{"question":"","answer":""},"8":{"question":"","answer":""},"9":{"question":"","answer":""},"10":{"question":"","answer":""},"11":{"question":"","answer":""},"12":{"question":"","answer":""},"13":{"question":"","answer":""},"14":{"question":"","answer":""},"15":{"question":"","answer":""},"16":{"question":"","answer":""}}},"_links":{"self":[{"href":"https:\/\/www.mes-allocs.fr\/guides\/wp-json\/wp\/v2\/posts\/50905","targetHints":{"allow":["GET"]}}],"collection":[{"href":"https:\/\/www.mes-allocs.fr\/guides\/wp-json\/wp\/v2\/posts"}],"about":[{"href":"https:\/\/www.mes-allocs.fr\/guides\/wp-json\/wp\/v2\/types\/post"}],"author":[{"embeddable":true,"href":"https:\/\/www.mes-allocs.fr\/guides\/wp-json\/wp\/v2\/users\/14"}],"replies":[{"embeddable":true,"href":"https:\/\/www.mes-allocs.fr\/guides\/wp-json\/wp\/v2\/comments?post=50905"}],"version-history":[{"count":15,"href":"https:\/\/www.mes-allocs.fr\/guides\/wp-json\/wp\/v2\/posts\/50905\/revisions"}],"predecessor-version":[{"id":108690,"href":"https:\/\/www.mes-allocs.fr\/guides\/wp-json\/wp\/v2\/posts\/50905\/revisions\/108690"}],"wp:featuredmedia":[{"embeddable":true,"href":"https:\/\/www.mes-allocs.fr\/guides\/wp-json\/wp\/v2\/media\/50941"}],"wp:attachment":[{"href":"https:\/\/www.mes-allocs.fr\/guides\/wp-json\/wp\/v2\/media?parent=50905"}],"wp:term":[{"taxonomy":"category","embeddable":true,"href":"https:\/\/www.mes-allocs.fr\/guides\/wp-json\/wp\/v2\/categories?post=50905"},{"taxonomy":"post_tag","embeddable":true,"href":"https:\/\/www.mes-allocs.fr\/guides\/wp-json\/wp\/v2\/tags?post=50905"}],"curies":[{"name":"wp","href":"https:\/\/api.w.org\/{rel}","templated":true}]}}