{"id":50900,"date":"2022-06-02T18:19:13","date_gmt":"2022-06-02T16:19:13","guid":{"rendered":"https:\/\/www.mes-allocs.fr\/guides\/?p=50900"},"modified":"2026-04-03T13:38:03","modified_gmt":"2026-04-03T12:38:03","slug":"formation-pour-adulte","status":"publish","type":"post","link":"https:\/\/www.mes-allocs.fr\/guides\/aide-formation\/formation-pour-adulte\/","title":{"rendered":"Tout savoir sur la formation pour adulte"},"content":{"rendered":"<p style=\"text-align: justify;\"><b><img loading=\"lazy\" decoding=\"async\" class=\"alignnone wp-image-51256 size-full\" title=\"Tout savoir sur la formation pour adulte\" src=\"https:\/\/www.mes-allocs.fr\/guides\/wp-content\/uploads\/2022\/05\/Tout-savoir-sur-la-formation-pour-adulte-scaled-e1654102524291.jpg\" alt=\"Tout savoir sur la formation pour adulte\" width=\"2560\" height=\"454\" srcset=\"https:\/\/www.mes-allocs.fr\/guides\/wp-content\/uploads\/2022\/05\/Tout-savoir-sur-la-formation-pour-adulte-scaled-e1654102524291.jpg 2560w, https:\/\/www.mes-allocs.fr\/guides\/wp-content\/uploads\/2022\/05\/Tout-savoir-sur-la-formation-pour-adulte-scaled-e1654102524291-300x53.jpg 300w, https:\/\/www.mes-allocs.fr\/guides\/wp-content\/uploads\/2022\/05\/Tout-savoir-sur-la-formation-pour-adulte-scaled-e1654102524291-1024x182.jpg 1024w, https:\/\/www.mes-allocs.fr\/guides\/wp-content\/uploads\/2022\/05\/Tout-savoir-sur-la-formation-pour-adulte-scaled-e1654102524291-768x136.jpg 768w, https:\/\/www.mes-allocs.fr\/guides\/wp-content\/uploads\/2022\/05\/Tout-savoir-sur-la-formation-pour-adulte-scaled-e1654102524291-1536x272.jpg 1536w, https:\/\/www.mes-allocs.fr\/guides\/wp-content\/uploads\/2022\/05\/Tout-savoir-sur-la-formation-pour-adulte-scaled-e1654102524291-2048x363.jpg 2048w, https:\/\/www.mes-allocs.fr\/guides\/wp-content\/uploads\/2022\/05\/Tout-savoir-sur-la-formation-pour-adulte-scaled-e1654102524291-600x106.jpg 600w\" sizes=\"auto, (max-width: 2560px) 100vw, 2560px\" \/><\/b>[Mis \u00e0 jour le 03\/04\/2026] <b>Vous avez exerc\u00e9 une activit\u00e9 professionnelle et vous avez besoin d\u2019acqu\u00e9rir de nouvelles comp\u00e9tences, d\u2019\u00e9voluer professionnellement ou de reconvertir professionnellement ? Il est possible de reprendre des \u00e9tudes ou d\u2019entamer une reconversion professionnelle par le biais de la <a href=\"https:\/\/www.mes-allocs.fr\/guides\/aide-formation\/\">formation<\/a> pour adultes. Mes Allocs vous explique tout sur la formation pour adulte ?<\/b><\/p>\n<p style=\"text-align: justify;\"><div class='cta-block'><div class='text'>Simulez toutes vos aides en 2 min.<\/div><a href='https:\/\/www.mes-allocs.fr\/ab-app?origin=guides\/wp-json\/wp\/v2\/posts\/50900' class='app-button fit'>Simulation gratuite<\/a><\/div><\/p>\n<h1 style=\"text-align: justify;\">C\u2019est quoi la formation pour adulte ?<\/h1>\n<p style=\"text-align: justify;\"><b>La formation pour adulte permet de se former tout au long d\u2019une carri\u00e8re professionnelle, afin de d\u00e9velopper des <a href=\"https:\/\/www.mes-allocs.fr\/guides\/aide-formation\/plan-de-developpement-des-competences\/construire-un-plan-de-developpement-des-competences\/\">comp\u00e9tences<\/a>, acc\u00e9der \u00e0 l\u2019emploi, se maintenir dans l\u2019emploi ou encore changer d\u2019emploi en engageant une reconversion professionnelle.<\/b> C\u2019est une formation qui est \u00e0 la disposition des salari\u00e9s, ind\u00e9pendants, chefs d\u2019entreprise ou <a href=\"https:\/\/www.mes-allocs.fr\/guides\/aide-formation\/financement-formation\/quel-financement-de-formation-pour-demandeur-demploi\/\">demandeurs d\u2019emploi.<\/a><\/p>\n<p style=\"text-align: justify;\"><b>La formation pour adulte permet de rester en ad\u00e9quation avec le march\u00e9 du travail. <\/b> En effet, ces derni\u00e8res ann\u00e9es, certains domaines (webmarketing, num\u00e9rique, sant\u00e9, etc.) ont connu une v\u00e9ritable ascension et les comp\u00e9tences acquises auparavant peuvent \u00eatre en partie obsol\u00e8tes. <b>En outre, suivre ce type de formation est \u00e9videmment destin\u00e9 aux personnes qui souhaitent entamer une nouvelle carri\u00e8re professionnelle afin de changer de m\u00e9tier. Elle permet \u00e0 un <a href=\"https:\/\/www.mes-allocs.fr\/guides\/aide-formation\/financement-formation\/financement-formation-salarie\/\">salari\u00e9<\/a> d\u2019obtenir une qualification suppl\u00e9mentaire dans son secteur d\u2019activit\u00e9 pour progresser dans la hi\u00e9rarchie de l\u2019entreprise.<\/b><\/p>\n<p style=\"text-align: justify;\"><b>Enfin, de nombreuses professions n\u00e9cessitent d\u2019avoir un dipl\u00f4me pour pouvoir se mettre \u00e0 son propre compte et donc cr\u00e9er son entreprise.<\/b><\/p>\n<h1 style=\"text-align: justify;\">Comment effectuer une formation pour adulte ?<\/h1>\n<p style=\"text-align: justify;\"><b>Avant d\u2019entamer une formation, vous devez faire le point pour d\u00e9finir pr\u00e9cis\u00e9ment vers quoi vous tourner pour votre avenir professionnel.<\/b> En effet, pendant votre carri\u00e8re, vous avez acquis des comp\u00e9tences, mais en cas de projet de reconversion, de nouvelles comp\u00e9tences doivent \u00eatre acquises. <b>Afin d\u2019y voir plus clair, il est recommand\u00e9 de faire un bilan de comp\u00e9tences afin de d\u00e9finir un projet professionnel coh\u00e9rent ou de valider un projet de formation.<\/b><\/p>\n<p style=\"text-align: justify;\">20 ans, 30 ans ou 40 ans, il n\u2019y a donc pas d\u2019\u00e2ge pour effectuer une formation. <b>Pour cela, il existe plusieurs solutions pour reprendre un parcours de formation une fois adulte.<\/b><\/p>\n<p><iframe loading=\"lazy\" title=\"Les aides \u00e0 la formation\" width=\"500\" height=\"281\" src=\"https:\/\/www.youtube.com\/embed\/gs3ZRHqtzmY?feature=oembed\" frameborder=\"0\" allow=\"accelerometer; autoplay; clipboard-write; encrypted-media; gyroscope; picture-in-picture; web-share\" referrerpolicy=\"strict-origin-when-cross-origin\" allowfullscreen><\/iframe><\/p>\n<h1 style=\"text-align: justify;\">La formation continue professionnelle<\/h1>\n<p style=\"text-align: justify;\">Il faut savoir que vous \u00eates dans le cadre de la formation continue. <b>Cette derni\u00e8re est un droit individuel inscrit qui permet de se former toute sa vie pour obtenir de nouvelles comp\u00e9tences, d\u2019\u00e9voluer ou de pr\u00e9parer sa reconversion professionnelle.<\/b><\/p>\n<p style=\"text-align: justify;\"><b>Oppos\u00e9e \u00e0 la formation initiale, elle s\u2019adresse aux adultes qui ont quitt\u00e9 le syst\u00e8me scolaire depuis plus de 2 ans.<\/b> Cette formation peut tout \u00e0 fait compl\u00e9ter une formation initiale termin\u00e9e par le pass\u00e9, ou bien diff\u00e9rer compl\u00e8tement de domaine dans le cadre d\u2019une reconversion professionnelle afin de permettre une meilleure adaptation au march\u00e9 du travail.<\/p>\n<h2 style=\"text-align: justify;\">Les modes de formations pour adulte<\/h2>\n<p style=\"text-align: justify;\">Lorsque vous envisagez d&rsquo;effectuer une formation, il est probable que vous soyez d\u00e9j\u00e0 en activit\u00e9 professionnelle.<b> Il est possible de reprendre vos \u00e9tudes en travaillant gr\u00e2ce aux diff\u00e9rentes solutions mises en place par les centres de formation.<\/b><\/p>\n<h3 style=\"text-align: justify;\">La formation \u00e0 distance<\/h3>\n<p style=\"text-align: justify;\">Contrairement \u00e0 la formation traditionnelle en pr\u00e9sentiel, la formation \u00e0 distance ne requiert pas la pr\u00e9sence physique d\u2019un professeur et ne s&rsquo;effectue pas dans le cadre d&rsquo;un \u00e9tablissement scolaire. <b>Elle est accessible partout, tout le temps et peut prendre la forme de cours\u00a0papiers, de plateformes de\u00a0formation, ou de MOOC.<\/b><\/p>\n<p style=\"text-align: justify;\"><b>C&rsquo;est une formule souvent privil\u00e9gi\u00e9e dans le cadre de la reconversion professionnelle, car elle permet de suivre des cours en parall\u00e8le d&rsquo;une activit\u00e9 professionnelle actuelle.<\/b><\/p>\n<h3 style=\"text-align: justify;\">Les cours du soir<\/h3>\n<p style=\"text-align: justify;\"><b>Les cours du soir permettent de concilier vie professionnelle, formation et vie familiale tout en gardant un contact direct avec les formateurs et les autres apprenants. <\/b>Ils sont dispens\u00e9s en dehors du temps de travail, quelques soirs dans la semaine et sont principalement r\u00e9serv\u00e9s aux formations techniques et qualifiantes.<\/p>\n<h3 style=\"text-align: justify;\">L&rsquo;alternance<\/h3>\n<p style=\"text-align: justify;\"><b>La formation en alternance donne la possibilit\u00e9 d&rsquo;obtenir de\u00a0l\u2019exp\u00e9rience professionnelle tout en conservant une r\u00e9mun\u00e9ration durant la formation. <\/b>Pour y pr\u00e9tendre, la formation doit \u00eatre dipl\u00f4mante ou qualifiante.<\/p>\n<p style=\"text-align: justify;\"><b>L&rsquo;alternance se d\u00e9cline sous forme de 2 contrats :<\/b><\/p>\n<ul>\n<li style=\"text-align: justify;\">Le contrat d&rsquo;apprentissage s&rsquo;adresse aux personnes \u00e2g\u00e9es entre 16 et 29 ans r\u00e9volus. Il est possible d&rsquo;en b\u00e9n\u00e9ficier jusqu&rsquo;\u00e0 34 ans r\u00e9volus lorsque l\u2019apprenti vise un dipl\u00f4me sup\u00e9rieur \u00e0 celui obtenu ou doit trouver un nouveau contrat d\u2019apprentissage \u00e0 la suite de la rupture du pr\u00e9c\u00e9dent contrat ind\u00e9pendant de son fait. Cette limite n&rsquo;est pas applicable aux apprentis reconnus travailleurs handicap\u00e9s ou aux personnes qui s\u2019inscrivent en formation pour pouvoir cr\u00e9er ou reprendre une entreprise.<\/li>\n<li style=\"text-align: justify;\">Le contrat de professionnalisation est destin\u00e9 aux jeunes \u00e2g\u00e9s de 16 \u00e0 25 ans, mais \u00e9galement aux demandeurs d&#8217;emploi de plus de 26 ans. Dans ce cas, le contrat est alors qualifi\u00e9 de contrat de professionnalisation pour les adultes.<\/li>\n<\/ul>\n<h3 style=\"text-align: justify;\">La Validation des Acquis de l&rsquo;Exp\u00e9rience (VAE)<\/h3>\n<p style=\"text-align: justify;\">La VAE est un dispositif pour tous les candidats afin de faire valider les acquis de l&rsquo;exp\u00e9rience pour obtenir une formation professionnelle. <b>Elle permet d&rsquo;acqu\u00e9rir totalement ou partiellement un dipl\u00f4me, un titre ou un certificat de qualification professionnelle inscrit au R\u00e9pertoire National des Certifications Professionnelles (RNCP).<\/b><\/p>\n<h1 style=\"text-align: justify;\">O\u00f9 s&rsquo;adresser pour reprendre une formation pour adulte ?<\/h1>\n<p style=\"text-align: justify;\"><b>Pour effectuer une formation en continue, vous pouvez vous adresser \u00e0 :<\/b><\/p>\n<ul>\n<li style=\"text-align: justify;\">Des universit\u00e9s : elles offrent des cursus pour adultes qui pr\u00e9parent une licence, un master, un doctorat, ou bien encore un Dipl\u00f4me Universitaire. Elles permettent m\u00eame de passer un dipl\u00f4me de niveau baccalaur\u00e9at<\/li>\n<li style=\"text-align: justify;\">Des Greta\u00a0: elles offrent la possibilit\u00e9 aux salari\u00e9s et demandeurs d\u2019emploi de suivre une formation professionnelle continue dans de nombreux domaines<\/li>\n<li style=\"text-align: justify;\">Des branches professionnelles : elles proposent \u00e9galement des formations con\u00e7ues sp\u00e9cifiquement pour les professionnels comme le Certificat de Qualification Professionnel (CQP), qui attestent de la ma\u00eetrise de comp\u00e9tences et de savoir-faire \u00e0 l\u2019exercice d\u2019un m\u00e9tier.<\/li>\n<li style=\"text-align: justify;\">Des \u00e9coles priv\u00e9es<\/li>\n<\/ul>\n<p style=\"text-align: justify;\"><b>Les programmes de ces formations sont courts et agr\u00e9ment\u00e9s parfois de stages permettant aux candidats d&rsquo;allier vie priv\u00e9e et vie professionnelle le temps de la formation.<\/b><\/p>\n<h1 style=\"text-align: justify;\">Quels financements et aides des formations pour adultes ?<\/h1>\n<p style=\"text-align: justify;\">Le financement peut \u00eatre un des obstacles \u00e0 la reprise d&rsquo;\u00e9tudes. <b>Pour vous faire aider, vous avez la possibilit\u00e9 de b\u00e9n\u00e9ficier de diff\u00e9rentes solutions de financement :<\/b><\/p>\n<ul>\n<li style=\"text-align: justify;\"><b>Le Compte Personnel de Formation (CPF)<\/b> : chaque ann\u00e9e, 500 euros sont cr\u00e9dit\u00e9s sur un compte (pour un travail \u00e0 temps plein) plafonn\u00e9 \u00e0 5 000 euros. Ce montant est de 800 euros pour un salari\u00e9 non qualifi\u00e9 (avec un plafond de 8 000 euros). Lorsque le CPF est insuffisant pour financer votre formation, il existe des possibilit\u00e9s d&rsquo;abondement. Attention, toutefois, une\u00a0<strong>participation financi\u00e8re de 150\u20ac (depuis le 2 avril 2026)<\/strong>\u00a0vous sera demand\u00e9e si vous souhaitez mobiliser votre CPF (sauf pour certains publics comme les demandeurs d\u2019emploi).<\/li>\n<li style=\"text-align: justify;\"><b>Le Projet de Transition Professionnelle (PTP)<\/b> : nomm\u00e9 aussi CPF de transition professionnelle, il\u00a0permet au salari\u00e9 de financer une action de formation pour se qualifier, \u00e9voluer ou se reconvertir et de s&rsquo;absenter de son poste afin de suivre celle-ci.<\/li>\n<li style=\"text-align: justify;\"><b>Pro &#8211; A (Reconversion ou promotion par l&rsquo;alternance)<\/b> : c&rsquo;est un dispositif qui permet de favoriser l&rsquo;\u00e9volution ou la promotion professionnelle et le maintien dans l\u2019emploi des salari\u00e9s. Il s&rsquo;inscrit en compl\u00e9ment du Plan De Comp\u00e9tences et\/ou du Compte Personnel de Formation<\/li>\n<li style=\"text-align: justify;\"><b>P\u00f4le Emploi et les collectivit\u00e9s territoriales<\/b> : en tant que demandeur d&#8217;emploi, il est possible de se renseigner aupr\u00e8s d&rsquo;un conseiller sur les aides dont vous pouvez b\u00e9n\u00e9ficier. Les R\u00e9gions, les Conseils d\u00e9partementaux ou encore certaines Mairies proposent \u00e9galement des aides financi\u00e8res.<\/li>\n<\/ul>\n<div class='cta-block'><div class='text'>Simulez toutes vos aides en 2 min.<\/div><a href='https:\/\/www.mes-allocs.fr\/ab-app?origin=guides\/wp-json\/wp\/v2\/posts\/50900' class='app-button fit'>Simulation gratuite<\/a><\/div>\n","protected":false},"excerpt":{"rendered":"<p>[Mis \u00e0 jour le 03\/04\/2026] Vous avez exerc\u00e9 une activit\u00e9 professionnelle et vous avez besoin d\u2019acqu\u00e9rir de nouvelles comp\u00e9tences, d\u2019\u00e9voluer professionnellement ou de reconvertir professionnellement ? Il est possible de reprendre des \u00e9tudes ou d\u2019entamer une reconversion professionnelle par le biais de la formation pour adultes. Mes Allocs vous explique tout sur la formation pour [&hellip;]<\/p>\n","protected":false},"author":14,"featured_media":51255,"comment_status":"closed","ping_status":"open","sticky":false,"template":"","format":"standard","meta":{"amp_status":"","footnotes":""},"categories":[2045],"tags":[],"class_list":["post-50900","post","type-post","status-publish","format-standard","has-post-thumbnail","hentry","category-aide-formation"],"yoast_head":"<!-- This site is optimized with the Yoast SEO plugin v14.9 - https:\/\/yoast.com\/wordpress\/plugins\/seo\/ -->\n<title>Tout savoir sur la formation pour adulte | Mes-Allocs.fr<\/title>\n<meta name=\"description\" content=\"Il est possible\u00a0de reprendre des \u00e9tudes et d\u00e9cider d\u2019entamer une reconversion professionnelle par le biais de la formation pour adulte.\" \/>\n<meta name=\"robots\" content=\"index, follow, max-snippet:-1, max-image-preview:large, max-video-preview:-1\" \/>\n<link rel=\"canonical\" href=\"https:\/\/www.mes-allocs.fr\/guides\/aide-formation\/formation-pour-adulte\/\" \/>\n<meta property=\"og:locale\" content=\"fr_FR\" \/>\n<meta property=\"og:type\" content=\"article\" \/>\n<meta property=\"og:title\" content=\"Tout savoir sur la formation pour adulte | Mes-Allocs.fr\" \/>\n<meta property=\"og:description\" content=\"Il est possible\u00a0de reprendre des \u00e9tudes et d\u00e9cider d\u2019entamer une reconversion professionnelle par le biais de la formation pour adulte.\" \/>\n<meta property=\"og:url\" content=\"https:\/\/www.mes-allocs.fr\/guides\/aide-formation\/formation-pour-adulte\/\" \/>\n<meta property=\"og:site_name\" content=\"Mes-Allocs.fr\" \/>\n<meta property=\"article:published_time\" content=\"2022-06-02T16:19:13+00:00\" \/>\n<meta property=\"article:modified_time\" content=\"2026-04-03T12:38:03+00:00\" \/>\n<meta property=\"og:image\" content=\"https:\/\/www.mes-allocs.fr\/guides\/wp-content\/uploads\/2022\/05\/Tout-savoir-sur-la-formation-pour-adulte3.jpg?wsr\" \/>\n\t<meta property=\"og:image:width\" content=\"612\" \/>\n\t<meta property=\"og:image:height\" content=\"408\" \/>\n<meta name=\"twitter:card\" content=\"summary_large_image\" \/>\n<script type=\"application\/ld+json\" class=\"yoast-schema-graph\">{\"@context\":\"https:\/\/schema.org\",\"@graph\":[{\"@type\":\"WebSite\",\"@id\":\"https:\/\/www.mes-allocs.fr\/guides\/#website\",\"url\":\"https:\/\/www.mes-allocs.fr\/guides\/\",\"name\":\"Mes-Allocs.fr\",\"description\":\"\",\"potentialAction\":[{\"@type\":\"SearchAction\",\"target\":\"https:\/\/www.mes-allocs.fr\/guides\/?s={search_term_string}\",\"query-input\":\"required name=search_term_string\"}],\"inLanguage\":\"fr-FR\"},{\"@type\":\"ImageObject\",\"@id\":\"https:\/\/www.mes-allocs.fr\/guides\/aide-formation\/formation-pour-adulte\/#primaryimage\",\"inLanguage\":\"fr-FR\",\"url\":\"https:\/\/www.mes-allocs.fr\/guides\/wp-content\/uploads\/2022\/05\/Tout-savoir-sur-la-formation-pour-adulte3.jpg?wsr\",\"width\":612,\"height\":408,\"caption\":\"Tout savoir sur la formation pour adulte\"},{\"@type\":\"WebPage\",\"@id\":\"https:\/\/www.mes-allocs.fr\/guides\/aide-formation\/formation-pour-adulte\/#webpage\",\"url\":\"https:\/\/www.mes-allocs.fr\/guides\/aide-formation\/formation-pour-adulte\/\",\"name\":\"Tout savoir sur la formation pour adulte | Mes-Allocs.fr\",\"isPartOf\":{\"@id\":\"https:\/\/www.mes-allocs.fr\/guides\/#website\"},\"primaryImageOfPage\":{\"@id\":\"https:\/\/www.mes-allocs.fr\/guides\/aide-formation\/formation-pour-adulte\/#primaryimage\"},\"datePublished\":\"2022-06-02T16:19:13+00:00\",\"dateModified\":\"2026-04-03T12:38:03+00:00\",\"author\":{\"@id\":\"https:\/\/www.mes-allocs.fr\/guides\/#\/schema\/person\/a3de97298fd0ffc005ebdd5628b03ca8\"},\"description\":\"Il est possible\\u00a0de reprendre des \\u00e9tudes et d\\u00e9cider d\\u2019entamer une reconversion professionnelle par le biais de la formation pour adulte.\",\"inLanguage\":\"fr-FR\"},{\"@type\":\"Person\",\"@id\":\"https:\/\/www.mes-allocs.fr\/guides\/#\/schema\/person\/a3de97298fd0ffc005ebdd5628b03ca8\",\"name\":\"Marina Ada Ondo\",\"image\":{\"@type\":\"ImageObject\",\"@id\":\"https:\/\/www.mes-allocs.fr\/guides\/#personlogo\",\"inLanguage\":\"fr-FR\",\"url\":\"https:\/\/www.mes-allocs.fr\/guides\/wp-content\/uploads\/2022\/02\/Photo-de-profil-150x150.png\",\"caption\":\"Marina Ada Ondo\"},\"description\":\"Marina est r\\u00e9dactrice au sein de l'\\u00e9quipe Mes Allocs, sp\\u00e9cialis\\u00e9e sur les aides aux jeunes. Dipl\\u00f4m\\u00e9e de l'ISFJ, elle rejoint Mes Allocs apr\\u00e8s une premi\\u00e8re exp\\u00e9rience en communication chez Little Africa, une agence de communication \\u00e0 Paris. Sur son temps libre, Marina lit beaucoup et passe ses dimanches au mus\\u00e9e.\",\"sameAs\":[\"https:\/\/www.linkedin.com\/in\/marinaadaondo\/\"]}]}<\/script>\n<!-- \/ Yoast SEO plugin. -->","amp_validity":null,"acf":{"faq":{"1":{"question":"Quel type de formation pour adulte ?","answer":"Les diff\u00e9rents types de formation pour adultes sont : \r\nUne formation dipl\u00f4mante ou qualifiante\r\nUn stage\r\nUne formation \u00e0 distance\r\nLa validation de vos comp\u00e9tences, VAE\r\nUne aide \u00e0 la reconversion professionnelle\r\nUn parcours de formation personnalis\u00e9e"},"2":{"question":"Quelles sont les formations les plus demand\u00e9es ?","answer":"Les formations les plus demand\u00e9es sont : \r\nLangues vivantes\r\nInformatique\r\nTransports\r\nD\u00e9veloppement des comp\u00e9tences\r\nS\u00e9curit\u00e9 des biens et des personnes\r\n\u00c9changes et gestion\r\nCommerce et vente\r\nFinance, banque, assurance"},"3":{"question":"Quels sont les secteurs qui recrutent le plus ?","answer":"Les secteurs sont en t\u00eate des secteurs qui recrutent le plus demeurent les services, le commerce, l'industrie, la construction, l'h\u00f4tellerie-restauration et l'agriculture. "},"4":{"question":"Quelles sont les \u00e9tudes les plus rentables ?","answer":"Pour aller au-del\u00e0 du niveau d'\u00e9tudes, deux formations en particulier se d\u00e9tachent des autres : les \u00e9coles de commerce et les \u00e9coles d'ing\u00e9nieurs, qui promettent respectivement un salaire annuel de 46 814 \u20ac et 48 802 \u20ac \u00e0 leurs dipl\u00f4m\u00e9s."},"5":{"question":"Quelles sont les \u00e9tudes les plus difficiles ?","answer":"Ce sont les \u00e9coles d'architecture qui sont les plus dures \u00e0 l'admission, mais aussi les \u00e9coles d'art, d'ing\u00e9nieurs, de commerce et d'autres formations diverses."},"6":{"question":"Comment se reconvertir sans perte de salaire ?","answer":"Pour profiter d'une reconversion professionnelle sans perte de salaire, 2 solutions sont envisageables : b\u00e9n\u00e9ficier d'aides et de dispositifs pour conserver sa r\u00e9mun\u00e9ration ou opter directement pour une formation r\u00e9mun\u00e9r\u00e9e."},"7":{"question":"","answer":""},"8":{"question":"","answer":""},"9":{"question":"","answer":""},"10":{"question":"","answer":""},"11":{"question":"","answer":""},"12":{"question":"","answer":""},"13":{"question":"","answer":""},"14":{"question":"","answer":""},"15":{"question":"","answer":""},"16":{"question":"","answer":""}}},"_links":{"self":[{"href":"https:\/\/www.mes-allocs.fr\/guides\/wp-json\/wp\/v2\/posts\/50900","targetHints":{"allow":["GET"]}}],"collection":[{"href":"https:\/\/www.mes-allocs.fr\/guides\/wp-json\/wp\/v2\/posts"}],"about":[{"href":"https:\/\/www.mes-allocs.fr\/guides\/wp-json\/wp\/v2\/types\/post"}],"author":[{"embeddable":true,"href":"https:\/\/www.mes-allocs.fr\/guides\/wp-json\/wp\/v2\/users\/14"}],"replies":[{"embeddable":true,"href":"https:\/\/www.mes-allocs.fr\/guides\/wp-json\/wp\/v2\/comments?post=50900"}],"version-history":[{"count":10,"href":"https:\/\/www.mes-allocs.fr\/guides\/wp-json\/wp\/v2\/posts\/50900\/revisions"}],"predecessor-version":[{"id":111503,"href":"https:\/\/www.mes-allocs.fr\/guides\/wp-json\/wp\/v2\/posts\/50900\/revisions\/111503"}],"wp:featuredmedia":[{"embeddable":true,"href":"https:\/\/www.mes-allocs.fr\/guides\/wp-json\/wp\/v2\/media\/51255"}],"wp:attachment":[{"href":"https:\/\/www.mes-allocs.fr\/guides\/wp-json\/wp\/v2\/media?parent=50900"}],"wp:term":[{"taxonomy":"category","embeddable":true,"href":"https:\/\/www.mes-allocs.fr\/guides\/wp-json\/wp\/v2\/categories?post=50900"},{"taxonomy":"post_tag","embeddable":true,"href":"https:\/\/www.mes-allocs.fr\/guides\/wp-json\/wp\/v2\/tags?post=50900"}],"curies":[{"name":"wp","href":"https:\/\/api.w.org\/{rel}","templated":true}]}}