{"id":50846,"date":"2022-10-27T18:49:32","date_gmt":"2022-10-27T16:49:32","guid":{"rendered":"https:\/\/www.mes-allocs.fr\/guides\/?p=50846"},"modified":"2026-04-03T10:41:09","modified_gmt":"2026-04-03T09:41:09","slug":"cpf-et-plan-de-developpement-des-competences","status":"publish","type":"post","link":"https:\/\/www.mes-allocs.fr\/guides\/aide-formation\/plan-de-developpement-des-competences\/cpf-et-plan-de-developpement-des-competences\/","title":{"rendered":"CPF et plan de d\u00e9veloppement des comp\u00e9tences"},"content":{"rendered":"<p style=\"text-align: justify;\"><b><img loading=\"lazy\" decoding=\"async\" class=\"alignnone wp-image-57068 size-full\" title=\"CPF et plan de developpement des competences\" src=\"https:\/\/www.mes-allocs.fr\/guides\/wp-content\/uploads\/2022\/10\/CPF-et-plan-de-developpement-des-competences-e1665587893922.jpeg\" alt=\"CPF et plan de developpement des competences\" width=\"1560\" height=\"269\" srcset=\"https:\/\/www.mes-allocs.fr\/guides\/wp-content\/uploads\/2022\/10\/CPF-et-plan-de-developpement-des-competences-e1665587893922.jpeg 1560w, https:\/\/www.mes-allocs.fr\/guides\/wp-content\/uploads\/2022\/10\/CPF-et-plan-de-developpement-des-competences-e1665587893922-300x52.jpeg 300w, https:\/\/www.mes-allocs.fr\/guides\/wp-content\/uploads\/2022\/10\/CPF-et-plan-de-developpement-des-competences-e1665587893922-1024x177.jpeg 1024w, https:\/\/www.mes-allocs.fr\/guides\/wp-content\/uploads\/2022\/10\/CPF-et-plan-de-developpement-des-competences-e1665587893922-768x132.jpeg 768w, https:\/\/www.mes-allocs.fr\/guides\/wp-content\/uploads\/2022\/10\/CPF-et-plan-de-developpement-des-competences-e1665587893922-1536x265.jpeg 1536w, https:\/\/www.mes-allocs.fr\/guides\/wp-content\/uploads\/2022\/10\/CPF-et-plan-de-developpement-des-competences-e1665587893922-600x103.jpeg 600w\" sizes=\"auto, (max-width: 1560px) 100vw, 1560px\" \/><\/b>[Mis \u00e0 jour le 03\/04\/2026] <b>Am\u00e9liorer les comp\u00e9tences des salari\u00e9s est l\u2019une des pr\u00e9occupations principales de la majorit\u00e9 des chefs d\u2019entreprise de tout secteur d\u2019activit\u00e9. Cependant, il peut \u00eatre\u00a0difficile de s&rsquo;y retrouver dans toutes les <a href=\"https:\/\/www.mes-allocs.fr\/guides\/aide-formation\/\">aides \u00e0 la formation<\/a>. Alors, comment cumuler CPF et plan de d\u00e9veloppement des comp\u00e9tences ?<\/b><\/p>\n<div class='cta-block'><div class='text'>Simulez toutes vos aides en 2 min.<\/div><a href='https:\/\/www.mes-allocs.fr\/ab-app?origin=guides\/wp-json\/wp\/v2\/posts\/50846' class='app-button fit'>Simulation gratuite<\/a><\/div>\n<h1 style=\"text-align: justify;\">C&rsquo;est quoi le CPF ?<\/h1>\n<p style=\"text-align: justify;\">Le Compte Personnel de Formation (CPF) est un compte que poss\u00e8de chaque salari\u00e9. <b>Il est accessible tout au long de la carri\u00e8re professionnelle, et m\u00eame durant une p\u00e9riode de <a href=\"https:\/\/www.mes-allocs.fr\/guides\/chomage\/calculer-chomage\/calcul-points-retraite-complementaire-chomage\/\">ch\u00f4mage<\/a> afin de b\u00e9n\u00e9ficier d\u2019une formation qualifiante ou certifiante.<\/b><\/p>\n<p style=\"text-align: justify;\"><b>Chaque ann\u00e9e, vous cumulez des droits que vous pouvez mobiliser au cours de votre vie professionnelle.<\/b> Le <a href=\"https:\/\/www.mes-allocs.fr\/guides\/aide-formation\/application-cpf\/\">CPF<\/a> a remplac\u00e9 le dispositif du Droit Individuel \u00e0 la Formation (DIF). Ainsi, si auparavant le compte \u00e9tait cr\u00e9dit\u00e9 en heure de formation qui pouvait \u00eatre utilis\u00e9es aupr\u00e8s de diff\u00e9rents organismes par le b\u00e9n\u00e9ficiaire, d\u00e9sormais le compte est cr\u00e9dit\u00e9 en euros.<\/p>\n<p>Attention, toutefois, une\u00a0<strong>participation financi\u00e8re de 150\u20ac<\/strong> vous sera demand\u00e9e d\u00e8s le 2 avril 2026 si vous souhaitez mobiliser votre CPF (sauf pour certains publics comme les demandeurs d\u2019emploi).<\/p>\n<h1 style=\"text-align: justify;\">Que signifie le plan de d\u00e9veloppement des comp\u00e9tences ?<\/h1>\n<p>&nbsp;<\/p>\n<p style=\"text-align: justify;\"><b>Depuis le 1er janvier 2019, le <a href=\"https:\/\/www.mes-allocs.fr\/guides\/aide-formation\/construire-un-plan-de-developpement-des-competences\/\">plan de d\u00e9veloppement des comp\u00e9tences<\/a> est un plan de formation destin\u00e9 aux salari\u00e9s ayant lieu sur le temps de travail et visant l\u2019acquisition de comp\u00e9tences.<\/b> La mise en place du PDC peut r\u00e9pondre aux obligations de formation professionnelle de l\u2019employeur. Ces actions de formation obligatoires sont : l&rsquo;obligation d&rsquo;adaptation au poste de travail, l&rsquo;obligation au maintien dans l\u2019emploi des salari\u00e9s ou encore l&rsquo;obligation li\u00e9e \u00e0 la convention internationale ou la branche professionnelle.<\/p>\n<p style=\"text-align: justify;\">Les formations non-obligatoires et autres actions de formation peuvent aussi figurer sur le plan de d\u00e9veloppement des comp\u00e9tences comme les actions li\u00e9es \u00e0 un bilan de comp\u00e9tences, \u00e0 une validation des acquis de l\u2019exp\u00e9rience ou encore des formations qui participent \u00e0 la lutte contre l\u2019illettrisme.<\/p>\n<p style=\"text-align: justify;\"><b>Toutes les entreprises peuvent mettre en place un plan de d\u00e9veloppement des comp\u00e9tences pour former leurs salari\u00e9s. Si le Code du travail ne l\u2019impose pas, la d\u00e9marche est fortement recommand\u00e9e. <\/b>En revanche, l\u2019article L.2312-24 du Code du travail impose la consultation du CSE pour la d\u00e9finition du PDC. Les repr\u00e9sentants du personnel donnent leur avis quant aux orientations envisag\u00e9es.<\/p>\n<p style=\"text-align: justify;\"><b>Le PDC est pris en charge par les OPCO.<\/b> Seules les entreprises de moins de 50 salari\u00e9s b\u00e9n\u00e9ficient de ce financement. Les entreprises de plus de 50 salari\u00e9s doivent financer leur PDC par d\u2019autres moyens.<\/p>\n<h1 style=\"text-align: justify;\">Le CPF et le plan de d\u00e9veloppement des comp\u00e9tences<\/h1>\n<p style=\"text-align: justify;\"><b>La formation de vos salari\u00e9s peut donc s\u2019effectuer dans le cadre de ce plan de d\u00e9veloppement des comp\u00e9tences, mais le salari\u00e9 peut aussi demander \u00e0 suivre une formation.<\/b> Il est notamment possible de faire part de ce besoin lors de\u00a0l\u2019entretien professionnel obligatoire qui doit avoir lieu tous les deux ans.<\/p>\n<p style=\"text-align: justify;\"><b>\u00c0 savoir que l\u2019employeur peut proposer \u00e0 ses salari\u00e9s de mobiliser leur droit au Compte Personnel de Formation pour suivre une action qui a \u00e9t\u00e9 d\u00e9finie dans le cadre du plan de d\u00e9veloppement des comp\u00e9tences de l&rsquo;entreprise.<\/b> La mobilisation permet de financer tout ou une partie\u00a0<span class=\"_2PHJq public-DraftStyleDefault-ltr\">de l&rsquo;action de formation choisie.<\/span><\/p>\n<p style=\"text-align: justify;\"><b>L\u2019int\u00e9gration du CPF est une option \u00e0 int\u00e9grer dans sa strat\u00e9gie formation, dans la mesure o\u00f9 elle compl\u00e8te le temps consacr\u00e9 \u00e0 une formation financ\u00e9e \u00e0 travers le plan de d\u00e9veloppement des comp\u00e9tences. <\/b>Ainsi, pour le salari\u00e9 et l\u2019entreprise, c\u2019est la possibilit\u00e9 de r\u00e9aliser une formation de plus longue dur\u00e9e et d\u2019en augmenter le niveau de pertinence.<\/p>\n<p style=\"text-align: justify;\"><b>Pour ce faire, deux conditions doivent \u00eatre respect\u00e9es :<\/b><\/p>\n<ul>\n<li style=\"text-align: justify;\">Les cr\u00e9dits du CPF ne pourront \u00eatre utilis\u00e9s en entreprise que pour financer une formation obligatoire ou qui a pour objectif de maintenir le salari\u00e9 \u00e0 son poste ;<\/li>\n<li style=\"text-align: justify;\">L\u2019utilisation des cr\u00e9dits disponibles sur le compte personnel de formation intervient seulement et uniquement avec l\u2019accord du salari\u00e9 titulaire.<\/li>\n<\/ul>\n<p style=\"text-align: justify;\"><b>Dans le dernier cas de figure, c&rsquo;est le salari\u00e9 qui d\u00e9cide ou non de mettre \u00e0 profit son Compte Personnel de Formation pour financer la mont\u00e9e en comp\u00e9tences vis\u00e9e durant son parcours professionnel.<\/b><\/p>\n<p><iframe loading=\"lazy\" title=\"Les aides \u00e0 la formation\" width=\"500\" height=\"281\" src=\"https:\/\/www.youtube.com\/embed\/gs3ZRHqtzmY?feature=oembed\" frameborder=\"0\" allow=\"accelerometer; autoplay; clipboard-write; encrypted-media; gyroscope; picture-in-picture; web-share\" referrerpolicy=\"strict-origin-when-cross-origin\" allowfullscreen><\/iframe><\/p>\n<h1 style=\"text-align: justify;\">La sensibilisation des salari\u00e9s au CPF<\/h1>\n<p style=\"text-align: justify;\"><b>Le Compte Personnel de Formation permet aux salari\u00e9s de prendre la main sur leur projet professionnel et d&rsquo;\u00eatre acteur de leur formation. <\/b>En outre, l&rsquo;entreprise est pr\u00e9sente durant cette phase pour accompagner et conseiller ses salari\u00e9s dans leur d\u00e9marche. Elle contribue \u00e0 financer les formations qui sont compatibles avec le plan de d\u00e9veloppement des comp\u00e9tences tel que d\u00e9fini en interne.<\/p>\n<p style=\"text-align: justify;\">Ainsi, en plus de mobiliser le CPF, l&rsquo;entreprise peut proposer un abondement pour compl\u00e9ter les droits insuffisants du CPF d&rsquo;un salari\u00e9.\u00a0<span class=\"_2PHJq public-DraftStyleDefault-ltr\">La mise en place d&rsquo;une telle action peut se d\u00e9cider au cours de l\u2019entretien individuel professionnel.<\/span><\/p>\n<h1 style=\"text-align: justify;\" data-hook=\"rcv-block34\">Qu&rsquo;est-ce que l&rsquo;entretien individuel professionnel ?<\/h1>\n<p>&nbsp;<\/p>\n<p style=\"text-align: justify;\"><b>Il s&rsquo;agit d&rsquo;un entretien qui permet de mettre en place un plan de gestion du parcours professionnel de chaque salari\u00e9 de l&rsquo;entreprise sur une p\u00e9riode de 6 ans \u00e0 raison d&rsquo;un entretien qui a lieu tous les 2 ans.\u00a0<\/b>Durant cette p\u00e9riode, vous devez avoir suivi au moins une formation non-obligatoire. En cas de non-respect de ces obligations, l&rsquo;entreprise doit verser un abondement correctif de 3 000 euros qui sera ajout\u00e9 au compte CPF de son salari\u00e9.<\/p>\n<h2 style=\"text-align: justify;\">L&rsquo;identification des besoins en comp\u00e9tences<\/h2>\n<p id=\"viewer-4731u\" class=\"mm8Nw _1j-51 iWv3d _1FoOD _3M0Fe aujbK iWv3d public-DraftStyleDefault-block-depth0 fixed-tab-size public-DraftStyleDefault-text-ltr\" style=\"text-align: justify;\"><span class=\"_2PHJq public-DraftStyleDefault-ltr\"><b>D\u00e9terminer les besoins en comp\u00e9tences pour chaque poste de travail est une d\u00e9marche utile dans la mesure o\u00f9 elle permet de cibler une action de formation pertinente pour le salari\u00e9 comme pour l&rsquo;entreprise.<\/b>\u00a0<\/span><span class=\"_2PHJq public-DraftStyleDefault-ltr\">Cette pr\u00e9caution permet \u00e9galement une bonne gestion de la mobilit\u00e9 au sein de l&rsquo;entreprise en accompagnant l&rsquo;\u00e9volution de vos collaborateurs de mani\u00e8re efficace.<\/span><\/p>\n<h2 id=\"viewer-3a4m\" class=\"_3qMKZ _1j-51 _1FoOD _3M0Fe aujbK iWv3d public-DraftStyleDefault-block-depth0 fixed-tab-size public-DraftStyleDefault-text-ltr\" style=\"text-align: justify;\"><span class=\"_2PHJq public-DraftStyleDefault-ltr\">Proposition de formations certifi\u00e9es<\/span><\/h2>\n<p id=\"viewer-bj6fd\" class=\"mm8Nw _1j-51 iWv3d _1FoOD _3M0Fe aujbK iWv3d public-DraftStyleDefault-block-depth0 fixed-tab-size public-DraftStyleDefault-text-ltr\" style=\"text-align: justify;\"><span class=\"_2PHJq public-DraftStyleDefault-ltr\"><b>Les formations \u00e9ligibles au CPF doivent d\u00e9sormais \u00eatre certifi\u00e9es comme telles. <\/b>Elles doivent pour cela r\u00e9pondre aux besoins de progression du salari\u00e9 au terme de la p\u00e9riode de formation. L\u2019ensemble des formations inscrites au RNCP et CNCP sont \u00e9ligibles au CPF et donc qualifiantes.<\/span><\/p>\n<div id=\"viewer-8frq6\" class=\"mm8Nw _1j-51 iWv3d _1FoOD _3M0Fe aujbK iWv3d public-DraftStyleDefault-block-depth0 fixed-tab-size public-DraftStyleDefault-text-ltr\"><div class='cta-block'><div class='text'>Simulez toutes vos aides en 2 min.<\/div><a href='https:\/\/www.mes-allocs.fr\/ab-app?origin=guides\/wp-json\/wp\/v2\/posts\/50846' class='app-button fit'>Simulation gratuite<\/a><\/div><\/div>\n","protected":false},"excerpt":{"rendered":"<p>[Mis \u00e0 jour le 03\/04\/2026] Am\u00e9liorer les comp\u00e9tences des salari\u00e9s est l\u2019une des pr\u00e9occupations principales de la majorit\u00e9 des chefs d\u2019entreprise de tout secteur d\u2019activit\u00e9. Cependant, il peut \u00eatre\u00a0difficile de s&rsquo;y retrouver dans toutes les aides \u00e0 la formation. Alors, comment cumuler CPF et plan de d\u00e9veloppement des comp\u00e9tences ? C&rsquo;est quoi le CPF ? [&hellip;]<\/p>\n","protected":false},"author":14,"featured_media":57066,"comment_status":"open","ping_status":"open","sticky":false,"template":"","format":"standard","meta":{"amp_status":"","footnotes":""},"categories":[2045,19753],"tags":[],"class_list":["post-50846","post","type-post","status-publish","format-standard","has-post-thumbnail","hentry","category-aide-formation","category-plan-de-developpement-des-competences"],"yoast_head":"<!-- This site is optimized with the Yoast SEO plugin v14.9 - https:\/\/yoast.com\/wordpress\/plugins\/seo\/ -->\n<title>CPF et plan de d\u00e9veloppement des comp\u00e9tences | Mes-Allocs.fr<\/title>\n<meta name=\"description\" content=\"Am\u00e9liorer les comp\u00e9tences des salari\u00e9s est l\u2019une des pr\u00e9occupations de la majorit\u00e9 des chefs d\u2019entreprise de tous secteurs d\u2019activit\u00e9.\" \/>\n<meta name=\"robots\" content=\"index, follow, max-snippet:-1, max-image-preview:large, max-video-preview:-1\" \/>\n<link rel=\"canonical\" href=\"https:\/\/www.mes-allocs.fr\/guides\/aide-formation\/plan-de-developpement-des-competences\/cpf-et-plan-de-developpement-des-competences\/\" \/>\n<meta property=\"og:locale\" content=\"fr_FR\" \/>\n<meta property=\"og:type\" content=\"article\" \/>\n<meta property=\"og:title\" content=\"CPF et plan de d\u00e9veloppement des comp\u00e9tences | Mes-Allocs.fr\" \/>\n<meta property=\"og:description\" content=\"Am\u00e9liorer les comp\u00e9tences des salari\u00e9s est l\u2019une des pr\u00e9occupations de la majorit\u00e9 des chefs d\u2019entreprise de tous secteurs d\u2019activit\u00e9.\" \/>\n<meta property=\"og:url\" content=\"https:\/\/www.mes-allocs.fr\/guides\/aide-formation\/plan-de-developpement-des-competences\/cpf-et-plan-de-developpement-des-competences\/\" \/>\n<meta property=\"og:site_name\" content=\"Mes-Allocs.fr\" \/>\n<meta property=\"article:published_time\" content=\"2022-10-27T16:49:32+00:00\" \/>\n<meta property=\"article:modified_time\" content=\"2026-04-03T09:41:09+00:00\" \/>\n<meta property=\"og:image\" content=\"https:\/\/www.mes-allocs.fr\/guides\/wp-content\/uploads\/2022\/10\/CPF-et-plan-de-developpement-des-competences-2.jpeg?wsr\" \/>\n\t<meta property=\"og:image:width\" content=\"612\" \/>\n\t<meta property=\"og:image:height\" content=\"408\" \/>\n<meta name=\"twitter:card\" content=\"summary_large_image\" \/>\n<script type=\"application\/ld+json\" class=\"yoast-schema-graph\">{\"@context\":\"https:\/\/schema.org\",\"@graph\":[{\"@type\":\"WebSite\",\"@id\":\"https:\/\/www.mes-allocs.fr\/guides\/#website\",\"url\":\"https:\/\/www.mes-allocs.fr\/guides\/\",\"name\":\"Mes-Allocs.fr\",\"description\":\"\",\"potentialAction\":[{\"@type\":\"SearchAction\",\"target\":\"https:\/\/www.mes-allocs.fr\/guides\/?s={search_term_string}\",\"query-input\":\"required name=search_term_string\"}],\"inLanguage\":\"fr-FR\"},{\"@type\":\"ImageObject\",\"@id\":\"https:\/\/www.mes-allocs.fr\/guides\/aide-formation\/plan-de-developpement-des-competences\/cpf-et-plan-de-developpement-des-competences\/#primaryimage\",\"inLanguage\":\"fr-FR\",\"url\":\"https:\/\/www.mes-allocs.fr\/guides\/wp-content\/uploads\/2022\/10\/CPF-et-plan-de-developpement-des-competences-2.jpeg?wsr\",\"width\":612,\"height\":408,\"caption\":\"CPF et plan de developpement des competences\"},{\"@type\":\"WebPage\",\"@id\":\"https:\/\/www.mes-allocs.fr\/guides\/aide-formation\/plan-de-developpement-des-competences\/cpf-et-plan-de-developpement-des-competences\/#webpage\",\"url\":\"https:\/\/www.mes-allocs.fr\/guides\/aide-formation\/plan-de-developpement-des-competences\/cpf-et-plan-de-developpement-des-competences\/\",\"name\":\"CPF et plan de d\\u00e9veloppement des comp\\u00e9tences | Mes-Allocs.fr\",\"isPartOf\":{\"@id\":\"https:\/\/www.mes-allocs.fr\/guides\/#website\"},\"primaryImageOfPage\":{\"@id\":\"https:\/\/www.mes-allocs.fr\/guides\/aide-formation\/plan-de-developpement-des-competences\/cpf-et-plan-de-developpement-des-competences\/#primaryimage\"},\"datePublished\":\"2022-10-27T16:49:32+00:00\",\"dateModified\":\"2026-04-03T09:41:09+00:00\",\"author\":{\"@id\":\"https:\/\/www.mes-allocs.fr\/guides\/#\/schema\/person\/a3de97298fd0ffc005ebdd5628b03ca8\"},\"description\":\"Am\\u00e9liorer les comp\\u00e9tences des salari\\u00e9s est l\\u2019une des pr\\u00e9occupations de la majorit\\u00e9 des chefs d\\u2019entreprise de tous secteurs d\\u2019activit\\u00e9.\",\"inLanguage\":\"fr-FR\"},{\"@type\":\"Person\",\"@id\":\"https:\/\/www.mes-allocs.fr\/guides\/#\/schema\/person\/a3de97298fd0ffc005ebdd5628b03ca8\",\"name\":\"Marina Ada Ondo\",\"image\":{\"@type\":\"ImageObject\",\"@id\":\"https:\/\/www.mes-allocs.fr\/guides\/#personlogo\",\"inLanguage\":\"fr-FR\",\"url\":\"https:\/\/www.mes-allocs.fr\/guides\/wp-content\/uploads\/2022\/02\/Photo-de-profil-150x150.png\",\"caption\":\"Marina Ada Ondo\"},\"description\":\"Marina est r\\u00e9dactrice au sein de l'\\u00e9quipe Mes Allocs, sp\\u00e9cialis\\u00e9e sur les aides aux jeunes. Dipl\\u00f4m\\u00e9e de l'ISFJ, elle rejoint Mes Allocs apr\\u00e8s une premi\\u00e8re exp\\u00e9rience en communication chez Little Africa, une agence de communication \\u00e0 Paris. Sur son temps libre, Marina lit beaucoup et passe ses dimanches au mus\\u00e9e.\",\"sameAs\":[\"https:\/\/www.linkedin.com\/in\/marinaadaondo\/\"]}]}<\/script>\n<!-- \/ Yoast SEO plugin. -->","amp_validity":null,"acf":{"faq":{"1":{"question":"C'est quoi le plan de d\u00e9veloppement des comp\u00e9tences ?","answer":"Le plan de d\u00e9veloppement des comp\u00e9tences (ex-plan de formation) est un document qui rassemble l'ensemble des actions de formation retenues par l'employeur pour ses salari\u00e9s. "},"2":{"question":"Quelles est la diff\u00e9rence entre le plan de formation et le plan de d\u00e9veloppement des comp\u00e9tences ?","answer":"Depuis le 1er janvier 2019, le plan de formation est remplac\u00e9 par le plan de d\u00e9veloppement des comp\u00e9tences. En accord avec l'esprit de la r\u00e9forme, l'objectif est de passer d'un plan qui exposait un programme de formations \u00e0 effectuer, \u00e0 un plan qui d\u00e9crit l'ensemble des comp\u00e9tences \u00e0 acqu\u00e9rir par l'entreprise."},"3":{"question":"Comment cumuler des droits CPF ?","answer":"Le plafond des sommes cumulables pour le droit \u00e0 la formation a \u00e9t\u00e9 fix\u00e9 \u00e0 5 000 \u20ac. Les salari\u00e9s non qualifi\u00e9s seront pour leur part cr\u00e9dit\u00e9s de 800 \u20ac chaque ann\u00e9e dans la limite de 8 000 \u20ac."},"4":{"question":"Quels sont les objectifs d'un plan de d\u00e9veloppement des comp\u00e9tences ?","answer":"L'objectif du plan de d\u00e9veloppement des comp\u00e9tences est d'assurer l'adaptation de vos salari\u00e9s \u00e0 leur poste de travail et veiller au maintien de leur capacit\u00e9 \u00e0 occuper leur emploi, notamment lorsqu'ils sont confront\u00e9s \u00e0 des \u00e9volutions \u00e9conomiques, juridiques, technologiques, environnementales, organisationnelles."},"5":{"question":"Comment fonctionne le plan de formation ?","answer":"Le plan de formation rassemble toutes les actions de formation mises en place au sein de l'entreprise afin d'am\u00e9liorer l'adaptation du salari\u00e9 aux \u00e9volutions de son poste de travail et de l'aider \u00e0 d\u00e9velopper ses propres comp\u00e9tences."},"6":{"question":"Qui finance le plan de d\u00e9veloppement des comp\u00e9tences ?","answer":"Depuis le 1er janvier 2019, seules les entreprises de moins de 50 salari\u00e9s peuvent b\u00e9n\u00e9ficier d'un financement de leur plan par les op\u00e9rateurs de comp\u00e9tences (OPCO). Pour le salari\u00e9, le suivi de la formation inscrite dans le plan de d\u00e9veloppement des comp\u00e9tences correspond \u00e0 l'ex\u00e9cution d'une mission professionnelle."},"7":{"question":"","answer":""},"8":{"question":"","answer":""},"9":{"question":"","answer":""},"10":{"question":"","answer":""},"11":{"question":"","answer":""},"12":{"question":"","answer":""},"13":{"question":"","answer":""},"14":{"question":"","answer":""},"15":{"question":"","answer":""},"16":{"question":"","answer":""}}},"_links":{"self":[{"href":"https:\/\/www.mes-allocs.fr\/guides\/wp-json\/wp\/v2\/posts\/50846","targetHints":{"allow":["GET"]}}],"collection":[{"href":"https:\/\/www.mes-allocs.fr\/guides\/wp-json\/wp\/v2\/posts"}],"about":[{"href":"https:\/\/www.mes-allocs.fr\/guides\/wp-json\/wp\/v2\/types\/post"}],"author":[{"embeddable":true,"href":"https:\/\/www.mes-allocs.fr\/guides\/wp-json\/wp\/v2\/users\/14"}],"replies":[{"embeddable":true,"href":"https:\/\/www.mes-allocs.fr\/guides\/wp-json\/wp\/v2\/comments?post=50846"}],"version-history":[{"count":10,"href":"https:\/\/www.mes-allocs.fr\/guides\/wp-json\/wp\/v2\/posts\/50846\/revisions"}],"predecessor-version":[{"id":111473,"href":"https:\/\/www.mes-allocs.fr\/guides\/wp-json\/wp\/v2\/posts\/50846\/revisions\/111473"}],"wp:featuredmedia":[{"embeddable":true,"href":"https:\/\/www.mes-allocs.fr\/guides\/wp-json\/wp\/v2\/media\/57066"}],"wp:attachment":[{"href":"https:\/\/www.mes-allocs.fr\/guides\/wp-json\/wp\/v2\/media?parent=50846"}],"wp:term":[{"taxonomy":"category","embeddable":true,"href":"https:\/\/www.mes-allocs.fr\/guides\/wp-json\/wp\/v2\/categories?post=50846"},{"taxonomy":"post_tag","embeddable":true,"href":"https:\/\/www.mes-allocs.fr\/guides\/wp-json\/wp\/v2\/tags?post=50846"}],"curies":[{"name":"wp","href":"https:\/\/api.w.org\/{rel}","templated":true}]}}