{"id":50838,"date":"2022-05-27T09:49:06","date_gmt":"2022-05-27T07:49:06","guid":{"rendered":"https:\/\/www.mes-allocs.fr\/guides\/?p=50838"},"modified":"2025-07-16T10:49:43","modified_gmt":"2025-07-16T08:49:43","slug":"mission-locale-financement-formation","status":"publish","type":"post","link":"https:\/\/www.mes-allocs.fr\/guides\/aide-formation\/financement-formation\/mission-locale-financement-formation\/","title":{"rendered":"Comment obtenir le financement d&rsquo;une formation par la Mission Locale ?"},"content":{"rendered":"<p><img loading=\"lazy\" decoding=\"async\" class=\"alignnone wp-image-50952 size-full\" title=\"Financement de formation de la mission locale\" src=\"https:\/\/www.mes-allocs.fr\/guides\/wp-content\/uploads\/2022\/05\/Financement-de-formation-de-la-mission-locale-e1653495099911.jpg\" alt=\"Financement de formation de la mission locale\" width=\"1000\" height=\"157\" srcset=\"https:\/\/www.mes-allocs.fr\/guides\/wp-content\/uploads\/2022\/05\/Financement-de-formation-de-la-mission-locale-e1653495099911.jpg 1000w, https:\/\/www.mes-allocs.fr\/guides\/wp-content\/uploads\/2022\/05\/Financement-de-formation-de-la-mission-locale-e1653495099911-300x47.jpg 300w, https:\/\/www.mes-allocs.fr\/guides\/wp-content\/uploads\/2022\/05\/Financement-de-formation-de-la-mission-locale-e1653495099911-768x121.jpg 768w, https:\/\/www.mes-allocs.fr\/guides\/wp-content\/uploads\/2022\/05\/Financement-de-formation-de-la-mission-locale-e1653495099911-600x94.jpg 600w\" sizes=\"auto, (max-width: 1000px) 100vw, 1000px\" \/><\/p>\n<p style=\"text-align: justify;\">Vous avez entendu parler de la Mission Locale et vous vous demandez si elle peut financer une formation ? Il existe diff\u00e9rents organismes, dont les Missions Locales, qui permettent d&rsquo;obtenir des <a href=\"https:\/\/www.mes-allocs.fr\/guides\/aide-formation\/\">aides \u00e0 la formation<\/a> professionnelle. Mes Allocs vous explique tout sur le <strong>financement de la formation par la Mission Locale<\/strong>.<\/p>\n<div class='cta-block'><div class='text'>Simulez toutes vos aides en 2 min.<\/div><a href='https:\/\/www.mes-allocs.fr\/ab-app?origin=guides\/wp-json\/wp\/v2\/posts\/50838' class='app-button fit'>Simulation gratuite<\/a><\/div>\n<h1 style=\"text-align: justify;\">C&rsquo;est quoi une Mission Locale ?<\/h1>\n<p style=\"text-align: justify;\"><b>Les <a href=\"https:\/\/www.mes-allocs.fr\/guides\/aides-sociales\/mission-locale-aide-financiere\/\">Missions Locales<\/a> ont \u00e9t\u00e9 cr\u00e9\u00e9es afin d&rsquo;aider \u00e0 l&rsquo;insertion professionnelle et sociale des jeunes\u00a0de 16 ans \u00e0 25 ans.<\/b> Elles sont rattach\u00e9es aux municipalit\u00e9s dans lesquelles elles sont implant\u00e9es. En outre, elles assurent une mission de service public de l&#8217;emploi. En effet, afin de r\u00e9aliser leurs objectifs, elles se servent des moyens mis \u00e0 disposition par l\u2019\u00c9tat et les Collectivit\u00e9s Territoriales.<\/p>\n<p style=\"text-align: justify;\">Les diff\u00e9rentes actions des Missions Locales sont destin\u00e9es en priorit\u00e9 aux jeunes qui ont quitt\u00e9 l\u2019\u00e9cole sans dipl\u00f4me et qui se retrouvent sans emploi. Les jeunes demandeurs d&#8217;emploi qui se pr\u00e9sentent \u00e0 la Mission Locale peuvent y trouver un soutien et un accompagnement. Par exemple dans le cadre d\u2019une orientation professionnelle, d\u2019un <a href=\"https:\/\/www.mes-allocs.fr\/guides\/aide-formation\/plan-de-developpement-des-competences\/construire-un-plan-de-developpement-des-competences\/\">d\u00e9veloppement de comp\u00e9tences<\/a>, de la construction d\u2019un dossier d\u2019apprentissage ou d\u2019une mise en relation avec un potentiel employeur.<\/p>\n<p><iframe loading=\"lazy\" title=\"Les aides \u00e0 la formation\" width=\"500\" height=\"281\" src=\"https:\/\/www.youtube.com\/embed\/gs3ZRHqtzmY?feature=oembed\" frameborder=\"0\" allow=\"accelerometer; autoplay; clipboard-write; encrypted-media; gyroscope; picture-in-picture; web-share\" referrerpolicy=\"strict-origin-when-cross-origin\" allowfullscreen><\/iframe><\/p>\n<h1 style=\"text-align: justify;\">Les aides financi\u00e8res de la Mission Locale<\/h1>\n<p style=\"text-align: justify;\">Les aides allou\u00e9es par les structures sont d\u00e9bloqu\u00e9es pour des situations d\u2019urgence ou pour des projets professionnels.<\/p>\n<h2 style=\"text-align: justify;\">Le Fonds d\u2019aide aux jeunes (FAJ)<\/h2>\n<p style=\"text-align: justify;\">Le FAJ est une aide de la Mission Locale. Il s&rsquo;agit d&rsquo;un dispositif g\u00e9r\u00e9 par les Conseils D\u00e9partementaux qui permet d&rsquo;obtenir une aide en cas de grandes difficult\u00e9s financi\u00e8res. <b>Il est destin\u00e9 aux jeunes adultes qui ne peuvent pas b\u00e9n\u00e9ficier d\u2019autres aides sociales comme :<\/b><\/p>\n<ul>\n<li style=\"text-align: justify;\">Les employ\u00e9s et \u00e9tudiants de moins de 25 ans, non-boursiers, en difficult\u00e9s financi\u00e8res<\/li>\n<li style=\"text-align: justify;\">Les jeunes demandeurs d&#8217;emploi vivant loin de leurs parents ou en rupture familiale<\/li>\n<\/ul>\n<p style=\"text-align: justify;\"><b>Le montant de l&rsquo;aide de la Mission Locale est limit\u00e9 \u00e0 1 000 euros <\/b>et\u00a0permet de r\u00e9soudre des probl\u00e8mes en lien avec l\u2019emploi, l\u2019h\u00e9bergement, la mobilit\u00e9 et la sant\u00e9.<\/p>\n<h2 style=\"text-align: justify;\">Le Parcours Contractualis\u00e9 d\u2019Accompagnement vers l\u2019Emploi et l\u2019Autonomie (PACEA)<\/h2>\n<p style=\"text-align: justify;\">Le PACEA fait partie des aides de la Mission Locale. <b>Le dispositif est un engagement entre la Mission Locale et un jeune permettant de trouver un emploi aupr\u00e8s d\u2019un employeur d&rsquo;une dur\u00e9e de 24 mois.<\/b> Donc vous devez vous mettre d&rsquo;accord avec un conseiller sur des objectifs et la mise en place d\u2019un nombre d\u2019actions.<\/p>\n<p style=\"text-align: justify;\">Ces actions peuvent \u00eatre des actions de formation (alternance en apprentissage ou en professionnalisation) qui peuvent conduire \u00e0 l&rsquo;obtention d&rsquo;un dipl\u00f4me, une embauche, des stages de qualification professionnelle ou d\u2019accompagnement \u00e9cole par exemple. Dans ce cadre, le conseiller peut mobiliser l\u2019ensemble des moyens de la structure.<\/p>\n<p style=\"text-align: justify;\"><b>En contrepartie de cet engagement, vous pouvez avoir une allocation financi\u00e8re mensuelle d&rsquo;un montant de 552,29 euros au 1er janvier 2025. <\/b>Elle est\u00a0allou\u00e9e\u00a0seulement\u00a0si vous ne disposez d\u2019aucune source de revenus.<\/p>\n<h2 style=\"text-align: justify;\">Les aides \u00e0 la mobilit\u00e9<\/h2>\n<p style=\"text-align: justify;\"><b>Pour les jeunes demandeurs d\u2019emploi, la Mission Locale peut obtenir des ch\u00e8ques de mobilit\u00e9. <\/b>C&rsquo;est-\u00e0-dire des bons \u00e9changeables contre des titres de transport.<\/p>\n<p style=\"text-align: justify;\"><b>Pour faciliter vos d\u00e9placements lors de la formation, vous pouvez \u00e9galement b\u00e9n\u00e9ficier d&rsquo;une aide de la Mission Locale pour le permis de conduire. <\/b>Concernant les plus pr\u00e9caires, certaines collectivit\u00e9s offrent des bourses pour le permis pouvant atteindre 1 200 euros. Pour cela, vous devez vous renseigner afin de savoir si cette bourse existe dans votre r\u00e9gion.<\/p>\n<h1 style=\"text-align: justify;\">Le parcours de formation<\/h1>\n<p style=\"text-align: justify;\">M\u00eame si elles n\u2019attribuent pas directement d\u2019aides pour les jeunes, la Mission Locale peut les guider dans leur recherche de formation continue.<\/p>\n<h2><strong>L\u2019aide \u00e0 l\u2019\u00e9laboration du parcours d\u2019insertion<\/strong><\/h2>\n<p>Gr\u00e2ce \u00e0 son expertise, la Mission Locale est en mesure d\u2019accompagner tout jeune dans son projet d\u2019insertion professionnelle par la formation :<\/p>\n<ul>\n<li style=\"text-align: justify;\"><b>Diagnostic et orientation<\/b> : selon votre situation personnelle, la Mission Locale peut, apr\u00e8s un diagnostic de vos comp\u00e9tences, vous orienter vers le centre de formation le plus adapt\u00e9 qu&rsquo;il s\u2019agisse d\u2019une formation initiale, d\u2019une formation en alternance ou en continue.<\/li>\n<li style=\"text-align: justify;\"><b>Les Ateliers de P\u00e9dagogie Personnalis\u00e9e (APP)<\/b> : lorsque le parcours de formation souhait\u00e9 n&rsquo;est pas accessible, \u00e0 cause du manque de connaissance, vous pouvez b\u00e9n\u00e9ficier d\u2019une remise \u00e0 niveau. Ainsi, les ateliers permettent d\u2019atteindre les pr\u00e9-requis \u00e0 la formation vis\u00e9e. La m\u00e9thodologie utilis\u00e9e dans ces ateliers vise l\u2019acquisition d\u2019autres aptitudes telles que l\u2019autonomie, la confiance en soi et le sens des responsabilit\u00e9s.<\/li>\n<li style=\"text-align: justify;\"><b>Les formations pr\u00e9-qualifiantes<\/b> : ces derni\u00e8res ont pour but de vous initier \u00e0 une\u00a0formation\u00a0certifiante\u00a0au m\u00e9tier que vous d\u00e9sirez pratiquer. Ainsi, vous pouvez effectuer des stages de d\u00e9couverte avec l&rsquo;aide des organismes de formation. L&rsquo;initiative permet de vous impr\u00e9gner des pratiques et bases du m\u00e9tier dans le but d\u2019acqu\u00e9rir une premi\u00e8re exp\u00e9rience. C\u2019est une formation courte qui peut d\u00e9boucher sur la validation partielle d\u2019une qualification.<\/li>\n<\/ul>\n<h2 style=\"text-align: justify;\">L\u2019aide \u00e0 la recherche de financement<\/h2>\n<p style=\"text-align: justify;\">Les Missions Locales collaborent avec un large r\u00e9seau d\u2019organismes publics ou semi-publics. Gr\u00e2ce \u00e0 ce partenariat, un conseiller d\u2019une Mission Locale peut vous orienter vers d\u2019autres sources de financement en fonction de votre projet de formation et de votre situation personnelle.<\/p>\n<ul>\n<li style=\"text-align: justify;\"><b>Le Compte Formation Professionnelle (CPF)<\/b> : ce dispositif permet une prise en charge de la formation par un compte cr\u00e9dit\u00e9 de 24 heures par ann\u00e9e de travail. Ces heures sont ensuite converties en argent et mises \u00e0 disposition du salari\u00e9 pour payer sa formation.<\/li>\n<li style=\"text-align: justify;\"><b>France Travail :<\/b> la structure permet aux jeunes ch\u00f4meurs qui suivent une formation d&rsquo;obtenir une aide gr\u00e2ce au dispositif du Projet Personnalis\u00e9 d&rsquo;Acc\u00e8s \u00e0 l\u2019Emploi (PPAE). Ce dernier d\u00e9termine \u00e9galement les actions que P\u00f4le emploi s&rsquo;engage \u00e0 mettre en \u0153uvre pour faire aboutir votre recherche d\u2019emploi ou votre parcours de formation ainsi que les actions que vous aurez \u00e0 r\u00e9aliser.<\/li>\n<li style=\"text-align: justify;\"><b>Le fongecif <\/b>: dans le but de simplifier l\u2019acc\u00e8s aux formations professionnelles \u00e0 l\u2019ensemble des salari\u00e9s, les\u00a0Fongecif ont c\u00e9d\u00e9 leurs places aux Commissions paritaires interprofessionnelles r\u00e9gionales (CPIR). Ces derniers ont pour but de financer les formations certifiantes de toute personne d\u00e9sireuse de faire une\u00a0reconversion professionnelle ou une formation professionnelle.<\/li>\n<\/ul>\n<p style=\"text-align: justify;\">\u00c0 noter que le conseiller de la Mission Locale en plus de vous orienter, se charge de vous aider \u00e0 constituer votre dossier pour les aides ci-dessus.<\/p>\n<p style=\"text-align: justify;\"><div class='cta-block'><div class='text'>Simulez toutes vos aides en 2 min.<\/div><a href='https:\/\/www.mes-allocs.fr\/ab-app?origin=guides\/wp-json\/wp\/v2\/posts\/50838' class='app-button fit'>Simulation gratuite<\/a><\/div><\/p>\n","protected":false},"excerpt":{"rendered":"<p>Vous avez entendu parler de la Mission Locale et vous vous demandez si elle peut financer une formation ? Il existe diff\u00e9rents organismes, dont les Missions Locales, qui permettent d&rsquo;obtenir des aides \u00e0 la formation professionnelle. Mes Allocs vous explique tout sur le financement de la formation par la Mission Locale. C&rsquo;est quoi une Mission [&hellip;]<\/p>\n","protected":false},"author":14,"featured_media":50954,"comment_status":"closed","ping_status":"open","sticky":false,"template":"","format":"standard","meta":{"amp_status":"","footnotes":""},"categories":[2045,5605],"tags":[],"class_list":["post-50838","post","type-post","status-publish","format-standard","has-post-thumbnail","hentry","category-aide-formation","category-financement-formation"],"yoast_head":"<!-- This site is optimized with the Yoast SEO plugin v14.9 - https:\/\/yoast.com\/wordpress\/plugins\/seo\/ -->\n<title>Comment obtenir le financement d&#039;une formation par la Mission Locale ?<\/title>\n<meta name=\"description\" content=\"Si vous \u00eates jeune, la Mission Locale peut vous permettre d&#039;obtenir un financement pour une formation professionnelle. On vous explique !\" \/>\n<meta name=\"robots\" content=\"index, follow, max-snippet:-1, max-image-preview:large, max-video-preview:-1\" \/>\n<link rel=\"canonical\" href=\"https:\/\/www.mes-allocs.fr\/guides\/aide-formation\/financement-formation\/mission-locale-financement-formation\/\" \/>\n<meta property=\"og:locale\" content=\"fr_FR\" \/>\n<meta property=\"og:type\" content=\"article\" \/>\n<meta property=\"og:title\" content=\"Comment obtenir le financement d&#039;une formation par la Mission Locale ?\" \/>\n<meta property=\"og:description\" content=\"Si vous \u00eates jeune, la Mission Locale peut vous permettre d&#039;obtenir un financement pour une formation professionnelle. On vous explique !\" \/>\n<meta property=\"og:url\" content=\"https:\/\/www.mes-allocs.fr\/guides\/aide-formation\/financement-formation\/mission-locale-financement-formation\/\" \/>\n<meta property=\"og:site_name\" content=\"Mes-Allocs.fr\" \/>\n<meta property=\"article:published_time\" content=\"2022-05-27T07:49:06+00:00\" \/>\n<meta property=\"article:modified_time\" content=\"2025-07-16T08:49:43+00:00\" \/>\n<meta property=\"og:image\" content=\"https:\/\/www.mes-allocs.fr\/guides\/wp-content\/uploads\/2022\/05\/Financement-de-formation-de-la-mission-locale3.jpg?wsr\" \/>\n\t<meta property=\"og:image:width\" content=\"612\" \/>\n\t<meta property=\"og:image:height\" content=\"408\" \/>\n<meta name=\"twitter:card\" content=\"summary_large_image\" \/>\n<script type=\"application\/ld+json\" class=\"yoast-schema-graph\">{\"@context\":\"https:\/\/schema.org\",\"@graph\":[{\"@type\":\"WebSite\",\"@id\":\"https:\/\/www.mes-allocs.fr\/guides\/#website\",\"url\":\"https:\/\/www.mes-allocs.fr\/guides\/\",\"name\":\"Mes-Allocs.fr\",\"description\":\"\",\"potentialAction\":[{\"@type\":\"SearchAction\",\"target\":\"https:\/\/www.mes-allocs.fr\/guides\/?s={search_term_string}\",\"query-input\":\"required name=search_term_string\"}],\"inLanguage\":\"fr-FR\"},{\"@type\":\"ImageObject\",\"@id\":\"https:\/\/www.mes-allocs.fr\/guides\/aide-formation\/financement-formation\/mission-locale-financement-formation\/#primaryimage\",\"inLanguage\":\"fr-FR\",\"url\":\"https:\/\/www.mes-allocs.fr\/guides\/wp-content\/uploads\/2022\/05\/Financement-de-formation-de-la-mission-locale3.jpg?wsr\",\"width\":612,\"height\":408,\"caption\":\"Les diff\\u00e9rents financements de la formation professionnelle\"},{\"@type\":\"WebPage\",\"@id\":\"https:\/\/www.mes-allocs.fr\/guides\/aide-formation\/financement-formation\/mission-locale-financement-formation\/#webpage\",\"url\":\"https:\/\/www.mes-allocs.fr\/guides\/aide-formation\/financement-formation\/mission-locale-financement-formation\/\",\"name\":\"Comment obtenir le financement d'une formation par la Mission Locale ?\",\"isPartOf\":{\"@id\":\"https:\/\/www.mes-allocs.fr\/guides\/#website\"},\"primaryImageOfPage\":{\"@id\":\"https:\/\/www.mes-allocs.fr\/guides\/aide-formation\/financement-formation\/mission-locale-financement-formation\/#primaryimage\"},\"datePublished\":\"2022-05-27T07:49:06+00:00\",\"dateModified\":\"2025-07-16T08:49:43+00:00\",\"author\":{\"@id\":\"https:\/\/www.mes-allocs.fr\/guides\/#\/schema\/person\/a3de97298fd0ffc005ebdd5628b03ca8\"},\"description\":\"Si vous \\u00eates jeune, la Mission Locale peut vous permettre d'obtenir un financement pour une formation professionnelle. On vous explique !\",\"inLanguage\":\"fr-FR\"},{\"@type\":\"Person\",\"@id\":\"https:\/\/www.mes-allocs.fr\/guides\/#\/schema\/person\/a3de97298fd0ffc005ebdd5628b03ca8\",\"name\":\"Marina Ada Ondo\",\"image\":{\"@type\":\"ImageObject\",\"@id\":\"https:\/\/www.mes-allocs.fr\/guides\/#personlogo\",\"inLanguage\":\"fr-FR\",\"url\":\"https:\/\/www.mes-allocs.fr\/guides\/wp-content\/uploads\/2022\/02\/Photo-de-profil-150x150.png\",\"caption\":\"Marina Ada Ondo\"},\"description\":\"Marina est r\\u00e9dactrice au sein de l'\\u00e9quipe Mes Allocs, sp\\u00e9cialis\\u00e9e sur les aides aux jeunes. Dipl\\u00f4m\\u00e9e de l'ISFJ, elle rejoint Mes Allocs apr\\u00e8s une premi\\u00e8re exp\\u00e9rience en communication chez Little Africa, une agence de communication \\u00e0 Paris. Sur son temps libre, Marina lit beaucoup et passe ses dimanches au mus\\u00e9e.\",\"sameAs\":[\"https:\/\/www.linkedin.com\/in\/marinaadaondo\/\"]}]}<\/script>\n<!-- \/ Yoast SEO plugin. -->","amp_validity":null,"acf":{"faq":{"1":{"question":"Est-ce que la mission locale peut payer une formation ?","answer":"Son r\u00f4le, n'est pas d'octroyer des aides pour financer des formations. Cependant, elle peut, dans le cadre de son accompagnement : trouver une aide financi\u00e8re."},"2":{"question":"Quelles sont les aides financi\u00e8res de la mission locale ?","answer":"Les conseillers de la mission locale peuvent vous diriger vers des aides comme : l'aide \u00e0 la mobilit\u00e9 P\u00f4le Emploi, les aides aux transports des conseils d\u00e9partementaux, etc. "},"3":{"question":"Quel est le montant de l'allocation CEJ ?","answer":"Le montant maximum de l'allocation vers\u00e9e au titre du CEJ est \u00e9gal \u00e0 552,29 \u20ac par mois. L'allocation est cumulable avec les ressources d'activit\u00e9 du jeune, mais certaines ressources peuvent donc \u00eatre r\u00e9duites."},"4":{"question":"Comment faire pour se faire financer une formation ?","answer":"Vous pouvez financer la formation avec le Compte Personnel de Formation (CPF), avec l'Aide Individuelle \u00e0 la Formation (AIF), avec P\u00f4le emploi, le conseil r\u00e9gional, etc. "},"5":{"question":"Pourquoi aller \u00e0 la mission locale ?","answer":"Les missions locales re\u00e7oivent gratuitement tous les jeunes \u00e2g\u00e9s de 16 \u00e0 25 ans sortis du syst\u00e8me scolaire ou sans emploi. Elles les aident \u00e0 s'ins\u00e9rer dans la vie professionnelle et sociale. "},"6":{"question":"","answer":""},"7":{"question":"","answer":""},"8":{"question":"","answer":""},"9":{"question":"","answer":""},"10":{"question":"","answer":""},"11":{"question":"","answer":""},"12":{"question":"","answer":""},"13":{"question":"","answer":""},"14":{"question":"","answer":""},"15":{"question":"","answer":""},"16":{"question":"","answer":""}}},"_links":{"self":[{"href":"https:\/\/www.mes-allocs.fr\/guides\/wp-json\/wp\/v2\/posts\/50838","targetHints":{"allow":["GET"]}}],"collection":[{"href":"https:\/\/www.mes-allocs.fr\/guides\/wp-json\/wp\/v2\/posts"}],"about":[{"href":"https:\/\/www.mes-allocs.fr\/guides\/wp-json\/wp\/v2\/types\/post"}],"author":[{"embeddable":true,"href":"https:\/\/www.mes-allocs.fr\/guides\/wp-json\/wp\/v2\/users\/14"}],"replies":[{"embeddable":true,"href":"https:\/\/www.mes-allocs.fr\/guides\/wp-json\/wp\/v2\/comments?post=50838"}],"version-history":[{"count":15,"href":"https:\/\/www.mes-allocs.fr\/guides\/wp-json\/wp\/v2\/posts\/50838\/revisions"}],"predecessor-version":[{"id":102293,"href":"https:\/\/www.mes-allocs.fr\/guides\/wp-json\/wp\/v2\/posts\/50838\/revisions\/102293"}],"wp:featuredmedia":[{"embeddable":true,"href":"https:\/\/www.mes-allocs.fr\/guides\/wp-json\/wp\/v2\/media\/50954"}],"wp:attachment":[{"href":"https:\/\/www.mes-allocs.fr\/guides\/wp-json\/wp\/v2\/media?parent=50838"}],"wp:term":[{"taxonomy":"category","embeddable":true,"href":"https:\/\/www.mes-allocs.fr\/guides\/wp-json\/wp\/v2\/categories?post=50838"},{"taxonomy":"post_tag","embeddable":true,"href":"https:\/\/www.mes-allocs.fr\/guides\/wp-json\/wp\/v2\/tags?post=50838"}],"curies":[{"name":"wp","href":"https:\/\/api.w.org\/{rel}","templated":true}]}}