{"id":50770,"date":"2022-05-23T18:16:35","date_gmt":"2022-05-23T16:16:35","guid":{"rendered":"https:\/\/www.mes-allocs.fr\/guides\/?p=50770"},"modified":"2025-07-16T10:49:14","modified_gmt":"2025-07-16T08:49:14","slug":"financement-formation-aide-soignante","status":"publish","type":"post","link":"https:\/\/www.mes-allocs.fr\/guides\/aide-formation\/financement-formation\/financement-formation-aide-soignante\/","title":{"rendered":"Quel financement pour une formation d&rsquo;aide soignante ?"},"content":{"rendered":"<p><img loading=\"lazy\" decoding=\"async\" class=\"alignnone wp-image-50859 size-full\" title=\"Quel financement pour une formation daide soignante\" src=\"https:\/\/www.mes-allocs.fr\/guides\/wp-content\/uploads\/2022\/05\/Quel-financement-pour-une-formation-daide-soignante--e1653321781206.jpg\" alt=\"Quel financement pour une formation daide soignante\" width=\"1000\" height=\"245\" srcset=\"https:\/\/www.mes-allocs.fr\/guides\/wp-content\/uploads\/2022\/05\/Quel-financement-pour-une-formation-daide-soignante--e1653321781206.jpg 1000w, https:\/\/www.mes-allocs.fr\/guides\/wp-content\/uploads\/2022\/05\/Quel-financement-pour-une-formation-daide-soignante--e1653321781206-300x74.jpg 300w, https:\/\/www.mes-allocs.fr\/guides\/wp-content\/uploads\/2022\/05\/Quel-financement-pour-une-formation-daide-soignante--e1653321781206-768x188.jpg 768w, https:\/\/www.mes-allocs.fr\/guides\/wp-content\/uploads\/2022\/05\/Quel-financement-pour-une-formation-daide-soignante--e1653321781206-600x147.jpg 600w\" sizes=\"auto, (max-width: 1000px) 100vw, 1000px\" \/><\/p>\n<p style=\"text-align: justify;\"><b>En France, il existe plusieurs <a href=\"https:\/\/www.mes-allocs.fr\/guides\/aide-formation\/\">aides financi\u00e8res<\/a> pour aider les apprenties aide-soignantes \u00e0 financer leur cursus, en formation initiale ou continue. Ces financements peuvent se cumuler, sous conditions d&rsquo;avoir des organismes diff\u00e9rents et de ne pas exc\u00e9der les plafonds fix\u00e9s. Alors, financement formation aide soignante : montant, conditions, d\u00e9marches.<\/b><\/p>\n<div class='cta-block'><div class='text'>Simulez toutes vos aides en 2 min.<\/div><a href='https:\/\/www.mes-allocs.fr\/ab-app?origin=guides\/wp-json\/wp\/v2\/posts\/50770' class='app-button fit'>Simulation gratuite<\/a><\/div>\n<h1 style=\"text-align: justify;\">Quel financement pour une formation initiale ?<\/h1>\n<p style=\"text-align: justify;\"><b>Afin d&rsquo;\u00eatre <a href=\"https:\/\/www.mes-allocs.fr\/guides\/reconversion-professionnelle\/aide-recherche-emploi\/recherche-emploi-aide-soignante\/\">aide-soignante<\/a>, vous pouvez vous inscrire dans l&rsquo;Institut de Formation d&rsquo;Aide-Soignants (IFAS) sous le statut scolaire. <\/b>Ainsi, les \u00e9tudiants b\u00e9n\u00e9ficient de la gratuit\u00e9 de la formation et peut percevoir une bourse sur crit\u00e8res sociaux. <b>Il est recommand\u00e9 de se renseigner aupr\u00e8s de votre IFAS d\u00e8s la rentr\u00e9e scolaire.<\/b><\/p>\n<p style=\"text-align: justify;\"><b>Par ailleurs, depuis le\u00a01er\u00a0janvier\u00a02005, les conseils r\u00e9gionaux sont charg\u00e9s d&rsquo;attribuer des bourses aux \u00e9tudiants des formations\u00a0sanitaires et <a href=\"https:\/\/www.mes-allocs.fr\/guides\/aides-sociales\/\">sociales. <\/a><\/b>Pour en b\u00e9n\u00e9ficier, vous devez faire la demande en ligne sur le site du conseil r\u00e9gional du lieu d&rsquo;enseignement entre janvier et mars selon les r\u00e9gions.<\/p>\n<h1 style=\"text-align: justify;\">Quel financement pour une formation en apprentissage ?<\/h1>\n<p style=\"text-align: justify;\"><b>Les contrats en <a href=\"https:\/\/www.mes-allocs.fr\/guides\/aide-logement\/apl\/apl-etudiant\/apl-etudiant-alternance\/\">alternance<\/a>, entre cours \u00e0 l&rsquo;\u00e9cole et pr\u00e9sence en entreprise, sont g\u00e9r\u00e9es par les Centres de Formation des Apprentis (CFA) avec lesquels les IFAS ont sign\u00e9s une convention.<\/b> Ainsi, l&rsquo;apprenti est un salari\u00e9 comme les autres.<\/p>\n<p style=\"text-align: justify;\"><b>Ces contrats en apprentissage ou professionnalisation sont r\u00e9serv\u00e9s aux \u00e9tudiants de moins de 30 ans et accord\u00e9s par l&rsquo;\u00e9tablissement formateur.<\/b> En revanche, vous devez vous engager \u00e0 servir dans celui-ci apr\u00e8s l&rsquo;obtention du dipl\u00f4me d&rsquo;\u00c9tat, pour une p\u00e9riode \u00e9gale \u00e0 la p\u00e9riode d&rsquo;apprentissage.<\/p>\n<p style=\"text-align: justify;\"><b>Gr\u00e2ce \u00e0 ce type de financement, vous b\u00e9n\u00e9ficiez d&rsquo;une insertion professionnelle simplifi\u00e9e, vos \u00e9tudes sont prises en charge \u00e0 100 % par la structure d&rsquo;accueil et enfin, vous touchez un salaire calcul\u00e9 en fonction de votre \u00e2ge et de vos ann\u00e9es d&rsquo;\u00e9tudes.<\/b><\/p>\n<p><iframe loading=\"lazy\" title=\"Les aides \u00e0 la formation\" width=\"500\" height=\"281\" src=\"https:\/\/www.youtube.com\/embed\/gs3ZRHqtzmY?feature=oembed\" frameborder=\"0\" allow=\"accelerometer; autoplay; clipboard-write; encrypted-media; gyroscope; picture-in-picture; web-share\" referrerpolicy=\"strict-origin-when-cross-origin\" allowfullscreen><\/iframe><\/p>\n<h1 style=\"text-align: justify;\">Quel financement pour une formation\u00a0des demandeurs d&#8217;emploi ?<\/h1>\n<p style=\"text-align: justify;\"><b>Afin de financer leurs formations d&rsquo;aides-soignantes, les personnes inscrites au P\u00f4le Emploi peuvent b\u00e9n\u00e9ficier de deux types de prestations \u00e0 condition d&rsquo;avoir fait les d\u00e9marches avant l\u2019entr\u00e9e en formation.<\/b><\/p>\n<h2 style=\"text-align: justify;\">L&rsquo;aide au Retour \u00e0 l&rsquo;Emploi (ARE)<\/h2>\n<p style=\"text-align: justify;\"><b>L&rsquo;ARE est accord\u00e9e sous certaines conditions aux demandeurs d&#8217;emploi pendant une dur\u00e9e variable selon l\u2019\u00e2ge du b\u00e9n\u00e9ficiaire, la dur\u00e9e de son affiliation \u00e0 l\u2019assurance ch\u00f4mage et la date de fin de son contrat de travail.<\/b><\/p>\n<p style=\"text-align: justify;\"><b>Le montant de cette prestation est fix\u00e9 \u00e0 partir du salaire journalier de r\u00e9f\u00e9rence du b\u00e9n\u00e9ficiaire.<\/b> L&rsquo;aide peut \u00eatre supprim\u00e9e ou r\u00e9duite si vous ne respectez pas votre obligation de rechercher activement un emploi. En outre,\u00a0depuis septembre 2021, le salaire journalier est calcul\u00e9 \u00e0 partir des 24\u00a0derniers mois pr\u00e9c\u00e9dant la fin du dernier contrat de travail (et non plus sur les 12\u00a0derniers mois).<\/p>\n<h2 style=\"text-align: justify;\">L&rsquo;Agence des Services et de Paiement (ASP)<\/h2>\n<p style=\"text-align: justify;\">Il s&rsquo;agit d&rsquo;un revenu de remplacement pour les personnes qui ne peuvent toucher pas l\u2019ARE. <b>La prestation est adress\u00e9e principalement aux demandeurs d&#8217;emploi qui n&rsquo;ont pas de droits ouverts au titre de l&rsquo;assurance ch\u00f4mage sans condition d&rsquo;\u00e2ge.<\/b><\/p>\n<p style=\"text-align: justify;\"><b>C&rsquo;est \u00e0 l\u2019IFAS de constituer le dossier de financement. La structure fournit un document intitul\u00e9 \u00ab\u00a0AIS NI\u00a0\u00bb (Attestation d\u2019Inscription \u00e0 un Stage Non-Indemnis\u00e9). <\/b>Les demandeurs d&#8217;emploi de 16 \u00e0 25 ans peuvent se rapprocher d\u2019une mission locale et les personnes handicap\u00e9es, elles, peuvent passer par Cap Formation.<\/p>\n<h1 style=\"text-align: justify;\">Quel financement pour la formation des salari\u00e9s ?<\/h1>\n<h2 style=\"text-align: justify;\">Financement de la formation d&rsquo;aide-soignante par l&#8217;employeur<\/h2>\n<p style=\"text-align: justify;\"><b>Ce type de financement est destin\u00e9 aux personnes en activit\u00e9s salari\u00e9s sous certaines conditions.<\/b> P<b>our conna\u00eetre les modalit\u00e9s de prise en charge de la formation, les conditions de maintien de la r\u00e9mun\u00e9ration, les cong\u00e9s, etc., vous devez vous orienter vers le service de ressources humaines de votre entreprise. <\/b>G\u00e9n\u00e9ralement, la r\u00e9mun\u00e9ration est conserv\u00e9e gr\u00e2ce \u00e0 l&rsquo;op\u00e9rateur de comp\u00e9tences (OPCO) dont d\u00e9pend la branche d&rsquo;activit\u00e9 de l&rsquo;entreprise du salari\u00e9.<\/p>\n<p style=\"text-align: justify;\"><b>Toutefois, si vous avez entre 16 et 29 ans r\u00e9volus, vous pouvez d\u00e9buter votre formation en CFA ou section d&rsquo;apprentissage sans avoir encore trouv\u00e9 d&#8217;employeur. <\/b>En effet, vous disposez de 3 mois pour trouver un contrat d&rsquo;apprentissage. Par ailleurs, ce d\u00e9lai est allong\u00e9 \u00e0 6 mois pour les cycles de formations qui ont commenc\u00e9 entre le 1er ao\u00fbt 2025 et le 31 d\u00e9cembre 2025. <b>Pendant la p\u00e9riode de recherche d&rsquo;un contrat, vous avez le statut de \u00ab\u00a0stagiaire de la formation professionnelle\u00a0\u00bb. <\/b>\u00c0 ce titre, vous\u00a0b\u00e9n\u00e9ficiez de la protection sociale des personnes prise en charge par l&rsquo;\u00c9tat.<\/p>\n<h2 style=\"text-align: justify;\">Cong\u00e9 de Formation Professionnelle (CPF)<\/h2>\n<p style=\"text-align: justify;\">Les agents de la fonction publique hospitali\u00e8re peuvent b\u00e9n\u00e9ficier de la \u00ab\u00a0promotion professionnelle\u00a0\u00bb ou d\u2019un Cong\u00e9 de Formation Professionnelle (CPF). <b>Ce dernier\u00a0ne peut pas durer plus de 3 ans, cumul\u00e9s sur l&rsquo;ensemble de la carri\u00e8re. <\/b>Ces trois ann\u00e9es de formation peuvent \u00eatre r\u00e9alis\u00e9es d&rsquo;affil\u00e9 ou bien r\u00e9partis en plusieurs stages d&rsquo;une dur\u00e9e d&rsquo;un\u00a0mois minimum.<b> En plus, lors de la prestation, votre salaire est maintenu et vous avez un contrat d&rsquo;engagement de 5 ans.<\/b><\/p>\n<p style=\"text-align: justify;\"><b>Le cong\u00e9 de formation professionnelle (CFP) concerne les agents de la fonction publique, territoriale et hospitali\u00e8re, qui justifient de 3 ans de services effectifs.<\/b><\/p>\n<p style=\"text-align: justify;\">Les conditions d&rsquo;acc\u00e8s diff\u00e8rent pour la fonction publique d&rsquo;\u00c9tat, la fonction publique territoriale et la fonction publique hospitali\u00e8re. <b>Il est recommand\u00e9 de se rapprocher de votre organisme de financement pour conna\u00eetre les modalit\u00e9s en d\u00e9tails.<\/b><\/p>\n<h2 style=\"text-align: justify;\">Projet de transition professionnelle (PTP)<\/h2>\n<p style=\"text-align: justify;\"><b>Le projet de transition professionnelle (PTP) donne aux salari\u00e9s le droit de s\u2019absenter de leur poste de travail afin de suivre une formation ou se pr\u00e9parer ou passer un examen, ind\u00e9pendamment du plan de d\u00e9veloppement des comp\u00e9tences de l&rsquo;entreprise.<\/b> Le dispositif intervient\u00a0de leur propre initiative et \u00e0 titre individuel. La r\u00e9mun\u00e9ration est assur\u00e9e par l&rsquo;OPCO de la branche.<\/p>\n<p style=\"text-align: justify;\"><b>Pour y pr\u00e9tendre, les salari\u00e9s en\u00a0contrat \u00e0 dur\u00e9e d\u00e9termin\u00e9e (CDD) doivent justifier de\u00a024\u00a0mois d\u2019activit\u00e9 salari\u00e9e dans le secteur priv\u00e9 au cours des\u00a05\u00a0derni\u00e8res ann\u00e9es, dont\u00a04\u00a0mois, cons\u00e9cutifs ou non, en CDD au cours des\u00a012\u00a0derniers mois. <\/b>Vous devez d\u00e9marrer la formation au plus tard un an apr\u00e8s la date de fin du dernier contrat.<\/p>\n<p style=\"text-align: justify;\"><b>Pour les salari\u00e9s en contrat \u00e0 dur\u00e9e ind\u00e9termin\u00e9e (CDI), vous devez justifier de\u00a02\u00a0ans d\u2019exp\u00e9rience professionnelle sous le statut de droit priv\u00e9, dont\u00a01\u00a0an de pr\u00e9sence dans l\u2019entreprise actuelle.<\/b><\/p>\n<div class='cta-block'><div class='text'>Simulez toutes vos aides en 2 min.<\/div><a href='https:\/\/www.mes-allocs.fr\/ab-app?origin=guides\/wp-json\/wp\/v2\/posts\/50770' class='app-button fit'>Simulation gratuite<\/a><\/div>\n","protected":false},"excerpt":{"rendered":"<p>En France, il existe plusieurs aides financi\u00e8res pour aider les apprenties aide-soignantes \u00e0 financer leur cursus, en formation initiale ou continue. Ces financements peuvent se cumuler, sous conditions d&rsquo;avoir des organismes diff\u00e9rents et de ne pas exc\u00e9der les plafonds fix\u00e9s. Alors, financement formation aide soignante : montant, conditions, d\u00e9marches. Quel financement pour une formation initiale [&hellip;]<\/p>\n","protected":false},"author":14,"featured_media":50860,"comment_status":"closed","ping_status":"open","sticky":false,"template":"","format":"standard","meta":{"amp_status":"","footnotes":""},"categories":[2045,5605],"tags":[],"class_list":["post-50770","post","type-post","status-publish","format-standard","has-post-thumbnail","hentry","category-aide-formation","category-financement-formation"],"yoast_head":"<!-- This site is optimized with the Yoast SEO plugin v14.9 - https:\/\/yoast.com\/wordpress\/plugins\/seo\/ -->\n<title>Quel financement pour une formation d&#039;aide soignante ? | Mes-Allocs.fr<\/title>\n<meta name=\"description\" content=\"Il existe plusieurs aides financi\u00e8res pour aider les apprenties aides-soignantes \u00e0 financer leur cursus, en formation initiale ou continue.\" \/>\n<meta name=\"robots\" content=\"index, follow, max-snippet:-1, max-image-preview:large, max-video-preview:-1\" \/>\n<link rel=\"canonical\" href=\"https:\/\/www.mes-allocs.fr\/guides\/aide-formation\/financement-formation\/financement-formation-aide-soignante\/\" \/>\n<meta property=\"og:locale\" content=\"fr_FR\" \/>\n<meta property=\"og:type\" content=\"article\" \/>\n<meta property=\"og:title\" content=\"Quel financement pour une formation d&#039;aide soignante ? | Mes-Allocs.fr\" \/>\n<meta property=\"og:description\" content=\"Il existe plusieurs aides financi\u00e8res pour aider les apprenties aides-soignantes \u00e0 financer leur cursus, en formation initiale ou continue.\" \/>\n<meta property=\"og:url\" content=\"https:\/\/www.mes-allocs.fr\/guides\/aide-formation\/financement-formation\/financement-formation-aide-soignante\/\" \/>\n<meta property=\"og:site_name\" content=\"Mes-Allocs.fr\" \/>\n<meta property=\"article:published_time\" content=\"2022-05-23T16:16:35+00:00\" \/>\n<meta property=\"article:modified_time\" content=\"2025-07-16T08:49:14+00:00\" \/>\n<meta property=\"og:image\" content=\"https:\/\/www.mes-allocs.fr\/guides\/wp-content\/uploads\/2022\/05\/Quel-financement-pour-une-formation-daide-soignante-2.jpg?wsr\" \/>\n\t<meta property=\"og:image:width\" content=\"612\" \/>\n\t<meta property=\"og:image:height\" content=\"408\" \/>\n<meta name=\"twitter:card\" content=\"summary_large_image\" \/>\n<script type=\"application\/ld+json\" class=\"yoast-schema-graph\">{\"@context\":\"https:\/\/schema.org\",\"@graph\":[{\"@type\":\"WebSite\",\"@id\":\"https:\/\/www.mes-allocs.fr\/guides\/#website\",\"url\":\"https:\/\/www.mes-allocs.fr\/guides\/\",\"name\":\"Mes-Allocs.fr\",\"description\":\"\",\"potentialAction\":[{\"@type\":\"SearchAction\",\"target\":\"https:\/\/www.mes-allocs.fr\/guides\/?s={search_term_string}\",\"query-input\":\"required name=search_term_string\"}],\"inLanguage\":\"fr-FR\"},{\"@type\":\"ImageObject\",\"@id\":\"https:\/\/www.mes-allocs.fr\/guides\/aide-formation\/financement-formation\/financement-formation-aide-soignante\/#primaryimage\",\"inLanguage\":\"fr-FR\",\"url\":\"https:\/\/www.mes-allocs.fr\/guides\/wp-content\/uploads\/2022\/05\/Quel-financement-pour-une-formation-daide-soignante-2.jpg?wsr\",\"width\":612,\"height\":408,\"caption\":\"Quel financement pour une formation daide soignante\"},{\"@type\":\"WebPage\",\"@id\":\"https:\/\/www.mes-allocs.fr\/guides\/aide-formation\/financement-formation\/financement-formation-aide-soignante\/#webpage\",\"url\":\"https:\/\/www.mes-allocs.fr\/guides\/aide-formation\/financement-formation\/financement-formation-aide-soignante\/\",\"name\":\"Quel financement pour une formation d'aide soignante ? | Mes-Allocs.fr\",\"isPartOf\":{\"@id\":\"https:\/\/www.mes-allocs.fr\/guides\/#website\"},\"primaryImageOfPage\":{\"@id\":\"https:\/\/www.mes-allocs.fr\/guides\/aide-formation\/financement-formation\/financement-formation-aide-soignante\/#primaryimage\"},\"datePublished\":\"2022-05-23T16:16:35+00:00\",\"dateModified\":\"2025-07-16T08:49:14+00:00\",\"author\":{\"@id\":\"https:\/\/www.mes-allocs.fr\/guides\/#\/schema\/person\/a3de97298fd0ffc005ebdd5628b03ca8\"},\"description\":\"Il existe plusieurs aides financi\\u00e8res pour aider les apprenties aides-soignantes \\u00e0 financer leur cursus, en formation initiale ou continue.\",\"inLanguage\":\"fr-FR\"},{\"@type\":\"Person\",\"@id\":\"https:\/\/www.mes-allocs.fr\/guides\/#\/schema\/person\/a3de97298fd0ffc005ebdd5628b03ca8\",\"name\":\"Marina Ada Ondo\",\"image\":{\"@type\":\"ImageObject\",\"@id\":\"https:\/\/www.mes-allocs.fr\/guides\/#personlogo\",\"inLanguage\":\"fr-FR\",\"url\":\"https:\/\/www.mes-allocs.fr\/guides\/wp-content\/uploads\/2022\/02\/Photo-de-profil-150x150.png\",\"caption\":\"Marina Ada Ondo\"},\"description\":\"Marina est r\\u00e9dactrice au sein de l'\\u00e9quipe Mes Allocs, sp\\u00e9cialis\\u00e9e sur les aides aux jeunes. Dipl\\u00f4m\\u00e9e de l'ISFJ, elle rejoint Mes Allocs apr\\u00e8s une premi\\u00e8re exp\\u00e9rience en communication chez Little Africa, une agence de communication \\u00e0 Paris. Sur son temps libre, Marina lit beaucoup et passe ses dimanches au mus\\u00e9e.\",\"sameAs\":[\"https:\/\/www.linkedin.com\/in\/marinaadaondo\/\"]}]}<\/script>\n<!-- \/ Yoast SEO plugin. -->","amp_validity":null,"acf":{"faq":{"1":{"question":"Qui paye la formation d'aide-soignante ?","answer":"Elle est g\u00e9n\u00e9ralement prise en charge par le conseil r\u00e9gional dans certaines r\u00e9gions, qui prendront m\u00eame en charge la r\u00e9mun\u00e9ration sous certaines conditions."},"2":{"question":"Quel est le co\u00fbt d'une formation d'Aide-soignante ?","answer":"La formation co\u00fbte pr\u00e8s de 7 000 euros. "},"3":{"question":"Qui peut aider \u00e0 financer une formation ?","answer":"P\u00f4le Emploi, la r\u00e9gion, l'employeur, les OPCO, le Compte Professionnel de Pr\u00e9vention (CPP), le Compte d'Engagement Citoyen (CEC) ou encore le Compte Personnel de Formation peuvent financer une formation. "},"4":{"question":"Quelles sont les formations r\u00e9mun\u00e9r\u00e9es ?","answer":"Les formations r\u00e9mun\u00e9r\u00e9es sont la cuisine, la formation r\u00e9mun\u00e9r\u00e9e de coiffure, la formation r\u00e9mun\u00e9r\u00e9e d'esth\u00e9tique, la formation r\u00e9mun\u00e9r\u00e9e en informatique, la formation r\u00e9mun\u00e9r\u00e9e d'assistance m\u00e9dicale,\r\net les formations E-learning dipl\u00f4mantes."},"5":{"question":"Quel est le salaire moyen d'une aide-soignante ?","answer":"Le salaire d'une aide-soignante de classe sup\u00e9rieure (C2) va de 1 255 euros nets par mois en d\u00e9but de carri\u00e8re \u00e0 1 575 euros nets par mois en fin de carri\u00e8re."},"6":{"question":"Est-ce que l'\u00e9cole d'aide soignante est payante ?","answer":"La formation en Ifas, ouverte \u00e0 tous sans condition de dipl\u00f4me \u00e0 partir de 17 ans, est payante. Son montant varie en fonction des Ifas, mais elle est d'environ 7 000 euros. "},"7":{"question":"","answer":""},"8":{"question":"","answer":""},"9":{"question":"","answer":""},"10":{"question":"","answer":""},"11":{"question":"","answer":""},"12":{"question":"","answer":""},"13":{"question":"","answer":""},"14":{"question":"","answer":""},"15":{"question":"","answer":""},"16":{"question":"","answer":""}}},"_links":{"self":[{"href":"https:\/\/www.mes-allocs.fr\/guides\/wp-json\/wp\/v2\/posts\/50770","targetHints":{"allow":["GET"]}}],"collection":[{"href":"https:\/\/www.mes-allocs.fr\/guides\/wp-json\/wp\/v2\/posts"}],"about":[{"href":"https:\/\/www.mes-allocs.fr\/guides\/wp-json\/wp\/v2\/types\/post"}],"author":[{"embeddable":true,"href":"https:\/\/www.mes-allocs.fr\/guides\/wp-json\/wp\/v2\/users\/14"}],"replies":[{"embeddable":true,"href":"https:\/\/www.mes-allocs.fr\/guides\/wp-json\/wp\/v2\/comments?post=50770"}],"version-history":[{"count":9,"href":"https:\/\/www.mes-allocs.fr\/guides\/wp-json\/wp\/v2\/posts\/50770\/revisions"}],"predecessor-version":[{"id":102290,"href":"https:\/\/www.mes-allocs.fr\/guides\/wp-json\/wp\/v2\/posts\/50770\/revisions\/102290"}],"wp:featuredmedia":[{"embeddable":true,"href":"https:\/\/www.mes-allocs.fr\/guides\/wp-json\/wp\/v2\/media\/50860"}],"wp:attachment":[{"href":"https:\/\/www.mes-allocs.fr\/guides\/wp-json\/wp\/v2\/media?parent=50770"}],"wp:term":[{"taxonomy":"category","embeddable":true,"href":"https:\/\/www.mes-allocs.fr\/guides\/wp-json\/wp\/v2\/categories?post=50770"},{"taxonomy":"post_tag","embeddable":true,"href":"https:\/\/www.mes-allocs.fr\/guides\/wp-json\/wp\/v2\/tags?post=50770"}],"curies":[{"name":"wp","href":"https:\/\/api.w.org\/{rel}","templated":true}]}}