{"id":50761,"date":"2022-05-23T18:17:02","date_gmt":"2022-05-23T16:17:02","guid":{"rendered":"https:\/\/www.mes-allocs.fr\/guides\/?p=50761"},"modified":"2026-04-03T10:49:11","modified_gmt":"2026-04-03T09:49:11","slug":"financement-formation-salarie","status":"publish","type":"post","link":"https:\/\/www.mes-allocs.fr\/guides\/aide-formation\/financement-formation\/financement-formation-salarie\/","title":{"rendered":"Quel financement de formation pour un salari\u00e9 ?"},"content":{"rendered":"<p style=\"text-align: justify;\"><b><img loading=\"lazy\" decoding=\"async\" class=\"alignnone wp-image-50852 size-full\" title=\"Quel financement de formation pour un salarie\" src=\"https:\/\/www.mes-allocs.fr\/guides\/wp-content\/uploads\/2022\/05\/Quel-financement-de-formation-pour-un-salarie--e1653320906513.jpg\" alt=\"Quel financement de formation pour un salarie\" width=\"1000\" height=\"177\" srcset=\"https:\/\/www.mes-allocs.fr\/guides\/wp-content\/uploads\/2022\/05\/Quel-financement-de-formation-pour-un-salarie--e1653320906513.jpg 1000w, https:\/\/www.mes-allocs.fr\/guides\/wp-content\/uploads\/2022\/05\/Quel-financement-de-formation-pour-un-salarie--e1653320906513-300x53.jpg 300w, https:\/\/www.mes-allocs.fr\/guides\/wp-content\/uploads\/2022\/05\/Quel-financement-de-formation-pour-un-salarie--e1653320906513-768x136.jpg 768w, https:\/\/www.mes-allocs.fr\/guides\/wp-content\/uploads\/2022\/05\/Quel-financement-de-formation-pour-un-salarie--e1653320906513-600x106.jpg 600w\" sizes=\"auto, (max-width: 1000px) 100vw, 1000px\" \/><\/b><\/p>\n<p style=\"text-align: justify;\">[Mis \u00e0 jour le 03\/04\/2026] <b>Vous \u00eates salari\u00e9 et vous souhaitez changer de m\u00e9tier ou acqu\u00e9rir de nouvelles comp\u00e9tences ? En France, il existe plusieurs dispositifs d&rsquo;<a href=\"https:\/\/www.mes-allocs.fr\/guides\/aide-formation\/\">aide \u00e0 la formation<\/a> pour les salari\u00e9s qui veulent se reconvertir ou \u00e9voluer professionnellement. Mes Allocs vous explique tout sur le financement formation salari\u00e9.<\/b><\/p>\n<div class='cta-block'><div class='text'>Simulez toutes vos aides en 2 min.<\/div><a href='https:\/\/www.mes-allocs.fr\/ab-app?origin=guides\/wp-json\/wp\/v2\/posts\/50761' class='app-button fit'>Simulation gratuite<\/a><\/div>\n<p style=\"text-align: justify;\">Trouver un financement quand on est salari\u00e9 peut para\u00eetre complexe. <b>Afin d&rsquo;\u00eatre s\u00fbr de ne pas vous tromper, il est recommand\u00e9 de faire appel \u00e0 un professionnel. <\/b>Ainsi, plusieurs op\u00e9rateurs peuvent vous aider comme le service RH de votre entreprise, les conseils en insertion professionnelle, les organismes de formation, etc.<\/p>\n<p style=\"text-align: justify;\"><b><a href=\"https:\/\/www.formademia.fr\/coaching\">Mes Allocs<\/a> dispose de professionnels qui peuvent vous conseiller sur les opportunit\u00e9s d\u2019emploi pour r\u00e9aliser au mieux votre projet de reconversion. <\/b>Nous vous accompagnons dans la r\u00e9alisation de votre projet de formation en vous orientant vers la solution de financement qui convient le mieux \u00e0 votre situation.<\/p>\n<h1 style=\"text-align: justify;\">Le Compte Personnel de Formation (CPF)<\/h1>\n<p style=\"text-align: justify;\">Anciennement appel\u00e9 Droit Individuel \u00e0 la Formation (DIF), le <a href=\"https:\/\/www.mes-allocs.fr\/guides\/aide-formation\/compte-personnel-formation-cpf\/\">CPF<\/a> est un compte individuel attribu\u00e9 \u00e0 toute personne de plus de 15 ans d\u00e8s son insertion sur le march\u00e9 de l&#8217;emploi. <b>Elle permet aux salari\u00e9s, aux professions lib\u00e9rales, aux intermittents et aux personnes en recherche d\u2019emploi\u00a0de cumuler chaque ann\u00e9e des droits \u00e0 la formation professionnelle tout au long de leurs carri\u00e8res.<\/b><\/p>\n<p style=\"text-align: justify;\">Au 1<sup>er<\/sup> janvier 2019, les heures de formation cumul\u00e9es sur le compte CPF de chaque salari\u00e9 ont \u00e9t\u00e9 converties en euros. <b>Cette somme peut \u00eatre utilis\u00e9e pour une formation, le d\u00e9veloppement de nouvelles comp\u00e9tences ou une remise \u00e0 niveau. <\/b>Il s&rsquo;agit du dispositif id\u00e9al pour financer votre projet de reconversion professionnelle de mani\u00e8re autonome.<\/p>\n<p style=\"text-align: justify;\"><b>Pour conna\u00eetre le montant total cumul\u00e9 durant votre carri\u00e8re, vous devez vous connecter sur le site mon compte formation\u00a0ou l\u2019application CPF et acc\u00e9der \u00e0 votre compte personnel.<\/b> \u00c0 noter que en tant que salari\u00e9, vous cumulez au minimum 500 euros par an et votre compte est limit\u00e9 \u00e0 5 000 euros.<\/p>\n<p>Attention, toutefois, une <strong>participation financi\u00e8re de 150\u20ac<\/strong> vous est demand\u00e9e depuis le 2 avril 2026,\u00a0 si vous souhaitez mobiliser votre CPF (sauf pour certains publics comme les demandeurs d\u2019emploi).<\/p>\n<p><iframe loading=\"lazy\" title=\"Les aides \u00e0 la formation\" width=\"500\" height=\"281\" src=\"https:\/\/www.youtube.com\/embed\/gs3ZRHqtzmY?feature=oembed\" frameborder=\"0\" allow=\"accelerometer; autoplay; clipboard-write; encrypted-media; gyroscope; picture-in-picture; web-share\" referrerpolicy=\"strict-origin-when-cross-origin\" allowfullscreen><\/iframe><\/p>\n<h1 class=\"titre-bloc-bold\" style=\"text-align: justify;\">Le projet de transition professionnel (PTP)<\/h1>\n<p class=\"titre-bloc-bold\" style=\"text-align: justify;\">Le projet de transition professionnel ou le CPF de transition professionnelle a\u00a0remplac\u00e9 le cong\u00e9 individuel de formation (CIF et CIF-CDD). <b>Ce nouveau dispositif de financement permet de prendre un cong\u00e9 sp\u00e9cifique pour suivre une formation.<\/b> C&rsquo;est une solution pour financer les\u00a0formations longues qui sont souvent n\u00e9cessaires pour une reconversion professionnelle.<\/p>\n<p style=\"text-align: justify;\">Pour y pr\u00e9tendre, vous devez avoir au moins 24 mois d&rsquo;anciennet\u00e9 \u00e0 votre poste actuel pour les salari\u00e9s en Contrat \u00e0 Dur\u00e9e Ind\u00e9termin\u00e9e (CDI) ou Contrat \u00e0 Dur\u00e9e D\u00e9termin\u00e9e (CDD). Vous devez aussi obtenir l&rsquo;accord de votre employeur. <b>Lorsque vous r\u00e9unissez ces 2 conditions, vous\u00a0pr\u00e9sentez un projet de formation d\u00e9taill\u00e9 (co-construit avec un organisme de formation) et validez votre PTP aupr\u00e8s de la Commission Paritaire Interprofessionnelle R\u00e9gionale (CPIR).<\/b><\/p>\n<p style=\"text-align: justify;\"><b>Quand le projet est valid\u00e9, vous choisissez une date d\u2019entr\u00e9e en formation et faites une demande de cong\u00e9 sp\u00e9cifique \u00e0 votre employeur. <\/b>\u00c0 savoir que la demande de cong\u00e9 aupr\u00e8s de votre entreprise doit \u00eatre faite au moins 2 \u00e0 3 mois en amont du d\u00e9but de la formation. En outre, elle doit \u00eatre valid\u00e9e pour d\u00e9buter votre PTP.<\/p>\n<h1 style=\"text-align: justify;\">La Pro-A<\/h1>\n<p style=\"text-align: justify;\">La reconversion ou promotion par alternance, appel\u00e9e Pro-A, a remplac\u00e9 la p\u00e9riode de professionnalisation. <b>Ce financement permet de monter rapidement en comp\u00e9tences, par le biais de la formation, en conservant votre poste. <\/b>Solution pertinente pour \u00e9voluer\u00a0professionnellement sans perdre ni votre emploi, ni votre salaire,\u00a0elle peut \u00eatre sollicit\u00e9e par le salari\u00e9 ou l&#8217;employeur<\/p>\n<p style=\"text-align: justify;\"><b>Le dispositif de formation consiste \u00e0 suivre une formation en alternance, accompagn\u00e9e d\u2019un tuteur interne \u00e0 l\u2019entreprise.<\/b> Au terme de ce parcours, vous obtenez une certification pour \u00e9voluer dans votre entreprise ou vous reconvertir.<\/p>\n<p style=\"text-align: justify;\">L<b>a Pro-A est r\u00e9serv\u00e9e aux personnes peu qualifi\u00e9es qui ne disposent pas d\u2019une certification inscrite au r\u00e9pertoire national des certifications professionnelles (RNCP) correspondant au grade de la licence.<\/b><\/p>\n<h1 class=\"titre-bloc-bold\" style=\"text-align: justify;\">Le Plan de D\u00e9veloppement des Comp\u00e9tences (PDC)<\/h1>\n<p style=\"text-align: justify;\">Le plan de d\u00e9veloppement des comp\u00e9tences a remplac\u00e9 le plan de formation au 1<sup>er\u00a0<\/sup>janvier 2019.\u00a0<b>Il permet aux salari\u00e9s d\u2019acqu\u00e9rir de nouvelles comp\u00e9tences pour assurer leur maintien dans l\u2019emploi.<\/b> Votre entreprise prend en charge diff\u00e9rentes actions de formation pouvant accompagner votre reconversion. <b>Ainsi, le PDC couvre les actions de formation obligatoires (conventions collectives, accords de branche, etc.) ainsi que d\u2019autres non-obligatoires comme des formations certifiantes, un bilan de comp\u00e9tence, une Validation de l&rsquo;Acquis de l&rsquo;Exp\u00e9rience, etc.<br \/>\n<\/b><\/p>\n<p style=\"text-align: justify;\"><b>Un salari\u00e9 ne peut pas refuser une action de formation \u00e0 l\u2019initiative de son entreprise pour un PDC.<\/b> Elle rentre dans le cadre de son contrat de travail. <b>Par ailleurs, vous pouvez demander une formation dans le cadre du PDC, mais votre employeur est libre de l\u2019accepter ou de la refuser.<br \/>\n<\/b><\/p>\n<p style=\"text-align: justify;\"><b>Pour en b\u00e9n\u00e9ficier, vous devez vous orienter vers votre service de Ressources Humaines ou votre employeur afin de conna\u00eetre les possibilit\u00e9s de formation offertes par l&rsquo;entreprise.<\/b> Ces\u00a0formations du PDC sont d\u00e9termin\u00e9es par les diff\u00e9rents op\u00e9rateurs de comp\u00e9tence (OPCO).<\/p>\n<h1 class=\"titre-bloc-bold\" style=\"text-align: justify;\">Les Transitions Collectives (TransCo)<\/h1>\n<p style=\"text-align: justify;\"><b>Ce dispositif d&rsquo;aide \u00e0 la reconversion est r\u00e9serv\u00e9 aux emplois fragilis\u00e9s et s&rsquo;inscrit dans\u00a0le cadre du plan France Relance.<\/b> Ajout\u00e9 au PTP, il permet aux salari\u00e9s de s\u2019orienter vers des m\u00e9tiers porteurs. <b>Il concerne donc des m\u00e9tiers bien sp\u00e9cifiques, fragilis\u00e9s par la crise sanitaire.<\/b><\/p>\n<p style=\"text-align: justify;\">Ce dispositif est \u00e0 l\u2019initiative de l\u2019employeur,\u00a0qui doit mobiliser son op\u00e9rateur de comp\u00e9tences ou des prestations co-financ\u00e9es par l\u2019\u00c9tat pour \u00eatre aid\u00e9 dans la d\u00e9marche. <b>Lorsque l&rsquo;accord est transmis en ligne \u00e0 votre<span class=\"Apple-converted-space\">\u00a0<\/span>DREETS, vous devez d\u00e9poser un dossier \u00e0 l\u2019association Transitions Pro de votre r\u00e9gion.<\/b><\/p>\n<p style=\"text-align: justify;\"><b>Pour y avoir droit, le projet de reconversion doit vous orienter vers des m\u00e9tiers porteurs ou dits \u00ab en tension \u00bb, dont la liste est \u00e9tablie localement par le Comit\u00e9 R\u00e9gional de l\u2019Emploi, de la Formation et de l\u2019Orientation Professionnelles (CREFOP). <\/b>Votre parcours de reconversion devra viser une formation certifiante et sera enti\u00e8rement pris en charge. Il existe de nombreuses formations certifiantes. Le salari\u00e9 peut \u00eatre accompagn\u00e9 tout au long de son parcours par un<span class=\"Apple-converted-space\">\u00a0<\/span>conseiller en \u00e9volution professionnelle (CEP) en lien avec l\u2019association de Transitions Pro de sa r\u00e9gion.<\/p>\n<div class='cta-block'><div class='text'>Simulez toutes vos aides en 2 min.<\/div><a href='https:\/\/www.mes-allocs.fr\/ab-app?origin=guides\/wp-json\/wp\/v2\/posts\/50761' class='app-button fit'>Simulation gratuite<\/a><\/div>\n","protected":false},"excerpt":{"rendered":"<p>[Mis \u00e0 jour le 03\/04\/2026] Vous \u00eates salari\u00e9 et vous souhaitez changer de m\u00e9tier ou acqu\u00e9rir de nouvelles comp\u00e9tences ? En France, il existe plusieurs dispositifs d&rsquo;aide \u00e0 la formation pour les salari\u00e9s qui veulent se reconvertir ou \u00e9voluer professionnellement. Mes Allocs vous explique tout sur le financement formation salari\u00e9. Trouver un financement quand on [&hellip;]<\/p>\n","protected":false},"author":14,"featured_media":50853,"comment_status":"closed","ping_status":"open","sticky":false,"template":"","format":"standard","meta":{"amp_status":"","footnotes":""},"categories":[2045,5605],"tags":[],"class_list":["post-50761","post","type-post","status-publish","format-standard","has-post-thumbnail","hentry","category-aide-formation","category-financement-formation"],"yoast_head":"<!-- This site is optimized with the Yoast SEO plugin v14.9 - https:\/\/yoast.com\/wordpress\/plugins\/seo\/ -->\n<title>Quel financement de formation pour un salari\u00e9 ? | Mes-Allocs.fr<\/title>\n<meta name=\"description\" content=\"En France, il existe plusieurs dispositifs de financement pour un salari\u00e9 qui veut se reconvertir professionnellement.\" \/>\n<meta name=\"robots\" content=\"index, follow, max-snippet:-1, max-image-preview:large, max-video-preview:-1\" \/>\n<link rel=\"canonical\" href=\"https:\/\/www.mes-allocs.fr\/guides\/aide-formation\/financement-formation\/financement-formation-salarie\/\" \/>\n<meta property=\"og:locale\" content=\"fr_FR\" \/>\n<meta property=\"og:type\" content=\"article\" \/>\n<meta property=\"og:title\" content=\"Quel financement de formation pour un salari\u00e9 ? | Mes-Allocs.fr\" \/>\n<meta property=\"og:description\" content=\"En France, il existe plusieurs dispositifs de financement pour un salari\u00e9 qui veut se reconvertir professionnellement.\" \/>\n<meta property=\"og:url\" content=\"https:\/\/www.mes-allocs.fr\/guides\/aide-formation\/financement-formation\/financement-formation-salarie\/\" \/>\n<meta property=\"og:site_name\" content=\"Mes-Allocs.fr\" \/>\n<meta property=\"article:published_time\" content=\"2022-05-23T16:17:02+00:00\" \/>\n<meta property=\"article:modified_time\" content=\"2026-04-03T09:49:11+00:00\" \/>\n<meta property=\"og:image\" content=\"https:\/\/www.mes-allocs.fr\/guides\/wp-content\/uploads\/2022\/05\/Quel-financement-de-formation-pour-un-salarie-3.jpg?wsr\" \/>\n\t<meta property=\"og:image:width\" content=\"612\" \/>\n\t<meta property=\"og:image:height\" content=\"408\" \/>\n<meta name=\"twitter:card\" content=\"summary_large_image\" \/>\n<script type=\"application\/ld+json\" class=\"yoast-schema-graph\">{\"@context\":\"https:\/\/schema.org\",\"@graph\":[{\"@type\":\"WebSite\",\"@id\":\"https:\/\/www.mes-allocs.fr\/guides\/#website\",\"url\":\"https:\/\/www.mes-allocs.fr\/guides\/\",\"name\":\"Mes-Allocs.fr\",\"description\":\"\",\"potentialAction\":[{\"@type\":\"SearchAction\",\"target\":\"https:\/\/www.mes-allocs.fr\/guides\/?s={search_term_string}\",\"query-input\":\"required name=search_term_string\"}],\"inLanguage\":\"fr-FR\"},{\"@type\":\"ImageObject\",\"@id\":\"https:\/\/www.mes-allocs.fr\/guides\/aide-formation\/financement-formation\/financement-formation-salarie\/#primaryimage\",\"inLanguage\":\"fr-FR\",\"url\":\"https:\/\/www.mes-allocs.fr\/guides\/wp-content\/uploads\/2022\/05\/Quel-financement-de-formation-pour-un-salarie-3.jpg?wsr\",\"width\":612,\"height\":408,\"caption\":\"Quel financement de formation pour un salarie\"},{\"@type\":\"WebPage\",\"@id\":\"https:\/\/www.mes-allocs.fr\/guides\/aide-formation\/financement-formation\/financement-formation-salarie\/#webpage\",\"url\":\"https:\/\/www.mes-allocs.fr\/guides\/aide-formation\/financement-formation\/financement-formation-salarie\/\",\"name\":\"Quel financement de formation pour un salari\\u00e9 ? | Mes-Allocs.fr\",\"isPartOf\":{\"@id\":\"https:\/\/www.mes-allocs.fr\/guides\/#website\"},\"primaryImageOfPage\":{\"@id\":\"https:\/\/www.mes-allocs.fr\/guides\/aide-formation\/financement-formation\/financement-formation-salarie\/#primaryimage\"},\"datePublished\":\"2022-05-23T16:17:02+00:00\",\"dateModified\":\"2026-04-03T09:49:11+00:00\",\"author\":{\"@id\":\"https:\/\/www.mes-allocs.fr\/guides\/#\/schema\/person\/a3de97298fd0ffc005ebdd5628b03ca8\"},\"description\":\"En France, il existe plusieurs dispositifs de financement pour un salari\\u00e9 qui veut se reconvertir professionnellement.\",\"inLanguage\":\"fr-FR\"},{\"@type\":\"Person\",\"@id\":\"https:\/\/www.mes-allocs.fr\/guides\/#\/schema\/person\/a3de97298fd0ffc005ebdd5628b03ca8\",\"name\":\"Marina Ada Ondo\",\"image\":{\"@type\":\"ImageObject\",\"@id\":\"https:\/\/www.mes-allocs.fr\/guides\/#personlogo\",\"inLanguage\":\"fr-FR\",\"url\":\"https:\/\/www.mes-allocs.fr\/guides\/wp-content\/uploads\/2022\/02\/Photo-de-profil-150x150.png\",\"caption\":\"Marina Ada Ondo\"},\"description\":\"Marina est r\\u00e9dactrice au sein de l'\\u00e9quipe Mes Allocs, sp\\u00e9cialis\\u00e9e sur les aides aux jeunes. Dipl\\u00f4m\\u00e9e de l'ISFJ, elle rejoint Mes Allocs apr\\u00e8s une premi\\u00e8re exp\\u00e9rience en communication chez Little Africa, une agence de communication \\u00e0 Paris. Sur son temps libre, Marina lit beaucoup et passe ses dimanches au mus\\u00e9e.\",\"sameAs\":[\"https:\/\/www.linkedin.com\/in\/marinaadaondo\/\"]}]}<\/script>\n<!-- \/ Yoast SEO plugin. -->","amp_validity":null,"acf":{"faq":{"1":{"question":"Comment une entreprise peut se faire financer une formation ?","answer":"Ce sont les OPCO qui financent la mise en \u0153uvre des projets de formation des entreprises de moins de 50 salari\u00e9s. Selon les r\u00e8gles \u00e9tablies, l'OPCO prend non seulement en charge le co\u00fbt de la formation, mais aussi le salaire du collaborateur."},"2":{"question":"Comment se reconvertir sans perte de salaire ?","answer":"Pour combiner \u00e9volution professionnelle et maintien dans l'emploi sans perte de salaire, le Pro-A est une solution compl\u00e9mentaire au CPF et au PDC pour se former en alternance sur le temps de travail. Il peut \u00eatre \u00e0 l'initiative du salari\u00e9 ou de l'employeur."},"3":{"question":"Comment financer une formation sans CPF ?","answer":"Le compte professionnel de pr\u00e9vention (C2P) permet aux travailleurs de cumuler des points pour financer une formation. Le compte d'engagement citoyen (CEC) permet aussi d'acqu\u00e9rir des droits \u00e0 la formation qui vont venir s'agr\u00e9ger \u00e0 votre CPF."},"4":{"question":"Quelles sont les obligations de l'employeur en mati\u00e8re de formation ?","answer":"En mati\u00e8re de formation professionnelle, il y a plusieurs obligations \u00e0 l'\u00e9gard des salari\u00e9s notamment : la participation au financement de la formation, l'adaptation du salari\u00e9 \u00e0 son poste de travail, le maintien dans son emploi et le financement des formations obligatoires."},"5":{"question":"Quel est le budget formation d'une entreprise ?","answer":"De nombreuses moyennes et grandes entreprises investissent entre 2 et 5 % de leur budget salarial dans la formation."},"6":{"question":"Qui participe au financement de la formation professionnelle et de l'alternance ?","answer":"L'employeur doit participer au financement de la formation professionnelle. Outre son obligation de verser des contributions financi\u00e8res, il doit aussi financer directement des actions de formation en faveur de son personnel."},"7":{"question":"","answer":""},"8":{"question":"","answer":""},"9":{"question":"","answer":""},"10":{"question":"","answer":""},"11":{"question":"","answer":""},"12":{"question":"","answer":""},"13":{"question":"","answer":""},"14":{"question":"","answer":""},"15":{"question":"","answer":""},"16":{"question":"","answer":""}}},"_links":{"self":[{"href":"https:\/\/www.mes-allocs.fr\/guides\/wp-json\/wp\/v2\/posts\/50761","targetHints":{"allow":["GET"]}}],"collection":[{"href":"https:\/\/www.mes-allocs.fr\/guides\/wp-json\/wp\/v2\/posts"}],"about":[{"href":"https:\/\/www.mes-allocs.fr\/guides\/wp-json\/wp\/v2\/types\/post"}],"author":[{"embeddable":true,"href":"https:\/\/www.mes-allocs.fr\/guides\/wp-json\/wp\/v2\/users\/14"}],"replies":[{"embeddable":true,"href":"https:\/\/www.mes-allocs.fr\/guides\/wp-json\/wp\/v2\/comments?post=50761"}],"version-history":[{"count":9,"href":"https:\/\/www.mes-allocs.fr\/guides\/wp-json\/wp\/v2\/posts\/50761\/revisions"}],"predecessor-version":[{"id":111481,"href":"https:\/\/www.mes-allocs.fr\/guides\/wp-json\/wp\/v2\/posts\/50761\/revisions\/111481"}],"wp:featuredmedia":[{"embeddable":true,"href":"https:\/\/www.mes-allocs.fr\/guides\/wp-json\/wp\/v2\/media\/50853"}],"wp:attachment":[{"href":"https:\/\/www.mes-allocs.fr\/guides\/wp-json\/wp\/v2\/media?parent=50761"}],"wp:term":[{"taxonomy":"category","embeddable":true,"href":"https:\/\/www.mes-allocs.fr\/guides\/wp-json\/wp\/v2\/categories?post=50761"},{"taxonomy":"post_tag","embeddable":true,"href":"https:\/\/www.mes-allocs.fr\/guides\/wp-json\/wp\/v2\/tags?post=50761"}],"curies":[{"name":"wp","href":"https:\/\/api.w.org\/{rel}","templated":true}]}}