{"id":50590,"date":"2022-05-23T18:16:48","date_gmt":"2022-05-23T16:16:48","guid":{"rendered":"https:\/\/www.mes-allocs.fr\/guides\/?p=50590"},"modified":"2026-04-03T13:53:36","modified_gmt":"2026-04-03T12:53:36","slug":"quel-financement-de-formation-pour-demandeur-demploi","status":"publish","type":"post","link":"https:\/\/www.mes-allocs.fr\/guides\/aide-formation\/financement-formation\/quel-financement-de-formation-pour-demandeur-demploi\/","title":{"rendered":"Quel financement de formation pour demandeur d&#8217;emploi ?"},"content":{"rendered":"<p style=\"text-align: justify;\"><b><img loading=\"lazy\" decoding=\"async\" class=\"alignnone wp-image-50855 \" title=\"Quel financement de formation pour demandeur demploi\" src=\"https:\/\/www.mes-allocs.fr\/guides\/wp-content\/uploads\/2022\/05\/Quel-financement-de-formation-pour-demandeur-demploi--e1653321351714.jpg\" alt=\"Quel financement de formation pour demandeur demploi\" width=\"1401\" height=\"332\" srcset=\"https:\/\/www.mes-allocs.fr\/guides\/wp-content\/uploads\/2022\/05\/Quel-financement-de-formation-pour-demandeur-demploi--e1653321351714.jpg 1000w, https:\/\/www.mes-allocs.fr\/guides\/wp-content\/uploads\/2022\/05\/Quel-financement-de-formation-pour-demandeur-demploi--e1653321351714-300x71.jpg 300w, https:\/\/www.mes-allocs.fr\/guides\/wp-content\/uploads\/2022\/05\/Quel-financement-de-formation-pour-demandeur-demploi--e1653321351714-768x182.jpg 768w, https:\/\/www.mes-allocs.fr\/guides\/wp-content\/uploads\/2022\/05\/Quel-financement-de-formation-pour-demandeur-demploi--e1653321351714-600x142.jpg 600w\" sizes=\"auto, (max-width: 1401px) 100vw, 1401px\" \/><\/b><\/p>\n<p style=\"text-align: justify;\">[Mis \u00e0 jour le 03\/04\/2026] <b>Parce qu&rsquo;il n&rsquo;est pas toujours \u00e9vident de trouver un financement pour une formation en tant que demandeur d&#8217;emploi, diff\u00e9rents organismes disposent d&rsquo;<a href=\"https:\/\/www.mes-allocs.fr\/guides\/aide-formation\/\">aides \u00e0 la formation<\/a> pour vous aider \u00e0 vous former. Ces derni\u00e8res ont pour but de vous soutenir dans votre r\u00e9insertion professionnelle. Alors, financement formation demandeur d emploi : comment en b\u00e9n\u00e9ficier ?<\/b><\/p>\n<div class='cta-block'><div class='text'>Simulez toutes vos aides en 2 min.<\/div><a href='https:\/\/www.mes-allocs.fr\/ab-app?origin=guides\/wp-json\/wp\/v2\/posts\/50590' class='app-button fit'>Simulation gratuite<\/a><\/div>\n<h1 style=\"text-align: justify;\">Le Compte Personnel de Formation (CPF)<\/h1>\n<p style=\"text-align: justify;\">Comme les salari\u00e9s, les demandeurs d&#8217;emploi disposent d&rsquo;un <a href=\"https:\/\/www.mes-allocs.fr\/guides\/aide-formation\/compte-personnel-formation-cpf\/\">Compte Personnel de Formation<\/a> (CPF). <b>Ce dispositif vous permet de cumuler chaque ann\u00e9e de l&rsquo;argent, et vous pouvez l&rsquo;utiliser pour vous former \u00e0 tout moment.<\/b><\/p>\n<p style=\"text-align: justify;\"><b>Les formations \u00e9ligibles au CPF sont quasiment toutes des formations qualifiantes ou certifiantes.<\/b> Il est aussi possible d\u2019utiliser le dispositif pour effectuer un bilan de comp\u00e9tences, une Validation des Acquis de l&rsquo;Exp\u00e9rience, pour passer le <a href=\"https:\/\/www.mes-allocs.fr\/guides\/aide-formation\/compte-personnel-formation-cpf\/\">permis<\/a> ou m\u00eame cr\u00e9er votre entreprise si vous le souhaitez.<\/p>\n<p style=\"text-align: justify;\"><b>Pour utiliser les droits CPF, vous devez effectuer la d\u00e9marche en ligne et\u00a0choisir une formation qui est \u00e9ligible.<\/b> La liste des formations \u00e9ligibles au CPF est disponible directement sur le site d\u00e9di\u00e9.<\/p>\n<p>Attention, depuis le 2 avril 2026, une <strong>participation financi\u00e8re de 150\u20ac<\/strong> est demand\u00e9e si vous souhaitez mobiliser votre CPF (sauf pour certains publics comme les demandeurs d\u2019emploi).<\/p>\n<h2 style=\"text-align: justify;\">L\u2019Aide au Retour \u00e0 l\u2019Emploi Formation (AREF)<\/h2>\n<p style=\"text-align: justify;\">Cette aide est r\u00e9serv\u00e9e aux personnes b\u00e9n\u00e9ficiant de l\u2019Aide au Retour \u00e0 l\u2019Emploi (ARE). <b>Elle permet de suivre une <a href=\"https:\/\/www.mes-allocs.fr\/guides\/aide-formation\/action-de-formation-conventionnee\/\">Action de Formation Conventionn\u00e9e<\/a> (AFC) propos\u00e9e par P\u00f4le Emploi dans le cadre d&rsquo;un Projet Personnalis\u00e9 d\u2019Acc\u00e8s \u00e0 l&#8217;emploi (PPAE).<\/b><\/p>\n<p style=\"text-align: justify;\"><b>Le montant de l&rsquo;aide \u00e9quivaut \u00e0 celui de l&rsquo;ARE de base, except\u00e9 pour les salari\u00e9s \u00e0 temps partiel<\/b>.<\/p>\n<p style=\"text-align: justify;\"><b>Pour demander l\u2019AREF, vous devez valider votre projet de formation avec votre conseiller P\u00f4le Emploi.<\/b> Cet accompagnement vous permet d&rsquo;\u00eatre s\u00fbr que la formation souhait\u00e9e est conventionn\u00e9e.<\/p>\n<h1 class=\"titre-bloc-bold\" style=\"text-align: justify;\">La Pr\u00e9paration Op\u00e9rationnelle \u00e0 l\u2019Emploi Individuelle (POEI)<\/h1>\n<p style=\"text-align: justify;\"><b>Il s&rsquo;agit d&rsquo;une allocation qui vous permet de vous former afin de r\u00e9pondre aux besoins pr\u00e9cis d\u2019une offre d\u2019emploi d\u00e9pos\u00e9e par une entreprise sur le site de P\u00f4le Emploi.<\/b> Ainsi, la POEI est une mise \u00e0 niveau op\u00e9rationnelle sur des comp\u00e9tences bien pr\u00e9cises.<\/p>\n<p style=\"text-align: justify;\"><b>Lorsque vous suivez une POEI, vous \u00eates indemnis\u00e9 au titre de \u00a0\u00bb stagiaire de la formation professionnelle\u00a0\u00bb.<\/b> En cas d&#8217;embauche au terme de la formation, l\u2019entreprise peut percevoir une aide au financement de la formation. <b>De plus, cette aide peut \u00eatre compl\u00e9t\u00e9e par les OPCO.<\/b><\/p>\n<p style=\"text-align: justify;\">Pour b\u00e9n\u00e9ficier de la prestation, vous devez vous connecter sur le site de P\u00f4le Emploi et s\u00e9lectionner une offre d&#8217;emploi n\u00e9cessitant une POEI. <b>Il faut ensuite vous rapprocher de votre conseiller P\u00f4le Emploi afin de conna\u00eetre la suite des d\u00e9marches.<\/b><\/p>\n<p><iframe loading=\"lazy\" title=\"Les aides \u00e0 la formation\" width=\"500\" height=\"281\" src=\"https:\/\/www.youtube.com\/embed\/gs3ZRHqtzmY?feature=oembed\" frameborder=\"0\" allow=\"accelerometer; autoplay; clipboard-write; encrypted-media; gyroscope; picture-in-picture; web-share\" referrerpolicy=\"strict-origin-when-cross-origin\" allowfullscreen><\/iframe><\/p>\n<h1 class=\"titre-bloc-bold\" style=\"text-align: justify;\">La Pr\u00e9paration Op\u00e9rationnelle \u00e0 l\u2019Emploi Collective (POEC)<\/h1>\n<p style=\"text-align: justify;\"><b>Similaire \u00e0 la POEI, la POEC aide \u00e0 former plusieurs personnes inscrites \u00e0 P\u00f4le emploi pour r\u00e9pondre \u00e0 des besoins de recrutement sur des m\u00e9tiers pr\u00e9cis.<\/b> \u00c0 l&rsquo;initiative des diff\u00e9rents OPCO, des branches professionnelles et des entreprises, le financement correspond \u00e0 des besoins sur des emplois identifi\u00e9s en amont.<\/p>\n<p style=\"text-align: justify;\"><b>Pendant la formation, vous continuez de percevoir vos\u00a0indemnit\u00e9s et les frais de formation sont pris en charge.<\/b> \u00c9videmment, l\u2019objectif est de proc\u00e9der \u00e0 un maximum d&#8217;embauche \u00e0 la fin de la pr\u00e9paration.<\/p>\n<h1 class=\"titre-bloc-bold\" style=\"text-align: justify;\">L\u2019Aide Individuelle \u00e0 la Formation (AIF)<\/h1>\n<p style=\"text-align: justify;\"><b>L&rsquo;AIF est adress\u00e9e \u00e0 tous les demandeurs d\u2019emploi, aux personnes en Convention de Reclassement Personnalis\u00e9 (CRP), en Contrat de Transition Professionnel (CTP) ou en Contrat S\u00e9curisation Professionnelle (CSP).<\/b><\/p>\n<p style=\"text-align: justify;\"><b>L&rsquo;allocation est propos\u00e9e pour les formations non prises en charge par les autres dispositifs de financement de formation.<\/b> Ainsi, elle peut compl\u00e9ter totalement ou partiellement les aides des collectivit\u00e9s territoriales et les organismes de formation.<\/p>\n<p style=\"text-align: justify;\"><b>Pour percevoir le financement, vous devez contacter votre conseiller P\u00f4le emploi.<\/b><\/p>\n<h1 class=\"titre-bloc-bold\" style=\"text-align: justify;\">Les Actions de Formation Conventionn\u00e9es (AFC)<\/h1>\n<p style=\"text-align: justify;\"><b>Ce dispositif permet de solidifier votre socle de comp\u00e9tence afin de r\u00e9pondre aux besoins et exigences du march\u00e9 du travail. En effet, l&rsquo;AFC a pour but d&rsquo;accorder votre profil pour faciliter votre acc\u00e8s \u00e0 l&#8217;emploi.<\/b>\u00a0Les actions peuvent \u00eatre mises en \u0153uvre individuellement ou collectivement.<\/p>\n<p style=\"text-align: justify;\"><b>Elles sont prises en charge par P\u00f4le Emploi et propos\u00e9es directement par les conseillers.<\/b><\/p>\n<h1 class=\"titre-bloc-bold\" style=\"text-align: justify;\">La R\u00e9mun\u00e9ration de Fin de Formation (RFF)<\/h1>\n<p style=\"text-align: justify;\"><b>Lorsque vous \u00eates inscrit \u00e0 P\u00f4le Emploi et que votre indemnisation arrive \u00e0 son terme avant la fin de votre formation, alors vous pouvez percevoir la RFF. <\/b>Les conditions d&rsquo;obtention varient en fonction de votre situation et de la formation suivie.<\/p>\n<p style=\"text-align: justify;\"><b>Le financement prend le relais de l&rsquo;ARE dans le cas o\u00f9 celle-ci s&rsquo;arr\u00eaterait au cours de la formation, et ce, jusqu&rsquo;\u00e0 la fin de cette derni\u00e8re.<\/b><\/p>\n<h1 style=\"text-align: justify;\">La R\u00e9mun\u00e9ration des Formations de P\u00f4le Emploi (RFPE)<\/h1>\n<p style=\"text-align: justify;\">La RFPE, d\u00e9sormais appel\u00e9e la r\u00e9mun\u00e9ration de Formation de France Travail (RFFT), vous correspond si vous n&rsquo;\u00eates pas b\u00e9n\u00e9ficiaire de l&rsquo;ARE, mais que vous \u00eates inscrit comme demandeur d&#8217;emploi et que vous souhaitez suivre une formation conventionn\u00e9e. <b>En effet, elle permet de suivre une\u00a0formation tout en \u00e9tant r\u00e9mun\u00e9r\u00e9.<\/b><\/p>\n<p style=\"text-align: justify;\"><b>C&rsquo;est une aide vers\u00e9e tous les mois, dont le montant d\u00e9pend de la dur\u00e9e de la formation choisie ainsi que de votre situation.<\/b><\/p>\n<h1 style=\"text-align: justify;\">Ch\u00e8que Pass Formation<\/h1>\n<p style=\"text-align: justify;\"><b>Le ch\u00e8que Pass Formation est une aide de la R\u00e9gion adress\u00e9e \u00e0 toutes les personnes qui suivent une formation \u00e9ligible au CPF. Elle se pr\u00e9sente sous la forme d&rsquo;un abondement et compl\u00e8te le financement individuel via le CPF.<\/b><\/p>\n<p style=\"text-align: justify;\"><b>Pour y pr\u00e9tendre, vous devez \u00eatre en recherche d\u2019emploi, disposer d&rsquo;un compte CPF et cumuler au moins 500 euros de droits de formation.<\/b> Il faut ensuite postuler \u00e0 une formation inscrite au R\u00e9pertoire National des Comp\u00e9tences Professionnelles (RNCP).<\/p>\n<p style=\"text-align: justify;\"><b>Afin de conna\u00eetre les conditions pr\u00e9cises d\u2019attribution, vous devez vous renseigner aupr\u00e8s de votre Conseil R\u00e9gional.<\/b><\/p>\n<h1 style=\"text-align: justify;\">Reconversion\u00a0professionnelle : quelles sont les aides ?<\/h1>\n<p style=\"text-align: justify;\"><b>Seules les personnes qui ont subi un licenciement ou qui ont obtenu une rupture conventionnelle sont \u00e9ligibles \u00e0 l\u2019ARE.<\/b> Cette derni\u00e8re est calcul\u00e9e sur la base du dernier salaire pour une dur\u00e9e de 2 ans maximum. <b>Il s&rsquo;agit aussi d&rsquo;une v\u00e9ritable aide pour financer votre formation.<\/b><\/p>\n<p style=\"text-align: justify;\"><b>Si vous souhaitez quitter votre emploi pour effectuer une reconversion professionnelle, depuis le 1er novembre 2019, c&rsquo;est possible de b\u00e9n\u00e9ficier de l\u2019allocation ch\u00f4mage sous certaines conditions :<\/b><\/p>\n<ul>\n<li style=\"text-align: justify;\">Vous devez avoir un nouveau projet professionnel<\/li>\n<li style=\"text-align: justify;\">Vous devez \u00eatre en Contrat \u00e0 Dur\u00e9e Ind\u00e9termin\u00e9e (CDI)<\/li>\n<li style=\"text-align: justify;\">Vous devez justifier au minimum de 5 ann\u00e9es d\u2019activit\u00e9 salari\u00e9e continue (1 300 jours) dans les 60 mois qui pr\u00e9c\u00e8dent la d\u00e9mission (les cong\u00e9s sans solde, sabbatiques ou p\u00e9riodes de disponibilit\u00e9 ne sont pas pris en compte)<\/li>\n<\/ul>\n<p style=\"text-align: justify;\"><b>Pour plus d&rsquo;information sur l&rsquo;ARE, vous pouvez vous renseigner aupr\u00e8s de P\u00f4le Emploi.<\/b><\/p>\n<p style=\"text-align: justify;\"><div class='cta-block'><div class='text'>Simulez toutes vos aides en 2 min.<\/div><a href='https:\/\/www.mes-allocs.fr\/ab-app?origin=guides\/wp-json\/wp\/v2\/posts\/50590' class='app-button fit'>Simulation gratuite<\/a><\/div><\/p>\n","protected":false},"excerpt":{"rendered":"<p>[Mis \u00e0 jour le 03\/04\/2026] Parce qu&rsquo;il n&rsquo;est pas toujours \u00e9vident de trouver un financement pour une formation en tant que demandeur d&#8217;emploi, diff\u00e9rents organismes disposent d&rsquo;aides \u00e0 la formation pour vous aider \u00e0 vous former. Ces derni\u00e8res ont pour but de vous soutenir dans votre r\u00e9insertion professionnelle. Alors, financement formation demandeur d emploi : [&hellip;]<\/p>\n","protected":false},"author":14,"featured_media":50856,"comment_status":"closed","ping_status":"open","sticky":false,"template":"","format":"standard","meta":{"amp_status":"","footnotes":""},"categories":[2045,5605],"tags":[],"class_list":["post-50590","post","type-post","status-publish","format-standard","has-post-thumbnail","hentry","category-aide-formation","category-financement-formation"],"yoast_head":"<!-- This site is optimized with the Yoast SEO plugin v14.9 - https:\/\/yoast.com\/wordpress\/plugins\/seo\/ -->\n<title>Quel financement de formation pour demandeur d&#039;emploi ? | Mes-Allocs.fr<\/title>\n<meta name=\"description\" content=\"Diff\u00e9rents organismes disposent d&#039;aide pour vous aider \u00e0 vous former, afin de vous soutenir dans votre r\u00e9insertion professionnelle.\" \/>\n<meta name=\"robots\" content=\"index, follow, max-snippet:-1, max-image-preview:large, max-video-preview:-1\" \/>\n<link rel=\"canonical\" href=\"https:\/\/www.mes-allocs.fr\/guides\/aide-formation\/financement-formation\/quel-financement-de-formation-pour-demandeur-demploi\/\" \/>\n<meta property=\"og:locale\" content=\"fr_FR\" \/>\n<meta property=\"og:type\" content=\"article\" \/>\n<meta property=\"og:title\" content=\"Quel financement de formation pour demandeur d&#039;emploi ? | Mes-Allocs.fr\" \/>\n<meta property=\"og:description\" content=\"Diff\u00e9rents organismes disposent d&#039;aide pour vous aider \u00e0 vous former, afin de vous soutenir dans votre r\u00e9insertion professionnelle.\" \/>\n<meta property=\"og:url\" content=\"https:\/\/www.mes-allocs.fr\/guides\/aide-formation\/financement-formation\/quel-financement-de-formation-pour-demandeur-demploi\/\" \/>\n<meta property=\"og:site_name\" content=\"Mes-Allocs.fr\" \/>\n<meta property=\"article:published_time\" content=\"2022-05-23T16:16:48+00:00\" \/>\n<meta property=\"article:modified_time\" content=\"2026-04-03T12:53:36+00:00\" \/>\n<meta property=\"og:image\" content=\"https:\/\/www.mes-allocs.fr\/guides\/wp-content\/uploads\/2022\/05\/Quel-financement-de-formation-pour-demandeur-demploi-2.jpg?wsr\" \/>\n\t<meta property=\"og:image:width\" content=\"612\" \/>\n\t<meta property=\"og:image:height\" content=\"408\" \/>\n<meta name=\"twitter:card\" content=\"summary_large_image\" \/>\n<script type=\"application\/ld+json\" class=\"yoast-schema-graph\">{\"@context\":\"https:\/\/schema.org\",\"@graph\":[{\"@type\":\"WebSite\",\"@id\":\"https:\/\/www.mes-allocs.fr\/guides\/#website\",\"url\":\"https:\/\/www.mes-allocs.fr\/guides\/\",\"name\":\"Mes-Allocs.fr\",\"description\":\"\",\"potentialAction\":[{\"@type\":\"SearchAction\",\"target\":\"https:\/\/www.mes-allocs.fr\/guides\/?s={search_term_string}\",\"query-input\":\"required name=search_term_string\"}],\"inLanguage\":\"fr-FR\"},{\"@type\":\"ImageObject\",\"@id\":\"https:\/\/www.mes-allocs.fr\/guides\/aide-formation\/financement-formation\/quel-financement-de-formation-pour-demandeur-demploi\/#primaryimage\",\"inLanguage\":\"fr-FR\",\"url\":\"https:\/\/www.mes-allocs.fr\/guides\/wp-content\/uploads\/2022\/05\/Quel-financement-de-formation-pour-demandeur-demploi-2.jpg?wsr\",\"width\":612,\"height\":408,\"caption\":\"Quel financement de formation pour demandeur demploi\"},{\"@type\":\"WebPage\",\"@id\":\"https:\/\/www.mes-allocs.fr\/guides\/aide-formation\/financement-formation\/quel-financement-de-formation-pour-demandeur-demploi\/#webpage\",\"url\":\"https:\/\/www.mes-allocs.fr\/guides\/aide-formation\/financement-formation\/quel-financement-de-formation-pour-demandeur-demploi\/\",\"name\":\"Quel financement de formation pour demandeur d'emploi ? | Mes-Allocs.fr\",\"isPartOf\":{\"@id\":\"https:\/\/www.mes-allocs.fr\/guides\/#website\"},\"primaryImageOfPage\":{\"@id\":\"https:\/\/www.mes-allocs.fr\/guides\/aide-formation\/financement-formation\/quel-financement-de-formation-pour-demandeur-demploi\/#primaryimage\"},\"datePublished\":\"2022-05-23T16:16:48+00:00\",\"dateModified\":\"2026-04-03T12:53:36+00:00\",\"author\":{\"@id\":\"https:\/\/www.mes-allocs.fr\/guides\/#\/schema\/person\/a3de97298fd0ffc005ebdd5628b03ca8\"},\"description\":\"Diff\\u00e9rents organismes disposent d'aide pour vous aider \\u00e0 vous former, afin de vous soutenir dans votre r\\u00e9insertion professionnelle.\",\"inLanguage\":\"fr-FR\"},{\"@type\":\"Person\",\"@id\":\"https:\/\/www.mes-allocs.fr\/guides\/#\/schema\/person\/a3de97298fd0ffc005ebdd5628b03ca8\",\"name\":\"Marina Ada Ondo\",\"image\":{\"@type\":\"ImageObject\",\"@id\":\"https:\/\/www.mes-allocs.fr\/guides\/#personlogo\",\"inLanguage\":\"fr-FR\",\"url\":\"https:\/\/www.mes-allocs.fr\/guides\/wp-content\/uploads\/2022\/02\/Photo-de-profil-150x150.png\",\"caption\":\"Marina Ada Ondo\"},\"description\":\"Marina est r\\u00e9dactrice au sein de l'\\u00e9quipe Mes Allocs, sp\\u00e9cialis\\u00e9e sur les aides aux jeunes. Dipl\\u00f4m\\u00e9e de l'ISFJ, elle rejoint Mes Allocs apr\\u00e8s une premi\\u00e8re exp\\u00e9rience en communication chez Little Africa, une agence de communication \\u00e0 Paris. Sur son temps libre, Marina lit beaucoup et passe ses dimanches au mus\\u00e9e.\",\"sameAs\":[\"https:\/\/www.linkedin.com\/in\/marinaadaondo\/\"]}]}<\/script>\n<!-- \/ Yoast SEO plugin. -->","amp_validity":null,"acf":{"faq":{"1":{"question":"Comment se faire financer une formation quand on est demandeur d'emploi ?","answer":"Vous pouvez utiliser : \r\nLe CPF (Compte personnel de formation)\r\nL'aide au retour \u00e0 l'emploi formation (AREF)\r\nLa pr\u00e9paration op\u00e9rationnelle \u00e0 l'emploi individuelle (POEI)\r\nLa pr\u00e9paration op\u00e9rationnelle \u00e0 l'emploi collective (POEC)\r\nL'aide individuelle \u00e0 la formation (AIF), etc."},"2":{"question":"Est-ce que P\u00f4le emploi peut financer une formation ?","answer":"P\u00f4le emploi finance prioritairement les formations des demandeurs d'emploi. La condition est d'\u00eatre inscrit \u00e0 P\u00f4le emploi et d'avoir valid\u00e9 son projet de formation avec un conseiller P\u00f4le emploi. Le Conseil R\u00e9gional finance prioritairement les formations des personnes qui ne sont pas indemnis\u00e9s par P\u00f4le emploi."},"3":{"question":"Quel organisme peut aider \u00e0 financer une formation ?","answer":"Le financement se fait par le biais de P\u00f4le Emploi, les OPCO ou encore les employeurs. "},"4":{"question":"Comment se faire financer sa formation par la R\u00e9gion ?","answer":"Selon la l\u00e9gislation locale, le financement d'une formation par le conseil r\u00e9gional est envisageable sous forme de ch\u00e8ques de formation. La personne per\u00e7oit une somme d\u00e9termin\u00e9e en fonction de sa situation et de la pertinence de son dossier. La r\u00e9gion finance aussi les formations sous forme de r\u00e9mun\u00e9ration."},"5":{"question":"Comment financer une formation non prise en charge par le CPF ?","answer":"Le compte professionnel de pr\u00e9vention (C2P) permet aux travailleurs de cumuler des points pour financer une formation. Le compte d'engagement citoyen (CEC) permet aussi d'acqu\u00e9rir des droits \u00e0 la formation qui vont venir s'agr\u00e9ger \u00e0 votre CPF."},"6":{"question":"Qui peut beneficier d'une formation par P\u00f4le emploi ?","answer":"Pour b\u00e9n\u00e9ficier de ce syst\u00e8me, il est obligatoire d'avoir valid\u00e9 son inscription en tant que demandeur d'emploi, et d'avoir motiv\u00e9 sa demande par une lettre de demande de formation professionnelle."},"7":{"question":"","answer":""},"8":{"question":"","answer":""},"9":{"question":"","answer":""},"10":{"question":"","answer":""},"11":{"question":"","answer":""},"12":{"question":"","answer":""},"13":{"question":"","answer":""},"14":{"question":"","answer":""},"15":{"question":"","answer":""},"16":{"question":"","answer":""}}},"_links":{"self":[{"href":"https:\/\/www.mes-allocs.fr\/guides\/wp-json\/wp\/v2\/posts\/50590","targetHints":{"allow":["GET"]}}],"collection":[{"href":"https:\/\/www.mes-allocs.fr\/guides\/wp-json\/wp\/v2\/posts"}],"about":[{"href":"https:\/\/www.mes-allocs.fr\/guides\/wp-json\/wp\/v2\/types\/post"}],"author":[{"embeddable":true,"href":"https:\/\/www.mes-allocs.fr\/guides\/wp-json\/wp\/v2\/users\/14"}],"replies":[{"embeddable":true,"href":"https:\/\/www.mes-allocs.fr\/guides\/wp-json\/wp\/v2\/comments?post=50590"}],"version-history":[{"count":10,"href":"https:\/\/www.mes-allocs.fr\/guides\/wp-json\/wp\/v2\/posts\/50590\/revisions"}],"predecessor-version":[{"id":111523,"href":"https:\/\/www.mes-allocs.fr\/guides\/wp-json\/wp\/v2\/posts\/50590\/revisions\/111523"}],"wp:featuredmedia":[{"embeddable":true,"href":"https:\/\/www.mes-allocs.fr\/guides\/wp-json\/wp\/v2\/media\/50856"}],"wp:attachment":[{"href":"https:\/\/www.mes-allocs.fr\/guides\/wp-json\/wp\/v2\/media?parent=50590"}],"wp:term":[{"taxonomy":"category","embeddable":true,"href":"https:\/\/www.mes-allocs.fr\/guides\/wp-json\/wp\/v2\/categories?post=50590"},{"taxonomy":"post_tag","embeddable":true,"href":"https:\/\/www.mes-allocs.fr\/guides\/wp-json\/wp\/v2\/tags?post=50590"}],"curies":[{"name":"wp","href":"https:\/\/api.w.org\/{rel}","templated":true}]}}