{"id":50493,"date":"2022-11-08T17:32:24","date_gmt":"2022-11-08T15:32:24","guid":{"rendered":"https:\/\/www.mes-allocs.fr\/guides\/?p=50493"},"modified":"2024-08-05T15:11:16","modified_gmt":"2024-08-05T13:11:16","slug":"aide-mobilite-salarie","status":"publish","type":"post","link":"https:\/\/www.mes-allocs.fr\/guides\/aide-par-situation\/aide-salarie\/aide-mobilite-salarie\/","title":{"rendered":"Aide mobilit\u00e9 salari\u00e9 : montant, conditions, demande"},"content":{"rendered":"<p style=\"text-align: justify;\"><b><img loading=\"lazy\" decoding=\"async\" class=\"alignnone wp-image-57993 size-full\" title=\"Aide mobilite salarie montant conditions demande\" src=\"https:\/\/www.mes-allocs.fr\/guides\/wp-content\/uploads\/2022\/11\/Aide-mobilite-salarie-montant-conditions-demande-e1668440426661.png\" alt=\"Aide mobilite salarie montant conditions demande\" width=\"1560\" height=\"347\" srcset=\"https:\/\/www.mes-allocs.fr\/guides\/wp-content\/uploads\/2022\/11\/Aide-mobilite-salarie-montant-conditions-demande-e1668440426661.png 1560w, https:\/\/www.mes-allocs.fr\/guides\/wp-content\/uploads\/2022\/11\/Aide-mobilite-salarie-montant-conditions-demande-e1668440426661-300x67.png 300w, https:\/\/www.mes-allocs.fr\/guides\/wp-content\/uploads\/2022\/11\/Aide-mobilite-salarie-montant-conditions-demande-e1668440426661-1024x228.png 1024w, https:\/\/www.mes-allocs.fr\/guides\/wp-content\/uploads\/2022\/11\/Aide-mobilite-salarie-montant-conditions-demande-e1668440426661-768x171.png 768w, https:\/\/www.mes-allocs.fr\/guides\/wp-content\/uploads\/2022\/11\/Aide-mobilite-salarie-montant-conditions-demande-e1668440426661-1536x342.png 1536w, https:\/\/www.mes-allocs.fr\/guides\/wp-content\/uploads\/2022\/11\/Aide-mobilite-salarie-montant-conditions-demande-e1668440426661-600x133.png 600w\" sizes=\"auto, (max-width: 1560px) 100vw, 1560px\" \/>Comment b\u00e9n\u00e9ficier d&rsquo;une aide mobilit\u00e9 en tant que salari\u00e9 ? Mes Allocs vous explique les aides disponibles, les conditions \u00e0 respecter et les d\u00e9marches \u00e0 effectuer<\/b><\/p>\n<p style=\"text-align: justify;\">\n<h1 style=\"text-align: justify;\">L&rsquo;aide AGRI-MOBILIT\u00c9<\/h1>\n<p style=\"text-align: justify;\"><b>Les agriculteurs peuvent b\u00e9n\u00e9ficier d&rsquo;une aide \u00e0 la mobilit\u00e9 afin de couvrir les frais li\u00e9s \u00e0 un d\u00e9m\u00e9nagement.<\/b> Il s&rsquo;agit d&rsquo;une prestation\u00a0accessibles aux salari\u00e9s\u00a0mais aussi au\u00a0\u00e9tudiants\u00a0de l\u2019enseignement agricole.<\/p>\n<div class=\"page\" title=\"Page 1\">\n<div class=\"section\">\n<div class=\"layoutArea\">\n<div class=\"column\">\n<p style=\"text-align: justify;\"><b>L\u2019aide AGRI-MOBILITE prend en charge :<\/b><\/p>\n<div class=\"page\" title=\"Page 1\">\n<div class=\"section\">\n<div class=\"layoutArea\">\n<div class=\"column\">\n<ul>\n<li style=\"text-align: justify;\">Les frais d\u2019accompagnement \u00e0 la recherche d\u2019un logement (en location ou en accession) par un par un op\u00e9rateur sp\u00e9cialis\u00e9 de votre choix ;<\/li>\n<li style=\"text-align: justify;\">Une partie des d\u00e9penses li\u00e9es \u00e0 votre d\u00e9m\u00e9nagement.<\/li>\n<\/ul>\n<\/div>\n<\/div>\n<\/div>\n<\/div>\n<\/div>\n<\/div>\n<\/div>\n<\/div>\n<h2 style=\"text-align: justify;\">Qui peut b\u00e9n\u00e9ficier de l&rsquo;aide ?<\/h2>\n<p style=\"text-align: justify;\"><b>Pour b\u00e9n\u00e9ficier de l&rsquo;allocation, vous devez :<\/b><\/p>\n<ul>\n<li style=\"text-align: justify;\">\u00catre salari\u00e9 d&rsquo;une entreprises agricoles cotisantes ou \u00e9tudiant au sein d&rsquo;un \u00e9tablissement agricole en situation de mobilit\u00e9 professionnelle ;<\/li>\n<li style=\"text-align: justify;\">\u00catre embauch\u00e9, mut\u00e9 ou envoy\u00e9 en formation dans le cadre d\u2019un plan de sauvegarde de l\u2019emploi, et vous devez changer de r\u00e9sidence principale ou prendre un second logement ;<\/li>\n<li style=\"text-align: justify;\">Avoir des revenus inf\u00e9rieurs aux plafonds PLI.<\/li>\n<\/ul>\n<p style=\"text-align: justify;\"><b>La distance entre l\u2019ancienne et la nouvelle r\u00e9sidence doit \u00eatre\u00a0sup\u00e9rieure \u00e0 70 Km ou le temps de trajet entre l\u2019ancienne r\u00e9sidence et le nouveau lieu d\u2019emploi doit \u00eatre sup\u00e9rieur \u00e0 1h15.<\/b><\/p>\n<h2 style=\"text-align: justify;\">Quel est le montant de l&rsquo;aide ?<\/h2>\n<p class=\"amp-wp-7d27179\" style=\"text-align: justify;\" data-amp-original-style=\"text-align: justify;\"><b>La subvention peut \u00eatre de 3 200 euros maximum.<\/b> \u00c0 savoir que vous\u00a0n\u2019avez pas le droit \u00e0 plus d\u2019une aide par p\u00e9riode de deux ans par foyer.<\/p>\n<h2 style=\"text-align: justify;\" data-amp-original-style=\"text-align: justify;\">La demande d&rsquo;AGRI-MOBILIT\u00c9 ?<\/h2>\n<p style=\"text-align: justify;\" data-amp-original-style=\"text-align: justify;\">Vous devez effectuer la demande d&rsquo;aide en ligne sur le site d&rsquo;Action Logement. Elle n&rsquo;est accord\u00e9e qu&rsquo;apr\u00e8s la r\u00e9alisation effective de l\u2019embauche, la mutation ou l\u2019entr\u00e9e en formation soit au demandeur ou alors au bailleur.<\/p>\n<p style=\"text-align: justify;\" data-amp-original-style=\"text-align: justify;\"><b>Le versement ne se fait qu\u2019apr\u00e8s r\u00e9ception de l\u2019ensemble des pi\u00e8ces justificatives.<\/b><\/p>\n<h1 style=\"text-align: justify;\" data-amp-original-style=\"text-align: justify;\"><span id=\"Les_aides_a_la_mobilite_individuelle_a_letranger\">Les aides \u00e0 la mobilit\u00e9 individuelle \u00e0 l\u2019\u00e9tranger<\/span><\/h1>\n<p style=\"text-align: justify;\" data-amp-original-style=\"text-align: justify;\"><b>Pour les \u00e9tudiants et apprentis en formation initiale scolaire dans un \u00e9tablissement d\u2019enseignement sup\u00e9rieur agronomique, v\u00e9t\u00e9rinaire ou paysagiste, il est possible d&rsquo;obtenir une aide \u00e0 la mobilit\u00e9 \u00e0 l&rsquo;internationale.<img loading=\"lazy\" decoding=\"async\" class=\" wp-image-57991 alignright\" title=\"Aide mobilite salarie montant conditions demande\" src=\"https:\/\/www.mes-allocs.fr\/guides\/wp-content\/uploads\/2022\/11\/Aide-mobilite-salarie-montant-conditions-demande-2-300x200.jpeg\" alt=\"Aide mobilite salarie montant conditions demande\" width=\"372\" height=\"248\" srcset=\"https:\/\/www.mes-allocs.fr\/guides\/wp-content\/uploads\/2022\/11\/Aide-mobilite-salarie-montant-conditions-demande-2-300x200.jpeg 300w, https:\/\/www.mes-allocs.fr\/guides\/wp-content\/uploads\/2022\/11\/Aide-mobilite-salarie-montant-conditions-demande-2-600x400.jpeg 600w, https:\/\/www.mes-allocs.fr\/guides\/wp-content\/uploads\/2022\/11\/Aide-mobilite-salarie-montant-conditions-demande-2.jpeg 612w\" sizes=\"auto, (max-width: 372px) 100vw, 372px\" \/><\/b><\/p>\n<p style=\"text-align: justify;\" data-amp-original-style=\"text-align: justify;\"><b>Pour en b\u00e9n\u00e9ficier, la dur\u00e9e de votre s\u00e9jour doit \u00eatre de 1 \u00e0 6 mois. <\/b>Les conditions d&rsquo;obtention diff\u00e8rent selon que votre\u00a0dure entre 1 et 3 mois ou entre 3 et 6 mois.\u00a0En outre le montant de la prime est fix\u00e9e apr\u00e8s \u00e9tude de votre demande.<\/p>\n<p style=\"text-align: justify;\" data-amp-original-style=\"text-align: justify;\"><b>Pour avoir acc\u00e8s \u00e0 cette aide, vous devez imp\u00e9rativement :<\/b><\/p>\n<ul>\n<li style=\"text-align: justify;\">Avoir entre 18 et 30 ans ;<\/li>\n<li style=\"text-align: justify;\">\u00catre \u00e9tudiant dans un cursus sous tutelle du Minist\u00e8re de l\u2019agriculture, de l\u2019agroalimentaire et de la for\u00eat (MAAF) en formation initiale ;<\/li>\n<li style=\"text-align: justify;\">Avoir un brevet de technicien sup\u00e9rieur agricole dipl\u00f4mant ing\u00e9nieur, v\u00e9t\u00e9rinaire ou paysagiste ;<\/li>\n<li style=\"text-align: justify;\">Faire la demande \u00e0 partir de janvier de l\u2019ann\u00e9e scolaire en cours.<\/li>\n<\/ul>\n<div class=\"field field-name-field-conditions-particulieres field-type-text-long field-label-above\">\n<div class=\"field-items\">\n<div class=\"field-item even\" style=\"text-align: justify;\"><b>Les \u00e9tudiants peuvent b\u00e9n\u00e9ficier de cette aide s\u2019ils r\u00e9alisent un stage \u00e0 l\u2019\u00e9tranger en milieu professionnel au sein d\u2019une entreprise (ou laboratoire, exploitation\u2026) pendant leur p\u00e9riode \u00e0 l\u2019\u00e9tranger.<\/b><\/div>\n<div style=\"text-align: justify;\"><\/div>\n<\/div>\n<\/div>\n<div style=\"text-align: justify;\"><div class='cta-block'><div class='text'>Simulez vos Allocations Familiales en 2 min.<\/div><a href='https:\/\/www.mes-allocs.fr\/ab-app?origin=guides\/wp-json\/wp\/v2\/posts\/50493' class='app-button fit'>\u201cSimulation<\/a><\/div><\/div>\n","protected":false},"excerpt":{"rendered":"<p>Comment b\u00e9n\u00e9ficier d&rsquo;une aide mobilit\u00e9 en tant que salari\u00e9 ? Mes Allocs vous explique les aides disponibles, les conditions \u00e0 respecter et les d\u00e9marches \u00e0 effectuer L&rsquo;aide AGRI-MOBILIT\u00c9 Les agriculteurs peuvent b\u00e9n\u00e9ficier d&rsquo;une aide \u00e0 la mobilit\u00e9 afin de couvrir les frais li\u00e9s \u00e0 un d\u00e9m\u00e9nagement. Il s&rsquo;agit d&rsquo;une prestation\u00a0accessibles aux salari\u00e9s\u00a0mais aussi au\u00a0\u00e9tudiants\u00a0de l\u2019enseignement [&hellip;]<\/p>\n","protected":false},"author":14,"featured_media":57992,"comment_status":"open","ping_status":"open","sticky":false,"template":"","format":"standard","meta":{"amp_status":"","footnotes":""},"categories":[14320,16630],"tags":[],"class_list":["post-50493","post","type-post","status-publish","format-standard","has-post-thumbnail","hentry","category-aide-par-situation","category-aide-salarie"],"yoast_head":"<!-- This site is optimized with the Yoast SEO plugin v14.9 - https:\/\/yoast.com\/wordpress\/plugins\/seo\/ -->\n<title>Aide mobilit\u00e9 salari\u00e9 : montant, conditions, demande | Mes-Allocs.fr<\/title>\n<meta name=\"description\" content=\"L&#039;aide Mobili-Pass est une prestation d Action Logement qui couvre les frais de de d\u00e9m\u00e9nagement d\u00fb \u00e0\u00a0des raisons professionnelles.\" \/>\n<meta name=\"robots\" content=\"index, follow, max-snippet:-1, max-image-preview:large, max-video-preview:-1\" \/>\n<link rel=\"canonical\" href=\"https:\/\/www.mes-allocs.fr\/guides\/aide-par-situation\/aide-salarie\/aide-mobilite-salarie\/\" \/>\n<meta property=\"og:locale\" content=\"fr_FR\" \/>\n<meta property=\"og:type\" content=\"article\" \/>\n<meta property=\"og:title\" content=\"Aide mobilit\u00e9 salari\u00e9 : montant, conditions, demande | Mes-Allocs.fr\" \/>\n<meta property=\"og:description\" content=\"L&#039;aide Mobili-Pass est une prestation d Action Logement qui couvre les frais de de d\u00e9m\u00e9nagement d\u00fb \u00e0\u00a0des raisons professionnelles.\" \/>\n<meta property=\"og:url\" content=\"https:\/\/www.mes-allocs.fr\/guides\/aide-par-situation\/aide-salarie\/aide-mobilite-salarie\/\" \/>\n<meta property=\"og:site_name\" content=\"Mes-Allocs.fr\" \/>\n<meta property=\"article:published_time\" content=\"2022-11-08T15:32:24+00:00\" \/>\n<meta property=\"article:modified_time\" content=\"2024-08-05T13:11:16+00:00\" \/>\n<meta property=\"og:image\" content=\"https:\/\/www.mes-allocs.fr\/guides\/wp-content\/uploads\/2022\/11\/Aide-mobilite-salarie-montant-conditions-demande-3.jpeg?wsr\" \/>\n\t<meta property=\"og:image:width\" content=\"612\" \/>\n\t<meta property=\"og:image:height\" content=\"408\" \/>\n<meta name=\"twitter:card\" content=\"summary_large_image\" \/>\n<script type=\"application\/ld+json\" class=\"yoast-schema-graph\">{\"@context\":\"https:\/\/schema.org\",\"@graph\":[{\"@type\":\"WebSite\",\"@id\":\"https:\/\/www.mes-allocs.fr\/guides\/#website\",\"url\":\"https:\/\/www.mes-allocs.fr\/guides\/\",\"name\":\"Mes-Allocs.fr\",\"description\":\"\",\"potentialAction\":[{\"@type\":\"SearchAction\",\"target\":\"https:\/\/www.mes-allocs.fr\/guides\/?s={search_term_string}\",\"query-input\":\"required name=search_term_string\"}],\"inLanguage\":\"fr-FR\"},{\"@type\":\"ImageObject\",\"@id\":\"https:\/\/www.mes-allocs.fr\/guides\/aide-par-situation\/aide-salarie\/aide-mobilite-salarie\/#primaryimage\",\"inLanguage\":\"fr-FR\",\"url\":\"https:\/\/www.mes-allocs.fr\/guides\/wp-content\/uploads\/2022\/11\/Aide-mobilite-salarie-montant-conditions-demande-3.jpeg?wsr\",\"width\":612,\"height\":408,\"caption\":\"Aide mobilite salarie montant conditions demande\"},{\"@type\":\"WebPage\",\"@id\":\"https:\/\/www.mes-allocs.fr\/guides\/aide-par-situation\/aide-salarie\/aide-mobilite-salarie\/#webpage\",\"url\":\"https:\/\/www.mes-allocs.fr\/guides\/aide-par-situation\/aide-salarie\/aide-mobilite-salarie\/\",\"name\":\"Aide mobilit\\u00e9 salari\\u00e9 : montant, conditions, demande | Mes-Allocs.fr\",\"isPartOf\":{\"@id\":\"https:\/\/www.mes-allocs.fr\/guides\/#website\"},\"primaryImageOfPage\":{\"@id\":\"https:\/\/www.mes-allocs.fr\/guides\/aide-par-situation\/aide-salarie\/aide-mobilite-salarie\/#primaryimage\"},\"datePublished\":\"2022-11-08T15:32:24+00:00\",\"dateModified\":\"2024-08-05T13:11:16+00:00\",\"author\":{\"@id\":\"https:\/\/www.mes-allocs.fr\/guides\/#\/schema\/person\/a3de97298fd0ffc005ebdd5628b03ca8\"},\"description\":\"L'aide Mobili-Pass est une prestation d Action Logement qui couvre les frais de de d\\u00e9m\\u00e9nagement d\\u00fb \\u00e0\\u00a0des raisons professionnelles.\",\"inLanguage\":\"fr-FR\"},{\"@type\":\"Person\",\"@id\":\"https:\/\/www.mes-allocs.fr\/guides\/#\/schema\/person\/a3de97298fd0ffc005ebdd5628b03ca8\",\"name\":\"Marina Ada Ondo\",\"image\":{\"@type\":\"ImageObject\",\"@id\":\"https:\/\/www.mes-allocs.fr\/guides\/#personlogo\",\"inLanguage\":\"fr-FR\",\"url\":\"https:\/\/www.mes-allocs.fr\/guides\/wp-content\/uploads\/2022\/02\/Photo-de-profil-150x150.png\",\"caption\":\"Marina Ada Ondo\"},\"description\":\"Marina est r\\u00e9dactrice au sein de l'\\u00e9quipe Mes Allocs, sp\\u00e9cialis\\u00e9e sur les aides aux jeunes. Dipl\\u00f4m\\u00e9e de l'ISFJ, elle rejoint Mes Allocs apr\\u00e8s une premi\\u00e8re exp\\u00e9rience en communication chez Little Africa, une agence de communication \\u00e0 Paris. Sur son temps libre, Marina lit beaucoup et passe ses dimanches au mus\\u00e9e.\",\"sameAs\":[\"https:\/\/www.linkedin.com\/in\/marinaadaondo\/\"]}]}<\/script>\n<!-- \/ Yoast SEO plugin. -->","amp_validity":null,"acf":{"faq":{"1":{"question":"C'est quoi l'aide \u00e0 la mobilit\u00e9 ?","answer":"L'aide \u00e0 la mobilit\u00e9 vise \u00e0 couvrir tout ou une partie des frais engag\u00e9s par une personne lorsqu'elle se d\u00e9place dans un lieu \u00e9loign\u00e9 de son domicile pour une recherche d'emploi, reprise d'emploi ou mutation. "},"2":{"question":"Qui peut b\u00e9n\u00e9ficier du Mobili-pass ?","answer":"Les salari\u00e9s d'entreprises du secteur priv\u00e9 non-agricole d'au moins 10 salari\u00e9s peuvent en b\u00e9n\u00e9ficier. De plus, vous devez changer de r\u00e9sidence principale ou prendre un second logement sur le territoire fran\u00e7ais suite \u00e0 une embauche, une mutation, un d\u00e9m\u00e9nagement de votre entreprise."},"3":{"question":"Comment obtenir l'aide au transport ?","answer":"Pour \u00eatre \u00e9ligible \u00e0 cette aide il faut parcourir quotidiennement plus de 20 km entre son domicile et son lieu de travail, percevoir un revenu inf\u00e9rieur \u00e0 deux fois le SMIC et pour les personnes r\u00e9sidant dans une agglom\u00e9ration, il faut pouvoir justifier d'horaires d\u00e9cal\u00e9s sur le lieu d'exercice de l'emploi.\r\n"},"4":{"question":"Comment demander aide \u00e0 la mobilit\u00e9 P\u00f4le emploi ?","answer":"Vous devez effectuer la demande en ligne en vous connectant \u00e0 votre espace personnel sur pole-emploi.fr. Dans la rubrique \u00ab Mes aides \u00bb, vous remplissez le formulaire puis vous fournissez les pi\u00e8ces justificatives. "},"5":{"question":"Qui a droit \u00e0 la prime de 900 \u20ac de P\u00f4le emploi ?","answer":"Pour b\u00e9n\u00e9ficier de cette aide, vous devez respecter des conditions : r\u00e9sider en France, avoir un niveau de revenus inf\u00e9rieur \u00e0 900 euros par mois et \u00eatre inscrit comme demandeur d'emploi au cours d'un ou de plusieurs mois. "},"6":{"question":"Qui a droit \u00e0 l'aide au retour \u00e0 l'emploi ?","answer":"L'allocation d'aide au retour \u00e0 l'emploi est vers\u00e9e aux personnes involontairement priv\u00e9es d'emploi et inscrites comme demandeurs d'emploi. "},"7":{"question":"","answer":""},"8":{"question":"","answer":""},"9":{"question":"","answer":""},"10":{"question":"","answer":""},"11":{"question":"","answer":""},"12":{"question":"","answer":""},"13":{"question":"","answer":""},"14":{"question":"","answer":""},"15":{"question":"","answer":""},"16":{"question":"","answer":""}}},"_links":{"self":[{"href":"https:\/\/www.mes-allocs.fr\/guides\/wp-json\/wp\/v2\/posts\/50493","targetHints":{"allow":["GET"]}}],"collection":[{"href":"https:\/\/www.mes-allocs.fr\/guides\/wp-json\/wp\/v2\/posts"}],"about":[{"href":"https:\/\/www.mes-allocs.fr\/guides\/wp-json\/wp\/v2\/types\/post"}],"author":[{"embeddable":true,"href":"https:\/\/www.mes-allocs.fr\/guides\/wp-json\/wp\/v2\/users\/14"}],"replies":[{"embeddable":true,"href":"https:\/\/www.mes-allocs.fr\/guides\/wp-json\/wp\/v2\/comments?post=50493"}],"version-history":[{"count":7,"href":"https:\/\/www.mes-allocs.fr\/guides\/wp-json\/wp\/v2\/posts\/50493\/revisions"}],"predecessor-version":[{"id":81556,"href":"https:\/\/www.mes-allocs.fr\/guides\/wp-json\/wp\/v2\/posts\/50493\/revisions\/81556"}],"wp:featuredmedia":[{"embeddable":true,"href":"https:\/\/www.mes-allocs.fr\/guides\/wp-json\/wp\/v2\/media\/57992"}],"wp:attachment":[{"href":"https:\/\/www.mes-allocs.fr\/guides\/wp-json\/wp\/v2\/media?parent=50493"}],"wp:term":[{"taxonomy":"category","embeddable":true,"href":"https:\/\/www.mes-allocs.fr\/guides\/wp-json\/wp\/v2\/categories?post=50493"},{"taxonomy":"post_tag","embeddable":true,"href":"https:\/\/www.mes-allocs.fr\/guides\/wp-json\/wp\/v2\/tags?post=50493"}],"curies":[{"name":"wp","href":"https:\/\/api.w.org\/{rel}","templated":true}]}}