{"id":496,"date":"2019-07-16T13:38:17","date_gmt":"2019-07-16T13:38:17","guid":{"rendered":"https:\/\/www.mes-allocs.fr\/guides\/?p=496"},"modified":"2026-04-02T14:36:43","modified_gmt":"2026-04-02T13:36:43","slug":"prime-activite-et-chomage","status":"publish","type":"post","link":"https:\/\/www.mes-allocs.fr\/guides\/prime-d-activite\/cumul-prime-activite\/prime-activite-et-chomage\/","title":{"rendered":"Prime d\u2019activit\u00e9 et ch\u00f4mage : un cumul possible en 2026 ?"},"content":{"rendered":"<p><img loading=\"lazy\" decoding=\"async\" class=\"aligncenter wp-image-59859\" title=\"prime d'activit\u00e9 et ch\u00f4mage\" src=\"https:\/\/www.mes-allocs.fr\/guides\/wp-content\/uploads\/2019\/07\/image_2022-12-20_152545780.png\" alt=\"prime d'activit\u00e9 et ch\u00f4mage\" width=\"1354\" height=\"324\" \/><\/p>\n<p style=\"text-align: justify;\"><span style=\"font-size: 12pt;\"><span style=\"font-weight: 400;\">[Mis \u00e0 jour le 02\/04\/2026]<\/span> La <a href=\"https:\/\/www.mes-allocs.fr\/guides\/prime-d-activite\/\">prime d\u2019activit\u00e9<\/a> est un compl\u00e9ment de ressources qui vous est vers\u00e9 par la Caisse d\u2019Allocations Familiales (CAF) ou la Mutualit\u00e9 Sociale Agricole (MSA). Cette aide financi\u00e8re non imposable vise \u00e0 vous aider au quotidien en favorisant le retour \u00e0 l\u2019emploi. Elle semble donc incompatible avec les allocations ch\u00f4mage, que vous percevez quand vous n\u2019avez plus d\u2019emploi. Mais est-il possible de cumuler ces deux aides en 2026 ?<\/span><\/p>\n<div class='cta-block'><div class='text'>Simulez votre prime d&rsquo;activit\u00e9 en 2 min. <\/div><a href='https:\/\/www.mes-allocs.fr\/ab-app?origin=guides\/wp-json\/wp\/v2\/posts\/496' class='app-button fit'>Simulation gratuite<\/a><\/div>\n<h1 style=\"text-align: justify;\"><b>Prime d\u2019activit\u00e9 et allocations ch\u00f4mage : ces aides sont-elles compatibles ?<\/b><\/h1>\n<p style=\"text-align: justify;\">La prime d\u2019activit\u00e9 <a href=\"https:\/\/www.mes-allocs.fr\/guides\/prime-d-activite\/simulation-prime-d-activite\/prime-d-activite-pour-qui\">est destin\u00e9e aux travailleurs<\/a>. Elle ne vous serait donc pas vers\u00e9e si vous \u00e9tiez au ch\u00f4mage. Cependant, si vous percevez l\u2019Aide de Retour \u00e0 l\u2019Emploi (ARE), <b>vous pouvez b\u00e9n\u00e9ficier de la prime d\u2019activit<\/b><strong>\u00e9<\/strong>, \u00e0 conditions de respecter toutes les autres conditions pour une \u00e9ligibilit\u00e9 \u00e0 cette derni\u00e8re, et que le montant mensuel d\u2019allocations ch\u00f4mage n\u2019exc\u00e8de pas le montant forfaitaire de prime d\u2019activit\u00e9 auquel vous \u00eates \u00e9ligible.<\/p>\n<p class=\"amp-wp-7d27179\" data-amp-original-style=\"text-align: justify;\">Il existe diff\u00e9rents cas de figure o\u00f9 les deux aides sont cumulables.<\/p>\n<h3 class=\"amp-wp-7d27179\" data-amp-original-style=\"text-align: justify;\"><span id=\"Trois_mois_suivant_la_perte_demploi\">Trois mois suivant la perte d\u2019emploi<\/span><\/h3>\n<p class=\"amp-wp-7d27179\" data-amp-original-style=\"text-align: justify;\">La prime \u00e9tant bas\u00e9e sur les trois mois pr\u00e9c\u00e9dents, il est possible de la demander au d\u00e9but de votre inscription au ch\u00f4mage, sur la base des 3 derniers mois d\u2019activit\u00e9 que vous avez eus. Dans ce cas, vous percevrez, durant les trois mois suivants la perte de votre emploi, la prime et les allocations ch\u00f4mage. Il faut, bien \u00e9videmment, y \u00eatre \u00e9ligible pour l\u2019avoir.<\/p>\n<h3><span id=\"Au-dela_des_trois_mois_en_travaillant_a_temps_partiel\">Au-del\u00e0 des trois mois, en travaillant \u00e0 temps partiel<\/span><\/h3>\n<p class=\"amp-wp-7d27179\" data-amp-original-style=\"text-align: justify;\">Dans le second cas, au-del\u00e0 des 3 mois suivant la perte de votre emploi, vous pouvez\u00a0<a href=\"https:\/\/www.mes-allocs.fr\/guides\/prime-d-activite\/prime-d-activite-et-chomage\/\">cumuler ch\u00f4mage et prime d\u2019activit\u00e9<\/a>\u00a0si vous continuez \u00e0 percevoir des revenus d\u2019activit\u00e9 en parall\u00e8le de votre recherche (par exemple, si vous travaillez \u00e0 temps partiel). Dans ce cas, vous avez potentiellement droit \u00e0 la prime d\u2019activit\u00e9.<\/p>\n<p class=\"amp-wp-7d27179\" data-amp-original-style=\"text-align: justify;\">Cependant, il faut tout de m\u00eame respecter quelques r\u00e8gles :<\/p>\n<ul>\n<li class=\"amp-wp-7d27179\" data-amp-original-style=\"text-align: justify;\">Les ressources du foyer ne doivent pas d\u00e9passer les plafonds de ressources pour obtenir la prime activit\u00e9,<\/li>\n<li>Votre allocation ch\u00f4mage ne doit pas d\u00e9passer le montant de la prime activit\u00e9 que vous obtiendriez si vous ne b\u00e9n\u00e9ficiez pas de l\u2019ARE (aide au retour \u00e0 l\u2019emploi).<\/li>\n<\/ul>\n<h3><span id=\"Peut-on_beneficier_de_la_prime_dactivite_et_du_chomage_partiel\">Peut-on b\u00e9n\u00e9ficier de la prime d\u2019activit\u00e9 et du ch\u00f4mage partiel ?<\/span><\/h3>\n<p>Le ch\u00f4mage partiel est un dispositif qui permet \u00e0 un employeur en difficult\u00e9 de faire prendre en charge le co\u00fbt de la r\u00e9mun\u00e9ration de ses salari\u00e9s. Il peut s\u2019agir d\u2019une partie du co\u00fbt ou du co\u00fbt total. Ce dispositif a \u00e9t\u00e9 beaucoup utilis\u00e9 lors des fermetures d\u2019entreprises li\u00e9es \u00e0 la crise du coronavirus.<\/p>\n<p>Le cumul prime d\u2019activit\u00e9 et ch\u00f4mage partiel est principalement destin\u00e9 aux personnes touchant entre\u00a0<strong>0,25 fois\u00a0<\/strong>et\u00a0<strong>1,3 fois<\/strong>\u00a0le Smic.<\/p>\n<p>Ainsi, vous \u00eates \u00e9ligible \u00e0 la prime d\u2019activit\u00e9 si vous travaillez :<\/p>\n<ul>\n<li>\u00e0 temps plein,<\/li>\n<li>\u00e0 temps partiel,<\/li>\n<li>ou \u00e0 quart temps.<\/li>\n<\/ul>\n<p><strong><span class=\"st\">\u00c0 noter : vous devez d\u00e9clarer vos revenus du ch\u00f4mage partiel dans votre d\u00e9claration trimestrielle.<\/span><\/strong><\/p>\n<p data-start=\"0\" data-end=\"164\">Depuis le 1\u1d49\u02b3 mars 2025, la d\u00e9claration trimestrielle de l<strong>a prime d\u2019activit\u00e9 devient pr\u00e9-remplie<\/strong>, ce qui simplifie le processus. La CAF reprend automatiquement certaines informations \u00e0 partir des revenus d\u00e9clar\u00e9s auparavant, r\u00e9duisant ainsi les erreurs et acc\u00e9l\u00e9rant le traitement de votre demande. Toutefois, il reste important de v\u00e9rifier et de valider les informations pour \u00e9viter toute erreur qui pourrait affecter le montant de l\u2019aide.<\/p>\n<p data-start=\"0\" data-end=\"164\">Depuis mars 2025, la p\u00e9riode \u00e0 d\u00e9clarer correspond aux tr<strong>ois mois pr\u00e9c\u00e9dant la demande : par exemple, en mars, vous devez d\u00e9clarer vos revenus des mois de novembre, d\u00e9cembre et janvier (et non plus d\u00e9cembre, janvier, f\u00e9vrier)<\/strong>. Cette nouvelle organisation facilite la gestion de votre dossier et rend la d\u00e9claration plus pr\u00e9cise.<\/p>\n<p><iframe loading=\"lazy\" title=\"La prime d&#039;activit\u00e9\" width=\"500\" height=\"281\" src=\"https:\/\/www.youtube.com\/embed\/uavbovK5ZXc?feature=oembed\" frameborder=\"0\" allow=\"accelerometer; autoplay; clipboard-write; encrypted-media; gyroscope; picture-in-picture; web-share\" referrerpolicy=\"strict-origin-when-cross-origin\" allowfullscreen><\/iframe><\/p>\n<h1 style=\"text-align: justify;\"><b>Quelles sont les conditions pour b\u00e9n\u00e9ficier de la prime d\u2019activit\u00e9 en 2026 ?<\/b><\/h1>\n<p style=\"text-align: justify;\"><span style=\"font-weight: 400;\">Pour \u00eatre \u00e9ligible \u00e0 la prime d\u2019activit\u00e9, vous devez remplir de nombreuses <\/span><a href=\"https:\/\/www.mes-allocs.fr\/guides\/prime-d-activite\/simulation-prime-d-activite\/prime-d-activite-conditions\"><span style=\"font-weight: 400;\">conditions<\/span><\/a><span style=\"font-weight: 400;\">, qui peuvent \u00eatre regroup\u00e9es par cat\u00e9gories d\u2019\u00e2ge, de nationalit\u00e9, et enfin de ressources. On vous explique tout.<\/span><\/p>\n<h2 style=\"text-align: justify;\"><b>Conditions d\u2019\u00e2ge<\/b><\/h2>\n<p style=\"text-align: justify;\"><span style=\"font-weight: 400;\">Pour percevoir la prime d\u2019activit\u00e9, vous devez \u00eatre majeur, donc \u00eatre \u00e2g\u00e9 d\u2019au moins <\/span><b>18 ans<\/b><span style=\"font-weight: 400;\">. Il n\u2019existe en revanche pas de plafond sup\u00e9rieur d\u2019\u00e2ge.<\/span><\/p>\n<h2 style=\"text-align: justify;\"><b>Conditions li\u00e9es \u00e0 votre nationalit\u00e9<\/b><\/h2>\n<p style=\"text-align: justify;\"><strong>Si vous \u00eates fran\u00e7ais, vous n\u2019avez que deux conditions, simples mais primordiales, \u00e0 remplir :<\/strong><\/p>\n<ul style=\"text-align: justify;\">\n<li style=\"font-weight: 400;\"><span style=\"font-weight: 400;\">Vous devez exercer une activit\u00e9 professionnelle pour laquelle vous percevez des revenus modestes<\/span><\/li>\n<li style=\"font-weight: 400;\"><span style=\"font-weight: 400;\">Vous devez r\u00e9sider en France de mani\u00e8re stable et effective (comprenez : votre r\u00e9sidence principale se trouve en France et vous ne devez quitter le territoire de plus de 3 mois par ann\u00e9e civile, cons\u00e9cutifs ou non).<\/span><\/li>\n<\/ul>\n<p style=\"text-align: justify;\"><strong>Si vous \u00eates \u00e9tranger, vous devez \u00e9galement :<\/strong><\/p>\n<ul style=\"text-align: justify;\">\n<li style=\"font-weight: 400;\"><span style=\"font-weight: 400;\">Avoir une activit\u00e9 professionnelle<\/span><\/li>\n<li style=\"font-weight: 400;\"><span style=\"font-weight: 400;\">R\u00e9sider en France de mani\u00e8re stable et effective<\/span><\/li>\n<\/ul>\n<p style=\"text-align: justify;\"><span style=\"font-weight: 400;\">Ce n\u2019est pas tout : vous devez \u00e9galement r\u00e9sider en France en toute r\u00e9gularit\u00e9. Les conditions de cette r\u00e9gularit\u00e9 d\u00e9pendent du pays dont vous \u00eates ressortissant (Union Europ\u00e9enne et Suisse ou d\u2019un autre pays).<\/span><\/p>\n<h2 style=\"text-align: justify;\"><b>Conditions de ressources<\/b><\/h2>\n<p style=\"text-align: justify;\"><span style=\"font-weight: 400;\">De nombreuses ressources sont prises en compte pour la prime d\u2019activit\u00e9 : revenus d\u2019activit\u00e9 (que vous soyez salari\u00e9 ou travailleur ind\u00e9pendant), aides telles que les allocations familiales, l\u2019ARE, ou encre le <\/span><a href=\"https:\/\/www.mes-allocs.fr\/guides\/prime-d-activite\/simulation-prime-d-activite\/prime-d-activite-et-chomage\"><span style=\"font-weight: 400;\">Revenu de Solidarit\u00e9 Active<\/span><\/a><span style=\"font-weight: 400;\">. Ces revenus sont \u00e9valu\u00e9s sur les <\/span><b>3 mois pr\u00e9c\u00e9dant votre demande. <\/b><span style=\"font-weight: 400;\">Vous devez respecter certains <\/span><a href=\"https:\/\/www.mes-allocs.fr\/guides\/prime-d-activite\/simulation-prime-d-activite\/prime-d-activite-plafond\"><span style=\"font-weight: 400;\">plafonds<\/span><\/a><span style=\"font-weight: 400;\">.<\/span><span style=\"font-weight: 400;\">\u00a0<\/span><\/p>\n<p style=\"text-align: justify;\"><b>Attention<\/b><span style=\"font-weight: 400;\"> : Les aides au logement (allocation de logement familial (ALF), allocation de logement sociale (ALS) ou aide personnalis\u00e9e au logement (APL)), ou de l&rsquo;avantage en nature dont vous b\u00e9n\u00e9ficiez si vous occupez un logement gratuitement ou si vous en \u00eates propri\u00e9taire, sont pris en compte de mani\u00e8re forfaitaire, selon le nombre de personnes composant votre foyer :<\/span><\/p>\n\n<div class=\"wpdt-c row wpDataTableContainerSimpleTable wpDataTables wpDataTablesWrapper\n\"\n    >\n    <table id=\"wpdtSimpleTable-554\"\n           class=\"wpdtSimpleTable wpDataTable\"\n           data-column=\"2\"\n           data-rows=\"4\"\n           data-wpID=\"554\"\n           data-responsive=\"0\"\n           data-has-header=\"1\">\n\n                    <thead>        <tr class=\"wpdt-cell-row \" >\n                            <th class=\"wpdt-cell wpdt-bc-F3F9FE\"\n                                    data-cell-id=\"A1\"\n                data-col-index=\"0\"\n                data-row-index=\"0\"\n                style=\" width:48.571428571429%;                padding:10px;\"\n                >\n                                Nombre de personnes dans le foyer                <\/th>\n                                            <th class=\"wpdt-cell wpdt-bc-F3F9FE\"\n                                    data-cell-id=\"B1\"\n                data-col-index=\"1\"\n                data-row-index=\"0\"\n                style=\" width:51.428571428571%;                padding:10px;\"\n                >\n                                Forfait logement                <\/th>\n                                        <\/tr>\n                    <tbody>        <tr class=\"wpdt-cell-row \" >\n                            <td class=\"wpdt-cell wpdt-bc-F3F9FE\"\n                                    data-cell-id=\"A2\"\n                data-col-index=\"0\"\n                data-row-index=\"1\"\n                style=\"                padding:10px;\"\n                >\n                                1                <\/td>\n                                            <td class=\"wpdt-cell wpdt-bc-F3F9FE\"\n                                    data-cell-id=\"B2\"\n                data-col-index=\"1\"\n                data-row-index=\"1\"\n                style=\"                padding:10px;\"\n                >\n                                76,59\u20ac                <\/td>\n                                        <\/tr>\n                            <tr class=\"wpdt-cell-row \" >\n                            <td class=\"wpdt-cell wpdt-bc-F3F9FE\"\n                                    data-cell-id=\"A3\"\n                data-col-index=\"0\"\n                data-row-index=\"2\"\n                style=\"                padding:10px;\"\n                >\n                                2                <\/td>\n                                            <td class=\"wpdt-cell wpdt-bc-F3F9FE\"\n                                    data-cell-id=\"B3\"\n                data-col-index=\"1\"\n                data-row-index=\"2\"\n                style=\"                padding:10px;\"\n                >\n                                153,19 \u20ac                <\/td>\n                                        <\/tr>\n                            <tr class=\"wpdt-cell-row \" >\n                            <td class=\"wpdt-cell wpdt-bc-F3F9FE\"\n                                    data-cell-id=\"A4\"\n                data-col-index=\"0\"\n                data-row-index=\"3\"\n                style=\"                padding:10px;\"\n                >\n                                3 ou plus                <\/td>\n                                            <td class=\"wpdt-cell wpdt-bc-F3F9FE\"\n                                    data-cell-id=\"B4\"\n                data-col-index=\"1\"\n                data-row-index=\"3\"\n                style=\"                padding:10px;\"\n                >\n                                189,57 \u20ac                <\/td>\n                                        <\/tr>\n                    <\/table>\n<\/div><style id='wpdt-custom-style-554'>\ntable#wpdtSimpleTable-554{ table-layout: fixed !important; }\n.wpdt-bc-F3F9FE { background-color: #F3F9FE !important;}\n<\/style>\n\n<div class='cta-block'><div class='text'>Simulez votre prime d&rsquo;activit\u00e9 en 2 min. <\/div><a href='https:\/\/www.mes-allocs.fr\/ab-app?origin=guides\/wp-json\/wp\/v2\/posts\/496' class='app-button fit'>Simulation gratuite<\/a><\/div>\n<h1 style=\"text-align: justify;\"><b>Quel est le montant de la prime d\u2019activit\u00e9 en 2026 ?<\/b><span style=\"font-weight: 400;\">\u00a0<\/span><\/h1>\n<h2 style=\"text-align: justify;\"><b>Principe de calcul de la prime d\u2019activit\u00e9<\/b><\/h2>\n<p style=\"text-align: justify;\"><strong>Votre montant de prime d\u2019activit\u00e9 est calcul\u00e9 selon deux grandes composantes :<\/strong><\/p>\n<ul style=\"text-align: justify;\">\n<li style=\"font-weight: 400;\"><span style=\"font-weight: 400;\">D\u2019une part, <\/span><b>un montant forfaitaire<\/b><span style=\"font-weight: 400;\">, qui varie selon les ressources de votre foyer et du nombre d\u2019enfant \u00e0 votre charge. Ce montant peut \u00eatre bonifi\u00e9 selon les revenus professionnels de chaque travailleur,<\/span><\/li>\n<li style=\"font-weight: 400;\"><span style=\"font-weight: 400;\">Les ressources \u00e9valu\u00e9es de votre foyer.<\/span><\/li>\n<\/ul>\n<p style=\"text-align: justify;\"><strong>On peut estimer la formule de calcul de la prime d\u2019activit\u00e9 ainsi :<\/strong><\/p>\n<p style=\"text-align: justify;\"><b>Montant de votre prime d&rsquo;activit\u00e9 = montant forfaitaire \u00e9ventuellement major\u00e9 + 59,85 % des revenus professionnels + bonifications individuelles \u2013 les ressources prises en compte du foyer.<\/b><\/p>\n<h2 style=\"text-align: justify;\"><b>Montant forfaitaire de la prime d\u2019activit\u00e9<\/b><\/h2>\n<p style=\"text-align: justify;\"><span style=\"font-weight: 400;\">Le montant forfaitaire de la prime d\u2019activit\u00e9 s\u2019\u00e9l\u00e8ve \u00e0 <strong> 638,28\u20ac<\/strong><\/span><b> par mois depuis le 1er avril 2026.<\/b><span style=\"font-weight: 400;\"> Ce montant peut \u00eatre major\u00e9 en fonction de la composition du foyer et\/ou en cas d\u2019isolement.<\/span><\/p>\n<h2 style=\"text-align: justify;\"><b>Majoration du montant forfaitaire de la prime d\u2019activit\u00e9<\/b><\/h2>\n<p style=\"text-align: justify;\"><span style=\"font-weight: 400;\">La majoration du montant forfaitaire, si vous \u00eates en couple ou c\u00e9libataire, s\u2019\u00e9tablit ainsi :<\/span><\/p>\n<ul style=\"text-align: justify;\">\n<li style=\"font-weight: 400;\"><span style=\"font-weight: 400;\">50% pour la 1<\/span><span style=\"font-weight: 400;\">re<\/span><span style=\"font-weight: 400;\"> personne suppl\u00e9mentaire (si vous \u00eates en couple, votre partenaire ne compte pas),<\/span><\/li>\n<li style=\"font-weight: 400;\"><span style=\"font-weight: 400;\">30% par personne suppl\u00e9mentaire,<\/span><\/li>\n<li style=\"font-weight: 400;\"><span style=\"font-weight: 400;\">40% par personne suppl\u00e9mentaire au-del\u00e0 de la 3<\/span><span style=\"font-weight: 400;\">e<\/span><span style=\"font-weight: 400;\"> personne si le foyer comporte plus de 2 enfants ou personnes de moins de 25 ans \u00e0 charge, \u00e0 l&rsquo;exception de la personne avec qui vous vivez en couple.<\/span><\/li>\n<\/ul>\n<p style=\"text-align: justify;\"><em><span style=\"font-weight: 400;\">Exemple : vous vivez en couple et vous avez 5 enfants \u00e0 charge. Votre majoration du montant forfaitaire est de 190 %, calcul\u00e9e ainsi : <\/span><span style=\"font-weight: 400;\">50 % + 2 x 30 % + 2 x 40 % = 190 %.<\/span><\/em><\/p>\n<p style=\"text-align: justify;\"><span style=\"font-weight: 400;\">Vous \u00eates consid\u00e9r\u00e9 comme <\/span><b>parent isol\u00e9<\/b><span style=\"font-weight: 400;\"> si vous vivez s\u00e9par\u00e9 de votre conjoint et que vous avez un ou plusieurs enfants \u00e0 charge. Vous b\u00e9n\u00e9ficiez alors d\u2019un montant major\u00e9 de <\/span><b>128,412 %<\/b><span style=\"font-weight: 400;\"> du montant forfaitaire de base.\u00a0<\/span><span style=\"font-weight: 400;\">S&rsquo;y ajoute <\/span><b>42,804 %<\/b><span style=\"font-weight: 400;\"> du montant forfaitaire de base pour chaque enfant. <\/span><\/p>\n<p style=\"text-align: justify;\"><span style=\"font-weight: 400;\">Ce montant major\u00e9 vous est vers\u00e9 sur <\/span><b>12 mois<\/b><span style=\"font-weight: 400;\"> que vous pouvez s\u00e9lectionner sur une p\u00e9riode de 18 mois suivant la s\u00e9paration ou le veuvage. <\/span><\/p>\n<p style=\"text-align: justify;\"><span style=\"font-weight: 400;\">Cependant, si votre plus jeune enfant est \u00e2g\u00e9 de moins de 3 ans, et qu\u2019il sera \u00e2g\u00e9 de 3 ans dans plus d\u2019un an (12 mois), vous percevez la majoration du montant forfaitaire auquel vous avez droit jusqu\u2019\u00e0 ses 3 ans.<\/span><\/p>\n<p style=\"text-align: justify;\"><span style=\"font-weight: 400;\">Pour plus d\u2018information, consultez notre <\/span><a href=\"https:\/\/www.mes-allocs.fr\/guides\/prime-d-activite\/simulation-prime-d-activite\"><span style=\"font-weight: 400;\">simulateur de prime d\u2019activit\u00e9<\/span><\/a><span style=\"font-weight: 400;\">.<\/span><\/p>\n<h1 class=\"amp-wp-7d27179\" data-amp-original-style=\"text-align: justify;\"><span id=\"Comment_calculer_votre_chomage\"><b>Quel est le montant de votre allocation ch\u00f4mage ?<\/b><\/span><\/h1>\n<h2 class=\"amp-wp-7d27179\" data-amp-original-style=\"text-align: justify;\"><span id=\"Votre_salaire_journalier_de_reference\"><b>Votre salaire journalier de r\u00e9f\u00e9rence<\/b><\/span><\/h2>\n<p class=\"amp-wp-7d27179\" data-amp-original-style=\"text-align: justify;\"><span class=\"amp-wp-fe3f5cc\" data-amp-original-style=\"font-weight: 400;\">Il convient tout d\u2019abord de calculer votre Salaire Journalier de R\u00e9f\u00e9rence (SJR). Ce dernier est primordial pour le calcul de votre montant d\u2019ARE. Il est \u00e9tabli ainsi :<\/span><\/p>\n<p class=\"amp-wp-7d27179\" data-amp-original-style=\"text-align: justify;\"><b>SJR = salaire de r\u00e9f\u00e9rence \/ (nombre de jours travaill\u00e9s x 1,4)<\/b><\/p>\n<p class=\"amp-wp-7d27179\" data-amp-original-style=\"text-align: justify;\"><span class=\"amp-wp-fe3f5cc\" data-amp-original-style=\"font-weight: 400;\">Le salaire annuel de r\u00e9f\u00e9rence est l\u2019ensemble de vos revenus professionnels (bruts) sur une p\u00e9riode s\u00e9lectionn\u00e9e (ici, 12 mois). Le nombre maximal de jours retenus pour 12 mois est de 261.<\/span><\/p>\n<p class=\"amp-wp-7d27179\" data-amp-original-style=\"text-align: justify;\"><i><span class=\"amp-wp-fe3f5cc\" data-amp-original-style=\"font-weight: 400;\">Exemple : si vous avez travaill\u00e9 du 1<\/span><\/i><i><span class=\"amp-wp-fe3f5cc\" data-amp-original-style=\"font-weight: 400;\">er<\/span><\/i><i><span class=\"amp-wp-fe3f5cc\" data-amp-original-style=\"font-weight: 400;\"> janvier 2026 au 31 d\u00e9cembre 2026, \u00e0 savoir 261 jours, et que vous avez per\u00e7u une r\u00e9mun\u00e9ration de 30 000 \u20ac brute, votre salaire journalier de r\u00e9f\u00e9rence est de 82,10 \u20ac calcul\u00e9 ainsi :<\/span><\/i><\/p>\n<p class=\"amp-wp-7d27179\" data-amp-original-style=\"text-align: justify;\"><i><span class=\"amp-wp-fe3f5cc\" data-amp-original-style=\"font-weight: 400;\">SJW = 30 000 \/ (261 X 1,4) = 82,10 \u20ac.<\/span><\/i><span class=\"amp-wp-fe3f5cc\" data-amp-original-style=\"font-weight: 400;\">\u00a0<\/span><\/p>\n<h2 class=\"amp-wp-7d27179\" data-amp-original-style=\"text-align: justify;\"><span id=\"Le_montant_brut_de_votre_allocation_chomage\"><b>Le montant brut de votre allocation ch\u00f4mage<\/b><\/span><\/h2>\n<p class=\"amp-wp-7d27179\" data-amp-original-style=\"text-align: justify;\"><span class=\"amp-wp-fe3f5cc\" data-amp-original-style=\"font-weight: 400;\">Le\u00a0<\/span><a href=\"https:\/\/www.mes-allocs.fr\/guides\/chomage\/calculer-droit-chomage\"><span class=\"amp-wp-fe3f5cc\" data-amp-original-style=\"font-weight: 400;\">calcul\u00a0<\/span><\/a><span class=\"amp-wp-fe3f5cc\" data-amp-original-style=\"font-weight: 400;\">du montant brut journalier de l\u2019ARE comprend :<\/span><\/p>\n<ul class=\"amp-wp-7d27179\" data-amp-original-style=\"text-align: justify;\">\n<li class=\"amp-wp-fe3f5cc\" data-amp-original-style=\"font-weight: 400;\"><span class=\"amp-wp-fe3f5cc\" data-amp-original-style=\"font-weight: 400;\">Une partie fixe \u00e9gale \u00e0 13,18 \u20ac<\/span><b>,<\/b><\/li>\n<li class=\"amp-wp-fe3f5cc\" data-amp-original-style=\"font-weight: 400;\"><span class=\"amp-wp-fe3f5cc\" data-amp-original-style=\"font-weight: 400;\">Une partie variable, \u00e9gale \u00e0\u00a0<\/span><b>40,4% du salaire journalier de r\u00e9f\u00e9rence<\/b><span class=\"amp-wp-fe3f5cc\" data-amp-original-style=\"font-weight: 400;\">\u00a0(SJR).<\/span><\/li>\n<\/ul>\n<p class=\"amp-wp-7d27179\" data-amp-original-style=\"text-align: justify;\"><span class=\"amp-wp-fe3f5cc\" data-amp-original-style=\"font-weight: 400;\">Cette somme ne peut pas \u00eatre inf\u00e9rieure \u00e0 57% et sup\u00e9rieure \u00e0 75% du salaire journalier de r\u00e9f\u00e9rence.<\/span><span class=\"amp-wp-fe3f5cc\" data-amp-original-style=\"font-weight: 400;\">\u00a0<\/span><\/p>\n<p class=\"amp-wp-7d27179\" data-amp-original-style=\"text-align: justify;\"><i><span class=\"amp-wp-fe3f5cc\" data-amp-original-style=\"font-weight: 400;\">Exemple : si votre Salaire Journalier de R\u00e9f\u00e9rence (SJR) est de 82,10 \u20ac, votre montant journalier de l\u2019ARE est de 46,80 \u20ac, calcul\u00e9 ainsi :\u00a0<\/span><\/i><i><span class=\"amp-wp-fe3f5cc\" data-amp-original-style=\"font-weight: 400;\">ARE = 13,18 \u20ac + 40,4% x 82,10 \u20ac = 46,35 \u20ac, or 57 % x 82,10 \u20ac = 46,80 \u20ac.<\/span><\/i><\/p>\n<h2 class=\"amp-wp-7d27179\" data-amp-original-style=\"text-align: justify;\"><span id=\"Montant_minimal_de_lARE\"><b>Montant minimal de l\u2019ARE<\/b><\/span><\/h2>\n<p class=\"amp-wp-7d27179\" data-amp-original-style=\"text-align: justify;\"><span class=\"amp-wp-fe3f5cc\" data-amp-original-style=\"font-weight: 400;\">Le montant net d\u2019ARE que vous percevez ne peut pas \u00eatre inf\u00e9rieur \u00e0 32,13 \u20ac<\/span><b>\u00a0par jour.<\/b><span class=\"amp-wp-fe3f5cc\" data-amp-original-style=\"font-weight: 400;\"> Toutefois, le montant minimal net de l\u2019allocation d\u2019Aide au Retour \u00e0 l\u2019Emploi Formation (AREF), qui vous est accord\u00e9e si vous suivez une formation prescrite par P\u00f4le emploi, est de 22,99 \u20ac.<\/span><\/p>\n<p class=\"amp-wp-7d27179\" data-amp-original-style=\"text-align: justify;\"><b>Attention<\/b><span class=\"amp-wp-fe3f5cc\" data-amp-original-style=\"font-weight: 400;\">\u00a0: Lorsque votre dur\u00e9e de travail \u00e9tait inf\u00e9rieure \u00e0 la dur\u00e9e l\u00e9gale ou conventionnelle, l\u2019allocation minimale est proportionnellement r\u00e9duite.<\/span><\/p>\n<h2 class=\"amp-wp-7d27179\" data-amp-original-style=\"text-align: justify;\"><span id=\"Cotisations\"><b>Cotisations<\/b><\/span><\/h2>\n<p class=\"amp-wp-7d27179\" data-amp-original-style=\"text-align: justify;\"><span class=\"amp-wp-fe3f5cc\" data-amp-original-style=\"font-weight: 400;\">Un pr\u00e9l\u00e8vement \u00e9gal \u00e0\u00a0<\/span><b>3 % du SJR<\/b><span class=\"amp-wp-fe3f5cc\" data-amp-original-style=\"font-weight: 400;\">, destin\u00e9 au financement des retraites compl\u00e9mentaires des b\u00e9n\u00e9ficiaires de l\u2019assurance ch\u00f4mage, est effectu\u00e9 sur le montant brut de votre allocation journali\u00e8re. Ce pr\u00e9l\u00e8vement ne peut r\u00e9duire le montant de votre allocation journali\u00e8re en dessous du montant net minimal d\u2019ARE, \u00e0 savoir 32,13 \u20ac.<\/span><\/p>\n<p class=\"amp-wp-7d27179\" data-amp-original-style=\"text-align: justify;\"><span class=\"amp-wp-fe3f5cc\" data-amp-original-style=\"font-weight: 400;\">L\u2019ARE est \u00e9galement soumise \u00e0 contribution sociale g\u00e9n\u00e9ralis\u00e9e (CSG) et \u00e0 contribution au remboursement de la dette sociale (CRDS). Toutefois, lorsque votre montant brut d\u2019ARE est\u00a0<\/span><b>inf\u00e9rieur au montant du SMIC journalier<\/b><span class=\"amp-wp-fe3f5cc\" data-amp-original-style=\"font-weight: 400;\">, ou si le pr\u00e9l\u00e8vement de la CSG et de la CRDS conduit \u00e0 diminuer votre montant net d\u2019ARE en dessous du SMIC journalier, vous b\u00e9n\u00e9ficiez d\u2019une <\/span><b>exon\u00e9ration ou d\u2019un \u00e9cr\u00eatement<\/b><span class=\"amp-wp-fe3f5cc\" data-amp-original-style=\"font-weight: 400;\">.<\/span><\/p>\n<p style=\"text-align: justify;\"><span style=\"font-weight: 400;\">Pour faire votre demande de prime d\u2019activit\u00e9 et d&rsquo;allocation ch\u00f4mage, vous devez remplir un formulaire et y joindre des pi\u00e8ces justificatives demand\u00e9es afin de constituer un dossier \u00e0 envoyer \u00e0 votre CAF ou MSA. Pas d\u2019inqui\u00e9tude, <\/span><span style=\"font-weight: 400;\">Mes Allocs peut <a href=\"https:\/\/www.mes-allocs.fr\/signature\">vous accompagner dans vos d\u00e9marches<\/a> !<\/span><\/p>\n<div class='cta-block'><div class='text'>Simulez votre prime d&rsquo;activit\u00e9 en 2 min. <\/div><a href='https:\/\/www.mes-allocs.fr\/ab-app?origin=guides\/wp-json\/wp\/v2\/posts\/496' class='app-button fit'>Simulation gratuite<\/a><\/div>\n","protected":false},"excerpt":{"rendered":"<p>[Mis \u00e0 jour le 02\/04\/2026] La prime d\u2019activit\u00e9 est un compl\u00e9ment de ressources qui vous est vers\u00e9 par la Caisse d\u2019Allocations Familiales (CAF) ou la Mutualit\u00e9 Sociale Agricole (MSA). Cette aide financi\u00e8re non imposable vise \u00e0 vous aider au quotidien en favorisant le retour \u00e0 l\u2019emploi. Elle semble donc incompatible avec les allocations ch\u00f4mage, que [&hellip;]<\/p>\n","protected":false},"author":6,"featured_media":957,"comment_status":"open","ping_status":"open","sticky":false,"template":"","format":"standard","meta":{"amp_status":"","footnotes":""},"categories":[1928,20],"tags":[],"class_list":["post-496","post","type-post","status-publish","format-standard","has-post-thumbnail","hentry","category-cumul-prime-activite","category-prime-d-activite"],"yoast_head":"<!-- This site is optimized with the Yoast SEO plugin v14.9 - https:\/\/yoast.com\/wordpress\/plugins\/seo\/ -->\n<title>Prime d&#039;activit\u00e9 et ch\u00f4mage : deux aides compatibles en 2026 ?<\/title>\n<meta name=\"description\" content=\"D\u00e9couvrez si la prime d&#039;activit\u00e9 et le ch\u00f4mage sont deux aides cumulables en 2026. V\u00e9rifiez votre \u00e9gibilit\u00e9 avec une simulation Mes Allocs.\" \/>\n<meta name=\"robots\" content=\"index, follow, max-snippet:-1, max-image-preview:large, max-video-preview:-1\" \/>\n<link rel=\"canonical\" href=\"https:\/\/www.mes-allocs.fr\/guides\/prime-d-activite\/cumul-prime-activite\/prime-activite-et-chomage\/\" \/>\n<meta property=\"og:locale\" content=\"fr_FR\" \/>\n<meta property=\"og:type\" content=\"article\" \/>\n<meta property=\"og:title\" content=\"Prime d&#039;activit\u00e9 et ch\u00f4mage : deux aides compatibles en 2026 ?\" \/>\n<meta property=\"og:description\" content=\"D\u00e9couvrez si la prime d&#039;activit\u00e9 et le ch\u00f4mage sont deux aides cumulables en 2026. V\u00e9rifiez votre \u00e9gibilit\u00e9 avec une simulation Mes Allocs.\" \/>\n<meta property=\"og:url\" content=\"https:\/\/www.mes-allocs.fr\/guides\/prime-d-activite\/cumul-prime-activite\/prime-activite-et-chomage\/\" \/>\n<meta property=\"og:site_name\" content=\"Mes-Allocs.fr\" \/>\n<meta property=\"article:published_time\" content=\"2019-07-16T13:38:17+00:00\" \/>\n<meta property=\"article:modified_time\" content=\"2026-04-02T13:36:43+00:00\" \/>\n<meta property=\"og:image\" content=\"https:\/\/www.mes-allocs.fr\/guides\/wp-content\/uploads\/2019\/07\/AdobeStock_238343844-e1563550200142.jpg?wsr\" \/>\n\t<meta property=\"og:image:width\" content=\"1934\" \/>\n\t<meta property=\"og:image:height\" content=\"734\" \/>\n<meta name=\"twitter:card\" content=\"summary_large_image\" \/>\n<script type=\"application\/ld+json\" class=\"yoast-schema-graph\">{\"@context\":\"https:\/\/schema.org\",\"@graph\":[{\"@type\":\"WebSite\",\"@id\":\"https:\/\/www.mes-allocs.fr\/guides\/#website\",\"url\":\"https:\/\/www.mes-allocs.fr\/guides\/\",\"name\":\"Mes-Allocs.fr\",\"description\":\"\",\"potentialAction\":[{\"@type\":\"SearchAction\",\"target\":\"https:\/\/www.mes-allocs.fr\/guides\/?s={search_term_string}\",\"query-input\":\"required name=search_term_string\"}],\"inLanguage\":\"fr-FR\"},{\"@type\":\"ImageObject\",\"@id\":\"https:\/\/www.mes-allocs.fr\/guides\/prime-d-activite\/cumul-prime-activite\/prime-activite-et-chomage\/#primaryimage\",\"inLanguage\":\"fr-FR\",\"url\":\"https:\/\/www.mes-allocs.fr\/guides\/wp-content\/uploads\/2019\/07\/AdobeStock_238343844-e1563550200142.jpg?wsr\",\"width\":1934,\"height\":734,\"caption\":\"AdobeStock 238343844 e1563550200142\"},{\"@type\":\"WebPage\",\"@id\":\"https:\/\/www.mes-allocs.fr\/guides\/prime-d-activite\/cumul-prime-activite\/prime-activite-et-chomage\/#webpage\",\"url\":\"https:\/\/www.mes-allocs.fr\/guides\/prime-d-activite\/cumul-prime-activite\/prime-activite-et-chomage\/\",\"name\":\"Prime d'activit\\u00e9 et ch\\u00f4mage : deux aides compatibles en 2026 ?\",\"isPartOf\":{\"@id\":\"https:\/\/www.mes-allocs.fr\/guides\/#website\"},\"primaryImageOfPage\":{\"@id\":\"https:\/\/www.mes-allocs.fr\/guides\/prime-d-activite\/cumul-prime-activite\/prime-activite-et-chomage\/#primaryimage\"},\"datePublished\":\"2019-07-16T13:38:17+00:00\",\"dateModified\":\"2026-04-02T13:36:43+00:00\",\"author\":{\"@id\":\"https:\/\/www.mes-allocs.fr\/guides\/#\/schema\/person\/0ecd61a8600573914d00d970a588c024\"},\"description\":\"D\\u00e9couvrez si la prime d'activit\\u00e9 et le ch\\u00f4mage sont deux aides cumulables en 2026. V\\u00e9rifiez votre \\u00e9gibilit\\u00e9 avec une simulation Mes Allocs.\",\"inLanguage\":\"fr-FR\"},{\"@type\":\"Person\",\"@id\":\"https:\/\/www.mes-allocs.fr\/guides\/#\/schema\/person\/0ecd61a8600573914d00d970a588c024\",\"name\":\"Jonathan\",\"image\":{\"@type\":\"ImageObject\",\"@id\":\"https:\/\/www.mes-allocs.fr\/guides\/#personlogo\",\"inLanguage\":\"fr-FR\",\"url\":\"https:\/\/www.mes-allocs.fr\/guides\/wp-content\/uploads\/2021\/06\/jonathan-150x150.png\",\"caption\":\"Jonathan\"},\"description\":\"Jonathan est r\\u00e9dacteur au sein de l'\\u00e9quipe Mes Allocs, sp\\u00e9cialis\\u00e9 sur les sujets li\\u00e9s au handicap. Dipl\\u00f4m\\u00e9e de l'UPEM, il rejoint Mes Allocs apr\\u00e8s avoir travaill\\u00e9 \\u00e0 l'association AEDE qui accompagne les adultes en situation de handicap. Quand il n'\\u00e9crit pas, on peut le retrouver sur un terrain de basket.\",\"sameAs\":[\"https:\/\/www.linkedin.com\/in\/jonathan-bambela-8637861b7\"]}]}<\/script>\n<!-- \/ Yoast SEO plugin. -->","amp_validity":null,"acf":{"faq":{"1":{"question":"Qu'est ce que la prime d'activit\u00e9 ? ","answer":"La prime d\u2019activit\u00e9 est une aide qui vous est d\u00e9livr\u00e9e par votre Caisse d\u2019Allocations Familiales (CAF), si vous travaillez et si votre salaire est sup\u00e9rieur \u00e0 1 104,25 \u20ac nets par mois."},"2":{"question":"Quelles sont les conditions li\u00e9es \u00e0 la Prime d'Activit\u00e9 ? ","answer":"Pour avoir droit \u00e0 la prime d'activit\u00e9, vous devez remplir l'ensemble des conditions suivantes : avoir une activit\u00e9 professionnelle (salari\u00e9e ou non) et percevoir des revenus modestes, r\u00e9sider en France de mani\u00e8re stable et effective, \u00eatre en s\u00e9jour r\u00e9gulier. \r\n"},"3":{"question":"Comment demander la Prime d'Activit\u00e9 ?","answer":"Pour demander la prime d\u2019activit\u00e9, vous devez constituer un dossier aupr\u00e8s de la CAF ou de la MSA. "},"4":{"question":"Comment faire une simulation de Prime d'Activit\u00e9 ?","answer":"Vous pouvez faire une simulation de la prime d'activit\u00e9 directement sur le site de la CAF ou de la MSA, en indiquant vos revenus mensuels et votre situation professionnelle. Cela vous permettra de conna\u00eetre une estimation du montant auquel vous pourriez avoir droit."},"5":{"question":"Est-ce que le ch\u00f4mage compte pour la prime d'activit\u00e9 ?","answer":"Comme son nom l'indique, la prime d'activit\u00e9 est r\u00e9serv\u00e9e aux personnes exer\u00e7ant une activit\u00e9 professionnelle. Cependant dans certaines situations \u00ab particuli\u00e8res \u00bb, il est possible de b\u00e9n\u00e9ficier de la prime activit\u00e9 tout en cumulant des allocations ch\u00f4mage."},"6":{"question":"Est-ce que les ch\u00f4meurs peuvent demander la prime d'activit\u00e9 ?","answer":"La prime d\u2019activit\u00e9 est destin\u00e9e aux travailleurs. Elle ne vous serait donc pas vers\u00e9e si vous \u00e9tiez au ch\u00f4mage. Cependant, si vous percevez l\u2019Aide de Retour \u00e0 l\u2019Emploi (ARE), vous pouvez b\u00e9n\u00e9ficier de la prime d\u2019activit\u00e9, \u00e0 conditions de respecter toutes les autres conditions pour une \u00e9ligibilit\u00e9 \u00e0 cette derni\u00e8re, et que le montant mensuel d\u2019allocations ch\u00f4mage n\u2019exc\u00e8de pas le montant forfaitaire de prime d\u2019activit\u00e9 auquel vous \u00eates \u00e9ligible."},"7":{"question":"","answer":""},"8":{"question":"","answer":""},"9":{"question":"","answer":""},"10":{"question":"","answer":""},"11":{"question":"","answer":""},"12":{"question":"","answer":""},"13":{"question":"","answer":""},"14":{"question":"","answer":""},"15":{"question":"","answer":""},"16":{"question":"","answer":""}}},"_links":{"self":[{"href":"https:\/\/www.mes-allocs.fr\/guides\/wp-json\/wp\/v2\/posts\/496","targetHints":{"allow":["GET"]}}],"collection":[{"href":"https:\/\/www.mes-allocs.fr\/guides\/wp-json\/wp\/v2\/posts"}],"about":[{"href":"https:\/\/www.mes-allocs.fr\/guides\/wp-json\/wp\/v2\/types\/post"}],"author":[{"embeddable":true,"href":"https:\/\/www.mes-allocs.fr\/guides\/wp-json\/wp\/v2\/users\/6"}],"replies":[{"embeddable":true,"href":"https:\/\/www.mes-allocs.fr\/guides\/wp-json\/wp\/v2\/comments?post=496"}],"version-history":[{"count":53,"href":"https:\/\/www.mes-allocs.fr\/guides\/wp-json\/wp\/v2\/posts\/496\/revisions"}],"predecessor-version":[{"id":111394,"href":"https:\/\/www.mes-allocs.fr\/guides\/wp-json\/wp\/v2\/posts\/496\/revisions\/111394"}],"wp:featuredmedia":[{"embeddable":true,"href":"https:\/\/www.mes-allocs.fr\/guides\/wp-json\/wp\/v2\/media\/957"}],"wp:attachment":[{"href":"https:\/\/www.mes-allocs.fr\/guides\/wp-json\/wp\/v2\/media?parent=496"}],"wp:term":[{"taxonomy":"category","embeddable":true,"href":"https:\/\/www.mes-allocs.fr\/guides\/wp-json\/wp\/v2\/categories?post=496"},{"taxonomy":"post_tag","embeddable":true,"href":"https:\/\/www.mes-allocs.fr\/guides\/wp-json\/wp\/v2\/tags?post=496"}],"curies":[{"name":"wp","href":"https:\/\/api.w.org\/{rel}","templated":true}]}}