{"id":49597,"date":"2022-05-02T19:11:34","date_gmt":"2022-05-02T17:11:34","guid":{"rendered":"https:\/\/www.mes-allocs.fr\/guides\/?p=49597"},"modified":"2025-03-18T16:33:32","modified_gmt":"2025-03-18T14:33:32","slug":"aide-entre-particulier-demenagement","status":"publish","type":"post","link":"https:\/\/www.mes-allocs.fr\/guides\/aide-pour-demenagement\/cherche-aide-pour-demenager\/aide-entre-particulier-demenagement\/","title":{"rendered":"Existe-t-il une aide entre particuliers pour le d\u00e9m\u00e9nagement ?"},"content":{"rendered":"<p style=\"text-align: justify;\"><b><img loading=\"lazy\" decoding=\"async\" class=\"alignnone wp-image-49917 size-full\" title=\"Existe t il une aide entre particuliers pour demenagement\" src=\"https:\/\/www.mes-allocs.fr\/guides\/wp-content\/uploads\/2022\/04\/Existe-t-il-une-aide-entre-particuliers-pour-demenagement--e1651247818713.jpg\" alt=\"Existe t il une aide entre particuliers pour demenagement\" width=\"1000\" height=\"202\" srcset=\"https:\/\/www.mes-allocs.fr\/guides\/wp-content\/uploads\/2022\/04\/Existe-t-il-une-aide-entre-particuliers-pour-demenagement--e1651247818713.jpg 1000w, https:\/\/www.mes-allocs.fr\/guides\/wp-content\/uploads\/2022\/04\/Existe-t-il-une-aide-entre-particuliers-pour-demenagement--e1651247818713-300x61.jpg 300w, https:\/\/www.mes-allocs.fr\/guides\/wp-content\/uploads\/2022\/04\/Existe-t-il-une-aide-entre-particuliers-pour-demenagement--e1651247818713-768x155.jpg 768w, https:\/\/www.mes-allocs.fr\/guides\/wp-content\/uploads\/2022\/04\/Existe-t-il-une-aide-entre-particuliers-pour-demenagement--e1651247818713-600x121.jpg 600w\" sizes=\"auto, (max-width: 1000px) 100vw, 1000px\" \/><\/b><\/p>\n<p style=\"text-align: justify;\"><b>Faire appel \u00e0 un d\u00e9m\u00e9nageur lors d&rsquo;un d\u00e9m\u00e9nagement reste la solution la plus simple et la plus s\u00fbre. Cependant, faute de moyens, il peut \u00eatre plus justicier de d\u00e9m\u00e9nager entre particuliers. Ainsi, des plateformes de <a href=\"https:\/\/www.mes-allocs.fr\/guides\/aide-pour-demenagement\/\">d\u00e9m\u00e9nagements<\/a> proposent la mise en relation entre particuliers. Alors, aide entre particulier demenagement : comment \u00e7a marche ?<\/b><\/p>\n<div class='cta-block'><div class='text'>Simulez toutes vos aides en 2 min.<\/div><a href='https:\/\/www.mes-allocs.fr\/ab-app?origin=guides\/wp-json\/wp\/v2\/posts\/49597' class='app-button fit'>Simulation gratuite<\/a><\/div>\n<p style=\"text-align: justify;\">Le principe du d\u00e9m\u00e9nagement entre particuliers est de d\u00e9m\u00e9nager en faisant appel \u00e0 d\u2019autres <a href=\"https:\/\/www.mes-allocs.fr\/guides\/wp-admin\/post.php?post=43963&amp;action=edit\">personnes<\/a> pour vous aider. Ainsi, il existe 2 types de plateformes de mise en relation.<\/p>\n<h1 style=\"text-align: justify;\">Le d\u00e9m\u00e9nagement collaboratif<\/h1>\n<p style=\"text-align: justify;\">Le d\u00e9m\u00e9nagement collaboratif est semblable au <a href=\"https:\/\/www.mes-allocs.fr\/guides\/allocations-familiales\/paje-jusqu-a-quel-age\/\">dispositif<\/a> des petites annonces. <b>En effet, vous devez publier une annonce indiquant les\u00a0diff\u00e9rentes informations concernant vos besoins :<\/b><\/p>\n<ul>\n<li style=\"text-align: justify;\" role=\"presentation\">L\u2019adresse de d\u00e9part et l\u2019adresse d\u2019arriv\u00e9e<\/li>\n<li style=\"text-align: justify;\" role=\"presentation\">Le jour pr\u00e9vu du d\u00e9m\u00e9nagement<\/li>\n<li style=\"text-align: justify;\" role=\"presentation\">Le volume des biens \u00e0 d\u00e9m\u00e9nager<\/li>\n<li style=\"text-align: justify;\" role=\"presentation\">Le nombre de d\u00e9m\u00e9nageurs requis<\/li>\n<\/ul>\n<p style=\"text-align: justify;\">Lorsque l&rsquo;annonce est post\u00e9e, une liste de candidats pr\u00eats \u00e0 vous aider s&rsquo;affiche. <b>Il faut ensuite s\u00e9lectionner ceux dont le budget vous correspond le mieux.<\/b> \u00c0 savoir qu&rsquo;il faut rester vigilant aux d\u00e9sistements. Il est recommand\u00e9 de contacter au minimum 5 personnes pour \u00eatre s\u00fbr d\u2019avoir de la main d\u2019\u0153uvre le jour J.<\/p>\n<h1 style=\"text-align: justify;\">Le d\u00e9m\u00e9nagement participatif<\/h1>\n<p style=\"text-align: justify;\">Les plateformes participatives s&rsquo;appuient sur le m\u00eame principe que le d\u00e9m\u00e9nagement collaboratif. <b>En revanche pour ce dernier, ce sont des d\u00e9m\u00e9nageurs <a href=\"https:\/\/www.mes-allocs.fr\/guides\/chomage\/allocation-de-solidarite-specifique\/ass-et-formation-professionnelle\/\">professionnels<\/a> qui effectuent le d\u00e9m\u00e9nagement.<\/b> Ainsi, vous pouvez demander de l&rsquo;aide \u00e0 un d\u00e9m\u00e9nageur tout en b\u00e9n\u00e9ficiant d&rsquo;une expertise professionnelle. <b>Vous pouvez r\u00e9duire les co\u00fbts jusqu&rsquo;\u00e0 50 % en les aidant et b\u00e9n\u00e9ficier d&rsquo;un camion utilitaire inclus dans votre devis dans certains cas.<\/b><\/p>\n<p style=\"text-align: justify;\"><b>Les principaux sites mettant en relations les particuliers sont :<\/b><\/p>\n<ul>\n<li style=\"text-align: justify;\">Jemoove.fr<\/li>\n<li style=\"text-align: justify;\">Mydemenageur.com<\/li>\n<li style=\"text-align: justify;\">Kiwiiz.fr<\/li>\n<li style=\"text-align: justify;\">Cocolis.fr<\/li>\n<li style=\"text-align: justify;\">Allovoisins.com<\/li>\n<li style=\"text-align: justify;\">Dem\u00e9clic.fr<\/li>\n<li style=\"text-align: justify;\">Demenagerpascher.com<\/li>\n<li style=\"text-align: justify;\">Desbrasenplus.com<\/li>\n<li style=\"text-align: justify;\">Demenagerseul.com<\/li>\n<\/ul>\n<p style=\"text-align: justify;\">Toutes les plateformes ne proposent pas de mise en relation dans toutes les villes. <b>En effet, les grandes villes sont privil\u00e9gi\u00e9es pour ces services :<\/b><\/p>\n<ul>\n<li style=\"text-align: justify;\">Paris<\/li>\n<li style=\"text-align: justify;\">Marseille<\/li>\n<li style=\"text-align: justify;\">Toulouse<\/li>\n<li style=\"text-align: justify;\">Bordeaux<\/li>\n<li style=\"text-align: justify;\">Lille<\/li>\n<li style=\"text-align: justify;\">Nantes<\/li>\n<li style=\"text-align: justify;\">Strasbourg<\/li>\n<li style=\"text-align: justify;\">Rennes<\/li>\n<li style=\"text-align: justify;\">Grenoble<\/li>\n<li style=\"text-align: justify;\">Rouen<\/li>\n<li style=\"text-align: justify;\">Toulon<\/li>\n<li style=\"text-align: justify;\">Saint Denis<\/li>\n<li style=\"text-align: justify;\">Montpellier<\/li>\n<li style=\"text-align: justify;\">Angers<\/li>\n<li style=\"text-align: justify;\">Saint \u00c9tienne<\/li>\n<li style=\"text-align: justify;\">Clermont-Ferrand<\/li>\n<li style=\"text-align: justify;\">Aix-en-Provence<\/li>\n<\/ul>\n<p><iframe loading=\"lazy\" title=\"La prime d\u00e9m\u00e9nagement\" width=\"500\" height=\"281\" src=\"https:\/\/www.youtube.com\/embed\/YBSSe4BOYB4?feature=oembed\" frameborder=\"0\" allow=\"accelerometer; autoplay; clipboard-write; encrypted-media; gyroscope; picture-in-picture; web-share\" referrerpolicy=\"strict-origin-when-cross-origin\" allowfullscreen><\/iframe><\/p>\n<h1 style=\"text-align: justify;\">Quel est le prix d&rsquo;un d\u00e9m\u00e9nagement entre particuliers ?<\/h1>\n<p style=\"text-align: justify;\">Les prix du d\u00e9m\u00e9nagement collaboratif varient en fonction des prestations propos\u00e9es. <b>Un particulier peut vous aider \u00e0 :<\/b><\/p>\n<ul>\n<li style=\"text-align: justify;\">Emballer vos affaires<\/li>\n<li style=\"text-align: justify;\">D\u00e9monter vos meubles<\/li>\n<li style=\"text-align: justify;\">Charger le camion ou le d\u00e9charger<\/li>\n<li style=\"text-align: justify;\">Remonter vos meubles, etc.<\/li>\n<\/ul>\n<p style=\"text-align: justify;\"><b>Dans le cas d\u2019un d\u00e9m\u00e9nagement participatif, c\u2019est vous-m\u00eame qui \u00e9tablissez le devis en fonction de :<\/b><\/p>\n<ul>\n<li style=\"text-align: justify;\">La main d\u2019\u0153uvre dont vous disposez (jusqu\u2019\u00e0 5 personnes)<\/li>\n<li style=\"text-align: justify;\">La p\u00e9riode de d\u00e9m\u00e9nagement<\/li>\n<li style=\"text-align: justify;\">La dur\u00e9e du d\u00e9m\u00e9nagement (le nombre d\u2019heures)<\/li>\n<li style=\"text-align: justify;\">Le volume du d\u00e9m\u00e9nagement<\/li>\n<\/ul>\n<p style=\"text-align: justify;\">Vous faire aider par vos proches peut donc se r\u00e9v\u00e9ler essentiel. <b>En faisant appel \u00e0 des d\u00e9m\u00e9nageurs, pour baisser le prix, vous devez r\u00e9duire leur niveau de participation <\/b>(chargement et d\u00e9chargement seulement par exemple).<\/p>\n<p style=\"text-align: justify;\"><b>Voici des exemples de prix pour un d\u00e9m\u00e9nagement entre particuliers :<\/b><\/p>\n\n<div class=\"wpdt-c row wpDataTableContainerSimpleTable wpDataTables wpDataTablesWrapper\n\"\n    >\n    <table id=\"wpdtSimpleTable-335\"\n           class=\"wpdtSimpleTable wpDataTable\"\n           data-column=\"4\"\n           data-rows=\"6\"\n           data-wpID=\"335\"\n           data-responsive=\"0\"\n           data-has-header=\"1\">\n\n                    <thead>        <tr class=\"wpdt-cell-row \" >\n                            <th class=\"wpdt-cell wpdt-bc-CBDCEB wpdt-bold\"\n                                    data-cell-id=\"A1\"\n                data-col-index=\"0\"\n                data-row-index=\"0\"\n                style=\" width:24.63768115942%;                padding:10px;\"\n                >\n                                Sites                <\/th>\n                                            <th class=\"wpdt-cell wpdt-bc-CBDCEB wpdt-bold\"\n                                    data-cell-id=\"B1\"\n                data-col-index=\"1\"\n                data-row-index=\"0\"\n                style=\" width:24.63768115942%;                padding:10px;\"\n                >\n                                Nombre de d\u00e9m\u00e9nageurs                <\/th>\n                                            <th class=\"wpdt-cell wpdt-bc-CBDCEB wpdt-bold\"\n                                    data-cell-id=\"C1\"\n                data-col-index=\"2\"\n                data-row-index=\"0\"\n                style=\" width:26.086956521739%;                padding:10px;\"\n                >\n                                Dur\u00e9e                <\/th>\n                                            <th class=\"wpdt-cell wpdt-bc-CBDCEB wpdt-bold\"\n                                    data-cell-id=\"D1\"\n                data-col-index=\"3\"\n                data-row-index=\"0\"\n                style=\" width:24.63768115942%;                padding:10px;\"\n                >\n                                Prix                <\/th>\n                                        <\/tr>\n                    <tbody>        <tr class=\"wpdt-cell-row \" >\n                            <td class=\"wpdt-cell \"\n                                    data-cell-id=\"A2\"\n                data-col-index=\"0\"\n                data-row-index=\"1\"\n                style=\"                padding:10px;\"\n                >\n                                Demenager.com                <\/td>\n                                            <td class=\"wpdt-cell \"\n                                    data-cell-id=\"B2\"\n                data-col-index=\"1\"\n                data-row-index=\"1\"\n                style=\"                padding:10px;\"\n                >\n                                1 \u00e0 3 pros                <\/td>\n                                            <td class=\"wpdt-cell \"\n                                    data-cell-id=\"C2\"\n                data-col-index=\"2\"\n                data-row-index=\"1\"\n                style=\"                padding:10px;\"\n                >\n                                4 heures\n7 heures                <\/td>\n                                            <td class=\"wpdt-cell \"\n                                    data-cell-id=\"D2\"\n                data-col-index=\"3\"\n                data-row-index=\"1\"\n                style=\"                padding:10px;\"\n                >\n                                De 500 euros \u00e0\n750 euros                <\/td>\n                                        <\/tr>\n                            <tr class=\"wpdt-cell-row \" >\n                            <td class=\"wpdt-cell \"\n                                    data-cell-id=\"A3\"\n                data-col-index=\"0\"\n                data-row-index=\"2\"\n                style=\"                padding:10px;\"\n                >\n                                Demeclic                <\/td>\n                                            <td class=\"wpdt-cell \"\n                                    data-cell-id=\"B3\"\n                data-col-index=\"1\"\n                data-row-index=\"2\"\n                style=\"                padding:10px;\"\n                >\n                                Vous et vos proches (jusqu\u2019\u00e0 5)                <\/td>\n                                            <td class=\"wpdt-cell \"\n                                    data-cell-id=\"C3\"\n                data-col-index=\"2\"\n                data-row-index=\"2\"\n                style=\"                padding:10px;\"\n                >\n                                1 journ\u00e9e                <\/td>\n                                            <td class=\"wpdt-cell \"\n                                    data-cell-id=\"D3\"\n                data-col-index=\"3\"\n                data-row-index=\"2\"\n                style=\"                padding:10px;\"\n                >\n                                415 euros                <\/td>\n                                        <\/tr>\n                            <tr class=\"wpdt-cell-row \" >\n                            <td class=\"wpdt-cell \"\n                                    data-cell-id=\"A4\"\n                data-col-index=\"0\"\n                data-row-index=\"3\"\n                style=\"                padding:10px;\"\n                >\n                                Mydemenageur.com                <\/td>\n                                            <td class=\"wpdt-cell \"\n                                    data-cell-id=\"B4\"\n                data-col-index=\"1\"\n                data-row-index=\"3\"\n                style=\"                padding:10px;\"\n                >\n                                1 pro ou 1 particulier                <\/td>\n                                            <td class=\"wpdt-cell \"\n                                    data-cell-id=\"C4\"\n                data-col-index=\"2\"\n                data-row-index=\"3\"\n                style=\"                padding:10px;\"\n                >\n                                1 heure                <\/td>\n                                            <td class=\"wpdt-cell \"\n                                    data-cell-id=\"D4\"\n                data-col-index=\"3\"\n                data-row-index=\"3\"\n                style=\"                padding:10px;\"\n                >\n                                10 \u00e0 25 euros selon services propos\u00e9s                <\/td>\n                                        <\/tr>\n                            <tr class=\"wpdt-cell-row \" >\n                            <td class=\"wpdt-cell \"\n                                    data-cell-id=\"A5\"\n                data-col-index=\"0\"\n                data-row-index=\"4\"\n                style=\"                padding:10px;\"\n                >\n                                Service lulu gros bras                <\/td>\n                                            <td class=\"wpdt-cell \"\n                                    data-cell-id=\"B5\"\n                data-col-index=\"1\"\n                data-row-index=\"4\"\n                style=\"                padding:10px;\"\n                >\n                                1 particulier                <\/td>\n                                            <td class=\"wpdt-cell \"\n                                    data-cell-id=\"C5\"\n                data-col-index=\"2\"\n                data-row-index=\"4\"\n                style=\"                padding:10px;\"\n                >\n                                30 mn                <\/td>\n                                            <td class=\"wpdt-cell \"\n                                    data-cell-id=\"D5\"\n                data-col-index=\"3\"\n                data-row-index=\"4\"\n                style=\"                padding:10px;\"\n                >\n                                15 euros                <\/td>\n                                        <\/tr>\n                            <tr class=\"wpdt-cell-row \" >\n                            <td class=\"wpdt-cell \"\n                                    data-cell-id=\"A6\"\n                data-col-index=\"0\"\n                data-row-index=\"5\"\n                style=\"                padding:10px;\"\n                >\n                                Kiwiiz.fr                <\/td>\n                                            <td class=\"wpdt-cell \"\n                                    data-cell-id=\"B6\"\n                data-col-index=\"1\"\n                data-row-index=\"5\"\n                style=\"                padding:10px;\"\n                >\n                                1 particulier                <\/td>\n                                            <td class=\"wpdt-cell \"\n                                    data-cell-id=\"C6\"\n                data-col-index=\"2\"\n                data-row-index=\"5\"\n                style=\"                padding:10px;\"\n                >\n                                1 heure                <\/td>\n                                            <td class=\"wpdt-cell \"\n                                    data-cell-id=\"D6\"\n                data-col-index=\"3\"\n                data-row-index=\"5\"\n                style=\"                padding:10px;\"\n                >\n                                \u00a0\u00c0 partir de 10 euros                <\/td>\n                                        <\/tr>\n                    <\/table>\n<\/div><style id='wpdt-custom-style-335'>\ntable#wpdtSimpleTable-335{ table-layout: fixed !important; }\n.wpdt-bc-CBDCEB { background-color: #CBDCEB !important;}\n<\/style>\n\n<p style=\"text-align: justify;\">Ces montants sont donn\u00e9s \u00e0 titre indicatif, il faut pr\u00e9voir un \u00e9ventuel d\u00e9passement de taux horaires selon la distance parcourue.<b> Il faut aussi pr\u00e9voir d&rsquo;\u00e9ventuels suppl\u00e9ment comme :<\/b><\/p>\n<ul>\n<li style=\"text-align: justify;\">Les frais d\u2019autorisation de stationnement,<\/li>\n<li style=\"text-align: justify;\">La location d\u2019un utilitaire et de monte-meuble<\/li>\n<\/ul>\n<h1 id=\"demenagement-entre-particulier-avec-camion-de-demenagement\" style=\"text-align: justify;\">D\u00e9m\u00e9nagement entre particuliers : le camion de d\u00e9m\u00e9nagement<\/h1>\n<p style=\"text-align: justify;\">Sur les sites collaboratif ou participatif, bien souvent, le d\u00e9m\u00e9nagement n&rsquo;inclut pas la location d&rsquo;un utilitaire. <b>Par cons\u00e9quent, vous disposez de 3 solutions :<\/b><\/p>\n<ul>\n<li style=\"text-align: justify;\">Vous pouvez louer un utilitaire aupr\u00e8s d\u2019une entreprise \u00e0 bas prix<\/li>\n<li style=\"text-align: justify;\">Vous pouvez vous renseigner aupr\u00e8s de vos proches<\/li>\n<li style=\"text-align: justify;\">Vous pouvez louer entre particuliers<\/li>\n<\/ul>\n<p style=\"text-align: justify;\"><b>Dans le dernier cas, avant de louer un camion, vous devez d\u00e9terminer le volume du camion.<\/b> Pour trouver celui qui convient le mieux, vous pouvez vous appuyer sur le nombre de cartons \u00e0 transporter. <b>Des sites tels que Drivy ou Ouicar proposent lors de services de d\u00e9m\u00e9nagement la location entre particuliers. <\/b>Ils proposent des tarifs \u00e0 l\u2019heure ou \u00e0 la journ\u00e9e, mais les prix sont libres.<\/p>\n<p style=\"text-align: justify;\">Voici un tableau r\u00e9capitulatif des prix :<\/p>\n\n<div class=\"wpdt-c row wpDataTableContainerSimpleTable wpDataTables wpDataTablesWrapper\n\"\n    >\n    <table id=\"wpdtSimpleTable-334\"\n           class=\"wpdtSimpleTable wpDataTable\"\n           data-column=\"4\"\n           data-rows=\"3\"\n           data-wpID=\"334\"\n           data-responsive=\"0\"\n           data-has-header=\"1\">\n\n                    <thead>        <tr class=\"wpdt-cell-row \" >\n                            <th class=\"wpdt-cell wpdt-bc-CBDCEB wpdt-bold\"\n                                    data-cell-id=\"A1\"\n                data-col-index=\"0\"\n                data-row-index=\"0\"\n                style=\" width:24.63768115942%;                padding:10px;\"\n                >\n                                Sites                <\/th>\n                                            <th class=\"wpdt-cell wpdt-bc-CBDCEB wpdt-bold\"\n                                    data-cell-id=\"B1\"\n                data-col-index=\"1\"\n                data-row-index=\"0\"\n                style=\" width:24.63768115942%;                padding:10px;\"\n                >\n                                Volume                <\/th>\n                                            <th class=\"wpdt-cell wpdt-bc-CBDCEB wpdt-bold\"\n                                    data-cell-id=\"C1\"\n                data-col-index=\"2\"\n                data-row-index=\"0\"\n                style=\" width:26.086956521739%;                padding:10px;\"\n                >\n                                Dur\u00e9e                <\/th>\n                                            <th class=\"wpdt-cell wpdt-bc-CBDCEB wpdt-bold\"\n                                    data-cell-id=\"D1\"\n                data-col-index=\"3\"\n                data-row-index=\"0\"\n                style=\" width:24.63768115942%;                padding:10px;\"\n                >\n                                Prix                <\/th>\n                                        <\/tr>\n                    <tbody>        <tr class=\"wpdt-cell-row \" >\n                            <td class=\"wpdt-cell \"\n                                    data-cell-id=\"A2\"\n                data-col-index=\"0\"\n                data-row-index=\"1\"\n                style=\"                padding:10px;\"\n                >\n                                Drivy                <\/td>\n                                            <td class=\"wpdt-cell \"\n                                    data-cell-id=\"B2\"\n                data-col-index=\"1\"\n                data-row-index=\"1\"\n                style=\"                padding:10px;\"\n                >\n                                12 m3                <\/td>\n                                            <td class=\"wpdt-cell \"\n                                    data-cell-id=\"C2\"\n                data-col-index=\"2\"\n                data-row-index=\"1\"\n                style=\"                padding:10px;\"\n                >\n                                1 jour                <\/td>\n                                            <td class=\"wpdt-cell \"\n                                    data-cell-id=\"D2\"\n                data-col-index=\"3\"\n                data-row-index=\"1\"\n                style=\"                padding:10px;\"\n                >\n                                \u00c0 partir de 50 \u20ac avec 200 km inclus                <\/td>\n                                        <\/tr>\n                            <tr class=\"wpdt-cell-row \" >\n                            <td class=\"wpdt-cell \"\n                                    data-cell-id=\"A3\"\n                data-col-index=\"0\"\n                data-row-index=\"2\"\n                style=\"                padding:10px;\"\n                >\n                                Ouicar                <\/td>\n                                            <td class=\"wpdt-cell \"\n                                    data-cell-id=\"B3\"\n                data-col-index=\"1\"\n                data-row-index=\"2\"\n                style=\"                padding:10px;\"\n                >\n                                10 m2                <\/td>\n                                            <td class=\"wpdt-cell \"\n                                    data-cell-id=\"C3\"\n                data-col-index=\"2\"\n                data-row-index=\"2\"\n                style=\"                padding:10px;\"\n                >\n                                1 jour                <\/td>\n                                            <td class=\"wpdt-cell \"\n                                    data-cell-id=\"D3\"\n                data-col-index=\"3\"\n                data-row-index=\"2\"\n                style=\"                padding:10px;\"\n                >\n                                \u00c0 partir de 46 \u20ac +10 euros pour 100 km                <\/td>\n                                        <\/tr>\n                    <\/table>\n<\/div><style id='wpdt-custom-style-334'>\ntable#wpdtSimpleTable-334{ table-layout: fixed !important; }\n.wpdt-bc-CBDCEB { background-color: #CBDCEB !important;}\n<\/style>\n\n<h1 style=\"text-align: justify;\">Quelles sont les r\u00e8gles lors d&rsquo;un d\u00e9m\u00e9nagement entre particuliers ?<\/h1>\n<p style=\"text-align: justify;\">Le d\u00e9m\u00e9nagement entre particuliers n\u2019est pas r\u00e9git par le code de la consommation, de ce fait vous ne disposez d\u2019aucun d\u00e9lai l\u00e9gal de r\u00e9tractation. <b>D&rsquo;ailleurs, les particuliers n\u2019ont pas le droit de vous louer ou m\u00eame de transporter vos affaires dans certaines situations :<\/b><\/p>\n<ul>\n<li style=\"text-align: justify;\">En cas de non-d\u00e9tention d\u2019une licence de transport<\/li>\n<li style=\"text-align: justify;\">\u00a0En cas d&rsquo;absence d&rsquo;inscription au registre du commerce<\/li>\n<li style=\"text-align: justify;\">Leur assurance doit \u00e9galement comporter au minimum une garantie couvrant les d\u00e9g\u00e2ts mat\u00e9riels et immat\u00e9riels, directs et indirects qu\u2019ils pourraient causer \u00e0 des tiers ou qu\u2019ils pourraient subir<\/li>\n<\/ul>\n<p style=\"text-align: justify;\"><b>Lorsque vous fa\u00eetes appel \u00e0 des particuliers :<\/b><\/p>\n<ul>\n<li style=\"text-align: justify;\">Vous devez souscrire une assurance contre la d\u00e9t\u00e9rioration de vos objets ou contre les blessures<\/li>\n<li style=\"text-align: justify;\">Vous devez v\u00e9rifier votre contrat d\u2019habitation pour les cas de blessures chez vous, de bris, de perte et de vol<\/li>\n<li style=\"text-align: justify;\">Vous devez veiller \u00e0 respecter les d\u00e9clarations administratives, fiscales et sociales (URSSAF) avant d\u2019employer un particulier<\/li>\n<li style=\"text-align: justify;\">En cas de litige, vous devez recourir \u00e0 la commission de m\u00e9diation de la consommation ou \u00e0 un conciliateur de justice ind\u00e9pendant<\/li>\n<\/ul>\n<p style=\"text-align: justify;\"><b>Il est vivement conseill\u00e9 de bien lire les conditions g\u00e9n\u00e9rales des plateformes de mise en relation pour conna\u00eetre leur politique en cas d\u2019annulation.<\/b><\/p>\n<h1 style=\"text-align: justify;\">Quelles aides financi\u00e8res pour un d\u00e9m\u00e9nagement ?<\/h1>\n<p style=\"text-align: justify;\"><b>En fonction de votre situation, vous pouvez b\u00e9n\u00e9ficier d&rsquo;allocations afin de r\u00e9duire le co\u00fbt du d\u00e9m\u00e9nagement :<\/b><\/p>\n<ul>\n<li style=\"text-align: justify;\"><b>L&rsquo;aide au\u00a0d\u00e9m\u00e9nagement CAF <\/b>: c&rsquo;est une aide de la CAF ou de la MSA destin\u00e9e aux familles nombreuses qui ont au moins trois enfants pour les aider dans leurs d\u00e9m\u00e9nagements.<\/li>\n<li style=\"text-align: justify;\"><b>L\u2019aide du Fonds de Solidarit\u00e9 pour le Logement (FSL)<\/b> : cette prestation est attribu\u00e9e par les conseils d\u00e9partementaux. Elle s&rsquo;adresse aux personnes disposant de faibles revenus.<\/li>\n<li style=\"text-align: justify;\"><b>L&rsquo;aide au d\u00e9m\u00e9nagement de P\u00f4le Emploi<\/b> : \u00e0 titre exceptionnel, P\u00f4le Emploi peut prendre en charge une partie des frais de d\u00e9m\u00e9nagement lorsque celui-ci conditionne une reprise d\u2019activit\u00e9 ou une recherche d&#8217;emploi.<\/li>\n<\/ul>\n<p>L&rsquo;aide au d\u00e9m\u00e9nagement entre particuliers repr\u00e9sente une option innovante et solidaire qui r\u00e9pond aux besoins de nombreux individus et familles lorsqu&rsquo;ils envisagent un changement de domicile.<\/p>\n<p>En conclusion, l&rsquo;aide au d\u00e9m\u00e9nagement entre particuliers illustre l&rsquo;esprit de solidarit\u00e9 et d&rsquo;entraide qui peut unir les individus dans des moments de transition significatifs<\/p>\n<p>. Cette approche offre une alternative conviviale et \u00e9conomique pour faciliter le d\u00e9m\u00e9nagement, tout en renfor\u00e7ant les liens sociaux et en favorisant une collaboration bienveillante au sein de la communaut\u00e9.<\/p>\n<div class='cta-block'><div class='text'>Simulez toutes vos aides en 2 min.<\/div><a href='https:\/\/www.mes-allocs.fr\/ab-app?origin=guides\/wp-json\/wp\/v2\/posts\/49597' class='app-button fit'>Simulation gratuite<\/a><\/div>\n","protected":false},"excerpt":{"rendered":"<p>Faire appel \u00e0 un d\u00e9m\u00e9nageur lors d&rsquo;un d\u00e9m\u00e9nagement reste la solution la plus simple et la plus s\u00fbre. Cependant, faute de moyens, il peut \u00eatre plus justicier de d\u00e9m\u00e9nager entre particuliers. Ainsi, des plateformes de d\u00e9m\u00e9nagements proposent la mise en relation entre particuliers. Alors, aide entre particulier demenagement : comment \u00e7a marche ? Le principe [&hellip;]<\/p>\n","protected":false},"author":14,"featured_media":66682,"comment_status":"closed","ping_status":"open","sticky":false,"template":"","format":"standard","meta":{"amp_status":"","footnotes":""},"categories":[11387,20181],"tags":[],"class_list":["post-49597","post","type-post","status-publish","format-standard","has-post-thumbnail","hentry","category-aide-pour-demenagement","category-cherche-aide-pour-demenager"],"yoast_head":"<!-- This site is optimized with the Yoast SEO plugin v14.9 - https:\/\/yoast.com\/wordpress\/plugins\/seo\/ -->\n<title>Existe-t-il une aide entre particuliers pour le d\u00e9m\u00e9nagement ? | Mes-Allocs.fr<\/title>\n<meta name=\"description\" content=\"Faute de moyens, il peut \u00eatre plus justicier de d\u00e9m\u00e9nager entre particuliers. Aide entre particulier pour d\u00e9m\u00e9nagement : comment \u00e7a marche ?\u00a0\" \/>\n<meta name=\"robots\" content=\"index, follow, max-snippet:-1, max-image-preview:large, max-video-preview:-1\" \/>\n<link rel=\"canonical\" href=\"https:\/\/www.mes-allocs.fr\/guides\/aide-pour-demenagement\/cherche-aide-pour-demenager\/aide-entre-particulier-demenagement\/\" \/>\n<meta property=\"og:locale\" content=\"fr_FR\" \/>\n<meta property=\"og:type\" content=\"article\" \/>\n<meta property=\"og:title\" content=\"Existe-t-il une aide entre particuliers pour le d\u00e9m\u00e9nagement ? | Mes-Allocs.fr\" \/>\n<meta property=\"og:description\" content=\"Faute de moyens, il peut \u00eatre plus justicier de d\u00e9m\u00e9nager entre particuliers. Aide entre particulier pour d\u00e9m\u00e9nagement : comment \u00e7a marche ?\u00a0\" \/>\n<meta property=\"og:url\" content=\"https:\/\/www.mes-allocs.fr\/guides\/aide-pour-demenagement\/cherche-aide-pour-demenager\/aide-entre-particulier-demenagement\/\" \/>\n<meta property=\"og:site_name\" content=\"Mes-Allocs.fr\" \/>\n<meta property=\"article:published_time\" content=\"2022-05-02T17:11:34+00:00\" \/>\n<meta property=\"article:modified_time\" content=\"2025-03-18T14:33:32+00:00\" \/>\n<meta property=\"og:image\" content=\"https:\/\/www.mes-allocs.fr\/guides\/wp-content\/uploads\/2022\/05\/aide-entre-particulier-demenagement.jpeg?wsr\" \/>\n\t<meta property=\"og:image:width\" content=\"329\" \/>\n\t<meta property=\"og:image:height\" content=\"332\" \/>\n<meta name=\"twitter:card\" content=\"summary_large_image\" \/>\n<script type=\"application\/ld+json\" class=\"yoast-schema-graph\">{\"@context\":\"https:\/\/schema.org\",\"@graph\":[{\"@type\":\"WebSite\",\"@id\":\"https:\/\/www.mes-allocs.fr\/guides\/#website\",\"url\":\"https:\/\/www.mes-allocs.fr\/guides\/\",\"name\":\"Mes-Allocs.fr\",\"description\":\"\",\"potentialAction\":[{\"@type\":\"SearchAction\",\"target\":\"https:\/\/www.mes-allocs.fr\/guides\/?s={search_term_string}\",\"query-input\":\"required name=search_term_string\"}],\"inLanguage\":\"fr-FR\"},{\"@type\":\"ImageObject\",\"@id\":\"https:\/\/www.mes-allocs.fr\/guides\/aide-pour-demenagement\/cherche-aide-pour-demenager\/aide-entre-particulier-demenagement\/#primaryimage\",\"inLanguage\":\"fr-FR\",\"url\":\"https:\/\/www.mes-allocs.fr\/guides\/wp-content\/uploads\/2022\/05\/aide-entre-particulier-demenagement.jpeg?wsr\",\"width\":329,\"height\":332,\"caption\":\"aide entre particulier demenagement\"},{\"@type\":\"WebPage\",\"@id\":\"https:\/\/www.mes-allocs.fr\/guides\/aide-pour-demenagement\/cherche-aide-pour-demenager\/aide-entre-particulier-demenagement\/#webpage\",\"url\":\"https:\/\/www.mes-allocs.fr\/guides\/aide-pour-demenagement\/cherche-aide-pour-demenager\/aide-entre-particulier-demenagement\/\",\"name\":\"Existe-t-il une aide entre particuliers pour le d\\u00e9m\\u00e9nagement ? | Mes-Allocs.fr\",\"isPartOf\":{\"@id\":\"https:\/\/www.mes-allocs.fr\/guides\/#website\"},\"primaryImageOfPage\":{\"@id\":\"https:\/\/www.mes-allocs.fr\/guides\/aide-pour-demenagement\/cherche-aide-pour-demenager\/aide-entre-particulier-demenagement\/#primaryimage\"},\"datePublished\":\"2022-05-02T17:11:34+00:00\",\"dateModified\":\"2025-03-18T14:33:32+00:00\",\"author\":{\"@id\":\"https:\/\/www.mes-allocs.fr\/guides\/#\/schema\/person\/a3de97298fd0ffc005ebdd5628b03ca8\"},\"description\":\"Faute de moyens, il peut \\u00eatre plus justicier de d\\u00e9m\\u00e9nager entre particuliers. Aide entre particulier pour d\\u00e9m\\u00e9nagement : comment \\u00e7a marche ?\\u00a0\",\"inLanguage\":\"fr-FR\"},{\"@type\":\"Person\",\"@id\":\"https:\/\/www.mes-allocs.fr\/guides\/#\/schema\/person\/a3de97298fd0ffc005ebdd5628b03ca8\",\"name\":\"Marina Ada Ondo\",\"image\":{\"@type\":\"ImageObject\",\"@id\":\"https:\/\/www.mes-allocs.fr\/guides\/#personlogo\",\"inLanguage\":\"fr-FR\",\"url\":\"https:\/\/www.mes-allocs.fr\/guides\/wp-content\/uploads\/2022\/02\/Photo-de-profil-150x150.png\",\"caption\":\"Marina Ada Ondo\"},\"description\":\"Marina est r\\u00e9dactrice au sein de l'\\u00e9quipe Mes Allocs, sp\\u00e9cialis\\u00e9e sur les aides aux jeunes. Dipl\\u00f4m\\u00e9e de l'ISFJ, elle rejoint Mes Allocs apr\\u00e8s une premi\\u00e8re exp\\u00e9rience en communication chez Little Africa, une agence de communication \\u00e0 Paris. Sur son temps libre, Marina lit beaucoup et passe ses dimanches au mus\\u00e9e.\",\"sameAs\":[\"https:\/\/www.linkedin.com\/in\/marinaadaondo\/\"]}]}<\/script>\n<!-- \/ Yoast SEO plugin. -->","amp_validity":null,"acf":{"faq":{"1":{"question":"Comment trouver des bras pour d\u00e9m\u00e9nager ?","answer":"Pour d\u00e9m\u00e9nager, vous pouvez faire appel \u00e0 des particuliers sur les plateformes collaboratives telles que MyDemenageur. Il faut indiquer votre r\u00e9gion et les conditions de votre d\u00e9m\u00e9nagement (heures, nombre de personnes n\u00e9cessaires, conditions de r\u00e9mun\u00e9ration, etc.). Les bras int\u00e9ress\u00e9s pourront vous contacter directement via votre annonce de d\u00e9m\u00e9nagement. "},"2":{"question":"Comment savoir si j'ai le droit \u00e0 des aides ?","answer":"Mes Allocs dispose d'un simulateur en ligne qui offre la possibilit\u00e9 \u00e0 toute personne de conna\u00eetre rapidement ses droits aux prestations et aides sociales nationales ou locales. "},"3":{"question":"Quels sont les organismes pour personne en difficult\u00e9 financi\u00e8re ?","answer":"Des aides sociales existent pour vous aider \u00e0 faire face \u00e0 un cas de difficult\u00e9 financi\u00e8re. Parmi elles, l'aide d'urgence du crous pour les \u00e9tudiants, la CMU compl\u00e9mentaire sant\u00e9 pour les soins et une aide de la CAF, qui vous aide \u00e0 r\u00e9gler vos impay\u00e9s de logement."},"4":{"question":"Comment obtenir une aide financi\u00e8re exceptionnelle ?","answer":"Pour obtenir l'aide, vous devez compl\u00e9ter le formulaire, joindre les pi\u00e8ces justificatives n\u00e9cessaires et l'envoyer \u00e0 l\u2019Urssaf de votre lieu d\u2019activit\u00e9 professionnelle."},"5":{"question":"Qui a le droit \u00e0 l'aide sociale \u00e0 l'h\u00e9bergement ?","answer":"Pour b\u00e9n\u00e9ficier de l'ASH (aide sociale \u00e0 l'h\u00e9bergement), il faut : avoir plus de 65 ans (ou plus de 60 ans si l'on est reconnu inapte au travail), r\u00e9sider en France de fa\u00e7on stable et r\u00e9guli\u00e8re ou disposer d'un titre de s\u00e9jour en cours de validit\u00e9, avoir des ressources inf\u00e9rieures au montant des frais d'h\u00e9bergement."},"6":{"question":"Quelles sont les 6 cat\u00e9gories de prestations sociales ?","answer":"Les diff\u00e9rentes cat\u00e9gories de prestations sociales sont : \r\nLa vieillesse et la survie ;\r\nLa sant\u00e9 ;\r\nLa famille ;\r\nLa perte d'emploi et l'insertion professionnelle ;\r\nLe logement ;\r\nLa pauvret\u00e9 et l'exclusion sociale."},"7":{"question":"","answer":""},"8":{"question":"","answer":""},"9":{"question":"","answer":""},"10":{"question":"","answer":""},"11":{"question":"","answer":""},"12":{"question":"","answer":""},"13":{"question":"","answer":""},"14":{"question":"","answer":""},"15":{"question":"","answer":""},"16":{"question":"","answer":""}}},"_links":{"self":[{"href":"https:\/\/www.mes-allocs.fr\/guides\/wp-json\/wp\/v2\/posts\/49597","targetHints":{"allow":["GET"]}}],"collection":[{"href":"https:\/\/www.mes-allocs.fr\/guides\/wp-json\/wp\/v2\/posts"}],"about":[{"href":"https:\/\/www.mes-allocs.fr\/guides\/wp-json\/wp\/v2\/types\/post"}],"author":[{"embeddable":true,"href":"https:\/\/www.mes-allocs.fr\/guides\/wp-json\/wp\/v2\/users\/14"}],"replies":[{"embeddable":true,"href":"https:\/\/www.mes-allocs.fr\/guides\/wp-json\/wp\/v2\/comments?post=49597"}],"version-history":[{"count":12,"href":"https:\/\/www.mes-allocs.fr\/guides\/wp-json\/wp\/v2\/posts\/49597\/revisions"}],"predecessor-version":[{"id":98791,"href":"https:\/\/www.mes-allocs.fr\/guides\/wp-json\/wp\/v2\/posts\/49597\/revisions\/98791"}],"wp:featuredmedia":[{"embeddable":true,"href":"https:\/\/www.mes-allocs.fr\/guides\/wp-json\/wp\/v2\/media\/66682"}],"wp:attachment":[{"href":"https:\/\/www.mes-allocs.fr\/guides\/wp-json\/wp\/v2\/media?parent=49597"}],"wp:term":[{"taxonomy":"category","embeddable":true,"href":"https:\/\/www.mes-allocs.fr\/guides\/wp-json\/wp\/v2\/categories?post=49597"},{"taxonomy":"post_tag","embeddable":true,"href":"https:\/\/www.mes-allocs.fr\/guides\/wp-json\/wp\/v2\/tags?post=49597"}],"curies":[{"name":"wp","href":"https:\/\/api.w.org\/{rel}","templated":true}]}}