{"id":48751,"date":"2022-04-25T17:05:03","date_gmt":"2022-04-25T15:05:03","guid":{"rendered":"https:\/\/www.mes-allocs.fr\/guides\/?p=48751"},"modified":"2026-01-23T17:24:53","modified_gmt":"2026-01-23T16:24:53","slug":"prepare-caf-heures-supplementaires","status":"publish","type":"post","link":"https:\/\/www.mes-allocs.fr\/guides\/allocations-familiales\/paje\/prepare-caf\/prepare-caf-heures-supplementaires\/","title":{"rendered":"Comment cumuler PreParE CAF et heures suppl\u00e9mentaires en 2026 ?"},"content":{"rendered":"<p style=\"text-align: justify;\"><img loading=\"lazy\" decoding=\"async\" class=\"alignnone wp-image-49149 size-full\" title=\"Comment cumuler PreParE CAF et heures supplementaires\" src=\"https:\/\/www.mes-allocs.fr\/guides\/wp-content\/uploads\/2022\/04\/Comment-cumuler-PreParE-CAF-et-heures-supplementaires--e1650552688756.jpg\" alt=\"Comment cumuler PreParE CAF et heures supplementaires\" width=\"1880\" height=\"455\" srcset=\"https:\/\/www.mes-allocs.fr\/guides\/wp-content\/uploads\/2022\/04\/Comment-cumuler-PreParE-CAF-et-heures-supplementaires--e1650552688756.jpg 1880w, https:\/\/www.mes-allocs.fr\/guides\/wp-content\/uploads\/2022\/04\/Comment-cumuler-PreParE-CAF-et-heures-supplementaires--e1650552688756-300x73.jpg 300w, https:\/\/www.mes-allocs.fr\/guides\/wp-content\/uploads\/2022\/04\/Comment-cumuler-PreParE-CAF-et-heures-supplementaires--e1650552688756-1024x248.jpg 1024w, https:\/\/www.mes-allocs.fr\/guides\/wp-content\/uploads\/2022\/04\/Comment-cumuler-PreParE-CAF-et-heures-supplementaires--e1650552688756-768x186.jpg 768w, https:\/\/www.mes-allocs.fr\/guides\/wp-content\/uploads\/2022\/04\/Comment-cumuler-PreParE-CAF-et-heures-supplementaires--e1650552688756-1536x372.jpg 1536w, https:\/\/www.mes-allocs.fr\/guides\/wp-content\/uploads\/2022\/04\/Comment-cumuler-PreParE-CAF-et-heures-supplementaires--e1650552688756-600x145.jpg 600w\" sizes=\"auto, (max-width: 1880px) 100vw, 1880px\" \/>[Mis \u00e0 jour le 23\/01\/2026] \u00c0 la suite de la naissance ou de l&rsquo;adoption d&rsquo;un ou plusieurs enfants, tous les salari\u00e9s ont le droit de prendre un cong\u00e9 parental d&rsquo;\u00e9ducation. La Prestation Partag\u00e9e d&rsquo;\u00c9ducation de l&rsquo;Enfant \u00bb (PreParE) est vers\u00e9e par la Caisse d&rsquo;<a href=\"https:\/\/www.mes-allocs.fr\/guides\/allocations-familiales\">Allocations Familiales<\/a>. Il permet au b\u00e9n\u00e9ficiaire d&rsquo;arr\u00eater ou de r\u00e9duire son activit\u00e9 professionnelle pour s\u2019occuper de l\u2019\u00e9ducation de son enfant. Toutefois, est-il possible d&rsquo;effectuer des <strong>heures suppl\u00e9mentaires lors d&rsquo;une PreParE<\/strong> ?<\/p>\n<div class='cta-block'><div class='text'>Simulez toutes vos aides en 2 min.<\/div><a href='https:\/\/www.mes-allocs.fr\/ab-app?origin=guides\/wp-json\/wp\/v2\/posts\/48751' class='app-button fit'>Simulation gratuite<\/a><\/div>\n<h1 style=\"text-align: justify;\">Est-il possible de faire des heures suppl\u00e9mentaires lors de la PreParE ?<\/h1>\n<p style=\"text-align: justify;\"><b>Les salari\u00e9s b\u00e9n\u00e9ficiant de ce <a href=\"https:\/\/www.mes-allocs.fr\/guides\/allocations-familiales\/conge-paternite\/simulation-conge-parental\/\">cong\u00e9 parental<\/a> \u00e0 mi-temps ont le droit de faire des heures suppl\u00e9mentaires.<\/b> Dans le cadre d&rsquo;un contrat \u00e0 temps partiel, on parle d&rsquo;heures compl\u00e9mentaires. <b>Ces derniers d\u00e9signent les heures de travail effectu\u00e9es par un salari\u00e9 \u00e0 mi-temps, au-del\u00e0 de la dur\u00e9e de travail initialement pr\u00e9vue dans son contrat. <\/b>Ainsi, le salari\u00e9 en PreParE peut faire des heures suppl\u00e9mentaires dans la limite de 1\/10e de la dur\u00e9e fix\u00e9e dans le contrat de travail. <b>En outre, ces heures en plus font <span id=\"word_0\" class=\"word\"> l&rsquo;objet d&rsquo;une majoration de salaire de 10 %.\u00a0<\/span><\/b><\/p>\n<p style=\"text-align: justify;\"><b>Cependant, si un accord de branche ou une convention collective le pr\u00e9cise, la limite peut \u00eatre port\u00e9e \u00e0 1\/3e du temps de <a href=\"https:\/\/www.mes-allocs.fr\/guides\/aah\/cumul-aah\/peut-on-cumuler-aah-travail\/\">travail<\/a>.<\/b>\u00a0Ainsi, la r\u00e9mun\u00e9ration de ces\u00a0heures suppl\u00e9mentaires est alors major\u00e9e \u00e0 25 %, except\u00e9 si une convention ou un accord fixe un autre taux de majoration.<\/p>\n<div class='cta-block'><div class='text'>Simulez toutes vos aides en 2 min.<\/div><a href='https:\/\/www.mes-allocs.fr\/ab-app?origin=guides\/wp-json\/wp\/v2\/posts\/48751' class='app-button fit'>Simulation gratuite<\/a><\/div>\n<h2 style=\"text-align: justify;\">PreParE : comment refuser les heures suppl\u00e9mentaires ?<\/h2>\n<p style=\"text-align: justify;\"><b>Un employ\u00e9 en cong\u00e9 parental d&rsquo;\u00e9ducation peut tout \u00e0 faire refuser d&rsquo;effectuer des heures suppl\u00e9mentaires dans les deux cas de figure suivants :<\/b><\/p>\n<ul>\n<li style=\"text-align: justify;\">Le salari\u00e9 est pr\u00e9venu\u00a0moins de\u00a03 jours avant\u00a0la date pr\u00e9vue des heures suppl\u00e9mentaires<\/li>\n<li style=\"text-align: justify;\">Le nombre d&rsquo;<a href=\"https:\/\/www.mes-allocs.fr\/guides\/aide-juridique\/heures-de-nuit\/\">heures<\/a> suppl\u00e9mentaires d\u00e9passent les limites fix\u00e9es par le code\u00a0du contrat de travail<\/li>\n<\/ul>\n<p style=\"text-align: justify;\"><b>Dans ces cas pr\u00e9cis, le salari\u00e9 n\u2019est pas en faute et son refus ne constitue pas un motif de licenciement.<\/b><\/p>\n<h2 style=\"text-align: justify;\">Rappel : la Prestation Partag\u00e9e d&rsquo;\u00c9ducation de l&rsquo;Enfant (PreParE)<\/h2>\n<p style=\"text-align: justify;\">La PreParE est une des 4 aides constituant la Prestation d\u2019accueil du jeune enfant (Paje). <b>Elle est attribu\u00e9e \u00e0 l&rsquo;un ou aux\u00a0deux parents qui souhaitent arr\u00eater provisoirement, de fa\u00e7on partielle ou totale, leur activit\u00e9 professionnelle pour \u00e9lever un enfant.<\/b> Vous pouvez percevoir cette aide financi\u00e8re d\u00e8s le premier enfant (dans le cadre d\u2019une naissance ou d\u2019une adoption). <b>Toutefois, la demande doit se faire avant le 3e anniversaire de votre enfant.<br \/>\n<\/b><\/p>\n<p style=\"text-align: justify;\"><b>Pour les salari\u00e9s souhaitant simplement\u00a0travailler \u00e0 temps partiel, ils doivent travailler dans une limite comprise entre\u00a0:\u00a016\u00a0h par semaine ou\u00a080 % d\u2019un temps complet<\/b> en accord avec son employeur.<\/p>\n<p><iframe loading=\"lazy\" title=\"La PreParE\" width=\"500\" height=\"281\" src=\"https:\/\/www.youtube.com\/embed\/J5B2ttL9WS8?feature=oembed\" frameborder=\"0\" allow=\"accelerometer; autoplay; clipboard-write; encrypted-media; gyroscope; picture-in-picture; web-share\" referrerpolicy=\"strict-origin-when-cross-origin\" allowfullscreen><\/iframe><\/p>\n<h1 style=\"text-align: justify;\">Quelles sont les conditions pour b\u00e9n\u00e9ficier de la PreParE CAF ?<\/h1>\n<p style=\"text-align: justify;\">Le cong\u00e9 parental de la PreParE ne prend pas en compte les conditions de ressources. <b>N\u00e9anmoins, d&rsquo;autres conditions d&rsquo;attribution doivent \u00eatre respect\u00e9es :<\/b><\/p>\n<ul>\n<li class=\"amp-wp-7d27179\" style=\"text-align: justify;\" data-amp-original-style=\"text-align: justify;\"><b><span class=\"amp-wp-f6bf23d\" data-amp-original-style=\"text-decoration: underline;\">Votre enfant doit \u00eatre \u00e2g\u00e9 de moins de 3 ans<\/span>\u00a0lors de la naissance de l&rsquo;enfant ou de moins de 20 ans pour une adoption<\/b><\/li>\n<li class=\"amp-wp-7d27179\" style=\"text-align: justify;\" data-amp-original-style=\"text-align: justify;\"><b><span class=\"amp-wp-f6bf23d\" data-amp-original-style=\"text-decoration: underline;\">Vous ou votre partenaire devez cesser ou r\u00e9duire votre activit\u00e9 professionnelle<\/span>\u00a0<\/b>: la prestation partag\u00e9e d\u2019\u00e9ducation de l\u2019enfant peut \u00eatre attribu\u00e9e \u00e0 la m\u00e8re et au p\u00e8re. Il est \u00e9galement possible de l\u2019accorder aux 2 parents en m\u00eame temps. Cependant, l\u2019allocation ne se cumule pas<\/li>\n<li class=\"amp-wp-7d27179\" style=\"text-align: justify;\" data-amp-original-style=\"text-align: justify;\"><b><span class=\"amp-wp-f6bf23d\" data-amp-original-style=\"text-decoration: underline;\">Vous devez avoir cotis\u00e9 suffisamment \u00e0 l\u2019assurance vieillesse<\/span> <\/b>: le demandeur doit avoir cotis\u00e9 \u00e0 l\u2019assurance vieillesse 8 trimestres au minimum dans les 2 derni\u00e8res ann\u00e9es pour un 1er enfant, dans les 4 derni\u00e8res ann\u00e9es pour un 2\u00e8me enfant et dans les 5 derni\u00e8res ann\u00e9es \u00e0 partir du 3\u00e8me enfant. Ceci est \u00e9galement valable pour les demandeurs d\u2019emploi.<\/li>\n<li style=\"text-align: justify;\"><span class=\"amp-wp-f6bf23d\" data-amp-original-style=\"text-decoration: underline;\"><b>Vous devez avoir au moins 1 an d\u2019anciennet\u00e9 au sein de votre entreprise<\/b><\/span> sauf dans le cas d\u2019un demandeur d\u2019emploi<\/li>\n<\/ul>\n<p style=\"text-align: justify;\"><b>Ainsi, les revenus pris en compte pour justifier des trimestres\u00a0sont :<\/b><\/p>\n<ul>\n<li style=\"text-align: justify;\">Les revenus d\u2019activit\u00e9 (salari\u00e9s ou entrepreneurs)<\/li>\n<li style=\"text-align: justify;\">Les arr\u00eats maladie<\/li>\n<li style=\"text-align: justify;\">Les cong\u00e9s maternit\u00e9 indemnis\u00e9s<\/li>\n<li style=\"text-align: justify;\">Les formations r\u00e9mun\u00e9r\u00e9es<\/li>\n<li style=\"text-align: justify;\">L\u2019indemnisation ch\u00f4mage (sauf pour le premier enfant)<\/li>\n<li style=\"text-align: justify;\">Les versements du compl\u00e9ment de libre choix d\u2019activit\u00e9 pr\u00e9c\u00e9demment per\u00e7us<\/li>\n<\/ul>\n<div class='cta-block'><div class='text'>Simulez toutes vos aides en 2 min.<\/div><a href='https:\/\/www.mes-allocs.fr\/ab-app?origin=guides\/wp-json\/wp\/v2\/posts\/48751' class='app-button fit'>Simulation gratuite<\/a><\/div>\n<h2 style=\"text-align: justify;\">Quel est le montant de la PreParE CAF ?<\/h2>\n<p style=\"text-align: justify;\">Le montant vers\u00e9e par la CAF varie en fonction de votre situation. <b>En effet, la somme est diff\u00e9rente si vous avez cessez de travailler ou si vous avez simplement diminu\u00e9 vos horaires de travail pour vous occuper de votre enfant.<\/b> Comme \u00e9voqu\u00e9e auparavant, la prestation peut \u00eatre major\u00e9e permettant ainsi d&rsquo;avoir une aide d\u2019un montant sup\u00e9rieur, mais dont la dur\u00e9e des versements est inf\u00e9rieure.<\/p>\n<p style=\"text-align: justify;\"><b><span class=\"amp-wp-f6bf23d\" data-amp-original-style=\"text-decoration: underline;\">Voici un tableau r\u00e9capitulant le montant du cong\u00e9 parental vers\u00e9 mensuellement<\/span>\u00a0:<\/b><\/p>\n\n<div class=\"wpdt-c row wpDataTableContainerSimpleTable wpDataTables wpDataTablesWrapper\n wdtscroll\"\n    >\n    <table id=\"wpdtSimpleTable-265\"\n           class=\"wpdtSimpleTable wpDataTable\"\n           data-column=\"2\"\n           data-rows=\"4\"\n           data-wpID=\"265\"\n           data-responsive=\"0\"\n           data-has-header=\"0\">\n\n                    <tbody>        <tr class=\"wpdt-cell-row \" >\n                            <td class=\"wpdt-cell wpdt-bc-F3F9FE wpdt-bold\"\n                                    data-cell-id=\"A1\"\n                data-col-index=\"0\"\n                data-row-index=\"0\"\n                style=\" width:208px;                padding:10px;\"\n                >\n                                Situation du parent                <\/td>\n                                            <td class=\"wpdt-cell wpdt-bc-F3F9FE wpdt-tc-000000 wpdt-bold\"\n                                    data-cell-id=\"B1\"\n                data-col-index=\"1\"\n                data-row-index=\"0\"\n                style=\" width:206px;                padding:10px;\"\n                >\n                                Montant mensuel                <\/td>\n                                        <\/tr>\n                            <tr class=\"wpdt-cell-row \" >\n                            <td class=\"wpdt-cell \"\n                                    data-cell-id=\"A2\"\n                data-col-index=\"0\"\n                data-row-index=\"1\"\n                style=\"                padding:10px;\"\n                >\n                                Arr\u00eat total d\u2019activit\u00e9                <\/td>\n                                            <td class=\"wpdt-cell wpdt-bc-FFFFFF wpdt-tc-000000\"\n                                    data-cell-id=\"B2\"\n                data-col-index=\"1\"\n                data-row-index=\"1\"\n                style=\"                padding:10px;\"\n                >\n                                456,06 \u20ac                <\/td>\n                                        <\/tr>\n                            <tr class=\"wpdt-cell-row \" >\n                            <td class=\"wpdt-cell \"\n                                    data-cell-id=\"A3\"\n                data-col-index=\"0\"\n                data-row-index=\"2\"\n                style=\"                padding:10px;\"\n                >\n                                Activit\u00e9 \u00e9gale ou inf\u00e9rieure \u00e0 50%                <\/td>\n                                            <td class=\"wpdt-cell wpdt-bc-FFFFFF wpdt-tc-000000\"\n                                    data-cell-id=\"B3\"\n                data-col-index=\"1\"\n                data-row-index=\"2\"\n                style=\"                padding:10px;\"\n                >\n                                294,82  \u20ac                <\/td>\n                                        <\/tr>\n                            <tr class=\"wpdt-cell-row \" >\n                            <td class=\"wpdt-cell \"\n                                    data-cell-id=\"A4\"\n                data-col-index=\"0\"\n                data-row-index=\"3\"\n                style=\"                padding:10px;\"\n                >\n                                Activit\u00e9 comprise entre 50 et 80 %                <\/td>\n                                            <td class=\"wpdt-cell wpdt-bc-FEFFFF\"\n                                    data-cell-id=\"B4\"\n                data-col-index=\"1\"\n                data-row-index=\"3\"\n                style=\"                padding:10px;\"\n                >\n                                170,07 \u20ac                <\/td>\n                                        <\/tr>\n                    <\/table>\n<\/div><style id='wpdt-custom-style-265'>\n.wpdt-bc-F3F9FE { background-color: #F3F9FE !important;}\n.wpdt-tc-000000 { color: #000000 !important;}\n.wpdt-bc-FFFFFF { background-color: #FFFFFF !important;}\n.wpdt-bc-FEFFFF { background-color: #FEFFFF !important;}\n<\/style>\n\n<p style=\"text-align: justify;\"><b>Le montant de la prestation major\u00e9e est bien sup\u00e9rieur \u00e0 la Pr\u00e9ParE simple puisqu&rsquo;il atteint 745,45 <strong>\u00a0\u20ac.<\/strong>\u00a0<\/b>\u00a0Il ne faut, toutefois, pas oublier que la\u00a0dur\u00e9e du paiement est plus courte.<\/p>\n<p style=\"text-align: justify;\">De plus, les deux membres du couple peuvent recevoir l&rsquo;allocation Pr\u00e9ParE en m\u00eame temps si chacun remplit les conditions d&rsquo;admissibilit\u00e9. <b>Toutefois, le montant total per\u00e7u par les parents ne peut d\u00e9passer 456,06 \u20ac.<\/b><\/p>\n<h2 style=\"text-align: justify;\">Comment demander un cong\u00e9 parental PreParE CAF ?<\/h2>\n<p style=\"text-align: justify;\"><b>La demande de cong\u00e9 parental \u00e0 temps partiel doit \u00eatre envoy\u00e9e \u00e0 l&#8217;employeur par courrier recommand\u00e9 avec accus\u00e9 de\u00a0r\u00e9ception :<br \/>\n<\/b><\/p>\n<ul>\n<li style=\"text-align: justify;\"><b>1 mois avant la fin du cong\u00e9 maternit\u00e9, paternit\u00e9 ou d\u2019adoption<\/b> : vous devez pr\u00e9ciser la date de d\u00e9part et la dur\u00e9e du cong\u00e9 parental<\/li>\n<li style=\"text-align: justify;\"><b>2 mois avant la date de prise du cong\u00e9 parental<\/b> : dans le cas o\u00f9\u00a0celui-ci ne d\u00e9buterait pas imm\u00e9diatement apr\u00e8s le cong\u00e9 maternit\u00e9, paternit\u00e9 ou d\u2019adoption<\/li>\n<\/ul>\n<p style=\"text-align: justify;\"><b>Vous avez l&rsquo;obligation de pr\u00e9venir votre employeur un mois avant votre reprise d\u2019activit\u00e9 si vous retournez \u00e0 votre poste sans prendre de cong\u00e9 parental.\u00a0<\/b><\/p>\n<p style=\"text-align: justify;\"><b>Lorsque votre employeur est pr\u00e9venu de votre cong\u00e9 PreParE, vous devez adresser une demande \u00e0 votre CAF. Pour cela, il faut :<\/b><\/p>\n<ul>\n<li style=\"text-align: justify;\">Remplir le formulaire\u00a0Cerfa n\u00b012324*05\u00a0et l\u2019envoyer \u00e0 la CAF dont vous d\u00e9pendez<\/li>\n<li class=\"amp-wp-7d27179\" style=\"text-align: justify;\" data-amp-original-style=\"text-align: justify;\">Si vous n\u2019\u00eates pas encore allocataire CAF :\u00a0il faut aussi compl\u00e9ter une d\u00e9claration de situation en remplissant le formulaire\u00a0Cerfa n\u00b011423*06. Vous devez faire parvenir ce formulaire en m\u00eame temps que votre demande pour PreParE<\/li>\n<\/ul>\n<div class='cta-block'><div class='text'>Simulez toutes vos aides en 2 min.<\/div><a href='https:\/\/www.mes-allocs.fr\/ab-app?origin=guides\/wp-json\/wp\/v2\/posts\/48751' class='app-button fit'>Simulation gratuite<\/a><\/div>\n<h2 id=\"Quelle_est_la_dur\u00e9e_de_versement_de_l\u2019allocation_du_cong\u00e9_Pr\u00e9ParE_?\" class=\"amp-wp-7d27179\" style=\"text-align: justify;\" data-amp-original-style=\"text-align: justify;\"><span class=\"amp-wp-e98f482\" data-amp-original-style=\"color: #c43b3b;\">Quelle est la dur\u00e9e de versement la\u00a0<\/span><span class=\"amp-wp-e98f482\" data-amp-original-style=\"color: #c43b3b;\">Pr\u00e9ParE <\/span><span class=\"amp-wp-e98f482\" data-amp-original-style=\"color: #c43b3b;\">?<\/span><\/h2>\n<p style=\"text-align: justify;\"><b>Selon votre nombre d&rsquo;enfants dans le m\u00e9nage lors de la demande, la dur\u00e9e de versement de l\u2019allocation varie consid\u00e9rablement.\u00a0<\/b><\/p>\n<p style=\"text-align: justify;\"><b>\u00c0 savoir que pour les parents avec au moins 2 enfants \u00e0 charge, la dur\u00e9e du droit \u00e0 l&rsquo;allocation est r\u00e9duite du nombre de mois d\u2019indemnit\u00e9s journali\u00e8res postnatales de maternit\u00e9 (ou d\u2019adoption).<\/b> <i>Exemple : lors de\u00a0la naissance du second enfant, la m\u00e8re peut percevoir la PreParE durant 21 mois (en enlevant les 3 mois du cong\u00e9 postnatal) et le p\u00e8re durant 12 mois jusqu\u2019aux 3 ans de l\u2019enfant.<\/i><\/p>\n<p style=\"text-align: justify;\"><b>Pour la naissance de tripl\u00e9s, chaque parent peut se voir accorder 48 mois de versement de la PreParE dans la limite des 6 ans des enfants.\u00a0<\/b>Si vous \u00eates parent isol\u00e9 de tripl\u00e9s, vous pourrez percevoir la prestation jusqu\u2019aux 6 ans de vos enfants (soit 72 mois).<\/p>\n<div class='cta-block'><div class='text'>Simulez toutes vos aides en 2 min.<\/div><a href='https:\/\/www.mes-allocs.fr\/ab-app?origin=guides\/wp-json\/wp\/v2\/posts\/48751' class='app-button fit'>Simulation gratuite<\/a><\/div>\n","protected":false},"excerpt":{"rendered":"<p>[Mis \u00e0 jour le 23\/01\/2026] \u00c0 la suite de la naissance ou de l&rsquo;adoption d&rsquo;un ou plusieurs enfants, tous les salari\u00e9s ont le droit de prendre un cong\u00e9 parental d&rsquo;\u00e9ducation. La Prestation Partag\u00e9e d&rsquo;\u00c9ducation de l&rsquo;Enfant \u00bb (PreParE) est vers\u00e9e par la Caisse d&rsquo;Allocations Familiales. Il permet au b\u00e9n\u00e9ficiaire d&rsquo;arr\u00eater ou de r\u00e9duire son activit\u00e9 [&hellip;]<\/p>\n","protected":false},"author":14,"featured_media":49152,"comment_status":"closed","ping_status":"open","sticky":false,"template":"","format":"standard","meta":{"amp_status":"","footnotes":""},"categories":[10,11,8924],"tags":[],"class_list":["post-48751","post","type-post","status-publish","format-standard","has-post-thumbnail","hentry","category-allocations-familiales","category-paje","category-prepare-caf"],"yoast_head":"<!-- This site is optimized with the Yoast SEO plugin v14.9 - https:\/\/yoast.com\/wordpress\/plugins\/seo\/ -->\n<title>Comment cumuler PreParE CAF et heures suppl\u00e9mentaires en 2026 ? | Mes-Allocs.fr<\/title>\n<meta name=\"description\" content=\"La PreParE permet de cesser\/r\u00e9duire une activit\u00e9 professionnelle pour son enfant. Mais peut-on la cumuler avec des heures suppl\u00e9mentaires ?\" \/>\n<meta name=\"robots\" content=\"index, follow, max-snippet:-1, max-image-preview:large, max-video-preview:-1\" \/>\n<link rel=\"canonical\" href=\"https:\/\/www.mes-allocs.fr\/guides\/allocations-familiales\/paje\/prepare-caf\/prepare-caf-heures-supplementaires\/\" \/>\n<meta property=\"og:locale\" content=\"fr_FR\" \/>\n<meta property=\"og:type\" content=\"article\" \/>\n<meta property=\"og:title\" content=\"Comment cumuler PreParE CAF et heures suppl\u00e9mentaires en 2026 ? | Mes-Allocs.fr\" \/>\n<meta property=\"og:description\" content=\"La PreParE permet de cesser\/r\u00e9duire une activit\u00e9 professionnelle pour son enfant. Mais peut-on la cumuler avec des heures suppl\u00e9mentaires ?\" \/>\n<meta property=\"og:url\" content=\"https:\/\/www.mes-allocs.fr\/guides\/allocations-familiales\/paje\/prepare-caf\/prepare-caf-heures-supplementaires\/\" \/>\n<meta property=\"og:site_name\" content=\"Mes-Allocs.fr\" \/>\n<meta property=\"article:published_time\" content=\"2022-04-25T15:05:03+00:00\" \/>\n<meta property=\"article:modified_time\" content=\"2026-01-23T16:24:53+00:00\" \/>\n<meta property=\"og:image\" content=\"https:\/\/www.mes-allocs.fr\/guides\/wp-content\/uploads\/2022\/04\/Comment-cumuler-PreParE-CAF-et-heures-supplementaires-2-e1686642346451.jpg?wsr\" \/>\n\t<meta property=\"og:image:width\" content=\"612\" \/>\n\t<meta property=\"og:image:height\" content=\"93\" \/>\n<meta name=\"twitter:card\" content=\"summary_large_image\" \/>\n<script type=\"application\/ld+json\" class=\"yoast-schema-graph\">{\"@context\":\"https:\/\/schema.org\",\"@graph\":[{\"@type\":\"WebSite\",\"@id\":\"https:\/\/www.mes-allocs.fr\/guides\/#website\",\"url\":\"https:\/\/www.mes-allocs.fr\/guides\/\",\"name\":\"Mes-Allocs.fr\",\"description\":\"\",\"potentialAction\":[{\"@type\":\"SearchAction\",\"target\":\"https:\/\/www.mes-allocs.fr\/guides\/?s={search_term_string}\",\"query-input\":\"required name=search_term_string\"}],\"inLanguage\":\"fr-FR\"},{\"@type\":\"ImageObject\",\"@id\":\"https:\/\/www.mes-allocs.fr\/guides\/allocations-familiales\/paje\/prepare-caf\/prepare-caf-heures-supplementaires\/#primaryimage\",\"inLanguage\":\"fr-FR\",\"url\":\"https:\/\/www.mes-allocs.fr\/guides\/wp-content\/uploads\/2022\/04\/Comment-cumuler-PreParE-CAF-et-heures-supplementaires-2-e1686642346451.jpg?wsr\",\"width\":612,\"height\":93,\"caption\":\"Prime naissance\"},{\"@type\":\"WebPage\",\"@id\":\"https:\/\/www.mes-allocs.fr\/guides\/allocations-familiales\/paje\/prepare-caf\/prepare-caf-heures-supplementaires\/#webpage\",\"url\":\"https:\/\/www.mes-allocs.fr\/guides\/allocations-familiales\/paje\/prepare-caf\/prepare-caf-heures-supplementaires\/\",\"name\":\"Comment cumuler PreParE CAF et heures suppl\\u00e9mentaires en 2026 ? | Mes-Allocs.fr\",\"isPartOf\":{\"@id\":\"https:\/\/www.mes-allocs.fr\/guides\/#website\"},\"primaryImageOfPage\":{\"@id\":\"https:\/\/www.mes-allocs.fr\/guides\/allocations-familiales\/paje\/prepare-caf\/prepare-caf-heures-supplementaires\/#primaryimage\"},\"datePublished\":\"2022-04-25T15:05:03+00:00\",\"dateModified\":\"2026-01-23T16:24:53+00:00\",\"author\":{\"@id\":\"https:\/\/www.mes-allocs.fr\/guides\/#\/schema\/person\/a3de97298fd0ffc005ebdd5628b03ca8\"},\"description\":\"La PreParE permet de cesser\/r\\u00e9duire une activit\\u00e9 professionnelle pour son enfant. Mais peut-on la cumuler avec des heures suppl\\u00e9mentaires ?\",\"inLanguage\":\"fr-FR\"},{\"@type\":\"Person\",\"@id\":\"https:\/\/www.mes-allocs.fr\/guides\/#\/schema\/person\/a3de97298fd0ffc005ebdd5628b03ca8\",\"name\":\"Marina Ada Ondo\",\"image\":{\"@type\":\"ImageObject\",\"@id\":\"https:\/\/www.mes-allocs.fr\/guides\/#personlogo\",\"inLanguage\":\"fr-FR\",\"url\":\"https:\/\/www.mes-allocs.fr\/guides\/wp-content\/uploads\/2022\/02\/Photo-de-profil-150x150.png\",\"caption\":\"Marina Ada Ondo\"},\"description\":\"Marina est r\\u00e9dactrice au sein de l'\\u00e9quipe Mes Allocs, sp\\u00e9cialis\\u00e9e sur les aides aux jeunes. Dipl\\u00f4m\\u00e9e de l'ISFJ, elle rejoint Mes Allocs apr\\u00e8s une premi\\u00e8re exp\\u00e9rience en communication chez Little Africa, une agence de communication \\u00e0 Paris. Sur son temps libre, Marina lit beaucoup et passe ses dimanches au mus\\u00e9e.\",\"sameAs\":[\"https:\/\/www.linkedin.com\/in\/marinaadaondo\/\"]}]}<\/script>\n<!-- \/ Yoast SEO plugin. -->","amp_validity":null,"acf":{"faq":{"1":{"question":"Puis-je cumuler pr\u00e9par\u00e9 et CMG ?","answer":"En cas de travail \u00e0 temps partiel, le CMG peut \u00eatre cumul\u00e9 avec la PreParE. Si le parent \u00e0 temps partiel a un temps de travail inf\u00e9rieur ou \u00e9gal \u00e0 50 % de son temps de travail habituel, le montant du CMG est divis\u00e9 par 2."},"2":{"question":"Qu'est-ce que la pr\u00e9pare majoree ?","answer":"La PreParE major\u00e9e est une aide financi\u00e8re vers\u00e9e par la Caf ou la MSA aux parents cessant leur activit\u00e9 professionnelle pour s'occuper de leur(s) enfant(s) de moins de 3 ans."},"3":{"question":"Comment prolonger la pr\u00e9pare ?","answer":"Vous devez faire la demande de prolongation PreParE aupr\u00e8s de votre Caf, par lettre simple, en d\u00e9clarant sur l'honneur que votre enfant n'est admis ni en \u00e9tablissement d'accueil ni \u00e0 l'\u00e9cole maternelle et que vous souhaitez b\u00e9n\u00e9ficier de la PreParE prolong\u00e9e."},"4":{"question":"Quand s'arr\u00eate le compl\u00e9ment de libre choix du mode de garde ?","answer":"Le crit\u00e8re premier d'attribution du CMG concerne l'\u00e2ge du ou des enfants gard\u00e9s. L'aide est accord\u00e9e jusqu'aux 6 ans de l'enfant. Mais le montant de l'aide est r\u00e9duit \u00e0 partir de ses 3 ans. Une fois que l'enfant atteint l'\u00e2ge de 6 ans, la prise en charge s'interrompt."},"5":{"question":"Quand est vers\u00e9 le compl\u00e9ment de libre choix d'activit\u00e9 ?","answer":"Si vous accueillez votre premier enfant, le compl\u00e9ment de libre choix d'activit\u00e9 peut \u00eatre vers\u00e9 pendant 6 mois apr\u00e8s votre cong\u00e9 maternit\u00e9 ou paternit\u00e9. Pour les enfants suivants, ce compl\u00e9ment peut \u00eatre attribu\u00e9 jusqu'au mois pr\u00e9c\u00e9dant leur 3e anniversaire."},"6":{"question":"Qui verse le salaire pendant le cong\u00e9 parental ?","answer":"Le cong\u00e9 parental n'est pas r\u00e9mun\u00e9r\u00e9 par l'employeur, mais sous certaines conditions, il peut donner lieu \u00e0 une r\u00e9mun\u00e9ration via le versement d'une allocation par la Caisse d'allocations familiales (CAF) ou la Mutualit\u00e9 sociale agricole (MSA)."},"7":{"question":"","answer":""},"8":{"question":"","answer":""},"9":{"question":"","answer":""},"10":{"question":"","answer":""},"11":{"question":"","answer":""},"12":{"question":"","answer":""},"13":{"question":"","answer":""},"14":{"question":"","answer":""},"15":{"question":"","answer":""},"16":{"question":"","answer":""}}},"_links":{"self":[{"href":"https:\/\/www.mes-allocs.fr\/guides\/wp-json\/wp\/v2\/posts\/48751","targetHints":{"allow":["GET"]}}],"collection":[{"href":"https:\/\/www.mes-allocs.fr\/guides\/wp-json\/wp\/v2\/posts"}],"about":[{"href":"https:\/\/www.mes-allocs.fr\/guides\/wp-json\/wp\/v2\/types\/post"}],"author":[{"embeddable":true,"href":"https:\/\/www.mes-allocs.fr\/guides\/wp-json\/wp\/v2\/users\/14"}],"replies":[{"embeddable":true,"href":"https:\/\/www.mes-allocs.fr\/guides\/wp-json\/wp\/v2\/comments?post=48751"}],"version-history":[{"count":13,"href":"https:\/\/www.mes-allocs.fr\/guides\/wp-json\/wp\/v2\/posts\/48751\/revisions"}],"predecessor-version":[{"id":108345,"href":"https:\/\/www.mes-allocs.fr\/guides\/wp-json\/wp\/v2\/posts\/48751\/revisions\/108345"}],"wp:featuredmedia":[{"embeddable":true,"href":"https:\/\/www.mes-allocs.fr\/guides\/wp-json\/wp\/v2\/media\/49152"}],"wp:attachment":[{"href":"https:\/\/www.mes-allocs.fr\/guides\/wp-json\/wp\/v2\/media?parent=48751"}],"wp:term":[{"taxonomy":"category","embeddable":true,"href":"https:\/\/www.mes-allocs.fr\/guides\/wp-json\/wp\/v2\/categories?post=48751"},{"taxonomy":"post_tag","embeddable":true,"href":"https:\/\/www.mes-allocs.fr\/guides\/wp-json\/wp\/v2\/tags?post=48751"}],"curies":[{"name":"wp","href":"https:\/\/api.w.org\/{rel}","templated":true}]}}